{"id":15231,"date":"2024-12-27T17:22:41","date_gmt":"2024-12-27T23:22:41","guid":{"rendered":"https:\/\/casa.oaxaca.gob.mx\/?p=15231"},"modified":"2025-01-07T16:05:44","modified_gmt":"2025-01-07T22:05:44","slug":"programa-de-desarrollo-de-arte-y-cultura-citibanamex-2","status":"publish","type":"post","link":"https:\/\/casa.oaxaca.gob.mx\/?p=15231","title":{"rendered":"RESTAURACI\u00d3N Y ADECUACI\u00d3N DE LOS ESPACIOS EXTERIORES DEL CENTRO DE LAS ARTES DE SAN AGUST\u00cdN"},"content":{"rendered":"<div class=\"flex_column av_three_fifth  flex_column_div av-zero-column-padding first  \" style='border-radius:0px; '><section class=\"av_textblock_section\"  itemscope=\"itemscope\" itemtype=\"https:\/\/schema.org\/BlogPosting\" itemprop=\"blogPost\" ><div class='avia_textblock '   itemprop=\"text\" ><p><strong><span style=\"font-family: arial, helvetica, sans-serif;\">RESTAURACI\u00d3N Y ADECUACI\u00d3N DE LOS ESPACIOS EXTERIORES DEL CENTRO DE LAS ARTES DE SAN AGUST\u00cdN<\/span><\/strong><\/p>\n<p>El proyecto tiene como objetivo restaurar y mantener los espacios exteriores del Centro de las Artes de San Agust\u00edn (CaSa) para remediar el desgaste causado por el tiempo, el uso y las condiciones clim\u00e1ticas. Las acciones principales comprenden la limpieza de los muros del Edificio Principal, la eliminaci\u00f3n de hongos, la reparaci\u00f3n de fisuras y la aplicaci\u00f3n de pintura. Se sustituir\u00e1n las canteras da\u00f1adas en escaleras y columnas, y se llevar\u00e1n a cabo trabajos de carpinter\u00eda para reparar o reemplazar puertas, ventanas, herrajes y chapas. Adem\u00e1s, se realizar\u00e1 mantenimiento al sistema el\u00e9ctrico, la planta de emergencia y los equipos contra incendios. Se aplicar\u00e1n aplanados de tierra roja en los salones y en la residencia de alumnos. La escalera de concreto del s\u00f3tano de fotograf\u00eda ser\u00e1 reparada. Este proyecto busca garantizar espacios seguros, funcionales y en \u00f3ptimas condiciones para los visitantes.<\/p>\n<p>Estas acciones se llevan a cabo en conjunto con la Asociaci\u00f3n Civil Francisco Toledo, asegurando un espacio digno y seguro para el aprendizaje y la apreciaci\u00f3n de las artes.<\/p>\n<p><span style=\"font-family: arial, helvetica, sans-serif;\"><span class=\"html-span xdj266r x11i5rnm xat24cr x1mh8g0r xexx8yu x4uap5 x18d9i69 xkhd6sd x1hl2dhg x16tdsg8 x1vvkbs\"><a class=\"x1i10hfl xjbqb8w x1ejq31n xd10rxx x1sy0etr x17r0tee x972fbf xcfux6l x1qhh985 xm0m39n x9f619 x1ypdohk xt0psk2 xe8uvvx xdj266r x11i5rnm xat24cr x1mh8g0r xexx8yu x4uap5 x18d9i69 xkhd6sd x16tdsg8 x1hl2dhg xggy1nq x1a2a7pz x1sur9pj xkrqix3 xzsf02u x1s688f\" tabindex=\"0\" role=\"link\" href=\"https:\/\/www.facebook.com\/hashtag\/citibanamexcs?__eep__=6&amp;__tn__=*NK*F\">#CitibanamexCS<\/a><\/span>\u00a0<span class=\"html-span xdj266r x11i5rnm xat24cr x1mh8g0r xexx8yu x4uap5 x18d9i69 xkhd6sd x1hl2dhg x16tdsg8 x1vvkbs\"><a class=\"x1i10hfl xjbqb8w x1ejq31n xd10rxx x1sy0etr x17r0tee x972fbf xcfux6l x1qhh985 xm0m39n x9f619 x1ypdohk xt0psk2 xe8uvvx xdj266r x11i5rnm xat24cr x1mh8g0r xexx8yu x4uap5 x18d9i69 xkhd6sd x16tdsg8 x1hl2dhg xggy1nq x1a2a7pz x1sur9pj xkrqix3 xzsf02u x1s688f\" tabindex=\"0\" role=\"link\" href=\"https:\/\/www.facebook.com\/hashtag\/citibanamex?__eep__=6&amp;__tn__=*NK*F\">#Citibanamex<\/a><\/span><\/span><\/p>\n<\/div><\/section><\/div><div class=\"flex_column av_two_fifth  flex_column_div av-zero-column-padding   \" style='border-radius:0px; '><div id='av-masonry-1' class='av-masonry noHover av-flex-size av-large-gap av-hover-overlay-active av-masonry-col-flexible av-caption-always av-caption-style- av-masonry-gallery  '  ><div class='av-masonry-container isotope av-js-disabled ' ><div class='av-masonry-entry isotope-item av-masonry-item-no-image '><\/div><a href=\"https:\/\/casa.oaxaca.gob.mx\/wp-content\/uploads\/2024\/12\/citibanamex-dic-824x1030.jpg\" id='av-masonry-1-item-15232' data-av-masonry-item='15232' class='av-masonry-entry isotope-item post-15232 attachment type-attachment status-inherit hentry  av-masonry-item-with-image' title=\"\"  itemprop=\"thumbnailUrl\" ><div class='av-inner-masonry-sizer'><\/div><figure class='av-inner-masonry main_color'><div class=\"av-masonry-outerimage-container\"><div class=\"av-masonry-image-container\" style=\"background-image: url(https:\/\/casa.oaxaca.gob.mx\/wp-content\/uploads\/2024\/12\/citibanamex-dic-564x705.jpg);\"><img decoding=\"async\" src=\"https:\/\/casa.oaxaca.gob.mx\/wp-content\/uploads\/2024\/12\/citibanamex-dic-564x705.jpg\" title=\"citibanamex-dic\" alt=\"\" \/><\/div><\/div><figcaption class='av-inner-masonry-content site-background'><div class='av-inner-masonry-content-pos'><div class='av-inner-masonry-content-pos-content'><div class='avia-arrow'><\/div><h3 class='av-masonry-entry-title entry-title'  itemprop=\"headline\" >citibanamex-dic<\/h3><\/div><\/div><\/figcaption><\/figure><\/a><!--end av-masonry entry--><\/div><\/div><\/div><\/p>\n<div class='av-social-sharing-box '><div class='av-share-box'><ul class='av-share-box-list noLightbox'><li class='av-share-link av-social-link-facebook' ><a target='_blank' href='http:\/\/www.facebook.com\/sharer.php?u=https:\/\/casa.oaxaca.gob.mx\/?p=15231&amp;t=RESTAURACI%C3%93N%20Y%20ADECUACI%C3%93N%20DE%20LOS%20ESPACIOS%20EXTERIORES%20DEL%20CENTRO%20DE%20LAS%20ARTES%20DE%20SAN%20AGUST%C3%8DN' aria-hidden='true' data-av_icon='\ue8f3' data-av_iconfont='entypo-fontello' title='' data-avia-related-tooltip='Share on Facebook'><span class='avia_hidden_link_text'>Share on Facebook<\/span><\/a><\/li><li class='av-share-link av-social-link-twitter' ><a target='_blank' href='https:\/\/twitter.com\/share?text=RESTAURACI%C3%93N%20Y%20ADECUACI%C3%93N%20DE%20LOS%20ESPACIOS%20EXTERIORES%20DEL%20CENTRO%20DE%20LAS%20ARTES%20DE%20SAN%20AGUST%C3%8DN&url=https:\/\/casa.oaxaca.gob.mx\/?p=15231' aria-hidden='true' data-av_icon='\ue8f1' data-av_iconfont='entypo-fontello' title='' data-avia-related-tooltip='Share on Twitter'><span class='avia_hidden_link_text'>Share on Twitter<\/span><\/a><\/li><li class='av-share-link av-social-link-gplus' ><a target='_blank' href='https:\/\/plus.google.com\/share?url=https:\/\/casa.oaxaca.gob.mx\/?p=15231' aria-hidden='true' data-av_icon='\ue8f6' data-av_iconfont='entypo-fontello' title='' data-avia-related-tooltip='Share on Google+'><span class='avia_hidden_link_text'>Share on Google+<\/span><\/a><\/li><li class='av-share-link av-social-link-pinterest' ><a target='_blank' href='http:\/\/pinterest.com\/pin\/create\/button\/?url=https%3A%2F%2Fcasa.oaxaca.gob.mx%2F%3Fp%3D15231&amp;description=RESTAURACI%C3%93N%20Y%20ADECUACI%C3%93N%20DE%20LOS%20ESPACIOS%20EXTERIORES%20DEL%20CENTRO%20DE%20LAS%20ARTES%20DE%20SAN%20AGUST%C3%8DN&amp;media=https%3A%2F%2Fcasa.oaxaca.gob.mx%2Fwp-content%2Fuploads%2F2024%2F12%2Fcitibanamex-dic-564x705.jpg' aria-hidden='true' data-av_icon='\ue8f8' data-av_iconfont='entypo-fontello' title='' data-avia-related-tooltip='Share on Pinterest'><span class='avia_hidden_link_text'>Share on Pinterest<\/span><\/a><\/li><li class='av-share-link av-social-link-linkedin' ><a target='_blank' href='http:\/\/linkedin.com\/shareArticle?mini=true&amp;title=RESTAURACI%C3%93N%20Y%20ADECUACI%C3%93N%20DE%20LOS%20ESPACIOS%20EXTERIORES%20DEL%20CENTRO%20DE%20LAS%20ARTES%20DE%20SAN%20AGUST%C3%8DN&amp;url=https:\/\/casa.oaxaca.gob.mx\/?p=15231' aria-hidden='true' data-av_icon='\ue8fc' data-av_iconfont='entypo-fontello' title='' data-avia-related-tooltip='Share on Linkedin'><span class='avia_hidden_link_text'>Share on Linkedin<\/span><\/a><\/li><li class='av-share-link av-social-link-tumblr' ><a target='_blank' href='http:\/\/www.tumblr.com\/share\/link?url=https%3A%2F%2Fcasa.oaxaca.gob.mx%2F%3Fp%3D15231&amp;name=RESTAURACI%C3%93N%20Y%20ADECUACI%C3%93N%20DE%20LOS%20ESPACIOS%20EXTERIORES%20DEL%20CENTRO%20DE%20LAS%20ARTES%20DE%20SAN%20AGUST%C3%8DN&amp;description=' aria-hidden='true' data-av_icon='\ue8fa' data-av_iconfont='entypo-fontello' title='' data-avia-related-tooltip='Share on Tumblr'><span class='avia_hidden_link_text'>Share on Tumblr<\/span><\/a><\/li><li class='av-share-link av-social-link-vk' ><a target='_blank' href='http:\/\/vk.com\/share.php?url=https:\/\/casa.oaxaca.gob.mx\/?p=15231' aria-hidden='true' data-av_icon='\ue926' data-av_iconfont='entypo-fontello' title='' data-avia-related-tooltip='Share on Vk'><span class='avia_hidden_link_text'>Share on Vk<\/span><\/a><\/li><li class='av-share-link av-social-link-reddit' ><a target='_blank' href='http:\/\/reddit.com\/submit?url=https:\/\/casa.oaxaca.gob.mx\/?p=15231&amp;title=RESTAURACI%C3%93N%20Y%20ADECUACI%C3%93N%20DE%20LOS%20ESPACIOS%20EXTERIORES%20DEL%20CENTRO%20DE%20LAS%20ARTES%20DE%20SAN%20AGUST%C3%8DN' aria-hidden='true' data-av_icon='\ue927' data-av_iconfont='entypo-fontello' title='' data-avia-related-tooltip='Share on Reddit'><span class='avia_hidden_link_text'>Share on Reddit<\/span><\/a><\/li><li class='av-share-link av-social-link-mail' ><a  href='mailto:?subject=RESTAURACI%C3%93N%20Y%20ADECUACI%C3%93N%20DE%20LOS%20ESPACIOS%20EXTERIORES%20DEL%20CENTRO%20DE%20LAS%20ARTES%20DE%20SAN%20AGUST%C3%8DN&amp;body=https:\/\/casa.oaxaca.gob.mx\/?p=15231' aria-hidden='true' data-av_icon='\ue805' data-av_iconfont='entypo-fontello' title='' data-avia-related-tooltip='Share by Mail'><span class='avia_hidden_link_text'>Share by Mail<\/span><\/a><\/li><\/ul><\/div><\/div>\n<div class=\"flex_column av_one_half  flex_column_div av-zero-column-padding first  \" style='border-radius:0px; '><\/div>\n<div class=\"flex_column av_one_half  flex_column_div av-zero-column-padding   \" style='border-radius:0px; '><\/div>\n<div class=\"flex_column av_one_half  flex_column_div av-zero-column-padding first  \" style='border-radius:0px; '><\/div>\n<div class=\"flex_column av_one_half  flex_column_div av-zero-column-padding   \" style='border-radius:0px; '><\/div>\n","protected":false},"excerpt":{"rendered":"","protected":false},"author":1,"featured_media":15232,"comment_status":"open","ping_status":"open","sticky":false,"template":"","format":"standard","meta":{"_exactmetrics_skip_tracking":false,"_exactmetrics_sitenote_active":false,"_exactmetrics_sitenote_note":"","_exactmetrics_sitenote_category":0,"footnotes":""},"categories":[195],"tags":[],"class_list":["post-15231","post","type-post","status-publish","format-standard","has-post-thumbnail","hentry","category-programa-de-desarrollo-de-arte-y-cultura-citibanamex"],"_links":{"self":[{"href":"https:\/\/casa.oaxaca.gob.mx\/index.php?rest_route=\/wp\/v2\/posts\/15231","targetHints":{"allow":["GET"]}}],"collection":[{"href":"https:\/\/casa.oaxaca.gob.mx\/index.php?rest_route=\/wp\/v2\/posts"}],"about":[{"href":"https:\/\/casa.oaxaca.gob.mx\/index.php?rest_route=\/wp\/v2\/types\/post"}],"author":[{"embeddable":true,"href":"https:\/\/casa.oaxaca.gob.mx\/index.php?rest_route=\/wp\/v2\/users\/1"}],"replies":[{"embeddable":true,"href":"https:\/\/casa.oaxaca.gob.mx\/index.php?rest_route=%2Fwp%2Fv2%2Fcomments&post=15231"}],"version-history":[{"count":8,"href":"https:\/\/casa.oaxaca.gob.mx\/index.php?rest_route=\/wp\/v2\/posts\/15231\/revisions"}],"predecessor-version":[{"id":15249,"href":"https:\/\/casa.oaxaca.gob.mx\/index.php?rest_route=\/wp\/v2\/posts\/15231\/revisions\/15249"}],"wp:featuredmedia":[{"embeddable":true,"href":"https:\/\/casa.oaxaca.gob.mx\/index.php?rest_route=\/wp\/v2\/media\/15232"}],"wp:attachment":[{"href":"https:\/\/casa.oaxaca.gob.mx\/index.php?rest_route=%2Fwp%2Fv2%2Fmedia&parent=15231"}],"wp:term":[{"taxonomy":"category","embeddable":true,"href":"https:\/\/casa.oaxaca.gob.mx\/index.php?rest_route=%2Fwp%2Fv2%2Fcategories&post=15231"},{"taxonomy":"post_tag","embeddable":true,"href":"https:\/\/casa.oaxaca.gob.mx\/index.php?rest_route=%2Fwp%2Fv2%2Ftags&post=15231"}],"curies":[{"name":"wp","href":"https:\/\/api.w.org\/{rel}","templated":true}]}}