{"id":15255,"date":"2025-01-08T15:55:21","date_gmt":"2025-01-08T21:55:21","guid":{"rendered":"https:\/\/casa.oaxaca.gob.mx\/?p=15255"},"modified":"2026-02-03T16:51:57","modified_gmt":"2026-02-03T22:51:57","slug":"taller-presencial-sigue-tu-intuicion-newsha-tavakolian-2","status":"publish","type":"post","link":"https:\/\/casa.oaxaca.gob.mx\/?p=15255","title":{"rendered":"Sesiones fotogr\u00e1ficas"},"content":{"rendered":"<\/div><\/div><\/div><!-- close content main div --><\/div><\/div><div id='av_section_1' class='avia-section main_color avia-section-no-padding avia-no-border-styling avia-full-stretch av-parallax-section avia-bg-style-parallax  av-minimum-height av-minimum-height-75 container_wrap fullsize'  data-section-bg-repeat='stretch' ><div class='av-parallax' data-avia-parallax-ratio='0.3' ><div class='av-parallax-inner main_color  avia-full-stretch' style = 'background-repeat: no-repeat; background-image: url(https:\/\/casa.oaxaca.gob.mx\/wp-content\/uploads\/2025\/01\/CaSa_dron.jpg); background-attachment: scroll; background-position: bottom center; ' ><\/div><\/div><div class='container' ><div class='template-page content  av-content-full alpha units'><div class='post-entry post-entry-type-page post-entry-15255'><div class='entry-content-wrapper clearfix'>\n<div style='padding-bottom:10px;color:#ffffff;font-size:50px;' class='av-special-heading av-special-heading-h3 custom-color-heading blockquote modern-quote  av-inherit-size'><h3 class='av-special-heading-tag'  itemprop=\"headline\"  >Sesiones fotogr\u00e1ficas<\/h3><div class='special-heading-border'><div class='special-heading-inner-border' style='border-color:#ffffff'><\/div><\/div><\/div>\n\n<div class=\"flex_column av_two_fifth  flex_column_div av-zero-column-padding first  \" style='border-radius:0px; '><p><div  class='hr hr-default '><span class='hr-inner ' ><span class='hr-inner-style'><\/span><\/span><\/div><br \/>\n<div style='padding-bottom:10px;font-size:30px;' class='av-special-heading av-special-heading-h3  blockquote modern-quote  av-inherit-size'><h3 class='av-special-heading-tag'  itemprop=\"headline\"  >Descargables<\/h3><div class='special-heading-border'><div class='special-heading-inner-border' ><\/div><\/div><\/div><br \/>\n<div class='avia-data-table-wrap avia_responsive_table'><table class='avia-table avia-data-table avia-table-1  avia_pricing_default'  itemscope=\"itemscope\" itemtype=\"https:\/\/schema.org\/Table\" ><tbody><tr class='avia-heading-row'><th class=''>Formato de solicitud<\/th><th class=''><a href=\"https:\/\/casa.oaxaca.gob.mx\/wp-content\/uploads\/2025\/01\/Formato-de-solicitud.pdf\"><img loading=\"lazy\" decoding=\"async\" src=\"https:\/\/casa.oaxaca.gob.mx\/wp-content\/uploads\/2018\/08\/001-pdf.jpg\" alt=\"\" width=\"40\" height=\"46\" \/><\/a><\/th><\/tr><tr class='avia-heading-row'><th class=''>Reglamento<\/th><th class=''><a href=\"https:\/\/casa.oaxaca.gob.mx\/wp-content\/uploads\/2025\/01\/REGLAMENTO-PARA-EL-USO-DE-LA-IMAGEN-DEL-CENTRO-DE-LAS-ARTES-DE-SAN-AGUSTIN.pdf\"><img loading=\"lazy\" decoding=\"async\" src=\"https:\/\/casa.oaxaca.gob.mx\/wp-content\/uploads\/2018\/08\/001-pdf.jpg\" alt=\"\" width=\"40\" height=\"46\" \/><\/a><\/th><\/tr><\/tbody><\/table><\/div><style type='text\/css'>.avia-table-1 td:nth-of-type(1):before { content: 'Formato de solicitud'; } .avia-table-1 td:nth-of-type(2):before { content: '<a href=\"https:\/\/casa.oaxaca.gob.mx\/wp-content\/uploads\/2025\/01\/Formato-de-solicitud.pdf\"><img loading=\"lazy\" decoding=\"async\" src=\"https:\/\/casa.oaxaca.gob.mx\/wp-content\/uploads\/2018\/08\/001-pdf.jpg\" alt=\"\" width=\"40\" height=\"46\" \/><\/a>'; } <\/style><\/p><\/div>\n<div class=\"flex_column av_three_fifth  flex_column_div av-zero-column-padding   \" style='border-radius:0px; '><p><div style='padding-bottom:10px;font-size:30px;' class='av-special-heading av-special-heading-h3  blockquote modern-quote   av-inherit-size'><h3 class='av-special-heading-tag'  itemprop=\"headline\"  >Sesiones fotogr\u00e1ficas<\/h3><div class='special-heading-border'><div class='special-heading-inner-border' ><\/div><\/div><\/div><br \/>\n<div class='avia-data-table-wrap avia_responsive_table'><table class='avia-table avia-data-table avia-table-2  avia_pricing_default'  itemscope=\"itemscope\" itemtype=\"https:\/\/schema.org\/Table\" ><tbody><tr class='avia-heading-row'><th class=''>Requisitos para las sesiones fotogr\u00e1ficas en el CaSa<\/th><\/tr><tr class=''><td class=''>Llenar formato o presentar oficio dirigido al Daniel Brena, Director General del Centro de las Artes de San Agust\u00edn (CaSa). Traer el formato o oficio con 5 d\u00edas de anticipaci\u00f3n al CaSa o enviarlo por correo electr\u00f3nico.<\/td><\/tr><\/tbody><\/table><\/div><style type='text\/css'>.avia-table-2 td:nth-of-type(1):before { content: 'Requisitos para las sesiones fotogr\u00e1ficas en el CaSa'; } <\/style><br \/>\n<div class='avia-data-table-wrap avia_responsive_table'><table class='avia-table avia-data-table avia-table-3  avia_pricing_default'  itemscope=\"itemscope\" itemtype=\"https:\/\/schema.org\/Table\" ><tbody><tr class='avia-heading-row'><th class=''>Horarios<\/th><\/tr><tr class=''><td class=''>Lunes a viernes: de 09:00 am a 16:00 pm.<\/p>\n<p>S\u00e1bado: 09:00 am a 12:00 pm.<\/td><\/tr><\/tbody><\/table><\/div><style type='text\/css'>.avia-table-3 td:nth-of-type(1):before { content: 'Horarios'; } <\/style><br \/>\n<div class='avia-data-table-wrap avia_responsive_table'><table class='avia-table avia-data-table avia-table-4  avia_pricing_default'  itemscope=\"itemscope\" itemtype=\"https:\/\/schema.org\/Table\" ><tbody><tr class='avia-heading-row'><th class=''>Duraci\u00f3n<\/th><\/tr><tr class=''><td class=''>Dos horas. Fotograf\u00edas en los exteriores del CaSa, dentro de las galer\u00edas (planta baja, alta) y el \u00e1rea del Chalet, siempre y cuando no est\u00e9n ocupadas por exposiciones o actividades programadas.<\/td><\/tr><\/tbody><\/table><\/div><style type='text\/css'>.avia-table-4 td:nth-of-type(1):before { content: 'Duraci\u00f3n'; } <\/style><br \/>\n<div class='avia-data-table-wrap avia_responsive_table'><table class='avia-table avia-data-table avia-table-5  avia_pricing_default'  itemscope=\"itemscope\" itemtype=\"https:\/\/schema.org\/Table\" ><tbody><tr class='avia-heading-row'><th class=''>Contacto<\/th><\/tr><tr class=''><td class=''>direccion.casa7@gmail.com<\/p>\n<p>Tel\u00e9fono: 951 52 13042, 951 52 13043 ext. 100<\/td><\/tr><\/tbody><\/table><\/div><style type='text\/css'>.avia-table-5 td:nth-of-type(1):before { content: 'Contacto'; } <\/style><br \/>\n<div class='avia-data-table-wrap avia_responsive_table'><table class='avia-table avia-data-table avia-table-6  avia_pricing_default'  itemscope=\"itemscope\" itemtype=\"https:\/\/schema.org\/Table\" ><tbody><tr class='avia-heading-row'><th class=''>Costos<\/th><\/tr><tr class=''><td class=''>Sesi\u00f3n individual: $4,336.00<\/p>\n<p>Sesi\u00f3n grupal: $10,773.00 (M\u00e1ximo 40 personas)<\/p>\n<p>El pago se hace en los establecimientos autorizados, mediante una l\u00ednea de captura que el CaSa proporciona previa autorizaci\u00f3n de su sesi\u00f3n fotogr\u00e1fica.<\/td><\/tr><\/tbody><\/table><\/div><style type='text\/css'>.avia-table-6 td:nth-of-type(1):before { content: 'Costos'; } <\/style><br \/>\n<div class='avia-data-table-wrap avia_responsive_table'><table class='avia-table avia-data-table avia-table-7  avia_pricing_default'  itemscope=\"itemscope\" itemtype=\"https:\/\/schema.org\/Table\" ><tbody><tr class='avia-heading-row'><th class=''>Nota: Queda prohibido el uso de dron y las v\u00eddeo filmaciones. Las sesiones son \u00fanicamente para uso personal, sin fines comerciales, pol\u00edticos, publicitarios o religiosos.<\/th><\/tr><\/tbody><\/table><\/div><style type='text\/css'>.avia-table-7 td:nth-of-type(1):before { content: 'Nota: Queda prohibido el uso de dron y las v\u00eddeo filmaciones. Las sesiones son \u00fanicamente para uso personal, sin fines comerciales, pol\u00edticos, publicitarios o religiosos.'; } <\/style><\/p><\/div>\n","protected":false},"excerpt":{"rendered":"","protected":false},"author":1,"featured_media":0,"comment_status":"open","ping_status":"open","sticky":false,"template":"","format":"standard","meta":{"_exactmetrics_skip_tracking":false,"_exactmetrics_sitenote_active":false,"_exactmetrics_sitenote_note":"","_exactmetrics_sitenote_category":0,"footnotes":""},"categories":[202],"tags":[],"class_list":["post-15255","post","type-post","status-publish","format-standard","hentry","category-sesiones-fotograficas"],"_links":{"self":[{"href":"https:\/\/casa.oaxaca.gob.mx\/index.php?rest_route=\/wp\/v2\/posts\/15255","targetHints":{"allow":["GET"]}}],"collection":[{"href":"https:\/\/casa.oaxaca.gob.mx\/index.php?rest_route=\/wp\/v2\/posts"}],"about":[{"href":"https:\/\/casa.oaxaca.gob.mx\/index.php?rest_route=\/wp\/v2\/types\/post"}],"author":[{"embeddable":true,"href":"https:\/\/casa.oaxaca.gob.mx\/index.php?rest_route=\/wp\/v2\/users\/1"}],"replies":[{"embeddable":true,"href":"https:\/\/casa.oaxaca.gob.mx\/index.php?rest_route=%2Fwp%2Fv2%2Fcomments&post=15255"}],"version-history":[{"count":8,"href":"https:\/\/casa.oaxaca.gob.mx\/index.php?rest_route=\/wp\/v2\/posts\/15255\/revisions"}],"predecessor-version":[{"id":18249,"href":"https:\/\/casa.oaxaca.gob.mx\/index.php?rest_route=\/wp\/v2\/posts\/15255\/revisions\/18249"}],"wp:attachment":[{"href":"https:\/\/casa.oaxaca.gob.mx\/index.php?rest_route=%2Fwp%2Fv2%2Fmedia&parent=15255"}],"wp:term":[{"taxonomy":"category","embeddable":true,"href":"https:\/\/casa.oaxaca.gob.mx\/index.php?rest_route=%2Fwp%2Fv2%2Fcategories&post=15255"},{"taxonomy":"post_tag","embeddable":true,"href":"https:\/\/casa.oaxaca.gob.mx\/index.php?rest_route=%2Fwp%2Fv2%2Ftags&post=15255"}],"curies":[{"name":"wp","href":"https:\/\/api.w.org\/{rel}","templated":true}]}}