{"id":15300,"date":"2025-01-16T13:49:41","date_gmt":"2025-01-16T19:49:41","guid":{"rendered":"https:\/\/casa.oaxaca.gob.mx\/?p=15300"},"modified":"2026-01-22T13:50:41","modified_gmt":"2026-01-22T19:50:41","slug":"taller-presencial-tenido-con-tintes-naturales-julian-martinez-bazan","status":"publish","type":"post","link":"https:\/\/casa.oaxaca.gob.mx\/?p=15300","title":{"rendered":"Taller presencial. Te\u00f1ido con tintes naturales. Juli\u00e1n Mart\u00ednez Baz\u00e1n."},"content":{"rendered":"<\/div><\/div><\/div><!-- close content main div --><\/div><\/div><div id='av_section_1' class='avia-section main_color avia-section-no-padding avia-no-border-styling avia-full-stretch av-parallax-section avia-bg-style-parallax  av-minimum-height av-minimum-height-75 container_wrap fullsize'  data-section-bg-repeat='stretch' ><div class='av-parallax' data-avia-parallax-ratio='0.3' ><div class='av-parallax-inner main_color  avia-full-stretch' style = 'background-repeat: no-repeat; background-image: url(https:\/\/casa.oaxaca.gob.mx\/wp-content\/uploads\/2025\/01\/Tenido-de-lana-scaled.jpg); background-attachment: scroll; background-position: bottom center; ' ><\/div><\/div><div class='container' ><div class='template-page content  av-content-full alpha units'><div class='post-entry post-entry-type-page post-entry-15300'><div class='entry-content-wrapper clearfix'>\n<div style='padding-bottom:10px;color:#ffffff;font-size:50px;' class='av-special-heading av-special-heading-h3 custom-color-heading blockquote modern-quote  av-inherit-size'><h3 class='av-special-heading-tag'  itemprop=\"headline\"  >Taller presencial. Te\u00f1ido con tintes naturales.<\/h3><div class ='av-subheading av-subheading_below av_custom_color' style='font-size:25px;'><p>Imparte: Juli\u00e1n Mart\u00ednez Baz\u00e1n.<\/p>\n<\/div><div class='special-heading-border'><div class='special-heading-inner-border' style='border-color:#ffffff'><\/div><\/div><\/div>\n\n<\/div><\/div><\/div><!-- close content main div --><\/div><\/div><div id='av-layout-grid-1' class='av-layout-grid-container entry-content-wrapper main_color av-flex-cells  container_wrap fullsize'   >\n<div class=\"flex_cell no_margin av_one_full   \" style='vertical-align:top; padding:30px; background-color:#ED9600; '><div class='flex_cell_inner' ><p><div class=\"flex_column av_one_fourth  flex_column_div av-zero-column-padding first  \" style='border-radius:0px; '><div style='padding-bottom:10px;color:#ffffff;' class='av-special-heading av-special-heading-h3 custom-color-heading blockquote modern-quote '><h3 class='av-special-heading-tag'  itemprop=\"headline\"  >Cierre de inscripciones<\/h3><div class ='av-subheading av-subheading_below av_custom_color' style='font-size:20px;'><p>Lunes 3 de febrero de 2025<\/p>\n<p>Publicaci\u00f3n de resultados<br \/>\nJueves 6 de febrero de 2025<\/p>\n<\/div><div class='special-heading-border'><div class='special-heading-inner-border' style='border-color:#ffffff'><\/div><\/div><\/div><\/div><div class=\"flex_column av_one_fourth  flex_column_div av-zero-column-padding   \" style='border-radius:0px; '><div style='padding-bottom:10px;color:#ffffff;' class='av-special-heading av-special-heading-h3 custom-color-heading blockquote modern-quote '><h3 class='av-special-heading-tag'  itemprop=\"headline\"  >Fechas<\/h3><div class ='av-subheading av-subheading_below av_custom_color' style='font-size:20px;'><p>Lunes a viernes<br \/>\nDel 10 al 14 de febrero<\/p>\n<\/div><div class='special-heading-border'><div class='special-heading-inner-border' style='border-color:#ffffff'><\/div><\/div><\/div><\/div><div class=\"flex_column av_one_fourth  flex_column_div av-zero-column-padding   \" style='border-radius:0px; '><div style='padding-bottom:10px;color:#ffffff;' class='av-special-heading av-special-heading-h3 custom-color-heading blockquote modern-quote  '><h3 class='av-special-heading-tag'  itemprop=\"headline\"  >Horario<\/h3><div class ='av-subheading av-subheading_below av_custom_color' style='font-size:20px;'><p>De 10 a 14 horas<\/p>\n<\/div><div class='special-heading-border'><div class='special-heading-inner-border' style='border-color:#ffffff'><\/div><\/div><\/div><\/div><div class=\"flex_column av_one_fourth  flex_column_div av-zero-column-padding   \" style='border-radius:0px; '><section class=\"avia_codeblock_section avia_code_block_0\"  itemscope=\"itemscope\" itemtype=\"https:\/\/schema.org\/BlogPosting\" itemprop=\"blogPost\" ><div class='avia_codeblock '  itemprop=\"text\" > [avia_codeblock_placeholder uid=\"0\"] <\/div><\/section><\/div><\/p>\n<\/div><\/div>\n<\/div>\n<div class=\"flex_column av_two_fifth  flex_column_div av-zero-column-padding first  \" style='border-radius:0px; '><p><div class='av-social-sharing-box '><div class='av-share-box'><h5 class='av-share-link-description'>Compartir esta actividad<\/h5><ul class='av-share-box-list noLightbox'><li class='av-share-link av-social-link-facebook' ><a target='_blank' href='http:\/\/www.facebook.com\/sharer.php?u=https:\/\/casa.oaxaca.gob.mx\/?p=15300&amp;t=Taller%20presencial.%20Te%C3%B1ido%20con%20tintes%20naturales.%20Juli%C3%A1n%20Mart%C3%ADnez%20Baz%C3%A1n.' aria-hidden='true' data-av_icon='\ue8f3' data-av_iconfont='entypo-fontello' title='' data-avia-related-tooltip='Share on Facebook'><span class='avia_hidden_link_text'>Share on Facebook<\/span><\/a><\/li><li class='av-share-link av-social-link-twitter' ><a target='_blank' href='https:\/\/twitter.com\/share?text=Taller%20presencial.%20Te%C3%B1ido%20con%20tintes%20naturales.%20Juli%C3%A1n%20Mart%C3%ADnez%20Baz%C3%A1n.&url=https:\/\/casa.oaxaca.gob.mx\/?p=15300' aria-hidden='true' data-av_icon='\ue8f1' data-av_iconfont='entypo-fontello' title='' data-avia-related-tooltip='Share on Twitter'><span class='avia_hidden_link_text'>Share on Twitter<\/span><\/a><\/li><li class='av-share-link av-social-link-gplus' ><a target='_blank' href='https:\/\/plus.google.com\/share?url=https:\/\/casa.oaxaca.gob.mx\/?p=15300' aria-hidden='true' data-av_icon='\ue8f6' data-av_iconfont='entypo-fontello' title='' data-avia-related-tooltip='Share on Google+'><span class='avia_hidden_link_text'>Share on Google+<\/span><\/a><\/li><li class='av-share-link av-social-link-pinterest' ><a target='_blank' href='http:\/\/pinterest.com\/pin\/create\/button\/?url=https%3A%2F%2Fcasa.oaxaca.gob.mx%2F%3Fp%3D15300&amp;description=Taller%20presencial.%20Te%C3%B1ido%20con%20tintes%20naturales.%20Juli%C3%A1n%20Mart%C3%ADnez%20Baz%C3%A1n.&amp;media=https%3A%2F%2Fcasa.oaxaca.gob.mx%2Fwp-content%2Fuploads%2F2025%2F01%2FTenido-de-lana-cerrado-705x484.jpg' aria-hidden='true' data-av_icon='\ue8f8' data-av_iconfont='entypo-fontello' title='' data-avia-related-tooltip='Share on Pinterest'><span class='avia_hidden_link_text'>Share on Pinterest<\/span><\/a><\/li><li class='av-share-link av-social-link-mail' ><a  href='mailto:?subject=Taller%20presencial.%20Te%C3%B1ido%20con%20tintes%20naturales.%20Juli%C3%A1n%20Mart%C3%ADnez%20Baz%C3%A1n.&amp;body=https:\/\/casa.oaxaca.gob.mx\/?p=15300' aria-hidden='true' data-av_icon='\ue805' data-av_iconfont='entypo-fontello' title='' data-avia-related-tooltip='Share by Mail'><span class='avia_hidden_link_text'>Share by Mail<\/span><\/a><\/li><\/ul><\/div><\/div><br \/>\n<div  class='hr hr-default '><span class='hr-inner ' ><span class='hr-inner-style'><\/span><\/span><\/div><br \/>\n<div style='padding-bottom:10px;font-size:30px;' class='av-special-heading av-special-heading-h3  blockquote modern-quote  av-inherit-size'><h3 class='av-special-heading-tag'  itemprop=\"headline\"  >Sobre el tallerista<\/h3><div class='special-heading-border'><div class='special-heading-inner-border' ><\/div><\/div><\/div><br \/>\n<div class='avia-data-table-wrap avia_responsive_table'><table class='avia-table avia-data-table avia-table-1  avia_pricing_default'  itemscope=\"itemscope\" itemtype=\"https:\/\/schema.org\/Table\" ><tbody><tr class='avia-heading-row'><th class=''>Juli\u00e1n Mart\u00ednez Baz\u00e1n (Oaxaca, M\u00e9xico)<\/th><\/tr><tr class=''><td class=''>Artesano y maestro tintorero de Teotitl\u00e1n del Valle, \u00e9l junto a otros once artesanos impulsan el colectivo \u201cArteova\u201d, que al inicio integraron 200 artesanos, con el apoyo de OXFAM M\u00e9xico lograron tejer comunidad e impulsar la conservaci\u00f3n de las tinturas naturales para sus tapetes.<\/p>\n<p>Ha impartido talleres de te\u00f1ido, con la finalidad de ense\u00f1ar a utilizar recursos naturales para disminuir el uso de sustancias da\u00f1inas a la salud y al medio ambiente.<\/td><\/tr><\/tbody><\/table><\/div><style type='text\/css'>.avia-table-1 td:nth-of-type(1):before { content: 'Juli\u00e1n Mart\u00ednez Baz\u00e1n (Oaxaca, M\u00e9xico)'; } <\/style><\/p><\/div>\n<div class=\"flex_column av_three_fifth  flex_column_div av-zero-column-padding   \" style='border-radius:0px; '><p><div style='padding-bottom:10px;font-size:30px;' class='av-special-heading av-special-heading-h3  blockquote modern-quote   av-inherit-size'><h3 class='av-special-heading-tag'  itemprop=\"headline\"  >Acerca del taller<\/h3><div class='special-heading-border'><div class='special-heading-inner-border' ><\/div><\/div><\/div><br \/>\n<div class='avia-data-table-wrap avia_responsive_table'><table class='avia-table avia-data-table avia-table-2  avia_pricing_default'  itemscope=\"itemscope\" itemtype=\"https:\/\/schema.org\/Table\" ><tbody><tr class='avia-heading-row'><th class=''>Lista de seleccionados<\/th><\/tr><tr class=''><td class=''>Aridai Yoshimie Cuevas P\u00e9rez<\/p>\n<p>David Romero Rosas<\/p>\n<p>Concepci\u00f3n Luna Ortiz<\/p>\n<p>Daniela Gonz\u00e1lez L\u00f3pez<\/p>\n<p>Iris Guadalupe Ram\u00edrez Ortiz<\/p>\n<p>H\u00e9ctor Keri Hern\u00e1ndez Jos\u00e9<\/p>\n<p>Pedro V\u00e1squez Bautista<\/p>\n<p>Er\u00e9ndira Frida Santos Reyes<\/p>\n<p>Omar. L\u00f3pez L\u00f3pez<\/p>\n<p>Anxel L\u00f3pez Ch\u00e1vez<\/p>\n<p>Zinthia Gabriela Fuentes Peralta<\/p>\n<p>Sergio Ch\u00e1vez Ahuate<\/p>\n<p>Manuel Ignacio Guzm\u00e1n Aguilar<\/p>\n<p>Patricia Casta\u00f1eda Garc\u00eda<\/p>\n<p>Cloe Xochitl P\u00e9rez Valladares<\/p>\n<p>Sara L\u00f3pez Velasco<\/p>\n<p>Olivia Semiramis Contreras Saavedra<\/p>\n<p>Zayda Lizbeth Robledo Mart\u00ednez<\/td><\/tr><\/tbody><\/table><\/div><style type='text\/css'>.avia-table-2 td:nth-of-type(1):before { content: 'Lista de seleccionados'; } <\/style><br \/>\n<div class='avia-data-table-wrap avia_responsive_table'><table class='avia-table avia-data-table avia-table-3  avia_pricing_default'  itemscope=\"itemscope\" itemtype=\"https:\/\/schema.org\/Table\" ><tbody><tr class='avia-heading-row'><th class=''>Descripci\u00f3n general<\/th><\/tr><tr class=''><td class=''>El CaSa, conocido como el primer Centro de las Artes ecol\u00f3gico en Latinoam\u00e9rica, se ha preocupado por la utilizaci\u00f3n de procesos ecol\u00f3gicos, lo que representa un esfuerzo por utilizar procesos para mejorar el ambiente, pero sobre todo, que sean menos da\u00f1inos para la salud de los creadores.<\/p>\n<p>Muchos de los procesos art\u00edsticos utilizan agentes t\u00f3xicos, como \u00e1cidos, solventes, y qu\u00edmicos; la mayor\u00eda producen vapores t\u00f3xicos causantes de problemas de salud, adem\u00e1s de ser poco amigables con el ambiente. Esta actividad tiene la finalidad de reducir el uso de sustancias t\u00f3xicas y perjudiciales, con m\u00e9todos y materiales menos agresivos para el te\u00f1ido con tintes.<\/td><\/tr><tr class='avia-heading-row'><th class=''>Objetivo general<\/th><\/tr><tr class=''><td class=''>Esta actividad tiene como objetivo brindar a los participantes el conocimiento te\u00f3rico y pr\u00e1ctico del te\u00f1ido a base de colorantes naturales para la utilizaci\u00f3n de sus propios productos de dise\u00f1o a partir de un proceso menos t\u00f3xico.<\/td><\/tr><tr class='avia-heading-row'><th class=''>Objetivos espec\u00edficos<\/th><\/tr><tr class=''><td class=''>Aprender a sustraer el extracto de plantas para el tinte, el moderado y el te\u00f1ido de la lana y algod\u00f3n .<\/td><\/tr><tr class='avia-heading-row'><th class=''>Temas<\/th><\/tr><tr class=''><td class=''>&#8211; Extracto de plantas para el tinte natural<br \/>\n&#8211; Te\u00f1ido en lana<br \/>\n&#8211; Te\u00f1ido en algod\u00f3n<br \/>\n&#8211; Estampado sobre algod\u00f3n<\/td><\/tr><\/tbody><\/table><\/div><style type='text\/css'>.avia-table-3 td:nth-of-type(1):before { content: 'Descripci\u00f3n general'; } <\/style><br \/>\n<div style='padding-bottom:10px;font-size:30px;' class='av-special-heading av-special-heading-h3  blockquote modern-quote   av-inherit-size'><h3 class='av-special-heading-tag'  itemprop=\"headline\"  >Requisitos de inscripci\u00f3n<\/h3><div class='special-heading-border'><div class='special-heading-inner-border' ><\/div><\/div><\/div><br \/>\n<div class='avia-data-table-wrap avia_responsive_table'><table class='avia-table avia-data-table avia-table-4  avia_pricing_default'  itemscope=\"itemscope\" itemtype=\"https:\/\/schema.org\/Table\" ><tbody><tr class='avia-heading-row'><th class=''>Dirigido al p\u00fablico en general, que tenga inter\u00e9s en aprender la t\u00e9cnica.<\/th><\/tr><tr class=''><td class=''>&#8212;<\/td><\/tr><\/tbody><\/table><\/div><style type='text\/css'>.avia-table-4 td:nth-of-type(1):before { content: 'Dirigido al p\u00fablico en general, que tenga inter\u00e9s en aprender la t\u00e9cnica.'; } <\/style><br \/>\n<div class='avia-data-table-wrap avia_responsive_table'><table class='avia-table avia-data-table avia-table-5  avia_pricing_default'  itemscope=\"itemscope\" itemtype=\"https:\/\/schema.org\/Table\" ><tbody><tr class='avia-heading-row'><th class=''>Material que se le solicitar\u00e1 al alumno(a)<\/th><\/tr><tr class=''><td class=''>&#8211; Libreta de apuntes<br \/>\n&#8211; Lapicero<\/td><\/tr><\/tbody><\/table><\/div><style type='text\/css'>.avia-table-5 td:nth-of-type(1):before { content: 'Material que se le solicitar\u00e1 al alumno(a)'; } <\/style><br \/>\n<div class='avia-data-table-wrap avia_responsive_table'><table class='avia-table avia-data-table avia-table-6  avia_pricing_default'  itemscope=\"itemscope\" itemtype=\"https:\/\/schema.org\/Table\" ><tbody><tr class='avia-heading-row'><th class=''>Nota para los seleccionados<\/th><\/tr><tr class=''><td class=''>&#8211; En esta p\u00e1gina se publicar\u00e1 la lista de seleccionados y tambi\u00e9n se les notificar\u00e1 a trav\u00e9s de correo electr\u00f3nico.<br \/>\n&#8211; Las clases ser\u00e1n presenciales en el taller de afelpado del CaSa<br \/>\n&#8211; Actividad gratuita<br \/>\n&#8211; Durante la actividad se estar\u00e1n comunicando a trav\u00e9s de mensajes de WhatsApp, por ser una herramienta de comunicaci\u00f3n m\u00e1s r\u00e1pida.<br \/>\n&#8211; Las inasistencias injustificadas ser\u00e1n motivo de suspensi\u00f3n y no podr\u00e1 ingresar a talleres futuros.<\/td><\/tr><\/tbody><\/table><\/div><style type='text\/css'>.avia-table-6 td:nth-of-type(1):before { content: 'Nota para los seleccionados'; } <\/style><br \/>\n<div id='av-masonry-1' class='av-masonry noHover av-fixed-size av-large-gap av-hover-overlay-active av-masonry-col-flexible av-caption-always av-caption-style- av-masonry-gallery  '  ><div class='av-masonry-container isotope av-js-disabled ' ><div class='av-masonry-entry isotope-item av-masonry-item-no-image '><\/div><a href=\"https:\/\/casa.oaxaca.gob.mx\/wp-content\/uploads\/2025\/01\/Tenido-de-lana-1-1030x437.jpg\" id='av-masonry-1-item-15305' data-av-masonry-item='15305' class='av-masonry-entry isotope-item post-15305 attachment type-attachment status-inherit hentry  av-masonry-item-with-image' title=\"\"  itemprop=\"thumbnailUrl\" ><div class='av-inner-masonry-sizer'><\/div><figure class='av-inner-masonry main_color'><div class=\"av-masonry-outerimage-container\"><div class=\"av-masonry-image-container\" style=\"background-image: url(https:\/\/casa.oaxaca.gob.mx\/wp-content\/uploads\/2025\/01\/Tenido-de-lana-1-705x299.jpg);\"><img decoding=\"async\" src=\"https:\/\/casa.oaxaca.gob.mx\/wp-content\/uploads\/2025\/01\/Tenido-de-lana-1-705x299.jpg\" title=\"Te\u00f1ido-de-lana\" alt=\"\" \/><\/div><\/div><\/figure><\/a><!--end av-masonry entry--><\/div><\/div><\/p><\/div>\n","protected":false},"excerpt":{"rendered":"","protected":false},"author":1,"featured_media":15302,"comment_status":"open","ping_status":"open","sticky":false,"template":"","format":"standard","meta":{"_exactmetrics_skip_tracking":false,"_exactmetrics_sitenote_active":false,"_exactmetrics_sitenote_note":"","_exactmetrics_sitenote_category":0,"footnotes":""},"categories":[204],"tags":[],"class_list":["post-15300","post","type-post","status-publish","format-standard","has-post-thumbnail","hentry","category-204"],"_links":{"self":[{"href":"https:\/\/casa.oaxaca.gob.mx\/index.php?rest_route=\/wp\/v2\/posts\/15300","targetHints":{"allow":["GET"]}}],"collection":[{"href":"https:\/\/casa.oaxaca.gob.mx\/index.php?rest_route=\/wp\/v2\/posts"}],"about":[{"href":"https:\/\/casa.oaxaca.gob.mx\/index.php?rest_route=\/wp\/v2\/types\/post"}],"author":[{"embeddable":true,"href":"https:\/\/casa.oaxaca.gob.mx\/index.php?rest_route=\/wp\/v2\/users\/1"}],"replies":[{"embeddable":true,"href":"https:\/\/casa.oaxaca.gob.mx\/index.php?rest_route=%2Fwp%2Fv2%2Fcomments&post=15300"}],"version-history":[{"count":6,"href":"https:\/\/casa.oaxaca.gob.mx\/index.php?rest_route=\/wp\/v2\/posts\/15300\/revisions"}],"predecessor-version":[{"id":15396,"href":"https:\/\/casa.oaxaca.gob.mx\/index.php?rest_route=\/wp\/v2\/posts\/15300\/revisions\/15396"}],"wp:featuredmedia":[{"embeddable":true,"href":"https:\/\/casa.oaxaca.gob.mx\/index.php?rest_route=\/wp\/v2\/media\/15302"}],"wp:attachment":[{"href":"https:\/\/casa.oaxaca.gob.mx\/index.php?rest_route=%2Fwp%2Fv2%2Fmedia&parent=15300"}],"wp:term":[{"taxonomy":"category","embeddable":true,"href":"https:\/\/casa.oaxaca.gob.mx\/index.php?rest_route=%2Fwp%2Fv2%2Fcategories&post=15300"},{"taxonomy":"post_tag","embeddable":true,"href":"https:\/\/casa.oaxaca.gob.mx\/index.php?rest_route=%2Fwp%2Fv2%2Ftags&post=15300"}],"curies":[{"name":"wp","href":"https:\/\/api.w.org\/{rel}","templated":true}]}}