{"id":15320,"date":"2025-01-16T15:33:30","date_gmt":"2025-01-16T21:33:30","guid":{"rendered":"https:\/\/casa.oaxaca.gob.mx\/?p=15320"},"modified":"2026-01-22T13:50:41","modified_gmt":"2026-01-22T19:50:41","slug":"taller-presencial-puro-corazon-el-autorretrato-como-metodo-de-autoconocimiento-y-conexion-espiritual-constanza-perez","status":"publish","type":"post","link":"https:\/\/casa.oaxaca.gob.mx\/?p=15320","title":{"rendered":"Taller presencial. Puro coraz\u00f3n. El autorretrato como m\u00e9todo de autoconocimiento y conexi\u00f3n espiritual. Constanza P\u00e9rez."},"content":{"rendered":"<\/div><\/div><\/div><!-- close content main div --><\/div><\/div><div id='av_section_1' class='avia-section main_color avia-section-no-padding avia-no-border-styling avia-full-stretch av-parallax-section avia-bg-style-parallax  av-minimum-height av-minimum-height-75 container_wrap fullsize'  data-section-bg-repeat='stretch' ><div class='av-parallax' data-avia-parallax-ratio='0.3' ><div class='av-parallax-inner main_color  avia-full-stretch' style = 'background-repeat: no-repeat; background-image: url(https:\/\/casa.oaxaca.gob.mx\/wp-content\/uploads\/2025\/01\/puro-corazon-scaled.jpg); background-attachment: scroll; background-position: bottom center; ' ><\/div><\/div><div class='container' ><div class='template-page content  av-content-full alpha units'><div class='post-entry post-entry-type-page post-entry-15320'><div class='entry-content-wrapper clearfix'>\n<div style='padding-bottom:10px;color:#ffffff;font-size:50px;' class='av-special-heading av-special-heading-h3 custom-color-heading blockquote modern-quote  av-inherit-size'><h3 class='av-special-heading-tag'  itemprop=\"headline\"  >Taller presencial. Puro coraz\u00f3n. El autorretrato como m\u00e9todo de autoconocimiento y conexi\u00f3n espiritual.<\/h3><div class ='av-subheading av-subheading_below av_custom_color' style='font-size:25px;'><p>Imparte: Constanza P\u00e9rez<\/p>\n<\/div><div class='special-heading-border'><div class='special-heading-inner-border' style='border-color:#ffffff'><\/div><\/div><\/div>\n\n<\/div><\/div><\/div><!-- close content main div --><\/div><\/div><div id='av-layout-grid-1' class='av-layout-grid-container entry-content-wrapper main_color av-flex-cells  container_wrap fullsize'   >\n<div class=\"flex_cell no_margin av_one_full   \" style='vertical-align:top; padding:30px; background-color:#ED9600; '><div class='flex_cell_inner' ><p><div class=\"flex_column av_one_fourth  flex_column_div av-zero-column-padding first  \" style='border-radius:0px; '><div style='padding-bottom:10px;color:#ffffff;' class='av-special-heading av-special-heading-h3 custom-color-heading blockquote modern-quote  '><h3 class='av-special-heading-tag'  itemprop=\"headline\"  >Cierre de inscripciones<\/h3><div class ='av-subheading av-subheading_below av_custom_color' style='font-size:20px;'><p>Viernes 31 de enero de 2025<\/p>\n<p>Publicaci\u00f3n de resultados<br \/>\nLunes 3 de febrero de 2025<\/p>\n<\/div><div class='special-heading-border'><div class='special-heading-inner-border' style='border-color:#ffffff'><\/div><\/div><\/div><\/div><div class=\"flex_column av_one_fourth  flex_column_div av-zero-column-padding   \" style='border-radius:0px; '><div style='padding-bottom:10px;color:#ffffff;' class='av-special-heading av-special-heading-h3 custom-color-heading blockquote modern-quote '><h3 class='av-special-heading-tag'  itemprop=\"headline\"  >Fechas<\/h3><div class ='av-subheading av-subheading_below av_custom_color' style='font-size:20px;'><p>Lunes a viernes<br \/>\nDel 10 al 14 de febrero<\/p>\n<\/div><div class='special-heading-border'><div class='special-heading-inner-border' style='border-color:#ffffff'><\/div><\/div><\/div><\/div><div class=\"flex_column av_one_fourth  flex_column_div av-zero-column-padding   \" style='border-radius:0px; '><div style='padding-bottom:10px;color:#ffffff;' class='av-special-heading av-special-heading-h3 custom-color-heading blockquote modern-quote  '><h3 class='av-special-heading-tag'  itemprop=\"headline\"  >Horario<\/h3><div class ='av-subheading av-subheading_below av_custom_color' style='font-size:20px;'><p>De 10 a 14 horas<\/p>\n<\/div><div class='special-heading-border'><div class='special-heading-inner-border' style='border-color:#ffffff'><\/div><\/div><\/div><\/div><div class=\"flex_column av_one_fourth  flex_column_div av-zero-column-padding   \" style='border-radius:0px; '><section class=\"avia_codeblock_section avia_code_block_0\"  itemscope=\"itemscope\" itemtype=\"https:\/\/schema.org\/BlogPosting\" itemprop=\"blogPost\" ><div class='avia_codeblock '  itemprop=\"text\" > [avia_codeblock_placeholder uid=\"0\"] <\/div><\/section><\/div><\/p>\n<\/div><\/div>\n<\/div>\n<div class=\"flex_column av_two_fifth  flex_column_div av-zero-column-padding first  \" style='border-radius:0px; '><p><div class='av-social-sharing-box '><div class='av-share-box'><h5 class='av-share-link-description'>Compartir esta actividad<\/h5><ul class='av-share-box-list noLightbox'><li class='av-share-link av-social-link-facebook' ><a target='_blank' href='http:\/\/www.facebook.com\/sharer.php?u=https:\/\/casa.oaxaca.gob.mx\/?p=15320&amp;t=Taller%20presencial.%20Puro%20coraz%C3%B3n.%20El%20autorretrato%20como%20m%C3%A9todo%20de%20autoconocimiento%20y%20conexi%C3%B3n%20espiritual.%20Constanza%20P%C3%A9rez.' aria-hidden='true' data-av_icon='\ue8f3' data-av_iconfont='entypo-fontello' title='' data-avia-related-tooltip='Share on Facebook'><span class='avia_hidden_link_text'>Share on Facebook<\/span><\/a><\/li><li class='av-share-link av-social-link-twitter' ><a target='_blank' href='https:\/\/twitter.com\/share?text=Taller%20presencial.%20Puro%20coraz%C3%B3n.%20El%20autorretrato%20como%20m%C3%A9todo%20de%20autoconocimiento%20y%20conexi%C3%B3n%20espiritual.%20Constanza%20P%C3%A9rez.&url=https:\/\/casa.oaxaca.gob.mx\/?p=15320' aria-hidden='true' data-av_icon='\ue8f1' data-av_iconfont='entypo-fontello' title='' data-avia-related-tooltip='Share on Twitter'><span class='avia_hidden_link_text'>Share on Twitter<\/span><\/a><\/li><li class='av-share-link av-social-link-gplus' ><a target='_blank' href='https:\/\/plus.google.com\/share?url=https:\/\/casa.oaxaca.gob.mx\/?p=15320' aria-hidden='true' data-av_icon='\ue8f6' data-av_iconfont='entypo-fontello' title='' data-avia-related-tooltip='Share on Google+'><span class='avia_hidden_link_text'>Share on Google+<\/span><\/a><\/li><li class='av-share-link av-social-link-pinterest' ><a target='_blank' href='http:\/\/pinterest.com\/pin\/create\/button\/?url=https%3A%2F%2Fcasa.oaxaca.gob.mx%2F%3Fp%3D15320&amp;description=Taller%20presencial.%20Puro%20coraz%C3%B3n.%20El%20autorretrato%20como%20m%C3%A9todo%20de%20autoconocimiento%20y%20conexi%C3%B3n%20espiritual.%20Constanza%20P%C3%A9rez.&amp;media=https%3A%2F%2Fcasa.oaxaca.gob.mx%2Fwp-content%2Fuploads%2F2025%2F01%2FPuro-corazon-cerrado-705x484.jpg' aria-hidden='true' data-av_icon='\ue8f8' data-av_iconfont='entypo-fontello' title='' data-avia-related-tooltip='Share on Pinterest'><span class='avia_hidden_link_text'>Share on Pinterest<\/span><\/a><\/li><li class='av-share-link av-social-link-mail' ><a  href='mailto:?subject=Taller%20presencial.%20Puro%20coraz%C3%B3n.%20El%20autorretrato%20como%20m%C3%A9todo%20de%20autoconocimiento%20y%20conexi%C3%B3n%20espiritual.%20Constanza%20P%C3%A9rez.&amp;body=https:\/\/casa.oaxaca.gob.mx\/?p=15320' aria-hidden='true' data-av_icon='\ue805' data-av_iconfont='entypo-fontello' title='' data-avia-related-tooltip='Share by Mail'><span class='avia_hidden_link_text'>Share by Mail<\/span><\/a><\/li><\/ul><\/div><\/div><br \/>\n<div  class='hr hr-default '><span class='hr-inner ' ><span class='hr-inner-style'><\/span><\/span><\/div><br \/>\n<div style='padding-bottom:10px;font-size:30px;' class='av-special-heading av-special-heading-h3  blockquote modern-quote  av-inherit-size'><h3 class='av-special-heading-tag'  itemprop=\"headline\"  >Sobre la tallerista<\/h3><div class='special-heading-border'><div class='special-heading-inner-border' ><\/div><\/div><\/div><br \/>\n<div class='avia-data-table-wrap avia_responsive_table'><table class='avia-table avia-data-table avia-table-1  avia_pricing_default'  itemscope=\"itemscope\" itemtype=\"https:\/\/schema.org\/Table\" ><tbody><tr class='avia-heading-row'><th class=''>Constanza P\u00e9rez (M\u00e9xico)<\/th><\/tr><tr class=''><td class=''>Con 10 a\u00f1os de experiencia en la industria cinematogr\u00e1fica. Fund\u00f3 una productora en M\u00e9xico hace 7 a\u00f1os llamada Violeta Films que se encarga de desarrollar proyectos f\u00edlmicos con un enfoque art\u00edstico. Del lado fotogr\u00e1fico se ha desarrollado en varias \u00e1reas durante los \u00faltimos a\u00f1os. Present\u00f3 su trabajo en el Museo de Arte Moderno. En el 2023 form\u00f3 parte del curso impartido por Antoine d\u2019 Agatha y ese mismo a\u00f1o present\u00f3 su primer fotolibro en Paris Photo. Actualmente se encuentra desarrollando un libro de autorretrato que lleva creando desde hace 5 a\u00f1os, as\u00ed como tambi\u00e9n su primer solo show en la galer\u00eda mexicana llamada Proyectos Multiprop\u00f3sito que se encarga de exponer artistas contempor\u00e1neos.<br \/>\n<\/td><\/tr><\/tbody><\/table><\/div><style type='text\/css'>.avia-table-1 td:nth-of-type(1):before { content: 'Constanza P\u00e9rez (M\u00e9xico)'; } <\/style><\/p><\/div>\n<div class=\"flex_column av_three_fifth  flex_column_div av-zero-column-padding   \" style='border-radius:0px; '><p><div style='padding-bottom:10px;font-size:30px;' class='av-special-heading av-special-heading-h3  blockquote modern-quote   av-inherit-size'><h3 class='av-special-heading-tag'  itemprop=\"headline\"  >Acerca del taller<\/h3><div class='special-heading-border'><div class='special-heading-inner-border' ><\/div><\/div><\/div><br \/>\n<div class='avia-data-table-wrap avia_responsive_table'><table class='avia-table avia-data-table avia-table-2  avia_pricing_default'  itemscope=\"itemscope\" itemtype=\"https:\/\/schema.org\/Table\" ><tbody><tr class='avia-heading-row'><th class=''>LISTA DE SELECCIONADOS<\/th><\/tr><tr class=''><td class=''>Ana Domenzain Galimberti<br \/>\nEunice Fern\u00e1ndez Velasco<\/p>\n<p>Tania Monserrat Mata Mendoza<\/p>\n<p>Erika Mart\u00ednez Pimentel<\/p>\n<p>Claudia Mendoza Torres<\/p>\n<p>Humberto Vidany Bautista Ojeda<\/p>\n<p>Caty Karime Matadamas Ju\u00e1rez<\/p>\n<p>Mar\u00eda Fernanda Torres Garc\u00eda<\/p>\n<p>Yeraldyn L\u00f3pez Escobar<\/p>\n<p>Aidee Jemima Camacho Ram\u00edrez<\/p>\n<p>Aisha Nahid Jim\u00e9nez Salinas<\/p>\n<p>Daphne Anahid Mancera Salazar<\/p>\n<p>Nadia Monserrat P\u00e9rez Sosa<\/p>\n<p>Jos\u00e9 Manuel Cruz Carrasco<\/p>\n<p>Miroslava S\u00e1nchez Hern\u00e1ndez<\/p>\n<p>Dagoberto Teahulos Ortega<\/td><\/tr><\/tbody><\/table><\/div><style type='text\/css'>.avia-table-2 td:nth-of-type(1):before { content: 'LISTA DE SELECCIONADOS'; } <\/style><br \/>\n<div class='avia-data-table-wrap avia_responsive_table'><table class='avia-table avia-data-table avia-table-3  avia_pricing_default'  itemscope=\"itemscope\" itemtype=\"https:\/\/schema.org\/Table\" ><tbody><tr class='avia-heading-row'><th class=''>Descripci\u00f3n general<\/th><\/tr><tr class=''><td class=''>Este taller est\u00e1 dise\u00f1ado para j\u00f3venes interesados en explorar la fotograf\u00eda desde una perspectiva filos\u00f3fica y personal. A trav\u00e9s del autorretrato, los participantes se sumergir\u00e1n en un proceso de autoconocimiento, reflexi\u00f3n y transformaci\u00f3n. El objetivo es que cada participante utilice la fotograf\u00eda para explorar su identidad, confrontar sus propios l\u00edmites y experimentar la idea de \u201cdesaparecer\u201d para permitir la reaparici\u00f3n de una versi\u00f3n renovada de s\u00ed mismos.<\/td><\/tr><tr class='avia-heading-row'><th class=''>Temas<\/th><\/tr><tr class=''><td class=''>Sesi\u00f3n 1: Introducci\u00f3n a la Filosof\u00eda del Autorretrato<br \/>\n&#8211; Presentaci\u00f3n del Concepto: Se comenzar\u00e1 con una discusi\u00f3n sobre el texto &#8220;Desaparecer en el Espacio&#8221;, explorando los conceptos de identidad, desaparici\u00f3n, reaparici\u00f3n, y el autorretrato como un acto de resistencia y aceptaci\u00f3n.<br \/>\n&#8211; Ejercicio Filos\u00f3fico: Los participantes reflexionar\u00e1n sobre preguntas como: \u00bfQui\u00e9n soy cuando nadie me ve? \u00bfQu\u00e9 partes de mi identidad siento que est\u00e1n en conflicto? \u00bfQu\u00e9 significa para m\u00ed desaparecer o dejar atr\u00e1s ciertas partes de m\u00ed mismo?<br \/>\n&#8211; Pr\u00e1ctica Fotogr\u00e1fica: Los participantes crear\u00e1n un primer autorretrato que represente su yo actual, sin intervenci\u00f3n ni reflexi\u00f3n profunda, solo capturando su presencia tal como es en ese momento.<\/p>\n<p>Sesi\u00f3n 2: La Desaparici\u00f3n y el Espacio Liminal<br \/>\n&#8211; Teor\u00eda y Discusi\u00f3n: Se explorar\u00e1n conceptos filos\u00f3ficos relacionados con los espacios liminales, esos espacios de transici\u00f3n donde la realidad y la ficci\u00f3n se mezclan, y donde las identidades se transforman.<br \/>\n&#8211; Ejercicio de Escritura: Los participantes escribir\u00e1n un breve ensayo o reflexi\u00f3n sobre un espacio (f\u00edsico o mental) en el que sienten que pueden &#8220;desaparecer&#8221;. Este ejercicio servir\u00e1 como base para la creaci\u00f3n de im\u00e1genes en la siguiente sesi\u00f3n.<br \/>\n&#8211; Pr\u00e1ctica Fotogr\u00e1fica: Utilizando el espacio descrito en su ensayo, los participantes experimentar\u00e1n con la creaci\u00f3n de autorretratos donde intenten &#8220;desaparecer&#8221;, explorando la relaci\u00f3n entre su cuerpo y el entorno. Se les animar\u00e1 a jugar con la luz, las sombras y el enfoque para lograr este efecto.<\/p>\n<p>Sesi\u00f3n 3: La Reaparici\u00f3n y la Transformaci\u00f3n<br \/>\n&#8211; Reflexi\u00f3n y An\u00e1lisis: Se revisar\u00e1n los autorretratos creados en la sesi\u00f3n anterior. Los participantes reflexionar\u00e1n sobre qu\u00e9 elementos de su identidad han &#8220;desaparecido&#8221; en las im\u00e1genes y c\u00f3mo se sienten en relaci\u00f3n a esos cambios.<br \/>\n&#8211; Teor\u00eda y Discusi\u00f3n: Se hablar\u00e1 sobre la reaparici\u00f3n como un proceso de transformaci\u00f3n y c\u00f3mo, al desaparecer ciertos aspectos de nosotros mismos, otros pueden emerger.<br \/>\n&#8211; Pr\u00e1ctica Fotogr\u00e1fica: Los participantes crear\u00e1n una nueva serie de autorretratos que simbolicen su reaparici\u00f3n, explorando c\u00f3mo se sienten ahora que han confrontado y transformado ciertas partes de su identidad. Se les animar\u00e1 a experimentar con diferentes \u00e1ngulos, expresiones y elementos simb\u00f3licos que representen su nuevo estado de ser.<\/p>\n<p>Sesi\u00f3n 4: Exploraci\u00f3n Profunda y Revisi\u00f3n Cr\u00edtica<br \/>\n&#8211; Profundizaci\u00f3n en la T\u00e9cnica y la Expresi\u00f3n: En esta sesi\u00f3n, se explorar\u00e1n t\u00e9cnicas avanzadas de fotograf\u00eda que los participantes podr\u00e1n aplicar para a\u00f1adir mayor profundidad y complejidad a sus autorretratos. Esto incluir\u00e1 el uso creativo de la luz, el color, la composici\u00f3n y el simbolismo visual.<br \/>\n&#8211; Ejercicio de Revisi\u00f3n Cr\u00edtica: Los participantes revisar\u00e1n su trabajo hasta el momento, recibiendo feedback del grupo y del instructor. Se enfocar\u00e1n en c\u00f3mo mejorar y profundizar en su exploraci\u00f3n del tema de la desaparici\u00f3n y la reaparici\u00f3n.<br \/>\n&#8211; Pr\u00e1ctica Fotogr\u00e1fica: Con el feedback recibido, los participantes realizar\u00e1n un ejercicio fotogr\u00e1fico que combine t\u00e9cnicas avanzadas y reflexiones personales, enfoc\u00e1ndose en capturar la esencia de su proceso de transformaci\u00f3n.<\/p>\n<p>Sesi\u00f3n 5: Exposici\u00f3n y Reflexi\u00f3n Final<br \/>\n&#8211; Selecci\u00f3n de Trabajos: Cada participante seleccionar\u00e1 una serie de autorretratos (uno de cada sesi\u00f3n) que representen su proceso de desaparici\u00f3n y reaparici\u00f3n.<br \/>\n&#8211; Montaje de la Exposici\u00f3n: Juntos, los participantes montar\u00e1n una peque\u00f1a exposici\u00f3n de sus trabajos, creando un espacio donde sus im\u00e1genes dialoguen entre s\u00ed y con los espectadores.<br \/>\n&#8211; Discusi\u00f3n y Feedback: Se realizar\u00e1 una reflexi\u00f3n grupal sobre lo aprendido durante el taller. \u00bfC\u00f3mo ha cambiado su percepci\u00f3n de s\u00ed mismos? \u00bfQu\u00e9 significa ahora para ellos &#8220;desaparecer&#8221; y &#8220;reaparecer&#8221;?<br \/>\n&#8211; Cierre Filos\u00f3fico: Se cerrar\u00e1 el taller con una \u00faltima discusi\u00f3n filos\u00f3fica sobre la identidad, la transformaci\u00f3n y c\u00f3mo este proceso puede continuar m\u00e1s all\u00e1 del taller.<\/td><\/tr><tr class='avia-heading-row'><th class=''>Metodolog\u00eda<\/th><\/tr><tr class=''><td class=''>&#8211; Interactividad: Los participantes estar\u00e1n constantemente involucrados en discusiones filos\u00f3ficas y ejercicios pr\u00e1cticos que les permitir\u00e1n explorar su identidad a trav\u00e9s de la fotograf\u00eda.<br \/>\n&#8211; Exploraci\u00f3n Personal: Cada participante ser\u00e1 animado a explorar sus propios temas personales, utilizando el autorretrato como herramienta de autoexploraci\u00f3n.<br \/>\n&#8211; Acompa\u00f1amiento Reflexivo: A lo largo del taller, se proporcionar\u00e1 un espacio seguro y de apoyo donde los participantes puedan compartir sus experiencias y descubrimientos personales.<\/td><\/tr><\/tbody><\/table><\/div><style type='text\/css'>.avia-table-3 td:nth-of-type(1):before { content: 'Descripci\u00f3n general'; } <\/style><br \/>\n<div style='padding-bottom:10px;font-size:30px;' class='av-special-heading av-special-heading-h3  blockquote modern-quote   av-inherit-size'><h3 class='av-special-heading-tag'  itemprop=\"headline\"  >Requisitos de inscripci\u00f3n<\/h3><div class='special-heading-border'><div class='special-heading-inner-border' ><\/div><\/div><\/div><br \/>\n<div class='avia-data-table-wrap avia_responsive_table'><table class='avia-table avia-data-table avia-table-4  avia_pricing_default'  itemscope=\"itemscope\" itemtype=\"https:\/\/schema.org\/Table\" ><tbody><tr class='avia-heading-row'><th class=''>Dirigido a j\u00f3venes de 18 a 29 a\u00f1os de edad<\/th><\/tr><tr class=''><td class=''>&#8212;<\/td><\/tr><\/tbody><\/table><\/div><style type='text\/css'>.avia-table-4 td:nth-of-type(1):before { content: 'Dirigido a j\u00f3venes de 18 a 29 a\u00f1os de edad'; } <\/style><br \/>\n<div class='avia-data-table-wrap avia_responsive_table'><table class='avia-table avia-data-table avia-table-5  avia_pricing_default'  itemscope=\"itemscope\" itemtype=\"https:\/\/schema.org\/Table\" ><tbody><tr class='avia-heading-row'><th class=''>MATERIALES QUE SE LE SOLICITAR\u00c1 AL ALUMNO(A)<\/th><\/tr><tr class=''><td class=''>&#8211; C\u00e1mara fotogr\u00e1fica (puede ser un smartphone con buena resoluci\u00f3n).<br \/>\n&#8211; Libreta o cuaderno para anotaciones y reflexiones.<br \/>\n&#8211; Acceso a un espacio f\u00edsico que los participantes sientan significativo para sus procesos.<\/td><\/tr><\/tbody><\/table><\/div><style type='text\/css'>.avia-table-5 td:nth-of-type(1):before { content: 'MATERIALES QUE SE LE SOLICITAR\u00c1 AL ALUMNO(A)'; } <\/style><br \/>\n<div class='avia-data-table-wrap avia_responsive_table'><table class='avia-table avia-data-table avia-table-6  avia_pricing_default'  itemscope=\"itemscope\" itemtype=\"https:\/\/schema.org\/Table\" ><tbody><tr class='avia-heading-row'><th class=''>Nota para los seleccionados<\/th><\/tr><tr class=''><td class=''>&#8211; En esta p\u00e1gina se publicar\u00e1 la lista de seleccionados y tambi\u00e9n se les notificar\u00e1 a trav\u00e9s de correo electr\u00f3nico.<br \/>\n&#8211; Las clases ser\u00e1n presenciales en el sal\u00f3n de usos m\u00faltiples del CaSa<br \/>\n&#8211; Actividad gratuita<br \/>\n&#8211; Durante la actividad se estar\u00e1n comunicando a trav\u00e9s de mensajes de WhatsApp, por ser una herramienta de comunicaci\u00f3n m\u00e1s r\u00e1pida.<br \/>\n&#8211; Las inasistencias injustificadas ser\u00e1n motivo de suspensi\u00f3n y no podr\u00e1 ingresar a talleres futuros.<\/td><\/tr><\/tbody><\/table><\/div><style type='text\/css'>.avia-table-6 td:nth-of-type(1):before { content: 'Nota para los seleccionados'; } <\/style><br \/>\n<div id='av-masonry-1' class='av-masonry noHover av-fixed-size av-large-gap av-hover-overlay-active av-masonry-col-flexible av-caption-always av-caption-style- av-masonry-gallery  '  ><div class='av-masonry-container isotope av-js-disabled ' ><div class='av-masonry-entry isotope-item av-masonry-item-no-image '><\/div><a href=\"https:\/\/casa.oaxaca.gob.mx\/wp-content\/uploads\/2025\/01\/IMG_8547-772x1030.jpg\" id='av-masonry-1-item-15324' data-av-masonry-item='15324' class='av-masonry-entry isotope-item post-15324 attachment type-attachment status-inherit hentry  av-masonry-item-with-image' title=\"\"  itemprop=\"thumbnailUrl\" ><div class='av-inner-masonry-sizer'><\/div><figure class='av-inner-masonry main_color'><div class=\"av-masonry-outerimage-container\"><div class=\"av-masonry-image-container\" style=\"background-image: url(https:\/\/casa.oaxaca.gob.mx\/wp-content\/uploads\/2025\/01\/IMG_8547-529x705.jpg);\"><img decoding=\"async\" src=\"https:\/\/casa.oaxaca.gob.mx\/wp-content\/uploads\/2025\/01\/IMG_8547-529x705.jpg\" title=\"IMG_8547\" alt=\"\" \/><\/div><\/div><\/figure><\/a><!--end av-masonry entry--><\/div><\/div><\/p><\/div>\n","protected":false},"excerpt":{"rendered":"","protected":false},"author":1,"featured_media":15322,"comment_status":"open","ping_status":"open","sticky":false,"template":"","format":"standard","meta":{"_exactmetrics_skip_tracking":false,"_exactmetrics_sitenote_active":false,"_exactmetrics_sitenote_note":"","_exactmetrics_sitenote_category":0,"footnotes":""},"categories":[204],"tags":[],"class_list":["post-15320","post","type-post","status-publish","format-standard","has-post-thumbnail","hentry","category-204"],"_links":{"self":[{"href":"https:\/\/casa.oaxaca.gob.mx\/index.php?rest_route=\/wp\/v2\/posts\/15320","targetHints":{"allow":["GET"]}}],"collection":[{"href":"https:\/\/casa.oaxaca.gob.mx\/index.php?rest_route=\/wp\/v2\/posts"}],"about":[{"href":"https:\/\/casa.oaxaca.gob.mx\/index.php?rest_route=\/wp\/v2\/types\/post"}],"author":[{"embeddable":true,"href":"https:\/\/casa.oaxaca.gob.mx\/index.php?rest_route=\/wp\/v2\/users\/1"}],"replies":[{"embeddable":true,"href":"https:\/\/casa.oaxaca.gob.mx\/index.php?rest_route=%2Fwp%2Fv2%2Fcomments&post=15320"}],"version-history":[{"count":4,"href":"https:\/\/casa.oaxaca.gob.mx\/index.php?rest_route=\/wp\/v2\/posts\/15320\/revisions"}],"predecessor-version":[{"id":15392,"href":"https:\/\/casa.oaxaca.gob.mx\/index.php?rest_route=\/wp\/v2\/posts\/15320\/revisions\/15392"}],"wp:featuredmedia":[{"embeddable":true,"href":"https:\/\/casa.oaxaca.gob.mx\/index.php?rest_route=\/wp\/v2\/media\/15322"}],"wp:attachment":[{"href":"https:\/\/casa.oaxaca.gob.mx\/index.php?rest_route=%2Fwp%2Fv2%2Fmedia&parent=15320"}],"wp:term":[{"taxonomy":"category","embeddable":true,"href":"https:\/\/casa.oaxaca.gob.mx\/index.php?rest_route=%2Fwp%2Fv2%2Fcategories&post=15320"},{"taxonomy":"post_tag","embeddable":true,"href":"https:\/\/casa.oaxaca.gob.mx\/index.php?rest_route=%2Fwp%2Fv2%2Ftags&post=15320"}],"curies":[{"name":"wp","href":"https:\/\/api.w.org\/{rel}","templated":true}]}}