{"id":15344,"date":"2025-01-20T16:58:28","date_gmt":"2025-01-20T22:58:28","guid":{"rendered":"https:\/\/casa.oaxaca.gob.mx\/?p=15344"},"modified":"2026-01-22T13:50:41","modified_gmt":"2026-01-22T19:50:41","slug":"taller-presencial-flujo-de-trabajo-fotografico-digital-eva-lepiz","status":"publish","type":"post","link":"https:\/\/casa.oaxaca.gob.mx\/?p=15344","title":{"rendered":"Taller presencial. Flujo de trabajo fotogr\u00e1fico digital. Eva L\u00e9piz."},"content":{"rendered":"<\/div><\/div><\/div><!-- close content main div --><\/div><\/div><div id='av_section_1' class='avia-section main_color avia-section-no-padding avia-no-border-styling avia-full-stretch av-parallax-section avia-bg-style-parallax  av-minimum-height av-minimum-height-75 container_wrap fullsize'  data-section-bg-repeat='stretch' ><div class='av-parallax' data-avia-parallax-ratio='0.3' ><div class='av-parallax-inner main_color  avia-full-stretch' style = 'background-repeat: no-repeat; background-image: url(https:\/\/casa.oaxaca.gob.mx\/wp-content\/uploads\/2025\/01\/FOTO-scaled.jpg); background-attachment: scroll; background-position: bottom center; ' ><\/div><\/div><div class='container' ><div class='template-page content  av-content-full alpha units'><div class='post-entry post-entry-type-page post-entry-15344'><div class='entry-content-wrapper clearfix'>\n<div style='padding-bottom:10px;color:#ffffff;font-size:50px;' class='av-special-heading av-special-heading-h3 custom-color-heading blockquote modern-quote  av-inherit-size'><h3 class='av-special-heading-tag'  itemprop=\"headline\"  >Taller presencial. Flujo de trabajo fotogr\u00e1fico digital.<\/h3><div class ='av-subheading av-subheading_below av_custom_color' style='font-size:25px;'><p>Imparte: Eva L\u00e9piz.<\/p>\n<\/div><div class='special-heading-border'><div class='special-heading-inner-border' style='border-color:#ffffff'><\/div><\/div><\/div>\n\n<\/div><\/div><\/div><!-- close content main div --><\/div><\/div><div id='av-layout-grid-1' class='av-layout-grid-container entry-content-wrapper main_color av-flex-cells  container_wrap fullsize'   >\n<div class=\"flex_cell no_margin av_one_full   \" style='vertical-align:top; padding:30px; background-color:#ED9600; '><div class='flex_cell_inner' ><p><div class=\"flex_column av_one_fourth  flex_column_div av-zero-column-padding first  \" style='border-radius:0px; '><div style='padding-bottom:10px;color:#ffffff;' class='av-special-heading av-special-heading-h3 custom-color-heading blockquote modern-quote '><h3 class='av-special-heading-tag'  itemprop=\"headline\"  >Cierre de inscripciones<\/h3><div class ='av-subheading av-subheading_below av_custom_color' style='font-size:20px;'><p>Domingo 2 de febrero de 2025<\/p>\n<p>Publicaci\u00f3n de resultados:<br \/>\nMi\u00e9rcoles 5 de febrero de 2025<\/p>\n<\/div><div class='special-heading-border'><div class='special-heading-inner-border' style='border-color:#ffffff'><\/div><\/div><\/div><\/div><div class=\"flex_column av_one_fourth  flex_column_div av-zero-column-padding   \" style='border-radius:0px; '><div style='padding-bottom:10px;color:#ffffff;' class='av-special-heading av-special-heading-h3 custom-color-heading blockquote modern-quote '><h3 class='av-special-heading-tag'  itemprop=\"headline\"  >Fechas<\/h3><div class ='av-subheading av-subheading_below av_custom_color' style='font-size:20px;'><p>Lunes a viernes<br \/>\nDel 10 al 14 de febrero<\/p>\n<\/div><div class='special-heading-border'><div class='special-heading-inner-border' style='border-color:#ffffff'><\/div><\/div><\/div><\/div><div class=\"flex_column av_one_fourth  flex_column_div av-zero-column-padding   \" style='border-radius:0px; '><div style='padding-bottom:10px;color:#ffffff;' class='av-special-heading av-special-heading-h3 custom-color-heading blockquote modern-quote  '><h3 class='av-special-heading-tag'  itemprop=\"headline\"  >Horario<\/h3><div class ='av-subheading av-subheading_below av_custom_color' style='font-size:20px;'><p>De 10 a 14 horas<\/p>\n<\/div><div class='special-heading-border'><div class='special-heading-inner-border' style='border-color:#ffffff'><\/div><\/div><\/div><\/div><div class=\"flex_column av_one_fourth  flex_column_div av-zero-column-padding   \" style='border-radius:0px; '><section class=\"avia_codeblock_section avia_code_block_0\"  itemscope=\"itemscope\" itemtype=\"https:\/\/schema.org\/BlogPosting\" itemprop=\"blogPost\" ><div class='avia_codeblock '  itemprop=\"text\" > [avia_codeblock_placeholder uid=\"0\"] <\/div><\/section><\/div><\/p>\n<\/div><\/div>\n<\/div>\n<div class=\"flex_column av_two_fifth  flex_column_div av-zero-column-padding first  \" style='border-radius:0px; '><p><div class='av-social-sharing-box '><div class='av-share-box'><h5 class='av-share-link-description'>Compartir esta actividad<\/h5><ul class='av-share-box-list noLightbox'><li class='av-share-link av-social-link-facebook' ><a target='_blank' href='http:\/\/www.facebook.com\/sharer.php?u=https:\/\/casa.oaxaca.gob.mx\/?p=15344&amp;t=Taller%20presencial.%20Flujo%20de%20trabajo%20fotogr%C3%A1fico%20digital.%20Eva%20L%C3%A9piz.' aria-hidden='true' data-av_icon='\ue8f3' data-av_iconfont='entypo-fontello' title='' data-avia-related-tooltip='Share on Facebook'><span class='avia_hidden_link_text'>Share on Facebook<\/span><\/a><\/li><li class='av-share-link av-social-link-twitter' ><a target='_blank' href='https:\/\/twitter.com\/share?text=Taller%20presencial.%20Flujo%20de%20trabajo%20fotogr%C3%A1fico%20digital.%20Eva%20L%C3%A9piz.&url=https:\/\/casa.oaxaca.gob.mx\/?p=15344' aria-hidden='true' data-av_icon='\ue8f1' data-av_iconfont='entypo-fontello' title='' data-avia-related-tooltip='Share on Twitter'><span class='avia_hidden_link_text'>Share on Twitter<\/span><\/a><\/li><li class='av-share-link av-social-link-gplus' ><a target='_blank' href='https:\/\/plus.google.com\/share?url=https:\/\/casa.oaxaca.gob.mx\/?p=15344' aria-hidden='true' data-av_icon='\ue8f6' data-av_iconfont='entypo-fontello' title='' data-avia-related-tooltip='Share on Google+'><span class='avia_hidden_link_text'>Share on Google+<\/span><\/a><\/li><li class='av-share-link av-social-link-pinterest' ><a target='_blank' href='http:\/\/pinterest.com\/pin\/create\/button\/?url=https%3A%2F%2Fcasa.oaxaca.gob.mx%2F%3Fp%3D15344&amp;description=Taller%20presencial.%20Flujo%20de%20trabajo%20fotogr%C3%A1fico%20digital.%20Eva%20L%C3%A9piz.&amp;media=https%3A%2F%2Fcasa.oaxaca.gob.mx%2Fwp-content%2Fuploads%2F2025%2F01%2FfLUJO-CERRADO-705x484.jpg' aria-hidden='true' data-av_icon='\ue8f8' data-av_iconfont='entypo-fontello' title='' data-avia-related-tooltip='Share on Pinterest'><span class='avia_hidden_link_text'>Share on Pinterest<\/span><\/a><\/li><li class='av-share-link av-social-link-mail' ><a  href='mailto:?subject=Taller%20presencial.%20Flujo%20de%20trabajo%20fotogr%C3%A1fico%20digital.%20Eva%20L%C3%A9piz.&amp;body=https:\/\/casa.oaxaca.gob.mx\/?p=15344' aria-hidden='true' data-av_icon='\ue805' data-av_iconfont='entypo-fontello' title='' data-avia-related-tooltip='Share by Mail'><span class='avia_hidden_link_text'>Share by Mail<\/span><\/a><\/li><\/ul><\/div><\/div><br \/>\n<div  class='hr hr-default '><span class='hr-inner ' ><span class='hr-inner-style'><\/span><\/span><\/div><br \/>\n<div style='padding-bottom:10px;font-size:30px;' class='av-special-heading av-special-heading-h3  blockquote modern-quote  av-inherit-size'><h3 class='av-special-heading-tag'  itemprop=\"headline\"  >Sobre la tallerista<\/h3><div class='special-heading-border'><div class='special-heading-inner-border' ><\/div><\/div><\/div><br \/>\n<div class='avia-data-table-wrap avia_responsive_table'><table class='avia-table avia-data-table avia-table-1  avia_pricing_default'  itemscope=\"itemscope\" itemtype=\"https:\/\/schema.org\/Table\" ><tbody><tr class='avia-heading-row'><th class=''>Eva L\u00e9piz (Oaxaca, M\u00e9xico)<\/th><\/tr><tr class=''><td class=''>Es una fot\u00f3grafa independiente y educadora visual mexicana radicada en Oaxaca. Estudi\u00f3 la licenciatura en arquitectura, posteriormente aprendi\u00f3 fotograf\u00eda en una variedad de talleres. Realiza trabajos documentales, editoriales y comerciales; desde hace una d\u00e9cada imparte clases en los programas del Centro Fotogr\u00e1fico Manuel Alvarez Bravo y el Centro de las Artes San Agust\u00edn. Explora temas relacionados con la familia, la comunidad, la espiritualidad, la migraci\u00f3n y la mezcla entre culturas.<\/p>\n<p>A lo largo de los a\u00f1os, Eva ha colaborado y aprendido de varios fot\u00f3grafos de renombre, incluidos miembros de Magnum Photos y National Geographic como Alex Webb y Steve McCurry. Ha participado en prestigiosos talleres incluidos el Seminario de Fotograf\u00eda Contempor\u00e1nea del Centro de la Imagen, el Foundry Photojournalism Workshop, Diplomado de Fotograf\u00eda Documental con Joan Liftin y Antoine D\u2019Agata, ha participado en el New York Times Portfolio Review, recibi\u00f3 el Covid-19 Emergency Fund for Journalists de National Geographic 2020, fue finalista en la convocatoria \u201cBeyond The Silence\u201d de Magnum Foundation, fue seleccionada para el programa de Residencias Art\u00edsticas de la Secretar\u00eda de Cultura para el \u201cTbilisi Photo Festival\u201d en Georgia para 2025. Ha publicado en Los Angeles Times, The Washington Post, Insider, The Nature Conservancy, Les Echos, Americas Quarterly, Eater, Gatopardo, S\u00fcddeutsche Zeitung Magazine, The Wall Street Journal. Ha trabajado para CNN Brasil, el programa de Derechos Humanos, Huawei, Silverseas, Whiskey Macallan, Americas Now, National Geographic, Realme, Oppo, Leica y Canon con quienes ha colaborado como productora y como fot\u00f3grafa para proyectos educativos, comerciales y period\u00edsticos. Ha exhibido individualmente en Texas y en Oaxaca; en exhibiciones colectivas como Lu \u0301Biaanni, entre otras nacionales e internacionales. Su trabajo forma parte de la \u201cColecci\u00f3n Toledo de Fotograf\u00eda\u201d, del Maestro Francisco Toledo.<\/td><\/tr><\/tbody><\/table><\/div><style type='text\/css'>.avia-table-1 td:nth-of-type(1):before { content: 'Eva L\u00e9piz (Oaxaca, M\u00e9xico)'; } <\/style><\/p><\/div>\n<div class=\"flex_column av_three_fifth  flex_column_div av-zero-column-padding   \" style='border-radius:0px; '><p><div style='padding-bottom:10px;font-size:30px;' class='av-special-heading av-special-heading-h3  blockquote modern-quote   av-inherit-size'><h3 class='av-special-heading-tag'  itemprop=\"headline\"  >Acerca del taller<\/h3><div class='special-heading-border'><div class='special-heading-inner-border' ><\/div><\/div><\/div><br \/>\n<div class='avia-data-table-wrap avia_responsive_table'><table class='avia-table avia-data-table avia-table-2  avia_pricing_default'  itemscope=\"itemscope\" itemtype=\"https:\/\/schema.org\/Table\" ><tbody><tr class='avia-heading-row'><th class=''>Lista de seleccionados<\/th><\/tr><tr class=''><td class=''>Gabriela Silva Nicol\u00e1s<\/p>\n<p>Cinthia Elizabeth Elizondo L\u00f3pez<\/p>\n<p>Alejandro S\u00e1nchez Valencia<\/p>\n<p>Erik Jim\u00e9nez Palacios<\/p>\n<p>Ruth Noem\u00ed Mart\u00ednez Hern\u00e1ndez<\/p>\n<p>Elian Jos\u00e9 R\u00edos P\u00e9rez<\/p>\n<p>Esa\u00fa Luna Cosmes<\/p>\n<p>Julio C\u00e9sar L\u00f3pez Contreras<\/p>\n<p>Mario Antonio Santaella Cartas<\/p>\n<p>Fernanda de Jes\u00fas P\u00e9rez Boza<\/p>\n<p>Eric Pozos V\u00e1squez<\/p>\n<p>Fabiola Castellanos Mendoza<\/p>\n<p>Jos\u00e9 Manuel Cruz Carrasco<\/p>\n<p>Nizabani Pacheco S\u00e1nchez<\/p>\n<p>Sergio Dionisio V\u00e1squez Gonz\u00e1lez<\/p>\n<p>Sebasti\u00e1n Rojas Celaya<\/p>\n<p>N\u00e9stor Gregorio Hern\u00e1ndez Mart\u00ednez<\/p>\n<p>Julieta Yazm\u00edn Mart\u00ednez Gonz\u00e1lez<\/p>\n<p>Caty Karime Matadamas Ju\u00e1rez<\/td><\/tr><\/tbody><\/table><\/div><style type='text\/css'>.avia-table-2 td:nth-of-type(1):before { content: 'Lista de seleccionados'; } <\/style><br \/>\n<div class='avia-data-table-wrap avia_responsive_table'><table class='avia-table avia-data-table avia-table-3  avia_pricing_default'  itemscope=\"itemscope\" itemtype=\"https:\/\/schema.org\/Table\" ><tbody><tr class='avia-heading-row'><th class=''>Descripci\u00f3n general<\/th><\/tr><tr class=''><td class=''>En este taller se aprender\u00e1 a crear y organizar archivos fotogr\u00e1ficos, desde la selecci\u00f3n de formatos en c\u00e1mara y la creaci\u00f3n de un archivo estructurado por fecha, tem\u00e1ticas y metadatos hasta la implementaci\u00f3n de estrategias para su organizaci\u00f3n y respaldo.<\/p>\n<p>Se iniciar\u00e1 en la edici\u00f3n y el revelado digital b\u00e1sico mediante el uso de la paqueter\u00eda de Adobe, incluyendo Bridge, Lightroom Classic y Photoshop. Veremos brevemente software de revelado digital de licencia libre.<\/p>\n<p>A lo largo del curso, se desarrollar\u00e1 un flujo de trabajo que abarque desde la importaci\u00f3n y clasificaci\u00f3n de im\u00e1genes hasta el revelado digital, optimizando el tiempo y recursos. Cada alumno debe llevar su propia laptop, dispositivo para descargar archivos y disco duro externo de ser posible. Es necesario que el alumno ya cuente con conocimientos b\u00e1sicos de fotograf\u00eda as\u00ed como del uso de la computadora. La computadora debe traer software instalado de la paqueter\u00eda de Adobe: Bridge, Lightroom Classic y Photoshop. Es importante que la computadora tenga la capacidad para correr programas de edici\u00f3n fotogr\u00e1fica.<\/td><\/tr><tr class='avia-heading-row'><th class=''>Objetivo general<\/th><\/tr><tr class=''><td class=''>Los participantes aprender\u00e1n a crear y organizar archivos fotogr\u00e1ficos, se les ense\u00f1ar\u00e1 la creaci\u00f3n de un archivo estructurado, la edici\u00f3n y el revelado digital b\u00e1sico mediante el uso de la paqueter\u00eda de Adobe hasta el revelado digital, optimizando el tiempo y recursos.<\/td><\/tr><tr class='avia-heading-row'><th class=''>Objetivos espec\u00edficos<\/th><\/tr><tr class=''><td class=''>&#8211; Identificar los diferentes tipos de archivos fotogr\u00e1ficos y sus aplicaciones.<br \/>\n&#8211; Implementar estrategias eficientes para la organizaci\u00f3n, clasificaci\u00f3n y respaldo de im\u00e1genes.<br \/>\n&#8211; Comprender las diferencias entre los conceptos de edici\u00f3n fotogr\u00e1fica y el revelado digital<br \/>\n&#8211; Manejar Adobe Bridge para realizar la edici\u00f3n de archivos mediante el uso de<br \/>\netiquetas.<br \/>\n&#8211; Manejar Adobe Lightroom para realizar ajustes b\u00e1sicos y avanzados en las<br \/>\nfotograf\u00edas.<br \/>\n&#8211; Aplicar t\u00e9cnicas de revelado digital que resalten la calidad y el impacto visual de las im\u00e1genes.<br \/>\n&#8211; Aprender a crear una identidad visual para la elaboraci\u00f3n de cuerpos de trabajo.<br \/>\n&#8211; Utilizar Adobe Photoshop para realizar retoques precisos y creativos en las<br \/>\nim\u00e1genes.<br \/>\n&#8211; Aprender a integrar Lightroom y Photoshop dentro de un flujo de trabajo eficiente.<br \/>\n&#8211; Establecer un proceso optimizado desde la importaci\u00f3n y clasificaci\u00f3n hasta el<br \/>\nrevelado digital y exportaci\u00f3n.<br \/>\n&#8211; Crear un archivo digital estructurado y un portafolio profesional.<br \/>\n&#8211; Exportar im\u00e1genes en formatos adecuados para impresi\u00f3n, publicaci\u00f3n digital y redes sociales.<br \/>\n&#8211; Presentar proyectos fotogr\u00e1ficos de manera profesional.<\/td><\/tr><tr class='avia-heading-row'><th class=''>Temas<\/th><\/tr><tr class=''><td class=''>M\u00f3dulo 1: Introducci\u00f3n a la Gesti\u00f3n de Archivos Fotogr\u00e1ficos<br \/>\n\u2022 Tipos de archivos de fotograf\u00eda: RAW, JPEG, TIFF, PSD.<br \/>\n\u2022 Importancia de un flujo de trabajo eficiente.<br \/>\n\u2022 Organizaci\u00f3n y creaci\u00f3n de un archivo digital: clasificaci\u00f3n, etiquetas y metadatos.<br \/>\n\u2022 M\u00e9todos de respaldo y almacenamiento seguro.<\/p>\n<p>M\u00f3dulo 2: Fundamentos del Revelado Digital<br \/>\n\u2022 Software de licencia libre y comerciales<br \/>\n\u2022 Principios del revelado digital y diferencias con la edici\u00f3n.<br \/>\n\u2022 Introducci\u00f3n a Adobe Bridge: interfaz, herramientas y configuraci\u00f3n inicial.<br \/>\n\u2022 Ejercicio de edici\u00f3n fotogr\u00e1fica usando Bridge.<br \/>\n\u2022 Otros softwares de edici\u00f3n como Photomechanics dirigido a periodistas.<br \/>\n\u2022 Introducci\u00f3n a Adobe Lightroom: interfaz, herramientas y configuraci\u00f3n inicial.<br \/>\n\u2022 Ejercicio de importaci\u00f3n y creaci\u00f3n de cat\u00e1logos.<br \/>\n\u2022 Ajustes b\u00e1sicos de exposici\u00f3n, balance de blancos y contraste.<br \/>\n\u2022 Ajustes Avanzados.<br \/>\n\u2022 Creaci\u00f3n de Ajustes Personalizados.<br \/>\n\u2022 Edici\u00f3n por lotes: optimizaci\u00f3n del tiempo en el revelado.<br \/>\n\u2022 Exportaci\u00f3n de archivos en diferentes tipos de formatos.<\/p>\n<p>M\u00f3dulo 3: Edici\u00f3n Avanzada en Adobe Photoshop<br \/>\n\u2022 Integraci\u00f3n de Lightroom y Photoshop: flujo de trabajo entre programas.<br \/>\n\u2022 T\u00e9cnicas avanzadas de retoque: capas, m\u00e1scaras y herramientas de selecci\u00f3n.<br \/>\n\u2022 Correcci\u00f3n de color y manipulaci\u00f3n tonal.<br \/>\n\u2022 Exportaci\u00f3n de archivos para impresi\u00f3n y uso digital.<\/td><\/tr><\/tbody><\/table><\/div><style type='text\/css'>.avia-table-3 td:nth-of-type(1):before { content: 'Descripci\u00f3n general'; } <\/style><br \/>\n<div style='padding-bottom:10px;font-size:30px;' class='av-special-heading av-special-heading-h3  blockquote modern-quote   av-inherit-size'><h3 class='av-special-heading-tag'  itemprop=\"headline\"  >Requisitos de inscripci\u00f3n<\/h3><div class='special-heading-border'><div class='special-heading-inner-border' ><\/div><\/div><\/div><br \/>\n<div class='avia-data-table-wrap avia_responsive_table'><table class='avia-table avia-data-table avia-table-4  avia_pricing_default'  itemscope=\"itemscope\" itemtype=\"https:\/\/schema.org\/Table\" ><tbody><tr class='avia-heading-row'><th class=''>Dirigido a fot\u00f3grafos en formaci\u00f3n, entusiastas de la fotograf\u00eda, estudiantes de artes visuales, as\u00ed como a profesionales que desean optimizar su flujo de trabajo digital. Se enfoca en quienes buscan dominar la creaci\u00f3n y organizaci\u00f3n de archivos fotogr\u00e1ficos as\u00ed como mejorar sus habilidades en edici\u00f3n y revelado digital utilizando herramientas de Adobe.<\/th><\/tr><tr class=''><td class=''>&#8211; Si tienes inter\u00e9s deber\u00e1s llenar el formulario con los datos completos que se encuentra en esta p\u00e1gina.<br \/>\n&#8211; La lista de seleccionados se publicar\u00e1 en esta p\u00e1gina, se les notificar\u00e1 a trav\u00e9s de un correo electr\u00f3nico con los detalles de la actividad.<br \/>\n&#8211; Actividad gratuita.<br \/>\n<\/td><\/tr><\/tbody><\/table><\/div><style type='text\/css'>.avia-table-4 td:nth-of-type(1):before { content: 'Dirigido a fot\u00f3grafos en formaci\u00f3n, entusiastas de la fotograf\u00eda, estudiantes de artes visuales, as\u00ed como a profesionales que desean optimizar su flujo de trabajo digital. Se enfoca en quienes buscan dominar la creaci\u00f3n y organizaci\u00f3n de archivos fotogr\u00e1ficos as\u00ed como mejorar sus habilidades en edici\u00f3n y revelado digital utilizando herramientas de Adobe.'; } <\/style><br \/>\n<div class='avia-data-table-wrap avia_responsive_table'><table class='avia-table avia-data-table avia-table-5  avia_pricing_default'  itemscope=\"itemscope\" itemtype=\"https:\/\/schema.org\/Table\" ><tbody><tr class='avia-heading-row'><th class=''>Material que se le solicitar\u00e1 al alumno(a)<\/th><\/tr><tr class=''><td class=''>&#8211; Laptop<br \/>\n&#8211; C\u00e1mara fotogr\u00e1fica<br \/>\n&#8211; Dispositivo para descargar archivos<br \/>\n&#8211; Disco duro externo de ser posible<\/p>\n<p>Es necesario que el alumno ya cuente con conocimientos b\u00e1sicos de fotograf\u00eda as\u00ed como del uso de la computadora. La computadora debe traer software instalado de la paqueter\u00eda de Adobe: Bridge, Lightroom Classic y Photoshop, funcionando correctamente; es importante que la computadora tenga la capacidad para correr programas de edici\u00f3n fotogr\u00e1fica.<\/td><\/tr><\/tbody><\/table><\/div><style type='text\/css'>.avia-table-5 td:nth-of-type(1):before { content: 'Material que se le solicitar\u00e1 al alumno(a)'; } <\/style><br \/>\n<div class='avia-data-table-wrap avia_responsive_table'><table class='avia-table avia-data-table avia-table-6  avia_pricing_default'  itemscope=\"itemscope\" itemtype=\"https:\/\/schema.org\/Table\" ><tbody><tr class='avia-heading-row'><th class=''>Nota para los seleccionados<\/th><\/tr><tr class=''><td class=''>&#8211; Clases presenciales en el Laboratorio de fotograf\u00eda del CaSa<br \/>\n&#8211; Se dejar\u00e1n ejercicios espec\u00edficos a cada estudiante, es fundamental realizarlos para continuar con la siguiente clase.<br \/>\n&#8211; Tener el compromiso y el tiempo para llevar a cabo el taller, ya que las inasistencias injustificadas ser\u00e1n motivo de suspensi\u00f3n y no podr\u00e1 ingresar a talleres futuros.<br \/>\n&#8211; Durante el taller nos estaremos comunicando por medio de mensajes en un grupo de WhatsApp, por ser una herramienta m\u00e1s r\u00e1pida para poder tener una mejor comunicaci\u00f3n con lo que respecta al taller.<\/td><\/tr><\/tbody><\/table><\/div><style type='text\/css'>.avia-table-6 td:nth-of-type(1):before { content: 'Nota para los seleccionados'; } <\/style><br \/>\n<div id='av-masonry-1' class='av-masonry noHover av-fixed-size av-large-gap av-hover-overlay-active av-masonry-col-flexible av-caption-always av-caption-style- av-masonry-gallery  '  ><div class='av-masonry-container isotope av-js-disabled ' ><div class='av-masonry-entry isotope-item av-masonry-item-no-image '><\/div><a href=\"https:\/\/casa.oaxaca.gob.mx\/wp-content\/uploads\/2025\/01\/Captura-de-Pantalla-2025-01-14-a-las-14.29.38-1030x644.png\" id='av-masonry-1-item-15345' data-av-masonry-item='15345' class='av-masonry-entry isotope-item post-15345 attachment type-attachment status-inherit hentry  av-masonry-item-with-image' title=\"\"  itemprop=\"thumbnailUrl\" ><div class='av-inner-masonry-sizer'><\/div><figure class='av-inner-masonry main_color'><div class=\"av-masonry-outerimage-container\"><div class=\"av-masonry-image-container\" style=\"background-image: url(https:\/\/casa.oaxaca.gob.mx\/wp-content\/uploads\/2025\/01\/Captura-de-Pantalla-2025-01-14-a-las-14.29.38-705x441.png);\"><img decoding=\"async\" src=\"https:\/\/casa.oaxaca.gob.mx\/wp-content\/uploads\/2025\/01\/Captura-de-Pantalla-2025-01-14-a-las-14.29.38-705x441.png\" title=\"Captura de Pantalla 2025-01-14 a la(s) 14.29.38\" alt=\"\" \/><\/div><\/div><\/figure><\/a><!--end av-masonry entry--><a href=\"https:\/\/casa.oaxaca.gob.mx\/wp-content\/uploads\/2025\/01\/Captura-de-Pantalla-2025-01-14-a-las-14.30.08-1030x644.png\" id='av-masonry-1-item-15346' data-av-masonry-item='15346' class='av-masonry-entry isotope-item post-15346 attachment type-attachment status-inherit hentry  av-masonry-item-with-image' title=\"\"  itemprop=\"thumbnailUrl\" ><div class='av-inner-masonry-sizer'><\/div><figure class='av-inner-masonry main_color'><div class=\"av-masonry-outerimage-container\"><div class=\"av-masonry-image-container\" style=\"background-image: url(https:\/\/casa.oaxaca.gob.mx\/wp-content\/uploads\/2025\/01\/Captura-de-Pantalla-2025-01-14-a-las-14.30.08-705x441.png);\"><img decoding=\"async\" src=\"https:\/\/casa.oaxaca.gob.mx\/wp-content\/uploads\/2025\/01\/Captura-de-Pantalla-2025-01-14-a-las-14.30.08-705x441.png\" title=\"Captura de Pantalla 2025-01-14 a la(s) 14.30.08\" alt=\"\" \/><\/div><\/div><\/figure><\/a><!--end av-masonry entry--><\/div><\/div><\/p><\/div>\n","protected":false},"excerpt":{"rendered":"","protected":false},"author":1,"featured_media":15336,"comment_status":"open","ping_status":"open","sticky":false,"template":"","format":"standard","meta":{"_exactmetrics_skip_tracking":false,"_exactmetrics_sitenote_active":false,"_exactmetrics_sitenote_note":"","_exactmetrics_sitenote_category":0,"footnotes":""},"categories":[204],"tags":[],"class_list":["post-15344","post","type-post","status-publish","format-standard","has-post-thumbnail","hentry","category-204"],"_links":{"self":[{"href":"https:\/\/casa.oaxaca.gob.mx\/index.php?rest_route=\/wp\/v2\/posts\/15344","targetHints":{"allow":["GET"]}}],"collection":[{"href":"https:\/\/casa.oaxaca.gob.mx\/index.php?rest_route=\/wp\/v2\/posts"}],"about":[{"href":"https:\/\/casa.oaxaca.gob.mx\/index.php?rest_route=\/wp\/v2\/types\/post"}],"author":[{"embeddable":true,"href":"https:\/\/casa.oaxaca.gob.mx\/index.php?rest_route=\/wp\/v2\/users\/1"}],"replies":[{"embeddable":true,"href":"https:\/\/casa.oaxaca.gob.mx\/index.php?rest_route=%2Fwp%2Fv2%2Fcomments&post=15344"}],"version-history":[{"count":2,"href":"https:\/\/casa.oaxaca.gob.mx\/index.php?rest_route=\/wp\/v2\/posts\/15344\/revisions"}],"predecessor-version":[{"id":15394,"href":"https:\/\/casa.oaxaca.gob.mx\/index.php?rest_route=\/wp\/v2\/posts\/15344\/revisions\/15394"}],"wp:featuredmedia":[{"embeddable":true,"href":"https:\/\/casa.oaxaca.gob.mx\/index.php?rest_route=\/wp\/v2\/media\/15336"}],"wp:attachment":[{"href":"https:\/\/casa.oaxaca.gob.mx\/index.php?rest_route=%2Fwp%2Fv2%2Fmedia&parent=15344"}],"wp:term":[{"taxonomy":"category","embeddable":true,"href":"https:\/\/casa.oaxaca.gob.mx\/index.php?rest_route=%2Fwp%2Fv2%2Fcategories&post=15344"},{"taxonomy":"post_tag","embeddable":true,"href":"https:\/\/casa.oaxaca.gob.mx\/index.php?rest_route=%2Fwp%2Fv2%2Ftags&post=15344"}],"curies":[{"name":"wp","href":"https:\/\/api.w.org\/{rel}","templated":true}]}}