{"id":15348,"date":"2025-01-20T17:10:14","date_gmt":"2025-01-20T23:10:14","guid":{"rendered":"https:\/\/casa.oaxaca.gob.mx\/?p=15348"},"modified":"2026-01-22T13:50:41","modified_gmt":"2026-01-22T19:50:41","slug":"taller-presencial-caligrafia-e-imagen-jesus-gonzalez","status":"publish","type":"post","link":"https:\/\/casa.oaxaca.gob.mx\/?p=15348","title":{"rendered":"Taller presencial. Caligraf\u00eda e imagen. Jes\u00fas Gonz\u00e1lez."},"content":{"rendered":"<\/div><\/div><\/div><!-- close content main div --><\/div><\/div><div id='av_section_1' class='avia-section main_color avia-section-no-padding avia-no-border-styling avia-full-stretch av-parallax-section avia-bg-style-parallax  av-minimum-height av-minimum-height-75 container_wrap fullsize'  data-section-bg-repeat='stretch' ><div class='av-parallax' data-avia-parallax-ratio='0.3' ><div class='av-parallax-inner main_color  avia-full-stretch' style = 'background-repeat: no-repeat; background-image: url(https:\/\/casa.oaxaca.gob.mx\/wp-content\/uploads\/2025\/01\/CALIGRAFIA-scaled.jpg); background-attachment: scroll; background-position: bottom center; ' ><\/div><\/div><div class='container' ><div class='template-page content  av-content-full alpha units'><div class='post-entry post-entry-type-page post-entry-15348'><div class='entry-content-wrapper clearfix'>\n<div style='padding-bottom:10px;color:#000000;font-size:50px;' class='av-special-heading av-special-heading-h3 custom-color-heading blockquote modern-quote  av-inherit-size'><h3 class='av-special-heading-tag'  itemprop=\"headline\"  >Taller presencial. Caligraf\u00eda e imagen.<\/h3><div class ='av-subheading av-subheading_below av_custom_color' style='font-size:25px;'><p>Imparte: Jes\u00fas Gonz\u00e1lez<\/p>\n<\/div><div class='special-heading-border'><div class='special-heading-inner-border' style='border-color:#000000'><\/div><\/div><\/div>\n\n<\/div><\/div><\/div><!-- close content main div --><\/div><\/div><div id='av-layout-grid-1' class='av-layout-grid-container entry-content-wrapper main_color av-flex-cells  container_wrap fullsize'   >\n<div class=\"flex_cell no_margin av_one_full   \" style='vertical-align:top; padding:30px; background-color:#ED9600; '><div class='flex_cell_inner' ><p><div class=\"flex_column av_one_fourth  flex_column_div av-zero-column-padding first  \" style='border-radius:0px; '><div style='padding-bottom:10px;color:#ffffff;' class='av-special-heading av-special-heading-h3 custom-color-heading blockquote modern-quote '><h3 class='av-special-heading-tag'  itemprop=\"headline\"  >Cierre de inscripciones<\/h3><div class ='av-subheading av-subheading_below av_custom_color' style='font-size:20px;'><p>Domingo 2 de febrero de 2025<\/p>\n<p>Publicaci\u00f3n de resultados:<br \/>\nMi\u00e9rcoles 5 de febrero de 2025<\/p>\n<\/div><div class='special-heading-border'><div class='special-heading-inner-border' style='border-color:#ffffff'><\/div><\/div><\/div><\/div><div class=\"flex_column av_one_fourth  flex_column_div av-zero-column-padding   \" style='border-radius:0px; '><div style='padding-bottom:10px;color:#ffffff;' class='av-special-heading av-special-heading-h3 custom-color-heading blockquote modern-quote  '><h3 class='av-special-heading-tag'  itemprop=\"headline\"  >Fechas<\/h3><div class ='av-subheading av-subheading_below av_custom_color' style='font-size:20px;'><p>Lunes a viernes<br \/>\nDel 10 al 14 de febrero<\/p>\n<\/div><div class='special-heading-border'><div class='special-heading-inner-border' style='border-color:#ffffff'><\/div><\/div><\/div><\/div><div class=\"flex_column av_one_fourth  flex_column_div av-zero-column-padding   \" style='border-radius:0px; '><div style='padding-bottom:10px;color:#ffffff;' class='av-special-heading av-special-heading-h3 custom-color-heading blockquote modern-quote  '><h3 class='av-special-heading-tag'  itemprop=\"headline\"  >Horario<\/h3><div class ='av-subheading av-subheading_below av_custom_color' style='font-size:20px;'><p>De 10 a 14 horas<\/p>\n<\/div><div class='special-heading-border'><div class='special-heading-inner-border' style='border-color:#ffffff'><\/div><\/div><\/div><\/div><div class=\"flex_column av_one_fourth  flex_column_div av-zero-column-padding   \" style='border-radius:0px; '><section class=\"avia_codeblock_section avia_code_block_0\"  itemscope=\"itemscope\" itemtype=\"https:\/\/schema.org\/BlogPosting\" itemprop=\"blogPost\" ><div class='avia_codeblock '  itemprop=\"text\" > [avia_codeblock_placeholder uid=\"0\"] <\/div><\/section><\/div><\/p>\n<\/div><\/div>\n<\/div>\n<div class=\"flex_column av_two_fifth  flex_column_div av-zero-column-padding first  \" style='border-radius:0px; '><p><div class='av-social-sharing-box '><div class='av-share-box'><h5 class='av-share-link-description'>Compartir esta actividad<\/h5><ul class='av-share-box-list noLightbox'><li class='av-share-link av-social-link-facebook' ><a target='_blank' href='http:\/\/www.facebook.com\/sharer.php?u=https:\/\/casa.oaxaca.gob.mx\/?p=15348&amp;t=Taller%20presencial.%20Caligraf%C3%ADa%20e%20imagen.%20Jes%C3%BAs%20Gonz%C3%A1lez.' aria-hidden='true' data-av_icon='\ue8f3' data-av_iconfont='entypo-fontello' title='' data-avia-related-tooltip='Share on Facebook'><span class='avia_hidden_link_text'>Share on Facebook<\/span><\/a><\/li><li class='av-share-link av-social-link-twitter' ><a target='_blank' href='https:\/\/twitter.com\/share?text=Taller%20presencial.%20Caligraf%C3%ADa%20e%20imagen.%20Jes%C3%BAs%20Gonz%C3%A1lez.&url=https:\/\/casa.oaxaca.gob.mx\/?p=15348' aria-hidden='true' data-av_icon='\ue8f1' data-av_iconfont='entypo-fontello' title='' data-avia-related-tooltip='Share on Twitter'><span class='avia_hidden_link_text'>Share on Twitter<\/span><\/a><\/li><li class='av-share-link av-social-link-gplus' ><a target='_blank' href='https:\/\/plus.google.com\/share?url=https:\/\/casa.oaxaca.gob.mx\/?p=15348' aria-hidden='true' data-av_icon='\ue8f6' data-av_iconfont='entypo-fontello' title='' data-avia-related-tooltip='Share on Google+'><span class='avia_hidden_link_text'>Share on Google+<\/span><\/a><\/li><li class='av-share-link av-social-link-pinterest' ><a target='_blank' href='http:\/\/pinterest.com\/pin\/create\/button\/?url=https%3A%2F%2Fcasa.oaxaca.gob.mx%2F%3Fp%3D15348&amp;description=Taller%20presencial.%20Caligraf%C3%ADa%20e%20imagen.%20Jes%C3%BAs%20Gonz%C3%A1lez.&amp;media=https%3A%2F%2Fcasa.oaxaca.gob.mx%2Fwp-content%2Fuploads%2F2025%2F01%2FCALIGRAFIA-CERRADO-705x484.jpg' aria-hidden='true' data-av_icon='\ue8f8' data-av_iconfont='entypo-fontello' title='' data-avia-related-tooltip='Share on Pinterest'><span class='avia_hidden_link_text'>Share on Pinterest<\/span><\/a><\/li><li class='av-share-link av-social-link-mail' ><a  href='mailto:?subject=Taller%20presencial.%20Caligraf%C3%ADa%20e%20imagen.%20Jes%C3%BAs%20Gonz%C3%A1lez.&amp;body=https:\/\/casa.oaxaca.gob.mx\/?p=15348' aria-hidden='true' data-av_icon='\ue805' data-av_iconfont='entypo-fontello' title='' data-avia-related-tooltip='Share by Mail'><span class='avia_hidden_link_text'>Share by Mail<\/span><\/a><\/li><\/ul><\/div><\/div><br \/>\n<div  class='hr hr-default '><span class='hr-inner ' ><span class='hr-inner-style'><\/span><\/span><\/div><br \/>\n<div style='padding-bottom:10px;font-size:30px;' class='av-special-heading av-special-heading-h3  blockquote modern-quote  av-inherit-size'><h3 class='av-special-heading-tag'  itemprop=\"headline\"  >Sobre el tallerista<\/h3><div class='special-heading-border'><div class='special-heading-inner-border' ><\/div><\/div><\/div><br \/>\n<div class='avia-data-table-wrap avia_responsive_table'><table class='avia-table avia-data-table avia-table-1  avia_pricing_default'  itemscope=\"itemscope\" itemtype=\"https:\/\/schema.org\/Table\" ><tbody><tr class='avia-heading-row'><th class=''>Jes\u00fas Gonz\u00e1lez (Oaxaca, M\u00e9xico)<\/th><\/tr><tr class=''><td class=''>Es originario de la regi\u00f3n mixteca del estado de Oaxaca. Estudi\u00f3 la licenciatura en Ingenier\u00eda industrial en el Instituto Tecnol\u00f3gico de Tlaxiaco y la licenciatura en Artes Pl\u00e1sticas y visuales con especialidad en pintura en la Universidad Aut\u00f3noma Benito Ju\u00e1rez de Oaxaca (FBA UABJO). Su propuesta art\u00edstica se desarrolla en el lugar com\u00fan, incorporando elementos del imaginario visual mixteco, utiliz\u00f3 como medio, la gr\u00e1fica y la pintura en gran formato, una parte importante es la participaci\u00f3n del p\u00fablico para realizar una obra colectiva.<\/p>\n<p>En el a\u00f1o 2016 fue beneficiario del programa para el Fortalecimiento de los Emprendimientos Ciudadanos, Art\u00edsticos y Culturales C*16, con el proyecto \u201cMural cin\u00e9tico. Ense\u00f1anza Art\u00edstica en Movimiento\u201d. En el a\u00f1o 2017 realic\u00e9 el proyecto \u201cCentro Cultural Comunitario Los Conos\u201d, como parte del Colectivo Pelota Mixteca, obteniendo la beca del programa de Apoyo a las Culturas Municipales y Comunitarias (PACMyC), el cual se ha consolidado al desarrollar proyectos art\u00edsticos y culturales que impactan a la comunidad, ejemplo de ello ha sido: la realizaci\u00f3n de murales, talleres, cursos, conferencias, lecturas, cine, m\u00fasica, entre otros. En el a\u00f1o 2019, desarroll\u00f3 el proyecto Ve\u2019e skua\u2019a, casa de ense\u00f1anza intercultural, el cual tiene como objetivo vincular el arte con el juego y la lengua mixteca. Este proyecto fue aprobado por el Instituto Nacional de los Pueblos Ind\u00edgenas (INPI), siendo un proyecto comunitario. He realizado intercambios culturales y art\u00edsticos en la ciudad de Montreal Canad\u00e1, invitado por La Fraternit\u00e9 Culturelle des Ameriques para participar en el FESTIVARTMX en un proyecto pict\u00f3rico y exposici\u00f3n de gr\u00e1fica de gran formato, as\u00ed como por Spanish and Latin American Students Association SLASA para realizar un mural de la identidad mixteca. Fui seleccionado para hacer una residencia en el Centro Banff, Alberta, Canad\u00e1, otorgado en el marco de la convocatoria 2019, del programa de Residencias Art\u00edsticas por el Fondo Nacional para la Cultura y las Artes (FONCA).<\/td><\/tr><\/tbody><\/table><\/div><style type='text\/css'>.avia-table-1 td:nth-of-type(1):before { content: 'Jes\u00fas Gonz\u00e1lez (Oaxaca, M\u00e9xico)'; } <\/style><\/p><\/div>\n<div class=\"flex_column av_three_fifth  flex_column_div av-zero-column-padding   \" style='border-radius:0px; '><p><div style='padding-bottom:10px;font-size:30px;' class='av-special-heading av-special-heading-h3  blockquote modern-quote   av-inherit-size'><h3 class='av-special-heading-tag'  itemprop=\"headline\"  >Acerca del taller<\/h3><div class='special-heading-border'><div class='special-heading-inner-border' ><\/div><\/div><\/div><br \/>\n<div class='avia-data-table-wrap avia_responsive_table'><table class='avia-table avia-data-table avia-table-2  avia_pricing_default'  itemscope=\"itemscope\" itemtype=\"https:\/\/schema.org\/Table\" ><tbody><tr class='avia-heading-row'><th class=''>LISTA DE SELECCIONADOS<\/th><\/tr><tr class=''><td class=''>Juan Arturo Morales Santiago<\/p>\n<p>Sara Mar\u00eda Mendoza M\u00e9ndez<\/p>\n<p>Roberto Carlos Flores S\u00e1enz<\/p>\n<p>Nevin Jacob Reyes Benites<\/p>\n<p>Elquin V\u00e1zquez Hern\u00e1ndez<\/p>\n<p>Mariel Terrones Herrera<\/p>\n<p>V\u00edctor Manuel Hern\u00e1ndez Pacheco<\/p>\n<p>Paola Natalia Romero Laudi<\/p>\n<p>Daniela Rend\u00f3n Jim\u00e9nez<\/p>\n<p>Jos\u00e9 Carlos Luis Castillejos<\/p>\n<p>Alexis K Lapointe<\/p>\n<p>V\u00edctor Manuel Pe\u00f1a Lucero<\/td><\/tr><\/tbody><\/table><\/div><style type='text\/css'>.avia-table-2 td:nth-of-type(1):before { content: 'LISTA DE SELECCIONADOS'; } <\/style><br \/>\n<div class='avia-data-table-wrap avia_responsive_table'><table class='avia-table avia-data-table avia-table-3  avia_pricing_default'  itemscope=\"itemscope\" itemtype=\"https:\/\/schema.org\/Table\" ><tbody><tr class='avia-heading-row'><th class=''>Descripci\u00f3n general<\/th><\/tr><tr class=''><td class=''>El taller propone entender la pr\u00e1ctica de la caligraf\u00eda y la representaci\u00f3n de la imagen pict\u00f3rica como un mismo lenguaje. A trav\u00e9s del trazo y del dibujo se busca desarrollar la habilidad del uso de distintas herramientas como: brochas, pinceles, plumillas, medios artesanales etc.; con el objetivo de reconocer las calidades de l\u00ednea, las diferentes texturas y las posibilidades que genera utilizar el signo y la imagen en un mismo soporte.<\/p>\n<p>Al final generar una composici\u00f3n con texto e im\u00e1genes para generar un nuevo producto, el cual puede ser utilitario o art\u00edstico.<\/td><\/tr><tr class='avia-heading-row'><th class=''>Objetivo general<\/th><\/tr><tr class=''><td class=''>Explorar y comprender la interrelaci\u00f3n entre la caligraf\u00eda y la representaci\u00f3n pict\u00f3rica como formas de expresi\u00f3n visual, integrando el trazo y el dibujo para desarrollar una pr\u00e1ctica art\u00edstica que unifique ambos lenguajes en un proceso creativo. Como objetivo general, resalta la idea de vincular dos disciplinas (caligraf\u00eda y pintura) mediante el uso del trazo y del dibujo, promoviendo la exploraci\u00f3n de su relaci\u00f3n y fusi\u00f3n dentro de un contexto art\u00edstico.<\/td><\/tr><tr class='avia-heading-row'><th class=''>Objetivos espec\u00edficos<\/th><\/tr><tr class=''><td class=''>&#8211; Aprender hacer trazos fluidos y art\u00edsticos de distintas tipograf\u00edas.<br \/>\n&#8211; Aprender a utilizar distintas herramientas y medios pict\u00f3ricos.<br \/>\n&#8211; Elaborar un producto utilitario o art\u00edstico.<\/td><\/tr><tr class='avia-heading-row'><th class=''>Temas<\/th><\/tr><tr class=''><td class=''>&#8211; Revisi\u00f3n de artistas que usan la caligraf\u00eda como parte de su obra.<br \/>\n&#8211; Reconocimiento de distintas tipograf\u00edas y su contexto.<br \/>\n&#8211; Uso de distintas Herramientas<br \/>\n&#8211; Pr\u00e1ctica de trazo y dibujo con diferentes herramientas.<br \/>\n&#8211; Elaboraci\u00f3n de una plumilla artesanal.<br \/>\n&#8211; Dise\u00f1o de propias tipograf\u00edas<br \/>\n&#8211; Caligraf\u00eda de gran formato.<br \/>\n&#8211; Dibujo acad\u00e9mico<br \/>\n&#8211; Teor\u00eda del color<br \/>\n&#8211; Principios de ilustraci\u00f3n<br \/>\n&#8211; Realizaci\u00f3n de un producto utilitario o art\u00edstico.<\/td><\/tr><\/tbody><\/table><\/div><style type='text\/css'>.avia-table-3 td:nth-of-type(1):before { content: 'Descripci\u00f3n general'; } <\/style><br \/>\n<div style='padding-bottom:10px;font-size:30px;' class='av-special-heading av-special-heading-h3  blockquote modern-quote   av-inherit-size'><h3 class='av-special-heading-tag'  itemprop=\"headline\"  >Requisitos de inscripci\u00f3n<\/h3><div class='special-heading-border'><div class='special-heading-inner-border' ><\/div><\/div><\/div><br \/>\n<div class='avia-data-table-wrap avia_responsive_table'><table class='avia-table avia-data-table avia-table-4  avia_pricing_default'  itemscope=\"itemscope\" itemtype=\"https:\/\/schema.org\/Table\" ><tbody><tr class='avia-heading-row'><th class=''>Dirigido al p\u00fablico en general, que tenga inter\u00e9s en aprender la t\u00e9cnica.<\/th><\/tr><tr class=''><td class=''>&#8211; Si tienes inter\u00e9s deber\u00e1s llenar el formulario con los datos completos que se encuentra en esta p\u00e1gina.<br \/>\n&#8211; La lista de seleccionados se publicar\u00e1 en esta p\u00e1gina, se les notificar\u00e1 a trav\u00e9s de un correo electr\u00f3nico con los detalles de la actividad.<br \/>\n&#8211; Actividad gratuita.<br \/>\n<\/td><\/tr><\/tbody><\/table><\/div><style type='text\/css'>.avia-table-4 td:nth-of-type(1):before { content: 'Dirigido al p\u00fablico en general, que tenga inter\u00e9s en aprender la t\u00e9cnica.'; } <\/style><br \/>\n<div class='avia-data-table-wrap avia_responsive_table'><table class='avia-table avia-data-table avia-table-5  avia_pricing_default'  itemscope=\"itemscope\" itemtype=\"https:\/\/schema.org\/Table\" ><tbody><tr class='avia-heading-row'><th class=''>Material que se le solicitar\u00e1 al alumno(a)<\/th><\/tr><tr class=''><td class=''>&#8211; Bol\u00edgrafos<br \/>\n&#8211; Colores<br \/>\n&#8211; Hojas blancas y milimetricas<br \/>\n&#8211; Pintura acr\u00edlica de distintos colores<br \/>\n&#8211; Pinceles y brochas<\/td><\/tr><\/tbody><\/table><\/div><style type='text\/css'>.avia-table-5 td:nth-of-type(1):before { content: 'Material que se le solicitar\u00e1 al alumno(a)'; } <\/style><br \/>\n<div class='avia-data-table-wrap avia_responsive_table'><table class='avia-table avia-data-table avia-table-6  avia_pricing_default'  itemscope=\"itemscope\" itemtype=\"https:\/\/schema.org\/Table\" ><tbody><tr class='avia-heading-row'><th class=''>Nota para los seleccionados<\/th><\/tr><tr class=''><td class=''>&#8211; Clases presenciales en el taller de Gr\u00e1fica tradicional del CaSa<br \/>\n&#8211; Se dejar\u00e1n ejercicios espec\u00edficos a cada estudiante, es fundamental realizarlos para continuar con la siguiente clase.<br \/>\n&#8211; Tener el compromiso y el tiempo para llevar a cabo el taller, ya que las inasistencias injustificadas ser\u00e1n motivo de suspensi\u00f3n y no podr\u00e1 ingresar a talleres futuros.<br \/>\n&#8211; Durante el taller nos estaremos comunicando por medio de mensajes en un grupo de WhatsApp, por ser una herramienta m\u00e1s r\u00e1pida para poder tener una mejor comunicaci\u00f3n con lo que respecta al taller.<\/td><\/tr><\/tbody><\/table><\/div><style type='text\/css'>.avia-table-6 td:nth-of-type(1):before { content: 'Nota para los seleccionados'; } <\/style><br \/>\n<div id='av-masonry-1' class='av-masonry noHover av-fixed-size av-large-gap av-hover-overlay-active av-masonry-col-flexible av-caption-always av-caption-style- av-masonry-gallery  '  ><div class='av-masonry-container isotope av-js-disabled ' ><div class='av-masonry-entry isotope-item av-masonry-item-no-image '><\/div><a href=\"https:\/\/casa.oaxaca.gob.mx\/wp-content\/uploads\/2025\/01\/DSC06976-1-1030x687.jpg\" id='av-masonry-1-item-15351' data-av-masonry-item='15351' class='av-masonry-entry isotope-item post-15351 attachment type-attachment status-inherit hentry  av-masonry-item-with-image' title=\"\"  itemprop=\"thumbnailUrl\" ><div class='av-inner-masonry-sizer'><\/div><figure class='av-inner-masonry main_color'><div class=\"av-masonry-outerimage-container\"><div class=\"av-masonry-image-container\" style=\"background-image: url(https:\/\/casa.oaxaca.gob.mx\/wp-content\/uploads\/2025\/01\/DSC06976-1-705x470.jpg);\"><img decoding=\"async\" src=\"https:\/\/casa.oaxaca.gob.mx\/wp-content\/uploads\/2025\/01\/DSC06976-1-705x470.jpg\" title=\"DSC06976\" alt=\"\" \/><\/div><\/div><\/figure><\/a><!--end av-masonry entry--><a href=\"https:\/\/casa.oaxaca.gob.mx\/wp-content\/uploads\/2025\/01\/IMG-20250115-WA0004-1-866x1030.jpg\" id='av-masonry-1-item-15352' data-av-masonry-item='15352' class='av-masonry-entry isotope-item post-15352 attachment type-attachment status-inherit hentry  av-masonry-item-with-image' title=\"\"  itemprop=\"thumbnailUrl\" ><div class='av-inner-masonry-sizer'><\/div><figure class='av-inner-masonry main_color'><div class=\"av-masonry-outerimage-container\"><div class=\"av-masonry-image-container\" style=\"background-image: url(https:\/\/casa.oaxaca.gob.mx\/wp-content\/uploads\/2025\/01\/IMG-20250115-WA0004-1-593x705.jpg);\"><img decoding=\"async\" src=\"https:\/\/casa.oaxaca.gob.mx\/wp-content\/uploads\/2025\/01\/IMG-20250115-WA0004-1-593x705.jpg\" title=\"IMG-20250115-WA0004\" alt=\"\" \/><\/div><\/div><\/figure><\/a><!--end av-masonry entry--><\/div><\/div><\/p><\/div>\n","protected":false},"excerpt":{"rendered":"","protected":false},"author":1,"featured_media":15330,"comment_status":"open","ping_status":"open","sticky":false,"template":"","format":"standard","meta":{"_exactmetrics_skip_tracking":false,"_exactmetrics_sitenote_active":false,"_exactmetrics_sitenote_note":"","_exactmetrics_sitenote_category":0,"footnotes":""},"categories":[204],"tags":[],"class_list":["post-15348","post","type-post","status-publish","format-standard","has-post-thumbnail","hentry","category-204"],"_links":{"self":[{"href":"https:\/\/casa.oaxaca.gob.mx\/index.php?rest_route=\/wp\/v2\/posts\/15348","targetHints":{"allow":["GET"]}}],"collection":[{"href":"https:\/\/casa.oaxaca.gob.mx\/index.php?rest_route=\/wp\/v2\/posts"}],"about":[{"href":"https:\/\/casa.oaxaca.gob.mx\/index.php?rest_route=\/wp\/v2\/types\/post"}],"author":[{"embeddable":true,"href":"https:\/\/casa.oaxaca.gob.mx\/index.php?rest_route=\/wp\/v2\/users\/1"}],"replies":[{"embeddable":true,"href":"https:\/\/casa.oaxaca.gob.mx\/index.php?rest_route=%2Fwp%2Fv2%2Fcomments&post=15348"}],"version-history":[{"count":4,"href":"https:\/\/casa.oaxaca.gob.mx\/index.php?rest_route=\/wp\/v2\/posts\/15348\/revisions"}],"predecessor-version":[{"id":15393,"href":"https:\/\/casa.oaxaca.gob.mx\/index.php?rest_route=\/wp\/v2\/posts\/15348\/revisions\/15393"}],"wp:featuredmedia":[{"embeddable":true,"href":"https:\/\/casa.oaxaca.gob.mx\/index.php?rest_route=\/wp\/v2\/media\/15330"}],"wp:attachment":[{"href":"https:\/\/casa.oaxaca.gob.mx\/index.php?rest_route=%2Fwp%2Fv2%2Fmedia&parent=15348"}],"wp:term":[{"taxonomy":"category","embeddable":true,"href":"https:\/\/casa.oaxaca.gob.mx\/index.php?rest_route=%2Fwp%2Fv2%2Fcategories&post=15348"},{"taxonomy":"post_tag","embeddable":true,"href":"https:\/\/casa.oaxaca.gob.mx\/index.php?rest_route=%2Fwp%2Fv2%2Ftags&post=15348"}],"curies":[{"name":"wp","href":"https:\/\/api.w.org\/{rel}","templated":true}]}}