{"id":15377,"date":"2025-01-31T16:01:29","date_gmt":"2025-01-31T22:01:29","guid":{"rendered":"https:\/\/casa.oaxaca.gob.mx\/?p=15377"},"modified":"2025-01-31T16:02:56","modified_gmt":"2025-01-31T22:02:56","slug":"restauracion-de-las-puertas-de-madera-y-cerraduras-del-centro-de-las-artes-de-san-agustin","status":"publish","type":"post","link":"https:\/\/casa.oaxaca.gob.mx\/?p=15377","title":{"rendered":"RESTAURACI\u00d3N DE LAS PUERTAS DE MADERA Y CERRADURAS DEL CENTRO DE LAS ARTES DE SAN AGUST\u00cdN"},"content":{"rendered":"<div class=\"flex_column av_three_fifth  flex_column_div av-zero-column-padding first  \" style='border-radius:0px; '><section class=\"av_textblock_section\"  itemscope=\"itemscope\" itemtype=\"https:\/\/schema.org\/BlogPosting\" itemprop=\"blogPost\" ><div class='avia_textblock '   itemprop=\"text\" ><p><strong><span style=\"font-family: arial, helvetica, sans-serif;\">RESTAURACI\u00d3NLAS PUERTAS DE MADERA Y CERRADURAS DEL CENTRO DE LAS ARTES DE SAN AGUST\u00cdN<\/span><\/strong><\/p>\n<p><span style=\"font-weight: 400;\">Durante la restauraci\u00f3n de la ex F\u00e1brica de Hilados y Tejidos La Soledad, se busc\u00f3 respetar la estructura original del inmueble, la obra estuvo a cargo de la arquitecta Claudina L\u00f3pez Morales.<\/span><\/p>\n<p><span style=\"font-weight: 400;\">Dando continuidad al mantenimiento del edificio, actualmente se realiza el mantenimiento de las puertas de madera del CaSa, integrando los trabajos de carpinter\u00eda al dise\u00f1o original de la fachada del edificio. Estas acciones se desarollan gracias al apoyo del Programa de Desarrollo de Arte y Cultura Citibanamex, en conjunto con la Asociaci\u00f3n Civil Francisco Toledo. \u00c9stas acciones permiten continuar ofreciendo un espacio digno y seguro para las y los visitantes del CaSa.<\/span><\/p>\n<p><span style=\"font-weight: 400;\">#CitibanamexCS #Citibanamex<\/span><\/p>\n<\/div><\/section><\/div>\n<div class=\"flex_column av_two_fifth  flex_column_div av-zero-column-padding   \" style='border-radius:0px; '><div id='av-masonry-1' class='av-masonry noHover av-fixed-size av-large-gap av-hover-overlay- av-masonry-col-2 av-caption-always av-caption-style- av-masonry-gallery  '  ><div class='av-masonry-container isotope av-js-disabled ' ><div class='av-masonry-entry isotope-item av-masonry-item-no-image '><\/div><a href=\"https:\/\/casa.oaxaca.gob.mx\/wp-content\/uploads\/2025\/01\/Banamex-enero-1030x773.jpg\" id='av-masonry-1-item-15378' data-av-masonry-item='15378' class='av-masonry-entry isotope-item post-15378 attachment type-attachment status-inherit hentry  av-masonry-item-with-image' title=\"\"  itemprop=\"thumbnailUrl\" ><div class='av-inner-masonry-sizer'><\/div><figure class='av-inner-masonry main_color'><div class=\"av-masonry-outerimage-container\"><div class=\"av-masonry-image-container\" style=\"background-image: url(https:\/\/casa.oaxaca.gob.mx\/wp-content\/uploads\/2025\/01\/Banamex-enero-705x529.jpg);\"><img decoding=\"async\" src=\"https:\/\/casa.oaxaca.gob.mx\/wp-content\/uploads\/2025\/01\/Banamex-enero-705x529.jpg\" title=\"Banamex enero\" alt=\"\" \/><\/div><\/div><\/figure><\/a><!--end av-masonry entry--><a href=\"https:\/\/casa.oaxaca.gob.mx\/wp-content\/uploads\/2025\/01\/Banamex-Enero3-1030x773.jpg\" id='av-masonry-1-item-15379' data-av-masonry-item='15379' class='av-masonry-entry isotope-item post-15379 attachment type-attachment status-inherit hentry  av-masonry-item-with-image' title=\"\"  itemprop=\"thumbnailUrl\" ><div class='av-inner-masonry-sizer'><\/div><figure class='av-inner-masonry main_color'><div class=\"av-masonry-outerimage-container\"><div class=\"av-masonry-image-container\" style=\"background-image: url(https:\/\/casa.oaxaca.gob.mx\/wp-content\/uploads\/2025\/01\/Banamex-Enero3-705x529.jpg);\"><img decoding=\"async\" src=\"https:\/\/casa.oaxaca.gob.mx\/wp-content\/uploads\/2025\/01\/Banamex-Enero3-705x529.jpg\" title=\"Banamex Enero3\" alt=\"\" \/><\/div><\/div><\/figure><\/a><!--end av-masonry entry--><a href=\"https:\/\/casa.oaxaca.gob.mx\/wp-content\/uploads\/2025\/01\/Banamexenero2-1030x773.jpg\" id='av-masonry-1-item-15380' data-av-masonry-item='15380' class='av-masonry-entry isotope-item post-15380 attachment type-attachment status-inherit hentry  av-masonry-item-with-image' title=\"\"  itemprop=\"thumbnailUrl\" ><div class='av-inner-masonry-sizer'><\/div><figure class='av-inner-masonry main_color'><div class=\"av-masonry-outerimage-container\"><div class=\"av-masonry-image-container\" style=\"background-image: url(https:\/\/casa.oaxaca.gob.mx\/wp-content\/uploads\/2025\/01\/Banamexenero2-705x529.jpg);\"><img decoding=\"async\" src=\"https:\/\/casa.oaxaca.gob.mx\/wp-content\/uploads\/2025\/01\/Banamexenero2-705x529.jpg\" title=\"Banamexenero2\" alt=\"\" \/><\/div><\/div><\/figure><\/a><!--end av-masonry entry--><\/div><div class='av-masonry-pagination av-masonry-pagination-pagination'><nav class='pagination'><span class='pagination-meta'>Page 1 of 0<\/span><\/nav>\n<\/div><\/div><\/div><div class='av-social-sharing-box '><div class='av-share-box'><ul class='av-share-box-list noLightbox'><li class='av-share-link av-social-link-facebook' ><a target='_blank' href='http:\/\/www.facebook.com\/sharer.php?u=https:\/\/casa.oaxaca.gob.mx\/?p=15377&amp;t=RESTAURACI%C3%93N%20DE%20LAS%20PUERTAS%20DE%20MADERA%20Y%20CERRADURAS%20DEL%20CENTRO%20DE%20LAS%20ARTES%20DE%20SAN%20AGUST%C3%8DN' aria-hidden='true' data-av_icon='\ue8f3' data-av_iconfont='entypo-fontello' title='' data-avia-related-tooltip='Share on Facebook'><span class='avia_hidden_link_text'>Share on Facebook<\/span><\/a><\/li><li class='av-share-link av-social-link-twitter' ><a target='_blank' href='https:\/\/twitter.com\/share?text=RESTAURACI%C3%93N%20DE%20LAS%20PUERTAS%20DE%20MADERA%20Y%20CERRADURAS%20DEL%20CENTRO%20DE%20LAS%20ARTES%20DE%20SAN%20AGUST%C3%8DN&url=https:\/\/casa.oaxaca.gob.mx\/?p=15377' aria-hidden='true' data-av_icon='\ue8f1' data-av_iconfont='entypo-fontello' title='' data-avia-related-tooltip='Share on Twitter'><span class='avia_hidden_link_text'>Share on Twitter<\/span><\/a><\/li><li class='av-share-link av-social-link-gplus' ><a target='_blank' href='https:\/\/plus.google.com\/share?url=https:\/\/casa.oaxaca.gob.mx\/?p=15377' aria-hidden='true' data-av_icon='\ue8f6' data-av_iconfont='entypo-fontello' title='' data-avia-related-tooltip='Share on Google+'><span class='avia_hidden_link_text'>Share on Google+<\/span><\/a><\/li><li class='av-share-link av-social-link-pinterest' ><a target='_blank' href='http:\/\/pinterest.com\/pin\/create\/button\/?url=https%3A%2F%2Fcasa.oaxaca.gob.mx%2F%3Fp%3D15377&amp;description=RESTAURACI%C3%93N%20DE%20LAS%20PUERTAS%20DE%20MADERA%20Y%20CERRADURAS%20DEL%20CENTRO%20DE%20LAS%20ARTES%20DE%20SAN%20AGUST%C3%8DN&amp;media=https%3A%2F%2Fcasa.oaxaca.gob.mx%2Fwp-content%2Fuploads%2F2025%2F01%2FBanamex-Enero3-705x529.jpg' aria-hidden='true' data-av_icon='\ue8f8' data-av_iconfont='entypo-fontello' title='' data-avia-related-tooltip='Share on Pinterest'><span class='avia_hidden_link_text'>Share on Pinterest<\/span><\/a><\/li><li class='av-share-link av-social-link-linkedin' ><a target='_blank' href='http:\/\/linkedin.com\/shareArticle?mini=true&amp;title=RESTAURACI%C3%93N%20DE%20LAS%20PUERTAS%20DE%20MADERA%20Y%20CERRADURAS%20DEL%20CENTRO%20DE%20LAS%20ARTES%20DE%20SAN%20AGUST%C3%8DN&amp;url=https:\/\/casa.oaxaca.gob.mx\/?p=15377' aria-hidden='true' data-av_icon='\ue8fc' data-av_iconfont='entypo-fontello' title='' data-avia-related-tooltip='Share on Linkedin'><span class='avia_hidden_link_text'>Share on Linkedin<\/span><\/a><\/li><li class='av-share-link av-social-link-tumblr' ><a target='_blank' href='http:\/\/www.tumblr.com\/share\/link?url=https%3A%2F%2Fcasa.oaxaca.gob.mx%2F%3Fp%3D15377&amp;name=RESTAURACI%C3%93N%20DE%20LAS%20PUERTAS%20DE%20MADERA%20Y%20CERRADURAS%20DEL%20CENTRO%20DE%20LAS%20ARTES%20DE%20SAN%20AGUST%C3%8DN&amp;description=' aria-hidden='true' data-av_icon='\ue8fa' data-av_iconfont='entypo-fontello' title='' data-avia-related-tooltip='Share on Tumblr'><span class='avia_hidden_link_text'>Share on Tumblr<\/span><\/a><\/li><li class='av-share-link av-social-link-vk' ><a target='_blank' href='http:\/\/vk.com\/share.php?url=https:\/\/casa.oaxaca.gob.mx\/?p=15377' aria-hidden='true' data-av_icon='\ue926' data-av_iconfont='entypo-fontello' title='' data-avia-related-tooltip='Share on Vk'><span class='avia_hidden_link_text'>Share on Vk<\/span><\/a><\/li><li class='av-share-link av-social-link-reddit' ><a target='_blank' href='http:\/\/reddit.com\/submit?url=https:\/\/casa.oaxaca.gob.mx\/?p=15377&amp;title=RESTAURACI%C3%93N%20DE%20LAS%20PUERTAS%20DE%20MADERA%20Y%20CERRADURAS%20DEL%20CENTRO%20DE%20LAS%20ARTES%20DE%20SAN%20AGUST%C3%8DN' aria-hidden='true' data-av_icon='\ue927' data-av_iconfont='entypo-fontello' title='' data-avia-related-tooltip='Share on Reddit'><span class='avia_hidden_link_text'>Share on Reddit<\/span><\/a><\/li><li class='av-share-link av-social-link-mail' ><a  href='mailto:?subject=RESTAURACI%C3%93N%20DE%20LAS%20PUERTAS%20DE%20MADERA%20Y%20CERRADURAS%20DEL%20CENTRO%20DE%20LAS%20ARTES%20DE%20SAN%20AGUST%C3%8DN&amp;body=https:\/\/casa.oaxaca.gob.mx\/?p=15377' aria-hidden='true' data-av_icon='\ue805' data-av_iconfont='entypo-fontello' title='' data-avia-related-tooltip='Share by Mail'><span class='avia_hidden_link_text'>Share by Mail<\/span><\/a><\/li><\/ul><\/div><\/div><\/p>\n<div class=\"flex_column av_one_half  flex_column_div av-zero-column-padding first  \" style='border-radius:0px; '><\/div>\n<div class=\"flex_column av_one_half  flex_column_div av-zero-column-padding   \" style='border-radius:0px; '><\/div>\n<div class=\"flex_column av_one_half  flex_column_div av-zero-column-padding first  \" style='border-radius:0px; '><\/div>\n<div class=\"flex_column av_one_half  flex_column_div av-zero-column-padding   \" style='border-radius:0px; '><\/div>\n","protected":false},"excerpt":{"rendered":"","protected":false},"author":1,"featured_media":15379,"comment_status":"open","ping_status":"open","sticky":false,"template":"","format":"standard","meta":{"_exactmetrics_skip_tracking":false,"_exactmetrics_sitenote_active":false,"_exactmetrics_sitenote_note":"","_exactmetrics_sitenote_category":0,"footnotes":""},"categories":[195],"tags":[],"class_list":["post-15377","post","type-post","status-publish","format-standard","has-post-thumbnail","hentry","category-programa-de-desarrollo-de-arte-y-cultura-citibanamex"],"_links":{"self":[{"href":"https:\/\/casa.oaxaca.gob.mx\/index.php?rest_route=\/wp\/v2\/posts\/15377","targetHints":{"allow":["GET"]}}],"collection":[{"href":"https:\/\/casa.oaxaca.gob.mx\/index.php?rest_route=\/wp\/v2\/posts"}],"about":[{"href":"https:\/\/casa.oaxaca.gob.mx\/index.php?rest_route=\/wp\/v2\/types\/post"}],"author":[{"embeddable":true,"href":"https:\/\/casa.oaxaca.gob.mx\/index.php?rest_route=\/wp\/v2\/users\/1"}],"replies":[{"embeddable":true,"href":"https:\/\/casa.oaxaca.gob.mx\/index.php?rest_route=%2Fwp%2Fv2%2Fcomments&post=15377"}],"version-history":[{"count":3,"href":"https:\/\/casa.oaxaca.gob.mx\/index.php?rest_route=\/wp\/v2\/posts\/15377\/revisions"}],"predecessor-version":[{"id":15383,"href":"https:\/\/casa.oaxaca.gob.mx\/index.php?rest_route=\/wp\/v2\/posts\/15377\/revisions\/15383"}],"wp:featuredmedia":[{"embeddable":true,"href":"https:\/\/casa.oaxaca.gob.mx\/index.php?rest_route=\/wp\/v2\/media\/15379"}],"wp:attachment":[{"href":"https:\/\/casa.oaxaca.gob.mx\/index.php?rest_route=%2Fwp%2Fv2%2Fmedia&parent=15377"}],"wp:term":[{"taxonomy":"category","embeddable":true,"href":"https:\/\/casa.oaxaca.gob.mx\/index.php?rest_route=%2Fwp%2Fv2%2Fcategories&post=15377"},{"taxonomy":"post_tag","embeddable":true,"href":"https:\/\/casa.oaxaca.gob.mx\/index.php?rest_route=%2Fwp%2Fv2%2Ftags&post=15377"}],"curies":[{"name":"wp","href":"https:\/\/api.w.org\/{rel}","templated":true}]}}