{"id":15384,"date":"2025-01-31T18:10:21","date_gmt":"2025-02-01T00:10:21","guid":{"rendered":"https:\/\/casa.oaxaca.gob.mx\/?p=15384"},"modified":"2026-01-22T13:56:21","modified_gmt":"2026-01-22T19:56:21","slug":"programa-jovenes-construyendo-el-futuro","status":"publish","type":"post","link":"https:\/\/casa.oaxaca.gob.mx\/?p=15384","title":{"rendered":"PROGRAMA J\u00d3VENES CONSTRUYENDO EL FUTURO"},"content":{"rendered":"<\/div><\/div><\/div><!-- close content main div --><\/div><\/div><div id='av_section_1' class='avia-section main_color avia-section-no-padding avia-no-border-styling avia-full-stretch av-parallax-section avia-bg-style-parallax  av-minimum-height av-minimum-height-75 container_wrap fullsize'  data-section-bg-repeat='stretch' ><div class='av-parallax' data-avia-parallax-ratio='0.3' ><div class='av-parallax-inner main_color  avia-full-stretch' style = 'background-repeat: no-repeat; background-image: url(https:\/\/casa.oaxaca.gob.mx\/wp-content\/uploads\/2025\/01\/Jovenes3-scaled.jpg); background-attachment: scroll; background-position: bottom center; ' ><\/div><\/div><div class='container' ><div class='template-page content  av-content-full alpha units'><div class='post-entry post-entry-type-page post-entry-15384'><div class='entry-content-wrapper clearfix'>\n<div style='padding-bottom:10px;color:#ffffff;font-size:50px;' class='av-special-heading av-special-heading-h3 custom-color-heading blockquote modern-quote  av-inherit-size'><h3 class='av-special-heading-tag'  itemprop=\"headline\"  >PROGRAMA J\u00d3VENES CONSTRUYENDO EL FUTURO<\/h3><div class='special-heading-border'><div class='special-heading-inner-border' style='border-color:#ffffff'><\/div><\/div><\/div>\n\n<\/div><\/div><\/div><!-- close content main div --><\/div><\/div><div id='av-layout-grid-1' class='av-layout-grid-container entry-content-wrapper main_color av-flex-cells  container_wrap fullsize'   >\n<div class=\"flex_cell no_margin av_one_full   \" style='vertical-align:top; padding:30px; background-color:#006bb2; '><div class='flex_cell_inner' ><p><div class=\"flex_column av_one_third  flex_column_div av-zero-column-padding first  \" style='border-radius:0px; '><\/div><div class=\"flex_column av_one_third  flex_column_div av-zero-column-padding   \" style='border-radius:0px; '><\/div><div class=\"flex_column av_one_third  flex_column_div av-zero-column-padding   \" style='border-radius:0px; '><\/div><\/p>\n<\/div><\/div>\n<\/div>\n<div class=\"flex_column av_two_third  flex_column_div av-zero-column-padding first  \" style='background-color:#ffffff; border-radius:0px; '><p><div class='av-social-sharing-box '><div class='av-share-box'><h5 class='av-share-link-description'>Compartir esta actividad<\/h5><ul class='av-share-box-list noLightbox'><li class='av-share-link av-social-link-facebook' ><a target='_blank' href='http:\/\/www.facebook.com\/sharer.php?u=https:\/\/casa.oaxaca.gob.mx\/?p=15384&amp;t=PROGRAMA%20J%C3%93VENES%20CONSTRUYENDO%20EL%20FUTURO' aria-hidden='true' data-av_icon='\ue8f3' data-av_iconfont='entypo-fontello' title='' data-avia-related-tooltip='Share on Facebook'><span class='avia_hidden_link_text'>Share on Facebook<\/span><\/a><\/li><li class='av-share-link av-social-link-twitter' ><a target='_blank' href='https:\/\/twitter.com\/share?text=PROGRAMA%20J%C3%93VENES%20CONSTRUYENDO%20EL%20FUTURO&url=https:\/\/casa.oaxaca.gob.mx\/?p=15384' aria-hidden='true' data-av_icon='\ue8f1' data-av_iconfont='entypo-fontello' title='' data-avia-related-tooltip='Share on Twitter'><span class='avia_hidden_link_text'>Share on Twitter<\/span><\/a><\/li><li class='av-share-link av-social-link-gplus' ><a target='_blank' href='https:\/\/plus.google.com\/share?url=https:\/\/casa.oaxaca.gob.mx\/?p=15384' aria-hidden='true' data-av_icon='\ue8f6' data-av_iconfont='entypo-fontello' title='' data-avia-related-tooltip='Share on Google+'><span class='avia_hidden_link_text'>Share on Google+<\/span><\/a><\/li><li class='av-share-link av-social-link-pinterest' ><a target='_blank' href='http:\/\/pinterest.com\/pin\/create\/button\/?url=https%3A%2F%2Fcasa.oaxaca.gob.mx%2F%3Fp%3D15384&amp;description=PROGRAMA%20J%C3%93VENES%20CONSTRUYENDO%20EL%20FUTURO&amp;media=https%3A%2F%2Fcasa.oaxaca.gob.mx%2Fwp-content%2Fuploads%2F2025%2F01%2FC-JOVENES-705x484.jpg' aria-hidden='true' data-av_icon='\ue8f8' data-av_iconfont='entypo-fontello' title='' data-avia-related-tooltip='Share on Pinterest'><span class='avia_hidden_link_text'>Share on Pinterest<\/span><\/a><\/li><li class='av-share-link av-social-link-mail' ><a  href='mailto:?subject=PROGRAMA%20J%C3%93VENES%20CONSTRUYENDO%20EL%20FUTURO&amp;body=https:\/\/casa.oaxaca.gob.mx\/?p=15384' aria-hidden='true' data-av_icon='\ue805' data-av_iconfont='entypo-fontello' title='' data-avia-related-tooltip='Share by Mail'><span class='avia_hidden_link_text'>Share by Mail<\/span><\/a><\/li><\/ul><\/div><\/div><br \/>\n<section class=\"av_textblock_section\"  itemscope=\"itemscope\" itemtype=\"https:\/\/schema.org\/BlogPosting\" itemprop=\"blogPost\" ><div class='avia_textblock  av_inherit_color'  style='font-size:16px; color:#0a0a0a; '  itemprop=\"text\" ><div title=\"Page 1\">\n<h1><strong>PROGRAMA J\u00d3VENES CONSTRUYENDO EL FUTURO<\/strong><\/h1>\n<p><span style=\"font-weight: 400;\">J\u00f3venes Construyendo el Futuro es el programa del <\/span><span style=\"font-weight: 400;\">Gobierno de M\u00e9xico<\/span><span style=\"font-weight: 400;\"> que une la experiencia de los <\/span><span style=\"font-weight: 400;\">centros de trabajo<\/span><span style=\"font-weight: 400;\"> con la energ\u00eda de los <\/span><span style=\"font-weight: 400;\">j\u00f3venes<\/span><span style=\"font-weight: 400;\"> para impulsar las oportunidades laborales en el pa\u00eds y, con ello, contribuir en la econom\u00eda de los\u00a0 beneficiarios y sus familias.<\/span><\/p>\n<p><span style=\"font-weight: 400;\"><br \/>\n<\/span><b>Apoyo econ\u00f3mico mensual<\/b><span style=\"font-weight: 400;\"> $8,480.17 pesos<\/span><\/p>\n<p><b>Horario de capacitaci\u00f3n presencial:<\/b><span style=\"font-weight: 400;\">\u00a0<\/span><\/p>\n<p><span style=\"font-weight: 400;\">De lunes a viernes<\/span><span style=\"font-weight: 400;\"><br \/>\n<\/span><span style=\"font-weight: 400;\">De 09:00 a 15:00 horas<\/span><\/p>\n<p><b>Lugar: <\/b><span style=\"font-weight: 400;\">Centro de las Artes de San Agust\u00edn<\/span><\/p>\n<p><b>Edad:<\/b><span style=\"font-weight: 400;\"> De 18 a 29 a\u00f1os<\/span><\/p>\n<p><b>Escolaridad m\u00ednima: <\/b><span style=\"font-weight: 400;\">Nivel medio superior<\/span><\/p>\n<p><b>Fecha de vinculaci\u00f3n:<\/b><span style=\"font-weight: 400;\"> Martes 4 de febrero de 2025<\/span><span style=\"font-weight: 400;\"><br \/>\n<\/span><span style=\"font-weight: 400;\">De 09:00 a 15:00 horas<\/span><\/p>\n<p><b>Lugar de vinculaci\u00f3n:<\/b><span style=\"font-weight: 400;\"> Oficina m\u00f3vil. Ubicada en el Palacio Municipal de Oaxaca, segundo patio<\/span><\/p>\n<p><b>\u00c1reas de oportunidad:<\/b><span style=\"font-weight: 400;\"> Administraci\u00f3n, Actividades Acad\u00e9micas, Derecho, Arquitectura, Actividades art\u00edsticas, Producci\u00f3n art\u00edstica o dise\u00f1o gr\u00e1fico<\/span><\/p>\n<p>****<br style=\"font-weight: 400;\" \/><br style=\"font-weight: 400;\" \/><\/p>\n<\/div>\n<\/div><\/section><br \/>\n<section class=\"av_textblock_section\"  itemscope=\"itemscope\" itemtype=\"https:\/\/schema.org\/BlogPosting\" itemprop=\"blogPost\" ><div class='avia_textblock  av_inherit_color'  style='font-size:16px; color:#0a0a0a; '  itemprop=\"text\" ><div title=\"Page 1\">\n<p><b>Pasos para postularse:<\/b><\/p>\n<p><span style=\"font-weight: 400;\">Le compartimos los pasos a seguir para inscribirse en el Programa J\u00f3venes Construyendo el Futuro y vincularse al Centro de las Artes de San Agust\u00edn (CaSa):<\/span><\/p>\n<p><span style=\"font-weight: 400;\">1\ufe0f\u20e3 Generar su folio de vinculaci\u00f3n previamente en la siguiente p\u00e1gina:<\/span><\/p>\n<p><span style=\"font-weight: 400;\">\ud83d\udd17 https:\/\/jovenesconstruyendoelfuturo.stps.gob.mx\/<\/span><\/p>\n<p><span style=\"font-weight: 400;\">2\ufe0f\u20e3 Asistir el 4 de febrero a la oficina m\u00f3vil para completar el proceso de vinculaci\u00f3n.<\/span><\/p>\n<p><span style=\"font-weight: 400;\">\ud83d\udccd Ubicaci\u00f3n: Palacio Municipal de Oaxaca, segundo patio.<\/span><\/p>\n<p><span style=\"font-weight: 400;\">3\ufe0f\u20e3 Seleccionar todas las \u00e1reas de inter\u00e9s para que el Centro de las Artes de San Agust\u00edn (CaSa) aparezca como opci\u00f3n de vinculaci\u00f3n. Las \u00e1reas disponibles son:<\/span><\/p>\n<ul>\n<li><span style=\"font-weight: 400;\">Administrativa<\/span><\/li>\n<li>Actividades acad\u00e9micas<\/li>\n<li>Principios b\u00e1sicos de derecho<\/li>\n<li>Arquitectura<\/li>\n<li>Visitas guiadas, exposiciones, conciertos y pl\u00e1ticas<\/li>\n<li>Producci\u00f3n art\u00edstica<\/li>\n<li>Realizaci\u00f3n<\/li>\n<\/ul>\n<p><span style=\"font-weight: 400;\">4\ufe0f\u20e3 Asistir a una entrevista en el CaSa, donde se determinar\u00e1 si el postulante es aceptado en el programa.<\/span><\/p>\n<p><span style=\"font-weight: 400;\">5\ufe0f\u20e3 Esperar indicaciones en la plataforma, donde se notificar\u00e1 el estatus de la vinculaci\u00f3n.<\/span><\/p>\n<h1><br style=\"font-weight: 400;\" \/><br style=\"font-weight: 400;\" \/><\/h1>\n<\/div>\n<\/div><\/section><\/p><\/div><div id='av-masonry-1' class='av-masonry noHover av-flex-size av-large-gap av-hover-overlay-active av-masonry-col-4 av-caption-on-hover av-caption-style- av-masonry-gallery  '  ><div class='av-masonry-container isotope av-js-disabled ' ><div class='av-masonry-entry isotope-item av-masonry-item-no-image '><\/div><a href=\"https:\/\/casa.oaxaca.gob.mx\/wp-content\/uploads\/2025\/01\/Jovenes3-1030x437.jpg\" id='av-masonry-1-item-15387' data-av-masonry-item='15387' class='av-masonry-entry isotope-item post-15387 attachment type-attachment status-inherit hentry  av-masonry-item-with-image' title=\"\"  itemprop=\"thumbnailUrl\" ><div class='av-inner-masonry-sizer'><\/div><figure class='av-inner-masonry main_color'><div class=\"av-masonry-outerimage-container\"><div class=\"av-masonry-image-container\" style=\"background-image: url(https:\/\/casa.oaxaca.gob.mx\/wp-content\/uploads\/2025\/01\/Jovenes3-705x299.jpg);\"><img decoding=\"async\" src=\"https:\/\/casa.oaxaca.gob.mx\/wp-content\/uploads\/2025\/01\/Jovenes3-705x299.jpg\" title=\"Jovenes3\" alt=\"\" \/><\/div><\/div><figcaption class='av-inner-masonry-content site-background'><div class='av-inner-masonry-content-pos'><div class='av-inner-masonry-content-pos-content'><div class='avia-arrow'><\/div><h3 class='av-masonry-entry-title entry-title'  itemprop=\"headline\" >Jovenes3<\/h3><\/div><\/div><\/figcaption><\/figure><\/a><!--end av-masonry entry--><\/div><\/div><\/p>\n<div class='av-social-sharing-box '><div class='av-share-box'><h5 class='av-share-link-description'>Compartir esta actividad<\/h5><ul class='av-share-box-list noLightbox'><li class='av-share-link av-social-link-facebook' ><a target='_blank' href='http:\/\/www.facebook.com\/sharer.php?u=https:\/\/casa.oaxaca.gob.mx\/?p=15384&amp;t=PROGRAMA%20J%C3%93VENES%20CONSTRUYENDO%20EL%20FUTURO' aria-hidden='true' data-av_icon='\ue8f3' data-av_iconfont='entypo-fontello' title='' data-avia-related-tooltip='Share on Facebook'><span class='avia_hidden_link_text'>Share on Facebook<\/span><\/a><\/li><li class='av-share-link av-social-link-twitter' ><a target='_blank' href='https:\/\/twitter.com\/share?text=PROGRAMA%20J%C3%93VENES%20CONSTRUYENDO%20EL%20FUTURO&url=https:\/\/casa.oaxaca.gob.mx\/?p=15384' aria-hidden='true' data-av_icon='\ue8f1' data-av_iconfont='entypo-fontello' title='' data-avia-related-tooltip='Share on Twitter'><span class='avia_hidden_link_text'>Share on Twitter<\/span><\/a><\/li><li class='av-share-link av-social-link-gplus' ><a target='_blank' href='https:\/\/plus.google.com\/share?url=https:\/\/casa.oaxaca.gob.mx\/?p=15384' aria-hidden='true' data-av_icon='\ue8f6' data-av_iconfont='entypo-fontello' title='' data-avia-related-tooltip='Share on Google+'><span class='avia_hidden_link_text'>Share on Google+<\/span><\/a><\/li><li class='av-share-link av-social-link-pinterest' ><a target='_blank' href='http:\/\/pinterest.com\/pin\/create\/button\/?url=https%3A%2F%2Fcasa.oaxaca.gob.mx%2F%3Fp%3D15384&amp;description=PROGRAMA%20J%C3%93VENES%20CONSTRUYENDO%20EL%20FUTURO&amp;media=https%3A%2F%2Fcasa.oaxaca.gob.mx%2Fwp-content%2Fuploads%2F2025%2F01%2FC-JOVENES-705x484.jpg' aria-hidden='true' data-av_icon='\ue8f8' data-av_iconfont='entypo-fontello' title='' data-avia-related-tooltip='Share on Pinterest'><span class='avia_hidden_link_text'>Share on Pinterest<\/span><\/a><\/li><li class='av-share-link av-social-link-mail' ><a  href='mailto:?subject=PROGRAMA%20J%C3%93VENES%20CONSTRUYENDO%20EL%20FUTURO&amp;body=https:\/\/casa.oaxaca.gob.mx\/?p=15384' aria-hidden='true' data-av_icon='\ue805' data-av_iconfont='entypo-fontello' title='' data-avia-related-tooltip='Share by Mail'><span class='avia_hidden_link_text'>Share by Mail<\/span><\/a><\/li><\/ul><\/div><\/div>\n","protected":false},"excerpt":{"rendered":"","protected":false},"author":1,"featured_media":15386,"comment_status":"open","ping_status":"open","sticky":false,"template":"","format":"standard","meta":{"_exactmetrics_skip_tracking":false,"_exactmetrics_sitenote_active":false,"_exactmetrics_sitenote_note":"","_exactmetrics_sitenote_category":0,"footnotes":""},"categories":[204,194],"tags":[],"class_list":["post-15384","post","type-post","status-publish","format-standard","has-post-thumbnail","hentry","category-204","category-convocatorias-pasadas"],"_links":{"self":[{"href":"https:\/\/casa.oaxaca.gob.mx\/index.php?rest_route=\/wp\/v2\/posts\/15384","targetHints":{"allow":["GET"]}}],"collection":[{"href":"https:\/\/casa.oaxaca.gob.mx\/index.php?rest_route=\/wp\/v2\/posts"}],"about":[{"href":"https:\/\/casa.oaxaca.gob.mx\/index.php?rest_route=\/wp\/v2\/types\/post"}],"author":[{"embeddable":true,"href":"https:\/\/casa.oaxaca.gob.mx\/index.php?rest_route=\/wp\/v2\/users\/1"}],"replies":[{"embeddable":true,"href":"https:\/\/casa.oaxaca.gob.mx\/index.php?rest_route=%2Fwp%2Fv2%2Fcomments&post=15384"}],"version-history":[{"count":3,"href":"https:\/\/casa.oaxaca.gob.mx\/index.php?rest_route=\/wp\/v2\/posts\/15384\/revisions"}],"predecessor-version":[{"id":15391,"href":"https:\/\/casa.oaxaca.gob.mx\/index.php?rest_route=\/wp\/v2\/posts\/15384\/revisions\/15391"}],"wp:featuredmedia":[{"embeddable":true,"href":"https:\/\/casa.oaxaca.gob.mx\/index.php?rest_route=\/wp\/v2\/media\/15386"}],"wp:attachment":[{"href":"https:\/\/casa.oaxaca.gob.mx\/index.php?rest_route=%2Fwp%2Fv2%2Fmedia&parent=15384"}],"wp:term":[{"taxonomy":"category","embeddable":true,"href":"https:\/\/casa.oaxaca.gob.mx\/index.php?rest_route=%2Fwp%2Fv2%2Fcategories&post=15384"},{"taxonomy":"post_tag","embeddable":true,"href":"https:\/\/casa.oaxaca.gob.mx\/index.php?rest_route=%2Fwp%2Fv2%2Ftags&post=15384"}],"curies":[{"name":"wp","href":"https:\/\/api.w.org\/{rel}","templated":true}]}}