{"id":15459,"date":"2025-02-18T15:04:44","date_gmt":"2025-02-18T21:04:44","guid":{"rendered":"https:\/\/casa.oaxaca.gob.mx\/?p=15459"},"modified":"2026-01-22T13:50:41","modified_gmt":"2026-01-22T19:50:41","slug":"taller-presencial-collage-fuera-del-papel-soledad-vasquez-balderas-2","status":"publish","type":"post","link":"https:\/\/casa.oaxaca.gob.mx\/?p=15459","title":{"rendered":"Taller presencial. Collage. Fuera del papel. Soledad V\u00e1zquez Balderas."},"content":{"rendered":"<\/div><\/div><\/div><!-- close content main div --><\/div><\/div><div id='av_section_1' class='avia-section main_color avia-section-no-padding avia-no-border-styling avia-full-stretch av-parallax-section avia-bg-style-parallax  av-minimum-height av-minimum-height-75 container_wrap fullsize'  data-section-bg-repeat='stretch' ><div class='av-parallax' data-avia-parallax-ratio='0.3' ><div class='av-parallax-inner main_color  avia-full-stretch' style = 'background-repeat: no-repeat; background-image: url(https:\/\/casa.oaxaca.gob.mx\/wp-content\/uploads\/2025\/02\/IMG_4217-scaled.jpeg); background-attachment: scroll; background-position: bottom center; ' ><\/div><\/div><div class='container' ><div class='template-page content  av-content-full alpha units'><div class='post-entry post-entry-type-page post-entry-15459'><div class='entry-content-wrapper clearfix'>\n<div style='padding-bottom:10px;color:#ffffff;font-size:50px;' class='av-special-heading av-special-heading-h3 custom-color-heading blockquote modern-quote  av-inherit-size'><h3 class='av-special-heading-tag'  itemprop=\"headline\"  >Taller presencial. Collage. Fuera del papel.<\/h3><div class ='av-subheading av-subheading_below av_custom_color' style='font-size:25px;'><p>Imparte: Soledad V\u00e1zquez Balderas<\/p>\n<\/div><div class='special-heading-border'><div class='special-heading-inner-border' style='border-color:#ffffff'><\/div><\/div><\/div>\n\n<\/div><\/div><\/div><!-- close content main div --><\/div><\/div><div id='av-layout-grid-1' class='av-layout-grid-container entry-content-wrapper main_color av-flex-cells  container_wrap fullsize'   >\n<div class=\"flex_cell no_margin av_one_full   \" style='vertical-align:top; padding:30px; background-color:#ED9600; '><div class='flex_cell_inner' ><p><div class=\"flex_column av_one_fourth  flex_column_div av-zero-column-padding first  \" style='border-radius:0px; '><div style='padding-bottom:10px;color:#ffffff;' class='av-special-heading av-special-heading-h3 custom-color-heading blockquote modern-quote '><h3 class='av-special-heading-tag'  itemprop=\"headline\"  >Cierre de inscripciones<\/h3><div class ='av-subheading av-subheading_below av_custom_color' style='font-size:20px;'><p>Lunes 17 de marzo de 2025<\/p>\n<p>Publicaci\u00f3n de resultados:<br \/>\nMi\u00e9rcoles 19 de marzo de 2025<\/p>\n<\/div><div class='special-heading-border'><div class='special-heading-inner-border' style='border-color:#ffffff'><\/div><\/div><\/div><\/div><div class=\"flex_column av_one_fourth  flex_column_div av-zero-column-padding   \" style='border-radius:0px; '><div style='padding-bottom:10px;color:#ffffff;' class='av-special-heading av-special-heading-h3 custom-color-heading blockquote modern-quote '><h3 class='av-special-heading-tag'  itemprop=\"headline\"  >Fechas<\/h3><div class ='av-subheading av-subheading_below av_custom_color' style='font-size:20px;'><p>Lunes a viernes<br \/>\nDel 24 al 28 de marzo<\/p>\n<\/div><div class='special-heading-border'><div class='special-heading-inner-border' style='border-color:#ffffff'><\/div><\/div><\/div><\/div><div class=\"flex_column av_one_fourth  flex_column_div av-zero-column-padding   \" style='border-radius:0px; '><div style='padding-bottom:10px;color:#ffffff;' class='av-special-heading av-special-heading-h3 custom-color-heading blockquote modern-quote  '><h3 class='av-special-heading-tag'  itemprop=\"headline\"  >Horario<\/h3><div class ='av-subheading av-subheading_below av_custom_color' style='font-size:20px;'><p>De 10 a 14 horas<\/p>\n<\/div><div class='special-heading-border'><div class='special-heading-inner-border' style='border-color:#ffffff'><\/div><\/div><\/div><\/div><div class=\"flex_column av_one_fourth  flex_column_div av-zero-column-padding   \" style='border-radius:0px; '><section class=\"avia_codeblock_section avia_code_block_0\"  itemscope=\"itemscope\" itemtype=\"https:\/\/schema.org\/BlogPosting\" itemprop=\"blogPost\" ><div class='avia_codeblock '  itemprop=\"text\" > [avia_codeblock_placeholder uid=\"0\"] <\/div><\/section><\/div><\/p>\n<\/div><\/div>\n<\/div>\n<div class=\"flex_column av_two_fifth  flex_column_div av-zero-column-padding first  \" style='border-radius:0px; '><p><div class='av-social-sharing-box '><div class='av-share-box'><h5 class='av-share-link-description'>Compartir esta actividad<\/h5><ul class='av-share-box-list noLightbox'><li class='av-share-link av-social-link-facebook' ><a target='_blank' href='http:\/\/www.facebook.com\/sharer.php?u=https:\/\/casa.oaxaca.gob.mx\/?p=15459&amp;t=Taller%20presencial.%20Collage.%20Fuera%20del%20papel.%20Soledad%20V%C3%A1zquez%20Balderas.' aria-hidden='true' data-av_icon='\ue8f3' data-av_iconfont='entypo-fontello' title='' data-avia-related-tooltip='Share on Facebook'><span class='avia_hidden_link_text'>Share on Facebook<\/span><\/a><\/li><li class='av-share-link av-social-link-twitter' ><a target='_blank' href='https:\/\/twitter.com\/share?text=Taller%20presencial.%20Collage.%20Fuera%20del%20papel.%20Soledad%20V%C3%A1zquez%20Balderas.&url=https:\/\/casa.oaxaca.gob.mx\/?p=15459' aria-hidden='true' data-av_icon='\ue8f1' data-av_iconfont='entypo-fontello' title='' data-avia-related-tooltip='Share on Twitter'><span class='avia_hidden_link_text'>Share on Twitter<\/span><\/a><\/li><li class='av-share-link av-social-link-gplus' ><a target='_blank' href='https:\/\/plus.google.com\/share?url=https:\/\/casa.oaxaca.gob.mx\/?p=15459' aria-hidden='true' data-av_icon='\ue8f6' data-av_iconfont='entypo-fontello' title='' data-avia-related-tooltip='Share on Google+'><span class='avia_hidden_link_text'>Share on Google+<\/span><\/a><\/li><li class='av-share-link av-social-link-pinterest' ><a target='_blank' href='http:\/\/pinterest.com\/pin\/create\/button\/?url=https%3A%2F%2Fcasa.oaxaca.gob.mx%2F%3Fp%3D15459&amp;description=Taller%20presencial.%20Collage.%20Fuera%20del%20papel.%20Soledad%20V%C3%A1zquez%20Balderas.&amp;media=https%3A%2F%2Fcasa.oaxaca.gob.mx%2Fwp-content%2Fuploads%2F2025%2F02%2FIMG_4218-705x484.jpeg' aria-hidden='true' data-av_icon='\ue8f8' data-av_iconfont='entypo-fontello' title='' data-avia-related-tooltip='Share on Pinterest'><span class='avia_hidden_link_text'>Share on Pinterest<\/span><\/a><\/li><li class='av-share-link av-social-link-mail' ><a  href='mailto:?subject=Taller%20presencial.%20Collage.%20Fuera%20del%20papel.%20Soledad%20V%C3%A1zquez%20Balderas.&amp;body=https:\/\/casa.oaxaca.gob.mx\/?p=15459' aria-hidden='true' data-av_icon='\ue805' data-av_iconfont='entypo-fontello' title='' data-avia-related-tooltip='Share by Mail'><span class='avia_hidden_link_text'>Share by Mail<\/span><\/a><\/li><\/ul><\/div><\/div><br \/>\n<div  class='hr hr-default '><span class='hr-inner ' ><span class='hr-inner-style'><\/span><\/span><\/div><br \/>\n<div style='padding-bottom:10px;font-size:30px;' class='av-special-heading av-special-heading-h3  blockquote modern-quote   av-inherit-size'><h3 class='av-special-heading-tag'  itemprop=\"headline\"  >Sobre la tallerista<\/h3><div class='special-heading-border'><div class='special-heading-inner-border' ><\/div><\/div><\/div><br \/>\n<div class='avia-data-table-wrap avia_responsive_table'><table class='avia-table avia-data-table avia-table-1  avia_pricing_default'  itemscope=\"itemscope\" itemtype=\"https:\/\/schema.org\/Table\" ><tbody><tr class='avia-heading-row'><th class=''>Soledad V\u00e1zquez Balderas (Oaxaca, M\u00e9xico)<\/th><\/tr><tr class=''><td class=''>Lic. Licenciada en Artes Pl\u00e1sticas y Visuales, con especialidad en Gr\u00e1fica en la Escuela de Artes Pl\u00e1sticas y Visuales de la Universidad Aut\u00f3noma Benito Ju\u00e1rez de Oaxaca (UABJO). En su formaci\u00f3n acad\u00e9mica tambi\u00e9n ha tomado diversos talleres y diplomados de Est\u00e9tica e Historia del Arte, Ense\u00f1anza de las artes en educaci\u00f3n B\u00e1sica, Fotograf\u00eda, Pigmentos Naturales, Collage, Electr\u00f3lisis, Colograf\u00eda, Takuhon, Cianotipia, Encuadernaci\u00f3n, entre otros, en el Centro de las Artes de San Agust\u00edn (CaSa), la Curtidur\u00eda Centro de Artes Visuales, Centro Nacional de las Artes (CENART) y el Centro de las Artes de Guanajuato (CEARG).<\/p>\n<p>Su obra se desenvuelve en medios c\u00f3mo la gr\u00e1fica, gr\u00e1fica expandida, arte objeto, cer\u00e1mica y escultura. Retoma im\u00e1genes de elementos microsc\u00f3picos y macrosc\u00f3picos para realizar una exploraci\u00f3n est\u00e9tica de los mismos en relaci\u00f3n al contexto humano para retomarlos en su producci\u00f3n art\u00edstica, tambi\u00e9n maneja un cambio de escala como herramienta para connotar las jerarqu\u00edas y cuestionarla visi\u00f3n antropoc\u00e9ntrica para hacer una visualizaci\u00f3n del ser humano como un ser multidisciplinario, influido por lo que lo rodea y dependiente de su entorno, le interesa visibilizar la peque\u00f1ez de \u00e9ste ante el universo y la inmensidad del mismo. Ha participado en diferentes exposiciones colectivas en M\u00e9xico, Estados Unidos, Colombia, Jap\u00f3n, Alemania y Estados Unidos.<\/p>\n<p>Desempe\u00f1a esta disciplina desde hace 10 a\u00f1os. Ha impartido talleres art\u00edsticos en otros espacios culturales como: IAGO Alcal\u00e1, el proyecto se llam\u00f3 \u201cTendedero de Historias\u201d organizado con Guindh\u00e1 Casa Taller.<\/p>\n<p>Es cofundadora de dos colectivos de producci\u00f3n pl\u00e1stica; Guindh\u00e1 Casa Taller con Mercedes L\u00f3pez y Viridiana Carmona, y Nodo Estudio Visual con Mercedes L\u00f3pez, Cruz Vargas, Jonathan Reyes y Jos\u00e9 Alberto Canseco.<\/td><\/tr><\/tbody><\/table><\/div><style type='text\/css'>.avia-table-1 td:nth-of-type(1):before { content: 'Soledad V\u00e1zquez Balderas (Oaxaca, M\u00e9xico)'; } <\/style><\/p><\/div>\n<div class=\"flex_column av_three_fifth  flex_column_div av-zero-column-padding   \" style='border-radius:0px; '><p><div style='padding-bottom:10px;font-size:30px;' class='av-special-heading av-special-heading-h3  blockquote modern-quote   av-inherit-size'><h3 class='av-special-heading-tag'  itemprop=\"headline\"  >Acerca del taller<\/h3><div class='special-heading-border'><div class='special-heading-inner-border' ><\/div><\/div><\/div><br \/>\n<div class='avia-data-table-wrap avia_responsive_table'><table class='avia-table avia-data-table avia-table-2  avia_pricing_default'  itemscope=\"itemscope\" itemtype=\"https:\/\/schema.org\/Table\" ><tbody><tr class='avia-heading-row'><th class=''>LISTA DE SELECCIONADOS<\/th><\/tr><tr class=''><td class=''>Itzel Aguilar Tenorio<br \/>\nRodolfo Esteban Garc\u00eda<br \/>\nDulce Adoraci\u00f3n Ram\u00edrez Neri<br \/>\nDulce Mar\u00eda Olgu\u00edn Hern\u00e1ndez<br \/>\nSara Mar\u00eda Mendoza M\u00e9ndez<br \/>\nKarla Yaranzeth Cobos Guillen<br \/>\nJasmine Ixchel Hern\u00e1ndez Barbezat<br \/>\nEunice Fern\u00e1ndez Velasco<br \/>\nSaabianni Labastida Ortiz<br \/>\nOmar L\u00f3pez L\u00f3pez<br \/>\nDamaris Eliseba Aparicio Hern\u00e1ndez<br \/>\nCarolina Iglesias Otero<\/td><\/tr><\/tbody><\/table><\/div><style type='text\/css'>.avia-table-2 td:nth-of-type(1):before { content: 'LISTA DE SELECCIONADOS'; } <\/style><br \/>\n<div class='avia-data-table-wrap avia_responsive_table'><table class='avia-table avia-data-table avia-table-3  avia_pricing_default'  itemscope=\"itemscope\" itemtype=\"https:\/\/schema.org\/Table\" ><tbody><tr class='avia-heading-row'><th class=''>Descripci\u00f3n general<\/th><\/tr><tr class=''><td class=''>El collage es una t\u00e9cnica que generalmente se realiza sobre papel, el presente taller pretende mostrar otras alternativas y enriquecer la propia t\u00e9cnica agregando diferentes materiales, el alumno o alumna conocer\u00e1 los conceptos b\u00e1sicos de composici\u00f3n, el uso de diferentes materiales y soportes para la elaboraci\u00f3n del collage.<br \/>\nEl collage es una t\u00e9cnica que generalmente se realiza sobre papel, el presente taller pretende mostrar otras alternativas y enriquecer la propia t\u00e9cnica agregando diferentes materiales, el alumno o alumna conocer\u00e1 los conceptos b\u00e1sicos de composici\u00f3n, el uso de diferentes materiales y soportes para la elaboraci\u00f3n del collage.<br \/>\n<\/td><\/tr><tr class='avia-heading-row'><th class=''>Objetivo general<\/th><\/tr><tr class=''><td class=''>Explorar y enriquecer la t\u00e9cnica del collage mediante la incorporaci\u00f3n de materiales diversos, proporcionando al alumno o alumna los conocimientos b\u00e1sicos sobre composici\u00f3n visual, uso creativo de diferentes materiales y soportes, con el fin de ampliar sus recursos expresivos y fomentar la experimentaci\u00f3n art\u00edstica.<\/td><\/tr><tr class='avia-heading-row'><th class=''>Objetivos espec\u00edficos<\/th><\/tr><tr class=''><td class=''>&#8211; Introducir a los participantes en los conceptos fundamentales de la composici\u00f3n visual, tales como equilibrio, contraste, ritmo, y armon\u00eda, para que puedan aplicarlos en la creaci\u00f3n de sus propios collages.<br \/>\n&#8211; Fomentar la experimentaci\u00f3n con diferentes materiales (papel, tela, cart\u00f3n, madera, objetos reciclados, entre otros), explorando c\u00f3mo cada uno puede aportar texturas, colores y formas \u00fanicas a la obra.<br \/>\n&#8211; Desarrollar habilidades en la selecci\u00f3n y combinaci\u00f3n de soportes para la realizaci\u00f3n de collages, como papeles de diferentes gramajes, lienzos, cartulinas, y superficies tridimensionales, ampliando las posibilidades de expresi\u00f3n art\u00edstica.<br \/>\n&#8211; Promover la creatividad y la innovaci\u00f3n en el uso de t\u00e9cnicas mixtas, alentando a los alumnos a combinar collage con otras disciplinas como pintura, dibujo o fotograf\u00eda.<br \/>\n&#8211; Motivar a los participantes a reflexionar sobre el proceso creativo y la importancia de la experimentaci\u00f3n, permiti\u00e9ndoles descubrir nuevas formas de expresi\u00f3n y acercamientos t\u00e9cnicos a la obra final.<br \/>\n&#8211; Establecer un espacio para el intercambio de ideas y la cr\u00edtica constructiva, fomentando el aprendizaje colaborativo y el enriquecimiento de las propuestas individuales a trav\u00e9s de la retroalimentaci\u00f3n grupal.<br \/>\n&#8211; Guiar a los estudiantes en el desarrollo de una obra de collage completa, desde la conceptualizaci\u00f3n hasta la ejecuci\u00f3n final, aplicando lo aprendido sobre composici\u00f3n y materiales.<\/td><\/tr><tr class='avia-heading-row'><th class=''>Temas<\/th><\/tr><tr class=''><td class=''>&#8211; \u00bfQu\u00e9 es un collage?<br \/>\n&#8211; Postproducci\u00f3n<br \/>\n&#8211; Artistas que han utilizado el collage en su obra<br \/>\n&#8211; Presentaci\u00f3n del trabajo personal<br \/>\n&#8211; Elementos b\u00e1sicos de composici\u00f3n<br \/>\n&#8211; Elaboraci\u00f3n de collage<\/td><\/tr><\/tbody><\/table><\/div><style type='text\/css'>.avia-table-3 td:nth-of-type(1):before { content: 'Descripci\u00f3n general'; } <\/style><br \/>\n<div style='padding-bottom:10px;font-size:30px;' class='av-special-heading av-special-heading-h3  blockquote modern-quote   av-inherit-size'><h3 class='av-special-heading-tag'  itemprop=\"headline\"  >Requisitos de inscripci\u00f3n<\/h3><div class='special-heading-border'><div class='special-heading-inner-border' ><\/div><\/div><\/div><br \/>\n<div class='avia-data-table-wrap avia_responsive_table'><table class='avia-table avia-data-table avia-table-4  avia_pricing_default'  itemscope=\"itemscope\" itemtype=\"https:\/\/schema.org\/Table\" ><tbody><tr class='avia-heading-row'><th class=''>Dirigido a Personas interesadas en el collage y en la construcci\u00f3n de im\u00e1genes a partir de diferentes materiales.<\/th><\/tr><tr class=''><td class=''>&#8211; Si tienes inter\u00e9s deber\u00e1s llenar el formulario con los datos completos que se encuentra en esta p\u00e1gina.<br \/>\n&#8211; La lista de seleccionados se publicar\u00e1 en esta p\u00e1gina, tambi\u00e9n se les notificar\u00e1 v\u00eda telef\u00f3nica y se enviar\u00e1 un correo electr\u00f3nico con los detalles de la actividad.<br \/>\n&#8211; Actividad gratuita<\/td><\/tr><\/tbody><\/table><\/div><style type='text\/css'>.avia-table-4 td:nth-of-type(1):before { content: 'Dirigido a Personas interesadas en el collage y en la construcci\u00f3n de im\u00e1genes a partir de diferentes materiales.'; } <\/style><br \/>\n<div class='avia-data-table-wrap avia_responsive_table'><table class='avia-table avia-data-table avia-table-5  avia_pricing_default'  itemscope=\"itemscope\" itemtype=\"https:\/\/schema.org\/Table\" ><tbody><tr class='avia-heading-row'><th class=''>Material que se le solicitar\u00e1 al alumno(a)<\/th><\/tr><tr class=''><td class=''>&#8211; Material para la elaboraci\u00f3n del collage como textiles, papeles, im\u00e1genes, tintas, acr\u00edlicos, pedrer\u00eda, bordados, plastilina DASA, etc.<br \/>\n&#8211; Pegamento blanco de encuadernaci\u00f3n<br \/>\n&#8211; Tijeras<\/td><\/tr><\/tbody><\/table><\/div><style type='text\/css'>.avia-table-5 td:nth-of-type(1):before { content: 'Material que se le solicitar\u00e1 al alumno(a)'; } <\/style><br \/>\n<div class='avia-data-table-wrap avia_responsive_table'><table class='avia-table avia-data-table avia-table-6  avia_pricing_default'  itemscope=\"itemscope\" itemtype=\"https:\/\/schema.org\/Table\" ><tbody><tr class='avia-heading-row'><th class=''>Nota para los seleccionados<\/th><\/tr><tr class=''><td class=''>&#8211; Clases presenciales en el taller de Gr\u00e1fica tradicional del CaSa<br \/>\n&#8211; Se dejar\u00e1n ejercicios espec\u00edficos a cada estudiante, es fundamental realizarlos para continuar con la siguiente clase.<br \/>\n&#8211; Tener el compromiso y el tiempo para llevar a cabo el taller, ya que las inasistencias injustificadas ser\u00e1n motivo de suspensi\u00f3n y no podr\u00e1 ingresar a talleres futuros.<br \/>\n&#8211; Durante el taller nos estaremos comunicando por medio de mensajes en un grupo de WhatsApp, por ser una herramienta m\u00e1s r\u00e1pida para poder tener una mejor comunicaci\u00f3n con lo que respecta al taller.<\/td><\/tr><\/tbody><\/table><\/div><style type='text\/css'>.avia-table-6 td:nth-of-type(1):before { content: 'Nota para los seleccionados'; } <\/style><br \/>\n<div id='av-masonry-1' class='av-masonry noHover av-fixed-size av-large-gap av-hover-overlay-active av-masonry-col-flexible av-caption-always av-caption-style- av-masonry-gallery  '  ><div class='av-masonry-container isotope av-js-disabled ' ><div class='av-masonry-entry isotope-item av-masonry-item-no-image '><\/div><a href=\"https:\/\/casa.oaxaca.gob.mx\/wp-content\/uploads\/2025\/02\/IMG_4220-1030x1030.jpeg\" id='av-masonry-1-item-15460' data-av-masonry-item='15460' class='av-masonry-entry isotope-item post-15460 attachment type-attachment status-inherit hentry  av-masonry-item-with-image' title=\"\"  itemprop=\"thumbnailUrl\" ><div class='av-inner-masonry-sizer'><\/div><figure class='av-inner-masonry main_color'><div class=\"av-masonry-outerimage-container\"><div class=\"av-masonry-image-container\" style=\"background-image: url(https:\/\/casa.oaxaca.gob.mx\/wp-content\/uploads\/2025\/02\/IMG_4220-705x705.jpeg);\"><img decoding=\"async\" src=\"https:\/\/casa.oaxaca.gob.mx\/wp-content\/uploads\/2025\/02\/IMG_4220-705x705.jpeg\" title=\"IMG_4220\" alt=\"\" \/><\/div><\/div><\/figure><\/a><!--end av-masonry entry--><a href=\"https:\/\/casa.oaxaca.gob.mx\/wp-content\/uploads\/2025\/02\/IMG_4221-1030x1030.jpeg\" id='av-masonry-1-item-15461' data-av-masonry-item='15461' class='av-masonry-entry isotope-item post-15461 attachment type-attachment status-inherit hentry  av-masonry-item-with-image' title=\"\"  itemprop=\"thumbnailUrl\" ><div class='av-inner-masonry-sizer'><\/div><figure class='av-inner-masonry main_color'><div class=\"av-masonry-outerimage-container\"><div class=\"av-masonry-image-container\" style=\"background-image: url(https:\/\/casa.oaxaca.gob.mx\/wp-content\/uploads\/2025\/02\/IMG_4221-705x705.jpeg);\"><img decoding=\"async\" src=\"https:\/\/casa.oaxaca.gob.mx\/wp-content\/uploads\/2025\/02\/IMG_4221-705x705.jpeg\" title=\"IMG_4221\" alt=\"\" \/><\/div><\/div><\/figure><\/a><!--end av-masonry entry--><a href=\"https:\/\/casa.oaxaca.gob.mx\/wp-content\/uploads\/2025\/02\/IMG_4222-1030x1030.jpeg\" id='av-masonry-1-item-15462' data-av-masonry-item='15462' class='av-masonry-entry isotope-item post-15462 attachment type-attachment status-inherit hentry  av-masonry-item-with-image' title=\"\"  itemprop=\"thumbnailUrl\" ><div class='av-inner-masonry-sizer'><\/div><figure class='av-inner-masonry main_color'><div class=\"av-masonry-outerimage-container\"><div class=\"av-masonry-image-container\" style=\"background-image: url(https:\/\/casa.oaxaca.gob.mx\/wp-content\/uploads\/2025\/02\/IMG_4222-705x705.jpeg);\"><img decoding=\"async\" src=\"https:\/\/casa.oaxaca.gob.mx\/wp-content\/uploads\/2025\/02\/IMG_4222-705x705.jpeg\" title=\"IMG_4222\" alt=\"\" \/><\/div><\/div><\/figure><\/a><!--end av-masonry entry--><a href=\"https:\/\/casa.oaxaca.gob.mx\/wp-content\/uploads\/2025\/02\/IMG_4223-1030x1030.jpeg\" id='av-masonry-1-item-15463' data-av-masonry-item='15463' class='av-masonry-entry isotope-item post-15463 attachment type-attachment status-inherit hentry  av-masonry-item-with-image' title=\"\"  itemprop=\"thumbnailUrl\" ><div class='av-inner-masonry-sizer'><\/div><figure class='av-inner-masonry main_color'><div class=\"av-masonry-outerimage-container\"><div class=\"av-masonry-image-container\" style=\"background-image: url(https:\/\/casa.oaxaca.gob.mx\/wp-content\/uploads\/2025\/02\/IMG_4223-705x705.jpeg);\"><img decoding=\"async\" src=\"https:\/\/casa.oaxaca.gob.mx\/wp-content\/uploads\/2025\/02\/IMG_4223-705x705.jpeg\" title=\"IMG_4223\" alt=\"\" \/><\/div><\/div><\/figure><\/a><!--end av-masonry entry--><a href=\"https:\/\/casa.oaxaca.gob.mx\/wp-content\/uploads\/2025\/02\/IMG_4224-1030x1030.jpeg\" id='av-masonry-1-item-15464' data-av-masonry-item='15464' class='av-masonry-entry isotope-item post-15464 attachment type-attachment status-inherit hentry  av-masonry-item-with-image' title=\"\"  itemprop=\"thumbnailUrl\" ><div class='av-inner-masonry-sizer'><\/div><figure class='av-inner-masonry main_color'><div class=\"av-masonry-outerimage-container\"><div class=\"av-masonry-image-container\" style=\"background-image: url(https:\/\/casa.oaxaca.gob.mx\/wp-content\/uploads\/2025\/02\/IMG_4224-705x705.jpeg);\"><img decoding=\"async\" src=\"https:\/\/casa.oaxaca.gob.mx\/wp-content\/uploads\/2025\/02\/IMG_4224-705x705.jpeg\" title=\"IMG_4224\" alt=\"\" \/><\/div><\/div><\/figure><\/a><!--end av-masonry entry--><\/div><\/div><\/p><\/div>\n","protected":false},"excerpt":{"rendered":"","protected":false},"author":1,"featured_media":15457,"comment_status":"open","ping_status":"open","sticky":false,"template":"","format":"standard","meta":{"_exactmetrics_skip_tracking":false,"_exactmetrics_sitenote_active":false,"_exactmetrics_sitenote_note":"","_exactmetrics_sitenote_category":0,"footnotes":""},"categories":[204],"tags":[],"class_list":["post-15459","post","type-post","status-publish","format-standard","has-post-thumbnail","hentry","category-204"],"_links":{"self":[{"href":"https:\/\/casa.oaxaca.gob.mx\/index.php?rest_route=\/wp\/v2\/posts\/15459","targetHints":{"allow":["GET"]}}],"collection":[{"href":"https:\/\/casa.oaxaca.gob.mx\/index.php?rest_route=\/wp\/v2\/posts"}],"about":[{"href":"https:\/\/casa.oaxaca.gob.mx\/index.php?rest_route=\/wp\/v2\/types\/post"}],"author":[{"embeddable":true,"href":"https:\/\/casa.oaxaca.gob.mx\/index.php?rest_route=\/wp\/v2\/users\/1"}],"replies":[{"embeddable":true,"href":"https:\/\/casa.oaxaca.gob.mx\/index.php?rest_route=%2Fwp%2Fv2%2Fcomments&post=15459"}],"version-history":[{"count":3,"href":"https:\/\/casa.oaxaca.gob.mx\/index.php?rest_route=\/wp\/v2\/posts\/15459\/revisions"}],"predecessor-version":[{"id":15538,"href":"https:\/\/casa.oaxaca.gob.mx\/index.php?rest_route=\/wp\/v2\/posts\/15459\/revisions\/15538"}],"wp:featuredmedia":[{"embeddable":true,"href":"https:\/\/casa.oaxaca.gob.mx\/index.php?rest_route=\/wp\/v2\/media\/15457"}],"wp:attachment":[{"href":"https:\/\/casa.oaxaca.gob.mx\/index.php?rest_route=%2Fwp%2Fv2%2Fmedia&parent=15459"}],"wp:term":[{"taxonomy":"category","embeddable":true,"href":"https:\/\/casa.oaxaca.gob.mx\/index.php?rest_route=%2Fwp%2Fv2%2Fcategories&post=15459"},{"taxonomy":"post_tag","embeddable":true,"href":"https:\/\/casa.oaxaca.gob.mx\/index.php?rest_route=%2Fwp%2Fv2%2Ftags&post=15459"}],"curies":[{"name":"wp","href":"https:\/\/api.w.org\/{rel}","templated":true}]}}