{"id":15490,"date":"2025-03-10T16:28:44","date_gmt":"2025-03-10T22:28:44","guid":{"rendered":"https:\/\/casa.oaxaca.gob.mx\/?p=15490"},"modified":"2026-01-22T13:56:21","modified_gmt":"2026-01-22T19:56:21","slug":"primera-exposicion-individual-tecnicas-heredadas-edicion-textil-2","status":"publish","type":"post","link":"https:\/\/casa.oaxaca.gob.mx\/?p=15490","title":{"rendered":"PRIMERA EXPOSICI\u00d3N INDIVIDUAL: T\u00c9CNICAS HEREDADAS. EDICI\u00d3N TEXTIL"},"content":{"rendered":"<\/div><\/div><\/div><!-- close content main div --><\/div><\/div><div id='av_section_1' class='avia-section main_color avia-section-no-padding avia-no-border-styling avia-full-stretch av-parallax-section avia-bg-style-parallax  av-minimum-height av-minimum-height-75 container_wrap fullsize'  data-section-bg-repeat='stretch' ><div class='av-parallax' data-avia-parallax-ratio='0.3' ><div class='av-parallax-inner main_color  avia-full-stretch' style = 'background-repeat: no-repeat; background-image: url(https:\/\/casa.oaxaca.gob.mx\/wp-content\/uploads\/2025\/03\/Tecnicas-heredadas-scaled.jpg); background-attachment: scroll; background-position: bottom center; ' ><\/div><\/div><div class='container' ><div class='template-page content  av-content-full alpha units'><div class='post-entry post-entry-type-page post-entry-15490'><div class='entry-content-wrapper clearfix'>\n\n\n<\/div><\/div><\/div><!-- close content main div --><\/div><\/div><div id='av-layout-grid-1' class='av-layout-grid-container entry-content-wrapper main_color av-flex-cells  container_wrap fullsize'   >\n<div class=\"flex_cell no_margin av_one_full   \" style='vertical-align:top; padding:30px; background-color:#006bb2; '><div class='flex_cell_inner' ><p><div class=\"flex_column av_one_third  flex_column_div av-zero-column-padding first  \" style='border-radius:0px; '><div style='padding-bottom:10px;color:#ffffff;' class='av-special-heading av-special-heading-h3 custom-color-heading blockquote modern-quote  '><h3 class='av-special-heading-tag'  itemprop=\"headline\"  >Cierre de la convocatoria<\/h3><div class ='av-subheading av-subheading_below av_custom_color' style='font-size:20px;'><p>Jueves 24 de abril de 2025<\/p>\n<\/div><div class='special-heading-border'><div class='special-heading-inner-border' style='border-color:#ffffff'><\/div><\/div><\/div><\/div><div class=\"flex_column av_one_third  flex_column_div av-zero-column-padding   \" style='border-radius:0px; '><div style='padding-bottom:10px;color:#ffffff;' class='av-special-heading av-special-heading-h3 custom-color-heading blockquote modern-quote '><h3 class='av-special-heading-tag'  itemprop=\"headline\"  >Publicaci\u00f3n de resultados<\/h3><div class ='av-subheading av-subheading_below av_custom_color' style='font-size:20px;'><p>Jueves 8 de mayo de 2025<\/p>\n<\/div><div class='special-heading-border'><div class='special-heading-inner-border' style='border-color:#ffffff'><\/div><\/div><\/div><\/div><div class=\"flex_column av_one_third  flex_column_div av-zero-column-padding   \" style='border-radius:0px; '><\/div><\/p>\n<\/div><\/div>\n<\/div>\n<div class=\"flex_column av_three_fifth  flex_column_div av-zero-column-padding first  \" style='background-color:#ffffff; border-radius:0px; '><section class=\"av_textblock_section\"  itemscope=\"itemscope\" itemtype=\"https:\/\/schema.org\/BlogPosting\" itemprop=\"blogPost\" ><div class='avia_textblock  av_inherit_color'  style='font-size:16px; color:#0a0a0a; '  itemprop=\"text\" ><div title=\"Page 1\">\n<h1><strong>PRIMERA EXPOSICI\u00d3N INDIVIDUAL: T\u00c9CNICAS HEREDADAS. EDICI\u00d3N TEXTIL<\/strong><\/h1>\n<\/div>\n<div title=\"Page 1\">\n<h3><span style=\"color: #ffffff;\">&#8211;<\/span><b><\/b><\/h3>\n<p><span style=\"font-weight: 400;\">El CaSa, Amigos del IAGO y del CFMAB, la Secretar\u00eda de Desarrollo Econ\u00f3mico y la Secretar\u00eda de las Culturas y Artes de Oaxaca, felicitamos a<strong> Ixhel Itamar Hern\u00e1ndez Salones<\/strong> por ser la ganadora de la convocatoria Primera Exposici\u00f3n Individual: T\u00e9cnicas Heredadas. Edici\u00f3n Textil.<\/span><\/p>\n<p><span style=\"font-weight: 400;\">Su proyecto \u201cHilos de memoria\u201d celebra la riqueza de la herencia textil de Santo Tom\u00e1s Jalieza, que se realiza en los telares de cintura.<\/span><\/p>\n<p><span style=\"font-weight: 400;\">Agradecemos\u00a0 a todas las personas que participaron enviando sus proyectos y a las instituciones aliadas, por hacer posible esta iniciativa.<\/span><\/p>\n<h3><span style=\"color: #ffffff;\">&#8211;<\/span><\/h3>\n<\/div>\n<\/div><\/section><\/div>\n<div class=\"flex_column av_two_fifth  flex_column_div av-zero-column-padding   \" style='border-radius:0px; '><div id='av-masonry-1' class='av-masonry noHover av-flex-size av-large-gap av-hover-overlay- av-masonry-col-flexible av-caption-always av-caption-style- av-masonry-gallery  '  ><div class='av-masonry-container isotope av-js-disabled ' ><div class='av-masonry-entry isotope-item av-masonry-item-no-image '><\/div><a href=\"https:\/\/casa.oaxaca.gob.mx\/wp-content\/uploads\/2025\/03\/RotInd1-100-1-824x1030.jpg\" id='av-masonry-1-item-15746' data-av-masonry-item='15746' class='av-masonry-entry isotope-item post-15746 attachment type-attachment status-inherit hentry  av-masonry-item-with-image' title=\"\"  itemprop=\"thumbnailUrl\" ><div class='av-inner-masonry-sizer'><\/div><figure class='av-inner-masonry main_color'><div class=\"av-masonry-outerimage-container\"><div class=\"av-masonry-image-container\" style=\"background-image: url(https:\/\/casa.oaxaca.gob.mx\/wp-content\/uploads\/2025\/03\/RotInd1-100-1-564x705.jpg);\"><img decoding=\"async\" src=\"https:\/\/casa.oaxaca.gob.mx\/wp-content\/uploads\/2025\/03\/RotInd1-100-1-564x705.jpg\" title=\"RotInd1-100 (1)\" alt=\"\" \/><\/div><\/div><\/figure><\/a><!--end av-masonry entry--><\/div><\/div><\/div><div class=\"flex_column av_three_fifth  flex_column_div av-zero-column-padding first  \" style='background-color:#ffffff; border-radius:0px; '><section class=\"av_textblock_section\"  itemscope=\"itemscope\" itemtype=\"https:\/\/schema.org\/BlogPosting\" itemprop=\"blogPost\" ><div class='avia_textblock  av_inherit_color'  style='font-size:16px; color:#0a0a0a; '  itemprop=\"text\" ><div title=\"Page 1\">\n<h1><strong>PRIMERA EXPOSICI\u00d3N INDIVIDUAL: T\u00c9CNICAS HEREDADAS. EDICI\u00d3N TEXTIL<\/strong><\/h1>\n<p><span style=\"font-weight: 400;\">La Asociaci\u00f3n Civil Amigos del Instituto de Artes Gr\u00e1ficas de Oaxaca y del Centro Fotogr\u00e1fico Manuel \u00c1lvarez Bravo, junto con el Centro de las Artes de San Agust\u00edn, el Instituto de Artes Gr\u00e1ficas de Oaxaca, la Secretar\u00eda de Desarrollo Econ\u00f3mico de Oaxaca y la Secretar\u00eda de las Culturas y Artes de Oaxaca convoca a las y los oaxaque\u00f1os que hayan demostrado una habilidad excepcional en la producci\u00f3n de piezas textiles mediante t\u00e9cnicas heredadas, a participar en la convocatoria Primera Exposici\u00f3n Individual con el objetivo de reconocer y promover su trabajo a trav\u00e9s de una exhibici\u00f3n en el interior del Chalet del CaSa.\u00a0<\/span><\/p>\n<\/div>\n<div title=\"Page 1\">\n<h3><span style=\"color: #ffffff;\">&#8211;<\/span><\/h3>\n<h3><b>Descripci\u00f3n<\/b><\/h3>\n<p><span style=\"font-weight: 400;\">La convocatoria tiene como objetivo reconocer y apoyar a personas oaxaque\u00f1as que hayan demostrado un dominio extraordinario en la producci\u00f3n de piezas textiles utilizando t\u00e9cnicas heredadas. Se enfocar\u00e1 en identificar a individuos con alta competencia t\u00e9cnica, cuyos trabajos reflejen un lenguaje personal.\u00a0<\/span><\/p>\n<p><span style=\"font-weight: 400;\">La persona seleccionada tendr\u00e1 la oportunidad de exhibir sus piezas en el interior de la galer\u00eda Chalet del CaSa, donde podr\u00e1 combinar obras previamente realizadas con nuevas creaciones y adem\u00e1s comercializar una l\u00ednea de productos de su autor\u00eda en la tienda ARIPO de la Secretar\u00eda de Desarrollo Econ\u00f3mico de Oaxaca.\u00a0<\/span><\/p>\n<h3><span style=\"color: #ffffff;\">&#8211;<\/span><\/h3>\n<h3><b>Qui\u00e9nes pueden participar en la convocatoria<\/b><\/h3>\n<p><span style=\"font-weight: 400;\">Personas oaxaque\u00f1as, por nacimiento o filiaci\u00f3n, mayores de edad, con residencia en el estado de Oaxaca durante los \u00faltimos doce meses, (deber\u00e1n comprobar su residencia de diciembre de 2023 a diciembre de 2024).<\/span><\/p>\n<p><span style=\"font-weight: 400;\">Quienes hayan demostrado una destreza sobresaliente en la creaci\u00f3n de textiles mediante t\u00e9cnicas heredadas (m\u00e9todos y habilidades transmitidos de generaci\u00f3n en generaci\u00f3n en comunidades oaxaque\u00f1as) con un lenguaje propio y que no hayan exhibido sus piezas en una exposici\u00f3n individual en alguna instituci\u00f3n cultural.\u00a0<\/span><\/p>\n<h3><span style=\"color: #ffffff;\">&#8211;<\/span><\/h3>\n<h3><b>C\u00f3mo participar<\/b><\/h3>\n<p><span style=\"font-weight: 400;\">La propuesta de producci\u00f3n y exhibici\u00f3n se presentar\u00e1 de manera individual y en la disciplina textil sustentada en el conocimiento comunitario transmitido en el estado de Oaxaca. Se aceptar\u00e1n propuestas que combinen piezas ya elaboradas con piezas nuevas, siendo requisito que al menos una de las piezas sea in\u00e9dita y producida espec\u00edficamente para esta convocatoria<\/span><b>.<\/b><span style=\"font-weight: 400;\"> El periodo para la producci\u00f3n y realizaci\u00f3n de la exposici\u00f3n ser\u00e1 durante 2025.<\/span><\/p>\n<p><span style=\"font-weight: 400;\">Los participantes deber\u00e1n registrarse y enviar su propuesta en un \u00fanico archivo PDF (el peso del archivo no debe exceder los 15 MB) a trav\u00e9s del formulario\u00a0<\/span><\/p>\n<p><a href=\"https:\/\/bit.ly\/primeraexposicion\"><span style=\"font-weight: 400;\">https:\/\/bit.ly\/primeraexposicion<\/span><\/a><\/p>\n<p><span style=\"font-weight: 400;\">La propuesta que env\u00eden por medio del formulario deber\u00e1 contener la siguiente informaci\u00f3n:<\/span><\/p>\n<p><span style=\"font-weight: 400;\">&#8211; Acta de nacimiento.<\/span><\/p>\n<p><span style=\"font-weight: 400;\">&#8211; Al menos dos documentos comprobatorios que constaten su residencia actual en el estado (INE con direcci\u00f3n en el estado de Oaxaca, comprobante de domicilio con una antig\u00fcedad no mayor a tres meses, constancia de vecindad o cartas de testigos acompa\u00f1ados de identificaci\u00f3n y datos de contacto).<\/span><\/p>\n<p><span style=\"font-weight: 400;\">&#8211; RFC (c\u00e9dula de identificaci\u00f3n fiscal del postulante)<\/span><\/p>\n<p><span style=\"font-weight: 400;\">&#8211; Incluir la car\u00e1tula de la cuenta bancaria con los datos, incluyendo la CLABE interbancaria. -Asegurarse de que la cuenta est\u00e9 activa y pueda recibir dep\u00f3sitos de m\u00e1s de $50,000.00.<\/span><span style=\"font-weight: 400;\"><br \/>\n<\/span><span style=\"font-weight: 400;\">-Los participantes deber\u00e1n contar con la capacidad de emitir facturas (CFDI) para recibir el pago.<\/span><\/p>\n<p><span style=\"font-weight: 400;\"><br \/>\n<\/span><span style=\"font-weight: 400;\">Proyecto con la siguiente informaci\u00f3n:\u00a0<\/span><\/p>\n<p><span style=\"font-weight: 400;\">&#8211;<\/span><span style=\"font-weight: 400;\">Descripci\u00f3n y\/o bocetos de las piezas a realizar (o im\u00e1genes de piezas ya realizadas a integrar), cronograma de trabajo, presupuesto de producci\u00f3n que puede incluir, por ejemplo materiales<\/span><span style=\"font-weight: 400;\">, <\/span><span style=\"font-weight: 400;\">mano de obra y presupuesto de gastos asociados al montaje de la exposici\u00f3n.<\/span><\/p>\n<p><span style=\"font-weight: 400;\">&#8211; Una descripci\u00f3n de c\u00f3mo el solicitante aprendi\u00f3 la t\u00e9cnica y de proyectos en los que haya participado (o documentos comprobatorios como ligas a reportajes, exposiciones colectivas anteriores, etc\u00e9tera).<\/span><\/p>\n<p><span style=\"font-weight: 400;\">&#8211; Una descripci\u00f3n de la simbolog\u00eda usada por el participante en sus piezas, incluyendo su historia y uso tradicional. Si pertenece a la comunidad de origen, mencione su v\u00ednculo por nacimiento o pertenencia. Si aprendi\u00f3 sobre la simbolog\u00eda a trav\u00e9s de un proceso de aprendizaje con la comunidad, proporcione documentaci\u00f3n que lo acredite (cartas de maestros o autoridades tradicionales y\/o municipales, certificados de talleres, instituciones, etc\u00e9tera). Si se inspir\u00f3 en otras culturas, describa el proceso de colaboraci\u00f3n con miembros de esa comunidad y proporcione documentos comprobatorios (enlaces a proyectos conjuntos, publicaciones, cartas de colaboraci\u00f3n, etc\u00e9tera).<\/span><\/p>\n<p><span style=\"font-weight: 400;\">&#8211; Cinco a diez fotograf\u00edas de piezas que ha realizado.<\/span><\/p>\n<p><span style=\"font-weight: 400;\">&#8211; Propuesta de exposici\u00f3n: Incluir una descripci\u00f3n, dibujos, planos, renders u otros elementos. Puedes descargar el plano de la galer\u00eda en la siguiente liga: <\/span><a href=\"https:\/\/bit.ly\/planochalet\"><span style=\"font-weight: 400;\">https:\/\/bit.ly\/planochalet<\/span><\/a><\/p>\n<h3><span style=\"color: #ffffff;\">&#8211;<\/span><\/h3>\n<h3><b>Calendario de la convocatoria<\/b><\/h3>\n<p><b>Cierre de convocatoria:\u00a0<\/b><\/p>\n<p><span style=\"font-weight: 400;\">Jueves 24 de abril del 2025<\/span><\/p>\n<p><b>Publicaci\u00f3n de resultados:<\/b><\/p>\n<p><span style=\"font-weight: 400;\">Jueves 8 de mayo del 2025<\/span><\/p>\n<p><span style=\"font-weight: 400;\">La publicaci\u00f3n de los resultados ser\u00e1 a trav\u00e9s de las p\u00e1ginas y redes sociales de las instituciones convocantes.<\/span><\/p>\n<h3><span style=\"color: #ffffff;\">&#8211;<\/span><\/h3>\n<h3><b>Criterios de selecci\u00f3n<\/b><\/h3>\n<p><span style=\"font-weight: 400;\">Para la selecci\u00f3n de la propuesta ganadora se podr\u00e1n tomar en cuenta los siguientes criterios:<\/span><\/p>\n<p><b>Calidad de las piezas:<\/b><span style=\"font-weight: 400;\"> Se valorar\u00e1 la maestr\u00eda en las t\u00e9cnicas textiles y la originalidad de las obras.<\/span><\/p>\n<p><b>Calidad de la propuesta de exhibici\u00f3n:<\/b><span style=\"font-weight: 400;\"> Se evaluar\u00e1 la originalidad, coherencia y la adecuaci\u00f3n de las piezas al espacio expositivo del Chalet del CaSa.<\/span><\/p>\n<p><b>Viabilidad del proyecto:<\/b><span style=\"font-weight: 400;\"> Se tomar\u00e1 en cuenta la experiencia del artista, demostrada a trav\u00e9s de su curr\u00edculum, y la factibilidad de realizar la propuesta con los recursos disponibles.<\/span><\/p>\n<h3><span style=\"color: #ffffff;\">&#8211;<\/span><\/h3>\n<h3><b>Apoyo econ\u00f3mico y recursos para la exposici\u00f3n<\/b><\/h3>\n<p><span style=\"font-weight: 400;\">El proyecto ganador dispondr\u00e1 de un apoyo que se conforma de la siguiente manera: $50,000.00 (cincuenta mil pesos), que podr\u00e1n ser utilizados para la producci\u00f3n de sus piezas; el CaSa se encargar\u00e1 del montaje de la exposici\u00f3n, de acuerdo con su suficiencia presupuestaria. El postulante ganador ser\u00e1 responsable de cubrir cualquier gasto que exceda la suficiencia presupuestar\u00eda del Centro de las Artes de San Agust\u00edn. Adicionalmente, recibir\u00e1 $20,000.00 (veinte mil pesos) que aportar\u00e1 la Secretar\u00eda de Desarrollo Econ\u00f3mico de Oaxaca <\/span><span style=\"font-weight: 400;\">(SEDECO) <\/span><span style=\"font-weight: 400;\">para la comercializaci\u00f3n de piezas artesanales en la tienda ARIPO. Por \u00faltimo, La Maquinucha Ediciones, a trav\u00e9s del Instituto de Artes Gr\u00e1ficas de Oaxaca, imprimir\u00e1 en risograf\u00eda una publicaci\u00f3n referente al proyecto.<\/span><\/p>\n<h3><span style=\"color: #ffffff;\">&#8211;<\/span><\/h3>\n<h3><b>Compromisos de la persona ganadora<\/b><\/h3>\n<ul>\n<li><span style=\"font-weight: 400;\">Residir en Oaxaca y estar disponible para el seguimiento de la producci\u00f3n, as\u00ed como para asistir a las actividades programadas.<\/span><\/li>\n<li>Realizar una exposici\u00f3n final.<\/li>\n<li>Permitir la documentaci\u00f3n y difusi\u00f3n de su obra por parte del CaSa y sus aliados.<\/li>\n<li>Entregar un reporte final.<\/li>\n<li>Para la venta en ARIPO, se requerir\u00e1 una Constancia de Situaci\u00f3n Fiscal actualizada con actividad de venta de artesan\u00edas. Si no la posee, la SEDECO brindar\u00e1 asistencia para obtenerla antes del pago.<\/li>\n<li>La persona ganadora colaborar\u00e1 con los organizadores en la disposici\u00f3n de las obras, cumpliendo con los reglamentos del CaSa.<\/li>\n<li>Realizar una serie de actividades de activaci\u00f3n (pl\u00e1ticas, talleres, recorridos guiados, entre otros) en el marco de la exposici\u00f3n.<\/li>\n<li>La exposici\u00f3n se realizar\u00e1 \u00fanicamente en el interior de la galer\u00eda Chalet del CaSa.<\/li>\n<\/ul>\n<h3><span style=\"color: #ffffff;\">&#8211;<\/span><\/h3>\n<p><span style=\"font-weight: 400;\">***<\/span><\/p>\n<p><br style=\"font-weight: 400;\" \/><br style=\"font-weight: 400;\" \/><\/p>\n<\/div>\n<\/div><\/section><br \/>\n<div class='av-social-sharing-box '><div class='av-share-box'><h5 class='av-share-link-description'>Compartir esta actividad<\/h5><ul class='av-share-box-list noLightbox'><li class='av-share-link av-social-link-facebook' ><a target='_blank' href='http:\/\/www.facebook.com\/sharer.php?u=https:\/\/casa.oaxaca.gob.mx\/?p=15490&amp;t=PRIMERA%20EXPOSICI%C3%93N%20INDIVIDUAL%3A%20T%C3%89CNICAS%20HEREDADAS.%20EDICI%C3%93N%20TEXTIL' aria-hidden='true' data-av_icon='\ue8f3' data-av_iconfont='entypo-fontello' title='' data-avia-related-tooltip='Share on Facebook'><span class='avia_hidden_link_text'>Share on Facebook<\/span><\/a><\/li><li class='av-share-link av-social-link-twitter' ><a target='_blank' href='https:\/\/twitter.com\/share?text=PRIMERA%20EXPOSICI%C3%93N%20INDIVIDUAL%3A%20T%C3%89CNICAS%20HEREDADAS.%20EDICI%C3%93N%20TEXTIL&url=https:\/\/casa.oaxaca.gob.mx\/?p=15490' aria-hidden='true' data-av_icon='\ue8f1' data-av_iconfont='entypo-fontello' title='' data-avia-related-tooltip='Share on Twitter'><span class='avia_hidden_link_text'>Share on Twitter<\/span><\/a><\/li><li class='av-share-link av-social-link-gplus' ><a target='_blank' href='https:\/\/plus.google.com\/share?url=https:\/\/casa.oaxaca.gob.mx\/?p=15490' aria-hidden='true' data-av_icon='\ue8f6' data-av_iconfont='entypo-fontello' title='' data-avia-related-tooltip='Share on Google+'><span class='avia_hidden_link_text'>Share on Google+<\/span><\/a><\/li><li class='av-share-link av-social-link-pinterest' ><a target='_blank' href='http:\/\/pinterest.com\/pin\/create\/button\/?url=https%3A%2F%2Fcasa.oaxaca.gob.mx%2F%3Fp%3D15490&amp;description=PRIMERA%20EXPOSICI%C3%93N%20INDIVIDUAL%3A%20T%C3%89CNICAS%20HEREDADAS.%20EDICI%C3%93N%20TEXTIL&amp;media=https%3A%2F%2Fcasa.oaxaca.gob.mx%2Fwp-content%2Fuploads%2F2025%2F03%2FC-primera-expo-705x484.jpg' aria-hidden='true' data-av_icon='\ue8f8' data-av_iconfont='entypo-fontello' title='' data-avia-related-tooltip='Share on Pinterest'><span class='avia_hidden_link_text'>Share on Pinterest<\/span><\/a><\/li><li class='av-share-link av-social-link-mail' ><a  href='mailto:?subject=PRIMERA%20EXPOSICI%C3%93N%20INDIVIDUAL%3A%20T%C3%89CNICAS%20HEREDADAS.%20EDICI%C3%93N%20TEXTIL&amp;body=https:\/\/casa.oaxaca.gob.mx\/?p=15490' aria-hidden='true' data-av_icon='\ue805' data-av_iconfont='entypo-fontello' title='' data-avia-related-tooltip='Share by Mail'><span class='avia_hidden_link_text'>Share by Mail<\/span><\/a><\/li><\/ul><\/div><\/div><\/p><\/div><\/p>\n<div class=\"flex_column av_two_fifth  flex_column_div av-zero-column-padding   \" style='border-radius:0px; '><p><section class=\"av_textblock_section\"  itemscope=\"itemscope\" itemtype=\"https:\/\/schema.org\/BlogPosting\" itemprop=\"blogPost\" ><div class='avia_textblock '   itemprop=\"text\" ><p><strong>Descargables<\/strong><\/p>\n<\/div><\/section><br \/>\n<div class='avia-table main_color avia-pricing-table-container  avia_pricing_default avia-table-1 '  itemscope=\"itemscope\" itemtype=\"https:\/\/schema.org\/Table\" ><div class='pricing-table-wrap'><ul class='pricing-table '><li class=''><div class='first-table-item'>PDF<\/div><span class='pricing-extra'><\/span><\/li><li class=''>Preguntas frecuentes<\/li><li class=''>Plano del Chalet<\/li><\/ul><\/div><div class='pricing-table-wrap'><ul class='pricing-table '><li class=''><div class='first-table-item'><a href=\"https:\/\/casa.oaxaca.gob.mx\/wp-content\/uploads\/2025\/03\/PEI_Convo.pdf\"><img loading=\"lazy\" decoding=\"async\" src=\"https:\/\/casa.oaxaca.gob.mx\/wp-content\/uploads\/2018\/08\/001-pdf.jpg\" alt=\"\" width=\"40\" height=\"46\" \/><\/a><\/div><span class='pricing-extra'><\/span><\/li><li class=''><a href=\"https:\/\/casa.oaxaca.gob.mx\/wp-content\/uploads\/2025\/03\/PEI_FAQ.pdf\"><img loading=\"lazy\" decoding=\"async\" src=\"https:\/\/casa.oaxaca.gob.mx\/wp-content\/uploads\/2018\/08\/001-pdf.jpg\" alt=\"\" width=\"40\" height=\"46\" \/><\/a><\/li><li class=''><a href=\"https:\/\/casa.oaxaca.gob.mx\/wp-content\/uploads\/2025\/03\/Chalet-con-medidas.pdf\"><img loading=\"lazy\" decoding=\"async\" src=\"https:\/\/casa.oaxaca.gob.mx\/wp-content\/uploads\/2018\/08\/001-pdf.jpg\" alt=\"\" width=\"40\" height=\"46\" \/><\/a><\/li><\/ul><\/div><\/div><\/p><\/div>\n<div class=\"flex_column av_one_third  flex_column_div av-zero-column-padding first  \" style='border-radius:0px; '><\/div>\n<div class=\"flex_column av_one_third  flex_column_div av-zero-column-padding   \" style='border-radius:0px; '><\/div>\n<div class=\"flex_column av_one_third  flex_column_div av-zero-column-padding   \" style='border-radius:0px; '><\/div>\n<div class=\"flex_column av_two_fifth  flex_column_div av-zero-column-padding first  \" style='border-radius:0px; '><\/div>\n<div class=\"flex_column av_two_fifth  flex_column_div av-zero-column-padding   \" style='border-radius:0px; '><\/div>\n","protected":false},"excerpt":{"rendered":"","protected":false},"author":1,"featured_media":15502,"comment_status":"open","ping_status":"open","sticky":false,"template":"","format":"standard","meta":{"_exactmetrics_skip_tracking":false,"_exactmetrics_sitenote_active":false,"_exactmetrics_sitenote_note":"","_exactmetrics_sitenote_category":0,"footnotes":""},"categories":[204,194],"tags":[],"class_list":["post-15490","post","type-post","status-publish","format-standard","has-post-thumbnail","hentry","category-204","category-convocatorias-pasadas"],"_links":{"self":[{"href":"https:\/\/casa.oaxaca.gob.mx\/index.php?rest_route=\/wp\/v2\/posts\/15490","targetHints":{"allow":["GET"]}}],"collection":[{"href":"https:\/\/casa.oaxaca.gob.mx\/index.php?rest_route=\/wp\/v2\/posts"}],"about":[{"href":"https:\/\/casa.oaxaca.gob.mx\/index.php?rest_route=\/wp\/v2\/types\/post"}],"author":[{"embeddable":true,"href":"https:\/\/casa.oaxaca.gob.mx\/index.php?rest_route=\/wp\/v2\/users\/1"}],"replies":[{"embeddable":true,"href":"https:\/\/casa.oaxaca.gob.mx\/index.php?rest_route=%2Fwp%2Fv2%2Fcomments&post=15490"}],"version-history":[{"count":14,"href":"https:\/\/casa.oaxaca.gob.mx\/index.php?rest_route=\/wp\/v2\/posts\/15490\/revisions"}],"predecessor-version":[{"id":15749,"href":"https:\/\/casa.oaxaca.gob.mx\/index.php?rest_route=\/wp\/v2\/posts\/15490\/revisions\/15749"}],"wp:featuredmedia":[{"embeddable":true,"href":"https:\/\/casa.oaxaca.gob.mx\/index.php?rest_route=\/wp\/v2\/media\/15502"}],"wp:attachment":[{"href":"https:\/\/casa.oaxaca.gob.mx\/index.php?rest_route=%2Fwp%2Fv2%2Fmedia&parent=15490"}],"wp:term":[{"taxonomy":"category","embeddable":true,"href":"https:\/\/casa.oaxaca.gob.mx\/index.php?rest_route=%2Fwp%2Fv2%2Fcategories&post=15490"},{"taxonomy":"post_tag","embeddable":true,"href":"https:\/\/casa.oaxaca.gob.mx\/index.php?rest_route=%2Fwp%2Fv2%2Ftags&post=15490"}],"curies":[{"name":"wp","href":"https:\/\/api.w.org\/{rel}","templated":true}]}}