{"id":15529,"date":"2025-03-14T17:48:08","date_gmt":"2025-03-14T23:48:08","guid":{"rendered":"https:\/\/casa.oaxaca.gob.mx\/?p=15529"},"modified":"2026-01-22T13:56:21","modified_gmt":"2026-01-22T19:56:21","slug":"fotografia-expandida-calor","status":"publish","type":"post","link":"https:\/\/casa.oaxaca.gob.mx\/?p=15529","title":{"rendered":"FOTOGRAF\u00cdA EXPANDIDA: CALOR"},"content":{"rendered":"<\/div><\/div><\/div><!-- close content main div --><\/div><\/div><div id='av_section_1' class='avia-section main_color avia-section-no-padding avia-no-border-styling avia-full-stretch av-parallax-section avia-bg-style-parallax  av-minimum-height av-minimum-height-75 container_wrap fullsize'  data-section-bg-repeat='stretch' ><div class='av-parallax' data-avia-parallax-ratio='0.3' ><div class='av-parallax-inner main_color  avia-full-stretch' style = 'background-repeat: no-repeat; background-image: url(https:\/\/casa.oaxaca.gob.mx\/wp-content\/uploads\/2025\/03\/Magnum-1-scaled.jpg); background-attachment: scroll; background-position: bottom center; ' ><\/div><\/div><div class='container' ><div class='template-page content  av-content-full alpha units'><div class='post-entry post-entry-type-page post-entry-15529'><div class='entry-content-wrapper clearfix'>\n<div style='padding-bottom:10px;color:#ffffff;font-size:50px;' class='av-special-heading av-special-heading-h3 custom-color-heading blockquote modern-quote  av-inherit-size'><h3 class='av-special-heading-tag'  itemprop=\"headline\"  >Fotograf\u00eda Expandida: Calor<\/h3><div class='special-heading-border'><div class='special-heading-inner-border' style='border-color:#ffffff'><\/div><\/div><\/div>\n\n<\/div><\/div><\/div><!-- close content main div --><\/div><\/div><div id='av-layout-grid-1' class='av-layout-grid-container entry-content-wrapper main_color av-flex-cells  container_wrap fullsize'   >\n<div class=\"flex_cell no_margin av_one_full   \" style='vertical-align:top; padding:30px; background-color:#006bb2; '><div class='flex_cell_inner' ><p><div class=\"flex_column av_one_third  flex_column_div av-zero-column-padding first  \" style='border-radius:0px; '><div style='padding-bottom:10px;color:#ffffff;' class='av-special-heading av-special-heading-h3 custom-color-heading blockquote modern-quote '><h3 class='av-special-heading-tag'  itemprop=\"headline\"  >Cierre de la convocatoria<\/h3><div class ='av-subheading av-subheading_below av_custom_color' style='font-size:20px;'><p>Martes 1 de abril de 2025<\/p>\n<\/div><div class='special-heading-border'><div class='special-heading-inner-border' style='border-color:#ffffff'><\/div><\/div><\/div><\/div><div class=\"flex_column av_one_third  flex_column_div av-zero-column-padding   \" style='border-radius:0px; '><div style='padding-bottom:10px;color:#ffffff;' class='av-special-heading av-special-heading-h3 custom-color-heading blockquote modern-quote '><h3 class='av-special-heading-tag'  itemprop=\"headline\"  >Publicaci\u00f3n de resultados<\/h3><div class ='av-subheading av-subheading_below av_custom_color' style='font-size:20px;'><p>Jueves 24 de abril de 2025<\/p>\n<\/div><div class='special-heading-border'><div class='special-heading-inner-border' style='border-color:#ffffff'><\/div><\/div><\/div><\/div><div class=\"flex_column av_one_third  flex_column_div av-zero-column-padding   \" style='border-radius:0px; '><\/div><\/p>\n<\/div><\/div>\n<\/div>\n<div class=\"flex_column av_three_fifth  flex_column_div av-zero-column-padding first  \" style='background-color:#ffffff; border-radius:0px; '><section class=\"av_textblock_section\"  itemscope=\"itemscope\" itemtype=\"https:\/\/schema.org\/BlogPosting\" itemprop=\"blogPost\" ><div class='avia_textblock  av_inherit_color'  style='font-size:16px; color:#0a0a0a; '  itemprop=\"text\" ><div title=\"Page 1\">\n<h1><strong>FOTOGRAF\u00cdA EXPANDIDA: CALOR<\/strong><\/h1>\n<p><span style=\"color: #ffffff;\">&#8211;<\/span><\/p>\n<\/div>\n<div title=\"Page 1\">\n<p><span style=\"font-weight: 400;\">La <\/span><a href=\"https:\/\/www.magnumfoundation.org\/\"><span style=\"font-weight: 400;\">Fundaci\u00f3n Magnum<\/span><\/a><span style=\"font-weight: 400;\">, en colaboraci\u00f3n con Francisco Toledo A.C. y el <\/span><a href=\"https:\/\/casa.oaxaca.gob.mx\/\"><span style=\"font-weight: 400;\">Centro de las Artes de San Agust\u00edn (CaSa)<\/span><\/a><span style=\"font-weight: 400;\">, se complace en anunciar las becas a Adriana Ch\u00e1vez y Julio Barrita, dos fot\u00f3grafos oaxaque\u00f1os que trabajan en proyectos relacionados con el clima en la regi\u00f3n. Estas becas forman parte de la <\/span><a href=\"https:\/\/www.magnumfoundation.org\/news\/2024-25-heat-fellows\"><span style=\"font-weight: 400;\">Beca Heat 2024-25<\/span><\/a><span style=\"font-weight: 400;\"> de la Fundaci\u00f3n Magnum, que ha apoyado a nueve fot\u00f3grafos de todo el mundo que trabajan en el tema del calor y la crisis clim\u00e1tica.\u00a0<\/span><\/p>\n<p><span style=\"color: #ffffff;\">&#8211;<\/span><\/p>\n<p><span style=\"font-weight: 400;\">Ch\u00e1vez y Barrita recibir\u00e1n una beca de $2,500 d\u00f3lares as\u00ed como sesiones de tutor\u00eda por parte de los fot\u00f3grafos de Magnum Susan Meiselas y Yael Mart\u00ednez durante el pr\u00f3ximo taller de la Beca Heat en Oaxaca a finales de este mes.\u00a0<\/span><\/p>\n<p><span style=\"font-weight: 400;\"><span style=\"color: #ffffff;\">&#8211;<\/span><\/span><\/p>\n<p><span style=\"font-weight: 400;\">Los ganadores fueron seleccionadas por Mart\u00ednez y la tambi\u00e9n ex alumna de la Fundaci\u00f3n Magnum Citlali Fabi\u00e1n, quienes compartieron la siguiente declaraci\u00f3n del jurado sobre los fot\u00f3grafos seleccionados:<\/span><\/p>\n<p><span style=\"font-weight: 400;\"><span style=\"color: #ffffff;\">&#8211;<\/span><\/span><\/p>\n<p><span style=\"font-weight: 400;\">&#8220;Por su trabajo explorando el papel de las ciclistas en Oaxaca, Ch\u00e1vez ha estado investigando las intersecciones del espacio, la movilidad y la justicia social a trav\u00e9s del uso del transporte ecol\u00f3gico. Su proyecto reflexiona sobre la compleja din\u00e1mica de una ciudad del sur de M\u00e9xico moldeada por el crecimiento impulsado por el turismo, un crecimiento que ahora ejerce una presi\u00f3n cada vez mayor sobre los recursos locales. La creciente demanda de agua provocada por el turismo, junto con la sobreproducci\u00f3n de agave para mezcal, ha desencadenado profundos problemas medioambientales y sociales en Oaxaca. A trav\u00e9s de procesos comunitarios, Ch\u00e1vez propone soluciones que abren un di\u00e1logo entre residentes y visitantes. Centr\u00e1ndose en las historias de las mujeres, su trabajo vislumbra nuevos horizontes que fomentan una conexi\u00f3n m\u00e1s profunda entre las personas, el medio ambiente y los territorios que habitan y atraviesan.&#8221;<\/span><\/p>\n<p><span style=\"font-weight: 400;\"><span style=\"color: #ffffff;\">&#8211;<\/span><\/span><\/p>\n<p><span style=\"font-weight: 400;\">&#8220;La obra de Barrita nos introduce a la presencia de un nuevo tipo de monta\u00f1a: una compuesta de residuos pl\u00e1sticos. Su proyecto nos invita a reflexionar sobre nuestras acciones como sociedad de consumo. Mientras que las monta\u00f1as han tenido un significado sagrado para las culturas prehisp\u00e1nicas, Barrita se pregunta: \u00bfcu\u00e1l es nuestra relaci\u00f3n con el paisaje cuando estamos creando imponentes masas de residuos que tardan siglos en degradarse? Estas formaciones sint\u00e9ticas a\u00f1aden una capa m\u00e1s a la superficie de la Tierra, marcando una nueva era geol\u00f3gica moldeada por la actividad humana y la proliferaci\u00f3n del pl\u00e1stico. A trav\u00e9s de su obra, Barrita nos confronta con las consecuencias de las decisiones tomadas por generaciones anteriores y nos desaf\u00eda a reconsiderar los caminos que estamos tomando en el presente.&#8221;<\/span><\/p>\n<p><span style=\"font-weight: 400;\"><span style=\"color: #ffffff;\">&#8211;<\/span><\/span><\/p>\n<p><span style=\"font-weight: 400;\">Mart\u00ednez y Fabi\u00e1n a\u00f1adieron: &#8220;Creemos que ambos artistas han desarrollado a lo largo de los a\u00f1os pr\u00e1cticas s\u00f3lidas,comprometidas con la comunidad, basadas en investigaciones profundas sobre los retos actuales a los que nos enfrentamos como seres humanos. Creemos firmemente que estos dos proyectos tendr\u00e1n un impacto significativo en la comunidad de Oaxaca, tanto entre sus residentes como en su di\u00e1logo con el turismo.&#8221;<\/span><\/p>\n<p><span style=\"font-weight: 400;\"><span style=\"color: #ffffff;\">&#8211;<\/span><\/span><\/p>\n<p><span style=\"font-weight: 400;\">\u00a1Acomp\u00e1\u00f1anos a felicitar a Ch\u00e1vez y Barrita!<\/span><\/p>\n<p><span style=\"color: #ffffff;\">&#8211;<\/span><\/p>\n<p>Consulta el anuncio en el sitio de la Fundaci\u00f3n Magnum:<\/p>\n<p>https:\/\/www.magnumfoundation.org\/news\/announcing-oaxaca-heat-grants<\/p>\n<p><span style=\"color: #ffffff;\">&#8211;<\/span><\/p>\n<p><span style=\"font-weight: 400;\">***<\/span><\/p>\n<p><br style=\"font-weight: 400;\" \/><br style=\"font-weight: 400;\" \/><\/p>\n<\/div>\n<\/div><\/section><br \/>\n<div class='av-social-sharing-box '><div class='av-share-box'><h5 class='av-share-link-description'>Compartir esta actividad<\/h5><ul class='av-share-box-list noLightbox'><li class='av-share-link av-social-link-facebook' ><a target='_blank' href='http:\/\/www.facebook.com\/sharer.php?u=https:\/\/casa.oaxaca.gob.mx\/?p=15529&amp;t=FOTOGRAF%C3%8DA%20EXPANDIDA%3A%20CALOR' aria-hidden='true' data-av_icon='\ue8f3' data-av_iconfont='entypo-fontello' title='' data-avia-related-tooltip='Share on Facebook'><span class='avia_hidden_link_text'>Share on Facebook<\/span><\/a><\/li><li class='av-share-link av-social-link-twitter' ><a target='_blank' href='https:\/\/twitter.com\/share?text=FOTOGRAF%C3%8DA%20EXPANDIDA%3A%20CALOR&url=https:\/\/casa.oaxaca.gob.mx\/?p=15529' aria-hidden='true' data-av_icon='\ue8f1' data-av_iconfont='entypo-fontello' title='' data-avia-related-tooltip='Share on Twitter'><span class='avia_hidden_link_text'>Share on Twitter<\/span><\/a><\/li><li class='av-share-link av-social-link-gplus' ><a target='_blank' href='https:\/\/plus.google.com\/share?url=https:\/\/casa.oaxaca.gob.mx\/?p=15529' aria-hidden='true' data-av_icon='\ue8f6' data-av_iconfont='entypo-fontello' title='' data-avia-related-tooltip='Share on Google+'><span class='avia_hidden_link_text'>Share on Google+<\/span><\/a><\/li><li class='av-share-link av-social-link-pinterest' ><a target='_blank' href='http:\/\/pinterest.com\/pin\/create\/button\/?url=https%3A%2F%2Fcasa.oaxaca.gob.mx%2F%3Fp%3D15529&amp;description=FOTOGRAF%C3%8DA%20EXPANDIDA%3A%20CALOR&amp;media=https%3A%2F%2Fcasa.oaxaca.gob.mx%2Fwp-content%2Fuploads%2F2025%2F03%2FC-Magnum1-705x484.jpg' aria-hidden='true' data-av_icon='\ue8f8' data-av_iconfont='entypo-fontello' title='' data-avia-related-tooltip='Share on Pinterest'><span class='avia_hidden_link_text'>Share on Pinterest<\/span><\/a><\/li><li class='av-share-link av-social-link-mail' ><a  href='mailto:?subject=FOTOGRAF%C3%8DA%20EXPANDIDA%3A%20CALOR&amp;body=https:\/\/casa.oaxaca.gob.mx\/?p=15529' aria-hidden='true' data-av_icon='\ue805' data-av_iconfont='entypo-fontello' title='' data-avia-related-tooltip='Share by Mail'><span class='avia_hidden_link_text'>Share by Mail<\/span><\/a><\/li><\/ul><\/div><\/div><\/p><\/div>\n<div class=\"flex_column av_two_fifth  flex_column_div av-zero-column-padding   \" style='border-radius:0px; '><div id='av-masonry-1' class='av-masonry noHover av-flex-size av-large-gap av-hover-overlay- av-masonry-col-flexible av-caption-always av-caption-style- av-masonry-gallery  '  ><div class='av-masonry-container isotope av-js-disabled ' ><div class='av-masonry-entry isotope-item av-masonry-item-no-image '><\/div><a href=\"https:\/\/casa.oaxaca.gob.mx\/wp-content\/uploads\/2025\/03\/AdrianaChavez_Ciclistas-de-Oaxaca_1.jpg\" id='av-masonry-1-item-15894' data-av-masonry-item='15894' class='av-masonry-entry isotope-item post-15894 attachment type-attachment status-inherit hentry  av-masonry-item-with-image' title=\"\"  itemprop=\"thumbnailUrl\" ><div class='av-inner-masonry-sizer'><\/div><figure class='av-inner-masonry main_color'><div class=\"av-masonry-outerimage-container\"><div class=\"av-masonry-image-container\" style=\"background-image: url(https:\/\/casa.oaxaca.gob.mx\/wp-content\/uploads\/2025\/03\/AdrianaChavez_Ciclistas-de-Oaxaca_1-705x470.jpg);\"><img decoding=\"async\" src=\"https:\/\/casa.oaxaca.gob.mx\/wp-content\/uploads\/2025\/03\/AdrianaChavez_Ciclistas-de-Oaxaca_1-705x470.jpg\" title=\"AdrianaChavez_Ciclistas de Oaxaca_1\" alt=\"\" \/><\/div><\/div><figcaption class='av-inner-masonry-content site-background'><div class='av-inner-masonry-content-pos'><div class='av-inner-masonry-content-pos-content'><div class='avia-arrow'><\/div><h3 class='av-masonry-entry-title entry-title'  itemprop=\"headline\" >AdrianaChavez_Ciclistas de Oaxaca_1<\/h3><\/div><\/div><\/figcaption><\/figure><\/a><!--end av-masonry entry--><a href=\"https:\/\/casa.oaxaca.gob.mx\/wp-content\/uploads\/2025\/03\/AdrianaChavez_Ciclistas-de-Oaxaca_2-1030x773.jpg\" id='av-masonry-1-item-15895' data-av-masonry-item='15895' class='av-masonry-entry isotope-item post-15895 attachment type-attachment status-inherit hentry  av-masonry-item-with-image' title=\"\"  itemprop=\"thumbnailUrl\" ><div class='av-inner-masonry-sizer'><\/div><figure class='av-inner-masonry main_color'><div class=\"av-masonry-outerimage-container\"><div class=\"av-masonry-image-container\" style=\"background-image: url(https:\/\/casa.oaxaca.gob.mx\/wp-content\/uploads\/2025\/03\/AdrianaChavez_Ciclistas-de-Oaxaca_2-705x529.jpg);\"><img decoding=\"async\" src=\"https:\/\/casa.oaxaca.gob.mx\/wp-content\/uploads\/2025\/03\/AdrianaChavez_Ciclistas-de-Oaxaca_2-705x529.jpg\" title=\"AdrianaChavez_Ciclistas de Oaxaca_2\" alt=\"\" \/><\/div><\/div><figcaption class='av-inner-masonry-content site-background'><div class='av-inner-masonry-content-pos'><div class='av-inner-masonry-content-pos-content'><div class='avia-arrow'><\/div><h3 class='av-masonry-entry-title entry-title'  itemprop=\"headline\" >AdrianaChavez_Ciclistas de Oaxaca_2<\/h3><\/div><\/div><\/figcaption><\/figure><\/a><!--end av-masonry entry--><a href=\"https:\/\/casa.oaxaca.gob.mx\/wp-content\/uploads\/2025\/03\/JulioBarrita.jpg\" id='av-masonry-1-item-15896' data-av-masonry-item='15896' class='av-masonry-entry isotope-item post-15896 attachment type-attachment status-inherit hentry  av-masonry-item-with-image' title=\"\"  itemprop=\"thumbnailUrl\" ><div class='av-inner-masonry-sizer'><\/div><figure class='av-inner-masonry main_color'><div class=\"av-masonry-outerimage-container\"><div class=\"av-masonry-image-container\" style=\"background-image: url(https:\/\/casa.oaxaca.gob.mx\/wp-content\/uploads\/2025\/03\/JulioBarrita-699x705.jpg);\"><img decoding=\"async\" src=\"https:\/\/casa.oaxaca.gob.mx\/wp-content\/uploads\/2025\/03\/JulioBarrita-699x705.jpg\" title=\"JulioBarrita\" alt=\"\" \/><\/div><\/div><figcaption class='av-inner-masonry-content site-background'><div class='av-inner-masonry-content-pos'><div class='av-inner-masonry-content-pos-content'><div class='avia-arrow'><\/div><h3 class='av-masonry-entry-title entry-title'  itemprop=\"headline\" >JulioBarrita<\/h3><\/div><\/div><\/figcaption><\/figure><\/a><!--end av-masonry entry--><\/div><div class='av-masonry-pagination av-masonry-pagination-pagination'><nav class='pagination'><span class='pagination-meta'>Page 1 of 0<\/span><\/nav>\n<\/div><\/div><\/div><div class=\"flex_column av_one_third  flex_column_div av-zero-column-padding first  \" style='border-radius:0px; '><\/div><\/p>\n<div class=\"flex_column av_one_third  flex_column_div av-zero-column-padding   \" style='border-radius:0px; '><\/div>\n<div class=\"flex_column av_one_third  flex_column_div av-zero-column-padding   \" style='border-radius:0px; '><\/div>\n<div class=\"flex_column av_two_fifth  flex_column_div av-zero-column-padding first  \" style='border-radius:0px; '><\/div>\n<div class=\"flex_column av_two_fifth  flex_column_div av-zero-column-padding   \" style='border-radius:0px; '><\/div>\n","protected":false},"excerpt":{"rendered":"","protected":false},"author":1,"featured_media":15531,"comment_status":"open","ping_status":"open","sticky":false,"template":"","format":"standard","meta":{"_exactmetrics_skip_tracking":false,"_exactmetrics_sitenote_active":false,"_exactmetrics_sitenote_note":"","_exactmetrics_sitenote_category":0,"footnotes":""},"categories":[204,194],"tags":[],"class_list":["post-15529","post","type-post","status-publish","format-standard","has-post-thumbnail","hentry","category-204","category-convocatorias-pasadas"],"_links":{"self":[{"href":"https:\/\/casa.oaxaca.gob.mx\/index.php?rest_route=\/wp\/v2\/posts\/15529","targetHints":{"allow":["GET"]}}],"collection":[{"href":"https:\/\/casa.oaxaca.gob.mx\/index.php?rest_route=\/wp\/v2\/posts"}],"about":[{"href":"https:\/\/casa.oaxaca.gob.mx\/index.php?rest_route=\/wp\/v2\/types\/post"}],"author":[{"embeddable":true,"href":"https:\/\/casa.oaxaca.gob.mx\/index.php?rest_route=\/wp\/v2\/users\/1"}],"replies":[{"embeddable":true,"href":"https:\/\/casa.oaxaca.gob.mx\/index.php?rest_route=%2Fwp%2Fv2%2Fcomments&post=15529"}],"version-history":[{"count":4,"href":"https:\/\/casa.oaxaca.gob.mx\/index.php?rest_route=\/wp\/v2\/posts\/15529\/revisions"}],"predecessor-version":[{"id":15898,"href":"https:\/\/casa.oaxaca.gob.mx\/index.php?rest_route=\/wp\/v2\/posts\/15529\/revisions\/15898"}],"wp:featuredmedia":[{"embeddable":true,"href":"https:\/\/casa.oaxaca.gob.mx\/index.php?rest_route=\/wp\/v2\/media\/15531"}],"wp:attachment":[{"href":"https:\/\/casa.oaxaca.gob.mx\/index.php?rest_route=%2Fwp%2Fv2%2Fmedia&parent=15529"}],"wp:term":[{"taxonomy":"category","embeddable":true,"href":"https:\/\/casa.oaxaca.gob.mx\/index.php?rest_route=%2Fwp%2Fv2%2Fcategories&post=15529"},{"taxonomy":"post_tag","embeddable":true,"href":"https:\/\/casa.oaxaca.gob.mx\/index.php?rest_route=%2Fwp%2Fv2%2Ftags&post=15529"}],"curies":[{"name":"wp","href":"https:\/\/api.w.org\/{rel}","templated":true}]}}