{"id":15548,"date":"2025-03-27T14:20:21","date_gmt":"2025-03-27T20:20:21","guid":{"rendered":"https:\/\/casa.oaxaca.gob.mx\/?p=15548"},"modified":"2026-01-22T13:51:26","modified_gmt":"2026-01-22T19:51:26","slug":"taller-presencial-manto-materico-imparte-blanca-zuniga-alegria","status":"publish","type":"post","link":"https:\/\/casa.oaxaca.gob.mx\/?p=15548","title":{"rendered":"Taller presencial. Manto mat\u00e9rico. Imparte: Blanca Z\u00fa\u00f1iga Alegr\u00eda."},"content":{"rendered":"<\/div><\/div><\/div><!-- close content main div --><\/div><\/div><div id='av_section_1' class='avia-section main_color avia-section-no-padding avia-no-border-styling avia-full-stretch av-parallax-section avia-bg-style-parallax  av-minimum-height av-minimum-height-75 container_wrap fullsize'  data-section-bg-repeat='stretch' ><div class='av-parallax' data-avia-parallax-ratio='0.3' ><div class='av-parallax-inner main_color  avia-full-stretch' style = 'background-repeat: no-repeat; background-image: url(https:\/\/casa.oaxaca.gob.mx\/wp-content\/uploads\/2025\/03\/manto-3-scaled.jpg); background-attachment: scroll; background-position: bottom center; ' ><\/div><\/div><div class='container' ><div class='template-page content  av-content-full alpha units'><div class='post-entry post-entry-type-page post-entry-15548'><div class='entry-content-wrapper clearfix'>\n<div style='padding-bottom:10px;color:#ffffff;font-size:50px;' class='av-special-heading av-special-heading-h3 custom-color-heading blockquote modern-quote  av-inherit-size'><h3 class='av-special-heading-tag'  itemprop=\"headline\"  >Taller presencial. Manto mat\u00e9rico.<\/h3><div class ='av-subheading av-subheading_below av_custom_color' style='font-size:25px;'><p>Imparte: Blanca Z\u00fa\u00f1iga Alegr\u00eda.<\/p>\n<\/div><div class='special-heading-border'><div class='special-heading-inner-border' style='border-color:#ffffff'><\/div><\/div><\/div>\n\n<\/div><\/div><\/div><!-- close content main div --><\/div><\/div><div id='av-layout-grid-1' class='av-layout-grid-container entry-content-wrapper main_color av-flex-cells  container_wrap fullsize'   >\n<div class=\"flex_cell no_margin av_one_full   \" style='vertical-align:top; padding:30px; background-color:#ED9600; '><div class='flex_cell_inner' ><p><div class=\"flex_column av_one_fourth  flex_column_div av-zero-column-padding first  \" style='border-radius:0px; '><div style='padding-bottom:10px;color:#ffffff;' class='av-special-heading av-special-heading-h3 custom-color-heading blockquote modern-quote '><h3 class='av-special-heading-tag'  itemprop=\"headline\"  >Cierre de inscripciones<\/h3><div class ='av-subheading av-subheading_below av_custom_color' style='font-size:20px;'><p>Viernes 28 de marzo de 2025<\/p>\n<p>Publicaci\u00f3n de resultados<br \/>\nLunes 31 de marzo de 2025<\/p>\n<\/div><div class='special-heading-border'><div class='special-heading-inner-border' style='border-color:#ffffff'><\/div><\/div><\/div><\/div><div class=\"flex_column av_one_fourth  flex_column_div av-zero-column-padding   \" style='border-radius:0px; '><div style='padding-bottom:10px;color:#ffffff;' class='av-special-heading av-special-heading-h3 custom-color-heading blockquote modern-quote '><h3 class='av-special-heading-tag'  itemprop=\"headline\"  >Fechas<\/h3><div class ='av-subheading av-subheading_below av_custom_color' style='font-size:20px;'><p>Lunes a viernes<br \/>\nDel 31 de marzo al 4 de abril<\/p>\n<\/div><div class='special-heading-border'><div class='special-heading-inner-border' style='border-color:#ffffff'><\/div><\/div><\/div><\/div><div class=\"flex_column av_one_fourth  flex_column_div av-zero-column-padding   \" style='border-radius:0px; '><div style='padding-bottom:10px;color:#ffffff;' class='av-special-heading av-special-heading-h3 custom-color-heading blockquote modern-quote '><h3 class='av-special-heading-tag'  itemprop=\"headline\"  >Horario<\/h3><div class ='av-subheading av-subheading_below av_custom_color' style='font-size:20px;'><p>De 9 a 13 horas<\/p>\n<\/div><div class='special-heading-border'><div class='special-heading-inner-border' style='border-color:#ffffff'><\/div><\/div><\/div><\/div><div class=\"flex_column av_one_fourth  flex_column_div av-zero-column-padding   \" style='border-radius:0px; '><section class=\"avia_codeblock_section avia_code_block_0\"  itemscope=\"itemscope\" itemtype=\"https:\/\/schema.org\/BlogPosting\" itemprop=\"blogPost\" ><div class='avia_codeblock '  itemprop=\"text\" > [avia_codeblock_placeholder uid=\"0\"] <\/div><\/section><\/div><\/p>\n<\/div><\/div>\n<\/div>\n<div class=\"flex_column av_two_fifth  flex_column_div av-zero-column-padding first  \" style='border-radius:0px; '><p><div class='av-social-sharing-box '><div class='av-share-box'><h5 class='av-share-link-description'>Compartir esta actividad<\/h5><ul class='av-share-box-list noLightbox'><li class='av-share-link av-social-link-facebook' ><a target='_blank' href='http:\/\/www.facebook.com\/sharer.php?u=https:\/\/casa.oaxaca.gob.mx\/?p=15548&amp;t=Taller%20presencial.%20Manto%20mat%C3%A9rico.%20Imparte%3A%20Blanca%20Z%C3%BA%C3%B1iga%20Alegr%C3%ADa.' aria-hidden='true' data-av_icon='\ue8f3' data-av_iconfont='entypo-fontello' title='' data-avia-related-tooltip='Share on Facebook'><span class='avia_hidden_link_text'>Share on Facebook<\/span><\/a><\/li><li class='av-share-link av-social-link-twitter' ><a target='_blank' href='https:\/\/twitter.com\/share?text=Taller%20presencial.%20Manto%20mat%C3%A9rico.%20Imparte%3A%20Blanca%20Z%C3%BA%C3%B1iga%20Alegr%C3%ADa.&url=https:\/\/casa.oaxaca.gob.mx\/?p=15548' aria-hidden='true' data-av_icon='\ue8f1' data-av_iconfont='entypo-fontello' title='' data-avia-related-tooltip='Share on Twitter'><span class='avia_hidden_link_text'>Share on Twitter<\/span><\/a><\/li><li class='av-share-link av-social-link-gplus' ><a target='_blank' href='https:\/\/plus.google.com\/share?url=https:\/\/casa.oaxaca.gob.mx\/?p=15548' aria-hidden='true' data-av_icon='\ue8f6' data-av_iconfont='entypo-fontello' title='' data-avia-related-tooltip='Share on Google+'><span class='avia_hidden_link_text'>Share on Google+<\/span><\/a><\/li><li class='av-share-link av-social-link-pinterest' ><a target='_blank' href='http:\/\/pinterest.com\/pin\/create\/button\/?url=https%3A%2F%2Fcasa.oaxaca.gob.mx%2F%3Fp%3D15548&amp;description=Taller%20presencial.%20Manto%20mat%C3%A9rico.%20Imparte%3A%20Blanca%20Z%C3%BA%C3%B1iga%20Alegr%C3%ADa.&amp;media=https%3A%2F%2Fcasa.oaxaca.gob.mx%2Fwp-content%2Fuploads%2F2025%2F03%2Fc-manto-705x484.jpg' aria-hidden='true' data-av_icon='\ue8f8' data-av_iconfont='entypo-fontello' title='' data-avia-related-tooltip='Share on Pinterest'><span class='avia_hidden_link_text'>Share on Pinterest<\/span><\/a><\/li><li class='av-share-link av-social-link-mail' ><a  href='mailto:?subject=Taller%20presencial.%20Manto%20mat%C3%A9rico.%20Imparte%3A%20Blanca%20Z%C3%BA%C3%B1iga%20Alegr%C3%ADa.&amp;body=https:\/\/casa.oaxaca.gob.mx\/?p=15548' aria-hidden='true' data-av_icon='\ue805' data-av_iconfont='entypo-fontello' title='' data-avia-related-tooltip='Share by Mail'><span class='avia_hidden_link_text'>Share by Mail<\/span><\/a><\/li><\/ul><\/div><\/div><br \/>\n<div  class='hr hr-default '><span class='hr-inner ' ><span class='hr-inner-style'><\/span><\/span><\/div><br \/>\n<div style='padding-bottom:10px;font-size:30px;' class='av-special-heading av-special-heading-h3  blockquote modern-quote   av-inherit-size'><h3 class='av-special-heading-tag'  itemprop=\"headline\"  >Sobre la tallerista<\/h3><div class='special-heading-border'><div class='special-heading-inner-border' ><\/div><\/div><\/div><br \/>\n<div class='avia-data-table-wrap avia_responsive_table'><table class='avia-table avia-data-table avia-table-1  avia_pricing_default'  itemscope=\"itemscope\" itemtype=\"https:\/\/schema.org\/Table\" ><tbody><tr class='avia-heading-row'><th class=''>Manuel Monroy (M\u00e9xico)<\/th><\/tr><tr class=''><td class=''>Arquitecta Universidad de Chile 2000. Master of Arts, Housing and Urbanism, Londres (2003).<br \/>\nDoctora en educaci\u00f3n y cultura , menci\u00f3n cultura y nuevos medios, Universidad Arcis, 2023. Acad\u00e9mica de la escuela de arquitectura de la Universidad de Talca desde el a\u00f1o 2000 a la fecha.<br \/>\nParticip\u00f3 en la exhibici\u00f3n Demopolis, en el Akademie der Kunste, Berl\u00edn el a\u00f1o 2016. En el a\u00f1o 2014 realiz\u00f3 en conjunto con Juan Roman y German Valenzuela la experiencia \u201cInhabiting the territory, en donde construimos mantos en base a bolsas de basura, en Palermo-Italia.<br \/>\nEn el a\u00f1o 2012 llev\u00f3 un manto, denominado \u201cMulltuten\u201d a Kassel, para ser expuesto durante el seminario Experimenta Urbana, en donde se instal\u00f3 este manto en las dependencias de la Universidad de Kassel- Alemania. En el a\u00f1o 2024 realiz\u00f3 una residencia art\u00edstica en el Cecrea de la Ligua, dependiente del Ministerio de cultura y las artes en Chile, en donde trabaj\u00f3 en conjunto con ni\u00f1os y j\u00f3venes un manto xilogr\u00e1fico.<\/td><\/tr><\/tbody><\/table><\/div><style type='text\/css'>.avia-table-1 td:nth-of-type(1):before { content: 'Manuel Monroy (M\u00e9xico)'; } <\/style><\/p><\/div><div class=\"flex_column av_three_fifth  flex_column_div av-zero-column-padding   \" style='border-radius:0px; '><p><div style='padding-bottom:10px;font-size:30px;' class='av-special-heading av-special-heading-h3  blockquote modern-quote   av-inherit-size'><h3 class='av-special-heading-tag'  itemprop=\"headline\"  >Acerca del taller<\/h3><div class='special-heading-border'><div class='special-heading-inner-border' ><\/div><\/div><\/div><br \/>\n<div class='avia-data-table-wrap avia_responsive_table'><table class='avia-table avia-data-table avia-table-2  avia_pricing_default'  itemscope=\"itemscope\" itemtype=\"https:\/\/schema.org\/Table\" ><tbody><tr class='avia-heading-row'><th class=''>Desarrolla un manto a partir de materiales reciclados.<\/th><\/tr><tr class=''><td class=''>Dirigido al p\u00fablico interesado, no es necesario tener conocimientos previos.<\/td><\/tr><\/tbody><\/table><\/div><style type='text\/css'>.avia-table-2 td:nth-of-type(1):before { content: 'Desarrolla un manto a partir de materiales reciclados.'; } <\/style><br \/>\n<div class='avia-data-table-wrap avia_responsive_table'><table class='avia-table avia-data-table avia-table-3  avia_pricing_default'  itemscope=\"itemscope\" itemtype=\"https:\/\/schema.org\/Table\" ><tbody><tr class='avia-heading-row'><th class=''>Descripci\u00f3n general<\/th><\/tr><tr class=''><td class=''>Usando los saberes contenidos en las manos, se desarrollar\u00e1 un manto constituido a partir de materiales laminares livianos derivados del transporte de alimentos y que sean descartados. Al sumar ambos el material y el saber hacer se produce la alquimia en donde aparece la materia, y la belleza contenida en ella.<\/td><\/tr><tr class='avia-heading-row'><th class=''>Objetivo general<\/th><\/tr><tr class=''><td class=''>Realizar un manto mat\u00e9rico con materiales descartados que logre instalar la idea de belleza sobre aquello que inicialmente no lo contiene.<\/td><\/tr><tr class='avia-heading-row'><th class=''>Objetivos espec\u00edficos<\/th><\/tr><tr class=''><td class=''>&#8211; Valorar los saberes individuales y colectivos en pos de un proyecto grupal<br \/>\n&#8211; Valorar aspectos como el rigor y la pulcritud en el desarrollo del manto<br \/>\n&#8211; Lograr la transformaci\u00f3n del material en materia<br \/>\n&#8211; Explorar las cualidades que proporciona el manto producido en pos de generar un espacio.<\/td><\/tr><tr class='avia-heading-row'><th class=''>Temas<\/th><\/tr><tr class=''><td class=''>Tema I<br \/>\nTransformaci\u00f3n de material en materia<\/p>\n<p>1. Saber hacer.<br \/>\n1.1. Reconocimiento de los saber hacer individuales.<br \/>\n1.2 Articulaci\u00f3n de lo individual hacia un proyecto colectivo.<\/p>\n<p>2. Valoraci\u00f3n de las cualidades mat\u00e9ricas.<br \/>\n2.1. Transformaci\u00f3n de material en materia.<\/p>\n<p>2.2. Reconocimiento de valores espaciales contenidos en la materia<\/td><\/tr><\/tbody><\/table><\/div><style type='text\/css'>.avia-table-3 td:nth-of-type(1):before { content: 'Descripci\u00f3n general'; } <\/style><br \/>\n<div style='padding-bottom:10px;font-size:30px;' class='av-special-heading av-special-heading-h3  blockquote modern-quote   av-inherit-size'><h3 class='av-special-heading-tag'  itemprop=\"headline\"  >Requisitos de inscripci\u00f3n<\/h3><div class='special-heading-border'><div class='special-heading-inner-border' ><\/div><\/div><\/div><br \/>\n<div class='avia-data-table-wrap avia_responsive_table'><table class='avia-table avia-data-table avia-table-4  avia_pricing_default'  itemscope=\"itemscope\" itemtype=\"https:\/\/schema.org\/Table\" ><tbody><tr class='avia-heading-row'><th class=''>Taller dirigido al p\u00fablico interesado, no es necesario tener conocimientos previos.<\/th><\/tr><tr class=''><td class=''>&#8211; Si tienes inter\u00e9s deber\u00e1s llenar el formulario con los datos completos que se encuentra en esta p\u00e1gina.<br \/>\n&#8211; La lista de seleccionados se publicar\u00e1 en esta p\u00e1gina, tambi\u00e9n se les notificar\u00e1 v\u00eda correo electr\u00f3nico con los detalles de la actividad.<br \/>\n&#8211; Actividad gratuita.<br \/>\n&#8211; Los talleristas ser\u00e1n los responsables de realizar la selecci\u00f3n de alumnos bajo sus criterios.<\/td><\/tr><\/tbody><\/table><\/div><style type='text\/css'>.avia-table-4 td:nth-of-type(1):before { content: 'Taller dirigido al p\u00fablico interesado, no es necesario tener conocimientos previos.'; } <\/style><br \/>\n<div class='avia-data-table-wrap avia_responsive_table'><table class='avia-table avia-data-table avia-table-5  avia_pricing_default'  itemscope=\"itemscope\" itemtype=\"https:\/\/schema.org\/Table\" ><tbody><tr class='avia-heading-row'><th class=''>Material que se le solicitar\u00e1 al alumno(a)<\/th><\/tr><tr class=''><td class=''>Para la primera sesi\u00f3n deber\u00e1n traer materiales descartados del transporte de alimentos, suficientes como para manipularlos cubriendo 2 mts cuadrados, y que sean f\u00e1ciles de obtener \/ encontrar.<\/p>\n<p>&#8211; Cutter<br \/>\n&#8211; Tijeras<br \/>\n&#8211; Cinta adhesiva<br \/>\n&#8211; Cinta m\u00e9trica<\/td><\/tr><\/tbody><\/table><\/div><style type='text\/css'>.avia-table-5 td:nth-of-type(1):before { content: 'Material que se le solicitar\u00e1 al alumno(a)'; } <\/style><br \/>\n<div class='avia-data-table-wrap avia_responsive_table'><table class='avia-table avia-data-table avia-table-6  avia_pricing_default'  itemscope=\"itemscope\" itemtype=\"https:\/\/schema.org\/Table\" ><tbody><tr class='avia-heading-row'><th class=''>Nota para los seleccionados<\/th><\/tr><tr class=''><td class=''>&#8211; Clases presenciales en (el sal\u00f3n 1) del CaSa<br \/>\n&#8211; Se dejar\u00e1n ejercicios espec\u00edficos a cada estudiante, es fundamental realizarlos para continuar con la siguiente clase.<br \/>\n&#8211; Tener el compromiso y el tiempo para llevar a cabo el taller, ya que las inasistencias injustificadas ser\u00e1n motivo de suspensi\u00f3n y no podr\u00e1 ingresar a talleres futuros.<br \/>\n&#8211; Durante el taller nos estaremos comunicando por medio de mensajes en un grupo de WhatsApp, por ser una herramienta m\u00e1s r\u00e1pida para poder tener una mejor comunicaci\u00f3n con lo que respecta al taller.<\/td><\/tr><\/tbody><\/table><\/div><style type='text\/css'>.avia-table-6 td:nth-of-type(1):before { content: 'Nota para los seleccionados'; } <\/style><br \/>\n<div id='av-masonry-1' class='av-masonry noHover av-fixed-size av-large-gap av-hover-overlay-active av-masonry-col-flexible av-caption-always av-caption-style- av-masonry-gallery  '  ><div class='av-masonry-container isotope av-js-disabled ' ><div class='av-masonry-entry isotope-item av-masonry-item-no-image '><\/div><a href=\"https:\/\/casa.oaxaca.gob.mx\/wp-content\/uploads\/2025\/03\/RotInd1-manto-100-825x1030.jpg\" id='av-masonry-1-item-15549' data-av-masonry-item='15549' class='av-masonry-entry isotope-item post-15549 attachment type-attachment status-inherit hentry  av-masonry-item-with-image' title=\"\"  itemprop=\"thumbnailUrl\" ><div class='av-inner-masonry-sizer'><\/div><figure class='av-inner-masonry main_color'><div class=\"av-masonry-outerimage-container\"><div class=\"av-masonry-image-container\" style=\"background-image: url(https:\/\/casa.oaxaca.gob.mx\/wp-content\/uploads\/2025\/03\/RotInd1-manto-100-565x705.jpg);\"><img decoding=\"async\" src=\"https:\/\/casa.oaxaca.gob.mx\/wp-content\/uploads\/2025\/03\/RotInd1-manto-100-565x705.jpg\" title=\"RotInd1 manto-100\" alt=\"\" \/><\/div><\/div><\/figure><\/a><!--end av-masonry entry--><\/div><\/div><\/p><\/div><\/p>\n","protected":false},"excerpt":{"rendered":"","protected":false},"author":1,"featured_media":15551,"comment_status":"open","ping_status":"open","sticky":false,"template":"","format":"standard","meta":{"_exactmetrics_skip_tracking":false,"_exactmetrics_sitenote_active":false,"_exactmetrics_sitenote_note":"","_exactmetrics_sitenote_category":0,"footnotes":""},"categories":[204],"tags":[],"class_list":["post-15548","post","type-post","status-publish","format-standard","has-post-thumbnail","hentry","category-204"],"_links":{"self":[{"href":"https:\/\/casa.oaxaca.gob.mx\/index.php?rest_route=\/wp\/v2\/posts\/15548","targetHints":{"allow":["GET"]}}],"collection":[{"href":"https:\/\/casa.oaxaca.gob.mx\/index.php?rest_route=\/wp\/v2\/posts"}],"about":[{"href":"https:\/\/casa.oaxaca.gob.mx\/index.php?rest_route=\/wp\/v2\/types\/post"}],"author":[{"embeddable":true,"href":"https:\/\/casa.oaxaca.gob.mx\/index.php?rest_route=\/wp\/v2\/users\/1"}],"replies":[{"embeddable":true,"href":"https:\/\/casa.oaxaca.gob.mx\/index.php?rest_route=%2Fwp%2Fv2%2Fcomments&post=15548"}],"version-history":[{"count":2,"href":"https:\/\/casa.oaxaca.gob.mx\/index.php?rest_route=\/wp\/v2\/posts\/15548\/revisions"}],"predecessor-version":[{"id":15554,"href":"https:\/\/casa.oaxaca.gob.mx\/index.php?rest_route=\/wp\/v2\/posts\/15548\/revisions\/15554"}],"wp:featuredmedia":[{"embeddable":true,"href":"https:\/\/casa.oaxaca.gob.mx\/index.php?rest_route=\/wp\/v2\/media\/15551"}],"wp:attachment":[{"href":"https:\/\/casa.oaxaca.gob.mx\/index.php?rest_route=%2Fwp%2Fv2%2Fmedia&parent=15548"}],"wp:term":[{"taxonomy":"category","embeddable":true,"href":"https:\/\/casa.oaxaca.gob.mx\/index.php?rest_route=%2Fwp%2Fv2%2Fcategories&post=15548"},{"taxonomy":"post_tag","embeddable":true,"href":"https:\/\/casa.oaxaca.gob.mx\/index.php?rest_route=%2Fwp%2Fv2%2Ftags&post=15548"}],"curies":[{"name":"wp","href":"https:\/\/api.w.org\/{rel}","templated":true}]}}