{"id":15562,"date":"2025-04-03T14:43:51","date_gmt":"2025-04-03T20:43:51","guid":{"rendered":"https:\/\/casa.oaxaca.gob.mx\/?p=15562"},"modified":"2026-01-22T13:51:26","modified_gmt":"2026-01-22T19:51:26","slug":"taller-presencial-impresiones-imparte-joan-laage-makiko-tominaga-y-eugenia-vargas","status":"publish","type":"post","link":"https:\/\/casa.oaxaca.gob.mx\/?p=15562","title":{"rendered":"Taller presencial. IMPRESIONES. Imparte: Joan Laage, Makiko Tominaga y Eugenia Vargas."},"content":{"rendered":"<\/div><\/div><\/div><!-- close content main div --><\/div><\/div><div id='av_section_1' class='avia-section main_color avia-section-no-padding avia-no-border-styling avia-full-stretch av-parallax-section avia-bg-style-parallax  av-minimum-height av-minimum-height-75 container_wrap fullsize'  data-section-bg-repeat='stretch' ><div class='av-parallax' data-avia-parallax-ratio='0.3' ><div class='av-parallax-inner main_color  avia-full-stretch' style = 'background-repeat: no-repeat; background-image: url(https:\/\/casa.oaxaca.gob.mx\/wp-content\/uploads\/2025\/04\/IMG_4397-scaled.jpeg); background-attachment: scroll; background-position: bottom center; ' ><\/div><\/div><div class='container' ><div class='template-page content  av-content-full alpha units'><div class='post-entry post-entry-type-page post-entry-15562'><div class='entry-content-wrapper clearfix'>\n<div style='padding-bottom:10px;color:#ffffff;font-size:50px;' class='av-special-heading av-special-heading-h3 custom-color-heading blockquote modern-quote  av-inherit-size'><h3 class='av-special-heading-tag'  itemprop=\"headline\"  >Taller presencial. IMPRESIONES.<\/h3><div class ='av-subheading av-subheading_below av_custom_color' style='font-size:25px;'><p>Imparte: Joan Laage, Makiko Tominaga y Eugenia Vargas.<\/p>\n<\/div><div class='special-heading-border'><div class='special-heading-inner-border' style='border-color:#ffffff'><\/div><\/div><\/div>\n\n<\/div><\/div><\/div><!-- close content main div --><\/div><\/div><div id='av-layout-grid-1' class='av-layout-grid-container entry-content-wrapper main_color av-flex-cells  container_wrap fullsize'   >\n<div class=\"flex_cell no_margin av_one_full   \" style='vertical-align:top; padding:30px; background-color:#ED9600; '><div class='flex_cell_inner' ><p><div class=\"flex_column av_one_fourth  flex_column_div av-zero-column-padding first  \" style='border-radius:0px; '><div style='padding-bottom:10px;color:#ffffff;' class='av-special-heading av-special-heading-h3 custom-color-heading blockquote modern-quote '><h3 class='av-special-heading-tag'  itemprop=\"headline\"  >Cierre de inscripciones<\/h3><div class ='av-subheading av-subheading_below av_custom_color' style='font-size:20px;'><p>Domingo 25 de mayo de 2025<br \/>\nA las 14 horas<\/p>\n<p>Publicaci\u00f3n de resultados<br \/>\nMi\u00e9rcoles 28 de mayo de 2025<\/p>\n<\/div><div class='special-heading-border'><div class='special-heading-inner-border' style='border-color:#ffffff'><\/div><\/div><\/div><\/div><div class=\"flex_column av_one_fourth  flex_column_div av-zero-column-padding   \" style='border-radius:0px; '><div style='padding-bottom:10px;color:#ffffff;' class='av-special-heading av-special-heading-h3 custom-color-heading blockquote modern-quote  '><h3 class='av-special-heading-tag'  itemprop=\"headline\"  >Fechas<\/h3><div class ='av-subheading av-subheading_below av_custom_color' style='font-size:20px;'><p>Martes a viernes<br \/>\nDel 3 al 13 de junio<\/p>\n<\/div><div class='special-heading-border'><div class='special-heading-inner-border' style='border-color:#ffffff'><\/div><\/div><\/div><\/div><div class=\"flex_column av_one_fourth  flex_column_div av-zero-column-padding   \" style='border-radius:0px; '><div style='padding-bottom:10px;color:#ffffff;' class='av-special-heading av-special-heading-h3 custom-color-heading blockquote modern-quote  '><h3 class='av-special-heading-tag'  itemprop=\"headline\"  >Horario<\/h3><div class ='av-subheading av-subheading_below av_custom_color' style='font-size:20px;'><p>De 10 a 14 horas<\/p>\n<\/div><div class='special-heading-border'><div class='special-heading-inner-border' style='border-color:#ffffff'><\/div><\/div><\/div><\/div><div class=\"flex_column av_one_fourth  flex_column_div av-zero-column-padding   \" style='border-radius:0px; '><section class=\"avia_codeblock_section avia_code_block_0\"  itemscope=\"itemscope\" itemtype=\"https:\/\/schema.org\/BlogPosting\" itemprop=\"blogPost\" ><div class='avia_codeblock '  itemprop=\"text\" > [avia_codeblock_placeholder uid=\"0\"] <\/div><\/section><\/div><\/p>\n<\/div><\/div><\/div><div class=\"flex_column av_two_fifth  flex_column_div av-zero-column-padding first  \" style='border-radius:0px; '><p><div class='av-social-sharing-box '><div class='av-share-box'><h5 class='av-share-link-description'>Compartir esta actividad<\/h5><ul class='av-share-box-list noLightbox'><li class='av-share-link av-social-link-facebook' ><a target='_blank' href='http:\/\/www.facebook.com\/sharer.php?u=https:\/\/casa.oaxaca.gob.mx\/?p=15562&amp;t=Taller%20presencial.%20IMPRESIONES.%20Imparte%3A%20Joan%20Laage%2C%20Makiko%20Tominaga%20y%20Eugenia%20Vargas.' aria-hidden='true' data-av_icon='\ue8f3' data-av_iconfont='entypo-fontello' title='' data-avia-related-tooltip='Share on Facebook'><span class='avia_hidden_link_text'>Share on Facebook<\/span><\/a><\/li><li class='av-share-link av-social-link-twitter' ><a target='_blank' href='https:\/\/twitter.com\/share?text=Taller%20presencial.%20IMPRESIONES.%20Imparte%3A%20Joan%20Laage%2C%20Makiko%20Tominaga%20y%20Eugenia%20Vargas.&url=https:\/\/casa.oaxaca.gob.mx\/?p=15562' aria-hidden='true' data-av_icon='\ue8f1' data-av_iconfont='entypo-fontello' title='' data-avia-related-tooltip='Share on Twitter'><span class='avia_hidden_link_text'>Share on Twitter<\/span><\/a><\/li><li class='av-share-link av-social-link-gplus' ><a target='_blank' href='https:\/\/plus.google.com\/share?url=https:\/\/casa.oaxaca.gob.mx\/?p=15562' aria-hidden='true' data-av_icon='\ue8f6' data-av_iconfont='entypo-fontello' title='' data-avia-related-tooltip='Share on Google+'><span class='avia_hidden_link_text'>Share on Google+<\/span><\/a><\/li><li class='av-share-link av-social-link-pinterest' ><a target='_blank' href='http:\/\/pinterest.com\/pin\/create\/button\/?url=https%3A%2F%2Fcasa.oaxaca.gob.mx%2F%3Fp%3D15562&amp;description=Taller%20presencial.%20IMPRESIONES.%20Imparte%3A%20Joan%20Laage%2C%20Makiko%20Tominaga%20y%20Eugenia%20Vargas.&amp;media=https%3A%2F%2Fcasa.oaxaca.gob.mx%2Fwp-content%2Fuploads%2F2025%2F04%2FIMG_4398-705x484.jpeg' aria-hidden='true' data-av_icon='\ue8f8' data-av_iconfont='entypo-fontello' title='' data-avia-related-tooltip='Share on Pinterest'><span class='avia_hidden_link_text'>Share on Pinterest<\/span><\/a><\/li><li class='av-share-link av-social-link-mail' ><a  href='mailto:?subject=Taller%20presencial.%20IMPRESIONES.%20Imparte%3A%20Joan%20Laage%2C%20Makiko%20Tominaga%20y%20Eugenia%20Vargas.&amp;body=https:\/\/casa.oaxaca.gob.mx\/?p=15562' aria-hidden='true' data-av_icon='\ue805' data-av_iconfont='entypo-fontello' title='' data-avia-related-tooltip='Share by Mail'><span class='avia_hidden_link_text'>Share by Mail<\/span><\/a><\/li><\/ul><\/div><\/div><br \/>\n<div  class='hr hr-default '><span class='hr-inner ' ><span class='hr-inner-style'><\/span><\/span><\/div><br \/>\n<div style='padding-bottom:10px;font-size:30px;' class='av-special-heading av-special-heading-h3  blockquote modern-quote  av-inherit-size'><h3 class='av-special-heading-tag'  itemprop=\"headline\"  >Sobre las talleristas<\/h3><div class='special-heading-border'><div class='special-heading-inner-border' ><\/div><\/div><\/div><br \/>\n<div class='avia-data-table-wrap avia_responsive_table'><table class='avia-table avia-data-table avia-table-1  avia_pricing_default'  itemscope=\"itemscope\" itemtype=\"https:\/\/schema.org\/Table\" ><tbody><tr class='avia-heading-row'><th class=''>Joan Laage\/Kogut Butoh (Estados Unidos)<\/th><\/tr><tr class=''><td class=''>Bailarina de butoh, core\u00f3grafa, investigadora, gestora y docente. Despu\u00e9s de estudiar con los maestros de butoh, Kazuo Ohno y Yoko Ashikawa en Tokio, a finales de los 80 y actuar con el grupo Gnome de Ashikawa, Joan Laage se instal\u00f3 en Seattle y fund\u00f3 Dappin&#8217; Butoh en 1990, que dirigi\u00f3 hasta 2001. Es cofundadora de DAIPANbutoh Collective, que produce un festival anual de Butoh. Joan actu\u00f3 en los festivales de Butoh de Santiago, Nueva York, Chicago, Portland, Boulder, Seattle y Par\u00eds, y en un simposio de Butoh en la Universidad de California (LA). Doctora en Danza y Artes Relacionadas, por la Texas Woman&#8217;s University y analista certificada del movimiento, aparece en los libros de Sondra Fraleigh: Dancing into Darkness: Butoh, Zen, and Japan y Butoh: Metamorphic Dance and Global Alchemy . Crea obras espec\u00edficas para jardines japoneses de Seattle anualmente y realiza giras cada invierno\/primavera en Europa. Es una \u00e1vida practicante de Tai Chi con experiencia en danza y teatro asi\u00e1ticos y jardinera profesional. Desde que vivi\u00f3 en Cracovia entre 2004 y 2006 se la conoce como Kogut (gallo).<\/p>\n<p><\/td><\/tr><\/tbody><\/table><\/div><style type='text\/css'>.avia-table-1 td:nth-of-type(1):before { content: 'Joan Laage\/Kogut Butoh (Estados Unidos)'; } <\/style><br \/>\n<div class='avia-data-table-wrap avia_responsive_table'><table class='avia-table avia-data-table avia-table-2  avia_pricing_default'  itemscope=\"itemscope\" itemtype=\"https:\/\/schema.org\/Table\" ><tbody><tr class='avia-heading-row'><th class=''>Makiko Tominaga (Jap\u00f3n)<\/th><\/tr><tr class=''><td class=''>Bailarina de butoh, core\u00f3grafa y docente. Fue integrante de la compa\u00f1\u00eda japonesa DAIRAKUDAKAN dirigida por Akaji Maro, de 1978 a 1991, grupo con el que particip\u00f3 en innumerables festivales internacionales como el Festival de Avignon, y en diversas giras art\u00edsticas en Estados Unidos, Australia y Canad\u00e1. En 1993, Makiko Tominaga sali\u00f3 de Jap\u00f3n para radicar en Berl\u00edn donde trabaj\u00f3 como bailarina y core\u00f3grafa en m\u00faltiples producciones danc\u00edsticas e interdisciplinarias, como solista y en grupo, colaborando con m\u00fasicos, actores y compa\u00f1\u00edas de teatro como Grotest Maru y Teatro Thikwa, present\u00e1ndose en Alemania, Italia, Rusia, M\u00e9xico y Chile. As\u00ed mismo, ha impartido talleres intensivos de danza butoh en Alemania, Dinamarca, M\u00e9xico, Argentina y Chile. De 2011 a 2018 se encarg\u00f3 del entrenamiento danc\u00edstico de Teatro Thikwa, cuya sede se encuentra en Berl\u00edn, Alemania. Actualmente Tominaga reside en Valpara\u00edso, Chile.<\/td><\/tr><\/tbody><\/table><\/div><style type='text\/css'>.avia-table-2 td:nth-of-type(1):before { content: 'Makiko Tominaga (Jap\u00f3n)'; } <\/style><br \/>\n<div class='avia-data-table-wrap avia_responsive_table'><table class='avia-table avia-data-table avia-table-3  avia_pricing_default'  itemscope=\"itemscope\" itemtype=\"https:\/\/schema.org\/Table\" ><tbody><tr class='avia-heading-row'><th class=''>Eugenia Vargas* (M\u00e9xico)<\/th><\/tr><tr class=''><td class=''>Bailarina de butoh, core\u00f3grafa, investigadora, gestora y docente. Es fundadora y directora del Laboratorio Esc\u00e9nico Danza Teatro Ritual, espacio que ha servido como incubadora para proyectos danc\u00edsticos e interdisciplinarios, as\u00ed como para residencias art\u00edsticas y espacio de formaci\u00f3n, de donde han surgido o han sido influenciados varias generaciones de artistas.<br \/>\nEs co-fundadora y directora de Cuerpos en Revuelta \u2013 Festival Internacional de Butoh\u2013, de Variaciones Butoh: plataforma esc\u00e9nico experimental, del Archivo Butoh M\u00e9xico con el que ha organizado el Seminario Pensar desde el cuerpo con(tra) el butoh. Es fundadora y directora de Encrucijada: Mujeres en el Butoh y del Ciclo Encuentros \u2013 di\u00e1logos alrededor del cuerpo, la danza y el butoh \u2013 2021 a la fecha.<br \/>\nVargas se ha formado con algunos de los m\u00e1s reconocidos maestros de danza butoh en M\u00e9xico, Jap\u00f3n y Alemania, llevando a cabo montajes coreogr\u00e1ficos con Natsu Nakajima, Tadashi Endo y Yukio Waguri. Se ha presentado en M\u00e9xico, Jap\u00f3n, Espa\u00f1a, Alemania, Canad\u00e1, Colombia, Per\u00fa, Estados Unidos y Chile. En agosto de 2024, recibi\u00f3 la invitaci\u00f3n para participar como una de las 8 artistas residentes en Butoh International Gathering, el cual se llev\u00f3 a cabo en Alemania.<br \/>\nSu trabajo ha sido reconocido e incluido en los libros Butoh: Cradling Empty Space, de Vangeline, y en Butoh America: Butoh Dance in the United States and Mexico from 1970 to the Early 2000s, de Tanya Calamoneri.<br \/>\nFue seleccionada para formar parte del Sistema Nacional de Creadores de Arte 2023, para desarrollar el proyecto de largo aliento \u201cAxis Butoh: devenir cartogr\u00e1fico del estremecimiento y la potencia vibratoria de lo femenino\u201d.<br \/>\n*Miembro del Sistema Nacional de Creadores de Arte 2023-2026<\/p>\n<p><\/td><\/tr><\/tbody><\/table><\/div><style type='text\/css'>.avia-table-3 td:nth-of-type(1):before { content: 'Eugenia Vargas* (M\u00e9xico)'; } <\/style><\/p><\/div><\/p>\n<div class=\"flex_column av_three_fifth  flex_column_div av-zero-column-padding   \" style='border-radius:0px; '><p><div style='padding-bottom:10px;font-size:30px;' class='av-special-heading av-special-heading-h3  blockquote modern-quote   av-inherit-size'><h3 class='av-special-heading-tag'  itemprop=\"headline\"  >Acerca del taller<\/h3><div class='special-heading-border'><div class='special-heading-inner-border' ><\/div><\/div><\/div><br \/>\n<div class='avia-data-table-wrap avia_responsive_table'><table class='avia-table avia-data-table avia-table-4  avia_pricing_default'  itemscope=\"itemscope\" itemtype=\"https:\/\/schema.org\/Table\" ><tbody><tr class='avia-heading-row'><th class=''>Experimenta y reflexiona sobre el fen\u00f3meno de la creaci\u00f3n esc\u00e9nica.<\/th><\/tr><tr class=''><td class=''>Dirigido a artistas de la escena profesionales o en formaci\u00f3n. <\/td><\/tr><\/tbody><\/table><\/div><style type='text\/css'>.avia-table-4 td:nth-of-type(1):before { content: 'Experimenta y reflexiona sobre el fen\u00f3meno de la creaci\u00f3n esc\u00e9nica.'; } <\/style><br \/>\n<div class='avia-data-table-wrap avia_responsive_table'><table class='avia-table avia-data-table avia-table-5  avia_pricing_default'  itemscope=\"itemscope\" itemtype=\"https:\/\/schema.org\/Table\" ><tbody><tr class='avia-heading-row'><th class=''>Descripci\u00f3n general<\/th><\/tr><tr class=''><td class=''>IMPRESIONES es una convocatoria abierta para artistas de la escena, profesionales o en formaci\u00f3n, con una obra en desarrollo de m\u00e1ximo 10 minutos, a fin de poner en di\u00e1logo sus inquietudes alrededor de los procesos creativos. Para ello, se trabajar\u00e1 con un dispositivo abierto que permitir\u00e1 nutrir cotidianamente el desarrollo del encuentro dando espacio para lo inesperado, para la incertidumbre, el caos y el azar, como elementos esenciales para el florecimiento de la obra art\u00edstica. Durante las sesiones, las gu\u00edas compartir\u00e1n sus estrategias de creaci\u00f3n y tambi\u00e9n se dar\u00e1 espacio para la exposici\u00f3n y an\u00e1lisis del proceso art\u00edstico de cada participante.<br \/>\nEn IMPRESIONES se realizar\u00e1n sesiones de entrenamiento butoh, de caminatas de atenci\u00f3n, de danza e improvisaci\u00f3n en sitio espec\u00edfico, finalizando con una muestra global abierta al p\u00fablico.<br \/>\nIMPRESIONES es una actividad realizada dentro del marco de Encrucijada: Mujeres en el Butoh 2025, iniciativa del Laboratorio Esc\u00e9nico Danza Teatro Ritual, bajo la direcci\u00f3n de Eugenia Vargas.<br \/>\n<\/td><\/tr><tr class='avia-heading-row'><th class=''>Objetivo general<\/th><\/tr><tr class=''><td class=''>Reflexionar alrededor del fen\u00f3meno del proceso creativo para la escena, as\u00ed como de algunas estrategias para sumergirse en la escucha del universo po\u00e9tico personal como fuente de sentido.<\/td><\/tr><tr class='avia-heading-row'><th class=''>Objetivos espec\u00edficos<\/th><\/tr><tr class=''><td class=''>&#8211; Los participantes podr\u00e1n compartir una obra en proceso con la finalidad de enriquecerla y transformarla.<br \/>\n&#8211; Los participantes conocer\u00e1n el desempe\u00f1o creativo y art\u00edstico de las gu\u00edas (Laage, Tominaga, Vargas), para nutrir su propia experiencia como creadores y performers.<br \/>\n&#8211; Los participantes podr\u00e1n compartir el \u00faltimo d\u00eda del taller, sus piezas esc\u00e9nicas al p\u00fablico interesado, (m\u00e1ximo 10 minutos por participante).<\/td><\/tr><tr class='avia-heading-row'><th class=''>Temas<\/th><\/tr><tr class=''><td class=''>I.Danza Butoh<br \/>\nIntroducci\u00f3n a la t\u00e9cnica<br \/>\n1.1. El butoh como espacio de exploraci\u00f3n y creaci\u00f3n<br \/>\n1.2. La po\u00e9tica del silencio y la pausa en el butoh. Escucha y resonancia.<br \/>\n1.3. Improvisaci\u00f3n y Composici\u00f3n<\/p>\n<p>II. Estrategias de Creaci\u00f3n<br \/>\nJoan Laage, experiencia con Yoko Ashikawa y Kazuo Ohno<br \/>\n2.1. Improvisaci\u00f3n, el cuerpo canal. Makiko Tominaga<br \/>\n2.2. Componer en plural, Eugenia Vargas<\/p>\n<p>III. Exposici\u00f3n de las obras en desarrollo de les participantes.<br \/>\nExposici\u00f3n, an\u00e1lisis y retroalimentaci\u00f3n de las obras presentadas por parte de Laage, Tominaga y Vargas.<br \/>\n3.1. Presentaci\u00f3n p\u00fablica de resultados<\/p>\n<p><\/td><\/tr><\/tbody><\/table><\/div><style type='text\/css'>.avia-table-5 td:nth-of-type(1):before { content: 'Descripci\u00f3n general'; } <\/style><br \/>\n<div style='padding-bottom:10px;font-size:30px;' class='av-special-heading av-special-heading-h3  blockquote modern-quote  av-inherit-size'><h3 class='av-special-heading-tag'  itemprop=\"headline\"  >Requisitos de inscripci\u00f3n<\/h3><div class='special-heading-border'><div class='special-heading-inner-border' ><\/div><\/div><\/div><br \/>\n<div class='avia-data-table-wrap avia_responsive_table'><table class='avia-table avia-data-table avia-table-6  avia_pricing_default'  itemscope=\"itemscope\" itemtype=\"https:\/\/schema.org\/Table\" ><tbody><tr class='avia-heading-row'><th class=''>Taller dirigido a artistas de la escena profesionales o en formaci\u00f3n. <\/th><\/tr><tr class=''><td class=''>&#8211; Si tienes inter\u00e9s deber\u00e1s llenar el formulario con los datos completos que se encuentra en esta p\u00e1gina.<br \/>\n&#8211; La lista de seleccionados se publicar\u00e1 en esta p\u00e1gina, tambi\u00e9n se les notificar\u00e1 v\u00eda correo electr\u00f3nico con los detalles de la actividad.<br \/>\n&#8211; Actividad gratuita.<br \/>\n&#8211; Los talleristas ser\u00e1n los responsables de realizar la selecci\u00f3n de alumnos bajo sus criterios.<\/td><\/tr><\/tbody><\/table><\/div><style type='text\/css'>.avia-table-6 td:nth-of-type(1):before { content: 'Taller dirigido a artistas de la escena profesionales o en formaci\u00f3n. '; } <\/style><br \/>\n<div class='avia-data-table-wrap avia_responsive_table'><table class='avia-table avia-data-table avia-table-7  avia_pricing_default'  itemscope=\"itemscope\" itemtype=\"https:\/\/schema.org\/Table\" ><tbody><tr class='avia-heading-row'><th class=''>Material que se le solicitar\u00e1 al alumno(a)<\/th><\/tr><tr class=''><td class=''>&#8211; Bit\u00e1cora, l\u00e1piz y pluma.<br \/>\n&#8211; Ropa holgada para el trabajo corporal.<br \/>\n&#8211; Ropa que pueda servir como vestuario.<br \/>\n&#8211; Hojas blancas tama\u00f1o carta.<br \/>\n&#8211; 2 metros de Papel kraft<br \/>\n&#8211; 1 Pelota de esponja del tama\u00f1o de una pelota de tenis<br \/>\n&#8211; 1 caja de plumones de colores<br \/>\n&#8211; 1 caja de crayones de colores<br \/>\n&#8211; 1 caja de gises de colores<br \/>\n&#8211; 1 caja de l\u00e1pices de colores.<br \/>\n&#8211; 2 kg de Barro o arcilla para modelar<br \/>\n&#8211; 1 bola de estambre rojo<br \/>\n<\/td><\/tr><\/tbody><\/table><\/div><style type='text\/css'>.avia-table-7 td:nth-of-type(1):before { content: 'Material que se le solicitar\u00e1 al alumno(a)'; } <\/style><br \/>\n<div class='avia-data-table-wrap avia_responsive_table'><table class='avia-table avia-data-table avia-table-8  avia_pricing_default'  itemscope=\"itemscope\" itemtype=\"https:\/\/schema.org\/Table\" ><tbody><tr class='avia-heading-row'><th class=''>Nota para los seleccionados<\/th><\/tr><tr class=''><td class=''>&#8211; En esta p\u00e1gina se publicar\u00e1 la lista de seleccionados y tambi\u00e9n se les notificar\u00e1 a trav\u00e9s de correo electr\u00f3nico.<br \/>\n&#8211; Las clases ser\u00e1n presenciales en el sal\u00f3n 1 y la duela del CaSa<br \/>\n&#8211; Actividad gratuita<br \/>\n&#8211; Durante la actividad se estar\u00e1n comunicando a trav\u00e9s de mensajes de WhatsApp, por ser una herramienta de comunicaci\u00f3n m\u00e1s r\u00e1pida.<br \/>\n&#8211; Las inasistencias injustificadas ser\u00e1n motivo de suspensi\u00f3n y no podr\u00e1 ingresar a talleres futuros.<br \/>\n<\/td><\/tr><\/tbody><\/table><\/div><style type='text\/css'>.avia-table-8 td:nth-of-type(1):before { content: 'Nota para los seleccionados'; } <\/style><br \/>\n<div id='av-masonry-1' class='av-masonry noHover av-fixed-size av-large-gap av-hover-overlay-active av-masonry-col-flexible av-caption-always av-caption-style- av-masonry-gallery  '  ><div class='av-masonry-container isotope av-js-disabled ' ><div class='av-masonry-entry isotope-item av-masonry-item-no-image '><\/div><a href=\"https:\/\/casa.oaxaca.gob.mx\/wp-content\/uploads\/2025\/04\/IMG_4404-688x1030.jpeg\" id='av-masonry-1-item-15566' data-av-masonry-item='15566' class='av-masonry-entry isotope-item post-15566 attachment type-attachment status-inherit hentry  av-masonry-item-with-image' title=\"\"  itemprop=\"thumbnailUrl\" ><div class='av-inner-masonry-sizer'><\/div><figure class='av-inner-masonry main_color'><div class=\"av-masonry-outerimage-container\"><div class=\"av-masonry-image-container\" style=\"background-image: url(https:\/\/casa.oaxaca.gob.mx\/wp-content\/uploads\/2025\/04\/IMG_4404-471x705.jpeg);\"><img decoding=\"async\" src=\"https:\/\/casa.oaxaca.gob.mx\/wp-content\/uploads\/2025\/04\/IMG_4404-471x705.jpeg\" title=\"IMG_4404\" alt=\"\" \/><\/div><\/div><\/figure><\/a><!--end av-masonry entry--><a href=\"https:\/\/casa.oaxaca.gob.mx\/wp-content\/uploads\/2025\/04\/IMG_4405.jpeg\" id='av-masonry-1-item-15567' data-av-masonry-item='15567' class='av-masonry-entry isotope-item post-15567 attachment type-attachment status-inherit hentry  av-masonry-item-with-image' title=\"\"  itemprop=\"thumbnailUrl\" ><div class='av-inner-masonry-sizer'><\/div><figure class='av-inner-masonry main_color'><div class=\"av-masonry-outerimage-container\"><div class=\"av-masonry-image-container\" style=\"background-image: url(https:\/\/casa.oaxaca.gob.mx\/wp-content\/uploads\/2025\/04\/IMG_4405-705x470.jpeg);\"><img decoding=\"async\" src=\"https:\/\/casa.oaxaca.gob.mx\/wp-content\/uploads\/2025\/04\/IMG_4405-705x470.jpeg\" title=\"IMG_4405\" alt=\"\" \/><\/div><\/div><\/figure><\/a><!--end av-masonry entry--><a href=\"https:\/\/casa.oaxaca.gob.mx\/wp-content\/uploads\/2025\/04\/IMG_4406-1030x687.jpeg\" id='av-masonry-1-item-15568' data-av-masonry-item='15568' class='av-masonry-entry isotope-item post-15568 attachment type-attachment status-inherit hentry  av-masonry-item-with-image' title=\"\"  itemprop=\"thumbnailUrl\" ><div class='av-inner-masonry-sizer'><\/div><figure class='av-inner-masonry main_color'><div class=\"av-masonry-outerimage-container\"><div class=\"av-masonry-image-container\" style=\"background-image: url(https:\/\/casa.oaxaca.gob.mx\/wp-content\/uploads\/2025\/04\/IMG_4406-705x470.jpeg);\"><img decoding=\"async\" src=\"https:\/\/casa.oaxaca.gob.mx\/wp-content\/uploads\/2025\/04\/IMG_4406-705x470.jpeg\" title=\"IMG_4406\" alt=\"\" \/><\/div><\/div><\/figure><\/a><!--end av-masonry entry--><a href=\"https:\/\/casa.oaxaca.gob.mx\/wp-content\/uploads\/2025\/04\/IMG_4402-688x1030.jpeg\" id='av-masonry-1-item-15569' data-av-masonry-item='15569' class='av-masonry-entry isotope-item post-15569 attachment type-attachment status-inherit hentry  av-masonry-item-with-image' title=\"\"  itemprop=\"thumbnailUrl\" ><div class='av-inner-masonry-sizer'><\/div><figure class='av-inner-masonry main_color'><div class=\"av-masonry-outerimage-container\"><div class=\"av-masonry-image-container\" style=\"background-image: url(https:\/\/casa.oaxaca.gob.mx\/wp-content\/uploads\/2025\/04\/IMG_4402-471x705.jpeg);\"><img decoding=\"async\" src=\"https:\/\/casa.oaxaca.gob.mx\/wp-content\/uploads\/2025\/04\/IMG_4402-471x705.jpeg\" title=\"IMG_4402\" alt=\"\" \/><\/div><\/div><\/figure><\/a><!--end av-masonry entry--><a href=\"https:\/\/casa.oaxaca.gob.mx\/wp-content\/uploads\/2025\/04\/IMG_4403-1030x687.jpeg\" id='av-masonry-1-item-15570' data-av-masonry-item='15570' class='av-masonry-entry isotope-item post-15570 attachment type-attachment status-inherit hentry  av-masonry-item-with-image' title=\"\"  itemprop=\"thumbnailUrl\" ><div class='av-inner-masonry-sizer'><\/div><figure class='av-inner-masonry main_color'><div class=\"av-masonry-outerimage-container\"><div class=\"av-masonry-image-container\" style=\"background-image: url(https:\/\/casa.oaxaca.gob.mx\/wp-content\/uploads\/2025\/04\/IMG_4403-705x470.jpeg);\"><img decoding=\"async\" src=\"https:\/\/casa.oaxaca.gob.mx\/wp-content\/uploads\/2025\/04\/IMG_4403-705x470.jpeg\" title=\"IMG_4403\" alt=\"\" \/><\/div><\/div><\/figure><\/a><!--end av-masonry entry--><\/div><\/div><\/p><\/div>\n","protected":false},"excerpt":{"rendered":"","protected":false},"author":1,"featured_media":15565,"comment_status":"open","ping_status":"open","sticky":false,"template":"","format":"standard","meta":{"_exactmetrics_skip_tracking":false,"_exactmetrics_sitenote_active":false,"_exactmetrics_sitenote_note":"","_exactmetrics_sitenote_category":0,"footnotes":""},"categories":[204],"tags":[],"class_list":["post-15562","post","type-post","status-publish","format-standard","has-post-thumbnail","hentry","category-204"],"_links":{"self":[{"href":"https:\/\/casa.oaxaca.gob.mx\/index.php?rest_route=\/wp\/v2\/posts\/15562","targetHints":{"allow":["GET"]}}],"collection":[{"href":"https:\/\/casa.oaxaca.gob.mx\/index.php?rest_route=\/wp\/v2\/posts"}],"about":[{"href":"https:\/\/casa.oaxaca.gob.mx\/index.php?rest_route=\/wp\/v2\/types\/post"}],"author":[{"embeddable":true,"href":"https:\/\/casa.oaxaca.gob.mx\/index.php?rest_route=\/wp\/v2\/users\/1"}],"replies":[{"embeddable":true,"href":"https:\/\/casa.oaxaca.gob.mx\/index.php?rest_route=%2Fwp%2Fv2%2Fcomments&post=15562"}],"version-history":[{"count":2,"href":"https:\/\/casa.oaxaca.gob.mx\/index.php?rest_route=\/wp\/v2\/posts\/15562\/revisions"}],"predecessor-version":[{"id":15893,"href":"https:\/\/casa.oaxaca.gob.mx\/index.php?rest_route=\/wp\/v2\/posts\/15562\/revisions\/15893"}],"wp:featuredmedia":[{"embeddable":true,"href":"https:\/\/casa.oaxaca.gob.mx\/index.php?rest_route=\/wp\/v2\/media\/15565"}],"wp:attachment":[{"href":"https:\/\/casa.oaxaca.gob.mx\/index.php?rest_route=%2Fwp%2Fv2%2Fmedia&parent=15562"}],"wp:term":[{"taxonomy":"category","embeddable":true,"href":"https:\/\/casa.oaxaca.gob.mx\/index.php?rest_route=%2Fwp%2Fv2%2Fcategories&post=15562"},{"taxonomy":"post_tag","embeddable":true,"href":"https:\/\/casa.oaxaca.gob.mx\/index.php?rest_route=%2Fwp%2Fv2%2Ftags&post=15562"}],"curies":[{"name":"wp","href":"https:\/\/api.w.org\/{rel}","templated":true}]}}