{"id":15589,"date":"2025-04-22T17:51:28","date_gmt":"2025-04-22T23:51:28","guid":{"rendered":"https:\/\/casa.oaxaca.gob.mx\/?p=15589"},"modified":"2026-01-22T13:51:25","modified_gmt":"2026-01-22T19:51:25","slug":"taller-presencial-edicion-y-diseno-imparte-carlos-franco","status":"publish","type":"post","link":"https:\/\/casa.oaxaca.gob.mx\/?p=15589","title":{"rendered":"Taller presencial. Edici\u00f3n y dise\u00f1o. Imparte: Carlos Franco."},"content":{"rendered":"<\/div><\/div><\/div><!-- close content main div --><\/div><\/div><div id='av_section_1' class='avia-section main_color avia-section-no-padding avia-no-border-styling avia-full-stretch av-parallax-section avia-bg-style-parallax  av-minimum-height av-minimum-height-75 container_wrap fullsize'  data-section-bg-repeat='stretch' ><div class='av-parallax' data-avia-parallax-ratio='0.3' ><div class='av-parallax-inner main_color  avia-full-stretch' style = 'background-repeat: no-repeat; background-image: url(https:\/\/casa.oaxaca.gob.mx\/wp-content\/uploads\/2025\/04\/edicion-scaled.jpg); background-attachment: scroll; background-position: bottom center; ' ><\/div><\/div><div class='container' ><div class='template-page content  av-content-full alpha units'><div class='post-entry post-entry-type-page post-entry-15589'><div class='entry-content-wrapper clearfix'>\n<div style='padding-bottom:10px;color:#ffffff;font-size:50px;' class='av-special-heading av-special-heading-h3 custom-color-heading blockquote modern-quote  av-inherit-size'><h3 class='av-special-heading-tag'  itemprop=\"headline\"  >Taller presencial. Edici\u00f3n y dise\u00f1o<\/h3><div class ='av-subheading av-subheading_below av_custom_color' style='font-size:25px;'><p>Imparte: Carlos Franco<\/p>\n<\/div><div class='special-heading-border'><div class='special-heading-inner-border' style='border-color:#ffffff'><\/div><\/div><\/div>\n\n<\/div><\/div><\/div><!-- close content main div --><\/div><\/div><div id='av-layout-grid-1' class='av-layout-grid-container entry-content-wrapper main_color av-flex-cells  container_wrap fullsize'   >\n<div class=\"flex_cell no_margin av_one_full   \" style='vertical-align:top; padding:30px; background-color:#ED9600; '><div class='flex_cell_inner' ><p><div class=\"flex_column av_one_fourth  flex_column_div av-zero-column-padding first  \" style='border-radius:0px; '><div style='padding-bottom:10px;color:#ffffff;' class='av-special-heading av-special-heading-h3 custom-color-heading blockquote modern-quote '><h3 class='av-special-heading-tag'  itemprop=\"headline\"  >Cierre de inscripciones<\/h3><div class ='av-subheading av-subheading_below av_custom_color' style='font-size:20px;'><p>Domingo 15 de junio de 2025<\/p>\n<p>Publicaci\u00f3n de resultados<br \/>\nViernes 20 de junio de 2025<\/p>\n<\/div><div class='special-heading-border'><div class='special-heading-inner-border' style='border-color:#ffffff'><\/div><\/div><\/div><\/div><div class=\"flex_column av_one_fourth  flex_column_div av-zero-column-padding   \" style='border-radius:0px; '><div style='padding-bottom:10px;color:#ffffff;' class='av-special-heading av-special-heading-h3 custom-color-heading blockquote modern-quote '><h3 class='av-special-heading-tag'  itemprop=\"headline\"  >Fechas<\/h3><div class ='av-subheading av-subheading_below av_custom_color' style='font-size:20px;'><p>Lunes a viernes<br \/>\nDel 23 al 27 de junio<\/p>\n<\/div><div class='special-heading-border'><div class='special-heading-inner-border' style='border-color:#ffffff'><\/div><\/div><\/div><\/div><div class=\"flex_column av_one_fourth  flex_column_div av-zero-column-padding   \" style='border-radius:0px; '><div style='padding-bottom:10px;color:#ffffff;' class='av-special-heading av-special-heading-h3 custom-color-heading blockquote modern-quote  '><h3 class='av-special-heading-tag'  itemprop=\"headline\"  >Horario<\/h3><div class ='av-subheading av-subheading_below av_custom_color' style='font-size:20px;'><p>De 15 a 19 horas<\/p>\n<\/div><div class='special-heading-border'><div class='special-heading-inner-border' style='border-color:#ffffff'><\/div><\/div><\/div><\/div><div class=\"flex_column av_one_fourth  flex_column_div av-zero-column-padding   \" style='border-radius:0px; '><section class=\"avia_codeblock_section avia_code_block_0\"  itemscope=\"itemscope\" itemtype=\"https:\/\/schema.org\/BlogPosting\" itemprop=\"blogPost\" ><div class='avia_codeblock '  itemprop=\"text\" > [avia_codeblock_placeholder uid=\"0\"] <\/div><\/section><\/div><\/p>\n<\/div><\/div>\n<\/div>\n<div class=\"flex_column av_two_fifth  flex_column_div av-zero-column-padding first  \" style='border-radius:0px; '><p><div class='av-social-sharing-box '><div class='av-share-box'><h5 class='av-share-link-description'>Compartir esta actividad<\/h5><ul class='av-share-box-list noLightbox'><li class='av-share-link av-social-link-facebook' ><a target='_blank' href='http:\/\/www.facebook.com\/sharer.php?u=https:\/\/casa.oaxaca.gob.mx\/?p=15589&amp;t=Taller%20presencial.%20Edici%C3%B3n%20y%20dise%C3%B1o.%20Imparte%3A%20Carlos%20Franco.' aria-hidden='true' data-av_icon='\ue8f3' data-av_iconfont='entypo-fontello' title='' data-avia-related-tooltip='Share on Facebook'><span class='avia_hidden_link_text'>Share on Facebook<\/span><\/a><\/li><li class='av-share-link av-social-link-twitter' ><a target='_blank' href='https:\/\/twitter.com\/share?text=Taller%20presencial.%20Edici%C3%B3n%20y%20dise%C3%B1o.%20Imparte%3A%20Carlos%20Franco.&url=https:\/\/casa.oaxaca.gob.mx\/?p=15589' aria-hidden='true' data-av_icon='\ue8f1' data-av_iconfont='entypo-fontello' title='' data-avia-related-tooltip='Share on Twitter'><span class='avia_hidden_link_text'>Share on Twitter<\/span><\/a><\/li><li class='av-share-link av-social-link-gplus' ><a target='_blank' href='https:\/\/plus.google.com\/share?url=https:\/\/casa.oaxaca.gob.mx\/?p=15589' aria-hidden='true' data-av_icon='\ue8f6' data-av_iconfont='entypo-fontello' title='' data-avia-related-tooltip='Share on Google+'><span class='avia_hidden_link_text'>Share on Google+<\/span><\/a><\/li><li class='av-share-link av-social-link-pinterest' ><a target='_blank' href='http:\/\/pinterest.com\/pin\/create\/button\/?url=https%3A%2F%2Fcasa.oaxaca.gob.mx%2F%3Fp%3D15589&amp;description=Taller%20presencial.%20Edici%C3%B3n%20y%20dise%C3%B1o.%20Imparte%3A%20Carlos%20Franco.&amp;media=https%3A%2F%2Fcasa.oaxaca.gob.mx%2Fwp-content%2Fuploads%2F2025%2F04%2FC-edicion-705x484.jpg' aria-hidden='true' data-av_icon='\ue8f8' data-av_iconfont='entypo-fontello' title='' data-avia-related-tooltip='Share on Pinterest'><span class='avia_hidden_link_text'>Share on Pinterest<\/span><\/a><\/li><li class='av-share-link av-social-link-mail' ><a  href='mailto:?subject=Taller%20presencial.%20Edici%C3%B3n%20y%20dise%C3%B1o.%20Imparte%3A%20Carlos%20Franco.&amp;body=https:\/\/casa.oaxaca.gob.mx\/?p=15589' aria-hidden='true' data-av_icon='\ue805' data-av_iconfont='entypo-fontello' title='' data-avia-related-tooltip='Share by Mail'><span class='avia_hidden_link_text'>Share by Mail<\/span><\/a><\/li><\/ul><\/div><\/div><br \/>\n<div  class='hr hr-default '><span class='hr-inner ' ><span class='hr-inner-style'><\/span><\/span><\/div><br \/>\n<div style='padding-bottom:10px;font-size:30px;' class='av-special-heading av-special-heading-h3  blockquote modern-quote   av-inherit-size'><h3 class='av-special-heading-tag'  itemprop=\"headline\"  >Sobre el tallerista<\/h3><div class='special-heading-border'><div class='special-heading-inner-border' ><\/div><\/div><\/div><br \/>\n<div class='avia-data-table-wrap avia_responsive_table'><table class='avia-table avia-data-table avia-table-1  avia_pricing_default'  itemscope=\"itemscope\" itemtype=\"https:\/\/schema.org\/Table\" ><tbody><tr class='avia-heading-row'><th class=''>Carlos Franco (M\u00e9xico)<\/th><\/tr><tr class=''><td class=''>Naci\u00f3 en la ciudad de Oaxaca. Estudi\u00f3 la licenciatura en Dise\u00f1o Gr\u00e1fico y una especialidad en Producci\u00f3n Editorial en el EDINBA. Su trabajo como dise\u00f1ador lo ha desarrollado principalmente en instituciones culturales dise\u00f1ando carteles y proyectos editoriales, entre las instituciones se encuentran el Centro de las Artes de San Agust\u00edn, Instituto de Artes Gr\u00e1ficas de Oaxaca, Centro Fotogr\u00e1fico Manuel \u00c1lvarez Bravo, Cineclub El Pochote, Biblioteca Henestrosa, Bibliotecas Infantiles BS, Gorilla Glass, Museo de Arte Contempor\u00e1neo de Oaxaca, IMCINE,Invernadero Danza. Tambi\u00e9n ha trabajado en proyectos vinculados a artistas visuales, se ha desempe\u00f1ado como docente y ha impartido talleres. Su trabajo ha sido seleccionado en la Bienal del Cartel en M\u00e9xico y ha expuesto en algunos lugares de M\u00e9xico y el extranjero.<br \/>\n<\/td><\/tr><\/tbody><\/table><\/div><style type='text\/css'>.avia-table-1 td:nth-of-type(1):before { content: 'Carlos Franco (M\u00e9xico)'; } <\/style><\/p><\/div>\n<div class=\"flex_column av_three_fifth  flex_column_div av-zero-column-padding   \" style='border-radius:0px; '><p><div style='padding-bottom:10px;font-size:30px;' class='av-special-heading av-special-heading-h3  blockquote modern-quote   av-inherit-size'><h3 class='av-special-heading-tag'  itemprop=\"headline\"  >Acerca del taller<\/h3><div class='special-heading-border'><div class='special-heading-inner-border' ><\/div><\/div><\/div><br \/>\n<div class='avia-data-table-wrap avia_responsive_table'><table class='avia-table avia-data-table avia-table-2  avia_pricing_default'  itemscope=\"itemscope\" itemtype=\"https:\/\/schema.org\/Table\" ><tbody><tr class='avia-heading-row'><th class=''>Lista de seleccionados<\/th><\/tr><tr class=''><td class=''><br \/>\nWendy Alejandra Reyna S\u00e1nchez<\/p>\n<p>Mari\u00e1n Loranca Albarr\u00e1n<\/p>\n<p>Camila Ortega Kurlat<\/p>\n<p>Diana Garc\u00eda Chac\u00f3n<\/p>\n<p>Mar\u00eda Fernanda L\u00f3pez Gonz\u00e1lez<\/p>\n<p>Erick Leonardo Carbajal Cervantes<\/td><\/tr><\/tbody><\/table><\/div><style type='text\/css'>.avia-table-2 td:nth-of-type(1):before { content: 'Lista de seleccionados'; } <\/style><br \/>\n<div class='avia-data-table-wrap avia_responsive_table'><table class='avia-table avia-data-table avia-table-3  avia_pricing_default'  itemscope=\"itemscope\" itemtype=\"https:\/\/schema.org\/Table\" ><tbody><tr class='avia-heading-row'><th class=''>Este taller forma parte del Laboratorio editorial de ilustraci\u00f3n: Arte y bot\u00e1nica de Oaxaca.<br \/>\nLa presente convocatoria corresponde al registro individual al m\u00f3dulo 6 del Laboratorio.<\/th><\/tr><tr class=''><td class=''>M\u00d3DULO 6 &#8211; Edici\u00f3n y dise\u00f1o<br \/>\nCarlos Franco<br \/>\nLunes a viernes<br \/>\nDel 23 al 27 de junio<br \/>\nDe 15 a 19 h<br \/>\n<\/td><\/tr><\/tbody><\/table><\/div><style type='text\/css'>.avia-table-3 td:nth-of-type(1):before { content: 'Este taller forma parte del Laboratorio editorial de ilustraci\u00f3n: Arte y bot\u00e1nica de Oaxaca.<br \/>\nLa presente convocatoria corresponde al registro individual al m\u00f3dulo 6 del Laboratorio.'; } <\/style><br \/>\n<div class='avia-data-table-wrap avia_responsive_table'><table class='avia-table avia-data-table avia-table-4  avia_pricing_default'  itemscope=\"itemscope\" itemtype=\"https:\/\/schema.org\/Table\" ><tbody><tr class='avia-heading-row'><th class=''>Descripci\u00f3n general<\/th><\/tr><tr class=''><td class=''>En este laboratorio se facilitar\u00e1n herramientas te\u00f3ricas y pr\u00e1cticas para concebir, ilustrar, dise\u00f1ar y editar una obra producto de las investigaciones y creaciones art\u00edsticas de las y los participantes en torno a la documentaci\u00f3n, descripci\u00f3n y reinvenci\u00f3n creativa de la flora de la regi\u00f3n.<\/p>\n<p>El laboratorio busca generar, a trav\u00e9s del registro de la ilustraci\u00f3n art\u00edstica, un conocimiento interdisciplinar alrededor del entorno natural, interpretando y destacando sus elementos como materia art\u00edstica y de significaci\u00f3n identitaria, para realizar una edici\u00f3n alternativa reflejo del proceso creativo y las observaciones y levantamientos en \u00e9ste realizadas.<br \/>\n<\/td><\/tr><tr class='avia-heading-row'><th class=''>Objetivo general<\/th><\/tr><tr class=''><td class=''>Crear una edici\u00f3n de arte, obra-registro ilustrado de la bot\u00e1nica local y sus usos.<\/td><\/tr><tr class='avia-heading-row'><th class=''>Objetivos espec\u00edficos<\/th><\/tr><tr class=''><td class=''>&#8211; Conocer la estructura y proceso de creaci\u00f3n de un libro ilustrado.<br \/>\n&#8211; Aprender t\u00e9cnicas de ilustraci\u00f3n.<br \/>\n&#8211; Reinterpretar creativamente el entorno.<br \/>\n&#8211; Recopilar saberes locales.<br \/>\n&#8211; Mapear gr\u00e1ficamente la bot\u00e1nica de Oaxaca.<\/td><\/tr><tr class='avia-heading-row'><th class=''>Temas<\/th><\/tr><tr class=''><td class=''>Tema 1: Edici\u00f3n y autoedici\u00f3n de libros ilustrados<br \/>\n1.1 Conceptualizaci\u00f3n del proyecto, principios de la edici\u00f3n de libros ilustrados.<br \/>\n1.2 Rutas de investigaci\u00f3n y metodolog\u00eda creativa.<br \/>\n1.3 Principios del discurso gr\u00e1fico y textual: obras referentes.<br \/>\n1.2 Imagen y texto: di\u00e1logo conceptual.<\/p>\n<p>Tema 2: Etnobot\u00e1nica de Oaxaca<br \/>\n2.1 Flora de la regi\u00f3n<br \/>\n2.2 Domesticaci\u00f3n de plantas<br \/>\n2.3 Usos y leyendas<\/p>\n<p>Tema 3: Ilustraci\u00f3n \/ concepto de la imagen<br \/>\n3.1 Lenguaje de la ilustraci\u00f3n.<br \/>\n3.2 Registro visual de ideas.<br \/>\n3.3 Aproximaci\u00f3n gr\u00e1fica y dibujo.<\/p>\n<p>Tema 4: Narrativas de la imagen<br \/>\n4.1 Conexiones improbables.<br \/>\n4.2 Juegos de desplazamiento.<br \/>\n4.3 Textura y discurso de la ilustraci\u00f3n.<\/p>\n<p>Tema 5: Conceptualizaci\u00f3n, dise\u00f1o art\u00edstico y gr\u00e1fico de ediciones ilustradas<br \/>\n5.1 Composici\u00f3n.<br \/>\n5.2 C\u00f3digos textuales y visuales.<br \/>\n5.3 Funciones de la imagen.<\/p>\n<p>Tema 6: Publicaciones de arte<br \/>\n6.1 Est\u00e9tica e idea.<br \/>\n6.2 Propuesta pl\u00e1stica y dise\u00f1o.<br \/>\n6.3 Reproducci\u00f3n y soporte.<\/p>\n<p>Tema 7: Dise\u00f1o de publicaci\u00f3n<br \/>\n7.1 Edici\u00f3n de imagen.<br \/>\n7.2 Concepci\u00f3n del dise\u00f1o de publicaci\u00f3n.<br \/>\n7.2 Diagramaci\u00f3n y formaci\u00f3n.<br \/>\n7.3 Portada y contraportada, lecturas.<\/td><\/tr><\/tbody><\/table><\/div><style type='text\/css'>.avia-table-4 td:nth-of-type(1):before { content: 'Descripci\u00f3n general'; } <\/style><br \/>\n<div style='padding-bottom:10px;font-size:30px;' class='av-special-heading av-special-heading-h3  blockquote modern-quote   av-inherit-size'><h3 class='av-special-heading-tag'  itemprop=\"headline\"  >Requisitos de inscripci\u00f3n<\/h3><div class='special-heading-border'><div class='special-heading-inner-border' ><\/div><\/div><\/div><br \/>\n<div class='avia-data-table-wrap avia_responsive_table'><table class='avia-table avia-data-table avia-table-5  avia_pricing_default'  itemscope=\"itemscope\" itemtype=\"https:\/\/schema.org\/Table\" ><tbody><tr class='avia-heading-row'><th class=''>Dirigido a estudiantes de artes visuales, comunicaci\u00f3n gr\u00e1fica, dise\u00f1o gr\u00e1fico, edici\u00f3n y autoedici\u00f3n de libros.<\/th><\/tr><tr class=''><td class=''>Si tienes inter\u00e9s deber\u00e1s llenar el formulario que se encuentra en esta p\u00e1gina y adjuntar un documento con semblanza, carta de motivos y portafolio con un m\u00e1ximo de 10 im\u00e1genes del trabajo que hacen en un \u00fanico archivo PDF no mayor a 15 megabytes.<\/td><\/tr><\/tbody><\/table><\/div><style type='text\/css'>.avia-table-5 td:nth-of-type(1):before { content: 'Dirigido a estudiantes de artes visuales, comunicaci\u00f3n gr\u00e1fica, dise\u00f1o gr\u00e1fico, edici\u00f3n y autoedici\u00f3n de libros.'; } <\/style><br \/>\n<div class='avia-data-table-wrap avia_responsive_table'><table class='avia-table avia-data-table avia-table-6  avia_pricing_default'  itemscope=\"itemscope\" itemtype=\"https:\/\/schema.org\/Table\" ><tbody><tr class='avia-heading-row'><th class=''>Material que se le solicitar\u00e1 al alumno(a)<\/th><\/tr><tr class=''><td class=''>&#8211; Materiales b\u00e1sicos de trabajo.<br \/>\n&#8211; Cuaderno.<br \/>\n&#8211; Utensilios de ilustraci\u00f3n.<br \/>\n<\/td><\/tr><\/tbody><\/table><\/div><style type='text\/css'>.avia-table-6 td:nth-of-type(1):before { content: 'Material que se le solicitar\u00e1 al alumno(a)'; } <\/style><br \/>\n<div class='avia-data-table-wrap avia_responsive_table'><table class='avia-table avia-data-table avia-table-7  avia_pricing_default'  itemscope=\"itemscope\" itemtype=\"https:\/\/schema.org\/Table\" ><tbody><tr class='avia-heading-row'><th class=''>Nota para los seleccionados<\/th><\/tr><tr class=''><td class=''>&#8211; En esta p\u00e1gina se publicar\u00e1 la lista de seleccionados y tambi\u00e9n se les notificar\u00e1 a trav\u00e9s de correo electr\u00f3nico.<br \/>\n&#8211; Las clases ser\u00e1n presenciales en el sal\u00f3n de usos m\u00faltiples del CaSa<br \/>\n&#8211; Actividad gratuita<br \/>\n&#8211; Durante la actividad se estar\u00e1n comunicando a trav\u00e9s de mensajes de WhatsApp, por ser una herramienta de comunicaci\u00f3n m\u00e1s r\u00e1pida.<br \/>\n&#8211; Las inasistencias injustificadas ser\u00e1n motivo de suspensi\u00f3n y no podr\u00e1 ingresar a talleres futuros.<\/td><\/tr><\/tbody><\/table><\/div><style type='text\/css'>.avia-table-7 td:nth-of-type(1):before { content: 'Nota para los seleccionados'; } <\/style><br \/>\n<div id='av-masonry-1' class='av-masonry noHover av-fixed-size av-large-gap av-hover-overlay-active av-masonry-col-flexible av-caption-always av-caption-style- av-masonry-gallery  '  ><div class='av-masonry-container isotope av-js-disabled ' ><div class='av-masonry-entry isotope-item av-masonry-item-no-image '><\/div><a href=\"https:\/\/casa.oaxaca.gob.mx\/wp-content\/uploads\/2025\/04\/edicion-1-1030x437.jpg\" id='av-masonry-1-item-15593' data-av-masonry-item='15593' class='av-masonry-entry isotope-item post-15593 attachment type-attachment status-inherit hentry  av-masonry-item-with-image' title=\"\"  itemprop=\"thumbnailUrl\" ><div class='av-inner-masonry-sizer'><\/div><figure class='av-inner-masonry main_color'><div class=\"av-masonry-outerimage-container\"><div class=\"av-masonry-image-container\" style=\"background-image: url(https:\/\/casa.oaxaca.gob.mx\/wp-content\/uploads\/2025\/04\/edicion-1-705x299.jpg);\"><img decoding=\"async\" src=\"https:\/\/casa.oaxaca.gob.mx\/wp-content\/uploads\/2025\/04\/edicion-1-705x299.jpg\" title=\"edicion\" alt=\"\" \/><\/div><\/div><\/figure><\/a><!--end av-masonry entry--><\/div><\/div><\/p><\/div>\n","protected":false},"excerpt":{"rendered":"","protected":false},"author":1,"featured_media":15591,"comment_status":"open","ping_status":"open","sticky":false,"template":"","format":"standard","meta":{"_exactmetrics_skip_tracking":false,"_exactmetrics_sitenote_active":false,"_exactmetrics_sitenote_note":"","_exactmetrics_sitenote_category":0,"footnotes":""},"categories":[204],"tags":[],"class_list":["post-15589","post","type-post","status-publish","format-standard","has-post-thumbnail","hentry","category-204"],"_links":{"self":[{"href":"https:\/\/casa.oaxaca.gob.mx\/index.php?rest_route=\/wp\/v2\/posts\/15589","targetHints":{"allow":["GET"]}}],"collection":[{"href":"https:\/\/casa.oaxaca.gob.mx\/index.php?rest_route=\/wp\/v2\/posts"}],"about":[{"href":"https:\/\/casa.oaxaca.gob.mx\/index.php?rest_route=\/wp\/v2\/types\/post"}],"author":[{"embeddable":true,"href":"https:\/\/casa.oaxaca.gob.mx\/index.php?rest_route=\/wp\/v2\/users\/1"}],"replies":[{"embeddable":true,"href":"https:\/\/casa.oaxaca.gob.mx\/index.php?rest_route=%2Fwp%2Fv2%2Fcomments&post=15589"}],"version-history":[{"count":3,"href":"https:\/\/casa.oaxaca.gob.mx\/index.php?rest_route=\/wp\/v2\/posts\/15589\/revisions"}],"predecessor-version":[{"id":16207,"href":"https:\/\/casa.oaxaca.gob.mx\/index.php?rest_route=\/wp\/v2\/posts\/15589\/revisions\/16207"}],"wp:featuredmedia":[{"embeddable":true,"href":"https:\/\/casa.oaxaca.gob.mx\/index.php?rest_route=\/wp\/v2\/media\/15591"}],"wp:attachment":[{"href":"https:\/\/casa.oaxaca.gob.mx\/index.php?rest_route=%2Fwp%2Fv2%2Fmedia&parent=15589"}],"wp:term":[{"taxonomy":"category","embeddable":true,"href":"https:\/\/casa.oaxaca.gob.mx\/index.php?rest_route=%2Fwp%2Fv2%2Fcategories&post=15589"},{"taxonomy":"post_tag","embeddable":true,"href":"https:\/\/casa.oaxaca.gob.mx\/index.php?rest_route=%2Fwp%2Fv2%2Ftags&post=15589"}],"curies":[{"name":"wp","href":"https:\/\/api.w.org\/{rel}","templated":true}]}}