{"id":15728,"date":"2025-05-06T17:54:29","date_gmt":"2025-05-06T23:54:29","guid":{"rendered":"https:\/\/casa.oaxaca.gob.mx\/?p=15728"},"modified":"2026-01-22T13:51:25","modified_gmt":"2026-01-22T19:51:25","slug":"taller-presencial-entre-puntos-y-palabras-taller-de-foto-bordado-imparte-alejandra-hugues","status":"publish","type":"post","link":"https:\/\/casa.oaxaca.gob.mx\/?p=15728","title":{"rendered":"Taller presencial. Entre puntos y palabras: taller de foto bordado. Imparte: Alejandra Hugues."},"content":{"rendered":"<\/div><\/div><\/div><!-- close content main div --><\/div><\/div><div id='av_section_1' class='avia-section main_color avia-section-no-padding avia-no-border-styling avia-full-stretch av-parallax-section avia-bg-style-parallax  av-minimum-height av-minimum-height-75 container_wrap fullsize'  data-section-bg-repeat='stretch' ><div class='av-parallax' data-avia-parallax-ratio='0.3' ><div class='av-parallax-inner main_color  avia-full-stretch' style = 'background-repeat: no-repeat; background-image: url(https:\/\/casa.oaxaca.gob.mx\/wp-content\/uploads\/2025\/05\/entrepuntos-scaled.jpg); background-attachment: scroll; background-position: bottom center; ' ><\/div><\/div><div class='container' ><div class='template-page content  av-content-full alpha units'><div class='post-entry post-entry-type-page post-entry-15728'><div class='entry-content-wrapper clearfix'>\n<div style='padding-bottom:10px;color:#ffffff;font-size:50px;' class='av-special-heading av-special-heading-h3 custom-color-heading blockquote modern-quote  av-inherit-size'><h3 class='av-special-heading-tag'  itemprop=\"headline\"  >Taller presencial. Entre puntos y palabras: taller de foto bordado<\/h3><div class ='av-subheading av-subheading_below av_custom_color' style='font-size:25px;'><p>Imparte: Alejandra Hugues Iraz\u00e1bal<\/p>\n<\/div><div class='special-heading-border'><div class='special-heading-inner-border' style='border-color:#ffffff'><\/div><\/div><\/div>\n\n<\/div><\/div><\/div><!-- close content main div --><\/div><\/div><div id='av-layout-grid-1' class='av-layout-grid-container entry-content-wrapper main_color av-flex-cells  container_wrap fullsize'   >\n<div class=\"flex_cell no_margin av_one_full   \" style='vertical-align:top; padding:30px; background-color:#ED9600; '><div class='flex_cell_inner' ><p><div class=\"flex_column av_one_fourth  flex_column_div av-zero-column-padding first  \" style='border-radius:0px; '><div style='padding-bottom:10px;color:#ffffff;' class='av-special-heading av-special-heading-h3 custom-color-heading blockquote modern-quote '><h3 class='av-special-heading-tag'  itemprop=\"headline\"  >Cierre de inscripciones<\/h3><div class ='av-subheading av-subheading_below av_custom_color' style='font-size:20px;'><p>Domingo 8 de junio de 2025<\/p>\n<p>Publicaci\u00f3n de resultados<br \/>\nMartes 10 de junio de 2025<\/p>\n<\/div><div class='special-heading-border'><div class='special-heading-inner-border' style='border-color:#ffffff'><\/div><\/div><\/div><\/div><div class=\"flex_column av_one_fourth  flex_column_div av-zero-column-padding   \" style='border-radius:0px; '><div style='padding-bottom:10px;color:#ffffff;' class='av-special-heading av-special-heading-h3 custom-color-heading blockquote modern-quote '><h3 class='av-special-heading-tag'  itemprop=\"headline\"  >Fechas<\/h3><div class ='av-subheading av-subheading_below av_custom_color' style='font-size:20px;'><p>Lunes a viernes<br \/>\nDel 16 al 20 de junio<\/p>\n<\/div><div class='special-heading-border'><div class='special-heading-inner-border' style='border-color:#ffffff'><\/div><\/div><\/div><\/div><div class=\"flex_column av_one_fourth  flex_column_div av-zero-column-padding   \" style='border-radius:0px; '><div style='padding-bottom:10px;color:#ffffff;' class='av-special-heading av-special-heading-h3 custom-color-heading blockquote modern-quote '><h3 class='av-special-heading-tag'  itemprop=\"headline\"  >Horario<\/h3><div class ='av-subheading av-subheading_below av_custom_color' style='font-size:20px;'><p>De 10 a 14 horas<\/p>\n<\/div><div class='special-heading-border'><div class='special-heading-inner-border' style='border-color:#ffffff'><\/div><\/div><\/div><\/div><div class=\"flex_column av_one_fourth  flex_column_div av-zero-column-padding   \" style='border-radius:0px; '><section class=\"avia_codeblock_section avia_code_block_0\"  itemscope=\"itemscope\" itemtype=\"https:\/\/schema.org\/BlogPosting\" itemprop=\"blogPost\" ><div class='avia_codeblock '  itemprop=\"text\" > [avia_codeblock_placeholder uid=\"0\"] <\/div><\/section><\/div><\/p>\n<\/div><\/div>\n<\/div>\n<div class=\"flex_column av_two_fifth  flex_column_div av-zero-column-padding first  \" style='border-radius:0px; '><p><div class='av-social-sharing-box '><div class='av-share-box'><h5 class='av-share-link-description'>Compartir esta actividad<\/h5><ul class='av-share-box-list noLightbox'><li class='av-share-link av-social-link-facebook' ><a target='_blank' href='http:\/\/www.facebook.com\/sharer.php?u=https:\/\/casa.oaxaca.gob.mx\/?p=15728&amp;t=Taller%20presencial.%20Entre%20puntos%20y%20palabras%3A%20taller%20de%20foto%20bordado.%20Imparte%3A%20Alejandra%20Hugues.' aria-hidden='true' data-av_icon='\ue8f3' data-av_iconfont='entypo-fontello' title='' data-avia-related-tooltip='Share on Facebook'><span class='avia_hidden_link_text'>Share on Facebook<\/span><\/a><\/li><li class='av-share-link av-social-link-twitter' ><a target='_blank' href='https:\/\/twitter.com\/share?text=Taller%20presencial.%20Entre%20puntos%20y%20palabras%3A%20taller%20de%20foto%20bordado.%20Imparte%3A%20Alejandra%20Hugues.&url=https:\/\/casa.oaxaca.gob.mx\/?p=15728' aria-hidden='true' data-av_icon='\ue8f1' data-av_iconfont='entypo-fontello' title='' data-avia-related-tooltip='Share on Twitter'><span class='avia_hidden_link_text'>Share on Twitter<\/span><\/a><\/li><li class='av-share-link av-social-link-gplus' ><a target='_blank' href='https:\/\/plus.google.com\/share?url=https:\/\/casa.oaxaca.gob.mx\/?p=15728' aria-hidden='true' data-av_icon='\ue8f6' data-av_iconfont='entypo-fontello' title='' data-avia-related-tooltip='Share on Google+'><span class='avia_hidden_link_text'>Share on Google+<\/span><\/a><\/li><li class='av-share-link av-social-link-pinterest' ><a target='_blank' href='http:\/\/pinterest.com\/pin\/create\/button\/?url=https%3A%2F%2Fcasa.oaxaca.gob.mx%2F%3Fp%3D15728&amp;description=Taller%20presencial.%20Entre%20puntos%20y%20palabras%3A%20taller%20de%20foto%20bordado.%20Imparte%3A%20Alejandra%20Hugues.&amp;media=https%3A%2F%2Fcasa.oaxaca.gob.mx%2Fwp-content%2Fuploads%2F2025%2F05%2FC-entrepuntos-705x484.jpg' aria-hidden='true' data-av_icon='\ue8f8' data-av_iconfont='entypo-fontello' title='' data-avia-related-tooltip='Share on Pinterest'><span class='avia_hidden_link_text'>Share on Pinterest<\/span><\/a><\/li><li class='av-share-link av-social-link-mail' ><a  href='mailto:?subject=Taller%20presencial.%20Entre%20puntos%20y%20palabras%3A%20taller%20de%20foto%20bordado.%20Imparte%3A%20Alejandra%20Hugues.&amp;body=https:\/\/casa.oaxaca.gob.mx\/?p=15728' aria-hidden='true' data-av_icon='\ue805' data-av_iconfont='entypo-fontello' title='' data-avia-related-tooltip='Share by Mail'><span class='avia_hidden_link_text'>Share by Mail<\/span><\/a><\/li><\/ul><\/div><\/div><br \/>\n<div  class='hr hr-default '><span class='hr-inner ' ><span class='hr-inner-style'><\/span><\/span><\/div><br \/>\n<div style='padding-bottom:10px;font-size:30px;' class='av-special-heading av-special-heading-h3  blockquote modern-quote   av-inherit-size'><h3 class='av-special-heading-tag'  itemprop=\"headline\"  >Sobre la tallerista<\/h3><div class='special-heading-border'><div class='special-heading-inner-border' ><\/div><\/div><\/div><br \/>\n<div class='avia-data-table-wrap avia_responsive_table'><table class='avia-table avia-data-table avia-table-1  avia_pricing_default'  itemscope=\"itemscope\" itemtype=\"https:\/\/schema.org\/Table\" ><tbody><tr class='avia-heading-row'><th class=''>Alejandra Hugues Iraz\u00e1bal* (M\u00e9xico)<\/th><\/tr><tr class=''><td class=''>Ciudad de M\u00e9xico 1989. Fot\u00f3grafa, Artista Visual y Artesana. Estudi\u00f3 dise\u00f1o gr\u00e1fico en la Universidad Iberoamericana. Fusiona una constante inquietud espiritual y filos\u00f3fica con un profundo inter\u00e9s por desarrollar t\u00e9cnicas manuales y an\u00e1logas, entrelazando lo f\u00edsico y lo espiritual.<\/p>\n<p>Tiene inter\u00e9s primordial en la participaci\u00f3n de seminarios, cl\u00ednicas y laboratorios para la creaci\u00f3n en comunidad, acompa\u00f1ada de reflexiones pertinentes del presente en torno al arte y su funci\u00f3n social y pol\u00edtica. Le interesa la ense\u00f1anza y el tejer en comunidad.<\/p>\n<p>Ganadora de la Beca J\u00f3venes Creadores 2024-2025 con el proyecto Si un d\u00eda te encuentro. Ha participado en diversas exposiciones colectivas en la CDMX y recientemente en la exposici\u00f3n individual de guerrilla fotogr\u00e1fica como parte del Seminario Zona de Riesgo 2024 en el Sal\u00f3n de la Pl\u00e1stica Mexicana.<\/p>\n<p>*Beneficiaria de la vertiente J\u00f3venes Creadores 2024<\/td><\/tr><\/tbody><\/table><\/div><style type='text\/css'>.avia-table-1 td:nth-of-type(1):before { content: 'Alejandra Hugues Iraz\u00e1bal* (M\u00e9xico)'; } <\/style><br \/>\n<section class=\"avia_codeblock_section avia_code_block_1\"  itemscope=\"itemscope\" itemtype=\"https:\/\/schema.org\/BlogPosting\" itemprop=\"blogPost\" ><div class='avia_codeblock '  itemprop=\"text\" > [avia_codeblock_placeholder uid=\"1\"] <\/div><\/section><\/p><\/div>\n<div class=\"flex_column av_three_fifth  flex_column_div av-zero-column-padding   \" style='border-radius:0px; '><p><div style='padding-bottom:10px;font-size:30px;' class='av-special-heading av-special-heading-h3  blockquote modern-quote   av-inherit-size'><h3 class='av-special-heading-tag'  itemprop=\"headline\"  >Acerca del taller<\/h3><div class='special-heading-border'><div class='special-heading-inner-border' ><\/div><\/div><\/div><br \/>\n<div class='avia-data-table-wrap avia_responsive_table'><table class='avia-table avia-data-table avia-table-2  avia_pricing_default'  itemscope=\"itemscope\" itemtype=\"https:\/\/schema.org\/Table\" ><tbody><tr class='avia-heading-row'><th class=''>LISTA DE SELECCIONADOS<\/th><\/tr><tr class=''><td class=''>Mauro Alejandro Zamora Ar\u00e1mburo<\/p>\n<p>X\u00f3chitl S\u00e1nchez C\u00f3rdova<\/p>\n<p>Elian Jos\u00e9 R\u00edos P\u00e9rez<\/p>\n<p>Miranda Jaqueline Escalante Moguel<\/p>\n<p>Gabriela Silva Nicol\u00e1s<\/p>\n<p>Alan L\u00f3pez Ruiz<\/p>\n<p>Monserrat Lugo M\u00e9ndez<\/p>\n<p>Claudia Alejandra L\u00f3pez Vega<\/p>\n<p>Ariadna S\u00e1nchez Ruiz<\/p>\n<p>Corina Mariam Herrera Franco<\/p>\n<p>Regina De Coss\u00edo<\/p>\n<p>Cynthia Ver\u00f3nica P\u00e9rez P\u00e9rez<\/p>\n<p>Magnolia Griselda Soley Sostoa<\/p>\n<p>Orqu\u00eddea Del Rio Ruiz<\/p>\n<p>Eunice Fern\u00e1ndez Velasco<\/p>\n<p>Irma Icela P\u00e9rez Bravo<\/p>\n<p>Anxel L\u00f3pez Ch\u00e1vez<\/td><\/tr><\/tbody><\/table><\/div><style type='text\/css'>.avia-table-2 td:nth-of-type(1):before { content: 'LISTA DE SELECCIONADOS'; } <\/style><br \/>\n<div class='avia-data-table-wrap avia_responsive_table'><table class='avia-table avia-data-table avia-table-3  avia_pricing_default'  itemscope=\"itemscope\" itemtype=\"https:\/\/schema.org\/Table\" ><tbody><tr class='avia-heading-row'><th class=''>Descripci\u00f3n general<\/th><\/tr><tr class=''><td class=''>En este taller exploramos el bordado como una herramienta de expresi\u00f3n y transformaci\u00f3n personal. Aprenderemos puntadas b\u00e1sicas que aplicaremos sobre fotograf\u00edas propias, creando una pieza \u00fanica que combine imagen, hilo y palabra. A lo largo del proceso, ejercicios de escritura nos guiar\u00e1n a mirar hacia adentro, a descubrir qu\u00e9 queremos decir y c\u00f3mo queremos decirlo.<\/p>\n<p>Una l\u00ednea bordada puede ser mucho m\u00e1s que un trazo: puede ser una memoria, una pregunta, una forma de sanar o de volver a empezar.<br \/>\n<\/td><\/tr><tr class='avia-heading-row'><th class=''>Objetivo general<\/th><\/tr><tr class=''><td class=''>Explorar el bordado sobre fotograf\u00eda como una pr\u00e1ctica de expresi\u00f3n personal, introspecci\u00f3n y resignificaci\u00f3n, combinando t\u00e9cnicas textiles y escritura para crear una pieza final con sentido propio.<\/td><\/tr><tr class='avia-heading-row'><th class=''>Objetivos espec\u00edficos<\/th><\/tr><tr class=''><td class=''>&#8211; Aprender y aplicar puntadas b\u00e1sicas de bordado como medio de intervenci\u00f3n visual sobre fotograf\u00edas.<br \/>\n&#8211; Fomentar la exploraci\u00f3n del mundo interior a trav\u00e9s de ejercicios de escritura introspectiva.<br \/>\n&#8211; Integrar imagen, hilo y palabra en una obra personal que refleje procesos emocionales, narrativos o simb\u00f3licos.<br \/>\n<\/td><\/tr><tr class='avia-heading-row'><th class=''>Temas<\/th><\/tr><tr class=''><td class=''>&#8211; Escritura autom\u00e1tica para conectar con el inconsciente<br \/>\n&#8211; El bordado como acto de resistencia y sanaci\u00f3n<br \/>\n&#8211; Puntadas y posibilidades gestuales, simb\u00f3licas y de resignificaci\u00f3n<br \/>\n&#8211; Creaci\u00f3n de muestrario de puntadas<br \/>\n&#8211; Teor\u00eda de color<br \/>\n&#8211; Bocetaje<br \/>\n&#8211; Metodolog\u00eda de aplicaci\u00f3n a imagen<br \/>\n&#8211; Ampliar la im\u00e1gen<br \/>\n<\/td><\/tr><\/tbody><\/table><\/div><style type='text\/css'>.avia-table-3 td:nth-of-type(1):before { content: 'Descripci\u00f3n general'; } <\/style><br \/>\n<div style='padding-bottom:10px;font-size:30px;' class='av-special-heading av-special-heading-h3  blockquote modern-quote   av-inherit-size'><h3 class='av-special-heading-tag'  itemprop=\"headline\"  >Requisitos de inscripci\u00f3n<\/h3><div class='special-heading-border'><div class='special-heading-inner-border' ><\/div><\/div><\/div><br \/>\n<div class='avia-data-table-wrap avia_responsive_table'><table class='avia-table avia-data-table avia-table-4  avia_pricing_default'  itemscope=\"itemscope\" itemtype=\"https:\/\/schema.org\/Table\" ><tbody><tr class='avia-heading-row'><th class=''>Taller personas que tengan un proyecto fotogr\u00e1fico activo, en donde las posibilidades narrativas de los hilos aporten una nueva capa a la ejecuci\u00f3n y resoluci\u00f3n del mismo. <\/th><\/tr><tr class=''><td class=''>&#8211; Si tienes inter\u00e9s deber\u00e1s llenar el formulario con los datos completos que se encuentra en esta p\u00e1gina.<br \/>\n&#8211; La lista de seleccionados se publicar\u00e1 en esta p\u00e1gina, tambi\u00e9n se les notificar\u00e1 v\u00eda correo electr\u00f3nico con los detalles de la actividad.<br \/>\n&#8211; Actividad gratuita.<br \/>\n&#8211; Los talleristas ser\u00e1n los responsables de realizar la selecci\u00f3n de alumnos bajo sus criterios.<br \/>\n<\/td><\/tr><\/tbody><\/table><\/div><style type='text\/css'>.avia-table-4 td:nth-of-type(1):before { content: 'Taller personas que tengan un proyecto fotogr\u00e1fico activo, en donde las posibilidades narrativas de los hilos aporten una nueva capa a la ejecuci\u00f3n y resoluci\u00f3n del mismo. '; } <\/style><br \/>\n<div class='avia-data-table-wrap avia_responsive_table'><table class='avia-table avia-data-table avia-table-5  avia_pricing_default'  itemscope=\"itemscope\" itemtype=\"https:\/\/schema.org\/Table\" ><tbody><tr class='avia-heading-row'><th class=''>Material que se le solicitar\u00e1 al alumno(a)<\/th><\/tr><tr class=''><td class=''>&#8211; 3 fotos impresas en papel grueso (arriba de 150 gr) Recomiendo Couch\u00e9, opalina o papel fotogr\u00e1fico. Tama\u00f1o: 4&#215;6 in o 5&#215;7 in Si pueden traer dos copias de cada foto, mucho mejor.<br \/>\nLas fotos pueden o no estar relacionadas entre s\u00ed, y ser de archivo propio, familiar, o de cualquier tipo. Elegir fotos que tengan relevancia en la propia historia y que nos ayuden a identificar qui\u00e9nes somos y qu\u00e9 hacemos aqu\u00ed.<br \/>\n&#8211; Hilos que tengan en casa: (moulin\u00e9, perl\u00e9, de costura)<br \/>\n&#8211; Agujas #1<br \/>\n&#8211; 1 Tachuela o punz\u00f3n<br \/>\n&#8211; 2 hojas FOAMY (no importa el color)<br \/>\n&#8211; Tijeras para hilo<br \/>\n&#8211; Papel calca albanene<br \/>\n&#8211; Papel grueso o cartulina (reciclado que tengan en casa) para muestrario y practicar puntadas<br \/>\n&#8211; Cuaderno\/hojas y pluma\/l\u00e1piz para ejercicios de escritura y bocetaje<br \/>\n<\/td><\/tr><\/tbody><\/table><\/div><style type='text\/css'>.avia-table-5 td:nth-of-type(1):before { content: 'Material que se le solicitar\u00e1 al alumno(a)'; } <\/style><br \/>\n<div class='avia-data-table-wrap avia_responsive_table'><table class='avia-table avia-data-table avia-table-6  avia_pricing_default'  itemscope=\"itemscope\" itemtype=\"https:\/\/schema.org\/Table\" ><tbody><tr class='avia-heading-row'><th class=''>Nota para los seleccionados<\/th><\/tr><tr class=''><td class=''>&#8211; Clases presenciales en el sal\u00f3n 2 del CaSa<br \/>\n&#8211; Se dejar\u00e1n ejercicios espec\u00edficos a cada estudiante, es fundamental realizarlos para continuar con la siguiente clase.<br \/>\n&#8211; Tener el compromiso y el tiempo para llevar a cabo el taller, ya que las inasistencias injustificadas ser\u00e1n motivo de suspensi\u00f3n y no podr\u00e1 ingresar a talleres futuros.<br \/>\n&#8211; Durante el taller nos estaremos comunicando por medio de mensajes en un grupo de WhatsApp, por ser una herramienta m\u00e1s r\u00e1pida para poder tener una mejor comunicaci\u00f3n con lo que respecta al taller.<\/p>\n<p><\/td><\/tr><\/tbody><\/table><\/div><style type='text\/css'>.avia-table-6 td:nth-of-type(1):before { content: 'Nota para los seleccionados'; } <\/style><br \/>\n<div id='av-masonry-1' class='av-masonry noHover av-fixed-size av-large-gap av-hover-overlay-active av-masonry-col-flexible av-caption-always av-caption-style- av-masonry-gallery  '  ><div class='av-masonry-container isotope av-js-disabled ' ><div class='av-masonry-entry isotope-item av-masonry-item-no-image '><\/div><a href=\"https:\/\/casa.oaxaca.gob.mx\/wp-content\/uploads\/2025\/05\/6-IG-VIDEO-PI19-531x1030.png\" id='av-masonry-1-item-15732' data-av-masonry-item='15732' class='av-masonry-entry isotope-item post-15732 attachment type-attachment status-inherit hentry  av-masonry-item-with-image' title=\"\"  itemprop=\"thumbnailUrl\" ><div class='av-inner-masonry-sizer'><\/div><figure class='av-inner-masonry main_color'><div class=\"av-masonry-outerimage-container\"><div class=\"av-masonry-image-container\" style=\"background-image: url(https:\/\/casa.oaxaca.gob.mx\/wp-content\/uploads\/2025\/05\/6-IG-VIDEO-PI19-364x705.png);\"><img decoding=\"async\" src=\"https:\/\/casa.oaxaca.gob.mx\/wp-content\/uploads\/2025\/05\/6-IG-VIDEO-PI19-364x705.png\" title=\"6-IG-VIDEO-PI19\" alt=\"\" \/><\/div><\/div><\/figure><\/a><!--end av-masonry entry--><a href=\"https:\/\/casa.oaxaca.gob.mx\/wp-content\/uploads\/2025\/05\/8-IG-VIDEO-PI-531x1030.png\" id='av-masonry-1-item-15733' data-av-masonry-item='15733' class='av-masonry-entry isotope-item post-15733 attachment type-attachment status-inherit hentry  av-masonry-item-with-image' title=\"\"  itemprop=\"thumbnailUrl\" ><div class='av-inner-masonry-sizer'><\/div><figure class='av-inner-masonry main_color'><div class=\"av-masonry-outerimage-container\"><div class=\"av-masonry-image-container\" style=\"background-image: url(https:\/\/casa.oaxaca.gob.mx\/wp-content\/uploads\/2025\/05\/8-IG-VIDEO-PI-364x705.png);\"><img decoding=\"async\" src=\"https:\/\/casa.oaxaca.gob.mx\/wp-content\/uploads\/2025\/05\/8-IG-VIDEO-PI-364x705.png\" title=\"8-IG-VIDEO-PI\" alt=\"\" \/><\/div><\/div><\/figure><\/a><!--end av-masonry entry--><a href=\"https:\/\/casa.oaxaca.gob.mx\/wp-content\/uploads\/2025\/05\/Mesa-de-trabajo-25-copia-16-1030x1030.png\" id='av-masonry-1-item-15734' data-av-masonry-item='15734' class='av-masonry-entry isotope-item post-15734 attachment type-attachment status-inherit hentry  av-masonry-item-with-image' title=\"\"  itemprop=\"thumbnailUrl\" ><div class='av-inner-masonry-sizer'><\/div><figure class='av-inner-masonry main_color'><div class=\"av-masonry-outerimage-container\"><div class=\"av-masonry-image-container\" style=\"background-image: url(https:\/\/casa.oaxaca.gob.mx\/wp-content\/uploads\/2025\/05\/Mesa-de-trabajo-25-copia-16-705x705.png);\"><img decoding=\"async\" src=\"https:\/\/casa.oaxaca.gob.mx\/wp-content\/uploads\/2025\/05\/Mesa-de-trabajo-25-copia-16-705x705.png\" title=\"Mesa de trabajo 25 copia 16\" alt=\"\" \/><\/div><\/div><\/figure><\/a><!--end av-masonry entry--><a href=\"https:\/\/casa.oaxaca.gob.mx\/wp-content\/uploads\/2025\/05\/Mesa-de-trabajo-93-846x1030.png\" id='av-masonry-1-item-15735' data-av-masonry-item='15735' class='av-masonry-entry isotope-item post-15735 attachment type-attachment status-inherit hentry  av-masonry-item-with-image' title=\"\"  itemprop=\"thumbnailUrl\" ><div class='av-inner-masonry-sizer'><\/div><figure class='av-inner-masonry main_color'><div class=\"av-masonry-outerimage-container\"><div class=\"av-masonry-image-container\" style=\"background-image: url(https:\/\/casa.oaxaca.gob.mx\/wp-content\/uploads\/2025\/05\/Mesa-de-trabajo-93-579x705.png);\"><img decoding=\"async\" src=\"https:\/\/casa.oaxaca.gob.mx\/wp-content\/uploads\/2025\/05\/Mesa-de-trabajo-93-579x705.png\" title=\"Mesa de trabajo 93\" alt=\"\" \/><\/div><\/div><\/figure><\/a><!--end av-masonry entry--><\/div><\/div><\/p><\/div>\n","protected":false},"excerpt":{"rendered":"","protected":false},"author":1,"featured_media":15729,"comment_status":"open","ping_status":"open","sticky":false,"template":"","format":"standard","meta":{"_exactmetrics_skip_tracking":false,"_exactmetrics_sitenote_active":false,"_exactmetrics_sitenote_note":"","_exactmetrics_sitenote_category":0,"footnotes":""},"categories":[204],"tags":[],"class_list":["post-15728","post","type-post","status-publish","format-standard","has-post-thumbnail","hentry","category-204"],"_links":{"self":[{"href":"https:\/\/casa.oaxaca.gob.mx\/index.php?rest_route=\/wp\/v2\/posts\/15728","targetHints":{"allow":["GET"]}}],"collection":[{"href":"https:\/\/casa.oaxaca.gob.mx\/index.php?rest_route=\/wp\/v2\/posts"}],"about":[{"href":"https:\/\/casa.oaxaca.gob.mx\/index.php?rest_route=\/wp\/v2\/types\/post"}],"author":[{"embeddable":true,"href":"https:\/\/casa.oaxaca.gob.mx\/index.php?rest_route=\/wp\/v2\/users\/1"}],"replies":[{"embeddable":true,"href":"https:\/\/casa.oaxaca.gob.mx\/index.php?rest_route=%2Fwp%2Fv2%2Fcomments&post=15728"}],"version-history":[{"count":5,"href":"https:\/\/casa.oaxaca.gob.mx\/index.php?rest_route=\/wp\/v2\/posts\/15728\/revisions"}],"predecessor-version":[{"id":16035,"href":"https:\/\/casa.oaxaca.gob.mx\/index.php?rest_route=\/wp\/v2\/posts\/15728\/revisions\/16035"}],"wp:featuredmedia":[{"embeddable":true,"href":"https:\/\/casa.oaxaca.gob.mx\/index.php?rest_route=\/wp\/v2\/media\/15729"}],"wp:attachment":[{"href":"https:\/\/casa.oaxaca.gob.mx\/index.php?rest_route=%2Fwp%2Fv2%2Fmedia&parent=15728"}],"wp:term":[{"taxonomy":"category","embeddable":true,"href":"https:\/\/casa.oaxaca.gob.mx\/index.php?rest_route=%2Fwp%2Fv2%2Fcategories&post=15728"},{"taxonomy":"post_tag","embeddable":true,"href":"https:\/\/casa.oaxaca.gob.mx\/index.php?rest_route=%2Fwp%2Fv2%2Ftags&post=15728"}],"curies":[{"name":"wp","href":"https:\/\/api.w.org\/{rel}","templated":true}]}}