{"id":15737,"date":"2025-05-07T13:18:10","date_gmt":"2025-05-07T19:18:10","guid":{"rendered":"https:\/\/casa.oaxaca.gob.mx\/?p=15737"},"modified":"2026-01-22T13:51:25","modified_gmt":"2026-01-22T19:51:25","slug":"taller-presencial-la-imagen-que-habita-imparte-luvia-lazo","status":"publish","type":"post","link":"https:\/\/casa.oaxaca.gob.mx\/?p=15737","title":{"rendered":"Taller presencial. La imagen que habita. Imparte: Luvia Lazo."},"content":{"rendered":"<\/div><\/div><\/div><!-- close content main div --><\/div><\/div><div id='av_section_1' class='avia-section main_color avia-section-no-padding avia-no-border-styling avia-full-stretch av-parallax-section avia-bg-style-parallax  av-minimum-height av-minimum-height-75 container_wrap fullsize'  data-section-bg-repeat='stretch' ><div class='av-parallax' data-avia-parallax-ratio='0.3' ><div class='av-parallax-inner main_color  avia-full-stretch' style = 'background-repeat: no-repeat; background-image: url(https:\/\/casa.oaxaca.gob.mx\/wp-content\/uploads\/2025\/05\/LLUVIA-scaled.jpg); background-attachment: scroll; background-position: bottom center; ' ><\/div><\/div><div class='container' ><div class='template-page content  av-content-full alpha units'><div class='post-entry post-entry-type-page post-entry-15737'><div class='entry-content-wrapper clearfix'>\n<div style='padding-bottom:10px;color:#ffffff;font-size:50px;' class='av-special-heading av-special-heading-h3 custom-color-heading blockquote modern-quote  av-inherit-size'><h3 class='av-special-heading-tag'  itemprop=\"headline\"  >Taller presencial. La imagen que habita<\/h3><div class ='av-subheading av-subheading_below av_custom_color' style='font-size:25px;'><p>Imparte: Luvia Lazo<\/p>\n<\/div><div class='special-heading-border'><div class='special-heading-inner-border' style='border-color:#ffffff'><\/div><\/div><\/div>\n\n<\/div><\/div><\/div><!-- close content main div --><\/div><\/div><div id='av-layout-grid-1' class='av-layout-grid-container entry-content-wrapper main_color av-flex-cells  container_wrap fullsize'   >\n<div class=\"flex_cell no_margin av_one_full   \" style='vertical-align:top; padding:30px; background-color:#ED9600; '><div class='flex_cell_inner' ><p><div class=\"flex_column av_one_fourth  flex_column_div av-zero-column-padding first  \" style='border-radius:0px; '><div style='padding-bottom:10px;color:#ffffff;' class='av-special-heading av-special-heading-h3 custom-color-heading blockquote modern-quote '><h3 class='av-special-heading-tag'  itemprop=\"headline\"  >Cierre de inscripciones<\/h3><div class ='av-subheading av-subheading_below av_custom_color' style='font-size:20px;'><p>Domingo 27 de julio de 2025<\/p>\n<p>Publicaci\u00f3n de resultados<br \/>\nMartes 29 de julio de 2025<\/p>\n<\/div><div class='special-heading-border'><div class='special-heading-inner-border' style='border-color:#ffffff'><\/div><\/div><\/div><\/div><div class=\"flex_column av_one_fourth  flex_column_div av-zero-column-padding   \" style='border-radius:0px; '><div style='padding-bottom:10px;color:#ffffff;' class='av-special-heading av-special-heading-h3 custom-color-heading blockquote modern-quote '><h3 class='av-special-heading-tag'  itemprop=\"headline\"  >Fechas<\/h3><div class ='av-subheading av-subheading_below av_custom_color' style='font-size:20px;'><p>Lunes a viernes<br \/>\nDel 4 al 8 de agosto<\/p>\n<\/div><div class='special-heading-border'><div class='special-heading-inner-border' style='border-color:#ffffff'><\/div><\/div><\/div><\/div><div class=\"flex_column av_one_fourth  flex_column_div av-zero-column-padding   \" style='border-radius:0px; '><div style='padding-bottom:10px;color:#ffffff;' class='av-special-heading av-special-heading-h3 custom-color-heading blockquote modern-quote  '><h3 class='av-special-heading-tag'  itemprop=\"headline\"  >Horario<\/h3><div class ='av-subheading av-subheading_below av_custom_color' style='font-size:20px;'><p>De 10 a 14 horas<\/p>\n<\/div><div class='special-heading-border'><div class='special-heading-inner-border' style='border-color:#ffffff'><\/div><\/div><\/div><\/div><div class=\"flex_column av_one_fourth  flex_column_div av-zero-column-padding   \" style='border-radius:0px; '><section class=\"avia_codeblock_section avia_code_block_0\"  itemscope=\"itemscope\" itemtype=\"https:\/\/schema.org\/BlogPosting\" itemprop=\"blogPost\" ><div class='avia_codeblock '  itemprop=\"text\" > [avia_codeblock_placeholder uid=\"0\"] <\/div><\/section><\/div><\/p>\n<\/div><\/div>\n<\/div>\n<div class=\"flex_column av_two_fifth  flex_column_div av-zero-column-padding first  \" style='border-radius:0px; '><p><div class='av-social-sharing-box '><div class='av-share-box'><h5 class='av-share-link-description'>Compartir esta actividad<\/h5><ul class='av-share-box-list noLightbox'><li class='av-share-link av-social-link-facebook' ><a target='_blank' href='http:\/\/www.facebook.com\/sharer.php?u=https:\/\/casa.oaxaca.gob.mx\/?p=15737&amp;t=Taller%20presencial.%20La%20imagen%20que%20habita.%20Imparte%3A%20Luvia%20Lazo.' aria-hidden='true' data-av_icon='\ue8f3' data-av_iconfont='entypo-fontello' title='' data-avia-related-tooltip='Share on Facebook'><span class='avia_hidden_link_text'>Share on Facebook<\/span><\/a><\/li><li class='av-share-link av-social-link-twitter' ><a target='_blank' href='https:\/\/twitter.com\/share?text=Taller%20presencial.%20La%20imagen%20que%20habita.%20Imparte%3A%20Luvia%20Lazo.&url=https:\/\/casa.oaxaca.gob.mx\/?p=15737' aria-hidden='true' data-av_icon='\ue8f1' data-av_iconfont='entypo-fontello' title='' data-avia-related-tooltip='Share on Twitter'><span class='avia_hidden_link_text'>Share on Twitter<\/span><\/a><\/li><li class='av-share-link av-social-link-gplus' ><a target='_blank' href='https:\/\/plus.google.com\/share?url=https:\/\/casa.oaxaca.gob.mx\/?p=15737' aria-hidden='true' data-av_icon='\ue8f6' data-av_iconfont='entypo-fontello' title='' data-avia-related-tooltip='Share on Google+'><span class='avia_hidden_link_text'>Share on Google+<\/span><\/a><\/li><li class='av-share-link av-social-link-pinterest' ><a target='_blank' href='http:\/\/pinterest.com\/pin\/create\/button\/?url=https%3A%2F%2Fcasa.oaxaca.gob.mx%2F%3Fp%3D15737&amp;description=Taller%20presencial.%20La%20imagen%20que%20habita.%20Imparte%3A%20Luvia%20Lazo.&amp;media=https%3A%2F%2Fcasa.oaxaca.gob.mx%2Fwp-content%2Fuploads%2F2025%2F05%2Fc-laimagen-705x484.jpg' aria-hidden='true' data-av_icon='\ue8f8' data-av_iconfont='entypo-fontello' title='' data-avia-related-tooltip='Share on Pinterest'><span class='avia_hidden_link_text'>Share on Pinterest<\/span><\/a><\/li><li class='av-share-link av-social-link-mail' ><a  href='mailto:?subject=Taller%20presencial.%20La%20imagen%20que%20habita.%20Imparte%3A%20Luvia%20Lazo.&amp;body=https:\/\/casa.oaxaca.gob.mx\/?p=15737' aria-hidden='true' data-av_icon='\ue805' data-av_iconfont='entypo-fontello' title='' data-avia-related-tooltip='Share by Mail'><span class='avia_hidden_link_text'>Share by Mail<\/span><\/a><\/li><\/ul><\/div><\/div><br \/>\n<div  class='hr hr-default '><span class='hr-inner ' ><span class='hr-inner-style'><\/span><\/span><\/div><br \/>\n<div style='padding-bottom:10px;font-size:30px;' class='av-special-heading av-special-heading-h3  blockquote modern-quote   av-inherit-size'><h3 class='av-special-heading-tag'  itemprop=\"headline\"  >Sobre la tallerista<\/h3><div class='special-heading-border'><div class='special-heading-inner-border' ><\/div><\/div><\/div><br \/>\n<div class='avia-data-table-wrap avia_responsive_table'><table class='avia-table avia-data-table avia-table-1  avia_pricing_default'  itemscope=\"itemscope\" itemtype=\"https:\/\/schema.org\/Table\" ><tbody><tr class='avia-heading-row'><th class=''>Luvia Lazo* (M\u00e9xico)<\/th><\/tr><tr class=''><td class=''>Luvia Lazo, nacida en Teotitl\u00e1n del Valle, Oaxaca, el 30 de agosto de 1990, es una destacada fot\u00f3grafa zapoteca. Su trabajo explora la identidad, los cambios generacionales y la conexi\u00f3n simbi\u00f3tica entre personas y espacios culturales. Lazo, beneficiaria del programa J\u00f3venes Creadores del FONCA y galardonada con el premio inaugural de Indigenous Photograph 2021 y Leica Women Photo Project 2024, ha expuesto en Ciudad de M\u00e9xico, Nueva York, Chicago, Mallorca y Barcelona. Su obra ha sido publicada en The New Yorker, Vogue (US, M\u00e9xico, Italia, UK), AD Magazine, Gatopardo, y Cuarto Oscuro. Form\u00f3 parte del programa de Residencias en Casa Wabi. A trav\u00e9s de su arte, Lazo busca ofrecer una visi\u00f3n enriquecedora de las experiencias de las mujeres ind\u00edgenas, aportando una perspectiva \u00fanica sobre la feminidad.<\/p>\n<p>*Beneficiaria de la vertiente Residencias Art\u00edsticas 2024<\/td><\/tr><\/tbody><\/table><\/div><style type='text\/css'>.avia-table-1 td:nth-of-type(1):before { content: 'Luvia Lazo* (M\u00e9xico)'; } <\/style><br \/>\n<section class=\"avia_codeblock_section avia_code_block_1\"  itemscope=\"itemscope\" itemtype=\"https:\/\/schema.org\/BlogPosting\" itemprop=\"blogPost\" ><div class='avia_codeblock '  itemprop=\"text\" > [avia_codeblock_placeholder uid=\"1\"] <\/div><\/section><\/p><\/div>\n<div class=\"flex_column av_three_fifth  flex_column_div av-zero-column-padding   \" style='border-radius:0px; '><p><div style='padding-bottom:10px;font-size:30px;' class='av-special-heading av-special-heading-h3  blockquote modern-quote   av-inherit-size'><h3 class='av-special-heading-tag'  itemprop=\"headline\"  >Acerca del taller<\/h3><div class='special-heading-border'><div class='special-heading-inner-border' ><\/div><\/div><\/div><br \/>\n<div class='avia-data-table-wrap avia_responsive_table'><table class='avia-table avia-data-table avia-table-2  avia_pricing_default'  itemscope=\"itemscope\" itemtype=\"https:\/\/schema.org\/Table\" ><tbody><tr class='avia-heading-row'><th class=''>LISTA DE SELECCIONADOS<\/th><\/tr><tr class=''><td class=''>Am\u00e9rico Jonathan Castillo Hern\u00e1ndez<\/p>\n<p>Itzel Quiroz Chimal<\/p>\n<p>Diana Gabriela Mart\u00ednez Ortega<\/p>\n<p>Osvaldo L\u00f3pez Mart\u00ednez<\/p>\n<p>V\u00edctor Cruz L\u00f3pez<\/p>\n<p>Laura Jimena Zavala Lozada<\/p>\n<p>Pablo Mekler Schvartzman<\/p>\n<p>Pamela Itzel Mart\u00ednez Meza<\/p>\n<p>Alonso S\u00e1nchez Ruiz<\/p>\n<p>Agust\u00edn L\u00f3pez Jr<\/p>\n<p>Monserrat Villalobos Enr\u00edquez<\/p>\n<p>Manuel Hern\u00e1ndez Arango<\/p>\n<p>Metztli Elizabeth Ju\u00e1rez Osorio<\/p>\n<p>Fernanda Santib\u00e1\u00f1ez Maldonado<\/p>\n<p>Binizaa Mariana Alonso Hern\u00e1ndez<\/p>\n<p>Alma Yoari C. L\u00f3pez<\/p>\n<p>Jos\u00e9 Alberto Hern\u00e1ndez L\u00f3pez<\/p>\n<p>Alan L\u00f3pez Ruiz<\/td><\/tr><\/tbody><\/table><\/div><style type='text\/css'>.avia-table-2 td:nth-of-type(1):before { content: 'LISTA DE SELECCIONADOS'; } <\/style><br \/>\n<div class='avia-data-table-wrap avia_responsive_table'><table class='avia-table avia-data-table avia-table-3  avia_pricing_default'  itemscope=\"itemscope\" itemtype=\"https:\/\/schema.org\/Table\" ><tbody><tr class='avia-heading-row'><th class=''>Descripci\u00f3n general<\/th><\/tr><tr class=''><td class=''>Es urgente descentralizar desde d\u00f3nde se cuentan las historias. Necesitamos revalorizar lo \u00edntimo y lo cotidiano como espacios pol\u00edticos. Porque al comprendernos, podemos mirar al otro y a nuestra comunidad con mayor profundidad. Y porque hoy m\u00e1s que nunca, cuando las im\u00e1genes se producen de forma vertiginosa y a menudo sin conciencia colectiva, es vital diversificar las narrativas que construyen nuestra mirada del mundo.<br \/>\n<\/td><\/tr><tr class='avia-heading-row'><th class=''>Objetivo general<\/th><\/tr><tr class=''><td class=''>Explorar la fotograf\u00eda como herramienta de investigaci\u00f3n personal, pol\u00edtica y creativa, promoviendo enfoques no convencionales que integren lo documental, lo experimental y lo perform\u00e1tico, fomentando procesos de narraci\u00f3n desde territorios \u00edntimos y diversos.<br \/>\n<\/td><\/tr><tr class='avia-heading-row'><th class=''>Objetivos espec\u00edficos<\/th><\/tr><tr class=''><td class=''>&#8211; Revisar referentes visuales que han influido en la construcci\u00f3n de una mirada fotogr\u00e1fica personal y cr\u00edtica.<br \/>\n&#8211; Invitar a las y los participantes a repensar sus espacios personales como escenarios posibles para la creaci\u00f3n fotogr\u00e1fica.<br \/>\n&#8211; Ejercitar formas de narraci\u00f3n visual que escapen del formato documental tradicional y se abran a lo experimental o perform\u00e1tico.<br \/>\n&#8211; Estimular el desarrollo de proyectos personales que puedan iniciar o avanzar durante el taller, sin buscar resultados cerrados.<br \/>\n&#8211; Brindar herramientas pr\u00e1cticas para la b\u00fasqueda de financiamiento a trav\u00e9s de convocatorias y becas culturales.<br \/>\n<\/td><\/tr><tr class='avia-heading-row'><th class=''>Temas<\/th><\/tr><tr class=''><td class=''>D\u00eda 1 \u2013 Introducci\u00f3n: El territorio propio<br \/>\nPresentaci\u00f3n del grupo y del taller<br \/>\nReferencias visuales y trabajos que han marcado tu camino (abrir di\u00e1logo)<br \/>\nEjercicio: \u00bfQu\u00e9 im\u00e1genes me formaron? (traer 3 fotos personales o ajenas que conecten con su historia)<br \/>\nExploraci\u00f3n libre con la c\u00e1mara en espacios personales o cercanos<\/p>\n<p>D\u00eda 2 \u2013 La fotograf\u00eda m\u00e1s all\u00e1 del documento<br \/>\nCharla: L\u00edmites del documental \/ lo perform\u00e1tico \/ lo experimental<br \/>\nEjercicio pr\u00e1ctico: intervenci\u00f3n m\u00ednima de un espacio o gesto cotidiano<br \/>\nRevisi\u00f3n y conversaci\u00f3n grupal de resultados<\/p>\n<p>D\u00eda 3 \u2013 Ensayo fotogr\u00e1fico y narrativa personal<br \/>\n\u00bfC\u00f3mo contar sin narrar literalmente?<br \/>\nEjercicio: mini fotoensayo de 3 a 5 im\u00e1genes sobre una emoci\u00f3n, un recuerdo o una intuici\u00f3n<br \/>\nRevisi\u00f3n y retroalimentaci\u00f3n en grupos peque\u00f1os<\/p>\n<p>D\u00eda 4 \u2013 Caminos posibles para proyectos personales<br \/>\nSesi\u00f3n informativa: becas, convocatorias y formas de fondeo (experiencias propias, consejos)<br \/>\nEjercicio: escribir en 30 minutos una idea de proyecto que les gustar\u00eda desarrollar (aunque no est\u00e9 resuelta)<br \/>\nRevisi\u00f3n y comentarios grupales o individuales<\/p>\n<p>D\u00eda 5 \u2013 Cierre: El comienzo de algo<br \/>\nConversaci\u00f3n final sobre los hallazgos del taller<br \/>\nPresentaci\u00f3n libre de los avances de proyectos<br \/>\nCarta o declaraci\u00f3n personal sobre \u201cc\u00f3mo quiero mirar de ahora en adelante\u201d<\/td><\/tr><\/tbody><\/table><\/div><style type='text\/css'>.avia-table-3 td:nth-of-type(1):before { content: 'Descripci\u00f3n general'; } <\/style><br \/>\n<div style='padding-bottom:10px;font-size:30px;' class='av-special-heading av-special-heading-h3  blockquote modern-quote   av-inherit-size'><h3 class='av-special-heading-tag'  itemprop=\"headline\"  >Requisitos de inscripci\u00f3n<\/h3><div class='special-heading-border'><div class='special-heading-inner-border' ><\/div><\/div><\/div><br \/>\n<div class='avia-data-table-wrap avia_responsive_table'><table class='avia-table avia-data-table avia-table-4  avia_pricing_default'  itemscope=\"itemscope\" itemtype=\"https:\/\/schema.org\/Table\" ><tbody><tr class='avia-heading-row'><th class=''>&#8211; Fot\u00f3grafos y fot\u00f3grafas de nivel medio e intermedio que busquen iniciar proyectos de mediano o largo aliento, que tengan conocimientos de fotograf\u00eda b\u00e1sicos.<\/th><\/tr><tr class=''><td class=''>&#8211; Breve carta de motivaci\u00f3n (m\u00e1x. 1 cuartilla)<br \/>\n&#8211; Portafolio (m\u00e1x. 10 im\u00e1genes o un PDF)<br \/>\n&#8211; Datos personales de contacto<br \/>\n&#8211; Si tienes inter\u00e9s deber\u00e1s llenar el formulario con los datos completos que se encuentra en esta p\u00e1gina.<br \/>\n&#8211; La lista de seleccionados se publicar\u00e1 en esta p\u00e1gina, tambi\u00e9n se les notificar\u00e1 v\u00eda correo electr\u00f3nico con los detalles de la actividad.<br \/>\n&#8211; Actividad gratuita.<br \/>\n&#8211; Los talleristas ser\u00e1n los responsables de realizar la selecci\u00f3n de alumnos bajo sus criterios.<br \/>\n<\/td><\/tr><\/tbody><\/table><\/div><style type='text\/css'>.avia-table-4 td:nth-of-type(1):before { content: '\u2013 Fot\u00f3grafos y fot\u00f3grafas de nivel medio e intermedio que busquen iniciar proyectos de mediano o largo aliento, que tengan conocimientos de fotograf\u00eda b\u00e1sicos.'; } <\/style><br \/>\n<div class='avia-data-table-wrap avia_responsive_table'><table class='avia-table avia-data-table avia-table-5  avia_pricing_default'  itemscope=\"itemscope\" itemtype=\"https:\/\/schema.org\/Table\" ><tbody><tr class='avia-heading-row'><th class=''>Material que se le solicitar\u00e1 al alumno(a)<\/th><\/tr><tr class=''><td class=''>&#8211; C\u00e1mara fotogr\u00e1fica digital o An\u00e1loga (En caso de llevar c\u00e1mara an\u00e1loga llevar el celular para realizar las mismas fotografia y poder hacer una revisi\u00f3n con resultados posibles de la c\u00e1mara an\u00e1loga)<br \/>\n&#8211; Libreta \/ Pluma o l\u00e1piz<br \/>\n<\/td><\/tr><\/tbody><\/table><\/div><style type='text\/css'>.avia-table-5 td:nth-of-type(1):before { content: 'Material que se le solicitar\u00e1 al alumno(a)'; } <\/style><br \/>\n<div class='avia-data-table-wrap avia_responsive_table'><table class='avia-table avia-data-table avia-table-6  avia_pricing_default'  itemscope=\"itemscope\" itemtype=\"https:\/\/schema.org\/Table\" ><tbody><tr class='avia-heading-row'><th class=''>Nota para los seleccionados<\/th><\/tr><tr class=''><td class=''>&#8211; Clases presenciales en Tele aula del CaSa<br \/>\n&#8211; Se dejar\u00e1n ejercicios espec\u00edficos a cada estudiante, es fundamental realizarlos para continuar con la siguiente clase.<br \/>\n&#8211; Tener el compromiso y el tiempo para llevar a cabo el taller, ya que las inasistencias injustificadas ser\u00e1n motivo de suspensi\u00f3n y no podr\u00e1 ingresar a talleres futuros.<br \/>\n&#8211; Durante el taller nos estaremos comunicando por medio de mensajes en un grupo de WhatsApp, por ser una herramienta m\u00e1s r\u00e1pida para poder tener una mejor comunicaci\u00f3n con lo que respecta al taller.<br \/>\n<\/td><\/tr><\/tbody><\/table><\/div><style type='text\/css'>.avia-table-6 td:nth-of-type(1):before { content: 'Nota para los seleccionados'; } <\/style><br \/>\n<div id='av-masonry-1' class='av-masonry noHover av-fixed-size av-large-gap av-hover-overlay-active av-masonry-col-flexible av-caption-always av-caption-style- av-masonry-gallery  '  ><div class='av-masonry-container isotope av-js-disabled ' ><div class='av-masonry-entry isotope-item av-masonry-item-no-image '><\/div><a href=\"https:\/\/casa.oaxaca.gob.mx\/wp-content\/uploads\/2025\/05\/13-687x1030.jpg\" id='av-masonry-1-item-15741' data-av-masonry-item='15741' class='av-masonry-entry isotope-item post-15741 attachment type-attachment status-inherit hentry  av-masonry-item-with-image' title=\"\"  itemprop=\"thumbnailUrl\" ><div class='av-inner-masonry-sizer'><\/div><figure class='av-inner-masonry main_color'><div class=\"av-masonry-outerimage-container\"><div class=\"av-masonry-image-container\" style=\"background-image: url(https:\/\/casa.oaxaca.gob.mx\/wp-content\/uploads\/2025\/05\/13-470x705.jpg);\"><img decoding=\"async\" src=\"https:\/\/casa.oaxaca.gob.mx\/wp-content\/uploads\/2025\/05\/13-470x705.jpg\" title=\"13\" alt=\"\" \/><\/div><\/div><\/figure><\/a><!--end av-masonry entry--><a href=\"https:\/\/casa.oaxaca.gob.mx\/wp-content\/uploads\/2025\/05\/L1000985-685x1030.jpg\" id='av-masonry-1-item-15742' data-av-masonry-item='15742' class='av-masonry-entry isotope-item post-15742 attachment type-attachment status-inherit hentry  av-masonry-item-with-image' title=\"\"  itemprop=\"thumbnailUrl\" ><div class='av-inner-masonry-sizer'><\/div><figure class='av-inner-masonry main_color'><div class=\"av-masonry-outerimage-container\"><div class=\"av-masonry-image-container\" style=\"background-image: url(https:\/\/casa.oaxaca.gob.mx\/wp-content\/uploads\/2025\/05\/L1000985-469x705.jpg);\"><img decoding=\"async\" src=\"https:\/\/casa.oaxaca.gob.mx\/wp-content\/uploads\/2025\/05\/L1000985-469x705.jpg\" title=\"L1000985\" alt=\"\" \/><\/div><\/div><\/figure><\/a><!--end av-masonry entry--><a href=\"https:\/\/casa.oaxaca.gob.mx\/wp-content\/uploads\/2025\/05\/L1010373-1030x666.jpg\" id='av-masonry-1-item-15743' data-av-masonry-item='15743' class='av-masonry-entry isotope-item post-15743 attachment type-attachment status-inherit hentry  av-masonry-item-with-image' title=\"\"  itemprop=\"thumbnailUrl\" ><div class='av-inner-masonry-sizer'><\/div><figure class='av-inner-masonry main_color'><div class=\"av-masonry-outerimage-container\"><div class=\"av-masonry-image-container\" style=\"background-image: url(https:\/\/casa.oaxaca.gob.mx\/wp-content\/uploads\/2025\/05\/L1010373-705x456.jpg);\"><img decoding=\"async\" src=\"https:\/\/casa.oaxaca.gob.mx\/wp-content\/uploads\/2025\/05\/L1010373-705x456.jpg\" title=\"L1010373\" alt=\"\" \/><\/div><\/div><\/figure><\/a><!--end av-masonry entry--><a href=\"https:\/\/casa.oaxaca.gob.mx\/wp-content\/uploads\/2025\/05\/L1010929-1030x685.jpg\" id='av-masonry-1-item-15744' data-av-masonry-item='15744' class='av-masonry-entry isotope-item post-15744 attachment type-attachment status-inherit hentry  av-masonry-item-with-image' title=\"\"  itemprop=\"thumbnailUrl\" ><div class='av-inner-masonry-sizer'><\/div><figure class='av-inner-masonry main_color'><div class=\"av-masonry-outerimage-container\"><div class=\"av-masonry-image-container\" style=\"background-image: url(https:\/\/casa.oaxaca.gob.mx\/wp-content\/uploads\/2025\/05\/L1010929-705x469.jpg);\"><img decoding=\"async\" src=\"https:\/\/casa.oaxaca.gob.mx\/wp-content\/uploads\/2025\/05\/L1010929-705x469.jpg\" title=\"L1010929\" alt=\"\" \/><\/div><\/div><\/figure><\/a><!--end av-masonry entry--><\/div><\/div><\/p><\/div>\n","protected":false},"excerpt":{"rendered":"","protected":false},"author":1,"featured_media":15739,"comment_status":"open","ping_status":"open","sticky":false,"template":"","format":"standard","meta":{"_exactmetrics_skip_tracking":false,"_exactmetrics_sitenote_active":false,"_exactmetrics_sitenote_note":"","_exactmetrics_sitenote_category":0,"footnotes":""},"categories":[204],"tags":[],"class_list":["post-15737","post","type-post","status-publish","format-standard","has-post-thumbnail","hentry","category-204"],"_links":{"self":[{"href":"https:\/\/casa.oaxaca.gob.mx\/index.php?rest_route=\/wp\/v2\/posts\/15737","targetHints":{"allow":["GET"]}}],"collection":[{"href":"https:\/\/casa.oaxaca.gob.mx\/index.php?rest_route=\/wp\/v2\/posts"}],"about":[{"href":"https:\/\/casa.oaxaca.gob.mx\/index.php?rest_route=\/wp\/v2\/types\/post"}],"author":[{"embeddable":true,"href":"https:\/\/casa.oaxaca.gob.mx\/index.php?rest_route=\/wp\/v2\/users\/1"}],"replies":[{"embeddable":true,"href":"https:\/\/casa.oaxaca.gob.mx\/index.php?rest_route=%2Fwp%2Fv2%2Fcomments&post=15737"}],"version-history":[{"count":4,"href":"https:\/\/casa.oaxaca.gob.mx\/index.php?rest_route=\/wp\/v2\/posts\/15737\/revisions"}],"predecessor-version":[{"id":16710,"href":"https:\/\/casa.oaxaca.gob.mx\/index.php?rest_route=\/wp\/v2\/posts\/15737\/revisions\/16710"}],"wp:featuredmedia":[{"embeddable":true,"href":"https:\/\/casa.oaxaca.gob.mx\/index.php?rest_route=\/wp\/v2\/media\/15739"}],"wp:attachment":[{"href":"https:\/\/casa.oaxaca.gob.mx\/index.php?rest_route=%2Fwp%2Fv2%2Fmedia&parent=15737"}],"wp:term":[{"taxonomy":"category","embeddable":true,"href":"https:\/\/casa.oaxaca.gob.mx\/index.php?rest_route=%2Fwp%2Fv2%2Fcategories&post=15737"},{"taxonomy":"post_tag","embeddable":true,"href":"https:\/\/casa.oaxaca.gob.mx\/index.php?rest_route=%2Fwp%2Fv2%2Ftags&post=15737"}],"curies":[{"name":"wp","href":"https:\/\/api.w.org\/{rel}","templated":true}]}}