{"id":15752,"date":"2025-05-13T17:33:24","date_gmt":"2025-05-13T23:33:24","guid":{"rendered":"https:\/\/casa.oaxaca.gob.mx\/?p=15752"},"modified":"2026-01-22T13:51:25","modified_gmt":"2026-01-22T19:51:25","slug":"taller-presencial-retrato-fotografico-mas-alla-del-rostro-imparte-alejandro-cabrera","status":"publish","type":"post","link":"https:\/\/casa.oaxaca.gob.mx\/?p=15752","title":{"rendered":"Taller presencial. Retrato fotogr\u00e1fico: M\u00e1s all\u00e1 del rostro. Imparte: Alejandro Cabrera."},"content":{"rendered":"<\/div><\/div><\/div><!-- close content main div --><\/div><\/div><div id='av_section_1' class='avia-section main_color avia-section-no-padding avia-no-border-styling avia-full-stretch av-parallax-section avia-bg-style-parallax  av-minimum-height av-minimum-height-75 container_wrap fullsize'  data-section-bg-repeat='stretch' ><div class='av-parallax' data-avia-parallax-ratio='0.3' ><div class='av-parallax-inner main_color  avia-full-stretch' style = 'background-repeat: no-repeat; background-image: url(https:\/\/casa.oaxaca.gob.mx\/wp-content\/uploads\/2025\/05\/retrato-scaled.jpg); background-attachment: scroll; background-position: bottom center; ' ><\/div><\/div><div class='container' ><div class='template-page content  av-content-full alpha units'><div class='post-entry post-entry-type-page post-entry-15752'><div class='entry-content-wrapper clearfix'>\n<div style='padding-bottom:10px;color:#ffffff;font-size:50px;' class='av-special-heading av-special-heading-h3 custom-color-heading blockquote modern-quote  av-inherit-size'><h3 class='av-special-heading-tag'  itemprop=\"headline\"  >Taller presencial. Retrato fotogr\u00e1fico: m\u00e1s all\u00e1 del rostro<\/h3><div class ='av-subheading av-subheading_below av_custom_color' style='font-size:25px;'><p>Imparte: Alejandro Cabrera Gonz\u00e1lez<\/p>\n<\/div><div class='special-heading-border'><div class='special-heading-inner-border' style='border-color:#ffffff'><\/div><\/div><\/div>\n\n<\/div><\/div><\/div><!-- close content main div --><\/div><\/div><div id='av-layout-grid-1' class='av-layout-grid-container entry-content-wrapper main_color av-flex-cells  container_wrap fullsize'   >\n<div class=\"flex_cell no_margin av_one_full   \" style='vertical-align:top; padding:30px; background-color:#ED9600; '><div class='flex_cell_inner' ><p><div class=\"flex_column av_one_fourth  flex_column_div av-zero-column-padding first  \" style='border-radius:0px; '><div style='padding-bottom:10px;color:#ffffff;' class='av-special-heading av-special-heading-h3 custom-color-heading blockquote modern-quote '><h3 class='av-special-heading-tag'  itemprop=\"headline\"  >Cierre de inscripciones<\/h3><div class ='av-subheading av-subheading_below av_custom_color' style='font-size:20px;'><p>Lunes 19 de mayo de 2025<\/p>\n<p>Publicaci\u00f3n de resultados<br \/>\nMi\u00e9rcoles 21 de mayo de 2025<\/p>\n<\/div><div class='special-heading-border'><div class='special-heading-inner-border' style='border-color:#ffffff'><\/div><\/div><\/div><\/div><div class=\"flex_column av_one_fourth  flex_column_div av-zero-column-padding   \" style='border-radius:0px; '><div style='padding-bottom:10px;color:#ffffff;' class='av-special-heading av-special-heading-h3 custom-color-heading blockquote modern-quote '><h3 class='av-special-heading-tag'  itemprop=\"headline\"  >Fechas<\/h3><div class ='av-subheading av-subheading_below av_custom_color' style='font-size:20px;'><p>Lunes a viernes<br \/>\nDel 26 al 30 de mayo de 2025<\/p>\n<\/div><div class='special-heading-border'><div class='special-heading-inner-border' style='border-color:#ffffff'><\/div><\/div><\/div><\/div><div class=\"flex_column av_one_fourth  flex_column_div av-zero-column-padding   \" style='border-radius:0px; '><div style='padding-bottom:10px;color:#ffffff;' class='av-special-heading av-special-heading-h3 custom-color-heading blockquote modern-quote  '><h3 class='av-special-heading-tag'  itemprop=\"headline\"  >Horario<\/h3><div class ='av-subheading av-subheading_below av_custom_color' style='font-size:20px;'><p>De 10 a 14 horas<\/p>\n<\/div><div class='special-heading-border'><div class='special-heading-inner-border' style='border-color:#ffffff'><\/div><\/div><\/div><\/div><div class=\"flex_column av_one_fourth  flex_column_div av-zero-column-padding   \" style='border-radius:0px; '><section class=\"avia_codeblock_section avia_code_block_0\"  itemscope=\"itemscope\" itemtype=\"https:\/\/schema.org\/BlogPosting\" itemprop=\"blogPost\" ><div class='avia_codeblock '  itemprop=\"text\" > [avia_codeblock_placeholder uid=\"0\"] <\/div><\/section><\/div><\/p>\n<\/div><\/div>\n<\/div>\n<div class=\"flex_column av_two_fifth  flex_column_div av-zero-column-padding first  \" style='border-radius:0px; '><p><div class='av-social-sharing-box '><div class='av-share-box'><h5 class='av-share-link-description'>Compartir esta actividad<\/h5><ul class='av-share-box-list noLightbox'><li class='av-share-link av-social-link-facebook' ><a target='_blank' href='http:\/\/www.facebook.com\/sharer.php?u=https:\/\/casa.oaxaca.gob.mx\/?p=15752&amp;t=Taller%20presencial.%20Retrato%20fotogr%C3%A1fico%3A%20M%C3%A1s%20all%C3%A1%20del%20rostro.%20Imparte%3A%20Alejandro%20Cabrera.' aria-hidden='true' data-av_icon='\ue8f3' data-av_iconfont='entypo-fontello' title='' data-avia-related-tooltip='Share on Facebook'><span class='avia_hidden_link_text'>Share on Facebook<\/span><\/a><\/li><li class='av-share-link av-social-link-twitter' ><a target='_blank' href='https:\/\/twitter.com\/share?text=Taller%20presencial.%20Retrato%20fotogr%C3%A1fico%3A%20M%C3%A1s%20all%C3%A1%20del%20rostro.%20Imparte%3A%20Alejandro%20Cabrera.&url=https:\/\/casa.oaxaca.gob.mx\/?p=15752' aria-hidden='true' data-av_icon='\ue8f1' data-av_iconfont='entypo-fontello' title='' data-avia-related-tooltip='Share on Twitter'><span class='avia_hidden_link_text'>Share on Twitter<\/span><\/a><\/li><li class='av-share-link av-social-link-gplus' ><a target='_blank' href='https:\/\/plus.google.com\/share?url=https:\/\/casa.oaxaca.gob.mx\/?p=15752' aria-hidden='true' data-av_icon='\ue8f6' data-av_iconfont='entypo-fontello' title='' data-avia-related-tooltip='Share on Google+'><span class='avia_hidden_link_text'>Share on Google+<\/span><\/a><\/li><li class='av-share-link av-social-link-pinterest' ><a target='_blank' href='http:\/\/pinterest.com\/pin\/create\/button\/?url=https%3A%2F%2Fcasa.oaxaca.gob.mx%2F%3Fp%3D15752&amp;description=Taller%20presencial.%20Retrato%20fotogr%C3%A1fico%3A%20M%C3%A1s%20all%C3%A1%20del%20rostro.%20Imparte%3A%20Alejandro%20Cabrera.&amp;media=https%3A%2F%2Fcasa.oaxaca.gob.mx%2Fwp-content%2Fuploads%2F2025%2F05%2Fc-retrato-705x484.jpg' aria-hidden='true' data-av_icon='\ue8f8' data-av_iconfont='entypo-fontello' title='' data-avia-related-tooltip='Share on Pinterest'><span class='avia_hidden_link_text'>Share on Pinterest<\/span><\/a><\/li><li class='av-share-link av-social-link-mail' ><a  href='mailto:?subject=Taller%20presencial.%20Retrato%20fotogr%C3%A1fico%3A%20M%C3%A1s%20all%C3%A1%20del%20rostro.%20Imparte%3A%20Alejandro%20Cabrera.&amp;body=https:\/\/casa.oaxaca.gob.mx\/?p=15752' aria-hidden='true' data-av_icon='\ue805' data-av_iconfont='entypo-fontello' title='' data-avia-related-tooltip='Share by Mail'><span class='avia_hidden_link_text'>Share by Mail<\/span><\/a><\/li><\/ul><\/div><\/div><br \/>\n<div  class='hr hr-default '><span class='hr-inner ' ><span class='hr-inner-style'><\/span><\/span><\/div><br \/>\n<div style='padding-bottom:10px;font-size:30px;' class='av-special-heading av-special-heading-h3  blockquote modern-quote  av-inherit-size'><h3 class='av-special-heading-tag'  itemprop=\"headline\"  >Sobre el tallerista<\/h3><div class='special-heading-border'><div class='special-heading-inner-border' ><\/div><\/div><\/div><br \/>\n<div class='avia-data-table-wrap avia_responsive_table'><table class='avia-table avia-data-table avia-table-1  avia_pricing_default'  itemscope=\"itemscope\" itemtype=\"https:\/\/schema.org\/Table\" ><tbody><tr class='avia-heading-row'><th class=''>Alejandro Cabrera Gonz\u00e1lez (Veracruz, M\u00e9xico)<\/th><\/tr><tr class=''><td class=''>Es Maestro en Fotograf\u00eda y Estudios Visuales por el Centro ADM de la Ciudad de M\u00e9xico (2024).<\/p>\n<p>Seleccionado en la convocatoria PhotoVogue Panorama Latin America 2024, ganador del premio Nuevos Talentos POY LATAM 2023 y seleccionado en la XIX Bienal de Fotograf\u00eda del Centro de la Imagen CDMX 2021.<\/p>\n<p>Ha expuesto su trabajo en M\u00e9xico, Italia, Brasil, Francia, Estados Unidos, Colombia, Espa\u00f1a, Argentina y Uruguay. Particip\u00f3 en el Programa de artes visuales\/fotograf\u00eda Proyecto Imaginario de Argentina (2023- 2024). Desde el 2022 imparte talleres de fotograf\u00eda en retrato, autorretrato, proyectos fotogr\u00e1ficos personales y fotograf\u00eda contempor\u00e1nea. En el 2023 se hizo acreedor a una residencia art\u00edstica en el CaSa (Centro de las Artes de San Agust\u00edn) Oaxaca, M\u00e9xico en la revisi\u00f3n de portafolios del festival \u201cMirar Distinto\u201d en Veracruz y ese mismo a\u00f1o fue beneficiario del Programa J\u00f3venes Creadores (antes FONCA) en la especialidad de fotograf\u00eda.<\/td><\/tr><\/tbody><\/table><\/div><style type='text\/css'>.avia-table-1 td:nth-of-type(1):before { content: 'Alejandro Cabrera Gonz\u00e1lez (Veracruz, M\u00e9xico)'; } <\/style><\/p><\/div>\n<div class=\"flex_column av_three_fifth  flex_column_div av-zero-column-padding   \" style='border-radius:0px; '><p><div style='padding-bottom:10px;font-size:30px;' class='av-special-heading av-special-heading-h3  blockquote modern-quote   av-inherit-size'><h3 class='av-special-heading-tag'  itemprop=\"headline\"  >Acerca del taller<\/h3><div class='special-heading-border'><div class='special-heading-inner-border' ><\/div><\/div><\/div><br \/>\n<div class='avia-data-table-wrap avia_responsive_table'><table class='avia-table avia-data-table avia-table-2  avia_pricing_default'  itemscope=\"itemscope\" itemtype=\"https:\/\/schema.org\/Table\" ><tbody><tr class='avia-heading-row'><th class=''>LISTA DE SELECCIONADOS<\/th><\/tr><tr class=''><td class=''>Gabriela Silva Nicol\u00e1s<\/p>\n<p>Miguel Jes\u00fas Arellanes Mart\u00ednez<\/p>\n<p>Joyce Levi Valencia Balseca<\/p>\n<p>David Montiel Azocar<\/p>\n<p>Jes\u00fas Diego Vargas Moreno<\/p>\n<p>Frida Danely Corona Ram\u00edrez<\/p>\n<p>Josu\u00e9 Misael Bravo Peralta<\/p>\n<p>Isaac Medina Vergara<\/p>\n<p>Am\u00e9rico Jonathan Castillo Hern\u00e1ndez<\/p>\n<p>Oscar Iv\u00e1n Salazar Ruiz<\/p>\n<p>Jonathan gilbert Ruiz Olmos<\/p>\n<p>Deyanira karemy Taboada P\u00e9rez<\/p>\n<p>Tsoakjiele Sof\u00eda Moreno Cerqueda<\/p>\n<p>Leonardo Samuel Cordero Estrada<\/p>\n<p>Daniela S\u00e1nchez S\u00e1nchez<\/p>\n<p>Fernanda Santib\u00e1\u00f1ez Maldonado<br \/>\n<\/td><\/tr><\/tbody><\/table><\/div><style type='text\/css'>.avia-table-2 td:nth-of-type(1):before { content: 'LISTA DE SELECCIONADOS'; } <\/style><br \/>\n<div class='avia-data-table-wrap avia_responsive_table'><table class='avia-table avia-data-table avia-table-3  avia_pricing_default'  itemscope=\"itemscope\" itemtype=\"https:\/\/schema.org\/Table\" ><tbody><tr class='avia-heading-row'><th class=''>Descripci\u00f3n general<\/th><\/tr><tr class=''><td class=''>El retrato fotogr\u00e1fico es un g\u00e9nero que va m\u00e1s all\u00e1 de la mera reproducci\u00f3n visual de alguien, nos narra las historias de las personas. En este taller exploraremos desde la t\u00e9cnica hasta la forma en que entablamos conexi\u00f3n con el otro para capturar su esencia, historia y estado de \u00e1nimo.<\/p>\n<p>A trav\u00e9s de la observaci\u00f3n de grandes fot\u00f3grafos del g\u00e9nero conoceremos las posibilidades que nos brinda el retrato fotogr\u00e1fico, adem\u00e1s de asignaciones espec\u00edficas para trabajar y practicar en campo.<\/td><\/tr><tr class='avia-heading-row'><th class=''>Objetivo general<\/th><\/tr><tr class=''><td class=''>Ofrecer al participante una visi\u00f3n amplia y profunda en torno al retrato fotogr\u00e1fico con el fin de que los asistentes puedan adquirir herramientas \u00fatiles para su quehacer creativo.<\/td><\/tr><tr class='avia-heading-row'><th class=''>Objetivos espec\u00edficos<\/th><\/tr><tr class=''><td class=''>&#8211; Conocer la historia vinculada a la relaci\u00f3n entre la fotograf\u00eda y el retrato.<br \/>\n-Ahondar en la relaci\u00f3n directa que tenemos con las personas retratadas y la necesidad de contar historias a trav\u00e9s del retrato.<br \/>\n-Analizar diferentes visiones del retrato fotogr\u00e1fico a partir del trabajo de autores y autoras dentro del g\u00e9nero.<br \/>\n&#8211; Conocer conceptos fotogr\u00e1ficos necesarios para trabajar el retrato y mediante ejercicios<br \/>\npr\u00e1cticos reflexionar sobre las diferentes posibilidades que nos ofrece este g\u00e9nero fotogr\u00e1fico.<br \/>\n<\/td><\/tr><tr class='avia-heading-row'><th class=''>Temas<\/th><\/tr><tr class=''><td class=''>Tema 1 El retrato fotogr\u00e1fico<br \/>\n1.1 Breve historia del retrato fotogr\u00e1fico<br \/>\n1.2 Lentes y sus posibilidades<br \/>\n1.3 Iluminaci\u00f3n<br \/>\n1.4 Planos fotogr\u00e1ficos<br \/>\n1.5 Retratos posados, espont\u00e1neos, ambientales<br \/>\n1.6 Exponentes del retrato fotogr\u00e1fico (1)<br \/>\n1.7 Revisi\u00f3n de portafolios<br \/>\n1.8 Primera asignaci\u00f3n<\/p>\n<p>Tema 2 La relaci\u00f3n entre fot\u00f3grafo y retratado<br \/>\n2.1 El retrato y sus necesidades (moda, documental, fotoperiodismo, calle, intimidad)<br \/>\n2.2 Pr\u00e1ctica y creaci\u00f3n de retratos en clase<br \/>\n2.3 Exponentes del retrato fotogr\u00e1fico (2)<br \/>\n2.4 Revisi\u00f3n de ejercicios hechos en clase<br \/>\n2.5 Revisi\u00f3n de primera asignaci\u00f3n<br \/>\n2.6 Segunda asignaci\u00f3n<\/p>\n<p>Tema 3<br \/>\n3.1 Color y blanco y negro<br \/>\n3.2 Narrar con im\u00e1genes<br \/>\n3.3 Pr\u00e1ctica y creaci\u00f3n de retratos en clase<br \/>\n3.4 Revisi\u00f3n de ejercicios hechos en clase<br \/>\n3.5 Revisi\u00f3n de segunda asignaci\u00f3n<br \/>\n3.6 Tercera asignaci\u00f3n<\/p>\n<p>Tema 4 Procesado de im\u00e1genes<br \/>\n4.1 Revelado y retoque b\u00e1sico de im\u00e1genes<br \/>\n4.2 Edici\u00f3n y acomodo de im\u00e1genes<\/p>\n<p>Tema 5 Conclusiones del taller<br \/>\n5.1 Revisi\u00f3n de resultados<\/td><\/tr><\/tbody><\/table><\/div><style type='text\/css'>.avia-table-3 td:nth-of-type(1):before { content: 'Descripci\u00f3n general'; } <\/style><br \/>\n<div style='padding-bottom:10px;font-size:30px;' class='av-special-heading av-special-heading-h3  blockquote modern-quote   av-inherit-size'><h3 class='av-special-heading-tag'  itemprop=\"headline\"  >Requisitos de inscripci\u00f3n<\/h3><div class='special-heading-border'><div class='special-heading-inner-border' ><\/div><\/div><\/div><br \/>\n<div class='avia-data-table-wrap avia_responsive_table'><table class='avia-table avia-data-table avia-table-4  avia_pricing_default'  itemscope=\"itemscope\" itemtype=\"https:\/\/schema.org\/Table\" ><tbody><tr class='avia-heading-row'><th class=''>Dirigido al p\u00fablico en general con inter\u00e9s en la fotograf\u00eda de retratos.<\/th><\/tr><tr class=''><td class=''>&#8211; Si tienes inter\u00e9s deber\u00e1s llenar el formulario con los datos completos que se encuentra en esta<br \/>\np\u00e1gina.<br \/>\n&#8211; La lista de seleccionados se publicar\u00e1 en esta p\u00e1gina, tambi\u00e9n se les notificar\u00e1 v\u00eda correo<br \/>\nelectr\u00f3nico con los detalles de la actividad.<br \/>\n&#8211; Actividad gratuita.<br \/>\n&#8211; Los talleristas ser\u00e1n los responsables de realizar la selecci\u00f3n de alumnos bajo sus criterios.<br \/>\n<\/td><\/tr><\/tbody><\/table><\/div><style type='text\/css'>.avia-table-4 td:nth-of-type(1):before { content: 'Dirigido al p\u00fablico en general con inter\u00e9s en la fotograf\u00eda de retratos.'; } <\/style><br \/>\n<div class='avia-data-table-wrap avia_responsive_table'><table class='avia-table avia-data-table avia-table-5  avia_pricing_default'  itemscope=\"itemscope\" itemtype=\"https:\/\/schema.org\/Table\" ><tbody><tr class='avia-heading-row'><th class=''>Material que se le solicitar\u00e1 al alumno(a)<\/th><\/tr><tr class=''><td class=''>C\u00e1mara fotogr\u00e1fica, traer tripi\u00e9 en caso de contar con un dispositivo electr\u00f3nico (laptop, tableta o celular) para el procesamiento y revelado b\u00e1sico de im\u00e1genes.<br \/>\n<\/td><\/tr><\/tbody><\/table><\/div><style type='text\/css'>.avia-table-5 td:nth-of-type(1):before { content: 'Material que se le solicitar\u00e1 al alumno(a)'; } <\/style><br \/>\n<div class='avia-data-table-wrap avia_responsive_table'><table class='avia-table avia-data-table avia-table-6  avia_pricing_default'  itemscope=\"itemscope\" itemtype=\"https:\/\/schema.org\/Table\" ><tbody><tr class='avia-heading-row'><th class=''>Nota para los seleccionados<\/th><\/tr><tr class=''><td class=''>&#8211; Clases presenciales en Laboratorio de fotograf\u00eda del CaSa<br \/>\n&#8211; Se dejar\u00e1n ejercicios espec\u00edficos a cada estudiante, es fundamental realizarlos para continuar con<br \/>\nla siguiente clase.<br \/>\n&#8211; Tener el compromiso y el tiempo para llevar a cabo el taller, ya que las inasistencias injustificadas<br \/>\nser\u00e1n motivo de suspensi\u00f3n y no podr\u00e1 ingresar a talleres futuros.<br \/>\n&#8211; Durante el taller nos estaremos comunicando por medio de mensajes en un grupo de WhatsApp,<br \/>\npor ser una herramienta m\u00e1s r\u00e1pida para poder tener una mejor comunicaci\u00f3n con lo que respecta al taller.<br \/>\n<\/td><\/tr><\/tbody><\/table><\/div><style type='text\/css'>.avia-table-6 td:nth-of-type(1):before { content: 'Nota para los seleccionados'; } <\/style><br \/>\n<div id='av-masonry-1' class='av-masonry noHover av-fixed-size av-large-gap av-hover-overlay-active av-masonry-col-flexible av-caption-always av-caption-style- av-masonry-gallery  '  ><div class='av-masonry-container isotope av-js-disabled ' ><div class='av-masonry-entry isotope-item av-masonry-item-no-image '><\/div><a href=\"https:\/\/casa.oaxaca.gob.mx\/wp-content\/uploads\/2025\/05\/MG_4903-copia-1-687x1030.jpg\" id='av-masonry-1-item-15762' data-av-masonry-item='15762' class='av-masonry-entry isotope-item post-15762 attachment type-attachment status-inherit hentry  av-masonry-item-with-image' title=\"\"  itemprop=\"thumbnailUrl\" ><div class='av-inner-masonry-sizer'><\/div><figure class='av-inner-masonry main_color'><div class=\"av-masonry-outerimage-container\"><div class=\"av-masonry-image-container\" style=\"background-image: url(https:\/\/casa.oaxaca.gob.mx\/wp-content\/uploads\/2025\/05\/MG_4903-copia-1-470x705.jpg);\"><img decoding=\"async\" src=\"https:\/\/casa.oaxaca.gob.mx\/wp-content\/uploads\/2025\/05\/MG_4903-copia-1-470x705.jpg\" title=\"_MG_4903-copia\" alt=\"\" \/><\/div><\/div><\/figure><\/a><!--end av-masonry entry--><a href=\"https:\/\/casa.oaxaca.gob.mx\/wp-content\/uploads\/2025\/05\/2.-Maita-en-las-sombras-1.jpg\" id='av-masonry-1-item-15763' data-av-masonry-item='15763' class='av-masonry-entry isotope-item post-15763 attachment type-attachment status-inherit hentry  av-masonry-item-with-image' title=\"\"  itemprop=\"thumbnailUrl\" ><div class='av-inner-masonry-sizer'><\/div><figure class='av-inner-masonry main_color'><div class=\"av-masonry-outerimage-container\"><div class=\"av-masonry-image-container\" style=\"background-image: url(https:\/\/casa.oaxaca.gob.mx\/wp-content\/uploads\/2025\/05\/2.-Maita-en-las-sombras-1-470x705.jpg);\"><img decoding=\"async\" src=\"https:\/\/casa.oaxaca.gob.mx\/wp-content\/uploads\/2025\/05\/2.-Maita-en-las-sombras-1-470x705.jpg\" title=\"2. Maita en las sombras\" alt=\"\" \/><\/div><\/div><\/figure><\/a><!--end av-masonry entry--><a href=\"https:\/\/casa.oaxaca.gob.mx\/wp-content\/uploads\/2025\/05\/Final-2web-1-1030x687.jpg\" id='av-masonry-1-item-15764' data-av-masonry-item='15764' class='av-masonry-entry isotope-item post-15764 attachment type-attachment status-inherit hentry  av-masonry-item-with-image' title=\"\"  itemprop=\"thumbnailUrl\" ><div class='av-inner-masonry-sizer'><\/div><figure class='av-inner-masonry main_color'><div class=\"av-masonry-outerimage-container\"><div class=\"av-masonry-image-container\" style=\"background-image: url(https:\/\/casa.oaxaca.gob.mx\/wp-content\/uploads\/2025\/05\/Final-2web-1-705x470.jpg);\"><img decoding=\"async\" src=\"https:\/\/casa.oaxaca.gob.mx\/wp-content\/uploads\/2025\/05\/Final-2web-1-705x470.jpg\" title=\"Final-2web\" alt=\"\" \/><\/div><\/div><\/figure><\/a><!--end av-masonry entry--><a href=\"https:\/\/casa.oaxaca.gob.mx\/wp-content\/uploads\/2025\/05\/Life-and-death-2-1-1030x687.jpg\" id='av-masonry-1-item-15765' data-av-masonry-item='15765' class='av-masonry-entry isotope-item post-15765 attachment type-attachment status-inherit hentry  av-masonry-item-with-image' title=\"\"  itemprop=\"thumbnailUrl\" ><div class='av-inner-masonry-sizer'><\/div><figure class='av-inner-masonry main_color'><div class=\"av-masonry-outerimage-container\"><div class=\"av-masonry-image-container\" style=\"background-image: url(https:\/\/casa.oaxaca.gob.mx\/wp-content\/uploads\/2025\/05\/Life-and-death-2-1-705x470.jpg);\"><img decoding=\"async\" src=\"https:\/\/casa.oaxaca.gob.mx\/wp-content\/uploads\/2025\/05\/Life-and-death-2-1-705x470.jpg\" title=\"Life-and-death-(2)\" alt=\"\" \/><\/div><\/div><\/figure><\/a><!--end av-masonry entry--><a href=\"https:\/\/casa.oaxaca.gob.mx\/wp-content\/uploads\/2025\/05\/Maita-y-el-vidrio-roto-1-686x1030.jpg\" id='av-masonry-1-item-15766' data-av-masonry-item='15766' class='av-masonry-entry isotope-item post-15766 attachment type-attachment status-inherit hentry  av-masonry-item-with-image' title=\"\"  itemprop=\"thumbnailUrl\" ><div class='av-inner-masonry-sizer'><\/div><figure class='av-inner-masonry main_color'><div class=\"av-masonry-outerimage-container\"><div class=\"av-masonry-image-container\" style=\"background-image: url(https:\/\/casa.oaxaca.gob.mx\/wp-content\/uploads\/2025\/05\/Maita-y-el-vidrio-roto-1-470x705.jpg);\"><img decoding=\"async\" src=\"https:\/\/casa.oaxaca.gob.mx\/wp-content\/uploads\/2025\/05\/Maita-y-el-vidrio-roto-1-470x705.jpg\" title=\"Maita-y-el-vidrio-roto\" alt=\"\" \/><\/div><\/div><\/figure><\/a><!--end av-masonry entry--><\/div><\/div><\/p><\/div>\n","protected":false},"excerpt":{"rendered":"","protected":false},"author":1,"featured_media":15754,"comment_status":"open","ping_status":"open","sticky":false,"template":"","format":"standard","meta":{"_exactmetrics_skip_tracking":false,"_exactmetrics_sitenote_active":false,"_exactmetrics_sitenote_note":"","_exactmetrics_sitenote_category":0,"footnotes":""},"categories":[204],"tags":[],"class_list":["post-15752","post","type-post","status-publish","format-standard","has-post-thumbnail","hentry","category-204"],"_links":{"self":[{"href":"https:\/\/casa.oaxaca.gob.mx\/index.php?rest_route=\/wp\/v2\/posts\/15752","targetHints":{"allow":["GET"]}}],"collection":[{"href":"https:\/\/casa.oaxaca.gob.mx\/index.php?rest_route=\/wp\/v2\/posts"}],"about":[{"href":"https:\/\/casa.oaxaca.gob.mx\/index.php?rest_route=\/wp\/v2\/types\/post"}],"author":[{"embeddable":true,"href":"https:\/\/casa.oaxaca.gob.mx\/index.php?rest_route=\/wp\/v2\/users\/1"}],"replies":[{"embeddable":true,"href":"https:\/\/casa.oaxaca.gob.mx\/index.php?rest_route=%2Fwp%2Fv2%2Fcomments&post=15752"}],"version-history":[{"count":3,"href":"https:\/\/casa.oaxaca.gob.mx\/index.php?rest_route=\/wp\/v2\/posts\/15752\/revisions"}],"predecessor-version":[{"id":15876,"href":"https:\/\/casa.oaxaca.gob.mx\/index.php?rest_route=\/wp\/v2\/posts\/15752\/revisions\/15876"}],"wp:featuredmedia":[{"embeddable":true,"href":"https:\/\/casa.oaxaca.gob.mx\/index.php?rest_route=\/wp\/v2\/media\/15754"}],"wp:attachment":[{"href":"https:\/\/casa.oaxaca.gob.mx\/index.php?rest_route=%2Fwp%2Fv2%2Fmedia&parent=15752"}],"wp:term":[{"taxonomy":"category","embeddable":true,"href":"https:\/\/casa.oaxaca.gob.mx\/index.php?rest_route=%2Fwp%2Fv2%2Fcategories&post=15752"},{"taxonomy":"post_tag","embeddable":true,"href":"https:\/\/casa.oaxaca.gob.mx\/index.php?rest_route=%2Fwp%2Fv2%2Ftags&post=15752"}],"curies":[{"name":"wp","href":"https:\/\/api.w.org\/{rel}","templated":true}]}}