{"id":15783,"date":"2025-05-14T10:30:39","date_gmt":"2025-05-14T16:30:39","guid":{"rendered":"https:\/\/casa.oaxaca.gob.mx\/?p=15783"},"modified":"2026-01-22T13:51:25","modified_gmt":"2026-01-22T19:51:25","slug":"taller-presencial-narrativa-visual-a-traves-de-los-fotolibros-ejercicios-de-produccion-edicion-y-diseno-imparte-judith-romero","status":"publish","type":"post","link":"https:\/\/casa.oaxaca.gob.mx\/?p=15783","title":{"rendered":"Taller presencial. Narrativa visual a trav\u00e9s de los fotolibros: ejercicios de producci\u00f3n, edici\u00f3n y dise\u00f1o. Imparte: Judith Romero."},"content":{"rendered":"<\/div><\/div><\/div><!-- close content main div --><\/div><\/div><div id='av_section_1' class='avia-section main_color avia-section-no-padding avia-no-border-styling avia-full-stretch av-parallax-section avia-bg-style-parallax  av-minimum-height av-minimum-height-75 container_wrap fullsize'  data-section-bg-repeat='stretch' ><div class='av-parallax' data-avia-parallax-ratio='0.3' ><div class='av-parallax-inner main_color  avia-full-stretch' style = 'background-repeat: no-repeat; background-image: url(https:\/\/casa.oaxaca.gob.mx\/wp-content\/uploads\/2025\/05\/fotolibro-scaled.jpg); background-attachment: scroll; background-position: bottom center; ' ><\/div><\/div><div class='container' ><div class='template-page content  av-content-full alpha units'><div class='post-entry post-entry-type-page post-entry-15783'><div class='entry-content-wrapper clearfix'>\n<div style='padding-bottom:10px;color:#ffffff;font-size:50px;' class='av-special-heading av-special-heading-h3 custom-color-heading blockquote modern-quote  av-inherit-size'><h3 class='av-special-heading-tag'  itemprop=\"headline\"  >Taller presencial. Narrativa visual a trav\u00e9s de los fotolibros: ejercicios de producci\u00f3n, edici\u00f3n y dise\u00f1o<\/h3><div class ='av-subheading av-subheading_below av_custom_color' style='font-size:25px;'><p>Imparte: Judith Romero<\/p>\n<\/div><div class='special-heading-border'><div class='special-heading-inner-border' style='border-color:#ffffff'><\/div><\/div><\/div>\n\n<\/div><\/div><\/div><!-- close content main div --><\/div><\/div><div id='av-layout-grid-1' class='av-layout-grid-container entry-content-wrapper main_color av-flex-cells  container_wrap fullsize'   >\n<div class=\"flex_cell no_margin av_one_full   \" style='vertical-align:top; padding:30px; background-color:#ED9600; '><div class='flex_cell_inner' ><p><div class=\"flex_column av_one_fourth  flex_column_div av-zero-column-padding first  \" style='border-radius:0px; '><div style='padding-bottom:10px;color:#ffffff;' class='av-special-heading av-special-heading-h3 custom-color-heading blockquote modern-quote  '><h3 class='av-special-heading-tag'  itemprop=\"headline\"  >Cierre de inscripciones<\/h3><div class ='av-subheading av-subheading_below av_custom_color' style='font-size:20px;'><p>Lunes 19 de mayo de 2025<\/p>\n<p>Publicaci\u00f3n de resultados<br \/>\nMi\u00e9rcoles 21 de mayo de 2025<\/p>\n<\/div><div class='special-heading-border'><div class='special-heading-inner-border' style='border-color:#ffffff'><\/div><\/div><\/div><\/div><div class=\"flex_column av_one_fourth  flex_column_div av-zero-column-padding   \" style='border-radius:0px; '><div style='padding-bottom:10px;color:#ffffff;' class='av-special-heading av-special-heading-h3 custom-color-heading blockquote modern-quote  '><h3 class='av-special-heading-tag'  itemprop=\"headline\"  >Fechas<\/h3><div class ='av-subheading av-subheading_below av_custom_color' style='font-size:20px;'><p>Lunes a viernes<br \/>\nDel 26 al 30 de mayo de 2025<\/p>\n<\/div><div class='special-heading-border'><div class='special-heading-inner-border' style='border-color:#ffffff'><\/div><\/div><\/div><\/div><div class=\"flex_column av_one_fourth  flex_column_div av-zero-column-padding   \" style='border-radius:0px; '><div style='padding-bottom:10px;color:#ffffff;' class='av-special-heading av-special-heading-h3 custom-color-heading blockquote modern-quote '><h3 class='av-special-heading-tag'  itemprop=\"headline\"  >Horario<\/h3><div class ='av-subheading av-subheading_below av_custom_color' style='font-size:20px;'><p>De 14 a 18 horas<\/p>\n<\/div><div class='special-heading-border'><div class='special-heading-inner-border' style='border-color:#ffffff'><\/div><\/div><\/div><\/div><div class=\"flex_column av_one_fourth  flex_column_div av-zero-column-padding   \" style='border-radius:0px; '><section class=\"avia_codeblock_section avia_code_block_0\"  itemscope=\"itemscope\" itemtype=\"https:\/\/schema.org\/BlogPosting\" itemprop=\"blogPost\" ><div class='avia_codeblock '  itemprop=\"text\" > [avia_codeblock_placeholder uid=\"0\"] <\/div><\/section><\/div><\/p>\n<\/div><\/div>\n<\/div>\n<div class=\"flex_column av_two_fifth  flex_column_div av-zero-column-padding first  \" style='border-radius:0px; '><p><div class='av-social-sharing-box '><div class='av-share-box'><h5 class='av-share-link-description'>Compartir esta actividad<\/h5><ul class='av-share-box-list noLightbox'><li class='av-share-link av-social-link-facebook' ><a target='_blank' href='http:\/\/www.facebook.com\/sharer.php?u=https:\/\/casa.oaxaca.gob.mx\/?p=15783&amp;t=Taller%20presencial.%20Narrativa%20visual%20a%20trav%C3%A9s%20de%20los%20fotolibros%3A%20ejercicios%20de%20producci%C3%B3n%2C%20edici%C3%B3n%20y%20dise%C3%B1o.%20Imparte%3A%20Judith%20Romero.' aria-hidden='true' data-av_icon='\ue8f3' data-av_iconfont='entypo-fontello' title='' data-avia-related-tooltip='Share on Facebook'><span class='avia_hidden_link_text'>Share on Facebook<\/span><\/a><\/li><li class='av-share-link av-social-link-twitter' ><a target='_blank' href='https:\/\/twitter.com\/share?text=Taller%20presencial.%20Narrativa%20visual%20a%20trav%C3%A9s%20de%20los%20fotolibros%3A%20ejercicios%20de%20producci%C3%B3n%2C%20edici%C3%B3n%20y%20dise%C3%B1o.%20Imparte%3A%20Judith%20Romero.&url=https:\/\/casa.oaxaca.gob.mx\/?p=15783' aria-hidden='true' data-av_icon='\ue8f1' data-av_iconfont='entypo-fontello' title='' data-avia-related-tooltip='Share on Twitter'><span class='avia_hidden_link_text'>Share on Twitter<\/span><\/a><\/li><li class='av-share-link av-social-link-gplus' ><a target='_blank' href='https:\/\/plus.google.com\/share?url=https:\/\/casa.oaxaca.gob.mx\/?p=15783' aria-hidden='true' data-av_icon='\ue8f6' data-av_iconfont='entypo-fontello' title='' data-avia-related-tooltip='Share on Google+'><span class='avia_hidden_link_text'>Share on Google+<\/span><\/a><\/li><li class='av-share-link av-social-link-pinterest' ><a target='_blank' href='http:\/\/pinterest.com\/pin\/create\/button\/?url=https%3A%2F%2Fcasa.oaxaca.gob.mx%2F%3Fp%3D15783&amp;description=Taller%20presencial.%20Narrativa%20visual%20a%20trav%C3%A9s%20de%20los%20fotolibros%3A%20ejercicios%20de%20producci%C3%B3n%2C%20edici%C3%B3n%20y%20dise%C3%B1o.%20Imparte%3A%20Judith%20Romero.&amp;media=https%3A%2F%2Fcasa.oaxaca.gob.mx%2Fwp-content%2Fuploads%2F2025%2F05%2Fc-fotolibro-705x484.jpg' aria-hidden='true' data-av_icon='\ue8f8' data-av_iconfont='entypo-fontello' title='' data-avia-related-tooltip='Share on Pinterest'><span class='avia_hidden_link_text'>Share on Pinterest<\/span><\/a><\/li><li class='av-share-link av-social-link-mail' ><a  href='mailto:?subject=Taller%20presencial.%20Narrativa%20visual%20a%20trav%C3%A9s%20de%20los%20fotolibros%3A%20ejercicios%20de%20producci%C3%B3n%2C%20edici%C3%B3n%20y%20dise%C3%B1o.%20Imparte%3A%20Judith%20Romero.&amp;body=https:\/\/casa.oaxaca.gob.mx\/?p=15783' aria-hidden='true' data-av_icon='\ue805' data-av_iconfont='entypo-fontello' title='' data-avia-related-tooltip='Share by Mail'><span class='avia_hidden_link_text'>Share by Mail<\/span><\/a><\/li><\/ul><\/div><\/div><br \/>\n<div  class='hr hr-default '><span class='hr-inner ' ><span class='hr-inner-style'><\/span><\/span><\/div><br \/>\n<div style='padding-bottom:10px;font-size:30px;' class='av-special-heading av-special-heading-h3  blockquote modern-quote  av-inherit-size'><h3 class='av-special-heading-tag'  itemprop=\"headline\"  >Sobre la tallerista<\/h3><div class='special-heading-border'><div class='special-heading-inner-border' ><\/div><\/div><\/div><br \/>\n<div class='avia-data-table-wrap avia_responsive_table'><table class='avia-table avia-data-table avia-table-1  avia_pricing_default'  itemscope=\"itemscope\" itemtype=\"https:\/\/schema.org\/Table\" ><tbody><tr class='avia-heading-row'><th class=''>Judith Romero (Oaxaca, M\u00e9xico)<\/th><\/tr><tr class=''><td class=''>Judith Romero (www.judithromero.mx) es fot\u00f3grafa y dise\u00f1adora editorial radicada en Oaxaca, M\u00e9xico. Su trabajo se centra en proyectos de fotograf\u00eda documental que abordan tem\u00e1ticas contempor\u00e1neas y sociales con un enfoque de g\u00e9nero. Explora tambi\u00e9n cuestiones relacionadas con el cuerpo, las identidades y las decisiones pol\u00edticas que las mujeres toman frente a los mandatos sociales. Su investigaci\u00f3n visual se ha desarrollado principalmente en comunidades ind\u00edgenas, afromexicanas y mestizas.<br \/>\nDurante ocho a\u00f1os, coordin\u00f3 la galer\u00eda de fotograf\u00eda \u201cResplandor\u201d, que promovi\u00f3 la difusi\u00f3n de la fotograf\u00eda latinoamericana. Adem\u00e1s, ha trabajado como dise\u00f1adora de revistas y libros de arte y fotograf\u00eda para diversas instituciones y artistas.<br \/>\nSu labor fotogr\u00e1fica ha sido reconocida con el Premio Iberoamericano Poy Latam en la categor\u00eda de &#8220;Proyectos de largo plazo&#8221;, as\u00ed como con el apoyo del Programa de Fomento a Proyectos y Coinversiones Culturales del Sistema de Apoyos a la Creaci\u00f3n y Proyectos Culturales. Tambi\u00e9n ha recibido el Premio \u201cFuera de Foco&#8221;. Fotograf\u00eda y Derechos Humanos\u201d otorgado por el Centro de la Imagen y la Direcci\u00f3n de Derechos Humanos. Ha presentado su trabajo en exposiciones individuales en M\u00e9xico, Chile, Eslovenia y Polonia.<br \/>\nSu m\u00e1s reciente fotolibro, Otras mujeres (2024), publicado por la editorial independiente argentina La Luminosa, es un proyecto documental realizado a lo largo de una d\u00e9cada que aborda la decisi\u00f3n de no tener hijos, desde una mirada profunda y reflexiva sobre las mujeres y sus experiencias.<\/td><\/tr><\/tbody><\/table><\/div><style type='text\/css'>.avia-table-1 td:nth-of-type(1):before { content: 'Judith Romero (Oaxaca, M\u00e9xico)'; } <\/style><\/p><\/div>\n<div class=\"flex_column av_three_fifth  flex_column_div av-zero-column-padding   \" style='border-radius:0px; '><p><div style='padding-bottom:10px;font-size:30px;' class='av-special-heading av-special-heading-h3  blockquote modern-quote   av-inherit-size'><h3 class='av-special-heading-tag'  itemprop=\"headline\"  >Acerca del taller<\/h3><div class='special-heading-border'><div class='special-heading-inner-border' ><\/div><\/div><\/div><br \/>\n<div class='avia-data-table-wrap avia_responsive_table'><table class='avia-table avia-data-table avia-table-2  avia_pricing_default'  itemscope=\"itemscope\" itemtype=\"https:\/\/schema.org\/Table\" ><tbody><tr class='avia-heading-row'><th class=''>LISTA DE SELECCIONADOS<\/th><\/tr><tr class=''><td class=''>Agust\u00edn L\u00f3pez Jr.<\/p>\n<p>Angela de F\u00e1tima Armengol Bustos<\/p>\n<p>Brandon V\u00e1zquez Cruz<\/p>\n<p>Caty Karime Matadamas Ju\u00e1rez<\/p>\n<p>Daniel Balandrano Gea<\/p>\n<p>David Montiel Azocar<\/p>\n<p>Florencia In\u00e9s Pastorella Vasches<\/p>\n<p>Jesica Jocellyn C\u00f3rdova Garc\u00eda<\/p>\n<p>Jorge Pacheco Le\u00f3n<\/p>\n<p>Juana Hern\u00e1ndez V\u00e1zquez<\/p>\n<p>Karla Bel\u00e9m Morales C\u00e1rdenas<\/p>\n<p>Luz Helena D\u00edaz Rojas<\/p>\n<p>Sergio Ventura Neri<\/p>\n<p>Viviana Aketzali Hern\u00e1ndez \u00c1ngeles<\/td><\/tr><\/tbody><\/table><\/div><style type='text\/css'>.avia-table-2 td:nth-of-type(1):before { content: 'LISTA DE SELECCIONADOS'; } <\/style><br \/>\n<div class='avia-data-table-wrap avia_responsive_table'><table class='avia-table avia-data-table avia-table-3  avia_pricing_default'  itemscope=\"itemscope\" itemtype=\"https:\/\/schema.org\/Table\" ><tbody><tr class='avia-heading-row'><th class=''>Descripci\u00f3n general<\/th><\/tr><tr class=''><td class=''>En este taller te\u00f3rico-pr\u00e1ctico se explorar\u00e1n las distintas etapas involucradas en la creaci\u00f3n de un fotolibro, abarcando desde la conceptualizaci\u00f3n y producci\u00f3n hasta la edici\u00f3n, el dise\u00f1o y la selecci\u00f3n del formato. Los participantes reflexionar\u00e1n sobre los elementos clave de la narrativa visual elegida, as\u00ed como sobre las decisiones t\u00e9cnicas relacionadas con la impresi\u00f3n y encuadernaci\u00f3n. Adem\u00e1s, se considerar\u00e1n opciones de financiamiento y estrategias de difusi\u00f3n.<br \/>\nA lo largo del taller, se llevar\u00e1 a cabo un an\u00e1lisis de diversos fotolibros, enfoc\u00e1ndose en las editoriales independientes y en c\u00f3mo han desarrollado y estructurado su narrativa visual. Cada participante realizar\u00e1 ejercicios pr\u00e1cticos para crear una maqueta de fotolibro basada en las im\u00e1genes que seleccionen, permiti\u00e9ndoles explorar de manera creativa las posibilidades que ofrece este formato.<br \/>\n<\/td><\/tr><tr class='avia-heading-row'><th class=''>Objetivo general<\/th><\/tr><tr class=''><td class=''>El objetivo del taller es que cada participante descubra las diversas posibilidades de trasladar sus im\u00e1genes al formato de fotolibro, con el fin de potenciar su expresi\u00f3n creativa a trav\u00e9s de este soporte. La finalidad es que cada participante elabore una maqueta f\u00edsica de fotolibro que refleje su visi\u00f3n personal y su trabajo fotogr\u00e1fico.<br \/>\n<\/td><\/tr><tr class='avia-heading-row'><th class=''>Objetivos espec\u00edficos<\/th><\/tr><tr class=''><td class=''>1. Explorar las etapas de creaci\u00f3n de un fotolibro<br \/>\n2. Reflexionar sobre la narrativa visual<br \/>\n3. Analizar y aprender de editoriales independientes<br \/>\n4. Desarrollar una maqueta de fotolibro<br \/>\n5. Explorar opciones de financiamiento y difusi\u00f3n<\/p>\n<p><\/td><\/tr><tr class='avia-heading-row'><th class=''>Temas<\/th><\/tr><tr class=''><td class=''>1 FOTOLIBROS Y SU CONCEPTUALIZACI\u00d3N<br \/>\n1.1 Qu\u00e9 es un fotolibro y las decisiones para su producci\u00f3n<br \/>\n1.2 Revisi\u00f3n y an\u00e1lisis de algunos fotolibros de editoriales independientes<br \/>\n1.3 Conceptualizaci\u00f3n y elementos visuales<br \/>\n1.4 Revisi\u00f3n de inquietudes y proyectos<\/p>\n<p>2 PRODUCCI\u00d3N Y EDICI\u00d3N<br \/>\n2.1 Elementos que implican la producci\u00f3n<br \/>\n2.2 Impresi\u00f3n y selecci\u00f3n de im\u00e1genes<br \/>\n2.3 Construcci\u00f3n de la narrativa visual<br \/>\n2.4 Propuesta de edici\u00f3n<br \/>\n2.4 Revisi\u00f3n de inquietudes y proyectos<\/p>\n<p>3 DISE\u00d1O Y MAQUETACI\u00d3N<br \/>\n3.1 Secuencia narrativa de las im\u00e1genes<br \/>\n3.2 Puesta en p\u00e1gina<br \/>\n3.3 Textos \/ tipograf\u00eda<br \/>\n3.4 Tipos de papeles y encuadernaci\u00f3n<br \/>\n3.5 Revisi\u00f3n de inquietudes y proyectos<\/p>\n<p>4 PRESENTACI\u00d3N DE RESULTADOS<br \/>\n4.1 Impresi\u00f3n final de maqueta<br \/>\n4.2 Algunas opciones de difusi\u00f3n.<br \/>\n4.2 Presentaci\u00f3n de proyectos<br \/>\n<\/td><\/tr><\/tbody><\/table><\/div><style type='text\/css'>.avia-table-3 td:nth-of-type(1):before { content: 'Descripci\u00f3n general'; } <\/style><br \/>\n<div style='padding-bottom:10px;font-size:30px;' class='av-special-heading av-special-heading-h3  blockquote modern-quote   av-inherit-size'><h3 class='av-special-heading-tag'  itemprop=\"headline\"  >Requisitos de inscripci\u00f3n<\/h3><div class='special-heading-border'><div class='special-heading-inner-border' ><\/div><\/div><\/div><br \/>\n<div class='avia-data-table-wrap avia_responsive_table'><table class='avia-table avia-data-table avia-table-4  avia_pricing_default'  itemscope=\"itemscope\" itemtype=\"https:\/\/schema.org\/Table\" ><tbody><tr class='avia-heading-row'><th class=''>Taller dirigido al p\u00fablico en general con inter\u00e9s en el tema.<\/th><\/tr><tr class=''><td class=''>&#8211; Si tienes inter\u00e9s deber\u00e1s llenar el formulario con los datos completos que se encuentra en esta p\u00e1gina.<br \/>\n&#8211; La lista de seleccionados se publicar\u00e1 en esta p\u00e1gina, tambi\u00e9n se les notificar\u00e1 v\u00eda correo electr\u00f3nico con los detalles de la actividad.<br \/>\n&#8211; Actividad gratuita.<br \/>\n&#8211; Los talleristas ser\u00e1n los responsables de realizar la selecci\u00f3n de alumnos bajo sus criterios.<br \/>\n<\/td><\/tr><\/tbody><\/table><\/div><style type='text\/css'>.avia-table-4 td:nth-of-type(1):before { content: 'Taller dirigido al p\u00fablico en general con inter\u00e9s en el tema.'; } <\/style><br \/>\n<div class='avia-data-table-wrap avia_responsive_table'><table class='avia-table avia-data-table avia-table-5  avia_pricing_default'  itemscope=\"itemscope\" itemtype=\"https:\/\/schema.org\/Table\" ><tbody><tr class='avia-heading-row'><th class=''>Material que se le solicitar\u00e1 al alumno(a)<\/th><\/tr><tr class=''><td class=''>Cada participante deber\u00e1 traer impresas las im\u00e1genes (10\u00d715 cm aproximadamente) con las que trabajar. Pueden ser fotos tomadas por ellos mismos, recortes, im\u00e1genes apropiadas, fotos del \u00e1lbum familiar, etc.<br \/>\nAdem\u00e1s, tablas de corte, tijeras y hojas blancas y de color tama\u00f1o carta.<br \/>\n<\/td><\/tr><\/tbody><\/table><\/div><style type='text\/css'>.avia-table-5 td:nth-of-type(1):before { content: 'Material que se le solicitar\u00e1 al alumno(a)'; } <\/style><br \/>\n<div class='avia-data-table-wrap avia_responsive_table'><table class='avia-table avia-data-table avia-table-6  avia_pricing_default'  itemscope=\"itemscope\" itemtype=\"https:\/\/schema.org\/Table\" ><tbody><tr class='avia-heading-row'><th class=''>Nota para los seleccionados<\/th><\/tr><tr class=''><td class=''>&#8211; Clases presenciales en (Laboratorio de fotograf\u00eda) del CaSa<br \/>\n&#8211; Se dejar\u00e1n ejercicios espec\u00edficos a cada estudiante, es fundamental realizarlos para continuar con la siguiente clase.<br \/>\n&#8211; Tener el compromiso y el tiempo para llevar a cabo el taller, ya que las inasistencias injustificadas ser\u00e1n motivo de suspensi\u00f3n y no podr\u00e1 ingresar a talleres futuros.<br \/>\n&#8211; Durante el taller nos estaremos comunicando por medio de mensajes en un grupo de WhatsApp, por ser una herramienta m\u00e1s r\u00e1pida para poder tener una mejor comunicaci\u00f3n con lo que respecta al taller.<\/p>\n<p><\/td><\/tr><\/tbody><\/table><\/div><style type='text\/css'>.avia-table-6 td:nth-of-type(1):before { content: 'Nota para los seleccionados'; } <\/style><br \/>\n<div id='av-masonry-1' class='av-masonry noHover av-fixed-size av-large-gap av-hover-overlay-active av-masonry-col-flexible av-caption-always av-caption-style- av-masonry-gallery  '  ><div class='av-masonry-container isotope av-js-disabled ' ><div class='av-masonry-entry isotope-item av-masonry-item-no-image '><\/div><a href=\"https:\/\/casa.oaxaca.gob.mx\/wp-content\/uploads\/2025\/05\/Judith1-1030x687.jpg\" id='av-masonry-1-item-15811' data-av-masonry-item='15811' class='av-masonry-entry isotope-item post-15811 attachment type-attachment status-inherit hentry  av-masonry-item-with-image' title=\"\"  itemprop=\"thumbnailUrl\" ><div class='av-inner-masonry-sizer'><\/div><figure class='av-inner-masonry main_color'><div class=\"av-masonry-outerimage-container\"><div class=\"av-masonry-image-container\" style=\"background-image: url(https:\/\/casa.oaxaca.gob.mx\/wp-content\/uploads\/2025\/05\/Judith1-705x470.jpg);\"><img decoding=\"async\" src=\"https:\/\/casa.oaxaca.gob.mx\/wp-content\/uploads\/2025\/05\/Judith1-705x470.jpg\" title=\"Judith1\" alt=\"\" \/><\/div><\/div><\/figure><\/a><!--end av-masonry entry--><a href=\"https:\/\/casa.oaxaca.gob.mx\/wp-content\/uploads\/2025\/05\/Judith2-1030x687.jpg\" id='av-masonry-1-item-15812' data-av-masonry-item='15812' class='av-masonry-entry isotope-item post-15812 attachment type-attachment status-inherit hentry  av-masonry-item-with-image' title=\"\"  itemprop=\"thumbnailUrl\" ><div class='av-inner-masonry-sizer'><\/div><figure class='av-inner-masonry main_color'><div class=\"av-masonry-outerimage-container\"><div class=\"av-masonry-image-container\" style=\"background-image: url(https:\/\/casa.oaxaca.gob.mx\/wp-content\/uploads\/2025\/05\/Judith2-705x470.jpg);\"><img decoding=\"async\" src=\"https:\/\/casa.oaxaca.gob.mx\/wp-content\/uploads\/2025\/05\/Judith2-705x470.jpg\" title=\"Judith2\" alt=\"\" \/><\/div><\/div><\/figure><\/a><!--end av-masonry entry--><a href=\"https:\/\/casa.oaxaca.gob.mx\/wp-content\/uploads\/2025\/05\/Judith3-1030x687.jpg\" id='av-masonry-1-item-15813' data-av-masonry-item='15813' class='av-masonry-entry isotope-item post-15813 attachment type-attachment status-inherit hentry  av-masonry-item-with-image' title=\"\"  itemprop=\"thumbnailUrl\" ><div class='av-inner-masonry-sizer'><\/div><figure class='av-inner-masonry main_color'><div class=\"av-masonry-outerimage-container\"><div class=\"av-masonry-image-container\" style=\"background-image: url(https:\/\/casa.oaxaca.gob.mx\/wp-content\/uploads\/2025\/05\/Judith3-705x470.jpg);\"><img decoding=\"async\" src=\"https:\/\/casa.oaxaca.gob.mx\/wp-content\/uploads\/2025\/05\/Judith3-705x470.jpg\" title=\"Judith3\" alt=\"\" \/><\/div><\/div><\/figure><\/a><!--end av-masonry entry--><a href=\"https:\/\/casa.oaxaca.gob.mx\/wp-content\/uploads\/2025\/05\/Judith4-773x1030.jpg\" id='av-masonry-1-item-15814' data-av-masonry-item='15814' class='av-masonry-entry isotope-item post-15814 attachment type-attachment status-inherit hentry  av-masonry-item-with-image' title=\"\"  itemprop=\"thumbnailUrl\" ><div class='av-inner-masonry-sizer'><\/div><figure class='av-inner-masonry main_color'><div class=\"av-masonry-outerimage-container\"><div class=\"av-masonry-image-container\" style=\"background-image: url(https:\/\/casa.oaxaca.gob.mx\/wp-content\/uploads\/2025\/05\/Judith4-529x705.jpg);\"><img decoding=\"async\" src=\"https:\/\/casa.oaxaca.gob.mx\/wp-content\/uploads\/2025\/05\/Judith4-529x705.jpg\" title=\"Judith4\" alt=\"\" \/><\/div><\/div><\/figure><\/a><!--end av-masonry entry--><a href=\"https:\/\/casa.oaxaca.gob.mx\/wp-content\/uploads\/2025\/05\/Judith5-1030x773.jpg\" id='av-masonry-1-item-15815' data-av-masonry-item='15815' class='av-masonry-entry isotope-item post-15815 attachment type-attachment status-inherit hentry  av-masonry-item-with-image' title=\"\"  itemprop=\"thumbnailUrl\" ><div class='av-inner-masonry-sizer'><\/div><figure class='av-inner-masonry main_color'><div class=\"av-masonry-outerimage-container\"><div class=\"av-masonry-image-container\" style=\"background-image: url(https:\/\/casa.oaxaca.gob.mx\/wp-content\/uploads\/2025\/05\/Judith5-705x529.jpg);\"><img decoding=\"async\" src=\"https:\/\/casa.oaxaca.gob.mx\/wp-content\/uploads\/2025\/05\/Judith5-705x529.jpg\" title=\"Judith5\" alt=\"\" \/><\/div><\/div><\/figure><\/a><!--end av-masonry entry--><\/div><div class='av-masonry-pagination av-masonry-pagination-pagination'><nav class='pagination'><span class='pagination-meta'>Page 1 of 2<\/span><span class='current'>1<\/span><a href='https:\/\/casa.oaxaca.gob.mx\/index.php?rest_route=%2Fwp%2Fv2%2Fposts%2F15783&#038;paged=2' class='inactive' >2<\/a><\/nav>\n<\/div><\/div><\/p><\/div>\n","protected":false},"excerpt":{"rendered":"","protected":false},"author":1,"featured_media":15785,"comment_status":"open","ping_status":"open","sticky":false,"template":"","format":"standard","meta":{"_exactmetrics_skip_tracking":false,"_exactmetrics_sitenote_active":false,"_exactmetrics_sitenote_note":"","_exactmetrics_sitenote_category":0,"footnotes":""},"categories":[204],"tags":[],"class_list":["post-15783","post","type-post","status-publish","format-standard","has-post-thumbnail","hentry","category-204"],"_links":{"self":[{"href":"https:\/\/casa.oaxaca.gob.mx\/index.php?rest_route=\/wp\/v2\/posts\/15783","targetHints":{"allow":["GET"]}}],"collection":[{"href":"https:\/\/casa.oaxaca.gob.mx\/index.php?rest_route=\/wp\/v2\/posts"}],"about":[{"href":"https:\/\/casa.oaxaca.gob.mx\/index.php?rest_route=\/wp\/v2\/types\/post"}],"author":[{"embeddable":true,"href":"https:\/\/casa.oaxaca.gob.mx\/index.php?rest_route=\/wp\/v2\/users\/1"}],"replies":[{"embeddable":true,"href":"https:\/\/casa.oaxaca.gob.mx\/index.php?rest_route=%2Fwp%2Fv2%2Fcomments&post=15783"}],"version-history":[{"count":3,"href":"https:\/\/casa.oaxaca.gob.mx\/index.php?rest_route=\/wp\/v2\/posts\/15783\/revisions"}],"predecessor-version":[{"id":15880,"href":"https:\/\/casa.oaxaca.gob.mx\/index.php?rest_route=\/wp\/v2\/posts\/15783\/revisions\/15880"}],"wp:featuredmedia":[{"embeddable":true,"href":"https:\/\/casa.oaxaca.gob.mx\/index.php?rest_route=\/wp\/v2\/media\/15785"}],"wp:attachment":[{"href":"https:\/\/casa.oaxaca.gob.mx\/index.php?rest_route=%2Fwp%2Fv2%2Fmedia&parent=15783"}],"wp:term":[{"taxonomy":"category","embeddable":true,"href":"https:\/\/casa.oaxaca.gob.mx\/index.php?rest_route=%2Fwp%2Fv2%2Fcategories&post=15783"},{"taxonomy":"post_tag","embeddable":true,"href":"https:\/\/casa.oaxaca.gob.mx\/index.php?rest_route=%2Fwp%2Fv2%2Ftags&post=15783"}],"curies":[{"name":"wp","href":"https:\/\/api.w.org\/{rel}","templated":true}]}}