{"id":15790,"date":"2025-05-14T10:41:41","date_gmt":"2025-05-14T16:41:41","guid":{"rendered":"https:\/\/casa.oaxaca.gob.mx\/?p=15790"},"modified":"2026-01-22T13:51:25","modified_gmt":"2026-01-22T19:51:25","slug":"taller-presencial-aprende-a-usar-tu-camara-imparte-alan-chapa","status":"publish","type":"post","link":"https:\/\/casa.oaxaca.gob.mx\/?p=15790","title":{"rendered":"Taller presencial. Aprende a usar tu c\u00e1mara. Imparte: Alan Chapa"},"content":{"rendered":"<\/div><\/div><\/div><!-- close content main div --><\/div><\/div><div id='av_section_1' class='avia-section main_color avia-section-no-padding avia-no-border-styling avia-full-stretch av-parallax-section avia-bg-style-parallax  av-minimum-height av-minimum-height-75 container_wrap fullsize'  data-section-bg-repeat='stretch' ><div class='av-parallax' data-avia-parallax-ratio='0.3' ><div class='av-parallax-inner main_color  avia-full-stretch' style = 'background-repeat: no-repeat; background-image: url(https:\/\/casa.oaxaca.gob.mx\/wp-content\/uploads\/2025\/05\/AlanChalpa-scaled.jpg); background-attachment: scroll; background-position: bottom center; ' ><\/div><\/div><div class='container' ><div class='template-page content  av-content-full alpha units'><div class='post-entry post-entry-type-page post-entry-15790'><div class='entry-content-wrapper clearfix'>\n<div style='padding-bottom:10px;color:#ffffff;font-size:50px;' class='av-special-heading av-special-heading-h3 custom-color-heading blockquote modern-quote  av-inherit-size'><h3 class='av-special-heading-tag'  itemprop=\"headline\"  >Taller presencial. Aprende a usar tu c\u00e1mara (taller b\u00e1sico)<\/h3><div class ='av-subheading av-subheading_below av_custom_color' style='font-size:25px;'><p>Imparte: Alan L\u00f3pez Ruiz<\/p>\n<\/div><div class='special-heading-border'><div class='special-heading-inner-border' style='border-color:#ffffff'><\/div><\/div><\/div>\n\n<\/div><\/div><\/div><!-- close content main div --><\/div><\/div><div id='av-layout-grid-1' class='av-layout-grid-container entry-content-wrapper main_color av-flex-cells  container_wrap fullsize'   >\n<div class=\"flex_cell no_margin av_one_full   \" style='vertical-align:top; padding:30px; background-color:#ED9600; '><div class='flex_cell_inner' ><p><div class=\"flex_column av_one_fourth  flex_column_div av-zero-column-padding first  \" style='border-radius:0px; '><div style='padding-bottom:10px;color:#ffffff;' class='av-special-heading av-special-heading-h3 custom-color-heading blockquote modern-quote '><h3 class='av-special-heading-tag'  itemprop=\"headline\"  >Cierre de inscripciones<\/h3><div class ='av-subheading av-subheading_below av_custom_color' style='font-size:20px;'><p>Domingo 18 de mayo de 2025<\/p>\n<p>Publicaci\u00f3n de resultados<br \/>\nMartes 20 de mayo de 2025<\/p>\n<\/div><div class='special-heading-border'><div class='special-heading-inner-border' style='border-color:#ffffff'><\/div><\/div><\/div><\/div><div class=\"flex_column av_one_fourth  flex_column_div av-zero-column-padding   \" style='border-radius:0px; '><div style='padding-bottom:10px;color:#ffffff;' class='av-special-heading av-special-heading-h3 custom-color-heading blockquote modern-quote '><h3 class='av-special-heading-tag'  itemprop=\"headline\"  >Fechas<\/h3><div class ='av-subheading av-subheading_below av_custom_color' style='font-size:20px;'><p>S\u00e1bados<br \/>\nDel 24 de mayo al 21 de junio de 2025<\/p>\n<\/div><div class='special-heading-border'><div class='special-heading-inner-border' style='border-color:#ffffff'><\/div><\/div><\/div><\/div><div class=\"flex_column av_one_fourth  flex_column_div av-zero-column-padding   \" style='border-radius:0px; '><div style='padding-bottom:10px;color:#ffffff;' class='av-special-heading av-special-heading-h3 custom-color-heading blockquote modern-quote  '><h3 class='av-special-heading-tag'  itemprop=\"headline\"  >Horario<\/h3><div class ='av-subheading av-subheading_below av_custom_color' style='font-size:20px;'><p>De 10 a 14 horas<\/p>\n<\/div><div class='special-heading-border'><div class='special-heading-inner-border' style='border-color:#ffffff'><\/div><\/div><\/div><\/div><div class=\"flex_column av_one_fourth  flex_column_div av-zero-column-padding   \" style='border-radius:0px; '><section class=\"avia_codeblock_section avia_code_block_0\"  itemscope=\"itemscope\" itemtype=\"https:\/\/schema.org\/BlogPosting\" itemprop=\"blogPost\" ><div class='avia_codeblock '  itemprop=\"text\" > [avia_codeblock_placeholder uid=\"0\"] <\/div><\/section><\/div><\/p>\n<\/div><\/div>\n<\/div>\n<div class=\"flex_column av_two_fifth  flex_column_div av-zero-column-padding first  \" style='border-radius:0px; '><p><div class='av-social-sharing-box '><div class='av-share-box'><h5 class='av-share-link-description'>Compartir esta actividad<\/h5><ul class='av-share-box-list noLightbox'><li class='av-share-link av-social-link-facebook' ><a target='_blank' href='http:\/\/www.facebook.com\/sharer.php?u=https:\/\/casa.oaxaca.gob.mx\/?p=15790&amp;t=Taller%20presencial.%20Aprende%20a%20usar%20tu%20c%C3%A1mara.%20Imparte%3A%20Alan%20Chapa' aria-hidden='true' data-av_icon='\ue8f3' data-av_iconfont='entypo-fontello' title='' data-avia-related-tooltip='Share on Facebook'><span class='avia_hidden_link_text'>Share on Facebook<\/span><\/a><\/li><li class='av-share-link av-social-link-twitter' ><a target='_blank' href='https:\/\/twitter.com\/share?text=Taller%20presencial.%20Aprende%20a%20usar%20tu%20c%C3%A1mara.%20Imparte%3A%20Alan%20Chapa&url=https:\/\/casa.oaxaca.gob.mx\/?p=15790' aria-hidden='true' data-av_icon='\ue8f1' data-av_iconfont='entypo-fontello' title='' data-avia-related-tooltip='Share on Twitter'><span class='avia_hidden_link_text'>Share on Twitter<\/span><\/a><\/li><li class='av-share-link av-social-link-gplus' ><a target='_blank' href='https:\/\/plus.google.com\/share?url=https:\/\/casa.oaxaca.gob.mx\/?p=15790' aria-hidden='true' data-av_icon='\ue8f6' data-av_iconfont='entypo-fontello' title='' data-avia-related-tooltip='Share on Google+'><span class='avia_hidden_link_text'>Share on Google+<\/span><\/a><\/li><li class='av-share-link av-social-link-pinterest' ><a target='_blank' href='http:\/\/pinterest.com\/pin\/create\/button\/?url=https%3A%2F%2Fcasa.oaxaca.gob.mx%2F%3Fp%3D15790&amp;description=Taller%20presencial.%20Aprende%20a%20usar%20tu%20c%C3%A1mara.%20Imparte%3A%20Alan%20Chapa&amp;media=https%3A%2F%2Fcasa.oaxaca.gob.mx%2Fwp-content%2Fuploads%2F2025%2F05%2Fc-alan-705x484.jpg' aria-hidden='true' data-av_icon='\ue8f8' data-av_iconfont='entypo-fontello' title='' data-avia-related-tooltip='Share on Pinterest'><span class='avia_hidden_link_text'>Share on Pinterest<\/span><\/a><\/li><li class='av-share-link av-social-link-mail' ><a  href='mailto:?subject=Taller%20presencial.%20Aprende%20a%20usar%20tu%20c%C3%A1mara.%20Imparte%3A%20Alan%20Chapa&amp;body=https:\/\/casa.oaxaca.gob.mx\/?p=15790' aria-hidden='true' data-av_icon='\ue805' data-av_iconfont='entypo-fontello' title='' data-avia-related-tooltip='Share by Mail'><span class='avia_hidden_link_text'>Share by Mail<\/span><\/a><\/li><\/ul><\/div><\/div><br \/>\n<div  class='hr hr-default '><span class='hr-inner ' ><span class='hr-inner-style'><\/span><\/span><\/div><br \/>\n<div style='padding-bottom:10px;font-size:30px;' class='av-special-heading av-special-heading-h3  blockquote modern-quote   av-inherit-size'><h3 class='av-special-heading-tag'  itemprop=\"headline\"  >Sobre el tallerista<\/h3><div class='special-heading-border'><div class='special-heading-inner-border' ><\/div><\/div><\/div><br \/>\n<div class='avia-data-table-wrap avia_responsive_table'><table class='avia-table avia-data-table avia-table-1  avia_pricing_default'  itemscope=\"itemscope\" itemtype=\"https:\/\/schema.org\/Table\" ><tbody><tr class='avia-heading-row'><th class=''>Alan L\u00f3pez Ruiz (Oaxaca, M\u00e9xico)<\/th><\/tr><tr class=''><td class=''>Alan L\u00f3pez Ruiz es mexicano, originario del Istmo de Tehuantepec. Es licenciado en Psicolog\u00eda, Maestro en Psicoterapia Gestalt y actualmente se encuentra en proceso de obtener su doctorado en Educaci\u00f3n. Su formaci\u00f3n en fotograf\u00eda comenz\u00f3 en 2010, en el Centro Fotogr\u00e1fico Manuel \u00c1lvarez Bravo y en el Centro de las Artes de San Agust\u00edn, donde ha destacado en diversas \u00e1reas como fotograf\u00eda de calle, documental, retrato, t\u00e9cnicas de impresi\u00f3n y revelado fotogr\u00e1fico, as\u00ed como en el manejo de esquemas de iluminaci\u00f3n y fotograf\u00eda estenopeica.<br \/>\nAdem\u00e1s de su trabajo fotogr\u00e1fico, Alan se dedica a la docencia a nivel universitario y acompa\u00f1a el programa \u201cSemilleros Creativos\u201d, una iniciativa federal de la Secretar\u00eda de Cultura, donde impulsa a ni\u00f1os y j\u00f3venes a aprender fotograf\u00eda como medio de interacci\u00f3n social.<br \/>\n<\/td><\/tr><\/tbody><\/table><\/div><style type='text\/css'>.avia-table-1 td:nth-of-type(1):before { content: 'Alan L\u00f3pez Ruiz (Oaxaca, M\u00e9xico)'; } <\/style><\/p><\/div>\n<div class=\"flex_column av_three_fifth  flex_column_div av-zero-column-padding   \" style='border-radius:0px; '><p><div style='padding-bottom:10px;font-size:30px;' class='av-special-heading av-special-heading-h3  blockquote modern-quote   av-inherit-size'><h3 class='av-special-heading-tag'  itemprop=\"headline\"  >Acerca del taller<\/h3><div class='special-heading-border'><div class='special-heading-inner-border' ><\/div><\/div><\/div><br \/>\n<div class='avia-data-table-wrap avia_responsive_table'><table class='avia-table avia-data-table avia-table-2  avia_pricing_default'  itemscope=\"itemscope\" itemtype=\"https:\/\/schema.org\/Table\" ><tbody><tr class='avia-heading-row'><th class=''>LISTA DE SELECCIONADOS<\/th><\/tr><tr class=''><td class=''>Pablo de Jes\u00fas Ram\u00edrez V\u00e1squez<\/p>\n<p>Daphne Anahid Mancera Salazar<\/p>\n<p>Susana Ivette Tob\u00f3n P\u00e9rez<\/p>\n<p>Aisha Nahid Jim\u00e9nez Salinas<\/p>\n<p>Juan Antonio Ch\u00e1vez Torres<\/p>\n<p>Perla Ric\u00e1rdez Aparicio<\/p>\n<p>Miriam S\u00e1nchez Mart\u00ednez<\/p>\n<p>Lucero Esthefany M\u00e9ndez L\u00f3pez<\/p>\n<p>Jesica Jocellyn C\u00f3rdova Garc\u00eda<\/p>\n<p>Yesenia Lizeth Ortiz D\u00e1vila<\/p>\n<p>Jes\u00fas Bernal Garc\u00eda<\/p>\n<p>Juan Manuel L\u00f3pez Luna<\/p>\n<p>Heber Uriel Ram\u00edrez Luis<\/p>\n<p>Viviana Maritza Hilarto S\u00e1nchez<\/p>\n<p>Le\u00f3n Fabricio Delgado Salado<\/p>\n<p>Am\u00e9rica Paola Ramos G\u00f3mez<\/p>\n<p>Adriana Soledad Acevedo Sierra<\/p>\n<p>Javier Mendoza Bola\u00f1os<\/p>\n<p>Daneli Yessica Prado Allende<\/p>\n<p>Mads\u00e1 Ju\u00e1rez Casas<\/p>\n<p>Jes\u00fas Gallardo Espina<\/p>\n<p>Laura Citlali Hern\u00e1ndez Bola\u00f1os<\/p>\n<p>Alejandro Liberio Hern\u00e1ndez Bola\u00f1os<\/p>\n<p>Citlalli Montserrat Esteva Garc\u00eda<\/td><\/tr><\/tbody><\/table><\/div><style type='text\/css'>.avia-table-2 td:nth-of-type(1):before { content: 'LISTA DE SELECCIONADOS'; } <\/style><br \/>\n<div class='avia-data-table-wrap avia_responsive_table'><table class='avia-table avia-data-table avia-table-3  avia_pricing_default'  itemscope=\"itemscope\" itemtype=\"https:\/\/schema.org\/Table\" ><tbody><tr class='avia-heading-row'><th class=''>Descripci\u00f3n general<\/th><\/tr><tr class=''><td class=''>Este taller va dirigido a todas las personas que deseen aprender a usar una c\u00e1mara fotogr\u00e1fica semi-profesional de cero. Va dirigido a aquellos que tienen la inquietud de mirar el mundo de forma diferente y preservar los recuerdos a trav\u00e9s del tiempo.<br \/>\n<\/td><\/tr><tr class='avia-heading-row'><th class=''>Objetivo general<\/th><\/tr><tr class=''><td class=''>Al t\u00e9rmino del curso, el alumno aprender\u00e1 las t\u00e9cnicas, procedimientos y estrategias creativas para la toma fotogr\u00e1fica, dominar\u00e1 el tri\u00e1ngulo de la exposici\u00f3n, (ISO,DIAFRAGMA Y VELOCIDAD) y generar\u00e1 un conocimiento \u00edntimo con su c\u00e1mara en cada una de sus funcionalidades para la realizaci\u00f3n de mensajes acordes a su intencionalidad, gusto y preferencia.<br \/>\n<\/td><\/tr><tr class='avia-heading-row'><th class=''>Objetivos espec\u00edficos<\/th><\/tr><tr class=''><td class=''>&#8211; Introducir los fundamentos de la fotograf\u00eda<br \/>\n&#8211; Desarrollar habilidades t\u00e9cnicas de uso de la c\u00e1mara<br \/>\n&#8211; Fomentar la creatividad visual<br \/>\n&#8211; Ense\u00f1ar el uso adecuado de los accesorios fotogr\u00e1ficos<br \/>\n-Desarrollar una apreciaci\u00f3n por la preservaci\u00f3n de momentos a trav\u00e9s de la fotograf\u00eda<br \/>\n<\/td><\/tr><tr class='avia-heading-row'><th class=''>Temas<\/th><\/tr><tr class=''><td class=''>&#8211; Breve historia de la fotograf\u00eda<br \/>\n&#8211; Las propiedades de la luz<br \/>\n&#8211; Las partes de una c\u00e1mara fotogr\u00e1fica<br \/>\n&#8211; \u00d3ptica fotogr\u00e1fica y materiales pr\u00e1cticos<br \/>\n&#8211; ISO, DIAFRAGMA, VELOCIDAD (conocimiento profundo)<br \/>\n&#8211; Composici\u00f3n b\u00e1sica para la educaci\u00f3n visual<br \/>\n&#8211; Pr\u00e1ctica de campo 1<br \/>\n&#8211; Muestra de resultados<br \/>\n<\/td><\/tr><\/tbody><\/table><\/div><style type='text\/css'>.avia-table-3 td:nth-of-type(1):before { content: 'Descripci\u00f3n general'; } <\/style><br \/>\n<div style='padding-bottom:10px;font-size:30px;' class='av-special-heading av-special-heading-h3  blockquote modern-quote   av-inherit-size'><h3 class='av-special-heading-tag'  itemprop=\"headline\"  >Requisitos de inscripci\u00f3n<\/h3><div class='special-heading-border'><div class='special-heading-inner-border' ><\/div><\/div><\/div><br \/>\n<div class='avia-data-table-wrap avia_responsive_table'><table class='avia-table avia-data-table avia-table-4  avia_pricing_default'  itemscope=\"itemscope\" itemtype=\"https:\/\/schema.org\/Table\" ><tbody><tr class='avia-heading-row'><th class=''>&#8211; Tener c\u00e1mara semi-profesional (no saber usarla)<br \/>\n&#8211; Inquietud por querer aprender a usar una c\u00e1mara<br \/>\n&#8211; Edad de 18-40 a\u00f1os<br \/>\n&#8211; Disponibilidad de tiempo<br \/>\n&#8211; 16 \u2013 20 alumnos (cero miedo)<br \/>\n&#8211; Incluir un portafolio de 5 fotos realizadas con celular<br \/>\n&#8211; No haber tenido ning\u00fan contacto o tomado un taller de fotograf\u00eda b\u00e1sica nunca en la vida<br \/>\n<\/th><\/tr><tr class=''><td class=''>&#8211; Si tienes inter\u00e9s deber\u00e1s llenar el formulario con los datos completos que se encuentra en esta p\u00e1gina.<br \/>\n&#8211; La lista de seleccionados se publicar\u00e1 en esta p\u00e1gina, tambi\u00e9n se les notificar\u00e1 v\u00eda correo electr\u00f3nico con los detalles de la actividad.<br \/>\n&#8211; Actividad gratuita.<br \/>\n&#8211; Los talleristas ser\u00e1n los responsables de realizar la selecci\u00f3n de alumnos bajo sus criterios.<br \/>\n<\/td><\/tr><\/tbody><\/table><\/div><style type='text\/css'>.avia-table-4 td:nth-of-type(1):before { content: '\u2013 Tener c\u00e1mara semi-profesional (no saber usarla)<br \/>\n\u2013 Inquietud por querer aprender a usar una c\u00e1mara<br \/>\n\u2013 Edad de 18-40 a\u00f1os<br \/>\n\u2013 Disponibilidad de tiempo<br \/>\n\u2013 16 \u2013 20 alumnos (cero miedo)<br \/>\n\u2013 Incluir un portafolio de 5 fotos realizadas con celular<br \/>\n\u2013 No haber tenido ning\u00fan contacto o tomado un taller de fotograf\u00eda b\u00e1sica nunca en la vida<br \/>\n'; } <\/style><br \/>\n<div class='avia-data-table-wrap avia_responsive_table'><table class='avia-table avia-data-table avia-table-5  avia_pricing_default'  itemscope=\"itemscope\" itemtype=\"https:\/\/schema.org\/Table\" ><tbody><tr class='avia-heading-row'><th class=''>Material que se le solicitar\u00e1 al alumno(a)<\/th><\/tr><tr class=''><td class=''>&#8211; C\u00e1mara semi-profesional REFLEX o MIRRORLESS (equipo de lentes intercambiables)<br \/>\n&#8211; Libreta de anotaciones<br \/>\n&#8211; Memoria SD<br \/>\n<\/td><\/tr><\/tbody><\/table><\/div><style type='text\/css'>.avia-table-5 td:nth-of-type(1):before { content: 'Material que se le solicitar\u00e1 al alumno(a)'; } <\/style><br \/>\n<div class='avia-data-table-wrap avia_responsive_table'><table class='avia-table avia-data-table avia-table-6  avia_pricing_default'  itemscope=\"itemscope\" itemtype=\"https:\/\/schema.org\/Table\" ><tbody><tr class='avia-heading-row'><th class=''>Nota para los seleccionados<\/th><\/tr><tr class=''><td class=''>&#8211; Clases presenciales en (Usos m\u00faltiples) del CaSa<br \/>\n&#8211; Se dejar\u00e1n ejercicios espec\u00edficos a cada estudiante, es fundamental realizarlos para continuar con la siguiente clase.<br \/>\n&#8211; Tener el compromiso y el tiempo para llevar a cabo el taller, ya que las inasistencias injustificadas ser\u00e1n motivo de suspensi\u00f3n y no podr\u00e1 ingresar a talleres futuros.<br \/>\n&#8211; Durante el taller nos estaremos comunicando por medio de mensajes en un grupo de WhatsApp, por ser una herramienta m\u00e1s r\u00e1pida para poder tener una mejor comunicaci\u00f3n con lo que respecta al taller.<br \/>\n<\/td><\/tr><\/tbody><\/table><\/div><style type='text\/css'>.avia-table-6 td:nth-of-type(1):before { content: 'Nota para los seleccionados'; } <\/style><br \/>\n<div id='av-masonry-1' class='av-masonry noHover av-fixed-size av-large-gap av-hover-overlay-active av-masonry-col-flexible av-caption-always av-caption-style- av-masonry-gallery  '  ><div class='av-masonry-container isotope av-js-disabled ' ><div class='av-masonry-entry isotope-item av-masonry-item-no-image '><\/div><a href=\"https:\/\/casa.oaxaca.gob.mx\/wp-content\/uploads\/2025\/05\/ACH_3412-1030x687.jpg\" id='av-masonry-1-item-15794' data-av-masonry-item='15794' class='av-masonry-entry isotope-item post-15794 attachment type-attachment status-inherit hentry  av-masonry-item-with-image' title=\"\"  itemprop=\"thumbnailUrl\" ><div class='av-inner-masonry-sizer'><\/div><figure class='av-inner-masonry main_color'><div class=\"av-masonry-outerimage-container\"><div class=\"av-masonry-image-container\" style=\"background-image: url(https:\/\/casa.oaxaca.gob.mx\/wp-content\/uploads\/2025\/05\/ACH_3412-705x470.jpg);\"><img decoding=\"async\" src=\"https:\/\/casa.oaxaca.gob.mx\/wp-content\/uploads\/2025\/05\/ACH_3412-705x470.jpg\" title=\"ACH_3412\" alt=\"\" \/><\/div><\/div><\/figure><\/a><!--end av-masonry entry--><a href=\"https:\/\/casa.oaxaca.gob.mx\/wp-content\/uploads\/2025\/05\/r001-034-1030x692.jpg\" id='av-masonry-1-item-15795' data-av-masonry-item='15795' class='av-masonry-entry isotope-item post-15795 attachment type-attachment status-inherit hentry  av-masonry-item-with-image' title=\"\"  itemprop=\"thumbnailUrl\" ><div class='av-inner-masonry-sizer'><\/div><figure class='av-inner-masonry main_color'><div class=\"av-masonry-outerimage-container\"><div class=\"av-masonry-image-container\" style=\"background-image: url(https:\/\/casa.oaxaca.gob.mx\/wp-content\/uploads\/2025\/05\/r001-034-705x474.jpg);\"><img decoding=\"async\" src=\"https:\/\/casa.oaxaca.gob.mx\/wp-content\/uploads\/2025\/05\/r001-034-705x474.jpg\" title=\"r001-034\" alt=\"\" \/><\/div><\/div><\/figure><\/a><!--end av-masonry entry--><a href=\"https:\/\/casa.oaxaca.gob.mx\/wp-content\/uploads\/2025\/05\/TLN_5660-1030x687.jpg\" id='av-masonry-1-item-15796' data-av-masonry-item='15796' class='av-masonry-entry isotope-item post-15796 attachment type-attachment status-inherit hentry  av-masonry-item-with-image' title=\"\"  itemprop=\"thumbnailUrl\" ><div class='av-inner-masonry-sizer'><\/div><figure class='av-inner-masonry main_color'><div class=\"av-masonry-outerimage-container\"><div class=\"av-masonry-image-container\" style=\"background-image: url(https:\/\/casa.oaxaca.gob.mx\/wp-content\/uploads\/2025\/05\/TLN_5660-705x471.jpg);\"><img decoding=\"async\" src=\"https:\/\/casa.oaxaca.gob.mx\/wp-content\/uploads\/2025\/05\/TLN_5660-705x471.jpg\" title=\"TLN_5660\" alt=\"\" \/><\/div><\/div><\/figure><\/a><!--end av-masonry entry--><a href=\"https:\/\/casa.oaxaca.gob.mx\/wp-content\/uploads\/2025\/05\/TLN_8682-1030x687.jpg\" id='av-masonry-1-item-15797' data-av-masonry-item='15797' class='av-masonry-entry isotope-item post-15797 attachment type-attachment status-inherit hentry  av-masonry-item-with-image' title=\"\"  itemprop=\"thumbnailUrl\" ><div class='av-inner-masonry-sizer'><\/div><figure class='av-inner-masonry main_color'><div class=\"av-masonry-outerimage-container\"><div class=\"av-masonry-image-container\" style=\"background-image: url(https:\/\/casa.oaxaca.gob.mx\/wp-content\/uploads\/2025\/05\/TLN_8682-705x470.jpg);\"><img decoding=\"async\" src=\"https:\/\/casa.oaxaca.gob.mx\/wp-content\/uploads\/2025\/05\/TLN_8682-705x470.jpg\" title=\"TLN_8682\" alt=\"\" \/><\/div><\/div><\/figure><\/a><!--end av-masonry entry--><\/div><\/div><\/p><\/div>\n","protected":false},"excerpt":{"rendered":"","protected":false},"author":1,"featured_media":15793,"comment_status":"open","ping_status":"open","sticky":false,"template":"","format":"standard","meta":{"_exactmetrics_skip_tracking":false,"_exactmetrics_sitenote_active":false,"_exactmetrics_sitenote_note":"","_exactmetrics_sitenote_category":0,"footnotes":""},"categories":[204],"tags":[],"class_list":["post-15790","post","type-post","status-publish","format-standard","has-post-thumbnail","hentry","category-204"],"_links":{"self":[{"href":"https:\/\/casa.oaxaca.gob.mx\/index.php?rest_route=\/wp\/v2\/posts\/15790","targetHints":{"allow":["GET"]}}],"collection":[{"href":"https:\/\/casa.oaxaca.gob.mx\/index.php?rest_route=\/wp\/v2\/posts"}],"about":[{"href":"https:\/\/casa.oaxaca.gob.mx\/index.php?rest_route=\/wp\/v2\/types\/post"}],"author":[{"embeddable":true,"href":"https:\/\/casa.oaxaca.gob.mx\/index.php?rest_route=\/wp\/v2\/users\/1"}],"replies":[{"embeddable":true,"href":"https:\/\/casa.oaxaca.gob.mx\/index.php?rest_route=%2Fwp%2Fv2%2Fcomments&post=15790"}],"version-history":[{"count":2,"href":"https:\/\/casa.oaxaca.gob.mx\/index.php?rest_route=\/wp\/v2\/posts\/15790\/revisions"}],"predecessor-version":[{"id":15850,"href":"https:\/\/casa.oaxaca.gob.mx\/index.php?rest_route=\/wp\/v2\/posts\/15790\/revisions\/15850"}],"wp:featuredmedia":[{"embeddable":true,"href":"https:\/\/casa.oaxaca.gob.mx\/index.php?rest_route=\/wp\/v2\/media\/15793"}],"wp:attachment":[{"href":"https:\/\/casa.oaxaca.gob.mx\/index.php?rest_route=%2Fwp%2Fv2%2Fmedia&parent=15790"}],"wp:term":[{"taxonomy":"category","embeddable":true,"href":"https:\/\/casa.oaxaca.gob.mx\/index.php?rest_route=%2Fwp%2Fv2%2Fcategories&post=15790"},{"taxonomy":"post_tag","embeddable":true,"href":"https:\/\/casa.oaxaca.gob.mx\/index.php?rest_route=%2Fwp%2Fv2%2Ftags&post=15790"}],"curies":[{"name":"wp","href":"https:\/\/api.w.org\/{rel}","templated":true}]}}