{"id":15799,"date":"2025-05-14T10:49:07","date_gmt":"2025-05-14T16:49:07","guid":{"rendered":"https:\/\/casa.oaxaca.gob.mx\/?p=15799"},"modified":"2026-01-22T13:51:25","modified_gmt":"2026-01-22T19:51:25","slug":"taller-presencial-grabado-en-jicara-imparte-jose-cruz-sanchez","status":"publish","type":"post","link":"https:\/\/casa.oaxaca.gob.mx\/?p=15799","title":{"rendered":"Taller presencial. Grabado en j\u00edcara. Imparte: Jos\u00e9 Cruz S\u00e1nchez."},"content":{"rendered":"<\/div><\/div><\/div><!-- close content main div --><\/div><\/div><div id='av_section_1' class='avia-section main_color avia-section-no-padding avia-no-border-styling avia-full-stretch av-parallax-section avia-bg-style-parallax  av-minimum-height av-minimum-height-75 container_wrap fullsize'  data-section-bg-repeat='stretch' ><div class='av-parallax' data-avia-parallax-ratio='0.3' ><div class='av-parallax-inner main_color  avia-full-stretch' style = 'background-repeat: no-repeat; background-image: url(https:\/\/casa.oaxaca.gob.mx\/wp-content\/uploads\/2025\/05\/Jicara-scaled.jpg); background-attachment: scroll; background-position: bottom center; ' ><\/div><\/div><div class='container' ><div class='template-page content  av-content-full alpha units'><div class='post-entry post-entry-type-page post-entry-15799'><div class='entry-content-wrapper clearfix'>\n<div style='padding-bottom:10px;color:#ffffff;font-size:50px;' class='av-special-heading av-special-heading-h3 custom-color-heading blockquote modern-quote  av-inherit-size'><h3 class='av-special-heading-tag'  itemprop=\"headline\"  >Taller presencial. Grabado en j\u00edcara<\/h3><div class ='av-subheading av-subheading_below av_custom_color' style='font-size:25px;'><p>Imparte: Jos\u00e9 Cruz S\u00e1nchez<\/p>\n<\/div><div class='special-heading-border'><div class='special-heading-inner-border' style='border-color:#ffffff'><\/div><\/div><\/div>\n\n<\/div><\/div><\/div><!-- close content main div --><\/div><\/div><div id='av-layout-grid-1' class='av-layout-grid-container entry-content-wrapper main_color av-flex-cells  container_wrap fullsize'   >\n<div class=\"flex_cell no_margin av_one_full   \" style='vertical-align:top; padding:30px; background-color:#ED9600; '><div class='flex_cell_inner' ><p><div class=\"flex_column av_one_fourth  flex_column_div av-zero-column-padding first  \" style='border-radius:0px; '><div style='padding-bottom:10px;color:#ffffff;' class='av-special-heading av-special-heading-h3 custom-color-heading blockquote modern-quote '><h3 class='av-special-heading-tag'  itemprop=\"headline\"  >Cierre de inscripciones<\/h3><div class ='av-subheading av-subheading_below av_custom_color' style='font-size:20px;'><p>Lunes 19 de mayo de 2025<\/p>\n<p>Publicaci\u00f3n de resultados<br \/>\nMi\u00e9rcoles 21 de mayo de 2025<\/p>\n<\/div><div class='special-heading-border'><div class='special-heading-inner-border' style='border-color:#ffffff'><\/div><\/div><\/div><\/div><div class=\"flex_column av_one_fourth  flex_column_div av-zero-column-padding   \" style='border-radius:0px; '><div style='padding-bottom:10px;color:#ffffff;' class='av-special-heading av-special-heading-h3 custom-color-heading blockquote modern-quote '><h3 class='av-special-heading-tag'  itemprop=\"headline\"  >Fechas<\/h3><div class ='av-subheading av-subheading_below av_custom_color' style='font-size:20px;'><p>Mi\u00e9rcoles a s\u00e1bado<br \/>\nDel 28 al 31 de mayo de 2025<\/p>\n<\/div><div class='special-heading-border'><div class='special-heading-inner-border' style='border-color:#ffffff'><\/div><\/div><\/div><\/div><div class=\"flex_column av_one_fourth  flex_column_div av-zero-column-padding   \" style='border-radius:0px; '><div style='padding-bottom:10px;color:#ffffff;' class='av-special-heading av-special-heading-h3 custom-color-heading blockquote modern-quote '><h3 class='av-special-heading-tag'  itemprop=\"headline\"  >Horario<\/h3><div class ='av-subheading av-subheading_below av_custom_color' style='font-size:20px;'><p>De 10 a 15 horas<\/p>\n<\/div><div class='special-heading-border'><div class='special-heading-inner-border' style='border-color:#ffffff'><\/div><\/div><\/div><\/div><div class=\"flex_column av_one_fourth  flex_column_div av-zero-column-padding   \" style='border-radius:0px; '><section class=\"avia_codeblock_section avia_code_block_0\"  itemscope=\"itemscope\" itemtype=\"https:\/\/schema.org\/BlogPosting\" itemprop=\"blogPost\" ><div class='avia_codeblock '  itemprop=\"text\" > [avia_codeblock_placeholder uid=\"0\"] <\/div><\/section><\/div><\/p>\n<\/div><\/div>\n<\/div>\n<div class=\"flex_column av_two_fifth  flex_column_div av-zero-column-padding first  \" style='border-radius:0px; '><p><div class='av-social-sharing-box '><div class='av-share-box'><h5 class='av-share-link-description'>Compartir esta actividad<\/h5><ul class='av-share-box-list noLightbox'><li class='av-share-link av-social-link-facebook' ><a target='_blank' href='http:\/\/www.facebook.com\/sharer.php?u=https:\/\/casa.oaxaca.gob.mx\/?p=15799&amp;t=Taller%20presencial.%20Grabado%20en%20j%C3%ADcara.%20Imparte%3A%20Jos%C3%A9%20Cruz%20S%C3%A1nchez.' aria-hidden='true' data-av_icon='\ue8f3' data-av_iconfont='entypo-fontello' title='' data-avia-related-tooltip='Share on Facebook'><span class='avia_hidden_link_text'>Share on Facebook<\/span><\/a><\/li><li class='av-share-link av-social-link-twitter' ><a target='_blank' href='https:\/\/twitter.com\/share?text=Taller%20presencial.%20Grabado%20en%20j%C3%ADcara.%20Imparte%3A%20Jos%C3%A9%20Cruz%20S%C3%A1nchez.&url=https:\/\/casa.oaxaca.gob.mx\/?p=15799' aria-hidden='true' data-av_icon='\ue8f1' data-av_iconfont='entypo-fontello' title='' data-avia-related-tooltip='Share on Twitter'><span class='avia_hidden_link_text'>Share on Twitter<\/span><\/a><\/li><li class='av-share-link av-social-link-gplus' ><a target='_blank' href='https:\/\/plus.google.com\/share?url=https:\/\/casa.oaxaca.gob.mx\/?p=15799' aria-hidden='true' data-av_icon='\ue8f6' data-av_iconfont='entypo-fontello' title='' data-avia-related-tooltip='Share on Google+'><span class='avia_hidden_link_text'>Share on Google+<\/span><\/a><\/li><li class='av-share-link av-social-link-pinterest' ><a target='_blank' href='http:\/\/pinterest.com\/pin\/create\/button\/?url=https%3A%2F%2Fcasa.oaxaca.gob.mx%2F%3Fp%3D15799&amp;description=Taller%20presencial.%20Grabado%20en%20j%C3%ADcara.%20Imparte%3A%20Jos%C3%A9%20Cruz%20S%C3%A1nchez.&amp;media=https%3A%2F%2Fcasa.oaxaca.gob.mx%2Fwp-content%2Fuploads%2F2025%2F05%2Fc-jicara-705x484.jpg' aria-hidden='true' data-av_icon='\ue8f8' data-av_iconfont='entypo-fontello' title='' data-avia-related-tooltip='Share on Pinterest'><span class='avia_hidden_link_text'>Share on Pinterest<\/span><\/a><\/li><li class='av-share-link av-social-link-mail' ><a  href='mailto:?subject=Taller%20presencial.%20Grabado%20en%20j%C3%ADcara.%20Imparte%3A%20Jos%C3%A9%20Cruz%20S%C3%A1nchez.&amp;body=https:\/\/casa.oaxaca.gob.mx\/?p=15799' aria-hidden='true' data-av_icon='\ue805' data-av_iconfont='entypo-fontello' title='' data-avia-related-tooltip='Share by Mail'><span class='avia_hidden_link_text'>Share by Mail<\/span><\/a><\/li><\/ul><\/div><\/div><br \/>\n<div  class='hr hr-default '><span class='hr-inner ' ><span class='hr-inner-style'><\/span><\/span><\/div><br \/>\n<div style='padding-bottom:10px;font-size:30px;' class='av-special-heading av-special-heading-h3  blockquote modern-quote   av-inherit-size'><h3 class='av-special-heading-tag'  itemprop=\"headline\"  >Sobre el tallerista<\/h3><div class='special-heading-border'><div class='special-heading-inner-border' ><\/div><\/div><\/div><br \/>\n<div class='avia-data-table-wrap avia_responsive_table'><table class='avia-table avia-data-table avia-table-1  avia_pricing_default'  itemscope=\"itemscope\" itemtype=\"https:\/\/schema.org\/Table\" ><tbody><tr class='avia-heading-row'><th class=''>Jos\u00e9 Cruz (Oaxaca, M\u00e9xico)<\/th><\/tr><tr class=''><td class=''>Jos\u00e9 Cruz (Pinotepa de Don Luis, Oaxaca, 1993) es un artista cuyo trabajo ha elevado el grabado sobre j\u00edcara a niveles de distinci\u00f3n y refinamiento, siendo reconocido a nivel internacional por cr\u00edticos de arte, curadores, directores de museos y coleccionistas. Su obra trasciende las categor\u00edas tradicionales de arte popular o artesan\u00eda, desafiando las nociones convencionales en el contexto actual.<br \/>\nSu trabajo se caracteriza por un discurso gr\u00e1fico s\u00f3lido, centrado en la figura humana, la incorporaci\u00f3n de hojas de oro, el uso de colores acr\u00edlicos y tintas, as\u00ed como la deconstrucci\u00f3n de la forma c\u00f3ncava u ovalada de la j\u00edcara. Adem\u00e1s, emplea soportes poco convencionales como fibra de vidrio y madera. Este enfoque innovador ha sido logrado gracias a su talento, disciplina y una visi\u00f3n clara: trascender y experimentar con un arte ancestral. Adem\u00e1s del grabado sobre j\u00edcara, su creatividad se extiende a otros medios, incluyendo pintura (\u00f3leo y acr\u00edlico), acuarela, dibujo, grabado sobre metal y litograf\u00eda.<br \/>\nJos\u00e9 Cruz complet\u00f3 con \u00e9xito la Instructor\u00eda en Artes Pl\u00e1sticas de la Escuela de Bellas Artes de la UABJO en 2017. Entre 2014 y 2019, fue becario del Taller Tamayo y maestro comunitario de arte. Posteriormente, curs\u00f3 la Licenciatura en Artes Pl\u00e1sticas en la misma universidad (2017-2021) y ha participado en diversos talleres de perfeccionamiento art\u00edstico en el Centro de las Artes de San Agust\u00edn, Etla.<\/p>\n<p>Su obra ha sido presentada en m\u00e1s de veinte exposiciones colectivas, destacando su participaci\u00f3n en &#8220;Ma\u00edz nativo contra ma\u00edz transg\u00e9nico&#8221;, convocada por Francisco Toledo en 2014 en el Centro de las Artes de San Agust\u00edn; en 2015 en el Museo de Arte Popular de la Ciudad de M\u00e9xico; en 2016 en la Print Gallery Woodstock en Sud\u00e1frica; en 2017 en la Galer\u00eda Staniar en Lexington, Estados Unidos; y en 2018 en el Museo de Arte Contempor\u00e1neo de Oaxaca, entre otras.<\/p>\n<p>El libro +50 Artistas Contempor\u00e1neos de Oaxaca lo incluye como uno de los artistas m\u00e1s sobresalientes del estado. Su obra forma parte de importantes colecciones p\u00fablicas, como la de Jos\u00e9 F. G\u00f3mez del Instituto Nacional de Bellas Artes y Literatura-Instituto de Artes Gr\u00e1ficas de Oaxaca, as\u00ed como de colecciones privadas, como la Fundaci\u00f3n Alfredo Harp Hel\u00fa.<br \/>\n<\/td><\/tr><\/tbody><\/table><\/div><style type='text\/css'>.avia-table-1 td:nth-of-type(1):before { content: 'Jos\u00e9 Cruz (Oaxaca, M\u00e9xico)'; } <\/style><\/p><\/div>\n<div class=\"flex_column av_three_fifth  flex_column_div av-zero-column-padding   \" style='border-radius:0px; '><p><div style='padding-bottom:10px;font-size:30px;' class='av-special-heading av-special-heading-h3  blockquote modern-quote   av-inherit-size'><h3 class='av-special-heading-tag'  itemprop=\"headline\"  >Acerca del taller<\/h3><div class='special-heading-border'><div class='special-heading-inner-border' ><\/div><\/div><\/div><br \/>\n<div class='avia-data-table-wrap avia_responsive_table'><table class='avia-table avia-data-table avia-table-2  avia_pricing_default'  itemscope=\"itemscope\" itemtype=\"https:\/\/schema.org\/Table\" ><tbody><tr class='avia-heading-row'><th class=''>LISTA DE SELECCIONADOS<\/th><\/tr><tr class=''><td class=''>Sara Mar\u00eda Mendoza M\u00e9ndez<\/p>\n<p>Sara\u00ed Garc\u00eda Z\u00e1rate<\/p>\n<p>Alejandro Ferm\u00edn Mendoza P\u00e9rez<\/p>\n<p>Valeria Agust\u00edn Aquino<\/p>\n<p>Diego Maldonado Garc\u00eda<\/p>\n<p>Carmen Marina Navarro P\u00e9rez<\/p>\n<p>Samantha Diaz Olivera<\/p>\n<p>Sandra Tapia Garc\u00eda<\/p>\n<p>Nelson Ni\u00f1o Hern\u00e1ndez<\/p>\n<p>Ingrid Evelin Gopar Ar\u00e9valo<\/p>\n<p>Shaamir Emin Trujillo Ni\u00f1o<\/p>\n<p>Diego Jacob Cano<\/p>\n<p>Jordany Mitzel S\u00e1nchez Hern\u00e1ndez<\/p>\n<p>Isabel Weiss Rosenthal<\/p>\n<p>An\u00edbal Vel\u00e1squez Villalobos<br \/>\n<\/td><\/tr><\/tbody><\/table><\/div><style type='text\/css'>.avia-table-2 td:nth-of-type(1):before { content: 'LISTA DE SELECCIONADOS'; } <\/style><br \/>\n<div class='avia-data-table-wrap avia_responsive_table'><table class='avia-table avia-data-table avia-table-3  avia_pricing_default'  itemscope=\"itemscope\" itemtype=\"https:\/\/schema.org\/Table\" ><tbody><tr class='avia-heading-row'><th class=''>Descripci\u00f3n general<\/th><\/tr><tr class=''><td class=''>El taller de grabado en j\u00edcaras est\u00e1 dirigido al p\u00fablico en general, sin importar si tienen o no experiencia previa en las artes pl\u00e1sticas, y est\u00e1 especialmente dise\u00f1ado para aquellos interesados en aprender esta t\u00e9cnica ancestral.<br \/>\n<\/td><\/tr><tr class='avia-heading-row'><th class=''>Objetivo general<\/th><\/tr><tr class=''><td class=''>El objetivo del taller es ense\u00f1ar a los participantes la t\u00e9cnica ancestral del grabado en j\u00edcara, permiti\u00e9ndoles explorar su creatividad y desarrollar habilidades en la creaci\u00f3n de piezas art\u00edsticas \u00fanicas utilizando esta t\u00e9cnica tradicional.<br \/>\n<\/td><\/tr><tr class='avia-heading-row'><th class=''>Objetivos espec\u00edficos<\/th><\/tr><tr class=''><td class=''>1. Introducir a los participantes en la historia y los fundamentos del grabado en j\u00edcara, destacando su relevancia cultural y art\u00edstica.<br \/>\n2. Ense\u00f1ar el uso adecuado de las herramientas y materiales necesarios para la creaci\u00f3n de grabados en j\u00edcara, garantizando un aprendizaje pr\u00e1ctico y seguro.<br \/>\n3. Desarrollar habilidades t\u00e9cnicas b\u00e1sicas de grabado, como la transferencia de im\u00e1genes, el corte y la aplicaci\u00f3n de tinta, para que los participantes puedan ejecutar sus propios dise\u00f1os.<br \/>\n4. Fomentar la creatividad y el dise\u00f1o personal en los participantes, gui\u00e1ndolos en la creaci\u00f3n de proyectos art\u00edsticos a partir de la t\u00e9cnica de grabado en j\u00edcara.<br \/>\n5. Promover el acabado y la conservaci\u00f3n de las piezas, proporcionando conocimientos sobre el secado y la protecci\u00f3n de los trabajos creados.<br \/>\n6. Facilitar la presentaci\u00f3n y difusi\u00f3n de las obras, orientando a los participantes sobre c\u00f3mo exponer y compartir sus piezas en la comunidad.<br \/>\n<\/td><\/tr><tr class='avia-heading-row'><th class=''>Temas<\/th><\/tr><tr class=''><td class=''>1. Introducci\u00f3n al Grabado en J\u00edcara<br \/>\nHistoria y origen de la t\u00e9cnica ancestral<br \/>\nSignificado cultural y art\u00edstico del grabado en j\u00edcara<\/p>\n<p>2. Materiales y Herramientas<br \/>\nTipos de j\u00edcaras y selecci\u00f3n adecuada<br \/>\nHerramientas b\u00e1sicas para el grabado<br \/>\nPreparaci\u00f3n y cuidado de los materiales<\/p>\n<p>3. T\u00e9cnicas B\u00e1sicas de Grabado<br \/>\nT\u00e9cnicas de corte y grabado: incisi\u00f3n, raspado y t\u00e9cnicas mixtas<br \/>\nExperimentaci\u00f3n con texturas y patrones<\/p>\n<p>4. Desarrollo de proyectos personales<br \/>\nExploraci\u00f3n de formas, patrones y temas<br \/>\nComposici\u00f3n en el espacio de la j\u00edcara<\/p>\n<p>5. Acabado y Conservaci\u00f3n<br \/>\nT\u00e9cnicas de secado y acabado de los trabajos<br \/>\nConservaci\u00f3n de las piezas grabadas<br \/>\n<\/td><\/tr><\/tbody><\/table><\/div><style type='text\/css'>.avia-table-3 td:nth-of-type(1):before { content: 'Descripci\u00f3n general'; } <\/style><br \/>\n<div style='padding-bottom:10px;font-size:30px;' class='av-special-heading av-special-heading-h3  blockquote modern-quote   av-inherit-size'><h3 class='av-special-heading-tag'  itemprop=\"headline\"  >Requisitos de inscripci\u00f3n<\/h3><div class='special-heading-border'><div class='special-heading-inner-border' ><\/div><\/div><\/div><br \/>\n<div class='avia-data-table-wrap avia_responsive_table'><table class='avia-table avia-data-table avia-table-4  avia_pricing_default'  itemscope=\"itemscope\" itemtype=\"https:\/\/schema.org\/Table\" ><tbody><tr class='avia-heading-row'><th class=''>&#8211; Personas mayores de 15 a\u00f1os en adelante, que tengan el inter\u00e9s de aprender la t\u00e9cnica.<br \/>\n&#8211; 16 a 20 alumnos seleccionados<br \/>\n<\/th><\/tr><tr class=''><td class=''>&#8211; Si tienes inter\u00e9s deber\u00e1s llenar el formulario con los datos completos que se encuentra en esta p\u00e1gina.<br \/>\n&#8211; La lista de seleccionados se publicar\u00e1 en esta p\u00e1gina, tambi\u00e9n se les notificar\u00e1 v\u00eda correo electr\u00f3nico con los detalles de la actividad.<br \/>\n&#8211; Actividad gratuita.<br \/>\n&#8211; Los talleristas ser\u00e1n los responsables de realizar la selecci\u00f3n de alumnos bajo sus criterios.<br \/>\n<\/td><\/tr><\/tbody><\/table><\/div><style type='text\/css'>.avia-table-4 td:nth-of-type(1):before { content: '\u2013 Personas mayores de 15 a\u00f1os en adelante, que tengan el inter\u00e9s de aprender la t\u00e9cnica.<br \/>\n\u2013 16 a 20 alumnos seleccionados<br \/>\n'; } <\/style><br \/>\n<div class='avia-data-table-wrap avia_responsive_table'><table class='avia-table avia-data-table avia-table-5  avia_pricing_default'  itemscope=\"itemscope\" itemtype=\"https:\/\/schema.org\/Table\" ><tbody><tr class='avia-heading-row'><th class=''>Material que se le solicitar\u00e1 al alumno(a)<\/th><\/tr><tr class=''><td class=''>2 paquetes de lijas<br \/>\n&#8211; 1 paquete de lija #150<br \/>\n&#8211; 1 paquete de lija #220<br \/>\n5 piedras de afilar de doble cara (cara gruesa y fina)<br \/>\nFranelas para limpieza<br \/>\n<\/td><\/tr><\/tbody><\/table><\/div><style type='text\/css'>.avia-table-5 td:nth-of-type(1):before { content: 'Material que se le solicitar\u00e1 al alumno(a)'; } <\/style><br \/>\n<div class='avia-data-table-wrap avia_responsive_table'><table class='avia-table avia-data-table avia-table-6  avia_pricing_default'  itemscope=\"itemscope\" itemtype=\"https:\/\/schema.org\/Table\" ><tbody><tr class='avia-heading-row'><th class=''>Nota para los seleccionados<\/th><\/tr><tr class=''><td class=''>&#8211; Clases presenciales en (Gr\u00e1fica tradicional) del CaSa<br \/>\n&#8211; Se dejar\u00e1n ejercicios espec\u00edficos a cada estudiante, es fundamental realizarlos para continuar con la siguiente clase.<br \/>\n&#8211; Tener el compromiso y el tiempo para llevar a cabo el taller, ya que las inasistencias injustificadas ser\u00e1n motivo de suspensi\u00f3n y no podr\u00e1 ingresar a talleres futuros.<br \/>\n&#8211; Durante el taller nos estaremos comunicando por medio de mensajes en un grupo de WhatsApp, por ser una herramienta m\u00e1s r\u00e1pida para poder tener una mejor comunicaci\u00f3n con lo que respecta al taller.<br \/>\n<\/td><\/tr><\/tbody><\/table><\/div><style type='text\/css'>.avia-table-6 td:nth-of-type(1):before { content: 'Nota para los seleccionados'; } <\/style><br \/>\n<div id='av-masonry-1' class='av-masonry noHover av-fixed-size av-large-gap av-hover-overlay-active av-masonry-col-flexible av-caption-always av-caption-style- av-masonry-gallery  '  ><div class='av-masonry-container isotope av-js-disabled ' ><div class='av-masonry-entry isotope-item av-masonry-item-no-image '><\/div><a href=\"https:\/\/casa.oaxaca.gob.mx\/wp-content\/uploads\/2025\/05\/Jicara-1-1030x437.jpg\" id='av-masonry-1-item-15803' data-av-masonry-item='15803' class='av-masonry-entry isotope-item post-15803 attachment type-attachment status-inherit hentry  av-masonry-item-with-image' title=\"\"  itemprop=\"thumbnailUrl\" ><div class='av-inner-masonry-sizer'><\/div><figure class='av-inner-masonry main_color'><div class=\"av-masonry-outerimage-container\"><div class=\"av-masonry-image-container\" style=\"background-image: url(https:\/\/casa.oaxaca.gob.mx\/wp-content\/uploads\/2025\/05\/Jicara-1-705x299.jpg);\"><img decoding=\"async\" src=\"https:\/\/casa.oaxaca.gob.mx\/wp-content\/uploads\/2025\/05\/Jicara-1-705x299.jpg\" title=\"Jicara\" alt=\"\" \/><\/div><\/div><\/figure><\/a><!--end av-masonry entry--><\/div><\/div><\/p><\/div>\n","protected":false},"excerpt":{"rendered":"","protected":false},"author":1,"featured_media":15801,"comment_status":"open","ping_status":"open","sticky":false,"template":"","format":"standard","meta":{"_exactmetrics_skip_tracking":false,"_exactmetrics_sitenote_active":false,"_exactmetrics_sitenote_note":"","_exactmetrics_sitenote_category":0,"footnotes":""},"categories":[204],"tags":[],"class_list":["post-15799","post","type-post","status-publish","format-standard","has-post-thumbnail","hentry","category-204"],"_links":{"self":[{"href":"https:\/\/casa.oaxaca.gob.mx\/index.php?rest_route=\/wp\/v2\/posts\/15799","targetHints":{"allow":["GET"]}}],"collection":[{"href":"https:\/\/casa.oaxaca.gob.mx\/index.php?rest_route=\/wp\/v2\/posts"}],"about":[{"href":"https:\/\/casa.oaxaca.gob.mx\/index.php?rest_route=\/wp\/v2\/types\/post"}],"author":[{"embeddable":true,"href":"https:\/\/casa.oaxaca.gob.mx\/index.php?rest_route=\/wp\/v2\/users\/1"}],"replies":[{"embeddable":true,"href":"https:\/\/casa.oaxaca.gob.mx\/index.php?rest_route=%2Fwp%2Fv2%2Fcomments&post=15799"}],"version-history":[{"count":2,"href":"https:\/\/casa.oaxaca.gob.mx\/index.php?rest_route=\/wp\/v2\/posts\/15799\/revisions"}],"predecessor-version":[{"id":15878,"href":"https:\/\/casa.oaxaca.gob.mx\/index.php?rest_route=\/wp\/v2\/posts\/15799\/revisions\/15878"}],"wp:featuredmedia":[{"embeddable":true,"href":"https:\/\/casa.oaxaca.gob.mx\/index.php?rest_route=\/wp\/v2\/media\/15801"}],"wp:attachment":[{"href":"https:\/\/casa.oaxaca.gob.mx\/index.php?rest_route=%2Fwp%2Fv2%2Fmedia&parent=15799"}],"wp:term":[{"taxonomy":"category","embeddable":true,"href":"https:\/\/casa.oaxaca.gob.mx\/index.php?rest_route=%2Fwp%2Fv2%2Fcategories&post=15799"},{"taxonomy":"post_tag","embeddable":true,"href":"https:\/\/casa.oaxaca.gob.mx\/index.php?rest_route=%2Fwp%2Fv2%2Ftags&post=15799"}],"curies":[{"name":"wp","href":"https:\/\/api.w.org\/{rel}","templated":true}]}}