{"id":15852,"date":"2025-05-21T10:37:56","date_gmt":"2025-05-21T16:37:56","guid":{"rendered":"https:\/\/casa.oaxaca.gob.mx\/?p=15852"},"modified":"2026-01-22T13:52:28","modified_gmt":"2026-01-22T19:52:28","slug":"taller-presencial-historias-compartidas-elaboracion-de-proyectos-documentales-de-retrato-colaborativo-imparte-eva-alicia-lapiz-roman","status":"publish","type":"post","link":"https:\/\/casa.oaxaca.gob.mx\/?p=15852","title":{"rendered":"Taller presencial. &#8220;Historias Compartidas&#8221; Elaboraci\u00f3n de proyectos documentales de retrato colaborativo. Imparte: Eva Alicia L\u00e9piz Rom\u00e1n."},"content":{"rendered":"<\/div><\/div><\/div><!-- close content main div --><\/div><\/div><div id='av_section_1' class='avia-section main_color avia-section-no-padding avia-no-border-styling avia-full-stretch av-parallax-section avia-bg-style-parallax  av-minimum-height av-minimum-height-75 container_wrap fullsize'  data-section-bg-repeat='stretch' ><div class='av-parallax' data-avia-parallax-ratio='0.3' ><div class='av-parallax-inner main_color  avia-full-stretch' style = 'background-repeat: no-repeat; background-image: url(https:\/\/casa.oaxaca.gob.mx\/wp-content\/uploads\/2025\/05\/EvaLepiz-scaled.jpg); background-attachment: scroll; background-position: bottom center; ' ><\/div><\/div><div class='container' ><div class='template-page content  av-content-full alpha units'><div class='post-entry post-entry-type-page post-entry-15852'><div class='entry-content-wrapper clearfix'>\n<div style='padding-bottom:10px;color:#ffffff;font-size:50px;' class='av-special-heading av-special-heading-h3 custom-color-heading blockquote modern-quote  av-inherit-size'><h3 class='av-special-heading-tag'  itemprop=\"headline\"  >Taller presencial. <span class='special_amp'>\u201c<\/span>Historias Compartidas<span class='special_amp'>\u201d<\/span> Elaboraci\u00f3n de Proyectos Documentales de Retrato Colaborativo.<\/h3><div class ='av-subheading av-subheading_below av_custom_color' style='font-size:25px;'><p>Imparte: Eva Alicia L\u00e9piz Rom\u00e1n<\/p>\n<\/div><div class='special-heading-border'><div class='special-heading-inner-border' style='border-color:#ffffff'><\/div><\/div><\/div>\n\n<\/div><\/div><\/div><!-- close content main div --><\/div><\/div><div id='av-layout-grid-1' class='av-layout-grid-container entry-content-wrapper main_color av-flex-cells  container_wrap fullsize'   >\n<div class=\"flex_cell no_margin av_one_full   \" style='vertical-align:top; padding:30px; background-color:#ED9600; '><div class='flex_cell_inner' ><p><div class=\"flex_column av_one_fourth  flex_column_div av-zero-column-padding first  \" style='border-radius:0px; '><div style='padding-bottom:10px;color:#ffffff;' class='av-special-heading av-special-heading-h3 custom-color-heading blockquote modern-quote '><h3 class='av-special-heading-tag'  itemprop=\"headline\"  >Cierre de inscripciones<\/h3><div class ='av-subheading av-subheading_below av_custom_color' style='font-size:20px;'><p>Viernes 4 de julio de 2025<\/p>\n<p>Publicaci\u00f3n de resultados<br \/>\nS\u00e1bado 5 de julio de 2025<\/p>\n<\/div><div class='special-heading-border'><div class='special-heading-inner-border' style='border-color:#ffffff'><\/div><\/div><\/div><\/div><div class=\"flex_column av_one_fourth  flex_column_div av-zero-column-padding   \" style='border-radius:0px; '><div style='padding-bottom:10px;color:#ffffff;' class='av-special-heading av-special-heading-h3 custom-color-heading blockquote modern-quote  '><h3 class='av-special-heading-tag'  itemprop=\"headline\"  >Fechas<\/h3><div class ='av-subheading av-subheading_below av_custom_color' style='font-size:20px;'><p>Mi\u00e9rcoles y viernes<br \/>\nDel 9 al 23 de julio<\/p>\n<\/div><div class='special-heading-border'><div class='special-heading-inner-border' style='border-color:#ffffff'><\/div><\/div><\/div><\/div><div class=\"flex_column av_one_fourth  flex_column_div av-zero-column-padding   \" style='border-radius:0px; '><div style='padding-bottom:10px;color:#ffffff;' class='av-special-heading av-special-heading-h3 custom-color-heading blockquote modern-quote  '><h3 class='av-special-heading-tag'  itemprop=\"headline\"  >Horario<\/h3><div class ='av-subheading av-subheading_below av_custom_color' style='font-size:20px;'><p>De 15 a 19 horas<\/p>\n<\/div><div class='special-heading-border'><div class='special-heading-inner-border' style='border-color:#ffffff'><\/div><\/div><\/div><\/div><div class=\"flex_column av_one_fourth  flex_column_div av-zero-column-padding   \" style='border-radius:0px; '><section class=\"avia_codeblock_section avia_code_block_0\"  itemscope=\"itemscope\" itemtype=\"https:\/\/schema.org\/BlogPosting\" itemprop=\"blogPost\" ><div class='avia_codeblock '  itemprop=\"text\" > [avia_codeblock_placeholder uid=\"0\"] <\/div><\/section><\/div><\/p>\n<\/div><\/div>\n<\/div>\n<div class=\"flex_column av_two_fifth  flex_column_div av-zero-column-padding first  \" style='border-radius:0px; '><p><div class='av-social-sharing-box '><div class='av-share-box'><h5 class='av-share-link-description'>Compartir esta actividad<\/h5><ul class='av-share-box-list noLightbox'><li class='av-share-link av-social-link-facebook' ><a target='_blank' href='http:\/\/www.facebook.com\/sharer.php?u=https:\/\/casa.oaxaca.gob.mx\/?p=15852&amp;t=Taller%20presencial.%20%E2%80%9CHistorias%20Compartidas%E2%80%9D%20Elaboraci%C3%B3n%20de%20proyectos%20documentales%20de%20retrato%20colaborativo.%20Imparte%3A%20Eva%20Alicia%20L%C3%A9piz%20Rom%C3%A1n.' aria-hidden='true' data-av_icon='\ue8f3' data-av_iconfont='entypo-fontello' title='' data-avia-related-tooltip='Share on Facebook'><span class='avia_hidden_link_text'>Share on Facebook<\/span><\/a><\/li><li class='av-share-link av-social-link-twitter' ><a target='_blank' href='https:\/\/twitter.com\/share?text=Taller%20presencial.%20%E2%80%9CHistorias%20Compartidas%E2%80%9D%20Elaboraci%C3%B3n%20de%20proyectos%20documentales%20de%20retrato%20colaborativo.%20Imparte%3A%20Eva%20Alicia%20L%C3%A9piz%20Rom%C3%A1n.&url=https:\/\/casa.oaxaca.gob.mx\/?p=15852' aria-hidden='true' data-av_icon='\ue8f1' data-av_iconfont='entypo-fontello' title='' data-avia-related-tooltip='Share on Twitter'><span class='avia_hidden_link_text'>Share on Twitter<\/span><\/a><\/li><li class='av-share-link av-social-link-gplus' ><a target='_blank' href='https:\/\/plus.google.com\/share?url=https:\/\/casa.oaxaca.gob.mx\/?p=15852' aria-hidden='true' data-av_icon='\ue8f6' data-av_iconfont='entypo-fontello' title='' data-avia-related-tooltip='Share on Google+'><span class='avia_hidden_link_text'>Share on Google+<\/span><\/a><\/li><li class='av-share-link av-social-link-pinterest' ><a target='_blank' href='http:\/\/pinterest.com\/pin\/create\/button\/?url=https%3A%2F%2Fcasa.oaxaca.gob.mx%2F%3Fp%3D15852&amp;description=Taller%20presencial.%20%E2%80%9CHistorias%20Compartidas%E2%80%9D%20Elaboraci%C3%B3n%20de%20proyectos%20documentales%20de%20retrato%20colaborativo.%20Imparte%3A%20Eva%20Alicia%20L%C3%A9piz%20Rom%C3%A1n.&amp;media=https%3A%2F%2Fcasa.oaxaca.gob.mx%2Fwp-content%2Fuploads%2F2025%2F05%2Fc-EvaLepiz-705x484.jpg' aria-hidden='true' data-av_icon='\ue8f8' data-av_iconfont='entypo-fontello' title='' data-avia-related-tooltip='Share on Pinterest'><span class='avia_hidden_link_text'>Share on Pinterest<\/span><\/a><\/li><li class='av-share-link av-social-link-mail' ><a  href='mailto:?subject=Taller%20presencial.%20%E2%80%9CHistorias%20Compartidas%E2%80%9D%20Elaboraci%C3%B3n%20de%20proyectos%20documentales%20de%20retrato%20colaborativo.%20Imparte%3A%20Eva%20Alicia%20L%C3%A9piz%20Rom%C3%A1n.&amp;body=https:\/\/casa.oaxaca.gob.mx\/?p=15852' aria-hidden='true' data-av_icon='\ue805' data-av_iconfont='entypo-fontello' title='' data-avia-related-tooltip='Share by Mail'><span class='avia_hidden_link_text'>Share by Mail<\/span><\/a><\/li><\/ul><\/div><\/div><br \/>\n<div  class='hr hr-default '><span class='hr-inner ' ><span class='hr-inner-style'><\/span><\/span><\/div><br \/>\n<div style='padding-bottom:10px;font-size:30px;' class='av-special-heading av-special-heading-h3  blockquote modern-quote   av-inherit-size'><h3 class='av-special-heading-tag'  itemprop=\"headline\"  >Sobre la tallerista<\/h3><div class='special-heading-border'><div class='special-heading-inner-border' ><\/div><\/div><\/div><br \/>\n<div class='avia-data-table-wrap avia_responsive_table'><table class='avia-table avia-data-table avia-table-1  avia_pricing_default'  itemscope=\"itemscope\" itemtype=\"https:\/\/schema.org\/Table\" ><tbody><tr class='avia-heading-row'><th class=''>Eva Alicia L\u00e9piz Rom\u00e1n* (M\u00e9xico)<\/th><\/tr><tr class=''><td class=''>Eva L\u00e9piz es una fot\u00f3grafa independiente, realiza trabajos documentales, editoriales y comerciales; imparte clases en los programas del CFMAB y el CaSa. Ha participado en talleres como el Seminario de Fotograf\u00eda Contempor\u00e1nea del Centro de la Imagen y el CaSa, el Foundry Photojournalism Workshop, Diplomado de Fotograf\u00eda Documental con Joan Liftin y Antoine D\u2019Agata, ha participado en el New York Portfolio Review, recibi\u00f3 en equipo el Covid-19 Emergency Fund for Journalists de National Geographic, finalista en la convocatoria \u201cBeyond The Silence\u201d de Magnum Foundation, seleccionada para el programa de Residencias Art\u00edsticas de la Secretar\u00eda de Cultura para el \u201cTbilisi Photo Festival\u201d en Georgia para 2025, alumna de VII Academy. Ha publicado en LA Times, The WaPo, Insider, Les Echos, Americas Quarterly, Gatopardo, S\u00fcddeutsche Zeitung Magazine, The Wall Street Journal. Ha exhibido individualmente en Texas, Oaxaca; en exhibiciones colectivas como Lu\u2019 Biaanni, entre otras. Forma parte de la \u201cColecci\u00f3n Toledo de Fotograf\u00eda\u201d.<\/p>\n<p>*Beneficiaria de la vertiente Residencias Art\u00edsticas 2024<\/td><\/tr><\/tbody><\/table><\/div><style type='text\/css'>.avia-table-1 td:nth-of-type(1):before { content: 'Eva Alicia L\u00e9piz Rom\u00e1n* (M\u00e9xico)'; } <\/style><br \/>\n<section class=\"avia_codeblock_section avia_code_block_1\"  itemscope=\"itemscope\" itemtype=\"https:\/\/schema.org\/BlogPosting\" itemprop=\"blogPost\" ><div class='avia_codeblock '  itemprop=\"text\" > [avia_codeblock_placeholder uid=\"1\"] <\/div><\/section><\/p><\/div>\n<div class=\"flex_column av_three_fifth  flex_column_div av-zero-column-padding   \" style='border-radius:0px; '><p><div style='padding-bottom:10px;font-size:30px;' class='av-special-heading av-special-heading-h3  blockquote modern-quote   av-inherit-size'><h3 class='av-special-heading-tag'  itemprop=\"headline\"  >Acerca del taller<\/h3><div class='special-heading-border'><div class='special-heading-inner-border' ><\/div><\/div><\/div><br \/>\n<div class='avia-data-table-wrap avia_responsive_table'><table class='avia-table avia-data-table avia-table-2  avia_pricing_default'  itemscope=\"itemscope\" itemtype=\"https:\/\/schema.org\/Table\" ><tbody><tr class='avia-heading-row'><th class=''>LISTA DE SELECCIONADOS<\/th><\/tr><tr class=''><td class=''>Aisha Nahid Jim\u00e9nez Salinas<br \/>\nWilberth Alejandro V\u00e1squez Luna<\/p>\n<p>Alejandro S\u00e1nchez Valencia<\/p>\n<p>Saabianni Labastida Ortiz<\/p>\n<p>Caty Karime Matadamas Ju\u00e1rez<\/p>\n<p>Mariana Andr\u00e9s Garc\u00eda<\/p>\n<p>Jos\u00e9 Antonio Jim\u00e9nez L\u00f3pez<\/p>\n<p>Margarita Manuel Ponce<\/p>\n<p>Oscar Iv\u00e1n Salazar Ruiz<\/p>\n<p>Adilene Aldonsa Santiago Soriano<\/p>\n<p>Armida Marisol Ojeda Osorio<\/p>\n<p>Pablo Yael Teodocio Bel\u00e9n<\/p>\n<p>Adiv Gonz\u00e1lez Mu\u00f1oz<\/p>\n<p>Said Santiago Bola\u00f1os<\/p>\n<p>Lizett Galindo Cruz<\/p>\n<p>Bernardo Jos\u00e9 P\u00e9rez de la Torre<\/p>\n<p>Jonathan Gilbert Ruiz Olmos<\/p>\n<p>Alejandro Montes Gonz\u00e1lez<br \/>\n<\/td><\/tr><\/tbody><\/table><\/div><style type='text\/css'>.avia-table-2 td:nth-of-type(1):before { content: 'LISTA DE SELECCIONADOS'; } <\/style><br \/>\n<div class='avia-data-table-wrap avia_responsive_table'><table class='avia-table avia-data-table avia-table-3  avia_pricing_default'  itemscope=\"itemscope\" itemtype=\"https:\/\/schema.org\/Table\" ><tbody><tr class='avia-heading-row'><th class=''>Descripci\u00f3n general<\/th><\/tr><tr class=''><td class=''>Este taller intensivo de cinco sesiones, impartido a lo largo de tres semanas, gu\u00eda a los participantes en la creaci\u00f3n de proyectos fotogr\u00e1ficos documentales donde el retrato se construye de forma conjunta con las personas retratadas. A lo largo del proceso, se profundizar\u00e1 en c\u00f3mo establecer relaciones \u00e9ticas y de confianza con los sujetos, construir una narrativa visual respetuosa y poderosa, e integrar el testimonio, el contexto y la imagen en una obra coherente y significativa. Cada participante desarrollar\u00e1 el inicio de un proyecto documental, comenzando con la elecci\u00f3n de un tema o comunidad, seguido de investigaci\u00f3n, entrevistas y registro fotogr\u00e1fico, hasta llegar a una primera edici\u00f3n, con posibilidad de ser proyectada en la sesi\u00f3n final. M\u00e1s all\u00e1 del aspecto t\u00e9cnico, el taller propone cultivar una mirada emp\u00e1tica, cr\u00edtica y sensible sobre la pr\u00e1ctica documental, promoviendo una relaci\u00f3n horizontal entre el fot\u00f3grafo y las personas retratadas. Es indispensable que cada participante disponga de tiempo personal para realizar entrevistas y registros visuales fuera de clase. Durante las sesiones, se realizar\u00e1 una revisi\u00f3n colectiva del material fotogr\u00e1fico producido.<br \/>\n<\/td><\/tr><tr class='avia-heading-row'><th class=''>Objetivo general<\/th><\/tr><tr class=''><td class=''>Brindar a los participantes las herramientas te\u00f3ricas y pr\u00e1cticas necesarias para desarrollar un proyecto fotogr\u00e1fico documental con enfoque colaborativo, \u00e9tico y narrativo, que les permita construir retratos visuales aut\u00e9nticos a trav\u00e9s de la investigaci\u00f3n, el trabajo de campo y la creaci\u00f3n conjunta con las personas retratadas.<br \/>\n<\/td><\/tr><tr class='avia-heading-row'><th class=''>Objetivos espec\u00edficos<\/th><\/tr><tr class=''><td class=''>&#8211; Comprender los principios \u00e9ticos y narrativos fundamentales del retrato colaborativo en la fotograf\u00eda documental.<br \/>\n&#8211; Desarrollar un proyecto documental fotogr\u00e1fico desde la elecci\u00f3n del tema o comunidad hasta la presentaci\u00f3n de una edici\u00f3n preliminar.<br \/>\n&#8211; Adquirir y aplicar t\u00e9cnicas de acercamiento, entrevista y trabajo de campo con sujetos retratados desde una perspectiva respetuosa y participativa.<br \/>\n&#8211; Fortalecer habilidades de observaci\u00f3n, composici\u00f3n y narraci\u00f3n visual para construir relatos coherentes y sensibles.<br \/>\n&#8211; Construir un portafolio inicial que refleje un enfoque documental aut\u00e9ntico, cr\u00edtico y emp\u00e1tico.<br \/>\n<\/td><\/tr><tr class='avia-heading-row'><th class=''>Temas<\/th><\/tr><tr class=''><td class=''>1. Introducci\u00f3n al retrato documental colaborativo<br \/>\n2. Conceptualizaci\u00f3n y planteamiento de proyectos<br \/>\n3. B\u00fasqueda de contactos y construcci\u00f3n de confianza<br \/>\n4. T\u00e9cnicas de entrevista en proyectos visuales<br \/>\n5. Registro fotogr\u00e1fico respetuoso y narrativo<br \/>\n6. Selecci\u00f3n y edici\u00f3n de im\u00e1genes para storytelling<br \/>\n7. Presentaci\u00f3n final de proyectos documentales<br \/>\n<\/td><\/tr><\/tbody><\/table><\/div><style type='text\/css'>.avia-table-3 td:nth-of-type(1):before { content: 'Descripci\u00f3n general'; } <\/style><br \/>\n<div style='padding-bottom:10px;font-size:30px;' class='av-special-heading av-special-heading-h3  blockquote modern-quote   av-inherit-size'><h3 class='av-special-heading-tag'  itemprop=\"headline\"  >Requisitos de inscripci\u00f3n<\/h3><div class='special-heading-border'><div class='special-heading-inner-border' ><\/div><\/div><\/div><br \/>\n<div class='avia-data-table-wrap avia_responsive_table'><table class='avia-table avia-data-table avia-table-4  avia_pricing_default'  itemscope=\"itemscope\" itemtype=\"https:\/\/schema.org\/Table\" ><tbody><tr class='avia-heading-row'><th class=''>&#8211; Dirigido a interesados en fotograf\u00eda documental, retrato e historias humanas, con enfoque \u00e9tico y participativo. Requiere tiempo para ejercicios en campo durante tres semanas.<\/th><\/tr><tr class=''><td class=''>&#8211; Si tienes inter\u00e9s deber\u00e1s llenar el formulario con los datos completos que se encuentra en esta p\u00e1gina.<br \/>\n&#8211; La lista de seleccionados se publicar\u00e1 en esta p\u00e1gina, tambi\u00e9n se les notificar\u00e1 v\u00eda correo electr\u00f3nico con los detalles de la actividad.<br \/>\n&#8211; Actividad gratuita.<br \/>\n&#8211; Los talleristas ser\u00e1n los responsables de realizar la selecci\u00f3n de alumnos bajo sus criterios.<br \/>\n<\/td><\/tr><\/tbody><\/table><\/div><style type='text\/css'>.avia-table-4 td:nth-of-type(1):before { content: '\u2013 Dirigido a interesados en fotograf\u00eda documental, retrato e historias humanas, con enfoque \u00e9tico y participativo. Requiere tiempo para ejercicios en campo durante tres semanas.'; } <\/style><br \/>\n<div class='avia-data-table-wrap avia_responsive_table'><table class='avia-table avia-data-table avia-table-5  avia_pricing_default'  itemscope=\"itemscope\" itemtype=\"https:\/\/schema.org\/Table\" ><tbody><tr class='avia-heading-row'><th class=''>Material que se le solicitar\u00e1 al alumno(a)<\/th><\/tr><tr class=''><td class=''>&#8211; Tiempo y disposici\u00f3n para trabajar durante tres semanas en el arranque de un proyecto fotogr\u00e1fico.<br \/>\n&#8211; C\u00e1mara fotogr\u00e1fica, puede ser cualquier dispositivo siempre y cuando se pueda entregar la edici\u00f3n de fotos a tiempo para la revisi\u00f3n en clase. Computadora y software de edici\u00f3n.<br \/>\n<\/td><\/tr><\/tbody><\/table><\/div><style type='text\/css'>.avia-table-5 td:nth-of-type(1):before { content: 'Material que se le solicitar\u00e1 al alumno(a)'; } <\/style><br \/>\n<div class='avia-data-table-wrap avia_responsive_table'><table class='avia-table avia-data-table avia-table-6  avia_pricing_default'  itemscope=\"itemscope\" itemtype=\"https:\/\/schema.org\/Table\" ><tbody><tr class='avia-heading-row'><th class=''>Nota para los seleccionados<\/th><\/tr><tr class=''><td class=''>&#8211; Clases presenciales en el Laboratorio de fotograf\u00eda del CaSa<br \/>\n&#8211; Se dejar\u00e1n ejercicios espec\u00edficos a cada estudiante, es fundamental realizarlos para continuar con la siguiente clase.<br \/>\n&#8211; Tener el compromiso y el tiempo para llevar a cabo el taller, ya que las inasistencias injustificadas ser\u00e1n motivo de suspensi\u00f3n y no podr\u00e1 ingresar a talleres futuros.<br \/>\n&#8211; Durante el taller nos estaremos comunicando por medio de mensajes en un grupo de WhatsApp, por ser una herramienta m\u00e1s r\u00e1pida para poder tener una mejor comunicaci\u00f3n con lo que respecta al taller.<br \/>\n<\/td><\/tr><\/tbody><\/table><\/div><style type='text\/css'>.avia-table-6 td:nth-of-type(1):before { content: 'Nota para los seleccionados'; } <\/style><br \/>\n<div id='av-masonry-1' class='av-masonry noHover av-fixed-size av-large-gap av-hover-overlay-active av-masonry-col-flexible av-caption-always av-caption-style- av-masonry-gallery  '  ><div class='av-masonry-container isotope av-js-disabled ' ><div class='av-masonry-entry isotope-item av-masonry-item-no-image '><\/div><a href=\"https:\/\/casa.oaxaca.gob.mx\/wp-content\/uploads\/2025\/05\/lepiz_070525_0816-710x1030.jpg\" id='av-masonry-1-item-15854' data-av-masonry-item='15854' class='av-masonry-entry isotope-item post-15854 attachment type-attachment status-inherit hentry  av-masonry-item-with-image' title=\"\"  itemprop=\"thumbnailUrl\" ><div class='av-inner-masonry-sizer'><\/div><figure class='av-inner-masonry main_color'><div class=\"av-masonry-outerimage-container\"><div class=\"av-masonry-image-container\" style=\"background-image: url(https:\/\/casa.oaxaca.gob.mx\/wp-content\/uploads\/2025\/05\/lepiz_070525_0816-486x705.jpg);\"><img decoding=\"async\" src=\"https:\/\/casa.oaxaca.gob.mx\/wp-content\/uploads\/2025\/05\/lepiz_070525_0816-486x705.jpg\" title=\"lepiz_070525_0816\" alt=\"\" \/><\/div><\/div><\/figure><\/a><!--end av-masonry entry--><a href=\"https:\/\/casa.oaxaca.gob.mx\/wp-content\/uploads\/2025\/05\/lepiz_070525_0818-687x1030.jpg\" id='av-masonry-1-item-15855' data-av-masonry-item='15855' class='av-masonry-entry isotope-item post-15855 attachment type-attachment status-inherit hentry  av-masonry-item-with-image' title=\"\"  itemprop=\"thumbnailUrl\" ><div class='av-inner-masonry-sizer'><\/div><figure class='av-inner-masonry main_color'><div class=\"av-masonry-outerimage-container\"><div class=\"av-masonry-image-container\" style=\"background-image: url(https:\/\/casa.oaxaca.gob.mx\/wp-content\/uploads\/2025\/05\/lepiz_070525_0818-470x705.jpg);\"><img decoding=\"async\" src=\"https:\/\/casa.oaxaca.gob.mx\/wp-content\/uploads\/2025\/05\/lepiz_070525_0818-470x705.jpg\" title=\"lepiz_070525_0818\" alt=\"\" \/><\/div><\/div><\/figure><\/a><!--end av-masonry entry--><\/div><\/div><\/p><\/div>\n","protected":false},"excerpt":{"rendered":"","protected":false},"author":1,"featured_media":15856,"comment_status":"open","ping_status":"open","sticky":false,"template":"","format":"standard","meta":{"_exactmetrics_skip_tracking":false,"_exactmetrics_sitenote_active":false,"_exactmetrics_sitenote_note":"","_exactmetrics_sitenote_category":0,"footnotes":""},"categories":[204],"tags":[],"class_list":["post-15852","post","type-post","status-publish","format-standard","has-post-thumbnail","hentry","category-204"],"_links":{"self":[{"href":"https:\/\/casa.oaxaca.gob.mx\/index.php?rest_route=\/wp\/v2\/posts\/15852","targetHints":{"allow":["GET"]}}],"collection":[{"href":"https:\/\/casa.oaxaca.gob.mx\/index.php?rest_route=\/wp\/v2\/posts"}],"about":[{"href":"https:\/\/casa.oaxaca.gob.mx\/index.php?rest_route=\/wp\/v2\/types\/post"}],"author":[{"embeddable":true,"href":"https:\/\/casa.oaxaca.gob.mx\/index.php?rest_route=\/wp\/v2\/users\/1"}],"replies":[{"embeddable":true,"href":"https:\/\/casa.oaxaca.gob.mx\/index.php?rest_route=%2Fwp%2Fv2%2Fcomments&post=15852"}],"version-history":[{"count":7,"href":"https:\/\/casa.oaxaca.gob.mx\/index.php?rest_route=\/wp\/v2\/posts\/15852\/revisions"}],"predecessor-version":[{"id":16363,"href":"https:\/\/casa.oaxaca.gob.mx\/index.php?rest_route=\/wp\/v2\/posts\/15852\/revisions\/16363"}],"wp:featuredmedia":[{"embeddable":true,"href":"https:\/\/casa.oaxaca.gob.mx\/index.php?rest_route=\/wp\/v2\/media\/15856"}],"wp:attachment":[{"href":"https:\/\/casa.oaxaca.gob.mx\/index.php?rest_route=%2Fwp%2Fv2%2Fmedia&parent=15852"}],"wp:term":[{"taxonomy":"category","embeddable":true,"href":"https:\/\/casa.oaxaca.gob.mx\/index.php?rest_route=%2Fwp%2Fv2%2Fcategories&post=15852"},{"taxonomy":"post_tag","embeddable":true,"href":"https:\/\/casa.oaxaca.gob.mx\/index.php?rest_route=%2Fwp%2Fv2%2Ftags&post=15852"}],"curies":[{"name":"wp","href":"https:\/\/api.w.org\/{rel}","templated":true}]}}