{"id":15861,"date":"2025-05-21T10:56:19","date_gmt":"2025-05-21T16:56:19","guid":{"rendered":"https:\/\/casa.oaxaca.gob.mx\/?p=15861"},"modified":"2026-01-22T13:52:28","modified_gmt":"2026-01-22T19:52:28","slug":"taller-presencial-creacion-literaria-en-lenguas-originarias-imparte-fernanda-lorenzo-ortiz","status":"publish","type":"post","link":"https:\/\/casa.oaxaca.gob.mx\/?p=15861","title":{"rendered":"Taller presencial. Creaci\u00f3n literaria en lenguas originarias. Imparte: Fernanda Lorenzo Ortiz."},"content":{"rendered":"<\/div><\/div><\/div><!-- close content main div --><\/div><\/div><div id='av_section_1' class='avia-section main_color avia-section-no-padding avia-no-border-styling avia-full-stretch av-parallax-section avia-bg-style-parallax  av-minimum-height av-minimum-height-75 container_wrap fullsize'  data-section-bg-repeat='stretch' ><div class='av-parallax' data-avia-parallax-ratio='0.3' ><div class='av-parallax-inner main_color  avia-full-stretch' style = 'background-repeat: no-repeat; background-image: url(https:\/\/casa.oaxaca.gob.mx\/wp-content\/uploads\/2025\/05\/POESIA-scaled.jpg); background-attachment: scroll; background-position: bottom center; ' ><\/div><\/div><div class='container' ><div class='template-page content  av-content-full alpha units'><div class='post-entry post-entry-type-page post-entry-15861'><div class='entry-content-wrapper clearfix'>\n<div style='padding-bottom:10px;color:#ffffff;font-size:50px;' class='av-special-heading av-special-heading-h3 custom-color-heading blockquote modern-quote  av-inherit-size'><h3 class='av-special-heading-tag'  itemprop=\"headline\"  >Taller presencial. Creaci\u00f3n literaria en lenguas originarias.<\/h3><div class ='av-subheading av-subheading_below av_custom_color' style='font-size:25px;'><p>Imparte: Fernanda Lorenzo Ortiz<\/p>\n<\/div><div class='special-heading-border'><div class='special-heading-inner-border' style='border-color:#ffffff'><\/div><\/div><\/div>\n\n<\/div><\/div><\/div><!-- close content main div --><\/div><\/div><div id='av-layout-grid-1' class='av-layout-grid-container entry-content-wrapper main_color av-flex-cells  container_wrap fullsize'   >\n<div class=\"flex_cell no_margin av_one_full   \" style='vertical-align:top; padding:30px; background-color:#ED9600; '><div class='flex_cell_inner' ><p><div class=\"flex_column av_one_fourth  flex_column_div av-zero-column-padding first  \" style='border-radius:0px; '><div style='padding-bottom:10px;color:#ffffff;' class='av-special-heading av-special-heading-h3 custom-color-heading blockquote modern-quote '><h3 class='av-special-heading-tag'  itemprop=\"headline\"  >Cierre de inscripciones<\/h3><div class ='av-subheading av-subheading_below av_custom_color' style='font-size:20px;'><p>Lunes 23 de junio de 2025<\/p>\n<p>Publicaci\u00f3n de resultados<br \/>\nMi\u00e9rcoles 25 de junio de 2025<\/p>\n<\/div><div class='special-heading-border'><div class='special-heading-inner-border' style='border-color:#ffffff'><\/div><\/div><\/div><\/div><div class=\"flex_column av_one_fourth  flex_column_div av-zero-column-padding   \" style='border-radius:0px; '><div style='padding-bottom:10px;color:#ffffff;' class='av-special-heading av-special-heading-h3 custom-color-heading blockquote modern-quote '><h3 class='av-special-heading-tag'  itemprop=\"headline\"  >Fechas<\/h3><div class ='av-subheading av-subheading_below av_custom_color' style='font-size:20px;'><p>Lunes a viernes<br \/>\nDel 7 al 11 de julio<\/p>\n<\/div><div class='special-heading-border'><div class='special-heading-inner-border' style='border-color:#ffffff'><\/div><\/div><\/div><\/div><div class=\"flex_column av_one_fourth  flex_column_div av-zero-column-padding   \" style='border-radius:0px; '><div style='padding-bottom:10px;color:#ffffff;' class='av-special-heading av-special-heading-h3 custom-color-heading blockquote modern-quote '><h3 class='av-special-heading-tag'  itemprop=\"headline\"  >Horario<\/h3><div class ='av-subheading av-subheading_below av_custom_color' style='font-size:20px;'><p>De 10 a 14 horas<\/p>\n<\/div><div class='special-heading-border'><div class='special-heading-inner-border' style='border-color:#ffffff'><\/div><\/div><\/div><\/div><div class=\"flex_column av_one_fourth  flex_column_div av-zero-column-padding   \" style='border-radius:0px; '><section class=\"avia_codeblock_section avia_code_block_0\"  itemscope=\"itemscope\" itemtype=\"https:\/\/schema.org\/BlogPosting\" itemprop=\"blogPost\" ><div class='avia_codeblock '  itemprop=\"text\" > [avia_codeblock_placeholder uid=\"0\"] <\/div><\/section><\/div><\/p>\n<\/div><\/div>\n<\/div>\n<div class=\"flex_column av_two_fifth  flex_column_div av-zero-column-padding first  \" style='border-radius:0px; '><p><div class='av-social-sharing-box '><div class='av-share-box'><h5 class='av-share-link-description'>Compartir esta actividad<\/h5><ul class='av-share-box-list noLightbox'><li class='av-share-link av-social-link-facebook' ><a target='_blank' href='http:\/\/www.facebook.com\/sharer.php?u=https:\/\/casa.oaxaca.gob.mx\/?p=15861&amp;t=Taller%20presencial.%20Creaci%C3%B3n%20literaria%20en%20lenguas%20originarias.%20Imparte%3A%20Fernanda%20Lorenzo%20Ortiz.' aria-hidden='true' data-av_icon='\ue8f3' data-av_iconfont='entypo-fontello' title='' data-avia-related-tooltip='Share on Facebook'><span class='avia_hidden_link_text'>Share on Facebook<\/span><\/a><\/li><li class='av-share-link av-social-link-twitter' ><a target='_blank' href='https:\/\/twitter.com\/share?text=Taller%20presencial.%20Creaci%C3%B3n%20literaria%20en%20lenguas%20originarias.%20Imparte%3A%20Fernanda%20Lorenzo%20Ortiz.&url=https:\/\/casa.oaxaca.gob.mx\/?p=15861' aria-hidden='true' data-av_icon='\ue8f1' data-av_iconfont='entypo-fontello' title='' data-avia-related-tooltip='Share on Twitter'><span class='avia_hidden_link_text'>Share on Twitter<\/span><\/a><\/li><li class='av-share-link av-social-link-gplus' ><a target='_blank' href='https:\/\/plus.google.com\/share?url=https:\/\/casa.oaxaca.gob.mx\/?p=15861' aria-hidden='true' data-av_icon='\ue8f6' data-av_iconfont='entypo-fontello' title='' data-avia-related-tooltip='Share on Google+'><span class='avia_hidden_link_text'>Share on Google+<\/span><\/a><\/li><li class='av-share-link av-social-link-pinterest' ><a target='_blank' href='http:\/\/pinterest.com\/pin\/create\/button\/?url=https%3A%2F%2Fcasa.oaxaca.gob.mx%2F%3Fp%3D15861&amp;description=Taller%20presencial.%20Creaci%C3%B3n%20literaria%20en%20lenguas%20originarias.%20Imparte%3A%20Fernanda%20Lorenzo%20Ortiz.&amp;media=https%3A%2F%2Fcasa.oaxaca.gob.mx%2Fwp-content%2Fuploads%2F2025%2F05%2FC-CLO-705x484.jpg' aria-hidden='true' data-av_icon='\ue8f8' data-av_iconfont='entypo-fontello' title='' data-avia-related-tooltip='Share on Pinterest'><span class='avia_hidden_link_text'>Share on Pinterest<\/span><\/a><\/li><li class='av-share-link av-social-link-mail' ><a  href='mailto:?subject=Taller%20presencial.%20Creaci%C3%B3n%20literaria%20en%20lenguas%20originarias.%20Imparte%3A%20Fernanda%20Lorenzo%20Ortiz.&amp;body=https:\/\/casa.oaxaca.gob.mx\/?p=15861' aria-hidden='true' data-av_icon='\ue805' data-av_iconfont='entypo-fontello' title='' data-avia-related-tooltip='Share by Mail'><span class='avia_hidden_link_text'>Share by Mail<\/span><\/a><\/li><\/ul><\/div><\/div><br \/>\n<div  class='hr hr-default '><span class='hr-inner ' ><span class='hr-inner-style'><\/span><\/span><\/div><br \/>\n<div style='padding-bottom:10px;font-size:30px;' class='av-special-heading av-special-heading-h3  blockquote modern-quote   av-inherit-size'><h3 class='av-special-heading-tag'  itemprop=\"headline\"  >Sobre la tallerista<\/h3><div class='special-heading-border'><div class='special-heading-inner-border' ><\/div><\/div><\/div><br \/>\n<div class='avia-data-table-wrap avia_responsive_table'><table class='avia-table avia-data-table avia-table-1  avia_pricing_default'  itemscope=\"itemscope\" itemtype=\"https:\/\/schema.org\/Table\" ><tbody><tr class='avia-heading-row'><th class=''>Fernanda Lorenzo Ortiz* (M\u00e9xico)<\/th><\/tr><tr class=''><td class=''>Fernanda Kookuilo&#8217;o, originaria de Cocuilotlatzala, Municipio de Metlat\u00f3noc, Guerrero, M\u00e9xico. Poeta \u00d1uu Savi (pueblo de la lluvia).<\/p>\n<p>Es Licenciada en Derecho, egresada del Centro Universitario del Pac\u00edfico Sur. Maestra en Desarrollo Comunitario e Interculturalidad, del Instituto de la Investigaci\u00f3n Cient\u00edfica, Human\u00edstico Social y Posgrado de la UAGro. Defensora de Derechos Humanos y perito int\u00e9rprete traductor en los servicios legales con enfoque de justicia social. Es asesora jur\u00eddica del Centro de Derechos Humanos de la Monta\u00f1a Tlachinollan A. C. Ha prestado servicios profesionales en la Secretar\u00eda de la Mujer del Estado de Guerrero. Fue secretaria en atenci\u00f3n juvenil del Comit\u00e9 Ejecutivo Estatal de la CIOAC A. C., Fundadora de Na ka&#8217;an xa&#8217;a na nda&#8217;avi \u201cTejiendo por la vida\u201d A.C. y cofundadora de Gusanos de la Memoria A. C.<\/p>\n<p>Ha publicado poemas, cuentos y art\u00edculos de opini\u00f3n en la revista electr\u00f3nica de literatura \u201cC\u00edrculo de poes\u00eda\u201d, en la p\u00e1gina web de Tlachinollan, en Ojarasca, La Jornada y en la antolog\u00eda de \u201cLas Mujeres en la poes\u00eda Mexicana\u201d de M\u00f3nica Zepeda. Fue becaria del Programa de Est\u00edmulo a la Creaci\u00f3n Art\u00edstica PECDA-Guerrero (2022). Obtuvo el premio CaSa en 2024. Actualmente forma parte del Sistema de Apoyos a la Creaci\u00f3n y Proyectos Culturales J\u00f3venes Creadores SACPC (2024).<\/p>\n<p>Ha impartido talleres de capacitaci\u00f3n sobre temas de \u201cPrevenci\u00f3n de violencia contra las ni\u00f1as y mujeres\u201d, \u201cMujeres en la participaci\u00f3n comunitaria\u201d y \u201cSistema normativo propio\u201d. Ha impartido talleres de creaci\u00f3n literaria en lengua originaria Tu\u2019un Savi, para ni\u00f1os y j\u00f3venes.<\/p>\n<p>*Beneficiaria de la vertiente J\u00f3venes Creadores 2024<\/td><\/tr><\/tbody><\/table><\/div><style type='text\/css'>.avia-table-1 td:nth-of-type(1):before { content: 'Fernanda Lorenzo Ortiz* (M\u00e9xico)'; } <\/style><br \/>\n<section class=\"avia_codeblock_section avia_code_block_1\"  itemscope=\"itemscope\" itemtype=\"https:\/\/schema.org\/BlogPosting\" itemprop=\"blogPost\" ><div class='avia_codeblock '  itemprop=\"text\" > [avia_codeblock_placeholder uid=\"1\"] <\/div><\/section><\/p><\/div><div class=\"flex_column av_three_fifth  flex_column_div av-zero-column-padding   \" style='border-radius:0px; '><p><div style='padding-bottom:10px;font-size:30px;' class='av-special-heading av-special-heading-h3  blockquote modern-quote   av-inherit-size'><h3 class='av-special-heading-tag'  itemprop=\"headline\"  >Acerca del taller<\/h3><div class='special-heading-border'><div class='special-heading-inner-border' ><\/div><\/div><\/div><br \/>\n<div class='avia-data-table-wrap avia_responsive_table'><table class='avia-table avia-data-table avia-table-2  avia_pricing_default'  itemscope=\"itemscope\" itemtype=\"https:\/\/schema.org\/Table\" ><tbody><tr class='avia-heading-row'><th class=''>Taller literario juvenil sobre mitolog\u00eda, met\u00e1foras y narrativas ancestrales mediante la poes\u00eda biling\u00fce en lenguas originarias.<br \/>\n<\/th><\/tr><tr class=''><td class=''>Dirigido a personas j\u00f3venes principiantes en la creaci\u00f3n po\u00e9tica. <\/td><\/tr><\/tbody><\/table><\/div><style type='text\/css'>.avia-table-2 td:nth-of-type(1):before { content: 'Taller literario juvenil sobre mitolog\u00eda, met\u00e1foras y narrativas ancestrales mediante la poes\u00eda biling\u00fce en lenguas originarias.<br \/>\n'; } <\/style><br \/>\n<div class='avia-data-table-wrap avia_responsive_table'><table class='avia-table avia-data-table avia-table-3  avia_pricing_default'  itemscope=\"itemscope\" itemtype=\"https:\/\/schema.org\/Table\" ><tbody><tr class='avia-heading-row'><th class=''>Descripci\u00f3n general<\/th><\/tr><tr class=''><td class=''>Taller de creaci\u00f3n po\u00e9tica en lenguas originarias, dirigido para los j\u00f3venes principiantes en creaci\u00f3n literaria en lenguas originarias. Es importante despertar el inter\u00e9s de los participantes desde una mirada po\u00e9tica propiamente de su propia lengua para repensar y desmenuzar los conceptos propios, revitalizar los elementos mitol\u00f3gicos, las narrativas o recursos metaf\u00f3ricos que existen en la oralidad. Una vez identificados los elementos y recursos literarios, los participantes comenzar\u00e1n a crear sus textos literarios concebidos desde su propio concepto.<br \/>\n<\/td><\/tr><tr class='avia-heading-row'><th class=''>Objetivo general<\/th><\/tr><tr class=''><td class=''>El objetivo del taller es incluir a los j\u00f3venes en el mundo de la escritura, a partir de una reflexi\u00f3n filos\u00f3fica de las lenguas originarias, preservando las lenguas a trav\u00e9s de la poes\u00eda.<br \/>\n<\/td><\/tr><tr class='avia-heading-row'><th class=''>Objetivos espec\u00edficos<\/th><\/tr><tr class=''><td class=''>&#8211; Incluir la participaci\u00f3n de los j\u00f3venes a la literatura en lenguas originarias.<br \/>\n&#8211; Despertar el inter\u00e9s de los j\u00f3venes sobre la escritura y poes\u00eda en lenguas originarias.<br \/>\n&#8211; Preservar las lenguas a trav\u00e9s de las poes\u00edas.<br \/>\n<\/td><\/tr><tr class='avia-heading-row'><th class=''>Temas<\/th><\/tr><tr class=''><td class=''>1. Identificaci\u00f3n y Reflexi\u00f3n sobre los recursos literarios en lenguas originarias<br \/>\n1.1. Identificar las met\u00e1foras y las im\u00e1genes que existen en la oralidad<br \/>\n1.1.1. Ritualidades<br \/>\n1.1.2. Discursos<br \/>\n1.1.3. Curaci\u00f3n de enfermedades<br \/>\n1.1.4. Onomatopeyas<\/p>\n<p>2. Lectura y an\u00e1lisis de los poemas en lenguas originarias<br \/>\n2.1. Leer libros en distintas lenguas originarias<br \/>\n2.2. C\u00edrculo de palabras para el an\u00e1lisis de la lectura<\/p>\n<p>3. Creaci\u00f3n de textos literarios en lenguas originarias<br \/>\n3.1. Lectura de textos en lengua originaria.<\/p>\n<p>4. Traducci\u00f3n de textos literarios de la versi\u00f3n original al espa\u00f1ol<br \/>\n4.1. Revisi\u00f3n de textos.<br \/>\n4.2. Tallereo de textos<br \/>\n4.3. Lectura de texto en lenguas originarias y en espa\u00f1ol<br \/>\n4.4. Ilustraci\u00f3n de textos de acuerdo a la creatividad de cada creador<br \/>\n<\/td><\/tr><\/tbody><\/table><\/div><style type='text\/css'>.avia-table-3 td:nth-of-type(1):before { content: 'Descripci\u00f3n general'; } <\/style><br \/>\n<div style='padding-bottom:10px;font-size:30px;' class='av-special-heading av-special-heading-h3  blockquote modern-quote   av-inherit-size'><h3 class='av-special-heading-tag'  itemprop=\"headline\"  >Requisitos de inscripci\u00f3n<\/h3><div class='special-heading-border'><div class='special-heading-inner-border' ><\/div><\/div><\/div><br \/>\n<div class='avia-data-table-wrap avia_responsive_table'><table class='avia-table avia-data-table avia-table-4  avia_pricing_default'  itemscope=\"itemscope\" itemtype=\"https:\/\/schema.org\/Table\" ><tbody><tr class='avia-heading-row'><th class=''>Dirigido a personas j\u00f3venes principiantes en la creaci\u00f3n po\u00e9tica. <\/th><\/tr><tr class=''><td class=''>&#8211; Si tienes inter\u00e9s deber\u00e1s llenar el formulario con los datos completos que se encuentra en esta p\u00e1gina.<br \/>\n&#8211; La lista de seleccionados se publicar\u00e1 en esta p\u00e1gina, tambi\u00e9n se les notificar\u00e1 v\u00eda correo electr\u00f3nico con los detalles de la actividad.<br \/>\n&#8211; Actividad gratuita.<br \/>\n&#8211; Los talleristas ser\u00e1n los responsables de realizar la selecci\u00f3n de alumnos bajo sus criterios.<br \/>\n<\/td><\/tr><\/tbody><\/table><\/div><style type='text\/css'>.avia-table-4 td:nth-of-type(1):before { content: 'Dirigido a personas j\u00f3venes principiantes en la creaci\u00f3n po\u00e9tica. '; } <\/style><br \/>\n<div class='avia-data-table-wrap avia_responsive_table'><table class='avia-table avia-data-table avia-table-5  avia_pricing_default'  itemscope=\"itemscope\" itemtype=\"https:\/\/schema.org\/Table\" ><tbody><tr class='avia-heading-row'><th class=''>Material que se le solicitar\u00e1 al alumno(a)<\/th><\/tr><tr class=''><td class=''>&#8211; Libretas<br \/>\n&#8211; Colores<br \/>\n&#8211; Hojas blancas<br \/>\n&#8211; L\u00e1pices<br \/>\n<\/td><\/tr><\/tbody><\/table><\/div><style type='text\/css'>.avia-table-5 td:nth-of-type(1):before { content: 'Material que se le solicitar\u00e1 al alumno(a)'; } <\/style><br \/>\n<div class='avia-data-table-wrap avia_responsive_table'><table class='avia-table avia-data-table avia-table-6  avia_pricing_default'  itemscope=\"itemscope\" itemtype=\"https:\/\/schema.org\/Table\" ><tbody><tr class='avia-heading-row'><th class=''>Nota para los seleccionados<\/th><\/tr><tr class=''><td class=''>&#8211; Clases presenciales en (Sal\u00f3n 2) del CaSa<br \/>\n&#8211; Se dejar\u00e1n ejercicios espec\u00edficos a cada estudiante, es fundamental realizarlos para continuar con la siguiente clase.<br \/>\n&#8211; Tener el compromiso y el tiempo para llevar a cabo el taller, ya que las inasistencias injustificadas ser\u00e1n motivo de suspensi\u00f3n y no podr\u00e1 ingresar a talleres futuros.<br \/>\n&#8211; Durante el taller nos estaremos comunicando por medio de mensajes en un grupo de WhatsApp, por ser una herramienta m\u00e1s r\u00e1pida para poder tener una mejor comunicaci\u00f3n con lo que respecta al taller.<br \/>\n<\/td><\/tr><\/tbody><\/table><\/div><style type='text\/css'>.avia-table-6 td:nth-of-type(1):before { content: 'Nota para los seleccionados'; } <\/style><br \/>\n<div id='av-masonry-1' class='av-masonry noHover av-fixed-size av-large-gap av-hover-overlay-active av-masonry-col-flexible av-caption-always av-caption-style- av-masonry-gallery  '  ><div class='av-masonry-container isotope av-js-disabled ' ><div class='av-masonry-entry isotope-item av-masonry-item-no-image '><\/div><a href=\"https:\/\/casa.oaxaca.gob.mx\/wp-content\/uploads\/2025\/04\/DSC9326-687x1030.jpg\" id='av-masonry-1-item-15577' data-av-masonry-item='15577' class='av-masonry-entry isotope-item post-15577 attachment type-attachment status-inherit hentry  av-masonry-item-with-image' title=\"\"  itemprop=\"thumbnailUrl\" ><div class='av-inner-masonry-sizer'><\/div><figure class='av-inner-masonry main_color'><div class=\"av-masonry-outerimage-container\"><div class=\"av-masonry-image-container\" style=\"background-image: url(https:\/\/casa.oaxaca.gob.mx\/wp-content\/uploads\/2025\/04\/DSC9326-470x705.jpg);\"><img decoding=\"async\" src=\"https:\/\/casa.oaxaca.gob.mx\/wp-content\/uploads\/2025\/04\/DSC9326-470x705.jpg\" title=\"_DSC9326\" alt=\"\" \/><\/div><\/div><\/figure><\/a><!--end av-masonry entry--><a href=\"https:\/\/casa.oaxaca.gob.mx\/wp-content\/uploads\/2025\/04\/DSC9360-687x1030.jpg\" id='av-masonry-1-item-15578' data-av-masonry-item='15578' class='av-masonry-entry isotope-item post-15578 attachment type-attachment status-inherit hentry  av-masonry-item-with-image' title=\"\"  itemprop=\"thumbnailUrl\" ><div class='av-inner-masonry-sizer'><\/div><figure class='av-inner-masonry main_color'><div class=\"av-masonry-outerimage-container\"><div class=\"av-masonry-image-container\" style=\"background-image: url(https:\/\/casa.oaxaca.gob.mx\/wp-content\/uploads\/2025\/04\/DSC9360-470x705.jpg);\"><img decoding=\"async\" src=\"https:\/\/casa.oaxaca.gob.mx\/wp-content\/uploads\/2025\/04\/DSC9360-470x705.jpg\" title=\"_DSC9360\" alt=\"\" \/><\/div><\/div><\/figure><\/a><!--end av-masonry entry--><a href=\"https:\/\/casa.oaxaca.gob.mx\/wp-content\/uploads\/2025\/04\/AbrilSalgado2024_7538JLecompte5X7-1030x687.jpg\" id='av-masonry-1-item-15579' data-av-masonry-item='15579' class='av-masonry-entry isotope-item post-15579 attachment type-attachment status-inherit hentry  av-masonry-item-with-image' title=\"\"  itemprop=\"thumbnailUrl\" ><div class='av-inner-masonry-sizer'><\/div><figure class='av-inner-masonry main_color'><div class=\"av-masonry-outerimage-container\"><div class=\"av-masonry-image-container\" style=\"background-image: url(https:\/\/casa.oaxaca.gob.mx\/wp-content\/uploads\/2025\/04\/AbrilSalgado2024_7538JLecompte5X7-705x470.jpg);\"><img decoding=\"async\" src=\"https:\/\/casa.oaxaca.gob.mx\/wp-content\/uploads\/2025\/04\/AbrilSalgado2024_7538JLecompte5X7-705x470.jpg\" title=\"AbrilSalgado2024_7538JLecompte5X7\" alt=\"\" \/><\/div><\/div><\/figure><\/a><!--end av-masonry entry--><\/div><\/div><\/p><\/div><\/p>\n","protected":false},"excerpt":{"rendered":"","protected":false},"author":1,"featured_media":15863,"comment_status":"open","ping_status":"open","sticky":false,"template":"","format":"standard","meta":{"_exactmetrics_skip_tracking":false,"_exactmetrics_sitenote_active":false,"_exactmetrics_sitenote_note":"","_exactmetrics_sitenote_category":0,"footnotes":""},"categories":[204],"tags":[],"class_list":["post-15861","post","type-post","status-publish","format-standard","has-post-thumbnail","hentry","category-204"],"_links":{"self":[{"href":"https:\/\/casa.oaxaca.gob.mx\/index.php?rest_route=\/wp\/v2\/posts\/15861","targetHints":{"allow":["GET"]}}],"collection":[{"href":"https:\/\/casa.oaxaca.gob.mx\/index.php?rest_route=\/wp\/v2\/posts"}],"about":[{"href":"https:\/\/casa.oaxaca.gob.mx\/index.php?rest_route=\/wp\/v2\/types\/post"}],"author":[{"embeddable":true,"href":"https:\/\/casa.oaxaca.gob.mx\/index.php?rest_route=\/wp\/v2\/users\/1"}],"replies":[{"embeddable":true,"href":"https:\/\/casa.oaxaca.gob.mx\/index.php?rest_route=%2Fwp%2Fv2%2Fcomments&post=15861"}],"version-history":[{"count":5,"href":"https:\/\/casa.oaxaca.gob.mx\/index.php?rest_route=\/wp\/v2\/posts\/15861\/revisions"}],"predecessor-version":[{"id":18067,"href":"https:\/\/casa.oaxaca.gob.mx\/index.php?rest_route=\/wp\/v2\/posts\/15861\/revisions\/18067"}],"wp:featuredmedia":[{"embeddable":true,"href":"https:\/\/casa.oaxaca.gob.mx\/index.php?rest_route=\/wp\/v2\/media\/15863"}],"wp:attachment":[{"href":"https:\/\/casa.oaxaca.gob.mx\/index.php?rest_route=%2Fwp%2Fv2%2Fmedia&parent=15861"}],"wp:term":[{"taxonomy":"category","embeddable":true,"href":"https:\/\/casa.oaxaca.gob.mx\/index.php?rest_route=%2Fwp%2Fv2%2Fcategories&post=15861"},{"taxonomy":"post_tag","embeddable":true,"href":"https:\/\/casa.oaxaca.gob.mx\/index.php?rest_route=%2Fwp%2Fv2%2Ftags&post=15861"}],"curies":[{"name":"wp","href":"https:\/\/api.w.org\/{rel}","templated":true}]}}