{"id":15903,"date":"2025-05-28T15:53:58","date_gmt":"2025-05-28T21:53:58","guid":{"rendered":"https:\/\/casa.oaxaca.gob.mx\/?p=15903"},"modified":"2026-01-22T13:57:28","modified_gmt":"2026-01-22T19:57:28","slug":"exposicion-lu-biaani-francisco-toledo-y-la-fotografia","status":"publish","type":"post","link":"https:\/\/casa.oaxaca.gob.mx\/?p=15903","title":{"rendered":"Exposici\u00f3n. Lu&#8217; Biaani: Francisco Toledo y la fotograf\u00eda"},"content":{"rendered":"<\/div><\/div><\/div><!-- close content main div --><\/div><\/div><div id='av_section_1' class='avia-section main_color avia-section-no-padding avia-no-border-styling avia-full-stretch av-parallax-section avia-bg-style-parallax  av-minimum-height av-minimum-height-75 container_wrap fullsize'  data-section-bg-repeat='stretch' ><div class='av-parallax' data-avia-parallax-ratio='0.3' ><div class='av-parallax-inner main_color  avia-full-stretch' style = 'background-repeat: no-repeat; background-image: url(https:\/\/casa.oaxaca.gob.mx\/wp-content\/uploads\/2025\/05\/Portada-Web-lu\u00b4biaani.png); background-attachment: scroll; background-position: bottom center; ' ><\/div><\/div><div class='container' ><div class='template-page content  av-content-full alpha units'><div class='post-entry post-entry-type-page post-entry-15903'><div class='entry-content-wrapper clearfix'>\n<div style='padding-bottom:10px;color:#ffffff;font-size:50px;' class='av-special-heading av-special-heading-h3 custom-color-heading blockquote modern-quote  av-inherit-size'><h3 class='av-special-heading-tag'  itemprop=\"headline\"  >EXPOSICI\u00d3N. LU\u2019 BIAANI: FRANCISCO TOLEDO Y LA FOTOGRAF\u00cdA<\/h3><div class='special-heading-border'><div class='special-heading-inner-border' style='border-color:#ffffff'><\/div><\/div><\/div>\n\n<\/div><\/div><\/div><!-- close content main div --><\/div><\/div><div id='av-layout-grid-1' class='av-layout-grid-container entry-content-wrapper main_color av-flex-cells  container_wrap fullsize'   >\n<div class=\"flex_cell no_margin av_one_full   \" style='vertical-align:top; padding:30px; background-color:#006bb2; '><div class='flex_cell_inner' ><p><div class=\"flex_column av_one_third  flex_column_div av-zero-column-padding first  \" style='border-radius:0px; '><div style='padding-bottom:10px;color:#ffffff;' class='av-special-heading av-special-heading-h3 custom-color-heading blockquote modern-quote '><h3 class='av-special-heading-tag'  itemprop=\"headline\"  >Inauguraci\u00f3n<\/h3><div class ='av-subheading av-subheading_below av_custom_color' style='font-size:20px;'><p>14 de junio | 13:00 horas<\/p>\n<p>Del 14 de junio al 2 de noviembre de 2025<\/p>\n<\/div><div class='special-heading-border'><div class='special-heading-inner-border' style='border-color:#ffffff'><\/div><\/div><\/div><\/div><div class=\"flex_column av_one_third  flex_column_div av-zero-column-padding   \" style='border-radius:0px; '><div style='padding-bottom:10px;color:#ffffff;' class='av-special-heading av-special-heading-h3 custom-color-heading blockquote modern-quote  '><h3 class='av-special-heading-tag'  itemprop=\"headline\"  >Galer\u00eda Planta baja y chalet<\/h3><div class='special-heading-border'><div class='special-heading-inner-border' style='border-color:#ffffff'><\/div><\/div><\/div><\/div><div class=\"flex_column av_one_third  flex_column_div av-zero-column-padding   \" style='border-radius:0px; '><div style='padding-bottom:10px;color:#ffffff;' class='av-special-heading av-special-heading-h3 custom-color-heading blockquote modern-quote  '><h3 class='av-special-heading-tag'  itemprop=\"headline\"  >Centro de las Artes de San Agust\u00edn<\/h3><div class ='av-subheading av-subheading_below av_custom_color' style='font-size:20px;'><p>Independencia S\/N, Vista Hermosa<br \/>\nSan Agust\u00edn Etla, Oaxaca<\/p>\n<\/div><div class='special-heading-border'><div class='special-heading-inner-border' style='border-color:#ffffff'><\/div><\/div><\/div><\/div><\/p>\n<\/div><\/div>\n<\/div>\n<div class=\"flex_column av_two_third  flex_column_div av-zero-column-padding first  \" style='border-radius:0px; '><section class=\"av_textblock_section\"  itemscope=\"itemscope\" itemtype=\"https:\/\/schema.org\/BlogPosting\" itemprop=\"blogPost\" ><div class='avia_textblock  av_inherit_color'  style='font-size:16px; color:#0a0a0a; '  itemprop=\"text\" ><div title=\"Page 1\">\n<div>\n<div>\n<h1><strong>LU&#8217; BIAANI: FRANCISCO TOLEDO Y LA FOTOGRAF\u00cdA<\/strong><\/h1>\n<h2>Curadur\u00eda: Alejandro Castellanos<\/h2>\n<\/div>\n<\/div>\n<\/div>\n<div title=\"Page 1\">\n<div class=\"x11i5rnm xat24cr x1mh8g0r x1vvkbs xtlvy1s x126k92a\" style=\"font-family: inherit; margin: 0.5em 0px 0px; word-wrap: break-word; white-space: pre-wrap;\">\n<div dir=\"auto\" style=\"font-family: inherit; text-align: justify;\">\n<p style=\"font-family: inherit; white-space: pre-wrap;\">Lu\u2019 Biaani es una combinaci\u00f3n de palabras zapotecas que significa en espa\u00f1ol \u201cojo de luz\u201d. La palabra abre mundos y la mirada los imagina. A su vez, el ojo del artista transforma la suma de ambas en obras tangibles, pero sucede a veces que dichas obras son creadas por otros artistas, quienes, sin ser plenamente conscientes de ello, forman parte de una cadena de transmisi\u00f3n de la luz, del ojo de luz que s\u00f3lo existe para iluminar nuestra realidad con la imaginaci\u00f3n.<\/p>\n<p style=\"font-family: inherit; white-space: pre-wrap;\">Francisco Toledo fue un hombre consciente de los poderes de su imaginaci\u00f3n, pero tambi\u00e9n un observador atento a los destellos de las fantas\u00edas de otros artistas, entre quienes destaca Manuel \u00c1lvarez Bravo, cuya obra despert\u00f3 en el Toledo adolescente la posibilidad de mirar e imaginar el mundo a trav\u00e9s de la luz capturada por una c\u00e1mara fotogr\u00e1fica. Su primer y afortunado encuentro con el trabajo del mayor cl\u00e1sico de la fotograf\u00eda mexicana, a trav\u00e9s del cat\u00e1logo editado por la Sociedad de Arte Moderno en 1945 que resum\u00eda sus im\u00e1genes can\u00f3nicas, coloc\u00f3 una semilla que floreci\u00f3 a la sombra de la brillante luz de su obra pl\u00e1stica, creciendo hasta formar un \u00e1rbol primordial, donde se reconoce la historia de la fotograf\u00eda en M\u00e9xico y el mundo, as\u00ed como las transiciones creativas del medio en los \u00faltimos dos siglos.<\/p>\n<p style=\"font-family: inherit; white-space: pre-wrap;\">Esta es la idea que sustenta Lu\u2019 Biaani: Francisco Toledo y la fotograf\u00eda, una exposici\u00f3n que presenta al p\u00fablico el \u201cojo de luz\u201d del artista que m\u00e1s influy\u00f3 en la transformaci\u00f3n de la fotograf\u00eda en M\u00e9xico en el \u00faltimo cuarto de siglo de un modo singular: a trav\u00e9s de la promoci\u00f3n de la obra de otros, de la creaci\u00f3n de una colecci\u00f3n y de la fundaci\u00f3n de un espacio que rinde tributo al fot\u00f3grafo que lo conmovi\u00f3 de adolescente, donde tiene lugar la transferencia de la misma et\u00e9rea experiencia que le hizo imaginar el mundo a trav\u00e9s del &#8220;ojo de luz\u201d de la c\u00e1mara, y en el cual se ha forjado un modo de educaci\u00f3n peculiar. En los albores del siglo XXI, este modelo ha contribuido a formar nuevas miradas: una generaci\u00f3n que ha participado de la mejor tradici\u00f3n de la fotograf\u00eda mexicana e internacional, al tiempo que toma las herramientas para recrearla.<\/p>\n<\/div>\n<\/div>\n<\/div>\n<div title=\"Page 1\"><\/div>\n<\/div><\/section><\/div><div class=\"flex_column av_one_third  flex_column_div av-zero-column-padding   \" style='border-radius:0px; '><div id='av-masonry-1' class='av-masonry noHover av-flex-size av-large-gap av-hover-overlay-active av-masonry-col-flexible av-caption-on-hover av-caption-style- av-masonry-gallery  '  ><div class='av-masonry-container isotope av-js-disabled ' ><div class='av-masonry-entry isotope-item av-masonry-item-no-image '><\/div><a href=\"https:\/\/casa.oaxaca.gob.mx\/wp-content\/uploads\/2025\/05\/Banner-Web-1-1030x445.jpg\" id='av-masonry-1-item-15904' data-av-masonry-item='15904' class='av-masonry-entry isotope-item post-15904 attachment type-attachment status-inherit hentry  av-masonry-item-with-image' title=\"\"  itemprop=\"thumbnailUrl\" ><div class='av-inner-masonry-sizer'><\/div><figure class='av-inner-masonry main_color'><div class=\"av-masonry-outerimage-container\"><div class=\"av-masonry-image-container\" style=\"background-image: url(https:\/\/casa.oaxaca.gob.mx\/wp-content\/uploads\/2025\/05\/Banner-Web-1-705x305.jpg);\"><img decoding=\"async\" src=\"https:\/\/casa.oaxaca.gob.mx\/wp-content\/uploads\/2025\/05\/Banner-Web-1-705x305.jpg\" title=\"Banner-Web\" alt=\"\" \/><\/div><\/div><figcaption class='av-inner-masonry-content site-background'><div class='av-inner-masonry-content-pos'><div class='av-inner-masonry-content-pos-content'><div class='avia-arrow'><\/div><h3 class='av-masonry-entry-title entry-title'  itemprop=\"headline\" >Banner-Web<\/h3><\/div><\/div><\/figcaption><\/figure><\/a><!--end av-masonry entry--><\/div><div class='av-masonry-pagination av-masonry-pagination-pagination'><nav class='pagination'><span class='pagination-meta'>Page 1 of 0<\/span><\/nav>\n<\/div><\/div><\/div><\/p>\n<div class='av-social-sharing-box '><div class='av-share-box'><h5 class='av-share-link-description'>Compartir esta actividad<\/h5><ul class='av-share-box-list noLightbox'><li class='av-share-link av-social-link-facebook' ><a target='_blank' href='http:\/\/www.facebook.com\/sharer.php?u=https:\/\/casa.oaxaca.gob.mx\/?p=15903&amp;t=Exposici%C3%B3n.%20Lu%E2%80%99%20Biaani%3A%20Francisco%20Toledo%20y%20la%20fotograf%C3%ADa' aria-hidden='true' data-av_icon='\ue8f3' data-av_iconfont='entypo-fontello' title='' data-avia-related-tooltip='Share on Facebook'><span class='avia_hidden_link_text'>Share on Facebook<\/span><\/a><\/li><li class='av-share-link av-social-link-twitter' ><a target='_blank' href='https:\/\/twitter.com\/share?text=Exposici%C3%B3n.%20Lu%E2%80%99%20Biaani%3A%20Francisco%20Toledo%20y%20la%20fotograf%C3%ADa&url=https:\/\/casa.oaxaca.gob.mx\/?p=15903' aria-hidden='true' data-av_icon='\ue8f1' data-av_iconfont='entypo-fontello' title='' data-avia-related-tooltip='Share on Twitter'><span class='avia_hidden_link_text'>Share on Twitter<\/span><\/a><\/li><li class='av-share-link av-social-link-gplus' ><a target='_blank' href='https:\/\/plus.google.com\/share?url=https:\/\/casa.oaxaca.gob.mx\/?p=15903' aria-hidden='true' data-av_icon='\ue8f6' data-av_iconfont='entypo-fontello' title='' data-avia-related-tooltip='Share on Google+'><span class='avia_hidden_link_text'>Share on Google+<\/span><\/a><\/li><li class='av-share-link av-social-link-pinterest' ><a target='_blank' href='http:\/\/pinterest.com\/pin\/create\/button\/?url=https%3A%2F%2Fcasa.oaxaca.gob.mx%2F%3Fp%3D15903&amp;description=Exposici%C3%B3n.%20Lu%E2%80%99%20Biaani%3A%20Francisco%20Toledo%20y%20la%20fotograf%C3%ADa&amp;media=https%3A%2F%2Fcasa.oaxaca.gob.mx%2Fwp-content%2Fuploads%2F2025%2F05%2FMINIATURAS-705x484.jpg' aria-hidden='true' data-av_icon='\ue8f8' data-av_iconfont='entypo-fontello' title='' data-avia-related-tooltip='Share on Pinterest'><span class='avia_hidden_link_text'>Share on Pinterest<\/span><\/a><\/li><li class='av-share-link av-social-link-mail' ><a  href='mailto:?subject=Exposici%C3%B3n.%20Lu%E2%80%99%20Biaani%3A%20Francisco%20Toledo%20y%20la%20fotograf%C3%ADa&amp;body=https:\/\/casa.oaxaca.gob.mx\/?p=15903' aria-hidden='true' data-av_icon='\ue805' data-av_iconfont='entypo-fontello' title='' data-avia-related-tooltip='Share by Mail'><span class='avia_hidden_link_text'>Share by Mail<\/span><\/a><\/li><\/ul><\/div><\/div>\n","protected":false},"excerpt":{"rendered":"","protected":false},"author":1,"featured_media":15901,"comment_status":"open","ping_status":"open","sticky":false,"template":"","format":"standard","meta":{"_exactmetrics_skip_tracking":false,"_exactmetrics_sitenote_active":false,"_exactmetrics_sitenote_note":"","_exactmetrics_sitenote_category":0,"footnotes":""},"categories":[113],"tags":[],"class_list":["post-15903","post","type-post","status-publish","format-standard","has-post-thumbnail","hentry","category-esposiciones-pasadas"],"_links":{"self":[{"href":"https:\/\/casa.oaxaca.gob.mx\/index.php?rest_route=\/wp\/v2\/posts\/15903","targetHints":{"allow":["GET"]}}],"collection":[{"href":"https:\/\/casa.oaxaca.gob.mx\/index.php?rest_route=\/wp\/v2\/posts"}],"about":[{"href":"https:\/\/casa.oaxaca.gob.mx\/index.php?rest_route=\/wp\/v2\/types\/post"}],"author":[{"embeddable":true,"href":"https:\/\/casa.oaxaca.gob.mx\/index.php?rest_route=\/wp\/v2\/users\/1"}],"replies":[{"embeddable":true,"href":"https:\/\/casa.oaxaca.gob.mx\/index.php?rest_route=%2Fwp%2Fv2%2Fcomments&post=15903"}],"version-history":[{"count":7,"href":"https:\/\/casa.oaxaca.gob.mx\/index.php?rest_route=\/wp\/v2\/posts\/15903\/revisions"}],"predecessor-version":[{"id":16115,"href":"https:\/\/casa.oaxaca.gob.mx\/index.php?rest_route=\/wp\/v2\/posts\/15903\/revisions\/16115"}],"wp:featuredmedia":[{"embeddable":true,"href":"https:\/\/casa.oaxaca.gob.mx\/index.php?rest_route=\/wp\/v2\/media\/15901"}],"wp:attachment":[{"href":"https:\/\/casa.oaxaca.gob.mx\/index.php?rest_route=%2Fwp%2Fv2%2Fmedia&parent=15903"}],"wp:term":[{"taxonomy":"category","embeddable":true,"href":"https:\/\/casa.oaxaca.gob.mx\/index.php?rest_route=%2Fwp%2Fv2%2Fcategories&post=15903"},{"taxonomy":"post_tag","embeddable":true,"href":"https:\/\/casa.oaxaca.gob.mx\/index.php?rest_route=%2Fwp%2Fv2%2Ftags&post=15903"}],"curies":[{"name":"wp","href":"https:\/\/api.w.org\/{rel}","templated":true}]}}