{"id":15923,"date":"2025-06-04T12:36:58","date_gmt":"2025-06-04T18:36:58","guid":{"rendered":"https:\/\/casa.oaxaca.gob.mx\/?p=15923"},"modified":"2026-01-22T13:52:28","modified_gmt":"2026-01-22T19:52:28","slug":"taller-presencial-fotografia-fantastica-composicion-y-autorretrato-imparte-monica-mccumber","status":"publish","type":"post","link":"https:\/\/casa.oaxaca.gob.mx\/?p=15923","title":{"rendered":"Taller presencial. Fotograf\u00eda fant\u00e1stica: composici\u00f3n y autorretrato. Imparte: M\u00f3nica McCumber."},"content":{"rendered":"<\/div><\/div><\/div><!-- close content main div --><\/div><\/div><div id='av_section_1' class='avia-section main_color avia-section-no-padding avia-no-border-styling avia-full-stretch av-parallax-section avia-bg-style-parallax  av-minimum-height av-minimum-height-75 container_wrap fullsize'  data-section-bg-repeat='stretch' ><div class='av-parallax' data-avia-parallax-ratio='0.3' ><div class='av-parallax-inner main_color  avia-full-stretch' style = 'background-repeat: no-repeat; background-image: url(https:\/\/casa.oaxaca.gob.mx\/wp-content\/uploads\/2025\/06\/4.Portada-talleres-Web-3-scaled.jpg); background-attachment: scroll; background-position: bottom center; ' ><\/div><\/div><div class='container' ><div class='template-page content  av-content-full alpha units'><div class='post-entry post-entry-type-page post-entry-15923'><div class='entry-content-wrapper clearfix'>\n<div style='padding-bottom:10px;color:#ffffff;font-size:50px;' class='av-special-heading av-special-heading-h3 custom-color-heading blockquote modern-quote  av-inherit-size'><h3 class='av-special-heading-tag'  itemprop=\"headline\"  >Taller presencial.Fotograf\u00eda fant\u00e1stica: composici\u00f3n y autorretrato.<\/h3><div class ='av-subheading av-subheading_below av_custom_color' style='font-size:25px;'><p>Imparte: M\u00f3nica McCumber<\/p>\n<\/div><div class='special-heading-border'><div class='special-heading-inner-border' style='border-color:#ffffff'><\/div><\/div><\/div>\n\n<\/div><\/div><\/div><!-- close content main div --><\/div><\/div><div id='av-layout-grid-1' class='av-layout-grid-container entry-content-wrapper main_color av-flex-cells  container_wrap fullsize'   >\n<div class=\"flex_cell no_margin av_one_full   \" style='vertical-align:top; padding:30px; background-color:#ED9600; '><div class='flex_cell_inner' ><p><div class=\"flex_column av_one_fourth  flex_column_div av-zero-column-padding first  \" style='border-radius:0px; '><div style='padding-bottom:10px;color:#ffffff;' class='av-special-heading av-special-heading-h3 custom-color-heading blockquote modern-quote '><h3 class='av-special-heading-tag'  itemprop=\"headline\"  >Cierre de inscripciones<\/h3><div class ='av-subheading av-subheading_below av_custom_color' style='font-size:20px;'><p>Lunes 9 de junio de 2025<\/p>\n<p>Publicaci\u00f3n de resultados<br \/>\nMi\u00e9rcoles 11 de junio de 2025<\/p>\n<\/div><div class='special-heading-border'><div class='special-heading-inner-border' style='border-color:#ffffff'><\/div><\/div><\/div><\/div><div class=\"flex_column av_one_fourth  flex_column_div av-zero-column-padding   \" style='border-radius:0px; '><div style='padding-bottom:10px;color:#ffffff;' class='av-special-heading av-special-heading-h3 custom-color-heading blockquote modern-quote '><h3 class='av-special-heading-tag'  itemprop=\"headline\"  >Grupo 1<\/h3><div class ='av-subheading av-subheading_below av_custom_color' style='font-size:20px;'><p>Lunes mi\u00e9rcoles y viernes<br \/>\nDel 16 al 27 de junio de 2025<br \/>\nDe 14 a 18 horas<\/p>\n<\/div><div class='special-heading-border'><div class='special-heading-inner-border' style='border-color:#ffffff'><\/div><\/div><\/div><\/div><div class=\"flex_column av_one_fourth  flex_column_div av-zero-column-padding   \" style='border-radius:0px; '><div style='padding-bottom:10px;color:#ffffff;' class='av-special-heading av-special-heading-h3 custom-color-heading blockquote modern-quote '><h3 class='av-special-heading-tag'  itemprop=\"headline\"  >Grupo 2<\/h3><div class ='av-subheading av-subheading_below av_custom_color' style='font-size:20px;'><p>Del 17 al 28 de junio de 2025<br \/>\nMartes y jueves<br \/>\nDe 14 a 18 horas<br \/>\nS\u00e1bados<br \/>\nDe 10 a 14 horas<\/p>\n<\/div><div class='special-heading-border'><div class='special-heading-inner-border' style='border-color:#ffffff'><\/div><\/div><\/div><\/div><div class=\"flex_column av_one_fourth  flex_column_div av-zero-column-padding   \" style='border-radius:0px; '><section class=\"avia_codeblock_section avia_code_block_0\"  itemscope=\"itemscope\" itemtype=\"https:\/\/schema.org\/BlogPosting\" itemprop=\"blogPost\" ><div class='avia_codeblock '  itemprop=\"text\" > [avia_codeblock_placeholder uid=\"0\"] <\/div><\/section><\/div><\/p>\n<\/div><\/div>\n<\/div>\n<div class=\"flex_column av_two_fifth  flex_column_div av-zero-column-padding first  \" style='border-radius:0px; '><p><div class='av-social-sharing-box '><div class='av-share-box'><h5 class='av-share-link-description'>Compartir esta actividad<\/h5><ul class='av-share-box-list noLightbox'><li class='av-share-link av-social-link-facebook' ><a target='_blank' href='http:\/\/www.facebook.com\/sharer.php?u=https:\/\/casa.oaxaca.gob.mx\/?p=15923&amp;t=Taller%20presencial.%20Fotograf%C3%ADa%20fant%C3%A1stica%3A%20composici%C3%B3n%20y%20autorretrato.%20Imparte%3A%20M%C3%B3nica%20McCumber.' aria-hidden='true' data-av_icon='\ue8f3' data-av_iconfont='entypo-fontello' title='' data-avia-related-tooltip='Share on Facebook'><span class='avia_hidden_link_text'>Share on Facebook<\/span><\/a><\/li><li class='av-share-link av-social-link-twitter' ><a target='_blank' href='https:\/\/twitter.com\/share?text=Taller%20presencial.%20Fotograf%C3%ADa%20fant%C3%A1stica%3A%20composici%C3%B3n%20y%20autorretrato.%20Imparte%3A%20M%C3%B3nica%20McCumber.&url=https:\/\/casa.oaxaca.gob.mx\/?p=15923' aria-hidden='true' data-av_icon='\ue8f1' data-av_iconfont='entypo-fontello' title='' data-avia-related-tooltip='Share on Twitter'><span class='avia_hidden_link_text'>Share on Twitter<\/span><\/a><\/li><li class='av-share-link av-social-link-gplus' ><a target='_blank' href='https:\/\/plus.google.com\/share?url=https:\/\/casa.oaxaca.gob.mx\/?p=15923' aria-hidden='true' data-av_icon='\ue8f6' data-av_iconfont='entypo-fontello' title='' data-avia-related-tooltip='Share on Google+'><span class='avia_hidden_link_text'>Share on Google+<\/span><\/a><\/li><li class='av-share-link av-social-link-pinterest' ><a target='_blank' href='http:\/\/pinterest.com\/pin\/create\/button\/?url=https%3A%2F%2Fcasa.oaxaca.gob.mx%2F%3Fp%3D15923&amp;description=Taller%20presencial.%20Fotograf%C3%ADa%20fant%C3%A1stica%3A%20composici%C3%B3n%20y%20autorretrato.%20Imparte%3A%20M%C3%B3nica%20McCumber.&amp;media=https%3A%2F%2Fcasa.oaxaca.gob.mx%2Fwp-content%2Fuploads%2F2025%2F06%2Fc-ff-705x484.jpg' aria-hidden='true' data-av_icon='\ue8f8' data-av_iconfont='entypo-fontello' title='' data-avia-related-tooltip='Share on Pinterest'><span class='avia_hidden_link_text'>Share on Pinterest<\/span><\/a><\/li><li class='av-share-link av-social-link-mail' ><a  href='mailto:?subject=Taller%20presencial.%20Fotograf%C3%ADa%20fant%C3%A1stica%3A%20composici%C3%B3n%20y%20autorretrato.%20Imparte%3A%20M%C3%B3nica%20McCumber.&amp;body=https:\/\/casa.oaxaca.gob.mx\/?p=15923' aria-hidden='true' data-av_icon='\ue805' data-av_iconfont='entypo-fontello' title='' data-avia-related-tooltip='Share by Mail'><span class='avia_hidden_link_text'>Share by Mail<\/span><\/a><\/li><\/ul><\/div><\/div><br \/>\n<div  class='hr hr-default '><span class='hr-inner ' ><span class='hr-inner-style'><\/span><\/span><\/div><br \/>\n<div style='padding-bottom:10px;font-size:30px;' class='av-special-heading av-special-heading-h3  blockquote modern-quote  av-inherit-size'><h3 class='av-special-heading-tag'  itemprop=\"headline\"  >Sobre la tallerista<\/h3><div class='special-heading-border'><div class='special-heading-inner-border' ><\/div><\/div><\/div><br \/>\n<div class='avia-data-table-wrap avia_responsive_table'><table class='avia-table avia-data-table avia-table-1  avia_pricing_default'  itemscope=\"itemscope\" itemtype=\"https:\/\/schema.org\/Table\" ><tbody><tr class='avia-heading-row'><th class=''>M\u00f3nica McCumber<\/th><\/tr><tr class=''><td class=''>Moni McCumber, (1990) Es fot\u00f3grafa (2009-2011, CAF Ansel Adams) y Licenciada en Artes (2011-2015,UAEM) originaria de la Ciudad de M\u00e9xico. Ha continuado su formaci\u00f3n en fotogr\u00e1f\u00eda y artes visuales a trav\u00e9s de diversos talleres, entre los que se destacan el Diplomado de Formaci\u00f3n de impresores en fotograf\u00eda tradicional en blanco y negro con reveladores ecol\u00f3gicos (2022), el Programa de artes visuales\/fotograf\u00eda de Proyecto Imaginario (2023-2024).<\/p>\n<p>Ha expuesto en diversos estados de M\u00e9xico; en el extranjero y en l\u00ednea; y ha colaborado con el colectivo Rizoma Azul, San Se Acab\u00f3, as\u00ed como con Ellas Artes, TrasLuz Photo y Ediciones Odradek. Ha dado clases en el Centro Cultural Infantil, \u201cLa Vecindad\u201d (2019-2021) y en talleres cortos en el Colegio Suizo de Cuernavaca, en el CCD Los Chocolates, en la Facultad de Contadur\u00eda y Administraci\u00f3n en la UNAM, entre otros.<\/p>\n<p>Forma parte del equipo de Solar Lab en Tepoztl\u00e1n y de Women Photographers History.<\/td><\/tr><\/tbody><\/table><\/div><style type='text\/css'>.avia-table-1 td:nth-of-type(1):before { content: 'M\u00f3nica McCumber'; } <\/style><\/p><\/div>\n<div class=\"flex_column av_three_fifth  flex_column_div av-zero-column-padding   \" style='border-radius:0px; '><p><div style='padding-bottom:10px;font-size:30px;' class='av-special-heading av-special-heading-h3  blockquote modern-quote  av-inherit-size'><h3 class='av-special-heading-tag'  itemprop=\"headline\"  >Lista de seleccionados<\/h3><div class='special-heading-border'><div class='special-heading-inner-border' ><\/div><\/div><\/div><br \/>\n<div class='avia-data-table-wrap avia_responsive_table'><table class='avia-table avia-data-table avia-table-2  avia_pricing_default'  itemscope=\"itemscope\" itemtype=\"https:\/\/schema.org\/Table\" ><tbody><tr class='avia-heading-row'><th class=''>GRUPO 1<\/th><\/tr><tr class=''><td class=''>Alexandra Rivera L\u00f3pez<\/p>\n<p>Sergio Manuel Rivera Camacho<\/p>\n<p>Miranda Jaqueline Escalante Moguel<\/p>\n<p>Adriana P\u00e9rez Ben\u00edtez<\/p>\n<p>Fernanda Belem Arellanes M\u00e9ndez<\/p>\n<p>Alejandra G\u00f3mez Gonz\u00e1lez<\/p>\n<p>C\u00e1ndida Cruz L\u00f3pez<\/p>\n<p>Am\u00e9rica Jalil Osuna Ram\u00edrez<\/p>\n<p>Juana Jennifer Cruz Cruz<\/p>\n<p>Mario Iv\u00e1n M\u00e1rquez Osorio<\/p>\n<p>F\u00e1tima Estefan\u00eda Palacios Marcial<\/p>\n<p>Anxel L\u00f3pez Ch\u00e1vez<br \/>\n<\/td><\/tr><\/tbody><\/table><\/div><style type='text\/css'>.avia-table-2 td:nth-of-type(1):before { content: 'GRUPO 1'; } <\/style><br \/>\n<div class='avia-data-table-wrap avia_responsive_table'><table class='avia-table avia-data-table avia-table-3  avia_pricing_default'  itemscope=\"itemscope\" itemtype=\"https:\/\/schema.org\/Table\" ><tbody><tr class='avia-heading-row'><th class=''>GRUPO 2<\/th><\/tr><tr class=''><td class=''>Erik Gabriel Ch\u00e1vez Canseco<\/p>\n<p>Francisco Alberto Garc\u00eda Miguel<\/p>\n<p>Fernando Sald\u00edvar Castellanos<\/p>\n<p>Jessica Denise Robledo Bernal<\/p>\n<p>Alejandra Rosas Solano<\/p>\n<p>Flor Alejandra Mendoza L\u00f3pez<\/p>\n<p>Jesica Jocellyn C\u00f3rdova Garc\u00eda<\/p>\n<p>Rolando Daniel Ibarra Mac\u00edas<\/p>\n<p>Daniel Roque Pineda<\/p>\n<p>Agust\u00edn L\u00f3pez Jr<\/p>\n<p>Marcela Jaxeew Vargas Huitr\u00f3n<\/p>\n<p>Alondra Sof\u00eda M\u00e9ndez Aguilar<\/td><\/tr><\/tbody><\/table><\/div><style type='text\/css'>.avia-table-3 td:nth-of-type(1):before { content: 'GRUPO 2'; } <\/style><br \/>\n<div class='avia-data-table-wrap avia_responsive_table'><table class='avia-table avia-data-table avia-table-4  avia_pricing_default'  itemscope=\"itemscope\" itemtype=\"https:\/\/schema.org\/Table\" ><tbody><tr class='avia-heading-row'><th class=''>Descripci\u00f3n general<\/th><\/tr><tr class=''><td class=''>Este taller abordar\u00e1 principalmente la composici\u00f3n como uno de los principios b\u00e1sicos de la fotograf\u00eda. Asimismo, se abordar\u00e1 el tema de autorretrato creativo con ayuda de procesos alternativos como la cianotipia y fotocollage, que fomentar\u00e1 el proceso creativo de los participantes, as\u00ed como un acercamiento a otros temas b\u00e1sicos de fotograf\u00eda.<\/td><\/tr><tr class='avia-heading-row'><th class=''>Objetivo general<\/th><\/tr><tr class=''><td class=''>Desarrollar habilidades fotogr\u00e1ficas en los participantes, promoviendo el uso consciente de la imagen como herramienta de expresi\u00f3n personal y cr\u00edtica social.<\/td><\/tr><tr class='avia-heading-row'><th class=''>Objetivos espec\u00edficos<\/th><\/tr><tr class=''><td class=''>&#8211; Introducir a los asistentes a la fotograf\u00eda de manera general.<br \/>\n&#8211; Fomentar la creatividad mediante distintas t\u00e9cnicas.<br \/>\n&#8211; Reflexionar sobre el impacto ambiental y nuestro entorno natural, cultural y social.<br \/>\n<\/td><\/tr><tr class='avia-heading-row'><th class=''>Temas<\/th><\/tr><tr class=''><td class=''>Introducci\u00f3n a la fotograf\u00eda, la experimentaci\u00f3n como juego, autorretrato e identidad, medios alternativos: fotocollage, cianotipia y clorotipia.<\/td><\/tr><\/tbody><\/table><\/div><style type='text\/css'>.avia-table-4 td:nth-of-type(1):before { content: 'Descripci\u00f3n general'; } <\/style><br \/>\n<div style='padding-bottom:10px;font-size:30px;' class='av-special-heading av-special-heading-h3  blockquote modern-quote   av-inherit-size'><h3 class='av-special-heading-tag'  itemprop=\"headline\"  >Requisitos de inscripci\u00f3n<\/h3><div class='special-heading-border'><div class='special-heading-inner-border' ><\/div><\/div><\/div><br \/>\n<div class='avia-data-table-wrap avia_responsive_table'><table class='avia-table avia-data-table avia-table-5  avia_pricing_default'  itemscope=\"itemscope\" itemtype=\"https:\/\/schema.org\/Table\" ><tbody><tr class='avia-heading-row'><th class=''>&#8211; Dirigido a personas tengan inter\u00e9s por la fotograf\u00eda y las artes visuales<\/th><\/tr><tr class=''><td class=''>&#8211; Si tienes inter\u00e9s deber\u00e1s llenar el formulario con los datos completos que se encuentra en esta p\u00e1gina.<br \/>\n&#8211; La lista de seleccionados se publicar\u00e1 en esta p\u00e1gina, tambi\u00e9n se les notificar\u00e1 v\u00eda correo electr\u00f3nico con los detalles de la actividad.<br \/>\n&#8211; Actividad gratuita.<br \/>\n&#8211; Los talleristas ser\u00e1n los responsables de realizar la selecci\u00f3n de alumnos bajo sus criterios.<br \/>\n<\/td><\/tr><\/tbody><\/table><\/div><style type='text\/css'>.avia-table-5 td:nth-of-type(1):before { content: '\u2013 Dirigido a personas tengan inter\u00e9s por la fotograf\u00eda y las artes visuales'; } <\/style><br \/>\n<div class='avia-data-table-wrap avia_responsive_table'><table class='avia-table avia-data-table avia-table-6  avia_pricing_default'  itemscope=\"itemscope\" itemtype=\"https:\/\/schema.org\/Table\" ><tbody><tr class='avia-heading-row'><th class=''>Material que se le solicitar\u00e1 al alumno(a)<\/th><\/tr><tr class=''><td class=''>1 vidrio de 20x20cm<br \/>\ntijeras<br \/>\npegamento<br \/>\nl\u00e1pices de colores<br \/>\n1 cart\u00f3n tama\u00f1o carta<br \/>\n1 tubo de papel de servitoalla o 4 de papel de ba\u00f1o<br \/>\n3 hojas de papel albanene<br \/>\n5 cuadros de papel aluminio (como 1 cm m\u00e1s grande que el di\u00e1metro del tubo de papel)<br \/>\nFlores y hojas prensadas de distintos tama\u00f1os (se pueden colocar en un libro previamente al taller)<br \/>\nhojas de colores (al gusto)<br \/>\n1 libreta para anotaciones<br \/>\nC\u00e1mara fotogr\u00e1fica (puede ser del celular)<br \/>\n*Los alumnos deber\u00e1n comprar los qu\u00edmicos para realizar la cianotipia, en coordinaci\u00f3n con la maestra.<br \/>\n*Previo al taller se sugiere escoger 6 im\u00e1genes en blanco y negro, en negativo, para imprimir en acetato o albanene (esto ser\u00e1 el negativo que usar\u00e1n para cianotipia). Se recomienda que el tama\u00f1o no exceda los 10cm y que no sean im\u00e1genes muy detalladas.<\/td><\/tr><\/tbody><\/table><\/div><style type='text\/css'>.avia-table-6 td:nth-of-type(1):before { content: 'Material que se le solicitar\u00e1 al alumno(a)'; } <\/style><br \/>\n<div class='avia-data-table-wrap avia_responsive_table'><table class='avia-table avia-data-table avia-table-7  avia_pricing_default'  itemscope=\"itemscope\" itemtype=\"https:\/\/schema.org\/Table\" ><tbody><tr class='avia-heading-row'><th class=''>Criterios de selecci\u00f3n de alumnos<\/th><\/tr><tr class=''><td class=''>Preferentemente que los asistentes tengan inter\u00e9s por la fotograf\u00eda y las artes visuales. Abiertos a experimentar y jugar.<br \/>\nMayores de 15 a\u00f1os.<br \/>\n&#8211; Personas con inter\u00e9s en acercarse a la fotograf\u00eda y las artes visuales.<br \/>\n&#8211; Pueden o no tener conocimientos previos de fotograf\u00eda.<br \/>\n&#8211; Personas que sean, residan o se encuentren en San Agust\u00edn o en Oaxaca los d\u00edas del taller.<br \/>\n&#8211; Personas con estudios (de cualquier grado) afines a las artes visuales o similares.<br \/>\n&#8211; Personas que tengan inter\u00e9s en experimentar con la imagen.<br \/>\n&#8211; Personas mayores de 15 a\u00f1os.<br \/>\n&#8211; Personas con inter\u00e9s en el autoconocimiento personal mediante las artes visuales<\/td><\/tr><\/tbody><\/table><\/div><style type='text\/css'>.avia-table-7 td:nth-of-type(1):before { content: 'Criterios de selecci\u00f3n de alumnos'; } <\/style><br \/>\n<div class='avia-data-table-wrap avia_responsive_table'><table class='avia-table avia-data-table avia-table-8  avia_pricing_default'  itemscope=\"itemscope\" itemtype=\"https:\/\/schema.org\/Table\" ><tbody><tr class='avia-heading-row'><th class=''>Nota para los seleccionados<\/th><\/tr><tr class=''><td class=''>&#8211; Clases presenciales en el Sal\u00f3n 1 del CaSa<br \/>\n&#8211; Se dejar\u00e1n ejercicios espec\u00edficos a cada estudiante, es fundamental realizarlos para continuar con la siguiente clase.<br \/>\n&#8211; Tener el compromiso y el tiempo para llevar a cabo el taller, ya que las inasistencias injustificadas ser\u00e1n motivo de suspensi\u00f3n y no podr\u00e1 ingresar a talleres futuros.<br \/>\n&#8211; Durante el taller nos estaremos comunicando por medio de mensajes en un grupo de WhatsApp, por ser una herramienta m\u00e1s r\u00e1pida para poder tener una mejor comunicaci\u00f3n con lo que respecta al taller.<br \/>\n<\/td><\/tr><\/tbody><\/table><\/div><style type='text\/css'>.avia-table-8 td:nth-of-type(1):before { content: 'Nota para los seleccionados'; } <\/style><br \/>\n<div id='av-masonry-1' class='av-masonry noHover av-fixed-size av-large-gap av-hover-overlay-active av-masonry-col-flexible av-caption-always av-caption-style- av-masonry-gallery  '  ><div class='av-masonry-container isotope av-js-disabled ' ><div class='av-masonry-entry isotope-item av-masonry-item-no-image '><\/div><a href=\"https:\/\/casa.oaxaca.gob.mx\/wp-content\/uploads\/2025\/06\/Agitacion_MoniMcCumber2021-1030x807.jpg\" id='av-masonry-1-item-15924' data-av-masonry-item='15924' class='av-masonry-entry isotope-item post-15924 attachment type-attachment status-inherit hentry  av-masonry-item-with-image' title=\"\"  itemprop=\"thumbnailUrl\" ><div class='av-inner-masonry-sizer'><\/div><figure class='av-inner-masonry main_color'><div class=\"av-masonry-outerimage-container\"><div class=\"av-masonry-image-container\" style=\"background-image: url(https:\/\/casa.oaxaca.gob.mx\/wp-content\/uploads\/2025\/06\/Agitacion_MoniMcCumber2021-705x552.jpg);\"><img decoding=\"async\" src=\"https:\/\/casa.oaxaca.gob.mx\/wp-content\/uploads\/2025\/06\/Agitacion_MoniMcCumber2021-705x552.jpg\" title=\"Agitaci\u00f3n_MoniMcCumber2021\" alt=\"\" \/><\/div><\/div><\/figure><\/a><!--end av-masonry entry--><a href=\"https:\/\/casa.oaxaca.gob.mx\/wp-content\/uploads\/2025\/06\/Andy_casi-para-siempre_21_monimcc-796x1030.jpg\" id='av-masonry-1-item-15925' data-av-masonry-item='15925' class='av-masonry-entry isotope-item post-15925 attachment type-attachment status-inherit hentry  av-masonry-item-with-image' title=\"\"  itemprop=\"thumbnailUrl\" ><div class='av-inner-masonry-sizer'><\/div><figure class='av-inner-masonry main_color'><div class=\"av-masonry-outerimage-container\"><div class=\"av-masonry-image-container\" style=\"background-image: url(https:\/\/casa.oaxaca.gob.mx\/wp-content\/uploads\/2025\/06\/Andy_casi-para-siempre_21_monimcc-545x705.jpg);\"><img decoding=\"async\" src=\"https:\/\/casa.oaxaca.gob.mx\/wp-content\/uploads\/2025\/06\/Andy_casi-para-siempre_21_monimcc-545x705.jpg\" title=\"Andy_casi para siempre_21_monimcc\" alt=\"\" \/><\/div><\/div><\/figure><\/a><!--end av-masonry entry--><a href=\"https:\/\/casa.oaxaca.gob.mx\/wp-content\/uploads\/2025\/06\/arboles-1030x1013.jpg\" id='av-masonry-1-item-15926' data-av-masonry-item='15926' class='av-masonry-entry isotope-item post-15926 attachment type-attachment status-inherit hentry  av-masonry-item-with-image' title=\"\"  itemprop=\"thumbnailUrl\" ><div class='av-inner-masonry-sizer'><\/div><figure class='av-inner-masonry main_color'><div class=\"av-masonry-outerimage-container\"><div class=\"av-masonry-image-container\" style=\"background-image: url(https:\/\/casa.oaxaca.gob.mx\/wp-content\/uploads\/2025\/06\/arboles-705x693.jpg);\"><img decoding=\"async\" src=\"https:\/\/casa.oaxaca.gob.mx\/wp-content\/uploads\/2025\/06\/arboles-705x693.jpg\" title=\"\u00e1rboles\" alt=\"\" \/><\/div><\/div><\/figure><\/a><!--end av-masonry entry--><a href=\"https:\/\/casa.oaxaca.gob.mx\/wp-content\/uploads\/2025\/06\/jardin-4-1030x824.jpg\" id='av-masonry-1-item-15928' data-av-masonry-item='15928' class='av-masonry-entry isotope-item post-15928 attachment type-attachment status-inherit hentry  av-masonry-item-with-image' title=\"\"  itemprop=\"thumbnailUrl\" ><div class='av-inner-masonry-sizer'><\/div><figure class='av-inner-masonry main_color'><div class=\"av-masonry-outerimage-container\"><div class=\"av-masonry-image-container\" style=\"background-image: url(https:\/\/casa.oaxaca.gob.mx\/wp-content\/uploads\/2025\/06\/jardin-4-705x564.jpg);\"><img decoding=\"async\" src=\"https:\/\/casa.oaxaca.gob.mx\/wp-content\/uploads\/2025\/06\/jardin-4-705x564.jpg\" title=\"jard\u00edn-4\" alt=\"\" \/><\/div><\/div><\/figure><\/a><!--end av-masonry entry--><a href=\"https:\/\/casa.oaxaca.gob.mx\/wp-content\/uploads\/2025\/06\/jardin-5-1030x824.jpg\" id='av-masonry-1-item-15932' data-av-masonry-item='15932' class='av-masonry-entry isotope-item post-15932 attachment type-attachment status-inherit hentry  av-masonry-item-with-image' title=\"\"  itemprop=\"thumbnailUrl\" ><div class='av-inner-masonry-sizer'><\/div><figure class='av-inner-masonry main_color'><div class=\"av-masonry-outerimage-container\"><div class=\"av-masonry-image-container\" style=\"background-image: url(https:\/\/casa.oaxaca.gob.mx\/wp-content\/uploads\/2025\/06\/jardin-5-705x564.jpg);\"><img decoding=\"async\" src=\"https:\/\/casa.oaxaca.gob.mx\/wp-content\/uploads\/2025\/06\/jardin-5-705x564.jpg\" title=\"jard\u00edn-5\" alt=\"\" \/><\/div><\/div><\/figure><\/a><!--end av-masonry entry--><\/div><\/div><\/p><\/div>\n","protected":false},"excerpt":{"rendered":"","protected":false},"author":1,"featured_media":15922,"comment_status":"open","ping_status":"open","sticky":false,"template":"","format":"standard","meta":{"_exactmetrics_skip_tracking":false,"_exactmetrics_sitenote_active":false,"_exactmetrics_sitenote_note":"","_exactmetrics_sitenote_category":0,"footnotes":""},"categories":[204],"tags":[],"class_list":["post-15923","post","type-post","status-publish","format-standard","has-post-thumbnail","hentry","category-204"],"_links":{"self":[{"href":"https:\/\/casa.oaxaca.gob.mx\/index.php?rest_route=\/wp\/v2\/posts\/15923","targetHints":{"allow":["GET"]}}],"collection":[{"href":"https:\/\/casa.oaxaca.gob.mx\/index.php?rest_route=\/wp\/v2\/posts"}],"about":[{"href":"https:\/\/casa.oaxaca.gob.mx\/index.php?rest_route=\/wp\/v2\/types\/post"}],"author":[{"embeddable":true,"href":"https:\/\/casa.oaxaca.gob.mx\/index.php?rest_route=\/wp\/v2\/users\/1"}],"replies":[{"embeddable":true,"href":"https:\/\/casa.oaxaca.gob.mx\/index.php?rest_route=%2Fwp%2Fv2%2Fcomments&post=15923"}],"version-history":[{"count":3,"href":"https:\/\/casa.oaxaca.gob.mx\/index.php?rest_route=\/wp\/v2\/posts\/15923\/revisions"}],"predecessor-version":[{"id":16060,"href":"https:\/\/casa.oaxaca.gob.mx\/index.php?rest_route=\/wp\/v2\/posts\/15923\/revisions\/16060"}],"wp:featuredmedia":[{"embeddable":true,"href":"https:\/\/casa.oaxaca.gob.mx\/index.php?rest_route=\/wp\/v2\/media\/15922"}],"wp:attachment":[{"href":"https:\/\/casa.oaxaca.gob.mx\/index.php?rest_route=%2Fwp%2Fv2%2Fmedia&parent=15923"}],"wp:term":[{"taxonomy":"category","embeddable":true,"href":"https:\/\/casa.oaxaca.gob.mx\/index.php?rest_route=%2Fwp%2Fv2%2Fcategories&post=15923"},{"taxonomy":"post_tag","embeddable":true,"href":"https:\/\/casa.oaxaca.gob.mx\/index.php?rest_route=%2Fwp%2Fv2%2Ftags&post=15923"}],"curies":[{"name":"wp","href":"https:\/\/api.w.org\/{rel}","templated":true}]}}