{"id":15930,"date":"2025-06-04T12:42:29","date_gmt":"2025-06-04T18:42:29","guid":{"rendered":"https:\/\/casa.oaxaca.gob.mx\/?p=15930"},"modified":"2026-01-22T13:52:28","modified_gmt":"2026-01-22T19:52:28","slug":"taller-presencial-dibujo-de-observacion-al-aire-libre-imparte-victor-lucero","status":"publish","type":"post","link":"https:\/\/casa.oaxaca.gob.mx\/?p=15930","title":{"rendered":"Taller presencial. Dibujo de observaci\u00f3n al aire libre. Imparte: Victor Lucero."},"content":{"rendered":"<\/div><\/div><\/div><!-- close content main div --><\/div><\/div><div id='av_section_1' class='avia-section main_color avia-section-no-padding avia-no-border-styling avia-full-stretch av-parallax-section avia-bg-style-parallax  av-minimum-height av-minimum-height-75 container_wrap fullsize'  data-section-bg-repeat='stretch' ><div class='av-parallax' data-avia-parallax-ratio='0.3' ><div class='av-parallax-inner main_color  avia-full-stretch' style = 'background-repeat: no-repeat; background-image: url(https:\/\/casa.oaxaca.gob.mx\/wp-content\/uploads\/2025\/06\/DIBUJO-DE-OBSERVACION-AL-AIRE-LIBRE--scaled.jpg); background-attachment: scroll; background-position: bottom center; ' ><\/div><\/div><div class='container' ><div class='template-page content  av-content-full alpha units'><div class='post-entry post-entry-type-page post-entry-15930'><div class='entry-content-wrapper clearfix'>\n<div style='padding-bottom:10px;color:#ffffff;font-size:50px;' class='av-special-heading av-special-heading-h3 custom-color-heading blockquote modern-quote  av-inherit-size'><h3 class='av-special-heading-tag'  itemprop=\"headline\"  >Taller presencial. Dibujo de observaci\u00f3n al aire libre.<\/h3><div class ='av-subheading av-subheading_below av_custom_color' style='font-size:25px;'><p>Imparte: Victor Manuel Pe\u00f1a Lucero<\/p>\n<\/div><div class='special-heading-border'><div class='special-heading-inner-border' style='border-color:#ffffff'><\/div><\/div><\/div>\n\n<\/div><\/div><\/div><!-- close content main div --><\/div><\/div><div id='av-layout-grid-1' class='av-layout-grid-container entry-content-wrapper main_color av-flex-cells  container_wrap fullsize'   >\n<div class=\"flex_cell no_margin av_one_full   \" style='vertical-align:top; padding:30px; background-color:#ED9600; '><div class='flex_cell_inner' ><p><div class=\"flex_column av_one_fourth  flex_column_div av-zero-column-padding first  \" style='border-radius:0px; '><div style='padding-bottom:10px;color:#ffffff;' class='av-special-heading av-special-heading-h3 custom-color-heading blockquote modern-quote  '><h3 class='av-special-heading-tag'  itemprop=\"headline\"  >Cierre de inscripciones<\/h3><div class ='av-subheading av-subheading_below av_custom_color' style='font-size:20px;'><p>Lunes 9 de junio de 2025<\/p>\n<p>Publicaci\u00f3n de resultados<br \/>\nMi\u00e9rcoles 11 de junio de 2025<\/p>\n<\/div><div class='special-heading-border'><div class='special-heading-inner-border' style='border-color:#ffffff'><\/div><\/div><\/div><\/div><div class=\"flex_column av_one_fourth  flex_column_div av-zero-column-padding   \" style='border-radius:0px; '><div style='padding-bottom:10px;color:#ffffff;' class='av-special-heading av-special-heading-h3 custom-color-heading blockquote modern-quote '><h3 class='av-special-heading-tag'  itemprop=\"headline\"  >GRUPO 1<\/h3><div class ='av-subheading av-subheading_below av_custom_color' style='font-size:20px;'><p>Lunes, mi\u00e9rcoles y viernes<br \/>\nDel 16 al 27 de junio de 2025<br \/>\nDe 14 a 18 h<\/p>\n<p>GRUPO 2<br \/>\nMartes y jueves<br \/>\nDel 17 al 26 de junio de 2025<br \/>\nDe 14 a 18 h<\/p>\n<\/div><div class='special-heading-border'><div class='special-heading-inner-border' style='border-color:#ffffff'><\/div><\/div><\/div><\/div><div class=\"flex_column av_one_fourth  flex_column_div av-zero-column-padding   \" style='border-radius:0px; '><div style='padding-bottom:10px;color:#ffffff;' class='av-special-heading av-special-heading-h3 custom-color-heading blockquote modern-quote '><h3 class='av-special-heading-tag'  itemprop=\"headline\"  >GRUPO 3<\/h3><div class ='av-subheading av-subheading_below av_custom_color' style='font-size:20px;'><p>S\u00e1bados<br \/>\n21 y 28 de junio de 2025<br \/>\nDe 10 a 14 h<\/p>\n<\/div><div class='special-heading-border'><div class='special-heading-inner-border' style='border-color:#ffffff'><\/div><\/div><\/div><\/div><div class=\"flex_column av_one_fourth  flex_column_div av-zero-column-padding   \" style='border-radius:0px; '><section class=\"avia_codeblock_section avia_code_block_0\"  itemscope=\"itemscope\" itemtype=\"https:\/\/schema.org\/BlogPosting\" itemprop=\"blogPost\" ><div class='avia_codeblock '  itemprop=\"text\" > [avia_codeblock_placeholder uid=\"0\"] <\/div><\/section><\/div><\/p>\n<\/div><\/div>\n<\/div>\n<div class=\"flex_column av_two_fifth  flex_column_div av-zero-column-padding first  \" style='border-radius:0px; '><p><div class='av-social-sharing-box '><div class='av-share-box'><h5 class='av-share-link-description'>Compartir esta actividad<\/h5><ul class='av-share-box-list noLightbox'><li class='av-share-link av-social-link-facebook' ><a target='_blank' href='http:\/\/www.facebook.com\/sharer.php?u=https:\/\/casa.oaxaca.gob.mx\/?p=15930&amp;t=Taller%20presencial.%20Dibujo%20de%20observaci%C3%B3n%20al%20aire%20libre.%20Imparte%3A%20Victor%20Lucero.' aria-hidden='true' data-av_icon='\ue8f3' data-av_iconfont='entypo-fontello' title='' data-avia-related-tooltip='Share on Facebook'><span class='avia_hidden_link_text'>Share on Facebook<\/span><\/a><\/li><li class='av-share-link av-social-link-twitter' ><a target='_blank' href='https:\/\/twitter.com\/share?text=Taller%20presencial.%20Dibujo%20de%20observaci%C3%B3n%20al%20aire%20libre.%20Imparte%3A%20Victor%20Lucero.&url=https:\/\/casa.oaxaca.gob.mx\/?p=15930' aria-hidden='true' data-av_icon='\ue8f1' data-av_iconfont='entypo-fontello' title='' data-avia-related-tooltip='Share on Twitter'><span class='avia_hidden_link_text'>Share on Twitter<\/span><\/a><\/li><li class='av-share-link av-social-link-gplus' ><a target='_blank' href='https:\/\/plus.google.com\/share?url=https:\/\/casa.oaxaca.gob.mx\/?p=15930' aria-hidden='true' data-av_icon='\ue8f6' data-av_iconfont='entypo-fontello' title='' data-avia-related-tooltip='Share on Google+'><span class='avia_hidden_link_text'>Share on Google+<\/span><\/a><\/li><li class='av-share-link av-social-link-pinterest' ><a target='_blank' href='http:\/\/pinterest.com\/pin\/create\/button\/?url=https%3A%2F%2Fcasa.oaxaca.gob.mx%2F%3Fp%3D15930&amp;description=Taller%20presencial.%20Dibujo%20de%20observaci%C3%B3n%20al%20aire%20libre.%20Imparte%3A%20Victor%20Lucero.&amp;media=https%3A%2F%2Fcasa.oaxaca.gob.mx%2Fwp-content%2Fuploads%2F2025%2F06%2Fc-DIBUJO-DE-OBSERVACION-AL-AIRE-LIBRE--705x484.jpg' aria-hidden='true' data-av_icon='\ue8f8' data-av_iconfont='entypo-fontello' title='' data-avia-related-tooltip='Share on Pinterest'><span class='avia_hidden_link_text'>Share on Pinterest<\/span><\/a><\/li><li class='av-share-link av-social-link-mail' ><a  href='mailto:?subject=Taller%20presencial.%20Dibujo%20de%20observaci%C3%B3n%20al%20aire%20libre.%20Imparte%3A%20Victor%20Lucero.&amp;body=https:\/\/casa.oaxaca.gob.mx\/?p=15930' aria-hidden='true' data-av_icon='\ue805' data-av_iconfont='entypo-fontello' title='' data-avia-related-tooltip='Share by Mail'><span class='avia_hidden_link_text'>Share by Mail<\/span><\/a><\/li><\/ul><\/div><\/div><br \/>\n<div  class='hr hr-default '><span class='hr-inner ' ><span class='hr-inner-style'><\/span><\/span><\/div><br \/>\n<div style='padding-bottom:10px;font-size:30px;' class='av-special-heading av-special-heading-h3  blockquote modern-quote   av-inherit-size'><h3 class='av-special-heading-tag'  itemprop=\"headline\"  >Sobre el tallerista<\/h3><div class='special-heading-border'><div class='special-heading-inner-border' ><\/div><\/div><\/div><br \/>\n<div class='avia-data-table-wrap avia_responsive_table'><table class='avia-table avia-data-table avia-table-1  avia_pricing_default'  itemscope=\"itemscope\" itemtype=\"https:\/\/schema.org\/Table\" ><tbody><tr class='avia-heading-row'><th class=''>Victor Lucero (Oaxaca, 1989)<br \/>\n<\/th><\/tr><tr class=''><td class=''>Pintor egresado de \u201cLa Esmeralda\u201d. En 2015, recibi\u00f3 el \u00fanico \u201cPremio Especial\u201d otorgado por el maestro Francisco Toledo en el XXXV Concurso Nacional de Arte Joven de Aguascalientes, lo que concluy\u00f3 en una muestra individual en el CaSa en 2016. Ese mismo a\u00f1o, particip\u00f3 en la Bienal de Venecia y, en 2017, fue seleccionado para el diplomado de producci\u00f3n art\u00edstica del CaSa. En 2019, su obra fue adquirida por la Galer\u00eda Jos\u00e9 Mar\u00eda Velasco del INBAL. Ha colaborado con instituciones como la ENPEG, el EDART y la UAM Xochimilco, impartiendo talleres de dibujo y pintura en CDMX, Tlaxcala y Oaxaca.<br \/>\n<\/td><\/tr><\/tbody><\/table><\/div><style type='text\/css'>.avia-table-1 td:nth-of-type(1):before { content: 'Victor Lucero (Oaxaca, 1989)<br \/>\n'; } <\/style><\/p><\/div>\n<div class=\"flex_column av_three_fifth  flex_column_div av-zero-column-padding   \" style='border-radius:0px; '><p><div style='padding-bottom:10px;font-size:30px;' class='av-special-heading av-special-heading-h3  blockquote modern-quote  av-inherit-size'><h3 class='av-special-heading-tag'  itemprop=\"headline\"  >LISTA DE SELECCIONADOS<\/h3><div class='special-heading-border'><div class='special-heading-inner-border' ><\/div><\/div><\/div><br \/>\n<div class='avia-data-table-wrap avia_responsive_table'><table class='avia-table avia-data-table avia-table-2  avia_pricing_default'  itemscope=\"itemscope\" itemtype=\"https:\/\/schema.org\/Table\" ><tbody><tr class='avia-heading-row'><th class=''>GRUPO 1<\/th><\/tr><tr class=''><td class=''>Gerardo Mart\u00edn Negrete Mar\u00edn<\/p>\n<p>Azul Hern\u00e1ndez Ram\u00edrez<\/p>\n<p>Diego Maldonado Garc\u00eda<\/p>\n<p>Ir\u00e1n Emily P\u00e9rez D\u00edaz<\/p>\n<p>Donaj\u00ed Hern\u00e1ndez Velasco<\/p>\n<p>Juan Arturo Morales Santiago <\/td><\/tr><\/tbody><\/table><\/div><style type='text\/css'>.avia-table-2 td:nth-of-type(1):before { content: 'GRUPO 1'; } <\/style><br \/>\n<div class='avia-data-table-wrap avia_responsive_table'><table class='avia-table avia-data-table avia-table-3  avia_pricing_default'  itemscope=\"itemscope\" itemtype=\"https:\/\/schema.org\/Table\" ><tbody><tr class='avia-heading-row'><th class=''>GRUPO 2<\/th><\/tr><tr class=''><td class=''>Lorena Calvo Ruiz<\/p>\n<p>Samara Cruz Ortega<\/p>\n<p>\u00c1ngel Flores M\u00e9ndez<\/p>\n<p>Renata Cruz Olivares<\/p>\n<p>Dakia Tais Mart\u00ednez Armengol<\/p>\n<p>Erandi Michelle S\u00e1nchez Rosas<\/td><\/tr><\/tbody><\/table><\/div><style type='text\/css'>.avia-table-3 td:nth-of-type(1):before { content: 'GRUPO 2'; } <\/style><br \/>\n<div class='avia-data-table-wrap avia_responsive_table'><table class='avia-table avia-data-table avia-table-4  avia_pricing_default'  itemscope=\"itemscope\" itemtype=\"https:\/\/schema.org\/Table\" ><tbody><tr class='avia-heading-row'><th class=''>GRUPO 3<\/th><\/tr><tr class=''><td class=''>Cecile M L Kachadourian Leblanc<\/p>\n<p>Diego Alejandro L\u00f3pez Merino<\/p>\n<p>Ximena Jaqueline Cruz Jim\u00e9nez<\/p>\n<p>Hung Ting (Jill) Chao NA<\/p>\n<p>Edgar Rogelio Estrada Ruiz<\/p>\n<p>Roci\u00f3 Arag\u00f3n Guzm\u00e1n<\/p>\n<p>Abril Eugenia Jim\u00e9nez Vel\u00e1squez<\/p>\n<p>Ulises Clemente Garc\u00eda Jim\u00e9nez<\/p>\n<p>Mauricio Alejandro Ch\u00e1vez Serv\u00edn<\/p>\n<p>Shelzy Aguilar Beltr\u00e1n<\/p>\n<p>Gabriel Alonso Ch\u00e1vez Vergara<\/p>\n<p>Diana Coronel Hern\u00e1ndez<\/p>\n<p>Diana Laura S\u00e1nchez Sucilla<\/p>\n<p>V\u00edctor Israel Garc\u00eda Guti\u00e9rrez<\/p>\n<p>M\u00f3nica Olmedo Cruz<\/p>\n<p>Soledad Alejandra Alc\u00e1ntara S\u00e1nchez<\/p>\n<p>Aldo Alejandro Romero Camacho<\/p>\n<p>Anxel L\u00f3pez Ch\u00e1vez<\/p>\n<p>Ashley F\u00e1tima Fuentes Antonio<\/td><\/tr><\/tbody><\/table><\/div><style type='text\/css'>.avia-table-4 td:nth-of-type(1):before { content: 'GRUPO 3'; } <\/style><br \/>\n<div class='avia-data-table-wrap avia_responsive_table'><table class='avia-table avia-data-table avia-table-5  avia_pricing_default'  itemscope=\"itemscope\" itemtype=\"https:\/\/schema.org\/Table\" ><tbody><tr class='avia-heading-row'><th class=''>Descripci\u00f3n general<\/th><\/tr><tr class=''><td class=''>Este taller propone el dibujo de observaci\u00f3n cl\u00e1sico al aire libre como una herramienta generadora de pensamiento y sensibilidad. A trav\u00e9s de una serie de ejercicios pr\u00e1cticos, los participantes desarrollar\u00e1n su agudeza mental, visual y manual mientras exploran el entorno que rodea al complejo del Centro de las Artes de San Agust\u00edn para capturar apuntes de dibujo al aire libre guiados profesionalmente desde el nivel b\u00e1sico.<br \/>\n<\/td><\/tr><tr class='avia-heading-row'><th class=''>Objetivo general<\/th><\/tr><tr class=''><td class=''>Fomentar el dibujo como una herramienta generadora de pensamiento, sensibilidad y percepci\u00f3n, utilizando el entorno del CaSa y un sal\u00f3n como un espacio de experimentaci\u00f3n, observaci\u00f3n y de ejercicios pr\u00e1cticos de dibujo.<br \/>\n<\/td><\/tr><tr class='avia-heading-row'><th class=''>Objetivos espec\u00edficos<\/th><\/tr><tr class=''><td class=''>1. Desarrollar la capacidad de observaci\u00f3n y an\u00e1lisis visual mediante la pr\u00e1ctica del dibujo al aire libre.<br \/>\n2. Fortalecer la conexi\u00f3n con el entorno natural y arquitect\u00f3nico de CaSa y el paisaje que se observa del paisaje de San Agust\u00edn Etla a trav\u00e9s de ejercicios de representaci\u00f3n de dibujo.<br \/>\n3. Explorar distintas t\u00e9cnicas cl\u00e1sicas del dibujo al natural, comprendiendo su relaci\u00f3n con la tradici\u00f3n pict\u00f3rica global.<br \/>\n4. Guiar a cada participante de manera personalizada, reforzando sus habilidades individuales en lugar de imponer resultados uniformes, procurando la riqueza de la diversidad.<br \/>\n5. Generar un espacio de experimentaci\u00f3n art\u00edstica, con formaci\u00f3n cl\u00e1sica donde el dibujo funcione como un laboratorio de ideas y sobre todo de expresi\u00f3n personal.<br \/>\n<\/td><\/tr><tr class='avia-heading-row'><th class=''>Temas<\/th><\/tr><tr class=''><td class=''>&#8211; El dibujo como la herramienta m\u00e1s vers\u00e1til<br \/>\n&#8211; Conceptualizaci\u00f3n de un portafolio espec\u00edfico de dibujo \u2013 el sketchbook<br \/>\n&#8211; De la pintura rupestre y africana con Picasso<br \/>\n&#8211; Dibujo con papel y carboncillo<br \/>\n&#8211; La selecci\u00f3n del material y la pr\u00e1ctica tradicional profesional<br \/>\n&#8211; Ejercicios de visualizaci\u00f3n<br \/>\n&#8211; Retenci\u00f3n visual: ejercicios<br \/>\n&#8211; Experimentaci\u00f3n de posibilidades t\u00e9cnicas con el carboncillo<br \/>\n&#8211; Exploraci\u00f3n y estrategias de cargar el equipo de dibujo<br \/>\n&#8211; El senderismo, la exploraci\u00f3n hist\u00f3rica y el deambular<br \/>\n&#8211; La historia de la ilustraci\u00f3n, el libro ilustrado, la editorial, los mapas y los nuevos territorios<br \/>\n&#8211; El arte y los impresionistas<br \/>\n&#8211; Dibujo como descripci\u00f3n<br \/>\n&#8211; El dibujo y el juego<br \/>\n&#8211; Entre experimentar o seguir la tradici\u00f3n dibuj\u00edstica pict\u00f3rica<br \/>\n&#8211; Dibujo libre<br \/>\n&#8211; Recopilaci\u00f3n del portafolio sobre los logros del taller.<\/td><\/tr><\/tbody><\/table><\/div><style type='text\/css'>.avia-table-5 td:nth-of-type(1):before { content: 'Descripci\u00f3n general'; } <\/style><br \/>\n<div style='padding-bottom:10px;font-size:30px;' class='av-special-heading av-special-heading-h3  blockquote modern-quote   av-inherit-size'><h3 class='av-special-heading-tag'  itemprop=\"headline\"  >Requisitos de inscripci\u00f3n<\/h3><div class='special-heading-border'><div class='special-heading-inner-border' ><\/div><\/div><\/div><br \/>\n<div class='avia-data-table-wrap avia_responsive_table'><table class='avia-table avia-data-table avia-table-6  avia_pricing_default'  itemscope=\"itemscope\" itemtype=\"https:\/\/schema.org\/Table\" ><tbody><tr class='avia-heading-row'><th class=''>&#8211; Abierto al p\u00fablico en general a partir de 13 a\u00f1os<br \/>\n&#8211; Este taller est\u00e1 dirigido a personas interesadas en aprender desde los conceptos m\u00e1s b\u00e1sicos del dibujo de observaci\u00f3n, incluyendo pr\u00e1cticas y gu\u00edas profesionales para dibujar del natural. Est\u00e1 dise\u00f1ado tanto para quienes desean aprender como para dibujantes aficionados, estudiantes o profesionales en el \u00e1mbito del dibujo, la pintura y las artes visuales que deseen explorar ejercicios de dibujo al aire libre.<br \/>\n&#8211; Es importante destacar que este es un taller te\u00f3rico-pr\u00e1ctico. Aunque algunas actividades comenzar\u00e1n en un sal\u00f3n, la mayor\u00eda se realizar\u00e1n al aire libre, lo que implica enfrentar desaf\u00edos t\u00e9cnicos y f\u00edsicos, como el calor y la necesidad de cuidar nuestra salud. Aunque no saldremos del complejo, es importante tener esto en cuenta.<br \/>\n&#8211; Se recomienda traer equipo adicional para trabajar al exterior, como sombrero, protector solar, sombrilla, agua potable, y opcionalmente, equipos como mini sillas o mesas port\u00e1tiles y plegables.<br \/>\n&#8211; Si el asistente es menor de edad, pero mayor de trece a\u00f1os, deber\u00e1 contar con consentimiento previo y ser acompa\u00f1ado por sus padres o tutores para su traslado siguiendo las recomendaciones y reglamentos del CaSa.<br \/>\n&#8211; La puntualidad es crucial al inicio de cada sesi\u00f3n. Aunque el dibujo podr\u00eda aparentar ser una simple actividad recreativa, el taller puede resultar algo intensivo. Al llegar tarde podr\u00edas perder instrucciones importantes que se brindan al comenzar las sesiones, por lo que no habr\u00e1 excepciones respecto a la puntualidad.<br \/>\n&#8211; El cupo m\u00e1ximo es de 40 lugares. <\/th><\/tr><tr class=''><td class=''>&#8211; Si tienes inter\u00e9s deber\u00e1s llenar el formulario con los datos completos que se encuentra en esta p\u00e1gina.<br \/>\n&#8211; La lista de seleccionados se publicar\u00e1 en esta p\u00e1gina, tambi\u00e9n se les notificar\u00e1 v\u00eda correo electr\u00f3nico con los detalles de la actividad.<br \/>\n&#8211; Actividad gratuita.<br \/>\n&#8211; Los talleristas ser\u00e1n los responsables de realizar la selecci\u00f3n de alumnos bajo sus criterios.<br \/>\n<\/td><\/tr><\/tbody><\/table><\/div><style type='text\/css'>.avia-table-6 td:nth-of-type(1):before { content: '\u2013 Abierto al p\u00fablico en general a partir de 13 a\u00f1os<br \/>\n\u2013 Este taller est\u00e1 dirigido a personas interesadas en aprender desde los conceptos m\u00e1s b\u00e1sicos del dibujo de observaci\u00f3n, incluyendo pr\u00e1cticas y gu\u00edas profesionales para dibujar del natural. Est\u00e1 dise\u00f1ado tanto para quienes desean aprender como para dibujantes aficionados, estudiantes o profesionales en el \u00e1mbito del dibujo, la pintura y las artes visuales que deseen explorar ejercicios de dibujo al aire libre.<br \/>\n\u2013 Es importante destacar que este es un taller te\u00f3rico-pr\u00e1ctico. Aunque algunas actividades comenzar\u00e1n en un sal\u00f3n, la mayor\u00eda se realizar\u00e1n al aire libre, lo que implica enfrentar desaf\u00edos t\u00e9cnicos y f\u00edsicos, como el calor y la necesidad de cuidar nuestra salud. Aunque no saldremos del complejo, es importante tener esto en cuenta.<br \/>\n\u2013 Se recomienda traer equipo adicional para trabajar al exterior, como sombrero, protector solar, sombrilla, agua potable, y opcionalmente, equipos como mini sillas o mesas port\u00e1tiles y plegables.<br \/>\n\u2013 Si el asistente es menor de edad, pero mayor de trece a\u00f1os, deber\u00e1 contar con consentimiento previo y ser acompa\u00f1ado por sus padres o tutores para su traslado siguiendo las recomendaciones y reglamentos del CaSa.<br \/>\n\u2013 La puntualidad es crucial al inicio de cada sesi\u00f3n. Aunque el dibujo podr\u00eda aparentar ser una simple actividad recreativa, el taller puede resultar algo intensivo. Al llegar tarde podr\u00edas perder instrucciones importantes que se brindan al comenzar las sesiones, por lo que no habr\u00e1 excepciones respecto a la puntualidad.<br \/>\n\u2013 El cupo m\u00e1ximo es de 40 lugares. '; } <\/style><br \/>\n<div class='avia-data-table-wrap avia_responsive_table'><table class='avia-table avia-data-table avia-table-7  avia_pricing_default'  itemscope=\"itemscope\" itemtype=\"https:\/\/schema.org\/Table\" ><tbody><tr class='avia-heading-row'><th class=''>Material que se le solicitar\u00e1 al alumno(a)<\/th><\/tr><tr class=''><td class=''>&#8211; 1 tabla de mdf de tama\u00f1o carta o porta papeles<br \/>\n&#8211; 1 pinza met\u00e1lica grande para papeles<br \/>\n&#8211; 1 paquete de carboncillos<br \/>\n&#8211; Sombrero<br \/>\n&#8211; Sombrilla<br \/>\n-Ropa c\u00f3moda y fresca<br \/>\n&#8211; Bloqueador solar<br \/>\n&#8211; Agua<br \/>\n&#8211; Podr\u00e1n traer todos los materiales que deseen para dibujar, incluyendo opcionalmente una libreta de dibujo (sketchbook) de tama\u00f1o carta m\u00ednimo, nueva, y que sea de uso exclusivo para el taller.<br \/>\n&#8211; opcionalmente pueden traer mini sillas o mesas port\u00e1tiles y plegables<br \/>\n<\/td><\/tr><\/tbody><\/table><\/div><style type='text\/css'>.avia-table-7 td:nth-of-type(1):before { content: 'Material que se le solicitar\u00e1 al alumno(a)'; } <\/style><br \/>\n<div class='avia-data-table-wrap avia_responsive_table'><table class='avia-table avia-data-table avia-table-8  avia_pricing_default'  itemscope=\"itemscope\" itemtype=\"https:\/\/schema.org\/Table\" ><tbody><tr class='avia-heading-row'><th class=''>Nota para los seleccionados<\/th><\/tr><tr class=''><td class=''>&#8211; Clases presenciales en el Sal\u00f3n 2 del CaSa<br \/>\n&#8211; Se dejar\u00e1n ejercicios espec\u00edficos a cada estudiante, es fundamental realizarlos para continuar con la siguiente clase.<br \/>\n&#8211; Tener el compromiso y el tiempo para llevar a cabo el taller, ya que las inasistencias injustificadas ser\u00e1n motivo de suspensi\u00f3n y no podr\u00e1 ingresar a talleres futuros.<br \/>\n&#8211; Durante el taller nos estaremos comunicando por medio de mensajes en un grupo de WhatsApp, por ser una herramienta m\u00e1s r\u00e1pida para poder tener una mejor comunicaci\u00f3n con lo que respecta al taller.<br \/>\n<\/td><\/tr><\/tbody><\/table><\/div><style type='text\/css'>.avia-table-8 td:nth-of-type(1):before { content: 'Nota para los seleccionados'; } <\/style><br \/>\n<div id='av-masonry-1' class='av-masonry noHover av-fixed-size av-large-gap av-hover-overlay-active av-masonry-col-flexible av-caption-always av-caption-style- av-masonry-gallery  '  ><div class='av-masonry-container isotope av-js-disabled ' ><div class='av-masonry-entry isotope-item av-masonry-item-no-image '><\/div><a href=\"https:\/\/casa.oaxaca.gob.mx\/wp-content\/uploads\/2025\/06\/Ivictor-lucero.-arte.-CaSa.-2025.-Dibujo-1-590x1030.jpg\" id='av-masonry-1-item-15935' data-av-masonry-item='15935' class='av-masonry-entry isotope-item post-15935 attachment type-attachment status-inherit hentry  av-masonry-item-with-image' title=\"Screenshot\"  itemprop=\"thumbnailUrl\" ><div class='av-inner-masonry-sizer'><\/div><figure class='av-inner-masonry main_color'><div class=\"av-masonry-outerimage-container\"><div class=\"av-masonry-image-container\" style=\"background-image: url(https:\/\/casa.oaxaca.gob.mx\/wp-content\/uploads\/2025\/06\/Ivictor-lucero.-arte.-CaSa.-2025.-Dibujo-1-404x705.jpg);\"><img decoding=\"async\" src=\"https:\/\/casa.oaxaca.gob.mx\/wp-content\/uploads\/2025\/06\/Ivictor-lucero.-arte.-CaSa.-2025.-Dibujo-1-404x705.jpg\" title=\"Screenshot\" alt=\"\" \/><\/div><\/div><\/figure><\/a><!--end av-masonry entry--><a href=\"https:\/\/casa.oaxaca.gob.mx\/wp-content\/uploads\/2025\/06\/Ivictor-lucero.-arte.-CaSa.-2025.-Dibujo-2-588x1030.jpg\" id='av-masonry-1-item-15936' data-av-masonry-item='15936' class='av-masonry-entry isotope-item post-15936 attachment type-attachment status-inherit hentry  av-masonry-item-with-image' title=\"Screenshot\"  itemprop=\"thumbnailUrl\" ><div class='av-inner-masonry-sizer'><\/div><figure class='av-inner-masonry main_color'><div class=\"av-masonry-outerimage-container\"><div class=\"av-masonry-image-container\" style=\"background-image: url(https:\/\/casa.oaxaca.gob.mx\/wp-content\/uploads\/2025\/06\/Ivictor-lucero.-arte.-CaSa.-2025.-Dibujo-2-402x705.jpg);\"><img decoding=\"async\" src=\"https:\/\/casa.oaxaca.gob.mx\/wp-content\/uploads\/2025\/06\/Ivictor-lucero.-arte.-CaSa.-2025.-Dibujo-2-402x705.jpg\" title=\"Screenshot\" alt=\"\" \/><\/div><\/div><\/figure><\/a><!--end av-masonry entry--><a href=\"https:\/\/casa.oaxaca.gob.mx\/wp-content\/uploads\/2025\/06\/Ivictor-lucero.-arte.-CaSa.-2025.-Dibujo-5-773x1030.jpg\" id='av-masonry-1-item-15937' data-av-masonry-item='15937' class='av-masonry-entry isotope-item post-15937 attachment type-attachment status-inherit hentry  av-masonry-item-with-image' title=\"\"  itemprop=\"thumbnailUrl\" ><div class='av-inner-masonry-sizer'><\/div><figure class='av-inner-masonry main_color'><div class=\"av-masonry-outerimage-container\"><div class=\"av-masonry-image-container\" style=\"background-image: url(https:\/\/casa.oaxaca.gob.mx\/wp-content\/uploads\/2025\/06\/Ivictor-lucero.-arte.-CaSa.-2025.-Dibujo-5-529x705.jpg);\"><img decoding=\"async\" src=\"https:\/\/casa.oaxaca.gob.mx\/wp-content\/uploads\/2025\/06\/Ivictor-lucero.-arte.-CaSa.-2025.-Dibujo-5-529x705.jpg\" title=\"Ivictor lucero. arte. CaSa. 2025. Dibujo 5\" alt=\"\" \/><\/div><\/div><\/figure><\/a><!--end av-masonry entry--><a href=\"https:\/\/casa.oaxaca.gob.mx\/wp-content\/uploads\/2025\/06\/victor-lucero.-arte.-CaSa.-2025.-Dibujo-4-773x1030.jpg\" id='av-masonry-1-item-15938' data-av-masonry-item='15938' class='av-masonry-entry isotope-item post-15938 attachment type-attachment status-inherit hentry  av-masonry-item-with-image' title=\"\"  itemprop=\"thumbnailUrl\" ><div class='av-inner-masonry-sizer'><\/div><figure class='av-inner-masonry main_color'><div class=\"av-masonry-outerimage-container\"><div class=\"av-masonry-image-container\" style=\"background-image: url(https:\/\/casa.oaxaca.gob.mx\/wp-content\/uploads\/2025\/06\/victor-lucero.-arte.-CaSa.-2025.-Dibujo-4-529x705.jpg);\"><img decoding=\"async\" src=\"https:\/\/casa.oaxaca.gob.mx\/wp-content\/uploads\/2025\/06\/victor-lucero.-arte.-CaSa.-2025.-Dibujo-4-529x705.jpg\" title=\"victor lucero. arte. CaSa. 2025. Dibujo 4\" alt=\"\" \/><\/div><\/div><\/figure><\/a><!--end av-masonry entry--><\/div><\/div><\/p><\/div>\n","protected":false},"excerpt":{"rendered":"","protected":false},"author":1,"featured_media":15929,"comment_status":"open","ping_status":"open","sticky":false,"template":"","format":"standard","meta":{"_exactmetrics_skip_tracking":false,"_exactmetrics_sitenote_active":false,"_exactmetrics_sitenote_note":"","_exactmetrics_sitenote_category":0,"footnotes":""},"categories":[204],"tags":[],"class_list":["post-15930","post","type-post","status-publish","format-standard","has-post-thumbnail","hentry","category-204"],"_links":{"self":[{"href":"https:\/\/casa.oaxaca.gob.mx\/index.php?rest_route=\/wp\/v2\/posts\/15930","targetHints":{"allow":["GET"]}}],"collection":[{"href":"https:\/\/casa.oaxaca.gob.mx\/index.php?rest_route=\/wp\/v2\/posts"}],"about":[{"href":"https:\/\/casa.oaxaca.gob.mx\/index.php?rest_route=\/wp\/v2\/types\/post"}],"author":[{"embeddable":true,"href":"https:\/\/casa.oaxaca.gob.mx\/index.php?rest_route=\/wp\/v2\/users\/1"}],"replies":[{"embeddable":true,"href":"https:\/\/casa.oaxaca.gob.mx\/index.php?rest_route=%2Fwp%2Fv2%2Fcomments&post=15930"}],"version-history":[{"count":5,"href":"https:\/\/casa.oaxaca.gob.mx\/index.php?rest_route=\/wp\/v2\/posts\/15930\/revisions"}],"predecessor-version":[{"id":16053,"href":"https:\/\/casa.oaxaca.gob.mx\/index.php?rest_route=\/wp\/v2\/posts\/15930\/revisions\/16053"}],"wp:featuredmedia":[{"embeddable":true,"href":"https:\/\/casa.oaxaca.gob.mx\/index.php?rest_route=\/wp\/v2\/media\/15929"}],"wp:attachment":[{"href":"https:\/\/casa.oaxaca.gob.mx\/index.php?rest_route=%2Fwp%2Fv2%2Fmedia&parent=15930"}],"wp:term":[{"taxonomy":"category","embeddable":true,"href":"https:\/\/casa.oaxaca.gob.mx\/index.php?rest_route=%2Fwp%2Fv2%2Fcategories&post=15930"},{"taxonomy":"post_tag","embeddable":true,"href":"https:\/\/casa.oaxaca.gob.mx\/index.php?rest_route=%2Fwp%2Fv2%2Ftags&post=15930"}],"curies":[{"name":"wp","href":"https:\/\/api.w.org\/{rel}","templated":true}]}}