{"id":15948,"date":"2025-06-04T12:56:35","date_gmt":"2025-06-04T18:56:35","guid":{"rendered":"https:\/\/casa.oaxaca.gob.mx\/?p=15948"},"modified":"2026-01-22T13:52:28","modified_gmt":"2026-01-22T19:52:28","slug":"taller-presencial-introduccion-a-la-cinematografia-documental-imparte-yaasib-vazquez-colmenares-yaasib-o-chaz","status":"publish","type":"post","link":"https:\/\/casa.oaxaca.gob.mx\/?p=15948","title":{"rendered":"Taller presencial. Introducci\u00f3n a la Cinematograf\u00eda Documental. Imparte: Yaasib V\u00e1zquez Colmenares \u201cYaasib o Chaz\u201d."},"content":{"rendered":"<\/div><\/div><\/div><!-- close content main div --><\/div><\/div><div id='av_section_1' class='avia-section main_color avia-section-no-padding avia-no-border-styling avia-full-stretch av-parallax-section avia-bg-style-parallax  av-minimum-height av-minimum-height-75 container_wrap fullsize'  data-section-bg-repeat='stretch' ><div class='av-parallax' data-avia-parallax-ratio='0.3' ><div class='av-parallax-inner main_color  avia-full-stretch' style = 'background-repeat: no-repeat; background-image: url(https:\/\/casa.oaxaca.gob.mx\/wp-content\/uploads\/2025\/06\/CINE-DOCUMENTAL-scaled.jpg); background-attachment: scroll; background-position: bottom center; ' ><\/div><\/div><div class='container' ><div class='template-page content  av-content-full alpha units'><div class='post-entry post-entry-type-page post-entry-15948'><div class='entry-content-wrapper clearfix'>\n<div style='padding-bottom:10px;color:#ffffff;font-size:50px;' class='av-special-heading av-special-heading-h3 custom-color-heading blockquote modern-quote  av-inherit-size'><h3 class='av-special-heading-tag'  itemprop=\"headline\"  >Taller presencial. Introducci\u00f3n a la Cinematograf\u00eda Documental.<\/h3><div class ='av-subheading av-subheading_below av_custom_color' style='font-size:25px;'><p>Imparte: Yaasib V\u00e1zquez Colmenares \u201cYaasib o Chaz\u201d<\/p>\n<\/div><div class='special-heading-border'><div class='special-heading-inner-border' style='border-color:#ffffff'><\/div><\/div><\/div>\n\n<\/div><\/div><\/div><!-- close content main div --><\/div><\/div><div id='av-layout-grid-1' class='av-layout-grid-container entry-content-wrapper main_color av-flex-cells  container_wrap fullsize'   >\n<div class=\"flex_cell no_margin av_one_full   \" style='vertical-align:top; padding:30px; background-color:#ED9600; '><div class='flex_cell_inner' ><p><div class=\"flex_column av_one_fourth  flex_column_div av-zero-column-padding first  \" style='border-radius:0px; '><div style='padding-bottom:10px;color:#ffffff;' class='av-special-heading av-special-heading-h3 custom-color-heading blockquote modern-quote '><h3 class='av-special-heading-tag'  itemprop=\"headline\"  >Cierre de inscripciones<\/h3><div class ='av-subheading av-subheading_below av_custom_color' style='font-size:20px;'><p>Lunes 16 de junio de 2025<\/p>\n<p>Publicaci\u00f3n de resultados<br \/>\nMi\u00e9rcoles 18 de junio de 2025<\/p>\n<\/div><div class='special-heading-border'><div class='special-heading-inner-border' style='border-color:#ffffff'><\/div><\/div><\/div><\/div><div class=\"flex_column av_one_fourth  flex_column_div av-zero-column-padding   \" style='border-radius:0px; '><div style='padding-bottom:10px;color:#ffffff;' class='av-special-heading av-special-heading-h3 custom-color-heading blockquote modern-quote '><h3 class='av-special-heading-tag'  itemprop=\"headline\"  >Fechas<\/h3><div class ='av-subheading av-subheading_below av_custom_color' style='font-size:20px;'><p>Lunes a viernes<br \/>\nDel 23 al 27 de junio de 2025<\/p>\n<\/div><div class='special-heading-border'><div class='special-heading-inner-border' style='border-color:#ffffff'><\/div><\/div><\/div><\/div><div class=\"flex_column av_one_fourth  flex_column_div av-zero-column-padding   \" style='border-radius:0px; '><div style='padding-bottom:10px;color:#ffffff;' class='av-special-heading av-special-heading-h3 custom-color-heading blockquote modern-quote  '><h3 class='av-special-heading-tag'  itemprop=\"headline\"  >Horario<\/h3><div class ='av-subheading av-subheading_below av_custom_color' style='font-size:20px;'><p>De 10 a 14 horas<\/p>\n<\/div><div class='special-heading-border'><div class='special-heading-inner-border' style='border-color:#ffffff'><\/div><\/div><\/div><\/div><div class=\"flex_column av_one_fourth  flex_column_div av-zero-column-padding   \" style='border-radius:0px; '><section class=\"avia_codeblock_section avia_code_block_0\"  itemscope=\"itemscope\" itemtype=\"https:\/\/schema.org\/BlogPosting\" itemprop=\"blogPost\" ><div class='avia_codeblock '  itemprop=\"text\" > [avia_codeblock_placeholder uid=\"0\"] <\/div><\/section><\/div><\/p>\n<\/div><\/div>\n<\/div>\n<div class=\"flex_column av_two_fifth  flex_column_div av-zero-column-padding first  \" style='border-radius:0px; '><p><div class='av-social-sharing-box '><div class='av-share-box'><h5 class='av-share-link-description'>Compartir esta actividad<\/h5><ul class='av-share-box-list noLightbox'><li class='av-share-link av-social-link-facebook' ><a target='_blank' href='http:\/\/www.facebook.com\/sharer.php?u=https:\/\/casa.oaxaca.gob.mx\/?p=15948&amp;t=Taller%20presencial.%20Introducci%C3%B3n%20a%20la%20Cinematograf%C3%ADa%20Documental.%20Imparte%3A%20Yaasib%20V%C3%A1zquez%20Colmenares%20%E2%80%9CYaasib%20o%20Chaz%E2%80%9D.' aria-hidden='true' data-av_icon='\ue8f3' data-av_iconfont='entypo-fontello' title='' data-avia-related-tooltip='Share on Facebook'><span class='avia_hidden_link_text'>Share on Facebook<\/span><\/a><\/li><li class='av-share-link av-social-link-twitter' ><a target='_blank' href='https:\/\/twitter.com\/share?text=Taller%20presencial.%20Introducci%C3%B3n%20a%20la%20Cinematograf%C3%ADa%20Documental.%20Imparte%3A%20Yaasib%20V%C3%A1zquez%20Colmenares%20%E2%80%9CYaasib%20o%20Chaz%E2%80%9D.&url=https:\/\/casa.oaxaca.gob.mx\/?p=15948' aria-hidden='true' data-av_icon='\ue8f1' data-av_iconfont='entypo-fontello' title='' data-avia-related-tooltip='Share on Twitter'><span class='avia_hidden_link_text'>Share on Twitter<\/span><\/a><\/li><li class='av-share-link av-social-link-gplus' ><a target='_blank' href='https:\/\/plus.google.com\/share?url=https:\/\/casa.oaxaca.gob.mx\/?p=15948' aria-hidden='true' data-av_icon='\ue8f6' data-av_iconfont='entypo-fontello' title='' data-avia-related-tooltip='Share on Google+'><span class='avia_hidden_link_text'>Share on Google+<\/span><\/a><\/li><li class='av-share-link av-social-link-pinterest' ><a target='_blank' href='http:\/\/pinterest.com\/pin\/create\/button\/?url=https%3A%2F%2Fcasa.oaxaca.gob.mx%2F%3Fp%3D15948&amp;description=Taller%20presencial.%20Introducci%C3%B3n%20a%20la%20Cinematograf%C3%ADa%20Documental.%20Imparte%3A%20Yaasib%20V%C3%A1zquez%20Colmenares%20%E2%80%9CYaasib%20o%20Chaz%E2%80%9D.&amp;media=https%3A%2F%2Fcasa.oaxaca.gob.mx%2Fwp-content%2Fuploads%2F2025%2F06%2FC-CINEDOCUMENTAL-705x484.jpg' aria-hidden='true' data-av_icon='\ue8f8' data-av_iconfont='entypo-fontello' title='' data-avia-related-tooltip='Share on Pinterest'><span class='avia_hidden_link_text'>Share on Pinterest<\/span><\/a><\/li><li class='av-share-link av-social-link-mail' ><a  href='mailto:?subject=Taller%20presencial.%20Introducci%C3%B3n%20a%20la%20Cinematograf%C3%ADa%20Documental.%20Imparte%3A%20Yaasib%20V%C3%A1zquez%20Colmenares%20%E2%80%9CYaasib%20o%20Chaz%E2%80%9D.&amp;body=https:\/\/casa.oaxaca.gob.mx\/?p=15948' aria-hidden='true' data-av_icon='\ue805' data-av_iconfont='entypo-fontello' title='' data-avia-related-tooltip='Share by Mail'><span class='avia_hidden_link_text'>Share by Mail<\/span><\/a><\/li><\/ul><\/div><\/div><br \/>\n<div  class='hr hr-default '><span class='hr-inner ' ><span class='hr-inner-style'><\/span><\/span><\/div><br \/>\n<div style='padding-bottom:10px;font-size:30px;' class='av-special-heading av-special-heading-h3  blockquote modern-quote   av-inherit-size'><h3 class='av-special-heading-tag'  itemprop=\"headline\"  >Sobre el tallerista<\/h3><div class='special-heading-border'><div class='special-heading-inner-border' ><\/div><\/div><\/div><br \/>\n<div class='avia-data-table-wrap avia_responsive_table'><table class='avia-table avia-data-table avia-table-1  avia_pricing_default'  itemscope=\"itemscope\" itemtype=\"https:\/\/schema.org\/Table\" ><tbody><tr class='avia-heading-row'><th class=''>Yaasib V\u00e1zquez Colmenares \u201cYaasib o Chaz\u201d<\/th><\/tr><tr class=''><td class=''>Yaasib V\u00e1zquez es cinefot\u00f3grafo y director originario de Oaxaca, egresado con menci\u00f3n honor\u00edfica del Centro de Capacitaci\u00f3n Cinematogr\u00e1fica (CCC). Su trabajo cruza la ficci\u00f3n, el documental, la publicidad y proyectos interdisciplinarios, con una propuesta visual que combina precisi\u00f3n t\u00e9cnica, sensibilidad narrativa y una \u00e9tica clara frente a la imagen.<br \/>\nA lo largo de su carrera ha colaborado con directores destacados del cine mexicano, desarrollando una mirada vers\u00e1til que transita entre el cine de autor, las narrativas comunitarias y la producci\u00f3n comercial. Su cortometraje Yuban (2012) fue galardonado con el Ariel a Mejor Cortometraje Documental y seleccionado en el Festival IDFA (\u00c1msterdam).<br \/>\nEn 2015 estren\u00f3 Takeda, su \u00f3pera prima como director y cinefot\u00f3grafo, un ensayo visual sobre el artista japon\u00e9s Shinzaburo Takeda que fue seleccionado en el Festival Internacional de Cine de Morelia y recibi\u00f3 una menci\u00f3n honor\u00edfica en el Premio Jos\u00e9 Rovirosa, reconociendo su valor como obra documental, visual y autoral.<br \/>\nEn el \u00e1mbito comercial, ha trabajado con productoras como Catatonia, Madrefoca, Spectrum Films y Videocine, as\u00ed como con medios internacionales como la BBC. Entre sus clientes destacan Vogue, Coca-Cola, Mercedes-Benz, GMC, Aerie, entre otras marcas y plataformas.<br \/>\nSu estilo se caracteriza por el uso narrativo de la luz natural, una aproximaci\u00f3n intuitiva al encuadre y la capacidad de construir atm\u00f3sfera e intenci\u00f3n visual con recursos m\u00ednimos. Su cinematograf\u00eda combina lo t\u00e9cnico con lo humano, siempre buscando im\u00e1genes con peso narrativo, ritmo interno y sentido.<br \/>\nAdem\u00e1s de su trabajo en rodaje, Yaasib imparte talleres orientados a cineastas emergentes, donde promueve una formaci\u00f3n horizontal basada en el pensamiento visual, la \u00e9tica de la mirada y el desarrollo de una propuesta est\u00e9tica propia.<\/td><\/tr><\/tbody><\/table><\/div><style type='text\/css'>.avia-table-1 td:nth-of-type(1):before { content: 'Yaasib V\u00e1zquez Colmenares \u201cYaasib o Chaz\u201d'; } <\/style><\/p><\/div>\n<div class=\"flex_column av_three_fifth  flex_column_div av-zero-column-padding   \" style='border-radius:0px; '><p><div style='padding-bottom:10px;font-size:30px;' class='av-special-heading av-special-heading-h3  blockquote modern-quote   av-inherit-size'><h3 class='av-special-heading-tag'  itemprop=\"headline\"  >Acerca del taller<\/h3><div class='special-heading-border'><div class='special-heading-inner-border' ><\/div><\/div><\/div><br \/>\n<div class='avia-data-table-wrap avia_responsive_table'><table class='avia-table avia-data-table avia-table-2  avia_pricing_default'  itemscope=\"itemscope\" itemtype=\"https:\/\/schema.org\/Table\" ><tbody><tr class='avia-heading-row'><th class=''>LISTA DE SELECCIONADOS<\/th><\/tr><tr class=''><td class=''>Luis Alberto Rivera Montoya<br \/>\nItzel Mart\u00ednez Buend\u00eda<br \/>\nCaroline Pereira Da Costa<br \/>\nPedro Guti\u00e9rrez Mart\u00ednez<br \/>\nJuan Pablo Rold\u00e1n Navarro<br \/>\nIvanna Odette Ram\u00edrez Dom\u00ednguez<br \/>\nAylin Daniela D\u00e1vila Mart\u00ednez<br \/>\nOrqu\u00eddea Del Rio Ruiz<br \/>\nJos\u00e9 Alberto Canseco Espinosa<br \/>\nIsa\u00ed Rub\u00e9n Flores Ru\u00edz<br \/>\nSamantha Edith Flores D\u00edaz<br \/>\nJos\u00e9 Manuel Cruz Carrasco<br \/>\nJoyce Levi Valencia Balseca<br \/>\n\u00c1ngel Yadir Hurtado Ortiz<br \/>\nBrian de Jes\u00fas Ter\u00e1n Mart\u00ednez<br \/>\nTamara Bola\u00f1os Ram\u00edrez<br \/>\nVania Michelini Castillo<br \/>\nAlitzel Hern\u00e1ndez R\u00edos<br \/>\nAnna Laura Hafner<\/td><\/tr><\/tbody><\/table><\/div><style type='text\/css'>.avia-table-2 td:nth-of-type(1):before { content: 'LISTA DE SELECCIONADOS'; } <\/style><br \/>\n<div class='avia-data-table-wrap avia_responsive_table'><table class='avia-table avia-data-table avia-table-3  avia_pricing_default'  itemscope=\"itemscope\" itemtype=\"https:\/\/schema.org\/Table\" ><tbody><tr class='avia-heading-row'><th class=''>Descripci\u00f3n general<\/th><\/tr><tr class=''><td class=''>Este taller es una iniciaci\u00f3n te\u00f3rico-pr\u00e1ctica a la labor del cinefot\u00f3grafo en el cine documental. Abordaremos c\u00f3mo acercarse a un proyecto desde la mirada, c\u00f3mo visualizarlo y gestionarlo desde sus primeras etapas. A trav\u00e9s de ejercicios pr\u00e1cticos, explicaremos las bases de la exposici\u00f3n, el uso de la luz natural en contextos complejos y c\u00f3mo construir una narrativa visual con pocos recursos, desarrollando sensibilidad, criterio est\u00e9tico y herramientas para resolver desde lo esencial.<\/td><\/tr><tr class='avia-heading-row'><th class=''>Objetivo general<\/th><\/tr><tr class=''><td class=''>Brindar a los estudiantes una primera aproximaci\u00f3n a la cinematograf\u00eda documental, entendiendo la imagen como una forma de pensar, mirar y construir sentido. A trav\u00e9s de una combinaci\u00f3n de teor\u00eda y pr\u00e1ctica, se busca desarrollar una mirada personal, \u00e9tica y creativa, que les permita abordar proyectos documentales desde lo visual, resolviendo con los recursos disponibles y aprendiendo a narrar con la luz, el encuadre y la intenci\u00f3n.<br \/>\n<\/td><\/tr><tr class='avia-heading-row'><th class=''>Objetivos espec\u00edficos<\/th><\/tr><tr class=''><td class=''>&#8211; Desarrollar una comprensi\u00f3n b\u00e1sica de la cinematograf\u00eda documental<br \/>\n&#8211; Explorar el uso de la luz natural, el encuadre y los recursos m\u00ednimos<br \/>\n&#8211; Fomentar una mirada personal y cr\u00edtica en los estudiantes<br \/>\n<\/td><\/tr><tr class='avia-heading-row'><th class=''>Temas<\/th><\/tr><tr class=''><td class=''>Sesi\u00f3n 1 \u2013 \u00bfQu\u00e9 es mirar con una c\u00e1mara?<br \/>\n&#8211; Bienvenida y presentaci\u00f3n del grupo: \u00bfqui\u00e9nes somos y qu\u00e9 nos interesa del cine?<br \/>\n&#8211; Breve historia del cine y de la cinematograf\u00eda: c\u00f3mo ha cambiado la forma de mirar a trav\u00e9s del tiempo.<br \/>\n&#8211; \u00bfQu\u00e9 es el encuadre y por qu\u00e9 importa tanto?<br \/>\n&#8211; Veremos ejemplos clave para entender c\u00f3mo el cine ha ido construyendo formas de contar.<br \/>\n&#8211; Charlaremos sobre c\u00f3mo cada decisi\u00f3n visual tiene intenci\u00f3n y genera sentido.<\/p>\n<p>Sesi\u00f3n 2 \u2013 La imagen tambi\u00e9n piensa<br \/>\n&#8211; \u00bfC\u00f3mo empezar un proyecto desde la mirada?<br \/>\n&#8211; Ver no es lo mismo que mirar: todo encuadre dice algo.<br \/>\n&#8211; El montaje no solo junta im\u00e1genes, tambi\u00e9n junta ideas.<br \/>\n&#8211; Veremos fragmentos de documentales y los analizaremos juntos.<br \/>\n&#8211; Empezaremos a pensar ideas propias y c\u00f3mo podr\u00edan contarse desde la c\u00e1mara.<\/p>\n<p>Sesi\u00f3n 3 \u2013 Resolver con lo que hay<br \/>\n&#8211; \u00bfC\u00f3mo trabajar con poca luz o con luz natural?<br \/>\n&#8211; T\u00e9cnicas b\u00e1sicas para exponer bien en condiciones dif\u00edciles.<br \/>\n&#8211; \u00bfC\u00f3mo contar algo con lo m\u00ednimo? Aprovechar lo que hay y hacerlo narrativo.<br \/>\n&#8211; Salida pr\u00e1ctica: ejercicios sencillos de registro usando la luz disponible.<\/p>\n<p>Sesi\u00f3n 4 \u2013 Tu propia forma de mirar<br \/>\n&#8211; Compartimos lo que se hizo en la pr\u00e1ctica y damos retroalimentaci\u00f3n.<br \/>\n&#8211; \u00bfC\u00f3mo construir una propuesta visual con sentido?<br \/>\n&#8211; Hablamos de lo \u00e9tico, lo po\u00e9tico y lo pol\u00edtico de poner una c\u00e1mara frente a alguien.<br \/>\n&#8211; Cada quien elabora una idea breve, pensada desde su mirada.<br \/>\n&#8211; Cierre y reflexi\u00f3n colectiva sobre qu\u00e9 nos deja el curso y hacia d\u00f3nde seguir.<br \/>\n<\/td><\/tr><\/tbody><\/table><\/div><style type='text\/css'>.avia-table-3 td:nth-of-type(1):before { content: 'Descripci\u00f3n general'; } <\/style><br \/>\n<div style='padding-bottom:10px;font-size:30px;' class='av-special-heading av-special-heading-h3  blockquote modern-quote   av-inherit-size'><h3 class='av-special-heading-tag'  itemprop=\"headline\"  >Requisitos de inscripci\u00f3n<\/h3><div class='special-heading-border'><div class='special-heading-inner-border' ><\/div><\/div><\/div><br \/>\n<div class='avia-data-table-wrap avia_responsive_table'><table class='avia-table avia-data-table avia-table-4  avia_pricing_default'  itemscope=\"itemscope\" itemtype=\"https:\/\/schema.org\/Table\" ><tbody><tr class='avia-heading-row'><th class=''>Inter\u00e9s en el cine, el documental y la fotograf\u00eda<\/th><\/tr><tr class=''><td class=''>El taller est\u00e1 dirigido a personas que ya tengan afinidad por las artes audiovisuales y una motivaci\u00f3n clara por desarrollar su mirada cinematogr\u00e1fica.<br \/>\n&#8211; Conocimientos b\u00e1sicos de lenguaje audiovisual<br \/>\nSe valorar\u00e1 que los postulantes cuenten con nociones generales de encuadre, luz, composici\u00f3n o narrativa visual, aunque no se requiere formaci\u00f3n profesional.<br \/>\n&#8211; Disposici\u00f3n para el trabajo colectivo y el an\u00e1lisis visual<br \/>\nEs importante tener apertura para compartir procesos, recibir retroalimentaci\u00f3n y reflexionar sobre la imagen en grupo.<br \/>\n&#8211; Compromiso con el curso completo<br \/>\nSe priorizar\u00e1 a quienes puedan asistir a todas las sesiones y participar activamente en la parte pr\u00e1ctica y te\u00f3rica.<br \/>\n&#8211; Si tienes inter\u00e9s deber\u00e1s llenar el formulario con los datos completos que se encuentra en esta p\u00e1gina.<br \/>\n&#8211; La lista de seleccionados se publicar\u00e1 en esta p\u00e1gina, tambi\u00e9n se les notificar\u00e1 v\u00eda correo electr\u00f3nico con los detalles de la actividad.<br \/>\n&#8211; Actividad gratuita.<br \/>\n&#8211; El maestro ser\u00e1 responsable de realizar la selecci\u00f3n de alumnos bajo sus criterios.<br \/>\n<\/td><\/tr><\/tbody><\/table><\/div><style type='text\/css'>.avia-table-4 td:nth-of-type(1):before { content: 'Inter\u00e9s en el cine, el documental y la fotograf\u00eda'; } <\/style><br \/>\n<div class='avia-data-table-wrap avia_responsive_table'><table class='avia-table avia-data-table avia-table-5  avia_pricing_default'  itemscope=\"itemscope\" itemtype=\"https:\/\/schema.org\/Table\" ><tbody><tr class='avia-heading-row'><th class=''>Criterios de selecci\u00f3n de alumnos<\/th><\/tr><tr class=''><td class=''>&#8211; Este curso est\u00e1 dirigido a personas interesadas en el cine documental y la imagen como forma de expresi\u00f3n. No necesitas tener experiencia profesional en cine, pero s\u00ed curiosidad por observar, contar historias y explorar lo visual como una forma de pensamiento.<br \/>\n&#8211; Ideal para estudiantes de cine, comunicaci\u00f3n, artes visuales o personas autodidactas con ganas de aprender desde la pr\u00e1ctica. Si te gusta mirar con calma, hacer preguntas, y resolver con lo que tienes a la mano, este espacio es para ti.<br \/>\n&#8211; Se valora la sensibilidad, la disposici\u00f3n a compartir en grupo, y las ganas de construir una mirada propia desde lo m\u00e1s sencillo: la luz, el encuadre y tu forma de ver el mundo.<br \/>\n&#8211; 16 personas seleccionadas<br \/>\n<\/td><\/tr><\/tbody><\/table><\/div><style type='text\/css'>.avia-table-5 td:nth-of-type(1):before { content: 'Criterios de selecci\u00f3n de alumnos'; } <\/style><br \/>\n<div class='avia-data-table-wrap avia_responsive_table'><table class='avia-table avia-data-table avia-table-6  avia_pricing_default'  itemscope=\"itemscope\" itemtype=\"https:\/\/schema.org\/Table\" ><tbody><tr class='avia-heading-row'><th class=''>Material que se le solicitar\u00e1 al alumno(a)<\/th><\/tr><tr class=''><td class=''>Equipo t\u00e9cnico (Material por persona)<br \/>\n&#8211; C\u00e1mara DSLR o mirrorless (como Sony FX3), con controles manuales preguntar al Profesor.<br \/>\n&#8211; Tarjetas de memoria (m\u00ednimo 2, buena capacidad).<br \/>\n&#8211; Adaptadores HDMI \/ USB-C \/ Mini-HDMI, seg\u00fan el equipo.<\/p>\n<p>Material para ejercicios pr\u00e1cticos (Material grupal)<br \/>\n&#8211; Tela negra (6 m) \u2013 para cortar luz o crear fondo<br \/>\n&#8211; Manta blanca (6 m) \u2013 para suavizar la luz natural o artificial<br \/>\n&#8211; 3 Cartulinas dorada, plateada o negra \u2013 para rebote o control de luz<br \/>\n&#8211; Celof\u00e1n o acetatos de colores \u2013 para simular filtros de color.<\/p>\n<p>Soporte y montaje (Material grupal)<br \/>\n-Tripie tipo Century o de cine \u2013 para sostener telas o rebotadores.<br \/>\n&#8211; Pinzas grandes y pinzas de ropa \u2013 para fijar cartulinas, telas o reflectores.<br \/>\n-Cinta masking o gaffer tape \u2013 para montaje r\u00e1pido y seguro.<br \/>\n&#8211; Extensiones el\u00e9ctricas y multicontactos \u2013 para conectar todos los equipos.<br \/>\n&#8211; Caja, banco o superficie estable \u2013 para apoyar c\u00e1mara, laptop o elementos ligeros.<br \/>\n&#8211; Memoria USB o disco duro para pasar y guardar tus ejercicios.<\/p>\n<p>Material opcional<br \/>\n&#8211; Tr\u00edpode o mini tr\u00edpode.<br \/>\n&#8211; App que funcione como fot\u00f3metro (hay varias gratuitas).<br \/>\n&#8211; Pelis, im\u00e1genes o referencias visuales que te inspiren y quieras compartir.<br \/>\n&#8211; Aud\u00edfonos<\/td><\/tr><\/tbody><\/table><\/div><style type='text\/css'>.avia-table-6 td:nth-of-type(1):before { content: 'Material que se le solicitar\u00e1 al alumno(a)'; } <\/style><br \/>\n<div class='avia-data-table-wrap avia_responsive_table'><table class='avia-table avia-data-table avia-table-7  avia_pricing_default'  itemscope=\"itemscope\" itemtype=\"https:\/\/schema.org\/Table\" ><tbody><tr class='avia-heading-row'><th class=''>Nota para los seleccionados<\/th><\/tr><tr class=''><td class=''>&#8211; Clases presenciales en Usos m\u00faltiples del CaSa<br \/>\n&#8211; Se dejar\u00e1n ejercicios espec\u00edficos a cada estudiante, es fundamental realizarlos para continuar con la siguiente clase.<br \/>\n&#8211; Tener el compromiso y el tiempo para llevar a cabo el taller, ya que las inasistencias injustificadas ser\u00e1n motivo de suspensi\u00f3n y no podr\u00e1 ingresar a talleres futuros.<br \/>\n&#8211; Durante el taller nos estaremos comunicando por medio de mensajes en un grupo de WhatsApp, por ser una herramienta m\u00e1s r\u00e1pida para poder tener una mejor comunicaci\u00f3n con lo que respecta al taller.<br \/>\n<\/td><\/tr><\/tbody><\/table><\/div><style type='text\/css'>.avia-table-7 td:nth-of-type(1):before { content: 'Nota para los seleccionados'; } <\/style><br \/>\n<div id='av-masonry-1' class='av-masonry noHover av-fixed-size av-large-gap av-hover-overlay-active av-masonry-col-flexible av-caption-always av-caption-style- av-masonry-gallery  '  ><div class='av-masonry-container isotope av-js-disabled ' ><div class='av-masonry-entry isotope-item av-masonry-item-no-image '><\/div><a href=\"https:\/\/casa.oaxaca.gob.mx\/wp-content\/uploads\/2025\/06\/CINE-DOCUMENTAL-1030x437.jpg\" id='av-masonry-1-item-15947' data-av-masonry-item='15947' class='av-masonry-entry isotope-item post-15947 attachment type-attachment status-inherit hentry  av-masonry-item-with-image' title=\"\"  itemprop=\"thumbnailUrl\" ><div class='av-inner-masonry-sizer'><\/div><figure class='av-inner-masonry main_color'><div class=\"av-masonry-outerimage-container\"><div class=\"av-masonry-image-container\" style=\"background-image: url(https:\/\/casa.oaxaca.gob.mx\/wp-content\/uploads\/2025\/06\/CINE-DOCUMENTAL-705x299.jpg);\"><img decoding=\"async\" src=\"https:\/\/casa.oaxaca.gob.mx\/wp-content\/uploads\/2025\/06\/CINE-DOCUMENTAL-705x299.jpg\" title=\"CINE-DOCUMENTAL\" alt=\"\" \/><\/div><\/div><\/figure><\/a><!--end av-masonry entry--><\/div><\/div><\/p><\/div>\n","protected":false},"excerpt":{"rendered":"","protected":false},"author":1,"featured_media":15946,"comment_status":"open","ping_status":"open","sticky":false,"template":"","format":"standard","meta":{"_exactmetrics_skip_tracking":false,"_exactmetrics_sitenote_active":false,"_exactmetrics_sitenote_note":"","_exactmetrics_sitenote_category":0,"footnotes":""},"categories":[204],"tags":[],"class_list":["post-15948","post","type-post","status-publish","format-standard","has-post-thumbnail","hentry","category-204"],"_links":{"self":[{"href":"https:\/\/casa.oaxaca.gob.mx\/index.php?rest_route=\/wp\/v2\/posts\/15948","targetHints":{"allow":["GET"]}}],"collection":[{"href":"https:\/\/casa.oaxaca.gob.mx\/index.php?rest_route=\/wp\/v2\/posts"}],"about":[{"href":"https:\/\/casa.oaxaca.gob.mx\/index.php?rest_route=\/wp\/v2\/types\/post"}],"author":[{"embeddable":true,"href":"https:\/\/casa.oaxaca.gob.mx\/index.php?rest_route=\/wp\/v2\/users\/1"}],"replies":[{"embeddable":true,"href":"https:\/\/casa.oaxaca.gob.mx\/index.php?rest_route=%2Fwp%2Fv2%2Fcomments&post=15948"}],"version-history":[{"count":4,"href":"https:\/\/casa.oaxaca.gob.mx\/index.php?rest_route=\/wp\/v2\/posts\/15948\/revisions"}],"predecessor-version":[{"id":16213,"href":"https:\/\/casa.oaxaca.gob.mx\/index.php?rest_route=\/wp\/v2\/posts\/15948\/revisions\/16213"}],"wp:featuredmedia":[{"embeddable":true,"href":"https:\/\/casa.oaxaca.gob.mx\/index.php?rest_route=\/wp\/v2\/media\/15946"}],"wp:attachment":[{"href":"https:\/\/casa.oaxaca.gob.mx\/index.php?rest_route=%2Fwp%2Fv2%2Fmedia&parent=15948"}],"wp:term":[{"taxonomy":"category","embeddable":true,"href":"https:\/\/casa.oaxaca.gob.mx\/index.php?rest_route=%2Fwp%2Fv2%2Fcategories&post=15948"},{"taxonomy":"post_tag","embeddable":true,"href":"https:\/\/casa.oaxaca.gob.mx\/index.php?rest_route=%2Fwp%2Fv2%2Ftags&post=15948"}],"curies":[{"name":"wp","href":"https:\/\/api.w.org\/{rel}","templated":true}]}}