{"id":15994,"date":"2025-06-05T16:31:24","date_gmt":"2025-06-05T22:31:24","guid":{"rendered":"https:\/\/casa.oaxaca.gob.mx\/?p=15994"},"modified":"2026-01-22T13:52:27","modified_gmt":"2026-01-22T19:52:27","slug":"taller-presencial-formacion-de-impresores-de-fotografias-tradicional-blanco-y-negro-con-reveladores-ecologicos-imparte-lorena-alcaraz","status":"publish","type":"post","link":"https:\/\/casa.oaxaca.gob.mx\/?p=15994","title":{"rendered":"Taller presencial. Formaci\u00f3n de impresores de fotograf\u00edas tradicional blanco y negro con reveladores ecol\u00f3gicos. Imparte: Lorena Alcaraz."},"content":{"rendered":"<\/div><\/div><\/div><!-- close content main div --><\/div><\/div><div id='av_section_1' class='avia-section main_color avia-section-no-padding avia-no-border-styling avia-full-stretch av-parallax-section avia-bg-style-parallax  av-minimum-height av-minimum-height-75 container_wrap fullsize'  data-section-bg-repeat='stretch' ><div class='av-parallax' data-avia-parallax-ratio='0.3' ><div class='av-parallax-inner main_color  avia-full-stretch' style = 'background-repeat: no-repeat; background-image: url(https:\/\/casa.oaxaca.gob.mx\/wp-content\/uploads\/2025\/06\/formacion-de-impresores-scaled.jpg); background-attachment: scroll; background-position: bottom center; ' ><\/div><\/div><div class='container' ><div class='template-page content  av-content-full alpha units'><div class='post-entry post-entry-type-page post-entry-15994'><div class='entry-content-wrapper clearfix'>\n<div style='padding-bottom:10px;color:#ffffff;font-size:50px;' class='av-special-heading av-special-heading-h3 custom-color-heading blockquote modern-quote  av-inherit-size'><h3 class='av-special-heading-tag'  itemprop=\"headline\"  >Taller presencial.Formaci\u00f3n de impresores de fotograf\u00edas tradicional blanco y negro con reveladores ecol\u00f3gicos.<\/h3><div class ='av-subheading av-subheading_below av_custom_color' style='font-size:25px;'><p>Imparte: Lorena Alcaraz Minor<\/p>\n<\/div><div class='special-heading-border'><div class='special-heading-inner-border' style='border-color:#ffffff'><\/div><\/div><\/div>\n\n<\/div><\/div><\/div><!-- close content main div --><\/div><\/div><div id='av-layout-grid-1' class='av-layout-grid-container entry-content-wrapper main_color av-flex-cells  container_wrap fullsize'   >\n<div class=\"flex_cell no_margin av_one_full   \" style='vertical-align:top; padding:30px; background-color:#ED9600; '><div class='flex_cell_inner' ><p><div class=\"flex_column av_one_fourth  flex_column_div av-zero-column-padding first  \" style='border-radius:0px; '><div style='padding-bottom:10px;color:#ffffff;' class='av-special-heading av-special-heading-h3 custom-color-heading blockquote modern-quote '><h3 class='av-special-heading-tag'  itemprop=\"headline\"  >Cierre de inscripciones<\/h3><div class ='av-subheading av-subheading_below av_custom_color' style='font-size:20px;'><p>Martes 10 de junio de 2025<\/p>\n<p>Publicaci\u00f3n de resultados<br \/>\nJueves 12 de junio de 2025<\/p>\n<\/div><div class='special-heading-border'><div class='special-heading-inner-border' style='border-color:#ffffff'><\/div><\/div><\/div><\/div><div class=\"flex_column av_one_fourth  flex_column_div av-zero-column-padding   \" style='border-radius:0px; '><div style='padding-bottom:10px;color:#ffffff;' class='av-special-heading av-special-heading-h3 custom-color-heading blockquote modern-quote '><h3 class='av-special-heading-tag'  itemprop=\"headline\"  >M\u00d3DULO I<\/h3><div class ='av-subheading av-subheading_below av_custom_color' style='font-size:20px;'><p>Jueves a s\u00e1bado<br \/>\nDel 19 al 21 de junio de 2025<\/p>\n<p>M\u00d3DULO II<br \/>\nJueves a s\u00e1bado<br \/>\nDel 21 al 23 de agosto de 2025<\/p>\n<\/div><div class='special-heading-border'><div class='special-heading-inner-border' style='border-color:#ffffff'><\/div><\/div><\/div><\/div><div class=\"flex_column av_one_fourth  flex_column_div av-zero-column-padding   \" style='border-radius:0px; '><div style='padding-bottom:10px;color:#ffffff;' class='av-special-heading av-special-heading-h3 custom-color-heading blockquote modern-quote '><h3 class='av-special-heading-tag'  itemprop=\"headline\"  >M\u00d3DULO III<\/h3><div class ='av-subheading av-subheading_below av_custom_color' style='font-size:20px;'><p>Jueves a s\u00e1bado<br \/>\nDel 2 al 4 de octubre de 2025<\/p>\n<p>HORARIOS<br \/>\nJueves y viernes<br \/>\nDe 10 a 14 h y de 15 a 18 h<br \/>\nS\u00e1bado<br \/>\nDe 10 a 14 h y de 15 a 17 h<\/p>\n<\/div><div class='special-heading-border'><div class='special-heading-inner-border' style='border-color:#ffffff'><\/div><\/div><\/div><\/div><div class=\"flex_column av_one_fourth  flex_column_div av-zero-column-padding   \" style='border-radius:0px; '><section class=\"avia_codeblock_section avia_code_block_0\"  itemscope=\"itemscope\" itemtype=\"https:\/\/schema.org\/BlogPosting\" itemprop=\"blogPost\" ><div class='avia_codeblock '  itemprop=\"text\" > [avia_codeblock_placeholder uid=\"0\"] <\/div><\/section><\/div><\/p>\n<\/div><\/div>\n<\/div>\n<div class=\"flex_column av_two_fifth  flex_column_div av-zero-column-padding first  \" style='border-radius:0px; '><p><div class='av-social-sharing-box '><div class='av-share-box'><h5 class='av-share-link-description'>Compartir esta actividad<\/h5><ul class='av-share-box-list noLightbox'><li class='av-share-link av-social-link-facebook' ><a target='_blank' href='http:\/\/www.facebook.com\/sharer.php?u=https:\/\/casa.oaxaca.gob.mx\/?p=15994&amp;t=Taller%20presencial.%20Formaci%C3%B3n%20de%20impresores%20de%20fotograf%C3%ADas%20tradicional%20blanco%20y%20negro%20con%20reveladores%20ecol%C3%B3gicos.%20Imparte%3A%20Lorena%20Alcaraz.' aria-hidden='true' data-av_icon='\ue8f3' data-av_iconfont='entypo-fontello' title='' data-avia-related-tooltip='Share on Facebook'><span class='avia_hidden_link_text'>Share on Facebook<\/span><\/a><\/li><li class='av-share-link av-social-link-twitter' ><a target='_blank' href='https:\/\/twitter.com\/share?text=Taller%20presencial.%20Formaci%C3%B3n%20de%20impresores%20de%20fotograf%C3%ADas%20tradicional%20blanco%20y%20negro%20con%20reveladores%20ecol%C3%B3gicos.%20Imparte%3A%20Lorena%20Alcaraz.&url=https:\/\/casa.oaxaca.gob.mx\/?p=15994' aria-hidden='true' data-av_icon='\ue8f1' data-av_iconfont='entypo-fontello' title='' data-avia-related-tooltip='Share on Twitter'><span class='avia_hidden_link_text'>Share on Twitter<\/span><\/a><\/li><li class='av-share-link av-social-link-gplus' ><a target='_blank' href='https:\/\/plus.google.com\/share?url=https:\/\/casa.oaxaca.gob.mx\/?p=15994' aria-hidden='true' data-av_icon='\ue8f6' data-av_iconfont='entypo-fontello' title='' data-avia-related-tooltip='Share on Google+'><span class='avia_hidden_link_text'>Share on Google+<\/span><\/a><\/li><li class='av-share-link av-social-link-pinterest' ><a target='_blank' href='http:\/\/pinterest.com\/pin\/create\/button\/?url=https%3A%2F%2Fcasa.oaxaca.gob.mx%2F%3Fp%3D15994&amp;description=Taller%20presencial.%20Formaci%C3%B3n%20de%20impresores%20de%20fotograf%C3%ADas%20tradicional%20blanco%20y%20negro%20con%20reveladores%20ecol%C3%B3gicos.%20Imparte%3A%20Lorena%20Alcaraz.&amp;media=https%3A%2F%2Fcasa.oaxaca.gob.mx%2Fwp-content%2Fuploads%2F2025%2F06%2Fc-formacion-de-impresores-705x484.jpg' aria-hidden='true' data-av_icon='\ue8f8' data-av_iconfont='entypo-fontello' title='' data-avia-related-tooltip='Share on Pinterest'><span class='avia_hidden_link_text'>Share on Pinterest<\/span><\/a><\/li><li class='av-share-link av-social-link-mail' ><a  href='mailto:?subject=Taller%20presencial.%20Formaci%C3%B3n%20de%20impresores%20de%20fotograf%C3%ADas%20tradicional%20blanco%20y%20negro%20con%20reveladores%20ecol%C3%B3gicos.%20Imparte%3A%20Lorena%20Alcaraz.&amp;body=https:\/\/casa.oaxaca.gob.mx\/?p=15994' aria-hidden='true' data-av_icon='\ue805' data-av_iconfont='entypo-fontello' title='' data-avia-related-tooltip='Share by Mail'><span class='avia_hidden_link_text'>Share by Mail<\/span><\/a><\/li><\/ul><\/div><\/div><br \/>\n<div  class='hr hr-default '><span class='hr-inner ' ><span class='hr-inner-style'><\/span><\/span><\/div><br \/>\n<div style='padding-bottom:10px;font-size:30px;' class='av-special-heading av-special-heading-h3  blockquote modern-quote   av-inherit-size'><h3 class='av-special-heading-tag'  itemprop=\"headline\"  >Sobre la tallerista<\/h3><div class='special-heading-border'><div class='special-heading-inner-border' ><\/div><\/div><\/div><br \/>\n<div class='avia-data-table-wrap avia_responsive_table'><table class='avia-table avia-data-table avia-table-1  avia_pricing_default'  itemscope=\"itemscope\" itemtype=\"https:\/\/schema.org\/Table\" ><tbody><tr class='avia-heading-row'><th class=''>Lorena Alcaraz (CDMX, M\u00e9xico)<\/th><\/tr><tr class=''><td class=''>Dedicada a la fotograf\u00eda desde 1989, se form\u00f3 con Salvador Lutteroth , Oweena Fogarty y Jos\u00e9 Antonio Rodr\u00edguez. Estudi\u00f3 Licenciatura en Ciencias de la Comunicaci\u00f3n y Maestr\u00eda en Filosof\u00eda de la Cultura.<br \/>\nEn 1995 obtuvo una menci\u00f3n honor\u00edfica en la 7\u00aa Bienal de Fotograf\u00eda con su serie \u201cMujeres Diosas\u201d un trabajo que abord\u00f3 por varios a\u00f1os en relaci\u00f3n a la analog\u00eda de la mujer con la tierra y que fue expuesto no s\u00f3lo en el Centro de la Imagen: S\u00e9ptima Bienal, 1995 sino individualmente en la Casa de la primera imprenta: Diosas de la Tierra, 1998; en Casa del Lago \u201cMujeres Diosas\u201d en 2004 y Museo del Chopo \u201cMujeres de Setenta\u201d, en 2004.<br \/>\nHa sido docente de Laboratorio en la escuela Escine (2023), en la Fundaci\u00f3n Pedro Meyer (2017-2018) y en el Centro de las Artes de San Agust\u00edn, donde ha impartido desde 2010 el diplomado de formaci\u00f3n de impresores por invitaci\u00f3n del Maestro Francisco Toledo. Considera la impresi\u00f3n en el laboratorio un proceso de interpretaci\u00f3n y expresi\u00f3n. Es impresora de la maestra Graciela Iturbide desde 1996.<br \/>\nSu trabajo ha sido expuesto en la Galer\u00eda Justino Fern\u00e1ndez del Palacio de Bellas Artes en 2010, 2011 y 2013 \u201cRemodelaci\u00f3n\u201d, \u201cVoces Ocultas\u201d y \u201cMirar M\u00fasicos\u201d respectivamente. Actualmente en el mismo recinto se expone su trabajo en el Museo Nacional de Arquitectura bajo el nombre \u201cMemoria de arte y arquitectura\u201d en ocasi\u00f3n de los 90 a\u00f1os del Palacio de Bellas Artes a partir de septiembre de 2024 hasta el 31 de julio de 2025.<br \/>\n<\/td><\/tr><\/tbody><\/table><\/div><style type='text\/css'>.avia-table-1 td:nth-of-type(1):before { content: 'Lorena Alcaraz (CDMX, M\u00e9xico)'; } <\/style><\/p><\/div>\n<div class=\"flex_column av_three_fifth  flex_column_div av-zero-column-padding   \" style='border-radius:0px; '><p><div style='padding-bottom:10px;font-size:30px;' class='av-special-heading av-special-heading-h3  blockquote modern-quote   av-inherit-size'><h3 class='av-special-heading-tag'  itemprop=\"headline\"  >Acerca del taller<\/h3><div class='special-heading-border'><div class='special-heading-inner-border' ><\/div><\/div><\/div><br \/>\n<div class='avia-data-table-wrap avia_responsive_table'><table class='avia-table avia-data-table avia-table-2  avia_pricing_default'  itemscope=\"itemscope\" itemtype=\"https:\/\/schema.org\/Table\" ><tbody><tr class='avia-heading-row'><th class=''>LISTA DE SELECCIONADOS<\/th><\/tr><tr class=''><td class=''>Acela In\u00e9s Estefan\u00eda Ortega Salinas<\/p>\n<p>Aydee Paola Jos\u00e9 Garc\u00eda<\/p>\n<p>Francisco Javier Banda Silva<\/p>\n<p>Melvin Lara Paredes<\/p>\n<p>Daniela Garrido M\u00e9ndez<\/p>\n<p>Nitzarindani Vega Hern\u00e1ndez<\/p>\n<p>Fernanda Gese Soriano<br \/>\n<\/td><\/tr><\/tbody><\/table><\/div><style type='text\/css'>.avia-table-2 td:nth-of-type(1):before { content: 'LISTA DE SELECCIONADOS'; } <\/style><br \/>\n<div class='avia-data-table-wrap avia_responsive_table'><table class='avia-table avia-data-table avia-table-3  avia_pricing_default'  itemscope=\"itemscope\" itemtype=\"https:\/\/schema.org\/Table\" ><tbody><tr class='avia-heading-row'><th class=''>Descripci\u00f3n general<\/th><\/tr><tr class=''><td class=''>El proceso fotogr\u00e1fico se realizar\u00e1 con reveladores ecol\u00f3gicos desarrollados en el CaSa. Los alumnos conocer\u00e1n las f\u00f3rmulas y llevar\u00e1n a cabo su preparaci\u00f3n en los tres m\u00f3dulos. Asimismo, se realizar\u00e1n dos reuniones grupales por Zoom (cada una de dos horas), intercaladas entre m\u00f3dulos, para el an\u00e1lisis de lo aprendido, la presentaci\u00f3n de temas te\u00f3ricos y la planeaci\u00f3n del proyecto (esto \u00faltimo en una reuni\u00f3n individual por Zoom).<\/p>\n<p>El conocimiento t\u00e9cnico de diversos formatos (35 mm, 6&#215;6 y 4&#215;5), su exposici\u00f3n, revelado, an\u00e1lisis de negativos, tipos de ampliadoras, elaboraci\u00f3n de bit\u00e1cora, preparaci\u00f3n de f\u00f3rmulas, valoraci\u00f3n y elecci\u00f3n del papel fotogr\u00e1fico, impresi\u00f3n fina y la discusi\u00f3n de diversos autores (obtenido en los M\u00f3dulos I y II) ser\u00e1 la base indispensable para imprimir y dise\u00f1ar un proyecto interpretativo y autoral en el M\u00f3dulo III.<\/p>\n<p>El conocimiento t\u00e9cnico ser\u00e1 complementado con la discusi\u00f3n y reflexi\u00f3n sobre autores que enriquecer\u00e1n la visi\u00f3n de los alumnos (en reuniones por Zoom).<br \/>\nEn cada uno de los tres m\u00f3dulos se realizar\u00e1 una sesi\u00f3n fotogr\u00e1fica, cuyo resultado ser\u00e1 revelado e impreso en el cuarto oscuro con las f\u00f3rmulas ecol\u00f3gicas.<\/p>\n<p>M\u00d3DULO I: Introducci\u00f3n al acto fotogr\u00e1fico, definici\u00f3n de la impresi\u00f3n, planteamiento de un concepto para toma e impresi\u00f3n en formato 4&#215;5 y 120 con c\u00e1mara estenopeica (c\u00e1maras facilitadas por la profesora).<\/p>\n<p>M\u00d3DULO II: Toma en formato 120. Impresi\u00f3n de dos ejercicios: (1) montaje y (2) negativo digital (una c\u00e1mara 120 ser\u00e1 facilitada por la profesora).<\/p>\n<p>M\u00d3DULO III: Toma, revelado, impresi\u00f3n, edici\u00f3n y montaje de proyecto autoral. El concepto se desarrollar\u00e1 previamente en una reuni\u00f3n individual por Zoom.<br \/>\n<\/td><\/tr><tr class='avia-heading-row'><th class=''>Objetivo general<\/th><\/tr><tr class=''><td class=''>Realizar un programa de tres m\u00f3dulos, dos reuniones grupales por Zoom y una reuni\u00f3n individual, para dominar la t\u00e9cnica de impresi\u00f3n fotogr\u00e1fica con procesos tradicionales en cuarto oscuro y profundizar en su importancia como herramienta expresiva.<\/td><\/tr><tr class='avia-heading-row'><th class=''>Objetivos espec\u00edficos<\/th><\/tr><tr class=''><td class=''>&#8211; Controlar las herramientas de un laboratorio fotogr\u00e1fico.<br \/>\n&#8211; Reflexionar sobre la importancia del bagaje visual m\u00ednimo que un impresor debe tener.<br \/>\n&#8211; Analizar los aportes de lo objetual en el acto fotogr\u00e1fico.<br \/>\n&#8211; Crear una conciencia ecol\u00f3gica en torno a los procesos fotogr\u00e1ficos.<br \/>\n&#8211; Generar difusi\u00f3n sobre la importancia del rol del impresor.<br \/>\n&#8211; Promover la reflexi\u00f3n sobre la relevancia de la impresi\u00f3n f\u00edsica y su interrelaci\u00f3n con lo digital.<br \/>\n&#8211; Crear un proyecto autoral que incluya toma, revelado, impresi\u00f3n, edici\u00f3n y montaje, para comprender la solidez expresiva de la impresi\u00f3n en plata gelatina sobre papel de fibra.<br \/>\n<\/td><\/tr><tr class='avia-heading-row'><th class=''>Temas<\/th><\/tr><tr class=''><td class=''>1) Preparaci\u00f3n de las f\u00f3rmulas ecol\u00f3gicas<br \/>\n2) Uso de formatos 35, 6&#215;6 y 4&#215;5<br \/>\n3) Control de exposici\u00f3n (velocidad y diafragma) y sus aportes est\u00e9ticos<br \/>\n4) An\u00e1lisis de negativos y revelado<br \/>\n5) Tipos de ampliadoras<br \/>\n6) Elaboraci\u00f3n de bit\u00e1cora<br \/>\n7) Valoraci\u00f3n del papel fotogr\u00e1fico<br \/>\n8) Introducci\u00f3n a la impresi\u00f3n fina<br \/>\n9) An\u00e1lisis te\u00f3rico para la creaci\u00f3n de un concepto. ,<br \/>\n10) Toma, impresi\u00f3n, edici\u00f3n y montaje de un proyecto interpretativo y autoral de impresi\u00f3n.<br \/>\n<\/td><\/tr><\/tbody><\/table><\/div><style type='text\/css'>.avia-table-3 td:nth-of-type(1):before { content: 'Descripci\u00f3n general'; } <\/style><br \/>\n<div style='padding-bottom:10px;font-size:30px;' class='av-special-heading av-special-heading-h3  blockquote modern-quote   av-inherit-size'><h3 class='av-special-heading-tag'  itemprop=\"headline\"  >Requisitos de inscripci\u00f3n<\/h3><div class='special-heading-border'><div class='special-heading-inner-border' ><\/div><\/div><\/div><br \/>\n<div class='avia-data-table-wrap avia_responsive_table'><table class='avia-table avia-data-table avia-table-4  avia_pricing_default'  itemscope=\"itemscope\" itemtype=\"https:\/\/schema.org\/Table\" ><tbody><tr class=''><td class=''>&#8211; Dirigido a personas que tengan conocimiento intermedio en laboratorio blanco y negro, en el manejo de la c\u00e1mara an\u00e1loga y que tengan un inter\u00e9s por utilizar el laboratorio de impresi\u00f3n como herramienta expresiva para generar un proyecto autoral.<\/td><\/tr><tr class=''><td class=''>&#8211; Si tienes inter\u00e9s deber\u00e1s llenar el formulario con los datos completos que se encuentra en esta p\u00e1gina, adjuntando un archivo en PDF que contenga lo siguiente:<br \/>\n&#8211; Portafolio de trabajo con al menos 8 im\u00e1genes, indicando t\u00edtulo (si es su caso), fecha de toma, origen de la toma (an\u00e1logo o digital; en el caso de la primera indicar formato y nombre de la serie, si es el caso).<br \/>\n&#8211; Curriculum<br \/>\n&#8211; Carta de motivos, donde expresen qu\u00e9 proyectos fotogr\u00e1ficos han desarrollado o tienen intenci\u00f3n de desarrollar y porqu\u00e9.<br \/>\n&#8211; La lista de seleccionados se publicar\u00e1 en esta p\u00e1gina, tambi\u00e9n se les notificar\u00e1 v\u00eda correo electr\u00f3nico con los detalles de la actividad.<br \/>\n&#8211; Actividad gratuita.<br \/>\n&#8211; Los talleristas ser\u00e1n los responsables de realizar la selecci\u00f3n de alumnos bajo sus criterios.<br \/>\n<\/td><\/tr><\/tbody><\/table><\/div><style type='text\/css'><\/style><br \/>\n<div class='avia-data-table-wrap avia_responsive_table'><table class='avia-table avia-data-table avia-table-5  avia_pricing_default'  itemscope=\"itemscope\" itemtype=\"https:\/\/schema.org\/Table\" ><tbody><tr class='avia-heading-row'><th class=''>Material que se le solicitar\u00e1 al alumno(a)<\/th><\/tr><tr class=''><td class=''>Primer m\u00f3dulo: 1 rollo 35mm iso 400 negativo blanco y negro, c\u00e1mara 35mm analoga manual, una guarda 35 mm , 1 rollo 120 iso 400 negativo blanco y negro, una guarda 120 y 1 sobre de 25 hojas de papel de fibra tama\u00f1o 8&#215;10 marca Ilford, multigrado brillante, tono c\u00e1lido o tono normal, 1 placa 4&#215;5 iso 400 de negativo blanco y negro (esta \u00faltima ser\u00e1 facilitada por la profesora y cada alumno deber\u00e1 cubrir el costo de su placa), 1 carpeta de argollas para ir agregando futuros rollos revelados.<\/p>\n<p>Segundo m\u00f3dulo: 1 rollo 120 iso 400 blanco y negro, una guarda 120 y 1 sobre de 25 hojas de papel de fibra tama\u00f1o 8&#215;10 marca Ilford, multigrado brillante, tono c\u00e1lido o tono normal, 1 negativo digital 8&#215;10 o 5&#215;7 (tama\u00f1o a elecci\u00f3n del alumno, dichos negativos digitales ser\u00e1n generados por un bur\u00f3 de impresi\u00f3n local y cada alumno deber\u00e1 enviar su archivo, as\u00ed como cubrir el costo), al inicio del segundo m\u00f3dulo tendremos en el aula los negativos digitales.<\/p>\n<p>Tercer M\u00f3dulo: Rollos y papel por definir seg\u00fan el planteamiento del proyecto de cada alumno. Cubrir costos de material de montaje para carpeta de autor.<br \/>\n<\/td><\/tr><\/tbody><\/table><\/div><style type='text\/css'>.avia-table-5 td:nth-of-type(1):before { content: 'Material que se le solicitar\u00e1 al alumno(a)'; } <\/style><br \/>\n<div class='avia-data-table-wrap avia_responsive_table'><table class='avia-table avia-data-table avia-table-6  avia_pricing_default'  itemscope=\"itemscope\" itemtype=\"https:\/\/schema.org\/Table\" ><tbody><tr class='avia-heading-row'><th class=''>Criterios de selecci\u00f3n de alumnos<\/th><\/tr><tr class=''><td class=''>&#8211; 6 alumnos seleccionados<br \/>\n&#8211; Que tengan conocimiento intermedio en laboratorio blanco y negro<br \/>\n&#8211; Que est\u00e9n interesados formalmente en utilizar las t\u00e9cnicas tradicionales de laboratorio como una herramienta expresiva para fundamentar un proyecto autoral<br \/>\n&#8211; Que hayan cumplido con los requisitos establecidos en la convocatoria<br \/>\n<\/td><\/tr><\/tbody><\/table><\/div><style type='text\/css'>.avia-table-6 td:nth-of-type(1):before { content: 'Criterios de selecci\u00f3n de alumnos'; } <\/style><br \/>\n<div class='avia-data-table-wrap avia_responsive_table'><table class='avia-table avia-data-table avia-table-7  avia_pricing_default'  itemscope=\"itemscope\" itemtype=\"https:\/\/schema.org\/Table\" ><tbody><tr class='avia-heading-row'><th class=''>Nota para los seleccionados<\/th><\/tr><tr class=''><td class=''>&#8211; Clases presenciales en el Laboratorio de fotograf\u00eda del CaSa<br \/>\n&#8211; Se dejar\u00e1n ejercicios espec\u00edficos a cada estudiante, es fundamental realizarlos para continuar con la siguiente clase.<br \/>\n&#8211; Tener el compromiso y el tiempo para llevar a cabo el taller, ya que las inasistencias injustificadas ser\u00e1n motivo de suspensi\u00f3n y no podr\u00e1 ingresar a talleres futuros.<br \/>\n&#8211; Durante el taller nos estaremos comunicando por medio de mensajes en un grupo de WhatsApp, por ser una herramienta m\u00e1s r\u00e1pida para poder tener una mejor comunicaci\u00f3n con lo que respecta al taller.<br \/>\n<\/td><\/tr><\/tbody><\/table><\/div><style type='text\/css'>.avia-table-7 td:nth-of-type(1):before { content: 'Nota para los seleccionados'; } <\/style><br \/>\n<div id='av-masonry-1' class='av-masonry noHover av-fixed-size av-large-gap av-hover-overlay-active av-masonry-col-flexible av-caption-always av-caption-style- av-masonry-gallery  '  ><div class='av-masonry-container isotope av-js-disabled ' ><div class='av-masonry-entry isotope-item av-masonry-item-no-image '><\/div><a href=\"https:\/\/casa.oaxaca.gob.mx\/wp-content\/uploads\/2025\/06\/IMG_1088-1030x687.jpg\" id='av-masonry-1-item-15998' data-av-masonry-item='15998' class='av-masonry-entry isotope-item post-15998 attachment type-attachment status-inherit hentry  av-masonry-item-with-image' title=\"\"  itemprop=\"thumbnailUrl\" ><div class='av-inner-masonry-sizer'><\/div><figure class='av-inner-masonry main_color'><div class=\"av-masonry-outerimage-container\"><div class=\"av-masonry-image-container\" style=\"background-image: url(https:\/\/casa.oaxaca.gob.mx\/wp-content\/uploads\/2025\/06\/IMG_1088-705x470.jpg);\"><img decoding=\"async\" src=\"https:\/\/casa.oaxaca.gob.mx\/wp-content\/uploads\/2025\/06\/IMG_1088-705x470.jpg\" title=\"IMG_1088\" alt=\"\" \/><\/div><\/div><\/figure><\/a><!--end av-masonry entry--><a href=\"https:\/\/casa.oaxaca.gob.mx\/wp-content\/uploads\/2025\/06\/IMG_1094-1030x687.jpg\" id='av-masonry-1-item-15999' data-av-masonry-item='15999' class='av-masonry-entry isotope-item post-15999 attachment type-attachment status-inherit hentry  av-masonry-item-with-image' title=\"\"  itemprop=\"thumbnailUrl\" ><div class='av-inner-masonry-sizer'><\/div><figure class='av-inner-masonry main_color'><div class=\"av-masonry-outerimage-container\"><div class=\"av-masonry-image-container\" style=\"background-image: url(https:\/\/casa.oaxaca.gob.mx\/wp-content\/uploads\/2025\/06\/IMG_1094-705x470.jpg);\"><img decoding=\"async\" src=\"https:\/\/casa.oaxaca.gob.mx\/wp-content\/uploads\/2025\/06\/IMG_1094-705x470.jpg\" title=\"IMG_1094\" alt=\"\" \/><\/div><\/div><\/figure><\/a><!--end av-masonry entry--><\/div><\/div><\/p><\/div>\n","protected":false},"excerpt":{"rendered":"","protected":false},"author":1,"featured_media":15996,"comment_status":"open","ping_status":"open","sticky":false,"template":"","format":"standard","meta":{"_exactmetrics_skip_tracking":false,"_exactmetrics_sitenote_active":false,"_exactmetrics_sitenote_note":"","_exactmetrics_sitenote_category":0,"footnotes":""},"categories":[204],"tags":[],"class_list":["post-15994","post","type-post","status-publish","format-standard","has-post-thumbnail","hentry","category-204"],"_links":{"self":[{"href":"https:\/\/casa.oaxaca.gob.mx\/index.php?rest_route=\/wp\/v2\/posts\/15994","targetHints":{"allow":["GET"]}}],"collection":[{"href":"https:\/\/casa.oaxaca.gob.mx\/index.php?rest_route=\/wp\/v2\/posts"}],"about":[{"href":"https:\/\/casa.oaxaca.gob.mx\/index.php?rest_route=\/wp\/v2\/types\/post"}],"author":[{"embeddable":true,"href":"https:\/\/casa.oaxaca.gob.mx\/index.php?rest_route=\/wp\/v2\/users\/1"}],"replies":[{"embeddable":true,"href":"https:\/\/casa.oaxaca.gob.mx\/index.php?rest_route=%2Fwp%2Fv2%2Fcomments&post=15994"}],"version-history":[{"count":3,"href":"https:\/\/casa.oaxaca.gob.mx\/index.php?rest_route=\/wp\/v2\/posts\/15994\/revisions"}],"predecessor-version":[{"id":16058,"href":"https:\/\/casa.oaxaca.gob.mx\/index.php?rest_route=\/wp\/v2\/posts\/15994\/revisions\/16058"}],"wp:featuredmedia":[{"embeddable":true,"href":"https:\/\/casa.oaxaca.gob.mx\/index.php?rest_route=\/wp\/v2\/media\/15996"}],"wp:attachment":[{"href":"https:\/\/casa.oaxaca.gob.mx\/index.php?rest_route=%2Fwp%2Fv2%2Fmedia&parent=15994"}],"wp:term":[{"taxonomy":"category","embeddable":true,"href":"https:\/\/casa.oaxaca.gob.mx\/index.php?rest_route=%2Fwp%2Fv2%2Fcategories&post=15994"},{"taxonomy":"post_tag","embeddable":true,"href":"https:\/\/casa.oaxaca.gob.mx\/index.php?rest_route=%2Fwp%2Fv2%2Ftags&post=15994"}],"curies":[{"name":"wp","href":"https:\/\/api.w.org\/{rel}","templated":true}]}}