{"id":16002,"date":"2025-06-05T16:39:56","date_gmt":"2025-06-05T22:39:56","guid":{"rendered":"https:\/\/casa.oaxaca.gob.mx\/?p=16002"},"modified":"2026-01-22T13:52:27","modified_gmt":"2026-01-22T19:52:27","slug":"taller-presencial-contar-historias-desde-la-fotografia-documental-imparte-judith-romero","status":"publish","type":"post","link":"https:\/\/casa.oaxaca.gob.mx\/?p=16002","title":{"rendered":"Taller presencial. Contar historias desde la fotograf\u00eda documental. Imparte: Judith Romero."},"content":{"rendered":"<\/div><\/div><\/div><!-- close content main div --><\/div><\/div><div id='av_section_1' class='avia-section main_color avia-section-no-padding avia-no-border-styling avia-full-stretch av-parallax-section avia-bg-style-parallax  av-minimum-height av-minimum-height-75 container_wrap fullsize'  data-section-bg-repeat='stretch' ><div class='av-parallax' data-avia-parallax-ratio='0.3' ><div class='av-parallax-inner main_color  avia-full-stretch' style = 'background-repeat: no-repeat; background-image: url(https:\/\/casa.oaxaca.gob.mx\/wp-content\/uploads\/2025\/06\/Contar-historias-desde-la-fotografia-documental--scaled.jpg); background-attachment: scroll; background-position: bottom center; ' ><\/div><\/div><div class='container' ><div class='template-page content  av-content-full alpha units'><div class='post-entry post-entry-type-page post-entry-16002'><div class='entry-content-wrapper clearfix'>\n<div style='padding-bottom:10px;color:#ffffff;font-size:50px;' class='av-special-heading av-special-heading-h3 custom-color-heading blockquote modern-quote  av-inherit-size'><h3 class='av-special-heading-tag'  itemprop=\"headline\"  >Taller presencial. Contar historias desde la fotograf\u00eda documental.<\/h3><div class ='av-subheading av-subheading_below av_custom_color' style='font-size:25px;'><p>Imparte: Judith Romero<\/p>\n<\/div><div class='special-heading-border'><div class='special-heading-inner-border' style='border-color:#ffffff'><\/div><\/div><\/div>\n\n<\/div><\/div><\/div><!-- close content main div --><\/div><\/div><div id='av-layout-grid-1' class='av-layout-grid-container entry-content-wrapper main_color av-flex-cells  container_wrap fullsize'   >\n<div class=\"flex_cell no_margin av_one_full   \" style='vertical-align:top; padding:30px; background-color:#ED9600; '><div class='flex_cell_inner' ><p><div class=\"flex_column av_one_fourth  flex_column_div av-zero-column-padding first  \" style='border-radius:0px; '><div style='padding-bottom:10px;color:#ffffff;' class='av-special-heading av-special-heading-h3 custom-color-heading blockquote modern-quote  '><h3 class='av-special-heading-tag'  itemprop=\"headline\"  >Cierre de inscripciones<\/h3><div class ='av-subheading av-subheading_below av_custom_color' style='font-size:20px;'><p>Lunes 16 de junio de 2025<\/p>\n<p>Publicaci\u00f3n de resultados<br \/>\nMi\u00e9rcoles 18 de junio de 2025<\/p>\n<\/div><div class='special-heading-border'><div class='special-heading-inner-border' style='border-color:#ffffff'><\/div><\/div><\/div><\/div><div class=\"flex_column av_one_fourth  flex_column_div av-zero-column-padding   \" style='border-radius:0px; '><div style='padding-bottom:10px;color:#ffffff;' class='av-special-heading av-special-heading-h3 custom-color-heading blockquote modern-quote '><h3 class='av-special-heading-tag'  itemprop=\"headline\"  >Fechas<\/h3><div class ='av-subheading av-subheading_below av_custom_color' style='font-size:20px;'><p>Martes a viernes<br \/>\nDel 24 al 27 de junio de 2025<\/p>\n<\/div><div class='special-heading-border'><div class='special-heading-inner-border' style='border-color:#ffffff'><\/div><\/div><\/div><\/div><div class=\"flex_column av_one_fourth  flex_column_div av-zero-column-padding   \" style='border-radius:0px; '><div style='padding-bottom:10px;color:#ffffff;' class='av-special-heading av-special-heading-h3 custom-color-heading blockquote modern-quote '><h3 class='av-special-heading-tag'  itemprop=\"headline\"  >Horario<\/h3><div class ='av-subheading av-subheading_below av_custom_color' style='font-size:20px;'><p>De 13 a 18 horas<\/p>\n<\/div><div class='special-heading-border'><div class='special-heading-inner-border' style='border-color:#ffffff'><\/div><\/div><\/div><\/div><div class=\"flex_column av_one_fourth  flex_column_div av-zero-column-padding   \" style='border-radius:0px; '><section class=\"avia_codeblock_section avia_code_block_0\"  itemscope=\"itemscope\" itemtype=\"https:\/\/schema.org\/BlogPosting\" itemprop=\"blogPost\" ><div class='avia_codeblock '  itemprop=\"text\" > [avia_codeblock_placeholder uid=\"0\"] <\/div><\/section><\/div><\/p>\n<\/div><\/div>\n<\/div>\n<div class=\"flex_column av_two_fifth  flex_column_div av-zero-column-padding first  \" style='border-radius:0px; '><p><div class='av-social-sharing-box '><div class='av-share-box'><h5 class='av-share-link-description'>Compartir esta actividad<\/h5><ul class='av-share-box-list noLightbox'><li class='av-share-link av-social-link-facebook' ><a target='_blank' href='http:\/\/www.facebook.com\/sharer.php?u=https:\/\/casa.oaxaca.gob.mx\/?p=16002&amp;t=Taller%20presencial.%20Contar%20historias%20desde%20la%20fotograf%C3%ADa%20documental.%20Imparte%3A%20Judith%20Romero.' aria-hidden='true' data-av_icon='\ue8f3' data-av_iconfont='entypo-fontello' title='' data-avia-related-tooltip='Share on Facebook'><span class='avia_hidden_link_text'>Share on Facebook<\/span><\/a><\/li><li class='av-share-link av-social-link-twitter' ><a target='_blank' href='https:\/\/twitter.com\/share?text=Taller%20presencial.%20Contar%20historias%20desde%20la%20fotograf%C3%ADa%20documental.%20Imparte%3A%20Judith%20Romero.&url=https:\/\/casa.oaxaca.gob.mx\/?p=16002' aria-hidden='true' data-av_icon='\ue8f1' data-av_iconfont='entypo-fontello' title='' data-avia-related-tooltip='Share on Twitter'><span class='avia_hidden_link_text'>Share on Twitter<\/span><\/a><\/li><li class='av-share-link av-social-link-gplus' ><a target='_blank' href='https:\/\/plus.google.com\/share?url=https:\/\/casa.oaxaca.gob.mx\/?p=16002' aria-hidden='true' data-av_icon='\ue8f6' data-av_iconfont='entypo-fontello' title='' data-avia-related-tooltip='Share on Google+'><span class='avia_hidden_link_text'>Share on Google+<\/span><\/a><\/li><li class='av-share-link av-social-link-pinterest' ><a target='_blank' href='http:\/\/pinterest.com\/pin\/create\/button\/?url=https%3A%2F%2Fcasa.oaxaca.gob.mx%2F%3Fp%3D16002&amp;description=Taller%20presencial.%20Contar%20historias%20desde%20la%20fotograf%C3%ADa%20documental.%20Imparte%3A%20Judith%20Romero.&amp;media=https%3A%2F%2Fcasa.oaxaca.gob.mx%2Fwp-content%2Fuploads%2F2025%2F06%2Fc-Contar-historias-desde-la-fotografia-documental-705x484.jpg' aria-hidden='true' data-av_icon='\ue8f8' data-av_iconfont='entypo-fontello' title='' data-avia-related-tooltip='Share on Pinterest'><span class='avia_hidden_link_text'>Share on Pinterest<\/span><\/a><\/li><li class='av-share-link av-social-link-mail' ><a  href='mailto:?subject=Taller%20presencial.%20Contar%20historias%20desde%20la%20fotograf%C3%ADa%20documental.%20Imparte%3A%20Judith%20Romero.&amp;body=https:\/\/casa.oaxaca.gob.mx\/?p=16002' aria-hidden='true' data-av_icon='\ue805' data-av_iconfont='entypo-fontello' title='' data-avia-related-tooltip='Share by Mail'><span class='avia_hidden_link_text'>Share by Mail<\/span><\/a><\/li><\/ul><\/div><\/div><br \/>\n<div  class='hr hr-default '><span class='hr-inner ' ><span class='hr-inner-style'><\/span><\/span><\/div><br \/>\n<div style='padding-bottom:10px;font-size:30px;' class='av-special-heading av-special-heading-h3  blockquote modern-quote   av-inherit-size'><h3 class='av-special-heading-tag'  itemprop=\"headline\"  >Sobre la tallerista<\/h3><div class='special-heading-border'><div class='special-heading-inner-border' ><\/div><\/div><\/div><br \/>\n<div class='avia-data-table-wrap avia_responsive_table'><table class='avia-table avia-data-table avia-table-1  avia_pricing_default'  itemscope=\"itemscope\" itemtype=\"https:\/\/schema.org\/Table\" ><tbody><tr class='avia-heading-row'><th class=''>Judith Romero<\/th><\/tr><tr class=''><td class=''>Judith Romero (www.judithromero.mx) es fot\u00f3grafa y dise\u00f1adora editorial radicada en Oaxaca, M\u00e9xico. Curs\u00f3 el Posgrado en Fotograf\u00eda y Ciencias Sociales: Investigaci\u00f3n, Intervenci\u00f3n y Producci\u00f3n, en la Facultad de Ciencias Sociales de la Universidad de Buenos Aires (UBA).<\/p>\n<p>Su trabajo se centra en proyectos de fotograf\u00eda documental que abordan tem\u00e1ticas contempor\u00e1neas y sociales con un enfoque de g\u00e9nero. Explora tambi\u00e9n cuestiones relacionadas con el cuerpo, las identidades y las decisiones pol\u00edticas que las mujeres toman frente a los mandatos sociales. Su investigaci\u00f3n visual se ha desarrollado principalmente en comunidades de pueblos originarios, afromexicanas y mestizas.<\/p>\n<p>Durante ocho a\u00f1os, coordin\u00f3 la galer\u00eda de fotograf\u00eda \u201cResplandor\u201d, que promovi\u00f3 la difusi\u00f3n de la fotograf\u00eda latinoamericana. Adem\u00e1s, ha trabajado como dise\u00f1adora de revistas y libros de arte y fotograf\u00eda para diversas instituciones y artistas. Ha realizado diversos talleres de fotograf\u00eda en universidades, centros culturales y comunidades.<\/p>\n<p>Su labor fotogr\u00e1fica ha sido reconocida con el Premio Iberoamericano Poy Latam en la categor\u00eda de \u201cProyectos de largo plazo\u201d, as\u00ed como con el apoyo del Programa de Fomento a Proyectos y Coinversiones Culturales del Sistema de Apoyos a la Creaci\u00f3n y Proyectos Culturales. Tambi\u00e9n recibi\u00f3 el Premio \u201cFuera de Foco\u201d. Fotograf\u00eda y Derechos Humanos\u201d otorgado por el Centro de la Imagen y la Direcci\u00f3n de Derechos Humanos. Ha presentado su trabajo en exposiciones individuales en M\u00e9xico, Chile, Eslovenia y Polonia.<\/p>\n<p>Su m\u00e1s reciente fotolibro, Otras mujeres (2024), publicado por La Luminosa editorial, es un proyecto documental realizado a lo largo de una d\u00e9cada que aborda la decisi\u00f3n de no tener hijos, desde una mirada profunda y reflexiva sobre las mujeres y sus experiencias.<br \/>\n<\/td><\/tr><\/tbody><\/table><\/div><style type='text\/css'>.avia-table-1 td:nth-of-type(1):before { content: 'Judith Romero'; } <\/style><\/p><\/div>\n<div class=\"flex_column av_three_fifth  flex_column_div av-zero-column-padding   \" style='border-radius:0px; '><p><div style='padding-bottom:10px;font-size:30px;' class='av-special-heading av-special-heading-h3  blockquote modern-quote   av-inherit-size'><h3 class='av-special-heading-tag'  itemprop=\"headline\"  >Acerca del taller<\/h3><div class='special-heading-border'><div class='special-heading-inner-border' ><\/div><\/div><\/div><br \/>\n<div class='avia-data-table-wrap avia_responsive_table'><table class='avia-table avia-data-table avia-table-2  avia_pricing_default'  itemscope=\"itemscope\" itemtype=\"https:\/\/schema.org\/Table\" ><tbody><tr class='avia-heading-row'><th class=''>LISTA DE SELECCIONADOS<\/th><\/tr><tr class=''><td class=''>Adilene Aldonsa Santiago Soriano<br \/>\nAidee Jemima Camacho Ram\u00edrez<br \/>\nAlma Cristina Tello Carrasco<br \/>\nAnel Melgarejo Gonz\u00e1lez<br \/>\nDaniela D\u00edaz G\u00f3mez<br \/>\nFernanda Santib\u00e1\u00f1ez Maldonado<br \/>\nFlor de Mar\u00eda Arango Santiago<br \/>\nFrancisco \u00c1ngeles Gallardo<br \/>\nJudith Ang\u00e9lica Escalante S\u00e1nchez<br \/>\nLesly Gonz\u00e1lez<br \/>\nLuis Fernando Monta\u00f1o Ch\u00e1vez<br \/>\nRub\u00ed Sandoval Santiago<\/td><\/tr><\/tbody><\/table><\/div><style type='text\/css'>.avia-table-2 td:nth-of-type(1):before { content: 'LISTA DE SELECCIONADOS'; } <\/style><br \/>\n<div class='avia-data-table-wrap avia_responsive_table'><table class='avia-table avia-data-table avia-table-3  avia_pricing_default'  itemscope=\"itemscope\" itemtype=\"https:\/\/schema.org\/Table\" ><tbody><tr class='avia-heading-row'><th class=''>Descripci\u00f3n general<\/th><\/tr><tr class=''><td class=''>La fotograf\u00eda documental permite investigar y explorar m\u00faltiples tem\u00e1ticas y aspectos \u00edntimos, sociales y humanos. Se activar\u00e1n di\u00e1logos y reflexiones para poder comprender la importancia de la fotograf\u00eda documental y las posibilidades de contar historias a trav\u00e9s de las im\u00e1genes. Asimismo, se abordar\u00e1n aspectos \u00e9ticos y metodol\u00f3gicos para lograr un mayor acercamiento y profundidad.<\/p>\n<p>Se analizar\u00e1n aspectos tanto t\u00e9cnicos como conceptuales relacionados con la creaci\u00f3n de im\u00e1genes que documenten y exploren realidades e imaginarios. Adem\u00e1s de comentar algunos proyectos fotogr\u00e1ficos de Latinoam\u00e9rica, enfoc\u00e1ndonos en la narrativa visual, as\u00ed como en los elementos que implican su contexto y realizaci\u00f3n.<\/p>\n<p>Es relevante reflexionar tambi\u00e9n sobre la producci\u00f3n y posproducci\u00f3n de im\u00e1genes, es decir, aspectos vinculados a la edici\u00f3n y selecci\u00f3n adecuada del cuerpo de im\u00e1genes que se van generando para construir historias singulares.<br \/>\n<\/td><\/tr><tr class='avia-heading-row'><th class=''>Objetivo general<\/th><\/tr><tr class=''><td class=''>Explorar y comprender la fotograf\u00eda documental como herramienta de investigaci\u00f3n y narraci\u00f3n visual, mediante el an\u00e1lisis de sus dimensiones t\u00e9cnicas, conceptuales, \u00e9ticas y metodol\u00f3gicas, para desarrollar proyectos que profundicen en realidades e imaginarios personales y colectivos, fomentando la reflexi\u00f3n cr\u00edtica sobre la producci\u00f3n, edici\u00f3n y construcci\u00f3n de historias visuales.<\/td><\/tr><tr class='avia-heading-row'><th class=''>Objetivos espec\u00edficos<\/th><\/tr><tr class=''><td class=''>&#8211; Reflexionar algunas estrategias o aspectos de la investigaci\u00f3n y exploraci\u00f3n de tem\u00e1ticas en la fotograf\u00eda documental.<br \/>\n&#8211; Dialogar sobre la importancia de la fotograf\u00eda documental, analizando la narrativa visual de algunos referentes visuales en Latinoam\u00e9rica.<br \/>\n&#8211; Abordar aspectos t\u00e9cnicos, \u00e9ticos y metodol\u00f3gicos para lograr un mayor acercamiento y profundidad al contar historias.<br \/>\n&#8211; Analizar algunas estrategias de producci\u00f3n y edici\u00f3n de im\u00e1genes.<br \/>\n&#8211; Hacer ejercicios de narrativa visual a trav\u00e9s de los proyectos que realiza cada uno de las y los participantes<br \/>\n<\/td><\/tr><tr class='avia-heading-row'><th class=''>Temas<\/th><\/tr><tr class=''><td class=''>1. Foto documental y su conceptualizaci\u00f3n, m\u00e1s all\u00e1 de los estereotipos<br \/>\n2. Investigaci\u00f3n y exploraci\u00f3n de contextos y tem\u00e1ticas a trav\u00e9s de la fotograf\u00eda.<br \/>\n3. Di\u00e1logos y conversaciones en torno a proyectos y narrativas visuales de Latinoam\u00e9rica.<br \/>\n4. Aspectos t\u00e9cnicos, \u00e9ticos y metodol\u00f3gicos en la construcci\u00f3n de im\u00e1genes a partir de los proyectos presentados.<br \/>\n5. Producci\u00f3n, posproducci\u00f3n y edici\u00f3n de im\u00e1genes.<br \/>\n6. Ejercicios de narrativas visuales a partir de sus propios proyectos para contar historias singulares.<br \/>\n<\/td><\/tr><\/tbody><\/table><\/div><style type='text\/css'>.avia-table-3 td:nth-of-type(1):before { content: 'Descripci\u00f3n general'; } <\/style><br \/>\n<div style='padding-bottom:10px;font-size:30px;' class='av-special-heading av-special-heading-h3  blockquote modern-quote   av-inherit-size'><h3 class='av-special-heading-tag'  itemprop=\"headline\"  >Requisitos de inscripci\u00f3n<\/h3><div class='special-heading-border'><div class='special-heading-inner-border' ><\/div><\/div><\/div><br \/>\n<div class='avia-data-table-wrap avia_responsive_table'><table class='avia-table avia-data-table avia-table-4  avia_pricing_default'  itemscope=\"itemscope\" itemtype=\"https:\/\/schema.org\/Table\" ><tbody><tr class=''><td class=''>&#8211; Dirigido a personas interesadas en la fotograf\u00eda documental, que est\u00e9n por iniciar un proyecto o que ya lo est\u00e9n desarrollando.<\/td><\/tr><tr class=''><td class=''>&#8211; Dominio b\u00e1sico o avanzado de t\u00e9cnicas fotogr\u00e1ficas<br \/>\n&#8211; Presentar portafolio ( 10 y m\u00e1ximo 20 im\u00e1genes)<br \/>\n&#8211; Si tienes inter\u00e9s deber\u00e1s llenar el formulario con los datos completos que se encuentra en esta p\u00e1gina.<br \/>\n&#8211; La lista de seleccionados se publicar\u00e1 en esta p\u00e1gina, tambi\u00e9n se les notificar\u00e1 v\u00eda correo electr\u00f3nico con los detalles de la actividad.<br \/>\n&#8211; Actividad gratuita.<br \/>\n&#8211; Los talleristas ser\u00e1n los responsables de realizar la selecci\u00f3n de alumnos bajo sus criterios.<br \/>\n<\/td><\/tr><\/tbody><\/table><\/div><style type='text\/css'><\/style><br \/>\n<div class='avia-data-table-wrap avia_responsive_table'><table class='avia-table avia-data-table avia-table-5  avia_pricing_default'  itemscope=\"itemscope\" itemtype=\"https:\/\/schema.org\/Table\" ><tbody><tr class='avia-heading-row'><th class=''>Criterios de selecci\u00f3n de alumnos<\/th><\/tr><tr class=''><td class=''>&#8211; Las y los fot\u00f3grafos interesados en la fotograf\u00eda documental, que est\u00e9n por iniciar un proyecto o que ya lo est\u00e9n desarrollando<br \/>\n&#8211; Dominio b\u00e1sico o avanzado de t\u00e9cnicas fotogr\u00e1ficas<br \/>\n&#8211; Presentar portafolio ( 10 y m\u00e1ximo 20 im\u00e1genes)<br \/>\n&#8211; Calidad del portafolio presentado<br \/>\n&#8211; Originalidad y creatividad<br \/>\n<\/td><\/tr><\/tbody><\/table><\/div><style type='text\/css'>.avia-table-5 td:nth-of-type(1):before { content: 'Criterios de selecci\u00f3n de alumnos'; } <\/style><br \/>\n<div class='avia-data-table-wrap avia_responsive_table'><table class='avia-table avia-data-table avia-table-6  avia_pricing_default'  itemscope=\"itemscope\" itemtype=\"https:\/\/schema.org\/Table\" ><tbody><tr class='avia-heading-row'><th class=''>Material que se le solicitar\u00e1 al alumno(a)<\/th><\/tr><tr class=''><td class=''>&#8211; Llevar impresas las im\u00e1genes que forman parte de su proyecto fotogr\u00e1fico<br \/>\n&#8211; Llevar en archivo digital una selecci\u00f3n de las im\u00e1genes que no se imprimieron<br \/>\n&#8211; Computadora<br \/>\n<\/td><\/tr><\/tbody><\/table><\/div><style type='text\/css'>.avia-table-6 td:nth-of-type(1):before { content: 'Material que se le solicitar\u00e1 al alumno(a)'; } <\/style><br \/>\n<div class='avia-data-table-wrap avia_responsive_table'><table class='avia-table avia-data-table avia-table-7  avia_pricing_default'  itemscope=\"itemscope\" itemtype=\"https:\/\/schema.org\/Table\" ><tbody><tr class='avia-heading-row'><th class=''>Nota para los seleccionados<\/th><\/tr><tr class=''><td class=''>&#8211; Clases presenciales en Tele aula del CaSa<br \/>\n&#8211; Se dejar\u00e1n ejercicios espec\u00edficos a cada estudiante, es fundamental realizarlos para continuar con la siguiente clase.<br \/>\n&#8211; Tener el compromiso y el tiempo para llevar a cabo el taller, ya que las inasistencias injustificadas ser\u00e1n motivo de suspensi\u00f3n y no podr\u00e1 ingresar a talleres futuros.<br \/>\n&#8211; Durante el taller nos estaremos comunicando por medio de mensajes en un grupo de WhatsApp, por ser una herramienta m\u00e1s r\u00e1pida para poder tener una mejor comunicaci\u00f3n con lo que respecta al taller.<br \/>\n<\/td><\/tr><\/tbody><\/table><\/div><style type='text\/css'>.avia-table-7 td:nth-of-type(1):before { content: 'Nota para los seleccionados'; } <\/style><br \/>\n<div id='av-masonry-1' class='av-masonry noHover av-fixed-size av-large-gap av-hover-overlay-active av-masonry-col-flexible av-caption-always av-caption-style- av-masonry-gallery  '  ><div class='av-masonry-container isotope av-js-disabled ' ><div class='av-masonry-entry isotope-item av-masonry-item-no-image '><\/div><a href=\"https:\/\/casa.oaxaca.gob.mx\/wp-content\/uploads\/2025\/06\/Afrovalerianos-Judith-Romero-2-1030x687.jpg\" id='av-masonry-1-item-16006' data-av-masonry-item='16006' class='av-masonry-entry isotope-item post-16006 attachment type-attachment status-inherit hentry  av-masonry-item-with-image' title=\"\u201cAfrovalerianos. Memoria, territorio y alteridad\u201d, es un trabajo documental y visual de largo aliento, sustentado en la vinculaci\u00f3n, confianza y colaboraci\u00f3n lograda con la comunidad afromexicana de Valerio Trujano, de la regi\u00f3n de la Ca\u00f1ada oaxaque\u00f1a. Esta cercan\u00eda e inmersi\u00f3n me han permitido procesos de representaci\u00f3n visual en donde se han ido integrando significaciones sociales, culturales e hist\u00f3ricas mencionadas por la propia comunidad. La documentaci\u00f3n visual ha incluido principalmente retratos, paisaje, arquitectura, as\u00ed como rescate y digitalizaci\u00f3n de fotograf\u00edas de su \u00e1lbum familiar como un elemento central de su memoria identitaria y colectiva. La consideraci\u00f3n de sus fotograf\u00edas del pasado familiar entrelazadas a las im\u00e1genes generadas en el presente, han posibilitado la emergencia de historias y reflexiones cruciales para la comunidad en su b\u00fasqueda de reafirmaci\u00f3n de su identidad afromexicana, la cual ha sido invisibilizada y no considerada, incluso, en la cartograf\u00eda que representa a los pueblos negros de la costa de Oaxaca.\r\rLa propuesta pretende hacer converger, desde la fotograf\u00eda \u2014como v\u00ednculo social de una mirada de la otredad; de formas de vida que desde los derechos humanos y la dimensi\u00f3n cultural buscamos reconocer en su alteridad\u2014, tres aspectos cruciales para su memoria social e identidad: la historia visual (al rescatar y digitalizar el \u00e1lbum familiar), la historia oral (al reconocer sus voces, testimonios e historias como sustento y di\u00e1logo con las im\u00e1genes creadas) y las fotograf\u00edas que realizo sobre su presente (considerando sus diversas realidades e imaginarios, e incluso, siendo sustentadas e \u201cintervenidas\u201d estas im\u00e1genes a partir de las historias, sitios significativos y memorias que los mismos pobladores me comparten).\"  itemprop=\"thumbnailUrl\" ><div class='av-inner-masonry-sizer'><\/div><figure class='av-inner-masonry main_color'><div class=\"av-masonry-outerimage-container\"><div class=\"av-masonry-image-container\" style=\"background-image: url(https:\/\/casa.oaxaca.gob.mx\/wp-content\/uploads\/2025\/06\/Afrovalerianos-Judith-Romero-2-705x470.jpg);\"><img decoding=\"async\" src=\"https:\/\/casa.oaxaca.gob.mx\/wp-content\/uploads\/2025\/06\/Afrovalerianos-Judith-Romero-2-705x470.jpg\" title=\"Vestigo del ingenio azucarerro La Iberia\" alt=\"\" \/><\/div><\/div><\/figure><\/a><!--end av-masonry entry--><a href=\"https:\/\/casa.oaxaca.gob.mx\/wp-content\/uploads\/2025\/06\/Afrovalerianos-Judith-Romero-3-1030x687.jpg\" id='av-masonry-1-item-16007' data-av-masonry-item='16007' class='av-masonry-entry isotope-item post-16007 attachment type-attachment status-inherit hentry  av-masonry-item-with-image' title=\"El se\u00f1or Luis Urrutia Astilleros, alias t\u00edo Liche, tiene 85 a\u00f1os. Es el \u00faltimo integrante vivo del conjunto musical y familiar \u201cLos Jaibos\u201d, donde tocaba el saxof\u00f3n, animando las fiestas en la regi\u00f3n.\"  itemprop=\"thumbnailUrl\" ><div class='av-inner-masonry-sizer'><\/div><figure class='av-inner-masonry main_color'><div class=\"av-masonry-outerimage-container\"><div class=\"av-masonry-image-container\" style=\"background-image: url(https:\/\/casa.oaxaca.gob.mx\/wp-content\/uploads\/2025\/06\/Afrovalerianos-Judith-Romero-3-705x470.jpg);\"><img decoding=\"async\" src=\"https:\/\/casa.oaxaca.gob.mx\/wp-content\/uploads\/2025\/06\/Afrovalerianos-Judith-Romero-3-705x470.jpg\" title=\"T\u00edo Liche\" alt=\"\" \/><\/div><\/div><\/figure><\/a><!--end av-masonry entry--><a href=\"https:\/\/casa.oaxaca.gob.mx\/wp-content\/uploads\/2025\/06\/Afrovalerianos-Judith-Romero-4-1030x687.jpg\" id='av-masonry-1-item-16008' data-av-masonry-item='16008' class='av-masonry-entry isotope-item post-16008 attachment type-attachment status-inherit hentry  av-masonry-item-with-image' title=\"\"  itemprop=\"thumbnailUrl\" ><div class='av-inner-masonry-sizer'><\/div><figure class='av-inner-masonry main_color'><div class=\"av-masonry-outerimage-container\"><div class=\"av-masonry-image-container\" style=\"background-image: url(https:\/\/casa.oaxaca.gob.mx\/wp-content\/uploads\/2025\/06\/Afrovalerianos-Judith-Romero-4-705x470.jpg);\"><img decoding=\"async\" src=\"https:\/\/casa.oaxaca.gob.mx\/wp-content\/uploads\/2025\/06\/Afrovalerianos-Judith-Romero-4-705x470.jpg\" title=\"La buena afro-fama durmiendo\" alt=\"\" \/><\/div><\/div><\/figure><\/a><!--end av-masonry entry--><a href=\"https:\/\/casa.oaxaca.gob.mx\/wp-content\/uploads\/2025\/06\/Mujer-con-las-flores-en-los-ojos-1030x687.jpg\" id='av-masonry-1-item-16009' data-av-masonry-item='16009' class='av-masonry-entry isotope-item post-16009 attachment type-attachment status-inherit hentry  av-masonry-item-with-image' title=\"Una vez que nace la flor, la cococha no puede utilizarse en el mole, pero brota con singular belleza. En la imagen, t\u00eda Chona se ha colocado las flores en los ojos; en un acto de confianza, l\u00fadico y creativo, como en una puesta en escena: florece.\"  itemprop=\"thumbnailUrl\" ><div class='av-inner-masonry-sizer'><\/div><figure class='av-inner-masonry main_color'><div class=\"av-masonry-outerimage-container\"><div class=\"av-masonry-image-container\" style=\"background-image: url(https:\/\/casa.oaxaca.gob.mx\/wp-content\/uploads\/2025\/06\/Mujer-con-las-flores-en-los-ojos-705x470.jpg);\"><img decoding=\"async\" src=\"https:\/\/casa.oaxaca.gob.mx\/wp-content\/uploads\/2025\/06\/Mujer-con-las-flores-en-los-ojos-705x470.jpg\" title=\"Florecer\" alt=\"\" \/><\/div><\/div><\/figure><\/a><!--end av-masonry entry--><\/div><\/div><\/p><\/div>\n","protected":false},"excerpt":{"rendered":"","protected":false},"author":1,"featured_media":16004,"comment_status":"open","ping_status":"open","sticky":false,"template":"","format":"standard","meta":{"_exactmetrics_skip_tracking":false,"_exactmetrics_sitenote_active":false,"_exactmetrics_sitenote_note":"","_exactmetrics_sitenote_category":0,"footnotes":""},"categories":[204],"tags":[],"class_list":["post-16002","post","type-post","status-publish","format-standard","has-post-thumbnail","hentry","category-204"],"_links":{"self":[{"href":"https:\/\/casa.oaxaca.gob.mx\/index.php?rest_route=\/wp\/v2\/posts\/16002","targetHints":{"allow":["GET"]}}],"collection":[{"href":"https:\/\/casa.oaxaca.gob.mx\/index.php?rest_route=\/wp\/v2\/posts"}],"about":[{"href":"https:\/\/casa.oaxaca.gob.mx\/index.php?rest_route=\/wp\/v2\/types\/post"}],"author":[{"embeddable":true,"href":"https:\/\/casa.oaxaca.gob.mx\/index.php?rest_route=\/wp\/v2\/users\/1"}],"replies":[{"embeddable":true,"href":"https:\/\/casa.oaxaca.gob.mx\/index.php?rest_route=%2Fwp%2Fv2%2Fcomments&post=16002"}],"version-history":[{"count":3,"href":"https:\/\/casa.oaxaca.gob.mx\/index.php?rest_route=\/wp\/v2\/posts\/16002\/revisions"}],"predecessor-version":[{"id":16211,"href":"https:\/\/casa.oaxaca.gob.mx\/index.php?rest_route=\/wp\/v2\/posts\/16002\/revisions\/16211"}],"wp:featuredmedia":[{"embeddable":true,"href":"https:\/\/casa.oaxaca.gob.mx\/index.php?rest_route=\/wp\/v2\/media\/16004"}],"wp:attachment":[{"href":"https:\/\/casa.oaxaca.gob.mx\/index.php?rest_route=%2Fwp%2Fv2%2Fmedia&parent=16002"}],"wp:term":[{"taxonomy":"category","embeddable":true,"href":"https:\/\/casa.oaxaca.gob.mx\/index.php?rest_route=%2Fwp%2Fv2%2Fcategories&post=16002"},{"taxonomy":"post_tag","embeddable":true,"href":"https:\/\/casa.oaxaca.gob.mx\/index.php?rest_route=%2Fwp%2Fv2%2Ftags&post=16002"}],"curies":[{"name":"wp","href":"https:\/\/api.w.org\/{rel}","templated":true}]}}