{"id":16038,"date":"2025-06-10T13:08:02","date_gmt":"2025-06-10T19:08:02","guid":{"rendered":"https:\/\/casa.oaxaca.gob.mx\/?p=16038"},"modified":"2026-01-22T13:52:27","modified_gmt":"2026-01-22T19:52:27","slug":"taller-presencial-cuento-luego-existo-imparte-isabel-cruz-daza","status":"publish","type":"post","link":"https:\/\/casa.oaxaca.gob.mx\/?p=16038","title":{"rendered":"Taller presencial. Cuento, luego existo. Imparte: Isabel Cruz Daza."},"content":{"rendered":"<\/div><\/div><\/div><!-- close content main div --><\/div><\/div><div id='av_section_1' class='avia-section main_color avia-section-no-padding avia-no-border-styling avia-full-stretch av-parallax-section avia-bg-style-parallax  av-minimum-height av-minimum-height-75 container_wrap fullsize'  data-section-bg-repeat='stretch' ><div class='av-parallax' data-avia-parallax-ratio='0.3' ><div class='av-parallax-inner main_color  avia-full-stretch' style = 'background-repeat: no-repeat; background-image: url(https:\/\/casa.oaxaca.gob.mx\/wp-content\/uploads\/2025\/06\/CUENTO-scaled.jpg); background-attachment: scroll; background-position: bottom center; ' ><\/div><\/div><div class='container' ><div class='template-page content  av-content-full alpha units'><div class='post-entry post-entry-type-page post-entry-16038'><div class='entry-content-wrapper clearfix'>\n<div style='padding-bottom:10px;color:#ffffff;font-size:50px;' class='av-special-heading av-special-heading-h3 custom-color-heading blockquote modern-quote  av-inherit-size'><h3 class='av-special-heading-tag'  itemprop=\"headline\"  >Taller presencial. Cuento, luego existo<\/h3><div class ='av-subheading av-subheading_below av_custom_color' style='font-size:25px;'><p>Imparte: Isabel Cruz Daza \u201cTicha\u00e1 Cruz\u201d<\/p>\n<\/div><div class='special-heading-border'><div class='special-heading-inner-border' style='border-color:#ffffff'><\/div><\/div><\/div>\n\n<\/div><\/div><\/div><!-- close content main div --><\/div><\/div><div id='av-layout-grid-1' class='av-layout-grid-container entry-content-wrapper main_color av-flex-cells  container_wrap fullsize'   >\n<div class=\"flex_cell no_margin av_one_full   \" style='vertical-align:top; padding:30px; background-color:#ED9600; '><div class='flex_cell_inner' ><p><div class=\"flex_column av_one_fourth  flex_column_div av-zero-column-padding first  \" style='border-radius:0px; '><div style='padding-bottom:10px;color:#ffffff;' class='av-special-heading av-special-heading-h3 custom-color-heading blockquote modern-quote '><h3 class='av-special-heading-tag'  itemprop=\"headline\"  >Cierre de inscripciones<\/h3><div class ='av-subheading av-subheading_below av_custom_color' style='font-size:20px;'><p>Lunes 7 de julio de 2025<\/p>\n<p>Publicaci\u00f3n de resultados<br \/>\nMi\u00e9rcoles 9 de julio de 2025<\/p>\n<\/div><div class='special-heading-border'><div class='special-heading-inner-border' style='border-color:#ffffff'><\/div><\/div><\/div><\/div><div class=\"flex_column av_one_fourth  flex_column_div av-zero-column-padding   \" style='border-radius:0px; '><div style='padding-bottom:10px;color:#ffffff;' class='av-special-heading av-special-heading-h3 custom-color-heading blockquote modern-quote '><h3 class='av-special-heading-tag'  itemprop=\"headline\"  >Fechas<\/h3><div class ='av-subheading av-subheading_below av_custom_color' style='font-size:20px;'><p>Lunes a viernes<br \/>\nDel 14 al 18 de julio<\/p>\n<\/div><div class='special-heading-border'><div class='special-heading-inner-border' style='border-color:#ffffff'><\/div><\/div><\/div><\/div><div class=\"flex_column av_one_fourth  flex_column_div av-zero-column-padding   \" style='border-radius:0px; '><div style='padding-bottom:10px;color:#ffffff;' class='av-special-heading av-special-heading-h3 custom-color-heading blockquote modern-quote  '><h3 class='av-special-heading-tag'  itemprop=\"headline\"  >Horario<\/h3><div class ='av-subheading av-subheading_below av_custom_color' style='font-size:20px;'><p>De 10 a 14 horas<\/p>\n<\/div><div class='special-heading-border'><div class='special-heading-inner-border' style='border-color:#ffffff'><\/div><\/div><\/div><\/div><div class=\"flex_column av_one_fourth  flex_column_div av-zero-column-padding   \" style='border-radius:0px; '><section class=\"avia_codeblock_section avia_code_block_0\"  itemscope=\"itemscope\" itemtype=\"https:\/\/schema.org\/BlogPosting\" itemprop=\"blogPost\" ><div class='avia_codeblock '  itemprop=\"text\" > [avia_codeblock_placeholder uid=\"0\"] <\/div><\/section><\/div><\/p>\n<\/div><\/div>\n<\/div>\n<div class=\"flex_column av_two_fifth  flex_column_div av-zero-column-padding first  \" style='border-radius:0px; '><p><div class='av-social-sharing-box '><div class='av-share-box'><h5 class='av-share-link-description'>Compartir esta actividad<\/h5><ul class='av-share-box-list noLightbox'><li class='av-share-link av-social-link-facebook' ><a target='_blank' href='http:\/\/www.facebook.com\/sharer.php?u=https:\/\/casa.oaxaca.gob.mx\/?p=16038&amp;t=Taller%20presencial.%20Cuento%2C%20luego%20existo.%20Imparte%3A%20Isabel%20Cruz%20Daza.' aria-hidden='true' data-av_icon='\ue8f3' data-av_iconfont='entypo-fontello' title='' data-avia-related-tooltip='Share on Facebook'><span class='avia_hidden_link_text'>Share on Facebook<\/span><\/a><\/li><li class='av-share-link av-social-link-twitter' ><a target='_blank' href='https:\/\/twitter.com\/share?text=Taller%20presencial.%20Cuento%2C%20luego%20existo.%20Imparte%3A%20Isabel%20Cruz%20Daza.&url=https:\/\/casa.oaxaca.gob.mx\/?p=16038' aria-hidden='true' data-av_icon='\ue8f1' data-av_iconfont='entypo-fontello' title='' data-avia-related-tooltip='Share on Twitter'><span class='avia_hidden_link_text'>Share on Twitter<\/span><\/a><\/li><li class='av-share-link av-social-link-gplus' ><a target='_blank' href='https:\/\/plus.google.com\/share?url=https:\/\/casa.oaxaca.gob.mx\/?p=16038' aria-hidden='true' data-av_icon='\ue8f6' data-av_iconfont='entypo-fontello' title='' data-avia-related-tooltip='Share on Google+'><span class='avia_hidden_link_text'>Share on Google+<\/span><\/a><\/li><li class='av-share-link av-social-link-pinterest' ><a target='_blank' href='http:\/\/pinterest.com\/pin\/create\/button\/?url=https%3A%2F%2Fcasa.oaxaca.gob.mx%2F%3Fp%3D16038&amp;description=Taller%20presencial.%20Cuento%2C%20luego%20existo.%20Imparte%3A%20Isabel%20Cruz%20Daza.&amp;media=https%3A%2F%2Fcasa.oaxaca.gob.mx%2Fwp-content%2Fuploads%2F2025%2F06%2FC-CUENTO-705x484.jpg' aria-hidden='true' data-av_icon='\ue8f8' data-av_iconfont='entypo-fontello' title='' data-avia-related-tooltip='Share on Pinterest'><span class='avia_hidden_link_text'>Share on Pinterest<\/span><\/a><\/li><li class='av-share-link av-social-link-mail' ><a  href='mailto:?subject=Taller%20presencial.%20Cuento%2C%20luego%20existo.%20Imparte%3A%20Isabel%20Cruz%20Daza.&amp;body=https:\/\/casa.oaxaca.gob.mx\/?p=16038' aria-hidden='true' data-av_icon='\ue805' data-av_iconfont='entypo-fontello' title='' data-avia-related-tooltip='Share by Mail'><span class='avia_hidden_link_text'>Share by Mail<\/span><\/a><\/li><\/ul><\/div><\/div><br \/>\n<div  class='hr hr-default '><span class='hr-inner ' ><span class='hr-inner-style'><\/span><\/span><\/div><br \/>\n<div style='padding-bottom:10px;font-size:30px;' class='av-special-heading av-special-heading-h3  blockquote modern-quote   av-inherit-size'><h3 class='av-special-heading-tag'  itemprop=\"headline\"  >Sobre la tallerista<\/h3><div class='special-heading-border'><div class='special-heading-inner-border' ><\/div><\/div><\/div><br \/>\n<div class='avia-data-table-wrap avia_responsive_table'><table class='avia-table avia-data-table avia-table-1  avia_pricing_default'  itemscope=\"itemscope\" itemtype=\"https:\/\/schema.org\/Table\" ><tbody><tr class='avia-heading-row'><th class=''>Isabel Cruz Daza \u201cTicha\u00e1 Cruz\u201d* (Oaxaca, M\u00e9xico)<\/th><\/tr><tr class=''><td class=''>Isabel Cruz Daza, maestra oaxaque\u00f1a en Pedagog\u00eda Sist\u00e9mica, narradora y actriz de cine y TV. Actriz desde 1984, Narradora Oral desde el 2012. Ha participado como ponente en \u201cEl 2\u00ba Encuentro Nacional de Saberes Locales\u201d. Cultura Infantil Alas y Ra\u00edces. Primer lugar de actuaci\u00f3n en el segundo Festival Internacional de Cine \u201cMiss Starlet\u201d en Canc\u00fan, Quintana Roo. Actriz en la pel\u00edcula \u201cThe girl\u201d de David Riker. Becaria del programa \u201cTeatro para Todos\u201d 2020, Becaria de Narraciones y Tradici\u00f3n Oral del programa Alas y Ra\u00edces 2021. Becaria del programa PECDA 2024. Ha colaborado como narradora oral en la Filo 2023, En Radio Ejuteca, En la Comunidad de San Adr\u00e9s Huayapam en la Feria del Tejate en sus \u00faltimas 3 ediciones, en la Alh\u00f3ndiga de Antequera, el el Parque Primavera, en la presentaci\u00f3n del Libro \u201cMuertos y Aparecidos\u201d de Daniel Brena en calles c\u00e9ntricas de Oaxaca, en la Biblioteca BS Canteras.<\/p>\n<p>*Beneficiaria de la vertiente PECDA Oaxaca 2024<br \/>\n<\/td><\/tr><\/tbody><\/table><\/div><style type='text\/css'>.avia-table-1 td:nth-of-type(1):before { content: 'Isabel Cruz Daza \u201cTicha\u00e1 Cruz\u201d* (Oaxaca, M\u00e9xico)'; } <\/style><br \/>\n<section class=\"avia_codeblock_section avia_code_block_1\"  itemscope=\"itemscope\" itemtype=\"https:\/\/schema.org\/BlogPosting\" itemprop=\"blogPost\" ><div class='avia_codeblock '  itemprop=\"text\" > [avia_codeblock_placeholder uid=\"1\"] <\/div><\/section><\/p><\/div>\n<div class=\"flex_column av_three_fifth  flex_column_div av-zero-column-padding   \" style='border-radius:0px; '><p><div style='padding-bottom:10px;font-size:30px;' class='av-special-heading av-special-heading-h3  blockquote modern-quote   av-inherit-size'><h3 class='av-special-heading-tag'  itemprop=\"headline\"  >Acerca del taller<\/h3><div class='special-heading-border'><div class='special-heading-inner-border' ><\/div><\/div><\/div><br \/>\n<div class='avia-data-table-wrap avia_responsive_table'><table class='avia-table avia-data-table avia-table-2  avia_pricing_default'  itemscope=\"itemscope\" itemtype=\"https:\/\/schema.org\/Table\" ><tbody><tr class='avia-heading-row'><th class=''>LISTA DE SELECCIONADOS<\/th><\/tr><tr class=''><td class=''>Sandra Tapia Garc\u00eda<br \/>\nJimena Guadalupe Ochoa Ru\u00edz<br \/>\nMariana Kurlat Carazo<br \/>\nMar\u00eda Santos Audelo<br \/>\nLeticia Flor Garc\u00eda Mart\u00ednez<br \/>\nSabina Yutsil Varela Turcott<br \/>\nMadai Salmer\u00f3n Altamirano<br \/>\nNhora Luz Flores Fern\u00e1ndez<br \/>\nJasmin Natali Salas<br \/>\nBertha Barbosa Armengol<br \/>\nArgelia Yudith Valencia Hern\u00e1ndez<br \/>\nSara Hern\u00e1ndez P\u00e9rez<br \/>\nIrma Icela P\u00e9rez Bravo<br \/>\nImelda Anah\u00ed Jim\u00e9nez Gordillo<br \/>\nCarlos Augusto Morales Ruiz<br \/>\nAbril Cruz Peralta<br \/>\nJuan Francisco Aguirre C\u00f3rdova<br \/>\nLizett Galindo Cruz<br \/>\nMariana Andrea Barbone<br \/>\nHuguet Marib\u00ed Cuevas Ram\u00edrez<\/td><\/tr><\/tbody><\/table><\/div><style type='text\/css'>.avia-table-2 td:nth-of-type(1):before { content: 'LISTA DE SELECCIONADOS'; } <\/style><br \/>\n<div class='avia-data-table-wrap avia_responsive_table'><table class='avia-table avia-data-table avia-table-3  avia_pricing_default'  itemscope=\"itemscope\" itemtype=\"https:\/\/schema.org\/Table\" ><tbody><tr class='avia-heading-row'><th class=''>Descripci\u00f3n general<\/th><\/tr><tr class=''><td class=''>La narraci\u00f3n oral es un acto de resistencia po\u00e9tica, una siembra de memoria y un canto a la ra\u00edz transmitida de generaci\u00f3n en generaci\u00f3n, para evocar im\u00e1genes y sensaciones a trav\u00e9s de la palabra, en contraposici\u00f3n a la saturaci\u00f3n visual moderna. Es por ello que este taller busca generar una experiencia sensible que reconecte al ser humano con su herencia cultural y ling\u00fc\u00edstica, fortaleciendo su identidad desde la escucha, la imaginaci\u00f3n y el juego.<br \/>\n<\/td><\/tr><tr class='avia-heading-row'><th class=''>Objetivo general<\/th><\/tr><tr class=''><td class=''>Objetivo general: Desarrollar habilidades expresivas, t\u00e9cnicas y emocionales para contar historias de forma aut\u00e9ntica, creativa y eficaz ante un p\u00fablico.<br \/>\n<\/td><\/tr><tr class='avia-heading-row'><th class=''>Objetivos espec\u00edficos<\/th><\/tr><tr class=''><td class=''>&#8211; Conectar con el cuerpo, la voz y la emoci\u00f3n como instrumentos del narrador.<br \/>\n&#8211; Aprender a estructurar y vivificar una historia.<br \/>\n&#8211; Explorar herramientas expresivas del cuerpo y la voz.<br \/>\n&#8211; Profundizar en el v\u00ednculo narrador-p\u00fablico.<br \/>\n&#8211; Celebrar lo aprendido con una muestra final.<br \/>\n<\/td><\/tr><tr class='avia-heading-row'><th class=''>Temas<\/th><\/tr><tr class=''><td class=''>1. La chispa del narrador<br \/>\n1.1 \u00bfQu\u00e9 es la narraci\u00f3n oral? Breve marco te\u00f3rico (tradici\u00f3n, actualidad y poder del relato).<br \/>\n1.2 El narrador como puente: presencia esc\u00e9nica y escucha activa.<br \/>\n1.3 Desbloqueo corporal y vocal<br \/>\n1.4 \u201cUna historia que me habita\u201d<\/p>\n<p>2. La historia como ser vivo<br \/>\n2.1 Elementos de una historia<br \/>\n2.2 Mapa del relato<br \/>\n2.3 Armar una historia a partir de un objeto personal.<\/p>\n<p>3. La voz del cuento y el cuerpo del personaje.<br \/>\n3.1 T\u00e9cnicas vocales b\u00e1sicas para narrar.<br \/>\n3.2 El cuerpo como narrador<br \/>\n3.3 Ritmo y musicalidad del cuento<br \/>\n3.4 Contar solo con el cuerpo<\/p>\n<p>4. Narrar es compartir un fuego<br \/>\n4.1 Escucha activa y empat\u00eda narrativa.<br \/>\n4.2 T\u00e9cnicas para sostener la atenci\u00f3n del p\u00fablico.<br \/>\n4.3 Improvisaci\u00f3n y adaptaci\u00f3n seg\u00fan el contexto.<\/p>\n<p>5. \u00a1Y se arm\u00f3 el cuento!<br \/>\n5.1 Presentaci\u00f3n de cuentos.<br \/>\n5.2 T\u00e9cnicas anti-nervios,.<br \/>\n5.3 Ritual de preparaci\u00f3n.<br \/>\n5.4 Muestra abierta.<br \/>\n<\/td><\/tr><\/tbody><\/table><\/div><style type='text\/css'>.avia-table-3 td:nth-of-type(1):before { content: 'Descripci\u00f3n general'; } <\/style><br \/>\n<div style='padding-bottom:10px;font-size:30px;' class='av-special-heading av-special-heading-h3  blockquote modern-quote   av-inherit-size'><h3 class='av-special-heading-tag'  itemprop=\"headline\"  >Requisitos de inscripci\u00f3n<\/h3><div class='special-heading-border'><div class='special-heading-inner-border' ><\/div><\/div><\/div><br \/>\n<div class='avia-data-table-wrap avia_responsive_table'><table class='avia-table avia-data-table avia-table-4  avia_pricing_default'  itemscope=\"itemscope\" itemtype=\"https:\/\/schema.org\/Table\" ><tbody><tr class=''><td class=''>&#8211; Dirigido a personas interesadas en el arte de la narraci\u00f3n oral, docentes, narradores y p\u00fablico en general.<\/td><\/tr><tr class=''><td class=''>-Mayores de edad<br \/>\n-Sexo\/g\u00e9nero indistinto.<br \/>\n-Carta de motivos por lo cual est\u00e1 interesada\/o en tomar el taller.<br \/>\n-Comprometidos en completar las 20 hrs.<br \/>\n&#8211; Si tienes inter\u00e9s deber\u00e1s llenar el formulario con los datos completos que se encuentra en esta p\u00e1gina.<br \/>\n&#8211; La lista de seleccionados se publicar\u00e1 en esta p\u00e1gina, tambi\u00e9n se les notificar\u00e1 v\u00eda correo electr\u00f3nico con los detalles de la actividad.<br \/>\n&#8211; Actividad gratuita.<br \/>\n&#8211; Los talleristas ser\u00e1n los responsables de realizar la selecci\u00f3n de alumnos bajo sus criterios.<br \/>\n<\/td><\/tr><\/tbody><\/table><\/div><style type='text\/css'><\/style><br \/>\n<div class='avia-data-table-wrap avia_responsive_table'><table class='avia-table avia-data-table avia-table-5  avia_pricing_default'  itemscope=\"itemscope\" itemtype=\"https:\/\/schema.org\/Table\" ><tbody><tr class='avia-heading-row'><th class=''>Material que se le solicitar\u00e1 al alumno(a)<\/th><\/tr><tr class=''><td class=''>-Ropa c\u00f3moda<br \/>\n-Libreta para tomar notas<br \/>\n<\/td><\/tr><\/tbody><\/table><\/div><style type='text\/css'>.avia-table-5 td:nth-of-type(1):before { content: 'Material que se le solicitar\u00e1 al alumno(a)'; } <\/style><br \/>\n<div class='avia-data-table-wrap avia_responsive_table'><table class='avia-table avia-data-table avia-table-6  avia_pricing_default'  itemscope=\"itemscope\" itemtype=\"https:\/\/schema.org\/Table\" ><tbody><tr class='avia-heading-row'><th class=''>Nota para los seleccionados<\/th><\/tr><tr class=''><td class=''>&#8211; Clases presenciales en el Sal\u00f3n 1 del CaSa<br \/>\n&#8211; Se dejar\u00e1n ejercicios espec\u00edficos a cada estudiante, es fundamental realizarlos para continuar con la siguiente clase.<br \/>\n&#8211; Tener el compromiso y el tiempo para llevar a cabo el taller, ya que las inasistencias injustificadas ser\u00e1n motivo de suspensi\u00f3n y no podr\u00e1 ingresar a talleres futuros.<br \/>\n&#8211; Durante el taller nos estaremos comunicando por medio de mensajes en un grupo de WhatsApp, por ser una herramienta m\u00e1s r\u00e1pida para poder tener una mejor comunicaci\u00f3n con lo que respecta al taller.<br \/>\n<\/td><\/tr><\/tbody><\/table><\/div><style type='text\/css'>.avia-table-6 td:nth-of-type(1):before { content: 'Nota para los seleccionados'; } <\/style><br \/>\n<div id='av-masonry-1' class='av-masonry noHover av-fixed-size av-large-gap av-hover-overlay-active av-masonry-col-flexible av-caption-always av-caption-style- av-masonry-gallery  '  ><div class='av-masonry-container isotope av-js-disabled ' ><div class='av-masonry-entry isotope-item av-masonry-item-no-image '><\/div><a href=\"https:\/\/casa.oaxaca.gob.mx\/wp-content\/uploads\/2025\/06\/IMG_1333-1030x684.jpg\" id='av-masonry-1-item-16042' data-av-masonry-item='16042' class='av-masonry-entry isotope-item post-16042 attachment type-attachment status-inherit hentry  av-masonry-item-with-image' title=\"\"  itemprop=\"thumbnailUrl\" ><div class='av-inner-masonry-sizer'><\/div><figure class='av-inner-masonry main_color'><div class=\"av-masonry-outerimage-container\"><div class=\"av-masonry-image-container\" style=\"background-image: url(https:\/\/casa.oaxaca.gob.mx\/wp-content\/uploads\/2025\/06\/IMG_1333-705x468.jpg);\"><img decoding=\"async\" src=\"https:\/\/casa.oaxaca.gob.mx\/wp-content\/uploads\/2025\/06\/IMG_1333-705x468.jpg\" title=\"IMG_1333\" alt=\"\" \/><\/div><\/div><\/figure><\/a><!--end av-masonry entry--><a href=\"https:\/\/casa.oaxaca.gob.mx\/wp-content\/uploads\/2025\/06\/IMG_1337-835x1030.jpg\" id='av-masonry-1-item-16043' data-av-masonry-item='16043' class='av-masonry-entry isotope-item post-16043 attachment type-attachment status-inherit hentry  av-masonry-item-with-image' title=\"\"  itemprop=\"thumbnailUrl\" ><div class='av-inner-masonry-sizer'><\/div><figure class='av-inner-masonry main_color'><div class=\"av-masonry-outerimage-container\"><div class=\"av-masonry-image-container\" style=\"background-image: url(https:\/\/casa.oaxaca.gob.mx\/wp-content\/uploads\/2025\/06\/IMG_1337-571x705.jpg);\"><img decoding=\"async\" src=\"https:\/\/casa.oaxaca.gob.mx\/wp-content\/uploads\/2025\/06\/IMG_1337-571x705.jpg\" title=\"IMG_1337\" alt=\"\" \/><\/div><\/div><\/figure><\/a><!--end av-masonry entry--><a href=\"https:\/\/casa.oaxaca.gob.mx\/wp-content\/uploads\/2025\/06\/IMG_1341-1030x1030.jpg\" id='av-masonry-1-item-16044' data-av-masonry-item='16044' class='av-masonry-entry isotope-item post-16044 attachment type-attachment status-inherit hentry  av-masonry-item-with-image' title=\"\"  itemprop=\"thumbnailUrl\" ><div class='av-inner-masonry-sizer'><\/div><figure class='av-inner-masonry main_color'><div class=\"av-masonry-outerimage-container\"><div class=\"av-masonry-image-container\" style=\"background-image: url(https:\/\/casa.oaxaca.gob.mx\/wp-content\/uploads\/2025\/06\/IMG_1341-705x705.jpg);\"><img decoding=\"async\" src=\"https:\/\/casa.oaxaca.gob.mx\/wp-content\/uploads\/2025\/06\/IMG_1341-705x705.jpg\" title=\"IMG_1341\" alt=\"\" \/><\/div><\/div><\/figure><\/a><!--end av-masonry entry--><\/div><\/div><\/p><\/div>\n","protected":false},"excerpt":{"rendered":"","protected":false},"author":1,"featured_media":16040,"comment_status":"open","ping_status":"open","sticky":false,"template":"","format":"standard","meta":{"_exactmetrics_skip_tracking":false,"_exactmetrics_sitenote_active":false,"_exactmetrics_sitenote_note":"","_exactmetrics_sitenote_category":0,"footnotes":""},"categories":[204],"tags":[],"class_list":["post-16038","post","type-post","status-publish","format-standard","has-post-thumbnail","hentry","category-204"],"_links":{"self":[{"href":"https:\/\/casa.oaxaca.gob.mx\/index.php?rest_route=\/wp\/v2\/posts\/16038","targetHints":{"allow":["GET"]}}],"collection":[{"href":"https:\/\/casa.oaxaca.gob.mx\/index.php?rest_route=\/wp\/v2\/posts"}],"about":[{"href":"https:\/\/casa.oaxaca.gob.mx\/index.php?rest_route=\/wp\/v2\/types\/post"}],"author":[{"embeddable":true,"href":"https:\/\/casa.oaxaca.gob.mx\/index.php?rest_route=\/wp\/v2\/users\/1"}],"replies":[{"embeddable":true,"href":"https:\/\/casa.oaxaca.gob.mx\/index.php?rest_route=%2Fwp%2Fv2%2Fcomments&post=16038"}],"version-history":[{"count":4,"href":"https:\/\/casa.oaxaca.gob.mx\/index.php?rest_route=\/wp\/v2\/posts\/16038\/revisions"}],"predecessor-version":[{"id":18071,"href":"https:\/\/casa.oaxaca.gob.mx\/index.php?rest_route=\/wp\/v2\/posts\/16038\/revisions\/18071"}],"wp:featuredmedia":[{"embeddable":true,"href":"https:\/\/casa.oaxaca.gob.mx\/index.php?rest_route=\/wp\/v2\/media\/16040"}],"wp:attachment":[{"href":"https:\/\/casa.oaxaca.gob.mx\/index.php?rest_route=%2Fwp%2Fv2%2Fmedia&parent=16038"}],"wp:term":[{"taxonomy":"category","embeddable":true,"href":"https:\/\/casa.oaxaca.gob.mx\/index.php?rest_route=%2Fwp%2Fv2%2Fcategories&post=16038"},{"taxonomy":"post_tag","embeddable":true,"href":"https:\/\/casa.oaxaca.gob.mx\/index.php?rest_route=%2Fwp%2Fv2%2Ftags&post=16038"}],"curies":[{"name":"wp","href":"https:\/\/api.w.org\/{rel}","templated":true}]}}