{"id":16160,"date":"2025-06-17T17:18:29","date_gmt":"2025-06-17T23:18:29","guid":{"rendered":"https:\/\/casa.oaxaca.gob.mx\/?p=16160"},"modified":"2026-01-22T13:53:09","modified_gmt":"2026-01-22T19:53:09","slug":"taller-presencial-bordado-y-geometria-basica-imparte-fatima-sierra","status":"publish","type":"post","link":"https:\/\/casa.oaxaca.gob.mx\/?p=16160","title":{"rendered":"Taller presencial. Bordado y geometr\u00eda b\u00e1sica. Imparte: F\u00e1tima Sierra."},"content":{"rendered":"<\/div><\/div><\/div><!-- close content main div --><\/div><\/div><div id='av_section_1' class='avia-section main_color avia-section-no-padding avia-no-border-styling avia-full-stretch av-parallax-section avia-bg-style-parallax  av-minimum-height av-minimum-height-75 container_wrap fullsize'  data-section-bg-repeat='stretch' ><div class='av-parallax' data-avia-parallax-ratio='0.3' ><div class='av-parallax-inner main_color  avia-full-stretch' style = 'background-repeat: no-repeat; background-image: url(https:\/\/casa.oaxaca.gob.mx\/wp-content\/uploads\/2025\/06\/bordadoygeometriabasica-scaled.jpg); background-attachment: scroll; background-position: bottom center; ' ><\/div><\/div><div class='container' ><div class='template-page content  av-content-full alpha units'><div class='post-entry post-entry-type-page post-entry-16160'><div class='entry-content-wrapper clearfix'>\n<div style='padding-bottom:10px;color:#ffffff;font-size:50px;' class='av-special-heading av-special-heading-h3 custom-color-heading blockquote modern-quote  av-inherit-size'><h3 class='av-special-heading-tag'  itemprop=\"headline\"  >Taller presencial. Bordado y geometr\u00eda b\u00e1sica.<\/h3><div class ='av-subheading av-subheading_below av_custom_color' style='font-size:25px;'><p>Imparte: F\u00e1tima Sierra<\/p>\n<\/div><div class='special-heading-border'><div class='special-heading-inner-border' style='border-color:#ffffff'><\/div><\/div><\/div>\n\n<\/div><\/div><\/div><!-- close content main div --><\/div><\/div><div id='av-layout-grid-1' class='av-layout-grid-container entry-content-wrapper main_color av-flex-cells  container_wrap fullsize'   >\n<div class=\"flex_cell no_margin av_one_full   \" style='vertical-align:top; padding:30px; background-color:#ED9600; '><div class='flex_cell_inner' ><p><div class=\"flex_column av_one_fourth  flex_column_div av-zero-column-padding first  \" style='border-radius:0px; '><div style='padding-bottom:10px;color:#ffffff;' class='av-special-heading av-special-heading-h3 custom-color-heading blockquote modern-quote '><h3 class='av-special-heading-tag'  itemprop=\"headline\"  >Cierre de inscripciones<\/h3><div class ='av-subheading av-subheading_below av_custom_color' style='font-size:20px;'><p>Viernes 11 de julio de 2025<\/p>\n<p>Publicaci\u00f3n de resultados<br \/>\nDomingo 13 de julio de 2025<\/p>\n<\/div><div class='special-heading-border'><div class='special-heading-inner-border' style='border-color:#ffffff'><\/div><\/div><\/div><\/div><div class=\"flex_column av_one_fourth  flex_column_div av-zero-column-padding   \" style='border-radius:0px; '><div style='padding-bottom:10px;color:#ffffff;' class='av-special-heading av-special-heading-h3 custom-color-heading blockquote modern-quote  '><h3 class='av-special-heading-tag'  itemprop=\"headline\"  >Fechas<\/h3><div class ='av-subheading av-subheading_below av_custom_color' style='font-size:20px;'><p>Lunes a viernes<br \/>\nDel 14 al 25 de julio de 2025<\/p>\n<\/div><div class='special-heading-border'><div class='special-heading-inner-border' style='border-color:#ffffff'><\/div><\/div><\/div><\/div><div class=\"flex_column av_one_fourth  flex_column_div av-zero-column-padding   \" style='border-radius:0px; '><div style='padding-bottom:10px;color:#ffffff;' class='av-special-heading av-special-heading-h3 custom-color-heading blockquote modern-quote  '><h3 class='av-special-heading-tag'  itemprop=\"headline\"  >Horario<\/h3><div class ='av-subheading av-subheading_below av_custom_color' style='font-size:20px;'><p>De 10 a 14 h<\/p>\n<\/div><div class='special-heading-border'><div class='special-heading-inner-border' style='border-color:#ffffff'><\/div><\/div><\/div><\/div><div class=\"flex_column av_one_fourth  flex_column_div av-zero-column-padding   \" style='border-radius:0px; '><section class=\"avia_codeblock_section avia_code_block_0\"  itemscope=\"itemscope\" itemtype=\"https:\/\/schema.org\/BlogPosting\" itemprop=\"blogPost\" ><div class='avia_codeblock '  itemprop=\"text\" > [avia_codeblock_placeholder uid=\"0\"] <\/div><\/section><\/div><\/p>\n<\/div><\/div><\/div><div class=\"flex_column av_two_fifth  flex_column_div av-zero-column-padding first  \" style='border-radius:0px; '><p><div class='av-social-sharing-box '><div class='av-share-box'><h5 class='av-share-link-description'>Compartir esta actividad<\/h5><ul class='av-share-box-list noLightbox'><li class='av-share-link av-social-link-facebook' ><a target='_blank' href='http:\/\/www.facebook.com\/sharer.php?u=https:\/\/casa.oaxaca.gob.mx\/?p=16160&amp;t=Taller%20presencial.%20Bordado%20y%20geometr%C3%ADa%20b%C3%A1sica.%20Imparte%3A%20F%C3%A1tima%20Sierra.' aria-hidden='true' data-av_icon='\ue8f3' data-av_iconfont='entypo-fontello' title='' data-avia-related-tooltip='Share on Facebook'><span class='avia_hidden_link_text'>Share on Facebook<\/span><\/a><\/li><li class='av-share-link av-social-link-twitter' ><a target='_blank' href='https:\/\/twitter.com\/share?text=Taller%20presencial.%20Bordado%20y%20geometr%C3%ADa%20b%C3%A1sica.%20Imparte%3A%20F%C3%A1tima%20Sierra.&url=https:\/\/casa.oaxaca.gob.mx\/?p=16160' aria-hidden='true' data-av_icon='\ue8f1' data-av_iconfont='entypo-fontello' title='' data-avia-related-tooltip='Share on Twitter'><span class='avia_hidden_link_text'>Share on Twitter<\/span><\/a><\/li><li class='av-share-link av-social-link-gplus' ><a target='_blank' href='https:\/\/plus.google.com\/share?url=https:\/\/casa.oaxaca.gob.mx\/?p=16160' aria-hidden='true' data-av_icon='\ue8f6' data-av_iconfont='entypo-fontello' title='' data-avia-related-tooltip='Share on Google+'><span class='avia_hidden_link_text'>Share on Google+<\/span><\/a><\/li><li class='av-share-link av-social-link-pinterest' ><a target='_blank' href='http:\/\/pinterest.com\/pin\/create\/button\/?url=https%3A%2F%2Fcasa.oaxaca.gob.mx%2F%3Fp%3D16160&amp;description=Taller%20presencial.%20Bordado%20y%20geometr%C3%ADa%20b%C3%A1sica.%20Imparte%3A%20F%C3%A1tima%20Sierra.&amp;media=https%3A%2F%2Fcasa.oaxaca.gob.mx%2Fwp-content%2Fuploads%2F2025%2F06%2Fc-bordadoygeometriabasica-705x484.jpg' aria-hidden='true' data-av_icon='\ue8f8' data-av_iconfont='entypo-fontello' title='' data-avia-related-tooltip='Share on Pinterest'><span class='avia_hidden_link_text'>Share on Pinterest<\/span><\/a><\/li><li class='av-share-link av-social-link-mail' ><a  href='mailto:?subject=Taller%20presencial.%20Bordado%20y%20geometr%C3%ADa%20b%C3%A1sica.%20Imparte%3A%20F%C3%A1tima%20Sierra.&amp;body=https:\/\/casa.oaxaca.gob.mx\/?p=16160' aria-hidden='true' data-av_icon='\ue805' data-av_iconfont='entypo-fontello' title='' data-avia-related-tooltip='Share by Mail'><span class='avia_hidden_link_text'>Share by Mail<\/span><\/a><\/li><\/ul><\/div><\/div><br \/>\n<div  class='hr hr-default '><span class='hr-inner ' ><span class='hr-inner-style'><\/span><\/span><\/div><br \/>\n<div style='padding-bottom:10px;font-size:30px;' class='av-special-heading av-special-heading-h3  blockquote modern-quote   av-inherit-size'><h3 class='av-special-heading-tag'  itemprop=\"headline\"  >Sobre la tallerista<\/h3><div class='special-heading-border'><div class='special-heading-inner-border' ><\/div><\/div><\/div><br \/>\n<div class='avia-data-table-wrap avia_responsive_table'><table class='avia-table avia-data-table avia-table-1  avia_pricing_default'  itemscope=\"itemscope\" itemtype=\"https:\/\/schema.org\/Table\" ><tbody><tr class='avia-heading-row'><th class=''>F\u00e1tima Sierra<\/th><\/tr><tr class=''><td class=''>F\u00e1tima Sierra. Dise\u00f1adora de moda, gestora cultural y tallerista con una profunda vocaci\u00f3n por el trabajo comunitario, el fomento a la lectura y la preservaci\u00f3n de saberes textiles tradicionales. Se form\u00f3 como dise\u00f1adora en el Instituto Yakaitian (2011-2014) y complement\u00f3 su formaci\u00f3n con diversos diplomados en literatura infantil y juvenil, as\u00ed como en lectura en la primera infancia, impartidos por el Instituto de Investigaciones Filol\u00f3gicas de la UNAM.<br \/>\nDesde el 2008 ha colaborado en m\u00faltiples instituciones culturales, p\u00fablicas y privadas, desempe\u00f1\u00e1ndose en \u00e1reas de promoci\u00f3n art\u00edstica, coordinaci\u00f3n de talleres y programaci\u00f3n de actividades culturales, como en la Feria Internacional del Libro Oaxaca (FILO), la Fundaci\u00f3n Alfredo Harp Hel\u00fa, y la Universidad An\u00e1huac Oaxaca. Su trayectoria combina el dise\u00f1o, la mediaci\u00f3n lectora y la educaci\u00f3n creativa.<br \/>\nSu inter\u00e9s por los saberes tradicionales y el arte textil la llev\u00f3 a formarse en t\u00e9cnicas como el telar de cintura, los tintes naturales, el tejido de marco, la aguja m\u00e1gica y el bordado tradicional, que hoy comparte como tallerista en espacios independientes y comunitarios. Desde 2019 es creadora de Alm\u00e1cigo Espacio Creativo, un proyecto autogestivo que promueve talleres de t\u00e9cnicas textiles, creatividad y cultura popular.<br \/>\nHa sido reconocida por su trabajo en iniciativas de emprendimiento social, como en el Premio Pasos Latinoamericanos (2017) en Medell\u00edn, y contin\u00faa desarrollando proyectos que cruzan el arte, la pedagog\u00eda, la cultura textil y el trabajo con mujeres y comunidades en contextos urbanos y rurales.<br \/>\n<\/td><\/tr><\/tbody><\/table><\/div><style type='text\/css'>.avia-table-1 td:nth-of-type(1):before { content: 'F\u00e1tima Sierra'; } <\/style><\/p><\/div><\/p>\n<div class=\"flex_column av_three_fifth  flex_column_div av-zero-column-padding   \" style='border-radius:0px; '><p><div style='padding-bottom:10px;font-size:30px;' class='av-special-heading av-special-heading-h3  blockquote modern-quote   av-inherit-size'><h3 class='av-special-heading-tag'  itemprop=\"headline\"  >Acerca del taller<\/h3><div class='special-heading-border'><div class='special-heading-inner-border' ><\/div><\/div><\/div><br \/>\n<div class='avia-data-table-wrap avia_responsive_table'><table class='avia-table avia-data-table avia-table-2  avia_pricing_default'  itemscope=\"itemscope\" itemtype=\"https:\/\/schema.org\/Table\" ><tbody><tr class='avia-heading-row'><th class=''>Taller dirigido a ni\u00f1as y ni\u00f1os de 9 a 11 a\u00f1os<br \/>\n<\/th><\/tr><tr class=''><td class=''>Elabora un libro textil con diversas puntadas de bordado<\/td><\/tr><\/tbody><\/table><\/div><style type='text\/css'>.avia-table-2 td:nth-of-type(1):before { content: 'Taller dirigido a ni\u00f1as y ni\u00f1os de 9 a 11 a\u00f1os<br \/>\n'; } <\/style><br \/>\n<div class='avia-data-table-wrap avia_responsive_table'><table class='avia-table avia-data-table avia-table-3  avia_pricing_default'  itemscope=\"itemscope\" itemtype=\"https:\/\/schema.org\/Table\" ><tbody><tr class='avia-heading-row'><th class=''>Descripci\u00f3n general<\/th><\/tr><tr class=''><td class=''>En este taller, los participantes aprender\u00e1n puntadas b\u00e1sicas y de relleno, utilizando como base las principales figuras geom\u00e9tricas. El objetivo es fomentar la exploraci\u00f3n creativa a trav\u00e9s del hilo y la aguja, promoviendo la creaci\u00f3n y composici\u00f3n de im\u00e1genes bordadas. Adem\u00e1s, se busca generar una reflexi\u00f3n sobre la presencia y el significado de las figuras geom\u00e9tricas en nuestro entorno cotidiano.<br \/>\n<\/td><\/tr><tr class='avia-heading-row'><th class=''>Objetivo general<\/th><\/tr><tr class=''><td class=''>Fomentar la creatividad y la expresi\u00f3n art\u00edstica mediante el aprendizaje de t\u00e9cnicas b\u00e1sicas de bordado, utilizando figuras geom\u00e9tricas como herramienta compositiva, al tiempo que se reflexiona sobre su presencia y significado en el entorno cotidiano creando como producto final un libro textil.<br \/>\n<\/td><\/tr><tr class='avia-heading-row'><th class=''>Objetivos espec\u00edficos<\/th><\/tr><tr class=''><td class=''>-Ense\u00f1ar puntadas b\u00e1sicas y de relleno para la elaboraci\u00f3n de bordados manuales.<br \/>\n-Introducir las principales figuras geom\u00e9tricas como elementos estructurales en la creaci\u00f3n de im\u00e1genes bordadas.<br \/>\n-Estimular la observaci\u00f3n del entorno para identificar formas geom\u00e9tricas presentes en la vida diaria.<br \/>\n-Desarrollar habilidades motrices finas y concentraci\u00f3n a trav\u00e9s de la pr\u00e1ctica del bordado.<br \/>\n<\/td><\/tr><tr class='avia-heading-row'><th class=''>Temas<\/th><\/tr><tr class=''><td class=''>1. Bordado b\u00e1sico para creaci\u00f3n de l\u00edneas<br \/>\n2. Bordado de relleno<br \/>\n3. Conocimiento sobre tipos de hilos y agujas<br \/>\n4. Breve explicaci\u00f3n de elementos textiles<br \/>\n5. Figuras geom\u00e9tricas, empezando por l\u00ednea, cuadrado, tri\u00e1ngulo y c\u00edrculo<br \/>\n<\/td><\/tr><\/tbody><\/table><\/div><style type='text\/css'>.avia-table-3 td:nth-of-type(1):before { content: 'Descripci\u00f3n general'; } <\/style><br \/>\n<div style='padding-bottom:10px;font-size:30px;' class='av-special-heading av-special-heading-h3  blockquote modern-quote   av-inherit-size'><h3 class='av-special-heading-tag'  itemprop=\"headline\"  >Requisitos de inscripci\u00f3n<\/h3><div class='special-heading-border'><div class='special-heading-inner-border' ><\/div><\/div><\/div><br \/>\n<div class='avia-data-table-wrap avia_responsive_table'><table class='avia-table avia-data-table avia-table-4  avia_pricing_default'  itemscope=\"itemscope\" itemtype=\"https:\/\/schema.org\/Table\" ><tbody><tr class=''><td class=''>&#8211; Inscribirse y atender al taller<br \/>\n&#8211; Disposici\u00f3n para aprender<br \/>\n&#8211; Tener entre 9 y 11 a\u00f1os<br \/>\n&#8211; Que tengan inter\u00e9s o acercamiento al tema textil o bordado, pero no necesitan tener conocimiento previo<br \/>\n&#8211; Es importante que sepan que no habr\u00e1 un estudio de las figuras geom\u00e9tricas, se usar\u00e1n s\u00f3lo de referencia para la creaci\u00f3n y observaci\u00f3n.<br \/>\n<\/td><\/tr><tr class=''><td class=''>&#8211; Si tienes inter\u00e9s deber\u00e1s llenar el formulario con los datos completos que se encuentra en esta p\u00e1gina.<br \/>\n&#8211; La lista de seleccionados se publicar\u00e1 en esta p\u00e1gina, tambi\u00e9n se les notificar\u00e1 v\u00eda correo electr\u00f3nico con los detalles de la actividad.<br \/>\n&#8211; Actividad gratuita.<br \/>\n&#8211; Los talleristas ser\u00e1n los responsables de realizar la selecci\u00f3n de alumnos bajo sus criterios.<br \/>\n<\/td><\/tr><\/tbody><\/table><\/div><style type='text\/css'><\/style><br \/>\n<div class='avia-data-table-wrap avia_responsive_table'><table class='avia-table avia-data-table avia-table-5  avia_pricing_default'  itemscope=\"itemscope\" itemtype=\"https:\/\/schema.org\/Table\" ><tbody><tr class='avia-heading-row'><th class=''>Criterios de selecci\u00f3n de alumnos<\/th><\/tr><tr class=''><td class=''>&#8211; Inscribirse y atender al taller<br \/>\n&#8211; Disposici\u00f3n para aprender<br \/>\n&#8211; Tener entre 9 y 11 a\u00f1os<br \/>\n&#8211; Que tengan inter\u00e9s o acercamiento al tema textil o bordado, pero no necesitan tener conocimiento previo<br \/>\n&#8211; Es importante que sepan que no habr\u00e1 un estudio de las figuras geom\u00e9tricas, se usar\u00e1n s\u00f3lo de referencia para la creaci\u00f3n y observaci\u00f3n.<br \/>\n<\/td><\/tr><\/tbody><\/table><\/div><style type='text\/css'>.avia-table-5 td:nth-of-type(1):before { content: 'Criterios de selecci\u00f3n de alumnos'; } <\/style><br \/>\n<div class='avia-data-table-wrap avia_responsive_table'><table class='avia-table avia-data-table avia-table-6  avia_pricing_default'  itemscope=\"itemscope\" itemtype=\"https:\/\/schema.org\/Table\" ><tbody><tr class='avia-heading-row'><th class=''>Material que se le solicitar\u00e1 al alumno(a)<\/th><\/tr><tr class=''><td class=''>&#8211; Aro para bordar no mayor a 20 cm (Puede ser m\u00e1s chico, de madera o pl\u00e1stico)<br \/>\n&#8211; Hilos de los que tengan (no necesitan comprar)<br \/>\n&#8211; Tela para la elaboraci\u00f3n de libro textil<br \/>\n<\/td><\/tr><\/tbody><\/table><\/div><style type='text\/css'>.avia-table-6 td:nth-of-type(1):before { content: 'Material que se le solicitar\u00e1 al alumno(a)'; } <\/style><br \/>\n<div class='avia-data-table-wrap avia_responsive_table'><table class='avia-table avia-data-table avia-table-7  avia_pricing_default'  itemscope=\"itemscope\" itemtype=\"https:\/\/schema.org\/Table\" ><tbody><tr class='avia-heading-row'><th class=''>Nota para los seleccionados<\/th><\/tr><tr class=''><td class=''>&#8211; Clases presenciales en (Sal\u00f3n 2) del CaSa<br \/>\n&#8211; Se dejar\u00e1n ejercicios espec\u00edficos a cada estudiante, es fundamental realizarlos para continuar con la siguiente clase.<br \/>\n&#8211; Tener el compromiso y el tiempo para llevar a cabo el taller, ya que las inasistencias injustificadas ser\u00e1n motivo de suspensi\u00f3n y no podr\u00e1 ingresar a talleres futuros.<br \/>\n&#8211; Durante el taller nos estaremos comunicando por medio de mensajes en un grupo de WhatsApp, por ser una herramienta m\u00e1s r\u00e1pida para poder tener una mejor comunicaci\u00f3n con lo que respecta al taller.<br \/>\n<\/td><\/tr><\/tbody><\/table><\/div><style type='text\/css'>.avia-table-7 td:nth-of-type(1):before { content: 'Nota para los seleccionados'; } <\/style><br \/>\n<div id='av-masonry-1' class='av-masonry noHover av-fixed-size av-large-gap av-hover-overlay-active av-masonry-col-flexible av-caption-always av-caption-style- av-masonry-gallery  '  ><div class='av-masonry-container isotope av-js-disabled ' ><div class='av-masonry-entry isotope-item av-masonry-item-no-image '><\/div><a href=\"https:\/\/casa.oaxaca.gob.mx\/wp-content\/uploads\/2025\/06\/Ala-de-mariposa.jpg\" id='av-masonry-1-item-16161' data-av-masonry-item='16161' class='av-masonry-entry isotope-item post-16161 attachment type-attachment status-inherit hentry  av-masonry-item-with-image' title=\"\"  itemprop=\"thumbnailUrl\" ><div class='av-inner-masonry-sizer'><\/div><figure class='av-inner-masonry main_color'><div class=\"av-masonry-outerimage-container\"><div class=\"av-masonry-image-container\" style=\"background-image: url(https:\/\/casa.oaxaca.gob.mx\/wp-content\/uploads\/2025\/06\/Ala-de-mariposa-529x705.jpg);\"><img decoding=\"async\" src=\"https:\/\/casa.oaxaca.gob.mx\/wp-content\/uploads\/2025\/06\/Ala-de-mariposa-529x705.jpg\" title=\"Ala de mariposa\" alt=\"\" \/><\/div><\/div><\/figure><\/a><!--end av-masonry entry--><a href=\"https:\/\/casa.oaxaca.gob.mx\/wp-content\/uploads\/2025\/06\/anil-con-bordado.jpg\" id='av-masonry-1-item-16162' data-av-masonry-item='16162' class='av-masonry-entry isotope-item post-16162 attachment type-attachment status-inherit hentry  av-masonry-item-with-image' title=\"\"  itemprop=\"thumbnailUrl\" ><div class='av-inner-masonry-sizer'><\/div><figure class='av-inner-masonry main_color'><div class=\"av-masonry-outerimage-container\"><div class=\"av-masonry-image-container\" style=\"background-image: url(https:\/\/casa.oaxaca.gob.mx\/wp-content\/uploads\/2025\/06\/anil-con-bordado-705x529.jpg);\"><img decoding=\"async\" src=\"https:\/\/casa.oaxaca.gob.mx\/wp-content\/uploads\/2025\/06\/anil-con-bordado-705x529.jpg\" title=\"a\u00f1il con bordado\" alt=\"\" \/><\/div><\/div><\/figure><\/a><!--end av-masonry entry--><a href=\"https:\/\/casa.oaxaca.gob.mx\/wp-content\/uploads\/2025\/06\/cuadrado-1010x1030.jpeg\" id='av-masonry-1-item-16163' data-av-masonry-item='16163' class='av-masonry-entry isotope-item post-16163 attachment type-attachment status-inherit hentry  av-masonry-item-with-image' title=\"\"  itemprop=\"thumbnailUrl\" ><div class='av-inner-masonry-sizer'><\/div><figure class='av-inner-masonry main_color'><div class=\"av-masonry-outerimage-container\"><div class=\"av-masonry-image-container\" style=\"background-image: url(https:\/\/casa.oaxaca.gob.mx\/wp-content\/uploads\/2025\/06\/cuadrado-691x705.jpeg);\"><img decoding=\"async\" src=\"https:\/\/casa.oaxaca.gob.mx\/wp-content\/uploads\/2025\/06\/cuadrado-691x705.jpeg\" title=\"cuadrado\" alt=\"\" \/><\/div><\/div><\/figure><\/a><!--end av-masonry entry--><a href=\"https:\/\/casa.oaxaca.gob.mx\/wp-content\/uploads\/2025\/06\/Geometria-y-bordado-1030x968.jpeg\" id='av-masonry-1-item-16164' data-av-masonry-item='16164' class='av-masonry-entry isotope-item post-16164 attachment type-attachment status-inherit hentry  av-masonry-item-with-image' title=\"\"  itemprop=\"thumbnailUrl\" ><div class='av-inner-masonry-sizer'><\/div><figure class='av-inner-masonry main_color'><div class=\"av-masonry-outerimage-container\"><div class=\"av-masonry-image-container\" style=\"background-image: url(https:\/\/casa.oaxaca.gob.mx\/wp-content\/uploads\/2025\/06\/Geometria-y-bordado-705x663.jpeg);\"><img decoding=\"async\" src=\"https:\/\/casa.oaxaca.gob.mx\/wp-content\/uploads\/2025\/06\/Geometria-y-bordado-705x663.jpeg\" title=\"Geometr\u00eda y bordado\" alt=\"\" \/><\/div><\/div><\/figure><\/a><!--end av-masonry entry--><\/div><\/div><\/p><\/div>\n","protected":false},"excerpt":{"rendered":"","protected":false},"author":1,"featured_media":16159,"comment_status":"open","ping_status":"open","sticky":false,"template":"","format":"standard","meta":{"_exactmetrics_skip_tracking":false,"_exactmetrics_sitenote_active":false,"_exactmetrics_sitenote_note":"","_exactmetrics_sitenote_category":0,"footnotes":""},"categories":[204],"tags":[],"class_list":["post-16160","post","type-post","status-publish","format-standard","has-post-thumbnail","hentry","category-204"],"_links":{"self":[{"href":"https:\/\/casa.oaxaca.gob.mx\/index.php?rest_route=\/wp\/v2\/posts\/16160","targetHints":{"allow":["GET"]}}],"collection":[{"href":"https:\/\/casa.oaxaca.gob.mx\/index.php?rest_route=\/wp\/v2\/posts"}],"about":[{"href":"https:\/\/casa.oaxaca.gob.mx\/index.php?rest_route=\/wp\/v2\/types\/post"}],"author":[{"embeddable":true,"href":"https:\/\/casa.oaxaca.gob.mx\/index.php?rest_route=\/wp\/v2\/users\/1"}],"replies":[{"embeddable":true,"href":"https:\/\/casa.oaxaca.gob.mx\/index.php?rest_route=%2Fwp%2Fv2%2Fcomments&post=16160"}],"version-history":[{"count":3,"href":"https:\/\/casa.oaxaca.gob.mx\/index.php?rest_route=\/wp\/v2\/posts\/16160\/revisions"}],"predecessor-version":[{"id":16625,"href":"https:\/\/casa.oaxaca.gob.mx\/index.php?rest_route=\/wp\/v2\/posts\/16160\/revisions\/16625"}],"wp:featuredmedia":[{"embeddable":true,"href":"https:\/\/casa.oaxaca.gob.mx\/index.php?rest_route=\/wp\/v2\/media\/16159"}],"wp:attachment":[{"href":"https:\/\/casa.oaxaca.gob.mx\/index.php?rest_route=%2Fwp%2Fv2%2Fmedia&parent=16160"}],"wp:term":[{"taxonomy":"category","embeddable":true,"href":"https:\/\/casa.oaxaca.gob.mx\/index.php?rest_route=%2Fwp%2Fv2%2Fcategories&post=16160"},{"taxonomy":"post_tag","embeddable":true,"href":"https:\/\/casa.oaxaca.gob.mx\/index.php?rest_route=%2Fwp%2Fv2%2Ftags&post=16160"}],"curies":[{"name":"wp","href":"https:\/\/api.w.org\/{rel}","templated":true}]}}