{"id":16187,"date":"2025-06-18T15:53:47","date_gmt":"2025-06-18T21:53:47","guid":{"rendered":"https:\/\/casa.oaxaca.gob.mx\/?p=16187"},"modified":"2026-01-22T13:53:09","modified_gmt":"2026-01-22T19:53:09","slug":"taller-presencial-ensayo-visual-retratando-lo-cotidiano-imparte-luvia-lazo","status":"publish","type":"post","link":"https:\/\/casa.oaxaca.gob.mx\/?p=16187","title":{"rendered":"Taller presencial. Ensayo visual: retratando lo cotidiano. Imparte: Luvia Lazo."},"content":{"rendered":"<\/div><\/div><\/div><!-- close content main div --><\/div><\/div><div id='av_section_1' class='avia-section main_color avia-section-no-padding avia-no-border-styling avia-full-stretch av-parallax-section avia-bg-style-parallax  av-minimum-height av-minimum-height-75 container_wrap fullsize'  data-section-bg-repeat='stretch' ><div class='av-parallax' data-avia-parallax-ratio='0.3' ><div class='av-parallax-inner main_color  avia-full-stretch' style = 'background-repeat: no-repeat; background-image: url(https:\/\/casa.oaxaca.gob.mx\/wp-content\/uploads\/2025\/06\/RETRATANDOLOCOTIDIANO-scaled.jpg); background-attachment: scroll; background-position: bottom center; ' ><\/div><\/div><div class='container' ><div class='template-page content  av-content-full alpha units'><div class='post-entry post-entry-type-page post-entry-16187'><div class='entry-content-wrapper clearfix'>\n<div style='padding-bottom:10px;color:#ffffff;font-size:50px;' class='av-special-heading av-special-heading-h3 custom-color-heading blockquote modern-quote  av-inherit-size'><h3 class='av-special-heading-tag'  itemprop=\"headline\"  >Taller presencial.Ensayo visual: retratando lo cotidiano.<\/h3><div class ='av-subheading av-subheading_below av_custom_color' style='font-size:25px;'><p>Imparte: Luvia Lazo<\/p>\n<\/div><div class='special-heading-border'><div class='special-heading-inner-border' style='border-color:#ffffff'><\/div><\/div><\/div>\n\n<\/div><\/div><\/div><!-- close content main div --><\/div><\/div><div id='av-layout-grid-1' class='av-layout-grid-container entry-content-wrapper main_color av-flex-cells  container_wrap fullsize'   >\n<div class=\"flex_cell no_margin av_one_full   \" style='vertical-align:top; padding:30px; background-color:#ED9600; '><div class='flex_cell_inner' ><p><div class=\"flex_column av_one_fourth  flex_column_div av-zero-column-padding first  \" style='border-radius:0px; '><div style='padding-bottom:10px;color:#ffffff;' class='av-special-heading av-special-heading-h3 custom-color-heading blockquote modern-quote '><h3 class='av-special-heading-tag'  itemprop=\"headline\"  >Cierre de inscripciones<\/h3><div class ='av-subheading av-subheading_below av_custom_color' style='font-size:20px;'><p>Domingo 13 de julio de 2025<\/p>\n<p>Publicaci\u00f3n de resultados<br \/>\nMi\u00e9rcoles 16 de julio de 2025<\/p>\n<\/div><div class='special-heading-border'><div class='special-heading-inner-border' style='border-color:#ffffff'><\/div><\/div><\/div><\/div><div class=\"flex_column av_one_fourth  flex_column_div av-zero-column-padding   \" style='border-radius:0px; '><div style='padding-bottom:10px;color:#ffffff;' class='av-special-heading av-special-heading-h3 custom-color-heading blockquote modern-quote '><h3 class='av-special-heading-tag'  itemprop=\"headline\"  >Fechas<\/h3><div class ='av-subheading av-subheading_below av_custom_color' style='font-size:20px;'><p>Lunes a viernes<br \/>\nDel 21 al 25 de julio de 2025<\/p>\n<\/div><div class='special-heading-border'><div class='special-heading-inner-border' style='border-color:#ffffff'><\/div><\/div><\/div><\/div><div class=\"flex_column av_one_fourth  flex_column_div av-zero-column-padding   \" style='border-radius:0px; '><div style='padding-bottom:10px;color:#ffffff;' class='av-special-heading av-special-heading-h3 custom-color-heading blockquote modern-quote '><h3 class='av-special-heading-tag'  itemprop=\"headline\"  >Horario<\/h3><div class ='av-subheading av-subheading_below av_custom_color' style='font-size:20px;'><p>De 10 a 14 horas<\/p>\n<\/div><div class='special-heading-border'><div class='special-heading-inner-border' style='border-color:#ffffff'><\/div><\/div><\/div><\/div><div class=\"flex_column av_one_fourth  flex_column_div av-zero-column-padding   \" style='border-radius:0px; '><section class=\"avia_codeblock_section avia_code_block_0\"  itemscope=\"itemscope\" itemtype=\"https:\/\/schema.org\/BlogPosting\" itemprop=\"blogPost\" ><div class='avia_codeblock '  itemprop=\"text\" > [avia_codeblock_placeholder uid=\"0\"] <\/div><\/section><\/div><\/p>\n<\/div><\/div>\n<\/div>\n<div class=\"flex_column av_two_fifth  flex_column_div av-zero-column-padding first  \" style='border-radius:0px; '><p><div class='av-social-sharing-box '><div class='av-share-box'><h5 class='av-share-link-description'>Compartir esta actividad<\/h5><ul class='av-share-box-list noLightbox'><li class='av-share-link av-social-link-facebook' ><a target='_blank' href='http:\/\/www.facebook.com\/sharer.php?u=https:\/\/casa.oaxaca.gob.mx\/?p=16187&amp;t=Taller%20presencial.%20Ensayo%20visual%3A%20retratando%20lo%20cotidiano.%20Imparte%3A%20Luvia%20Lazo.' aria-hidden='true' data-av_icon='\ue8f3' data-av_iconfont='entypo-fontello' title='' data-avia-related-tooltip='Share on Facebook'><span class='avia_hidden_link_text'>Share on Facebook<\/span><\/a><\/li><li class='av-share-link av-social-link-twitter' ><a target='_blank' href='https:\/\/twitter.com\/share?text=Taller%20presencial.%20Ensayo%20visual%3A%20retratando%20lo%20cotidiano.%20Imparte%3A%20Luvia%20Lazo.&url=https:\/\/casa.oaxaca.gob.mx\/?p=16187' aria-hidden='true' data-av_icon='\ue8f1' data-av_iconfont='entypo-fontello' title='' data-avia-related-tooltip='Share on Twitter'><span class='avia_hidden_link_text'>Share on Twitter<\/span><\/a><\/li><li class='av-share-link av-social-link-gplus' ><a target='_blank' href='https:\/\/plus.google.com\/share?url=https:\/\/casa.oaxaca.gob.mx\/?p=16187' aria-hidden='true' data-av_icon='\ue8f6' data-av_iconfont='entypo-fontello' title='' data-avia-related-tooltip='Share on Google+'><span class='avia_hidden_link_text'>Share on Google+<\/span><\/a><\/li><li class='av-share-link av-social-link-pinterest' ><a target='_blank' href='http:\/\/pinterest.com\/pin\/create\/button\/?url=https%3A%2F%2Fcasa.oaxaca.gob.mx%2F%3Fp%3D16187&amp;description=Taller%20presencial.%20Ensayo%20visual%3A%20retratando%20lo%20cotidiano.%20Imparte%3A%20Luvia%20Lazo.&amp;media=https%3A%2F%2Fcasa.oaxaca.gob.mx%2Fwp-content%2Fuploads%2F2025%2F06%2Fc-RETRATANDOLOCOTIDIANO-705x484.jpg' aria-hidden='true' data-av_icon='\ue8f8' data-av_iconfont='entypo-fontello' title='' data-avia-related-tooltip='Share on Pinterest'><span class='avia_hidden_link_text'>Share on Pinterest<\/span><\/a><\/li><li class='av-share-link av-social-link-mail' ><a  href='mailto:?subject=Taller%20presencial.%20Ensayo%20visual%3A%20retratando%20lo%20cotidiano.%20Imparte%3A%20Luvia%20Lazo.&amp;body=https:\/\/casa.oaxaca.gob.mx\/?p=16187' aria-hidden='true' data-av_icon='\ue805' data-av_iconfont='entypo-fontello' title='' data-avia-related-tooltip='Share by Mail'><span class='avia_hidden_link_text'>Share by Mail<\/span><\/a><\/li><\/ul><\/div><\/div><br \/>\n<div  class='hr hr-default '><span class='hr-inner ' ><span class='hr-inner-style'><\/span><\/span><\/div><br \/>\n<div style='padding-bottom:10px;font-size:30px;' class='av-special-heading av-special-heading-h3  blockquote modern-quote   av-inherit-size'><h3 class='av-special-heading-tag'  itemprop=\"headline\"  >Sobre la tallerista<\/h3><div class='special-heading-border'><div class='special-heading-inner-border' ><\/div><\/div><\/div><br \/>\n<div class='avia-data-table-wrap avia_responsive_table'><table class='avia-table avia-data-table avia-table-1  avia_pricing_default'  itemscope=\"itemscope\" itemtype=\"https:\/\/schema.org\/Table\" ><tbody><tr class='avia-heading-row'><th class=''>Luvia Lazo<\/th><\/tr><tr class=''><td class=''>Luvia Lazo (Teotitl\u00e1n del Valle, Oaxaca, 1990) es una fot\u00f3grafa que con su obra reflexiona sobre el tiempo y las consecuencias de su paso. Entre sus inquietudes se encuentran: la vejez, la muerte, el luto, los rituales inconscientes de la vida diaria y nuestra relaci\u00f3n simb\u00f3lica con las flores. Sin dejar de lado su particularidad como mujer zapoteca del siglo XXI, sus fotograf\u00edas representan preguntas sobre las preocupaciones universales que configuran nuestro paso por la Tierra. En sus propias palabras: \u201clas posibilidades de las personas como humanos, m\u00e1s all\u00e1 de su origen\u201d.<\/p>\n<p>Lazo ha recibido los premios Leica Women Foto Project Award (2024) e Indigenous Photograph (Photoville Festival 2021, Nueva York). En 2020 fue beneficiaria de la beca J\u00f3venes Creadores (Fondo Nacional para la Cultura y las Artes). Su trabajo ha formado parte de exposiciones colectivas e individuales en el Colegio de San Ildefonso, el Trout Museum of Art, Ca la Dona y Centro de la Imagen. Actualmente forma parte de la Vertiente de Residencias Art\u00edsticas de la Secretar\u00eda de Cultura (Nueva York, 2025).<br \/>\n<\/td><\/tr><\/tbody><\/table><\/div><style type='text\/css'>.avia-table-1 td:nth-of-type(1):before { content: 'Luvia Lazo'; } <\/style><\/p><\/div>\n<div class=\"flex_column av_three_fifth  flex_column_div av-zero-column-padding   \" style='border-radius:0px; '><p><div style='padding-bottom:10px;font-size:30px;' class='av-special-heading av-special-heading-h3  blockquote modern-quote   av-inherit-size'><h3 class='av-special-heading-tag'  itemprop=\"headline\"  >Acerca del taller<\/h3><div class='special-heading-border'><div class='special-heading-inner-border' ><\/div><\/div><\/div><br \/>\n<div class='avia-data-table-wrap avia_responsive_table'><table class='avia-table avia-data-table avia-table-2  avia_pricing_default'  itemscope=\"itemscope\" itemtype=\"https:\/\/schema.org\/Table\" ><tbody><tr class='avia-heading-row'><th class=''>LISTA DE SELECCIONADOS<\/th><\/tr><tr class=''><td class=''>Brenda Nayeli Fernando Garc\u00eda<\/p>\n<p>Omar P\u00e9rez Sanju\u00e1n<\/p>\n<p>Lillyan Arely P\u00e9rez Alvarado<\/p>\n<p>Zereh Guti\u00e9rrez R\u00edos<\/p>\n<p>Concepci\u00f3n V\u00e1squez Mart\u00ednez<\/p>\n<p>Cesar Coyotla S\u00e1nchez<\/p>\n<p>Jacqueline Victoria Moreno<\/p>\n<p>Mariana Andr\u00e9s Garc\u00eda<\/p>\n<p>Adilene Aldonsa Santiago Soriano<\/p>\n<p>H\u00e9ctor Cervantes Garc\u00eda<\/p>\n<p>Karla Abril Pacheco Triste<\/p>\n<p>Tania de Lourdes Fern\u00e1ndez Rodr\u00edguez Blancas<\/p>\n<p>Coral del Rosario Hern\u00e1ndez Mat\u00edas<\/p>\n<p>Didier Jacinto S\u00e1nchez S\u00e1nchez<\/p>\n<p>Metztli Hern\u00e1ndez Jim\u00e9nez<\/p>\n<p>Daniela Rivera Mar\u00edn<\/p>\n<p>Jonathan Gilbert Ruiz Olmos<\/p>\n<p>Leslie Nao-mi Chew Rivera<\/p>\n<p>Nora Sof\u00eda Gonz\u00e1lez Galindo<\/td><\/tr><\/tbody><\/table><\/div><style type='text\/css'>.avia-table-2 td:nth-of-type(1):before { content: 'LISTA DE SELECCIONADOS'; } <\/style><br \/>\n<div class='avia-data-table-wrap avia_responsive_table'><table class='avia-table avia-data-table avia-table-3  avia_pricing_default'  itemscope=\"itemscope\" itemtype=\"https:\/\/schema.org\/Table\" ><tbody><tr class='avia-heading-row'><th class=''>Descripci\u00f3n general<\/th><\/tr><tr class=''><td class=''>\u201cEnsayo visual: retratando lo cotidiano\u201d es un taller intensivo de 5 d\u00edas que invita a explorar la fotograf\u00eda como herramienta narrativa desde lo \u00edntimo y lo local. A trav\u00e9s de referencias, ejercicios pr\u00e1cticos y di\u00e1logo colectivo, se guiar\u00e1 a los participantes en el proceso de observar, acotar y desarrollar una idea visual propia, con herramientas para construir un cuerpo de obra y consejos para iniciar procesos para aplicar a apoyos o becas.<br \/>\n<\/td><\/tr><tr class='avia-heading-row'><th class=''>Objetivo general<\/th><\/tr><tr class=''><td class=''>Explorar la fotograf\u00eda como herramienta narrativa para desarrollar un proyecto visual propio a partir de lo cotidiano, lo \u00edntimo y lo local, mediante referentes te\u00f3ricos, ejercicios pr\u00e1cticos y di\u00e1logo colectivo.<br \/>\n<\/td><\/tr><tr class='avia-heading-row'><th class=''>Objetivos espec\u00edficos<\/th><\/tr><tr class=''><td class=''>&#8211; Analizar proyectos inspiradores y explorar la relaci\u00f3n entre territorio, identidad y mirada propia.<br \/>\n&#8211; Enmarcar el prop\u00f3sito del taller, activar la mirada cr\u00edtica, y comenzar a observar lo cotidiano con intenci\u00f3n.<br \/>\n&#8211; Comenzar a construir una estructura narrativa a partir de una intuici\u00f3n o una imagen.<br \/>\n&#8211; Revisar herramientas de producci\u00f3n y conceptualizaci\u00f3n.<br \/>\n&#8211; Fortalecer el sentido de comunidad y compartir procesos<br \/>\n<\/td><\/tr><tr class='avia-heading-row'><th class=''>Temas<\/th><\/tr><tr class=''><td class=''>I. Mirar lo cotidiano desde otra perspectiva<br \/>\nI.I Introducci\u00f3n al ensayo visual<br \/>\nI.II Referencias clave y proyectos de largo aliento<br \/>\nI.III Activaci\u00f3n de la mirada personal<\/p>\n<p>II. Territorio, identidad y referencias<br \/>\nII.I Narrativas desde lugares de origen<br \/>\nII.II An\u00e1lisis de proyectos inspiradores<br \/>\nII.III Ejercicios para identificar intereses y temas propios<\/p>\n<p>III. De la intuici\u00f3n al proyecto<br \/>\nIII.I C\u00f3mo comenzar y acotar una idea<br \/>\nIII.II Estructura b\u00e1sica de un ensayo visual<br \/>\nIII.III Primeros bocetos o intenciones de proyecto<\/p>\n<p>IV. Herramientas para profundizar<br \/>\nIV.I Estrategias de desarrollo de proyectos<br \/>\nIV.II Tips para aplicar a apoyos, becas y residencias<br \/>\nIV.III Redacci\u00f3n de propuestas breves<\/p>\n<p>V. Compartir y proyectar<br \/>\nV.I Presentaci\u00f3n de ideas o avances<br \/>\nV.II Retroalimentaci\u00f3n colectiva<br \/>\nV.III Recursos y consejos finales<br \/>\n<\/td><\/tr><\/tbody><\/table><\/div><style type='text\/css'>.avia-table-3 td:nth-of-type(1):before { content: 'Descripci\u00f3n general'; } <\/style><br \/>\n<div style='padding-bottom:10px;font-size:30px;' class='av-special-heading av-special-heading-h3  blockquote modern-quote   av-inherit-size'><h3 class='av-special-heading-tag'  itemprop=\"headline\"  >Requisitos de inscripci\u00f3n<\/h3><div class='special-heading-border'><div class='special-heading-inner-border' ><\/div><\/div><\/div><br \/>\n<div class='avia-data-table-wrap avia_responsive_table'><table class='avia-table avia-data-table avia-table-4  avia_pricing_default'  itemscope=\"itemscope\" itemtype=\"https:\/\/schema.org\/Table\" ><tbody><tr class='avia-heading-row'><th class=''>&#8211; J\u00f3venes mayores de 18 a\u00f1os, personas interesadas en la fotograf\u00eda como medio de expresi\u00f3n personal y narrativa, con o sin experiencia previa. Est\u00e1 especialmente pensado para fot\u00f3grafos emergentes, estudiantes de arte, creadores visuales y cualquier persona que desee profundizar en la observaci\u00f3n de su entorno cotidiano y transformarlo en un ensayo visual con intenci\u00f3n autoral. <\/th><\/tr><tr class=''><td class=''>&#8211; Si tienes inter\u00e9s deber\u00e1s llenar el formulario con los datos completos que se encuentra en esta p\u00e1gina.<br \/>\n&#8211; La lista de seleccionados se publicar\u00e1 en esta p\u00e1gina, tambi\u00e9n se les notificar\u00e1 v\u00eda correo electr\u00f3nico con los detalles de la actividad.<br \/>\n&#8211; Actividad gratuita.<br \/>\n&#8211; Los talleristas ser\u00e1n los responsables de realizar la selecci\u00f3n de alumnos bajo sus criterios.<br \/>\n<\/td><\/tr><\/tbody><\/table><\/div><style type='text\/css'>.avia-table-4 td:nth-of-type(1):before { content: '\u2013 J\u00f3venes mayores de 18 a\u00f1os, personas interesadas en la fotograf\u00eda como medio de expresi\u00f3n personal y narrativa, con o sin experiencia previa. Est\u00e1 especialmente pensado para fot\u00f3grafos emergentes, estudiantes de arte, creadores visuales y cualquier persona que desee profundizar en la observaci\u00f3n de su entorno cotidiano y transformarlo en un ensayo visual con intenci\u00f3n autoral. '; } <\/style><br \/>\n<div class='avia-data-table-wrap avia_responsive_table'><table class='avia-table avia-data-table avia-table-5  avia_pricing_default'  itemscope=\"itemscope\" itemtype=\"https:\/\/schema.org\/Table\" ><tbody><tr class='avia-heading-row'><th class=''>Material que se le solicitar\u00e1 al alumno(a)<\/th><\/tr><tr class=''><td class=''>&#8211; Libreta,<br \/>\n&#8211; Computadora de ser posible,<br \/>\n&#8211; C\u00e1mara fotogr\u00e1fica o celular<br \/>\n<\/td><\/tr><\/tbody><\/table><\/div><style type='text\/css'>.avia-table-5 td:nth-of-type(1):before { content: 'Material que se le solicitar\u00e1 al alumno(a)'; } <\/style><br \/>\n<div class='avia-data-table-wrap avia_responsive_table'><table class='avia-table avia-data-table avia-table-6  avia_pricing_default'  itemscope=\"itemscope\" itemtype=\"https:\/\/schema.org\/Table\" ><tbody><tr class='avia-heading-row'><th class=''>Criterios de selecci\u00f3n de alumnos<\/th><\/tr><tr class=''><td class=''>&#8211; J\u00f3venes mayores de 18 a\u00f1os<br \/>\n&#8211; Personas con conocimientos b\u00e1sicos de fotograf\u00eda que tengan inter\u00e9s en desarrollar un proyecto visual de mediano o largo aliento.<br \/>\n&#8211; De 15 a 20 seleccionados<br \/>\n<\/td><\/tr><\/tbody><\/table><\/div><style type='text\/css'>.avia-table-6 td:nth-of-type(1):before { content: 'Criterios de selecci\u00f3n de alumnos'; } <\/style><br \/>\n<div class='avia-data-table-wrap avia_responsive_table'><table class='avia-table avia-data-table avia-table-7  avia_pricing_default'  itemscope=\"itemscope\" itemtype=\"https:\/\/schema.org\/Table\" ><tbody><tr class='avia-heading-row'><th class=''>Nota para los seleccionados<\/th><\/tr><tr class=''><td class=''>&#8211; Clases presenciales en (Tele aula) del CaSa<br \/>\n&#8211; Se dejar\u00e1n ejercicios espec\u00edficos a cada estudiante, es fundamental realizarlos para continuar con la siguiente clase.<br \/>\n&#8211; Tener el compromiso y el tiempo para llevar a cabo el taller, ya que las inasistencias injustificadas ser\u00e1n motivo de suspensi\u00f3n y no podr\u00e1 ingresar a talleres futuros.<br \/>\n&#8211; Durante el taller nos estaremos comunicando por medio de mensajes en un grupo de WhatsApp, por ser una herramienta m\u00e1s r\u00e1pida para poder tener una mejor comunicaci\u00f3n con lo que respecta al taller.<br \/>\n<\/td><\/tr><\/tbody><\/table><\/div><style type='text\/css'>.avia-table-7 td:nth-of-type(1):before { content: 'Nota para los seleccionados'; } <\/style><br \/>\n<div id='av-masonry-1' class='av-masonry noHover av-fixed-size av-large-gap av-hover-overlay-active av-masonry-col-flexible av-caption-always av-caption-style- av-masonry-gallery  '  ><div class='av-masonry-container isotope av-js-disabled ' ><div class='av-masonry-entry isotope-item av-masonry-item-no-image '><\/div><a href=\"https:\/\/casa.oaxaca.gob.mx\/wp-content\/uploads\/2025\/06\/L1000999_1-685x1030.jpg\" id='av-masonry-1-item-16193' data-av-masonry-item='16193' class='av-masonry-entry isotope-item post-16193 attachment type-attachment status-inherit hentry  av-masonry-item-with-image' title=\"\"  itemprop=\"thumbnailUrl\" ><div class='av-inner-masonry-sizer'><\/div><figure class='av-inner-masonry main_color'><div class=\"av-masonry-outerimage-container\"><div class=\"av-masonry-image-container\" style=\"background-image: url(https:\/\/casa.oaxaca.gob.mx\/wp-content\/uploads\/2025\/06\/L1000999_1-469x705.jpg);\"><img decoding=\"async\" src=\"https:\/\/casa.oaxaca.gob.mx\/wp-content\/uploads\/2025\/06\/L1000999_1-469x705.jpg\" title=\"L1000999_1\" alt=\"\" \/><\/div><\/div><\/figure><\/a><!--end av-masonry entry--><a href=\"https:\/\/casa.oaxaca.gob.mx\/wp-content\/uploads\/2025\/06\/DSF7923-687x1030.jpg\" id='av-masonry-1-item-16194' data-av-masonry-item='16194' class='av-masonry-entry isotope-item post-16194 attachment type-attachment status-inherit hentry  av-masonry-item-with-image' title=\"\"  itemprop=\"thumbnailUrl\" ><div class='av-inner-masonry-sizer'><\/div><figure class='av-inner-masonry main_color'><div class=\"av-masonry-outerimage-container\"><div class=\"av-masonry-image-container\" style=\"background-image: url(https:\/\/casa.oaxaca.gob.mx\/wp-content\/uploads\/2025\/06\/DSF7923-470x705.jpg);\"><img decoding=\"async\" src=\"https:\/\/casa.oaxaca.gob.mx\/wp-content\/uploads\/2025\/06\/DSF7923-470x705.jpg\" title=\"_DSF7923\" alt=\"\" \/><\/div><\/div><\/figure><\/a><!--end av-masonry entry--><a href=\"https:\/\/casa.oaxaca.gob.mx\/wp-content\/uploads\/2025\/06\/15-1030x687.jpg\" id='av-masonry-1-item-16195' data-av-masonry-item='16195' class='av-masonry-entry isotope-item post-16195 attachment type-attachment status-inherit hentry  av-masonry-item-with-image' title=\"\"  itemprop=\"thumbnailUrl\" ><div class='av-inner-masonry-sizer'><\/div><figure class='av-inner-masonry main_color'><div class=\"av-masonry-outerimage-container\"><div class=\"av-masonry-image-container\" style=\"background-image: url(https:\/\/casa.oaxaca.gob.mx\/wp-content\/uploads\/2025\/06\/15-705x470.jpg);\"><img decoding=\"async\" src=\"https:\/\/casa.oaxaca.gob.mx\/wp-content\/uploads\/2025\/06\/15-705x470.jpg\" title=\"15\" alt=\"\" \/><\/div><\/div><\/figure><\/a><!--end av-masonry entry--><a href=\"https:\/\/casa.oaxaca.gob.mx\/wp-content\/uploads\/2025\/06\/L1000719-1030x685.jpg\" id='av-masonry-1-item-16196' data-av-masonry-item='16196' class='av-masonry-entry isotope-item post-16196 attachment type-attachment status-inherit hentry  av-masonry-item-with-image' title=\"\"  itemprop=\"thumbnailUrl\" ><div class='av-inner-masonry-sizer'><\/div><figure class='av-inner-masonry main_color'><div class=\"av-masonry-outerimage-container\"><div class=\"av-masonry-image-container\" style=\"background-image: url(https:\/\/casa.oaxaca.gob.mx\/wp-content\/uploads\/2025\/06\/L1000719-705x469.jpg);\"><img decoding=\"async\" src=\"https:\/\/casa.oaxaca.gob.mx\/wp-content\/uploads\/2025\/06\/L1000719-705x469.jpg\" title=\"L1000719\" alt=\"\" \/><\/div><\/div><\/figure><\/a><!--end av-masonry entry--><\/div><\/div><\/p><\/div>\n","protected":false},"excerpt":{"rendered":"","protected":false},"author":1,"featured_media":16189,"comment_status":"open","ping_status":"open","sticky":false,"template":"","format":"standard","meta":{"_exactmetrics_skip_tracking":false,"_exactmetrics_sitenote_active":false,"_exactmetrics_sitenote_note":"","_exactmetrics_sitenote_category":0,"footnotes":""},"categories":[204],"tags":[],"class_list":["post-16187","post","type-post","status-publish","format-standard","has-post-thumbnail","hentry","category-204"],"_links":{"self":[{"href":"https:\/\/casa.oaxaca.gob.mx\/index.php?rest_route=\/wp\/v2\/posts\/16187","targetHints":{"allow":["GET"]}}],"collection":[{"href":"https:\/\/casa.oaxaca.gob.mx\/index.php?rest_route=\/wp\/v2\/posts"}],"about":[{"href":"https:\/\/casa.oaxaca.gob.mx\/index.php?rest_route=\/wp\/v2\/types\/post"}],"author":[{"embeddable":true,"href":"https:\/\/casa.oaxaca.gob.mx\/index.php?rest_route=\/wp\/v2\/users\/1"}],"replies":[{"embeddable":true,"href":"https:\/\/casa.oaxaca.gob.mx\/index.php?rest_route=%2Fwp%2Fv2%2Fcomments&post=16187"}],"version-history":[{"count":3,"href":"https:\/\/casa.oaxaca.gob.mx\/index.php?rest_route=\/wp\/v2\/posts\/16187\/revisions"}],"predecessor-version":[{"id":16506,"href":"https:\/\/casa.oaxaca.gob.mx\/index.php?rest_route=\/wp\/v2\/posts\/16187\/revisions\/16506"}],"wp:featuredmedia":[{"embeddable":true,"href":"https:\/\/casa.oaxaca.gob.mx\/index.php?rest_route=\/wp\/v2\/media\/16189"}],"wp:attachment":[{"href":"https:\/\/casa.oaxaca.gob.mx\/index.php?rest_route=%2Fwp%2Fv2%2Fmedia&parent=16187"}],"wp:term":[{"taxonomy":"category","embeddable":true,"href":"https:\/\/casa.oaxaca.gob.mx\/index.php?rest_route=%2Fwp%2Fv2%2Fcategories&post=16187"},{"taxonomy":"post_tag","embeddable":true,"href":"https:\/\/casa.oaxaca.gob.mx\/index.php?rest_route=%2Fwp%2Fv2%2Ftags&post=16187"}],"curies":[{"name":"wp","href":"https:\/\/api.w.org\/{rel}","templated":true}]}}