{"id":16199,"date":"2025-06-20T16:16:30","date_gmt":"2025-06-20T22:16:30","guid":{"rendered":"https:\/\/casa.oaxaca.gob.mx\/?p=16199"},"modified":"2026-01-22T13:53:09","modified_gmt":"2026-01-22T19:53:09","slug":"taller-presencial-el-acto-de-creacion-como-resistencia-direccion-artistica-imparte-tania-bohorquez","status":"publish","type":"post","link":"https:\/\/casa.oaxaca.gob.mx\/?p=16199","title":{"rendered":"Taller presencial. El acto de creaci\u00f3n como resistencia: Direcci\u00f3n art\u00edstica. Imparte: Tania Boh\u00f3rquez."},"content":{"rendered":"<\/div><\/div><\/div><!-- close content main div --><\/div><\/div><div id='av_section_1' class='avia-section main_color avia-section-no-padding avia-no-border-styling avia-full-stretch av-parallax-section avia-bg-style-parallax  av-minimum-height av-minimum-height-75 container_wrap fullsize'  data-section-bg-repeat='stretch' ><div class='av-parallax' data-avia-parallax-ratio='0.3' ><div class='av-parallax-inner main_color  avia-full-stretch' style = 'background-repeat: no-repeat; background-image: url(https:\/\/casa.oaxaca.gob.mx\/wp-content\/uploads\/2025\/06\/Direccionartistica-scaled.jpg); background-attachment: scroll; background-position: bottom center; ' ><\/div><\/div><div class='container' ><div class='template-page content  av-content-full alpha units'><div class='post-entry post-entry-type-page post-entry-16199'><div class='entry-content-wrapper clearfix'>\n<div style='padding-bottom:10px;color:#ffffff;font-size:50px;' class='av-special-heading av-special-heading-h3 custom-color-heading blockquote modern-quote  av-inherit-size'><h3 class='av-special-heading-tag'  itemprop=\"headline\"  >Taller presencial.El acto de creaci\u00f3n como resistencia: Direcci\u00f3n art\u00edstica.<\/h3><div class ='av-subheading av-subheading_below av_custom_color' style='font-size:25px;'><p>Imparte: Tania Boh\u00f3rquez<\/p>\n<\/div><div class='special-heading-border'><div class='special-heading-inner-border' style='border-color:#ffffff'><\/div><\/div><\/div>\n\n<\/div><\/div><\/div><!-- close content main div --><\/div><\/div><div id='av-layout-grid-1' class='av-layout-grid-container entry-content-wrapper main_color av-flex-cells  container_wrap fullsize'   >\n<div class=\"flex_cell no_margin av_one_full   \" style='vertical-align:top; padding:30px; background-color:#ED9600; '><div class='flex_cell_inner' ><p><div class=\"flex_column av_one_fourth  flex_column_div av-zero-column-padding first  \" style='border-radius:0px; '><div style='padding-bottom:10px;color:#ffffff;' class='av-special-heading av-special-heading-h3 custom-color-heading blockquote modern-quote '><h3 class='av-special-heading-tag'  itemprop=\"headline\"  >Cierre de inscripciones<\/h3><div class ='av-subheading av-subheading_below av_custom_color' style='font-size:20px;'><p>Domingo 13 de julio de 2025<\/p>\n<p>Publicaci\u00f3n de resultados<br \/>\nMi\u00e9rcoles 16 de julio de 2025<\/p>\n<\/div><div class='special-heading-border'><div class='special-heading-inner-border' style='border-color:#ffffff'><\/div><\/div><\/div><\/div><div class=\"flex_column av_one_fourth  flex_column_div av-zero-column-padding   \" style='border-radius:0px; '><div style='padding-bottom:10px;color:#ffffff;' class='av-special-heading av-special-heading-h3 custom-color-heading blockquote modern-quote '><h3 class='av-special-heading-tag'  itemprop=\"headline\"  >Fechas<\/h3><div class ='av-subheading av-subheading_below av_custom_color' style='font-size:20px;'><p>Lunes a viernes<br \/>\nDel 21 al 25 de julio de 2025<\/p>\n<\/div><div class='special-heading-border'><div class='special-heading-inner-border' style='border-color:#ffffff'><\/div><\/div><\/div><\/div><div class=\"flex_column av_one_fourth  flex_column_div av-zero-column-padding   \" style='border-radius:0px; '><div style='padding-bottom:10px;color:#ffffff;' class='av-special-heading av-special-heading-h3 custom-color-heading blockquote modern-quote '><h3 class='av-special-heading-tag'  itemprop=\"headline\"  >Horario<\/h3><div class ='av-subheading av-subheading_below av_custom_color' style='font-size:20px;'><p>De 10 a 14 horas<\/p>\n<\/div><div class='special-heading-border'><div class='special-heading-inner-border' style='border-color:#ffffff'><\/div><\/div><\/div><\/div><div class=\"flex_column av_one_fourth  flex_column_div av-zero-column-padding   \" style='border-radius:0px; '><section class=\"avia_codeblock_section avia_code_block_0\"  itemscope=\"itemscope\" itemtype=\"https:\/\/schema.org\/BlogPosting\" itemprop=\"blogPost\" ><div class='avia_codeblock '  itemprop=\"text\" > [avia_codeblock_placeholder uid=\"0\"] <\/div><\/section><\/div><\/p>\n<\/div><\/div>\n<\/div>\n<div class=\"flex_column av_two_fifth  flex_column_div av-zero-column-padding first  \" style='border-radius:0px; '><p><div class='av-social-sharing-box '><div class='av-share-box'><h5 class='av-share-link-description'>Compartir esta actividad<\/h5><ul class='av-share-box-list noLightbox'><li class='av-share-link av-social-link-facebook' ><a target='_blank' href='http:\/\/www.facebook.com\/sharer.php?u=https:\/\/casa.oaxaca.gob.mx\/?p=16199&amp;t=Taller%20presencial.%20El%20acto%20de%20creaci%C3%B3n%20como%20resistencia%3A%20Direcci%C3%B3n%20art%C3%ADstica.%20Imparte%3A%20Tania%20Boh%C3%B3rquez.' aria-hidden='true' data-av_icon='\ue8f3' data-av_iconfont='entypo-fontello' title='' data-avia-related-tooltip='Share on Facebook'><span class='avia_hidden_link_text'>Share on Facebook<\/span><\/a><\/li><li class='av-share-link av-social-link-twitter' ><a target='_blank' href='https:\/\/twitter.com\/share?text=Taller%20presencial.%20El%20acto%20de%20creaci%C3%B3n%20como%20resistencia%3A%20Direcci%C3%B3n%20art%C3%ADstica.%20Imparte%3A%20Tania%20Boh%C3%B3rquez.&url=https:\/\/casa.oaxaca.gob.mx\/?p=16199' aria-hidden='true' data-av_icon='\ue8f1' data-av_iconfont='entypo-fontello' title='' data-avia-related-tooltip='Share on Twitter'><span class='avia_hidden_link_text'>Share on Twitter<\/span><\/a><\/li><li class='av-share-link av-social-link-gplus' ><a target='_blank' href='https:\/\/plus.google.com\/share?url=https:\/\/casa.oaxaca.gob.mx\/?p=16199' aria-hidden='true' data-av_icon='\ue8f6' data-av_iconfont='entypo-fontello' title='' data-avia-related-tooltip='Share on Google+'><span class='avia_hidden_link_text'>Share on Google+<\/span><\/a><\/li><li class='av-share-link av-social-link-pinterest' ><a target='_blank' href='http:\/\/pinterest.com\/pin\/create\/button\/?url=https%3A%2F%2Fcasa.oaxaca.gob.mx%2F%3Fp%3D16199&amp;description=Taller%20presencial.%20El%20acto%20de%20creaci%C3%B3n%20como%20resistencia%3A%20Direcci%C3%B3n%20art%C3%ADstica.%20Imparte%3A%20Tania%20Boh%C3%B3rquez.&amp;media=https%3A%2F%2Fcasa.oaxaca.gob.mx%2Fwp-content%2Fuploads%2F2025%2F06%2Fc-Direccionartistica-705x484.jpg' aria-hidden='true' data-av_icon='\ue8f8' data-av_iconfont='entypo-fontello' title='' data-avia-related-tooltip='Share on Pinterest'><span class='avia_hidden_link_text'>Share on Pinterest<\/span><\/a><\/li><li class='av-share-link av-social-link-mail' ><a  href='mailto:?subject=Taller%20presencial.%20El%20acto%20de%20creaci%C3%B3n%20como%20resistencia%3A%20Direcci%C3%B3n%20art%C3%ADstica.%20Imparte%3A%20Tania%20Boh%C3%B3rquez.&amp;body=https:\/\/casa.oaxaca.gob.mx\/?p=16199' aria-hidden='true' data-av_icon='\ue805' data-av_iconfont='entypo-fontello' title='' data-avia-related-tooltip='Share by Mail'><span class='avia_hidden_link_text'>Share by Mail<\/span><\/a><\/li><\/ul><\/div><\/div><br \/>\n<div  class='hr hr-default '><span class='hr-inner ' ><span class='hr-inner-style'><\/span><\/span><\/div><br \/>\n<div style='padding-bottom:10px;font-size:30px;' class='av-special-heading av-special-heading-h3  blockquote modern-quote   av-inherit-size'><h3 class='av-special-heading-tag'  itemprop=\"headline\"  >Sobre la tallerista<\/h3><div class='special-heading-border'><div class='special-heading-inner-border' ><\/div><\/div><\/div><br \/>\n<div class='avia-data-table-wrap avia_responsive_table'><table class='avia-table avia-data-table avia-table-1  avia_pricing_default'  itemscope=\"itemscope\" itemtype=\"https:\/\/schema.org\/Table\" ><tbody><tr class='avia-heading-row'><th class=''>Tania Magali Boh\u00f3rquez Salinas (Oaxaca, M\u00e9xico 1987).<br \/>\nRepresentada por la Galer\u00eda Patricia Conde, M\u00e9xico.<br \/>\n<\/th><\/tr><tr class=''><td class=''>Artista visual y editora, formada como polit\u00f3loga, utiliza la fotograf\u00eda, el v\u00eddeo, la performance y la escritura como medios principales. Su trabajo se centra en cuestiones de contenci\u00f3n social y resiliencia de grupos vulnerables.<\/p>\n<p>Sus proyectos m\u00e1s recientes surgen de la intersecci\u00f3n entre el arte y otros campos de acci\u00f3n, como la denuncia y la enunciaci\u00f3n de historias tab\u00fa, una narrativa personal que abre un di\u00e1logo en lo colectivo.<\/p>\n<p>Estudi\u00f3 Ciencias Pol\u00edticas en la Universidad Jos\u00e9 Vasconcelos en Oaxaca. Particip\u00f3 en diferentes talleres en el Centro Fotogr\u00e1fico Manuel \u00c1lvarez Bravo, en el Centro de Arte de San Agust\u00edn, Etla, Oaxaca; fue parte del programa FOTOENSAYO 2011 creado por CONACULTA y la Fototeca de Pachuca; Becaria por el Centro de las Artes de San Agust\u00edn Etla para asistir al Seminario de Fotograf\u00eda Contempor\u00e1nea 2011 del Centro de Imagen coordinado por Ana Casas y Alejandro Castellanos; Estudi\u00f3 el Diplomado en Producci\u00f3n de Artes Visuales coordinado por Luis Felipe Ortega; Beneficiaria con la subvenci\u00f3n C * 11 (Apoyo a iniciativas ciudadanas en la categor\u00eda de profesionalizaci\u00f3n art\u00edstica) programa promovido por CONACULTA y SECULTA Oaxaca; Beneficiario del programa FONCA (Fondo Nacional para la Cultura y las Artes) Categor\u00eda Creadores J\u00f3venes 2012-2013 y 2021-2022: Artes Visuales, fotograf\u00eda; Beneficiario C * 14 Apoyo a Iniciativas Ciudadanas en la categor\u00eda de producci\u00f3n visual. En 2024 se present\u00f3 en el Centro Georges Pompidou en un performance con activistas coordinado por Mar\u00eda Jos\u00e9 Contreras curadur\u00eda por Judith Butler.<\/p>\n<p>De 2007 a 2011, fue coordinadora de servicios educativos y difusi\u00f3n en el Centro Fotogr\u00e1fico Manuel \u00c1lvarez Bravo; De 2008 a 2009 colabor\u00f3 en el Instituto de Artes Gr\u00e1ficas de Oaxaca como asistente personal del maestro Francisco Toledo; De 2012 a 2013 fue coordinadora adjunta del Seminario de Fotograf\u00eda Contempor\u00e1nea del Centro de la Imagen: Centro de las Artes de San Agust\u00edn Etla, Oaxaca. Del 2013 al 2014 fue tutor en el programa educativo CEACO (Cl\u00ednicas para la Especializaci\u00f3n en Arte Contempor\u00e1neo en Oaxaca) fundado por el espacio contempor\u00e1neo para las artes La Curtidur\u00eda; Desde 2015-2016 fue tutora de la Beca PECDA Oaxaca (Programa de Est\u00edmulo para la Creaci\u00f3n y Desarrollo Art\u00edstico), coordin\u00f3 a 7 artistas de la especialidad Artes Visuales. Desde el 2015 es parte de los tutores del festival Angkor Photo Festival en Cambodia. En 2021 fue jurado en FUTURES European platform for Contemporary Photography \/ Prince Claus y Tbilisi Photo Festival.<\/p>\n<p><\/td><\/tr><\/tbody><\/table><\/div><style type='text\/css'>.avia-table-1 td:nth-of-type(1):before { content: 'Tania Magali Boh\u00f3rquez Salinas (Oaxaca, M\u00e9xico 1987).<br \/>\nRepresentada por la Galer\u00eda Patricia Conde, M\u00e9xico.<br \/>\n'; } <\/style><\/p><\/div>\n<div class=\"flex_column av_three_fifth  flex_column_div av-zero-column-padding   \" style='border-radius:0px; '><p><div style='padding-bottom:10px;font-size:30px;' class='av-special-heading av-special-heading-h3  blockquote modern-quote   av-inherit-size'><h3 class='av-special-heading-tag'  itemprop=\"headline\"  >Acerca del taller<\/h3><div class='special-heading-border'><div class='special-heading-inner-border' ><\/div><\/div><\/div><br \/>\n<div class='avia-data-table-wrap avia_responsive_table'><table class='avia-table avia-data-table avia-table-2  avia_pricing_default'  itemscope=\"itemscope\" itemtype=\"https:\/\/schema.org\/Table\" ><tbody><tr class='avia-heading-row'><th class=''>LISTA DE SELECCIONADOS<\/th><\/tr><tr class=''><td class=''>Gabriela Garc\u00eda Mariscal<\/p>\n<p>Alan L\u00f3pez Ruiz<\/p>\n<p>Am\u00e9rico Jonathan Castillo Hern\u00e1ndez<\/p>\n<p>Mauricio Alejandro Ch\u00e1vez Serv\u00edn<\/p>\n<p>Alessandro Bo Rohde<\/p>\n<p>Said Santiago Bola\u00f1os<\/p>\n<p>Alejandra Hugues Iraz\u00e1bal<\/p>\n<p>Iram Cueto Mart\u00ednez<\/p>\n<p>Dagoberto Teahulos Ortega<\/p>\n<p>Paloma Lounice Mat\u00edas Ryan<\/p>\n<p>Daniela Garrido M\u00e9ndez<\/p>\n<p>Timofey Rodchenkov<\/p>\n<p>Jessica Mabel Hern\u00e1ndez Salinas<\/p>\n<p>Camille Isabelle Pelloux Chambel<\/p>\n<p>Eva Alicia Lepiz Rom\u00e1n<\/p>\n<p>Luis Enrique Garc\u00eda Reyes<\/p>\n<p>Iracema Giuliana Jim\u00e9nez Salerno<\/td><\/tr><\/tbody><\/table><\/div><style type='text\/css'>.avia-table-2 td:nth-of-type(1):before { content: 'LISTA DE SELECCIONADOS'; } <\/style><br \/>\n<div class='avia-data-table-wrap avia_responsive_table'><table class='avia-table avia-data-table avia-table-3  avia_pricing_default'  itemscope=\"itemscope\" itemtype=\"https:\/\/schema.org\/Table\" ><tbody><tr class='avia-heading-row'><th class=''>Descripci\u00f3n general<\/th><\/tr><tr class=''><td class=''>Este taller est\u00e1 dirigido a artistas visuales y fot\u00f3grafos que tengan proyectos en curso o concluidos, con el objetivo de profundizar en herramientas cr\u00edticas, curatoriales y profesionales para fortalecer su pr\u00e1ctica. A lo largo de cinco sesiones abordaremos, desde una perspectiva situada y colectiva, qu\u00e9 significa ejercer la direcci\u00f3n art\u00edstica como una forma de resistencia est\u00e9tica, pol\u00edtica y \u00e9tica al circuito del arte.<\/p>\n<p>Nos enfocaremos en los distintos momentos que atraviesa una carrera art\u00edstica o proyectos: desde un acompa\u00f1amiento conceptual y curatorial, hasta la edici\u00f3n, escritura, comunicaci\u00f3n, circulaci\u00f3n y sustentabilidad profesional, el posicionamiento de artista, l\u00edneas de trabajo.<br \/>\n<\/td><\/tr><tr class='avia-heading-row'><th class=''>Objetivo general<\/th><\/tr><tr class=''><td class=''>Brindar a fot\u00f3grafos y artistas visuales herramientas cr\u00edticas, curatoriales y profesionales que fortalezcan su pr\u00e1ctica art\u00edstica, posicionamiento y sustentabilidad, desde una perspectiva colectiva, situada y \u00e9tica, entendiendo la direcci\u00f3n art\u00edstica como un acto de resistencia est\u00e9tica, pol\u00edtica y afectiva.<br \/>\n<\/td><\/tr><tr class='avia-heading-row'><th class=''>Objetivos espec\u00edficos<\/th><\/tr><tr class=''><td class=''>&#8211; Reflexionar cr\u00edticamente sobre el rol de la curadur\u00eda como acompa\u00f1amiento \u00e9tico, afectivo y profesional dentro del proceso art\u00edstico.<br \/>\n&#8211; Explorar y definir una est\u00e9tica personal, comprendiendo el lenguaje visual como una forma de posicionamiento \u00e9tico y pol\u00edtico.<br \/>\n&#8211; Desarrollar habilidades de edici\u00f3n visual y narrativa, as\u00ed como estrategias para la publicaci\u00f3n y circulaci\u00f3n de proyectos art\u00edsticos.<br \/>\n&#8211; Fortalecer la escritura profesional vinculada a la pr\u00e1ctica art\u00edstica: elaboraci\u00f3n de statements, portafolios, carpetas, proyectos y solicitudes de apoyo.<br \/>\n&#8211; Analizar mecanismos de sostenibilidad profesional como tabuladores, contratos, representaci\u00f3n en galer\u00edas y derechos de autor, en funci\u00f3n de una pr\u00e1ctica \u00e9tica y sustentable.<br \/>\n&#8211; Fomentar la construcci\u00f3n de comunidad y el pensamiento colectivo mediante el ejercicio de la retroalimentaci\u00f3n cr\u00edtica y la presentaci\u00f3n p\u00fablica del trabajo propio.<br \/>\n<\/td><\/tr><tr class='avia-heading-row'><th class=''>Temas<\/th><\/tr><tr class=''><td class=''>LUNES &#8211; D\u00cdA 1 \u2013 CURADUR\u00cdA COMO ACOMPA\u00d1AMIENTO CR\u00cdTICO<br \/>\n1. \u00bfQu\u00e9 implica hacer direcci\u00f3n art\u00edstica? \u00bfQu\u00e9 significa trabajar con un curador?<br \/>\n2. Introducci\u00f3n a la curadur\u00eda desde una mirada relacional y horizontal.<br \/>\n3. La direcci\u00f3n art\u00edstica como acompa\u00f1amiento \u00e9tico y afectivo.<br \/>\n4. Estudio de caso, ver el trabajo de ciertos artistas.<br \/>\n5. Ejercicio pr\u00e1ctico \/ Tarea: relectura de obra propia desde claves curatoriales.<\/p>\n<p>MARTES &#8211; D\u00cdA 2 \u2013 EL LENGUAJE COMO EST\u00c9TICA Y RESISTENCIA<br \/>\n6. \u00bfQu\u00e9 es tener una est\u00e9tica propia? \u00bfQu\u00e9 voz estoy construyendo?<br \/>\nEl lenguaje visual como posicionamiento \u00e9tico y pol\u00edtico.<br \/>\nObsesiones, ritmos, formas: pensar el proyecto como universo.<br \/>\nLectura colectiva de obra entre pares.<br \/>\nEl statement como relato situado.<br \/>\nEjercicio pr\u00e1ctico \/ Tarea: Statement y est\u00e9tica<\/p>\n<p>MI\u00c9RCOLES &#8211; D\u00cdA 3 \u2013 EDICI\u00d3N, PUBLICACI\u00d3N Y CIRCULACI\u00d3N<br \/>\n\u00bfC\u00f3mo narro mi proyecto? \u00bfC\u00f3mo se construye un libro o una maqueta?<br \/>\nIntroducci\u00f3n a la edici\u00f3n visual y narrativa.<br \/>\nMaquetaci\u00f3n de publicaciones y libros, el trabajo con editoriales.<br \/>\nEstrategias de circulaci\u00f3n: festivales, convocatorias, ferias.<br \/>\n\u00bfQu\u00e9 es un assignment? \u00bfC\u00f3mo se cotiza un encargo?<br \/>\nEjercicio pr\u00e1ctico \/ Tarea: edici\u00f3n preliminar o gui\u00f3n visual de un proyecto.<\/p>\n<p>JUEVES &#8211; D\u00cdA 4 \u2013 ESCRITURA PROFESIONAL Y SOSTENIBILIDAD \u00c9TICA<br \/>\n\u00bfC\u00f3mo hablar de mi obra sin traicionarla? \u00bfC\u00f3mo vivir de mi pr\u00e1ctica art\u00edstica?<br \/>\nRedacci\u00f3n de proyectos, becas, residencias, semblanzas, presentar el mismo<br \/>\nproyecto para diferentes interlocutores.<br \/>\nEstructura de portafolio profesional y carpetas de obra.<br \/>\nTabuladores de precios, derechos de uso, contratos.<br \/>\n\u00bfQu\u00e9 implica tener una galer\u00eda o estar representado?<br \/>\nEjercicio pr\u00e1ctico \/ Tarea: escritura y revisi\u00f3n de materiales profesionales.<\/p>\n<p>VIERNES &#8211; D\u00cdA 5 \u2013 PRESENTACI\u00d3N FINAL: EL ACTO DE COMPARTIR<br \/>\nNombrarse frente a otrxs como forma de resistencia<br \/>\nPresentaci\u00f3n de proyectos ante el grupo (pitch + muestra de obra).<br \/>\nEjercicio colectivo de retroalimentaci\u00f3n cr\u00edtica.<br \/>\nEstrategias para sostener una pr\u00e1ctica a largo plazo.<br \/>\nCierre colectivo: archivo de ideas, afectos y rutas posibles.<br \/>\n<\/td><\/tr><\/tbody><\/table><\/div><style type='text\/css'>.avia-table-3 td:nth-of-type(1):before { content: 'Descripci\u00f3n general'; } <\/style><br \/>\n<div style='padding-bottom:10px;font-size:30px;' class='av-special-heading av-special-heading-h3  blockquote modern-quote   av-inherit-size'><h3 class='av-special-heading-tag'  itemprop=\"headline\"  >Requisitos de inscripci\u00f3n<\/h3><div class='special-heading-border'><div class='special-heading-inner-border' ><\/div><\/div><\/div><br \/>\n<div class='avia-data-table-wrap avia_responsive_table'><table class='avia-table avia-data-table avia-table-4  avia_pricing_default'  itemscope=\"itemscope\" itemtype=\"https:\/\/schema.org\/Table\" ><tbody><tr class=''><td class=''>&#8211; Adjuntar portafolio fotogr\u00e1fico o visual en curso o terminado<br \/>\n&#8211; Artistas visuales y fot\u00f3grafos que tengan proyectos en curso o concluidos y que deseen fortalecer su pr\u00e1ctica art\u00edstica a trav\u00e9s de herramientas cr\u00edticas, curatoriales y profesionales<br \/>\n<\/td><\/tr><tr class=''><td class=''>&#8211; Si tienes inter\u00e9s deber\u00e1s llenar el formulario con los datos completos que se encuentra en esta p\u00e1gina.<br \/>\n&#8211; La lista de seleccionados se publicar\u00e1 en esta p\u00e1gina, tambi\u00e9n se les notificar\u00e1 v\u00eda correo electr\u00f3nico con los detalles de la actividad.<br \/>\n&#8211; Actividad gratuita.<br \/>\n&#8211; Los talleristas ser\u00e1n los responsables de realizar la selecci\u00f3n de alumnos bajo sus criterios.<br \/>\n<\/td><\/tr><\/tbody><\/table><\/div><style type='text\/css'><\/style><br \/>\n<div class='avia-data-table-wrap avia_responsive_table'><table class='avia-table avia-data-table avia-table-5  avia_pricing_default'  itemscope=\"itemscope\" itemtype=\"https:\/\/schema.org\/Table\" ><tbody><tr class='avia-heading-row'><th class=''>Material que se le solicitar\u00e1 al alumno(a)<\/th><\/tr><tr class=''><td class=''>1. Portafolio personal<br \/>\nProyecto fotogr\u00e1fico o visual en curso o terminado.<br \/>\nTextos relacionados (si existen): statement, sinopsis, textos curatoriales, rese\u00f1as, etc.<\/p>\n<p>2. Equipo b\u00e1sico<br \/>\nCuaderno de apuntes o libreta de trabajo.<br \/>\nL\u00e1pices, plumas, marcatextos.<br \/>\nLaptop o tableta (opcional, pero recomendable para ejercicios de edici\u00f3n, escritura y presentaci\u00f3n).<br \/>\nMemoria USB o disco duro externo con copias digitales de su trabajo.<\/p>\n<p>3. Archivos digitales<br \/>\nIm\u00e1genes en alta resoluci\u00f3n de su obra (formato JPG o PDF).<br \/>\nVersiones previas de portafolio o dossier, si existen.<br \/>\nTextos profesionales que hayan trabajado antes (semblanzas, bios, aplicaciones).<\/p>\n<p>4. Herramientas de edici\u00f3n y maquetaci\u00f3n (si se trabaja en digital)<br \/>\nAcceso a programas b\u00e1sicos de dise\u00f1o o maquetaci\u00f3n: Canva, InDesign, PowerPoint, Google Slides, etc.<br \/>\nOpcional: programas de edici\u00f3n de imagen (Lightroom, Photoshop, etc.).<\/p>\n<p>5. Material para ejercicios creativos (si se trabaja de forma an\u00e1loga)<br \/>\nHojas blancas tama\u00f1o carta y\/o papel bond para maquetar.<br \/>\nTijeras, pegamento, masking tape.<br \/>\nImpresiones de su obra (pueden ser impresiones caseras o fotocopias).<br \/>\nRevistas, recortes u otros elementos visuales para ejercicios de collage o edici\u00f3n f\u00edsica.<\/p>\n<p>6. Otros elementos \u00fatiles<br \/>\nEjemplos de publicaciones que les inspiren (libros, fanzines, cat\u00e1logos).<br \/>\nUna carpeta o folder f\u00edsico para organizar sus materiales impresos.<br \/>\nTel\u00e9fono m\u00f3vil o c\u00e1mara si desean documentar procesos.<br \/>\n<\/td><\/tr><\/tbody><\/table><\/div><style type='text\/css'>.avia-table-5 td:nth-of-type(1):before { content: 'Material que se le solicitar\u00e1 al alumno(a)'; } <\/style><br \/>\n<div class='avia-data-table-wrap avia_responsive_table'><table class='avia-table avia-data-table avia-table-6  avia_pricing_default'  itemscope=\"itemscope\" itemtype=\"https:\/\/schema.org\/Table\" ><tbody><tr class='avia-heading-row'><th class=''>Criterios de selecci\u00f3n de alumnos<\/th><\/tr><tr class=''><td class=''>&#8211; 15 a 20 seleccionados<br \/>\n&#8211; Que los postulantes cuenten con al menos un proyecto art\u00edstico (fotogr\u00e1fico o visual) en desarrollo o finalizado, que pueda ser trabajado durante el taller.<br \/>\n&#8211; Inter\u00e9s en la direcci\u00f3n art\u00edstica como herramienta cr\u00edtica<br \/>\n&#8211; Disponibilidad y compromiso<br \/>\n&#8211; Disposici\u00f3n al trabajo colaborativo y la retroalimentaci\u00f3n<br \/>\n<\/td><\/tr><\/tbody><\/table><\/div><style type='text\/css'>.avia-table-6 td:nth-of-type(1):before { content: 'Criterios de selecci\u00f3n de alumnos'; } <\/style><br \/>\n<div class='avia-data-table-wrap avia_responsive_table'><table class='avia-table avia-data-table avia-table-7  avia_pricing_default'  itemscope=\"itemscope\" itemtype=\"https:\/\/schema.org\/Table\" ><tbody><tr class='avia-heading-row'><th class=''>Nota para los seleccionados<\/th><\/tr><tr class=''><td class=''>&#8211; Clases presenciales en (Laboratorio de fotograf\u00eda) del CaSa<br \/>\n&#8211; Se dejar\u00e1n ejercicios espec\u00edficos a cada estudiante, es fundamental realizarlos para continuar con la siguiente clase.<br \/>\n&#8211; Tener el compromiso y el tiempo para llevar a cabo el taller, ya que las inasistencias injustificadas ser\u00e1n motivo de suspensi\u00f3n y no podr\u00e1 ingresar a talleres futuros.<br \/>\n&#8211; Durante el taller nos estaremos comunicando por medio de mensajes en un grupo de WhatsApp, por ser una herramienta m\u00e1s r\u00e1pida para poder tener una mejor comunicaci\u00f3n con lo que respecta al taller.<br \/>\n<\/td><\/tr><\/tbody><\/table><\/div><style type='text\/css'>.avia-table-7 td:nth-of-type(1):before { content: 'Nota para los seleccionados'; } <\/style><br \/>\n<div id='av-masonry-1' class='av-masonry noHover av-fixed-size av-large-gap av-hover-overlay-active av-masonry-col-flexible av-caption-always av-caption-style- av-masonry-gallery  '  ><div class='av-masonry-container isotope av-js-disabled ' ><div class='av-masonry-entry isotope-item av-masonry-item-no-image '><\/div><a href=\"https:\/\/casa.oaxaca.gob.mx\/wp-content\/uploads\/2025\/06\/1.-Performance-Antigona-Adrift-Centre-Pompidou-2024-Performer-Tania-Bohorquez-Dir.-Maria-Jose-Contreras-\u00a9Daniela-Canales-1030x687.jpg\" id='av-masonry-1-item-16200' data-av-masonry-item='16200' class='av-masonry-entry isotope-item post-16200 attachment type-attachment status-inherit hentry  av-masonry-item-with-image' title=\"\"  itemprop=\"thumbnailUrl\" ><div class='av-inner-masonry-sizer'><\/div><figure class='av-inner-masonry main_color'><div class=\"av-masonry-outerimage-container\"><div class=\"av-masonry-image-container\" style=\"background-image: url(https:\/\/casa.oaxaca.gob.mx\/wp-content\/uploads\/2025\/06\/1.-Performance-Antigona-Adrift-Centre-Pompidou-2024-Performer-Tania-Bohorquez-Dir.-Maria-Jose-Contreras-\u00a9Daniela-Canales-705x470.jpg);\"><img decoding=\"async\" src=\"https:\/\/casa.oaxaca.gob.mx\/wp-content\/uploads\/2025\/06\/1.-Performance-Antigona-Adrift-Centre-Pompidou-2024-Performer-Tania-Bohorquez-Dir.-Maria-Jose-Contreras-\u00a9Daniela-Canales-705x470.jpg\" title=\"1.-Performance Antigona Adrift &#8211; Centre Pompidou 2024 Performer Tania Boh\u00f3rquez Dir. Mar\u00eda Jos\u00e9 Contreras \u00a9Daniela Canales\" alt=\"\" \/><\/div><\/div><\/figure><\/a><!--end av-masonry entry--><a href=\"https:\/\/casa.oaxaca.gob.mx\/wp-content\/uploads\/2025\/06\/4.-_Rehabitar-el-silencio_-TRAUMA-TANIA-BOHORQUEZ-Galeria-Patricia-Conde-1030x570.jpeg\" id='av-masonry-1-item-16201' data-av-masonry-item='16201' class='av-masonry-entry isotope-item post-16201 attachment type-attachment status-inherit hentry  av-masonry-item-with-image' title=\"\"  itemprop=\"thumbnailUrl\" ><div class='av-inner-masonry-sizer'><\/div><figure class='av-inner-masonry main_color'><div class=\"av-masonry-outerimage-container\"><div class=\"av-masonry-image-container\" style=\"background-image: url(https:\/\/casa.oaxaca.gob.mx\/wp-content\/uploads\/2025\/06\/4.-_Rehabitar-el-silencio_-TRAUMA-TANIA-BOHORQUEZ-Galeria-Patricia-Conde-705x390.jpeg);\"><img decoding=\"async\" src=\"https:\/\/casa.oaxaca.gob.mx\/wp-content\/uploads\/2025\/06\/4.-_Rehabitar-el-silencio_-TRAUMA-TANIA-BOHORQUEZ-Galeria-Patricia-Conde-705x390.jpeg\" title=\"4.-_Rehabitar el silencio_ TRAUMA &#8211; TANIA BOHORQUEZ Galer\u00eda Patricia Conde\" alt=\"\" \/><\/div><\/div><\/figure><\/a><!--end av-masonry entry--><a href=\"https:\/\/casa.oaxaca.gob.mx\/wp-content\/uploads\/2025\/06\/5.-TRAUMA-JOVENES-CREADORES-TANIA-BOHORQUEZ-EXPOSICION-MAQUETA-MONTAJE-TANIA-B-1030x752.jpg\" id='av-masonry-1-item-16202' data-av-masonry-item='16202' class='av-masonry-entry isotope-item post-16202 attachment type-attachment status-inherit hentry  av-masonry-item-with-image' title=\"\"  itemprop=\"thumbnailUrl\" ><div class='av-inner-masonry-sizer'><\/div><figure class='av-inner-masonry main_color'><div class=\"av-masonry-outerimage-container\"><div class=\"av-masonry-image-container\" style=\"background-image: url(https:\/\/casa.oaxaca.gob.mx\/wp-content\/uploads\/2025\/06\/5.-TRAUMA-JOVENES-CREADORES-TANIA-BOHORQUEZ-EXPOSICION-MAQUETA-MONTAJE-TANIA-B-705x515.jpg);\"><img decoding=\"async\" src=\"https:\/\/casa.oaxaca.gob.mx\/wp-content\/uploads\/2025\/06\/5.-TRAUMA-JOVENES-CREADORES-TANIA-BOHORQUEZ-EXPOSICION-MAQUETA-MONTAJE-TANIA-B-705x515.jpg\" title=\"5.-TRAUMA JOVENES CREADORES TANIA BOHORQUEZ EXPOSICI\u00d3N MAQUETA MONTAJE TANIA B\" alt=\"\" \/><\/div><\/div><\/figure><\/a><!--end av-masonry entry--><a href=\"https:\/\/casa.oaxaca.gob.mx\/wp-content\/uploads\/2025\/06\/Captura-de-Pantalla-2025-06-18-a-las-16.06.24-773x1030.png\" id='av-masonry-1-item-16203' data-av-masonry-item='16203' class='av-masonry-entry isotope-item post-16203 attachment type-attachment status-inherit hentry  av-masonry-item-with-image' title=\"\"  itemprop=\"thumbnailUrl\" ><div class='av-inner-masonry-sizer'><\/div><figure class='av-inner-masonry main_color'><div class=\"av-masonry-outerimage-container\"><div class=\"av-masonry-image-container\" style=\"background-image: url(https:\/\/casa.oaxaca.gob.mx\/wp-content\/uploads\/2025\/06\/Captura-de-Pantalla-2025-06-18-a-las-16.06.24-529x705.png);\"><img decoding=\"async\" src=\"https:\/\/casa.oaxaca.gob.mx\/wp-content\/uploads\/2025\/06\/Captura-de-Pantalla-2025-06-18-a-las-16.06.24-529x705.png\" title=\"Captura de Pantalla 2025-06-18 a la(s) 16.06.24\" alt=\"\" \/><\/div><\/div><\/figure><\/a><!--end av-masonry entry--><\/div><\/div><\/p><\/div>\n","protected":false},"excerpt":{"rendered":"","protected":false},"author":1,"featured_media":16216,"comment_status":"open","ping_status":"open","sticky":false,"template":"","format":"standard","meta":{"_exactmetrics_skip_tracking":false,"_exactmetrics_sitenote_active":false,"_exactmetrics_sitenote_note":"","_exactmetrics_sitenote_category":0,"footnotes":""},"categories":[204],"tags":[],"class_list":["post-16199","post","type-post","status-publish","format-standard","has-post-thumbnail","hentry","category-204"],"_links":{"self":[{"href":"https:\/\/casa.oaxaca.gob.mx\/index.php?rest_route=\/wp\/v2\/posts\/16199","targetHints":{"allow":["GET"]}}],"collection":[{"href":"https:\/\/casa.oaxaca.gob.mx\/index.php?rest_route=\/wp\/v2\/posts"}],"about":[{"href":"https:\/\/casa.oaxaca.gob.mx\/index.php?rest_route=\/wp\/v2\/types\/post"}],"author":[{"embeddable":true,"href":"https:\/\/casa.oaxaca.gob.mx\/index.php?rest_route=\/wp\/v2\/users\/1"}],"replies":[{"embeddable":true,"href":"https:\/\/casa.oaxaca.gob.mx\/index.php?rest_route=%2Fwp%2Fv2%2Fcomments&post=16199"}],"version-history":[{"count":4,"href":"https:\/\/casa.oaxaca.gob.mx\/index.php?rest_route=\/wp\/v2\/posts\/16199\/revisions"}],"predecessor-version":[{"id":16518,"href":"https:\/\/casa.oaxaca.gob.mx\/index.php?rest_route=\/wp\/v2\/posts\/16199\/revisions\/16518"}],"wp:featuredmedia":[{"embeddable":true,"href":"https:\/\/casa.oaxaca.gob.mx\/index.php?rest_route=\/wp\/v2\/media\/16216"}],"wp:attachment":[{"href":"https:\/\/casa.oaxaca.gob.mx\/index.php?rest_route=%2Fwp%2Fv2%2Fmedia&parent=16199"}],"wp:term":[{"taxonomy":"category","embeddable":true,"href":"https:\/\/casa.oaxaca.gob.mx\/index.php?rest_route=%2Fwp%2Fv2%2Fcategories&post=16199"},{"taxonomy":"post_tag","embeddable":true,"href":"https:\/\/casa.oaxaca.gob.mx\/index.php?rest_route=%2Fwp%2Fv2%2Ftags&post=16199"}],"curies":[{"name":"wp","href":"https:\/\/api.w.org\/{rel}","templated":true}]}}