{"id":16267,"date":"2025-06-23T17:49:23","date_gmt":"2025-06-23T23:49:23","guid":{"rendered":"https:\/\/casa.oaxaca.gob.mx\/?p=16267"},"modified":"2026-01-22T13:56:21","modified_gmt":"2026-01-22T19:56:21","slug":"premios-casa-2025-enna-mazateco","status":"publish","type":"post","link":"https:\/\/casa.oaxaca.gob.mx\/?p=16267","title":{"rendered":"Premios CaSa 2025 &#8211; \u00c9NN\u00c1 (Mazateco)"},"content":{"rendered":"<\/div><\/div><\/div><!-- close content main div --><\/div><\/div><div id='av_section_1' class='avia-section main_color avia-section-no-padding avia-no-border-styling avia-full-stretch av-parallax-section avia-bg-style-parallax  av-minimum-height av-minimum-height-75 container_wrap fullsize'  data-section-bg-repeat='stretch' ><div class='av-parallax' data-avia-parallax-ratio='0.3' ><div class='av-parallax-inner main_color  avia-full-stretch' style = 'background-repeat: no-repeat; background-image: url(https:\/\/casa.oaxaca.gob.mx\/wp-content\/uploads\/2025\/06\/mazateco-scaled.jpg); background-attachment: scroll; background-position: bottom center; ' ><\/div><\/div><div class='container' ><div class='template-page content  av-content-full alpha units'><div class='post-entry post-entry-type-page post-entry-16267'><div class='entry-content-wrapper clearfix'>\n\n\n<\/div><\/div><\/div><!-- close content main div --><\/div><\/div><div id='av-layout-grid-1' class='av-layout-grid-container entry-content-wrapper main_color av-flex-cells  container_wrap fullsize'   >\n<div class=\"flex_cell no_margin av_one_full   \" style='vertical-align:top; padding:30px; background-color:#006bb2; '><div class='flex_cell_inner' ><p><div class=\"flex_column av_one_third  flex_column_div av-zero-column-padding first  \" style='border-radius:0px; '><div style='padding-bottom:10px;color:#ffffff;' class='av-special-heading av-special-heading-h3 custom-color-heading blockquote modern-quote '><h3 class='av-special-heading-tag'  itemprop=\"headline\"  >Cierre de la convocatoria<\/h3><div class ='av-subheading av-subheading_below av_custom_color' style='font-size:20px;'><p>Viernes 29 de agosto de 2025<\/p>\n<\/div><div class='special-heading-border'><div class='special-heading-inner-border' style='border-color:#ffffff'><\/div><\/div><\/div><\/div><div class=\"flex_column av_one_third  flex_column_div av-zero-column-padding   \" style='border-radius:0px; '><div style='padding-bottom:10px;color:#ffffff;' class='av-special-heading av-special-heading-h3 custom-color-heading blockquote modern-quote '><h3 class='av-special-heading-tag'  itemprop=\"headline\"  >Publicaci\u00f3n de resultados<\/h3><div class ='av-subheading av-subheading_below av_custom_color' style='font-size:20px;'><p>Viernes 24 de octubre de 2025<\/p>\n<\/div><div class='special-heading-border'><div class='special-heading-inner-border' style='border-color:#ffffff'><\/div><\/div><\/div><\/div><div class=\"flex_column av_one_third  flex_column_div av-zero-column-padding   \" style='border-radius:0px; '><\/div><\/p>\n<\/div><\/div>\n<\/div>\n<div class=\"flex_column av_three_fifth  flex_column_div av-zero-column-padding first  \" style='background-color:#ffffff; border-radius:0px; '><section class=\"av_textblock_section\"  itemscope=\"itemscope\" itemtype=\"https:\/\/schema.org\/BlogPosting\" itemprop=\"blogPost\" ><div class='avia_textblock '   itemprop=\"text\" ><h2>Ganadores de Premios CaSa 2025 en Mazateco (\u00c9nn\u00e1)<\/h2>\n<p><strong>Poes\u00eda<\/strong><\/p>\n<p><span style=\"font-weight: 400;\">Jes\u00fas Mart\u00ednez Ignacio<\/span><\/p>\n<p><span style=\"font-weight: 400;\">Comunidad de origen: San Jos\u00e9 Tenango<\/span><\/p>\n<p><strong>Narrativa<\/strong><\/p>\n<p><span style=\"font-weight: 400;\">Renato Garc\u00eda Gonz\u00e1lez<\/span><\/p>\n<p><span style=\"font-weight: 400;\">Comunidad de origen: San Pedro Cholula de Rivadavia, Puebla<\/span><\/p>\n<p><strong>Canci\u00f3n<\/strong><\/p>\n<p><span style=\"font-weight: 400;\">Margarita Esther Rios Carrera<\/span><\/p>\n<p><span style=\"font-weight: 400;\">Comunidad de origen: San Jos\u00e9 Tenango<\/span><\/p>\n<p><strong>Literatura para ni\u00f1os<\/strong><\/p>\n<p><span style=\"font-weight: 400;\">Desierta<\/span><\/p>\n<p><strong>Textos basados en la tradici\u00f3n oral<\/strong><\/p>\n<p><span style=\"font-weight: 400;\">Ricardo Ignacio Uriarte<\/span><\/p>\n<p><span style=\"font-weight: 400;\">Comunidad de origen: San Felipe Jalapa de D\u00edaz<\/span><\/p>\n<p>****<\/p>\n<\/div><\/section><br \/>\n<section class=\"av_textblock_section\"  itemscope=\"itemscope\" itemtype=\"https:\/\/schema.org\/BlogPosting\" itemprop=\"blogPost\" ><div class='avia_textblock  av_inherit_color'  style='font-size:16px; color:#0a0a0a; '  itemprop=\"text\" ><div title=\"Page 1\">\n<h1><strong>Convocatoria de Creaci\u00f3n literaria, Premios CaSa 2025<\/strong><\/h1>\n<h1><strong>\u00c9nn\u00e1 (mazateco)<\/strong><\/h1>\n<\/div>\n<div title=\"Page 1\">\n<h2><span style=\"color: #ffffff;\">&#8211;<\/span><\/h2>\n<h2><strong>En las categor\u00edas de poes\u00eda, narrativa (cuento o novela), canci\u00f3n, literatura para ni\u00f1os y textos basados en la tradici\u00f3n oral.<\/strong><\/h2>\n<h2><span style=\"color: #ffffff;\">&#8211;<\/span><\/h2>\n<h3>Premios CaSa 2025<\/h3>\n<h3>BASES<\/h3>\n<h3><span style=\"color: #ffffff;\">&#8211;<\/span><\/h3>\n<h3><b>PARTICIPANTES<\/b><\/h3>\n<p><strong style=\"font-weight: 400;\">1.<\/strong> Podr\u00e1n participar hablantes del <span style=\"font-weight: 400;\">\u00e9nn\u00e1 (mazateco)<\/span>, en cualquiera de sus variantes, sin importar su lugar de residencia.<\/p>\n<p><span style=\"font-weight: 400;\"><strong>2.<\/strong> Los participantes podr\u00e1n concursar en una sola categor\u00eda.<\/span><\/p>\n<p><span style=\"font-weight: 400;\"><strong>3.<\/strong> Los concursantes deber\u00e1n participar con un seud\u00f3nimo.<\/span><\/p>\n<h3><span style=\"color: #ffffff;\">&#8211;<\/span><\/h3>\n<h3><b>OBRA<\/b><\/h3>\n<p><span style=\"font-weight: 400;\"><strong>4.<\/strong> La obra, de extensi\u00f3n libre, deber\u00e1 ser escrita en \u00e9nn\u00e1 (mazateco), en cualquiera de sus variantes, e incluir una traducci\u00f3n al espa\u00f1ol.<\/span><\/p>\n<p><span style=\"font-weight: 400;\"><strong>5.<\/strong> No se podr\u00e1n presentar obras que hayan sido premiadas, publicadas y\/o que se encuentren en proceso de dictamen.<\/span><\/p>\n<p><span style=\"font-weight: 400;\"><strong>6.<\/strong> Las obras deben ser originales y de autor\u00eda propia. Ser\u00e1n rechazadas traducciones de textos escritos por otros autores.<\/span><\/p>\n<p><span style=\"font-weight: 400;\"><strong>7.<\/strong> En la categor\u00eda de Textos basados en la tradici\u00f3n oral, se recibir\u00e1n poes\u00edas, relatos, mitos, leyendas o canciones que han sido transmitidas de generaci\u00f3n en generaci\u00f3n.<\/span><\/p>\n<p><span style=\"font-weight: 400;\"><strong>8.<\/strong> Las obras que sean enviadas mediante el formulario de inscripci\u00f3n,\u00a0 pueden adjuntarse en formato<\/span><span style=\"font-weight: 400;\"> PDF, word<\/span><span style=\"font-weight: 400;\"> o imagen (jpg, png).<\/span><\/p>\n<p><span style=\"font-weight: 400;\"><strong>8.1.<\/strong> Para la categor\u00eda de Canci\u00f3n,\u00a0 se deber\u00e1 adjuntar el audio en formato<\/span><span style=\"font-weight: 400;\"> mp3 o mp4<\/span><span style=\"font-weight: 400;\">\u00a0 en el formulario de inscripci\u00f3n, adem\u00e1s de la letra y traducci\u00f3n por escrito en formato <\/span><span style=\"font-weight: 400;\">PDF, word<\/span><span style=\"font-weight: 400;\"> o imagen (jpg, png). Si el env\u00edo se realiza de manera f\u00edsica, la letra se debe presentar por escrito, acompa\u00f1ada por una grabaci\u00f3n en disco o USB.<\/span><\/p>\n<h3><span style=\"color: #ffffff;\">&#8211;<\/span><\/h3>\n<h3><b>ENV\u00cdO<\/b><\/h3>\n<p><span style=\"font-weight: 400;\"><strong>9.<\/strong> Las obras se recibir\u00e1n a partir de la publicaci\u00f3n de esta convocatoria y hasta el <\/span><b>viernes 29 de agosto de 2025<\/b><span style=\"font-weight: 400;\"> a trav\u00e9s del siguiente formulario: <span style=\"color: #0000ff;\"><a style=\"color: #0000ff;\" href=\"http:\/\/bit.ly\/PremiosCaSaMazateco\">bit.ly\/PremiosCaSaMazateco<\/a><\/span><\/span><\/p>\n<p><b>La obra participante no deber\u00e1 mostrar los datos del autor, solo el seud\u00f3nimo.<\/b><\/p>\n<p><span style=\"font-weight: 400;\"><strong>10.<\/strong> Si env\u00eda su participaci\u00f3n<\/span><span style=\"font-weight: 400;\"> por mensajer\u00eda o correo postal en un sobre cerrado, el matasellos no deber\u00e1 rebasar la fecha del cierre de la convocatoria. En el exterior del sobre se indicar\u00e1 el t\u00edtulo de la obra, el nombre de la categor\u00eda y el seud\u00f3nimo del autor. En el interior se depositar\u00e1 otro sobre cerrado con los datos del participante<\/span> <span style=\"font-weight: 400;\">(nombre completo del autor, seud\u00f3nim<\/span><span style=\"font-weight: 400;\">o, CURP, <\/span><span style=\"font-weight: 400;\">domicilio, tel\u00e9fono y correo electr\u00f3nico).<\/span><\/p>\n<p><span style=\"font-weight: 400;\">Las obras deber\u00e1n enviarse a la oficina de la Asociaci\u00f3n Civil Amigos del IAGO y del CFMAB, ubicada en <\/span><b>Calle Murgu\u00eda 302, Centro hist\u00f3rico, Oaxaca de Ju\u00e1rez, Oaxaca, CP. 68000 (Atenci\u00f3n: Premios CaSa).<\/b><\/p>\n<p><span style=\"font-weight: 400;\"><strong>11.<\/strong> Una persona del CaSa, ajena al jurado, revisar\u00e1 los formularios de inscripci\u00f3n y los sobres f\u00edsicos para confirmar a los concursantes cuyos trabajos han sido recibidos.\u00a0<\/span><\/p>\n<h3><span style=\"color: #ffffff;\">&#8211;<\/span><\/h3>\n<h3><b>RESULTADOS<\/b><\/h3>\n<p><span style=\"font-weight: 400;\">12. El jurado emitir\u00e1 un fallo, inapelable, que ser\u00e1 publicado el <\/span><b>viernes 24 de octubre de 2025<\/b><span style=\"font-weight: 400;\">, en la p\u00e1gina y redes sociales del Centro de las Artes de San Agust\u00edn <\/span><span style=\"font-weight: 900;\">casa.oaxaca.gob.mx <\/span><span style=\"font-weight: 400;\">y en las p\u00e1ginas de las instituciones convocantes.<\/span><\/p>\n<p><span style=\"font-weight: 400;\">13. Los premios podr\u00e1n declararse desiertos a consideraci\u00f3n del jurado.<\/span><\/p>\n<p><span style=\"font-weight: 400;\">14. Los escritores premiados en las emisiones anteriores de este concurso s\u00f3lo podr\u00e1n aspirar a recibir una menci\u00f3n honor\u00edfica.<\/span><\/p>\n<p><span style=\"font-weight: 400;\">15. Las obras que no fueron ganadoras ser\u00e1n destruidas o eliminadas, una semana despu\u00e9s de emitirse el fallo.<\/span><\/p>\n<p><span style=\"font-weight: 400;\">16. Las personas que resulten ganadoras deber\u00e1n asistir a la ceremonia de premiaci\u00f3n en el Centro de las Artes de San Agust\u00edn (Independencia S\/N, Vista Hermosa, San Agust\u00edn Etla, Oaxaca).\u00a0<\/span><span style=\"font-weight: 400;\">En caso de que la categor\u00eda premiada incluya una obra gr\u00e1fica, \u00e9sta le ser\u00e1 entregada de manera presencial en dicha ceremonia.\u00a0<\/span><\/p>\n<h3><span style=\"color: #ffffff;\">&#8211;<\/span><\/h3>\n<h3><b>PREMIOS<\/b><\/h3>\n<p><span style=\"font-weight: 900;\">POES\u00cdA<\/span><\/p>\n<p><span style=\"font-weight: 400;\">$30,000 (treinta mil pesos) y una obra gr\u00e1fica de Filogonio Nax\u00edn <\/span><\/p>\n<p><span style=\"font-weight: 900;\">NARRATIVA <\/span><span style=\"font-weight: 400;\">(Cuento o novela)<\/span><\/p>\n<p><span style=\"font-weight: 400;\">$30,000 (treinta mil pesos) y una obra gr\u00e1fica de Filogonio Nax\u00edn <\/span><\/p>\n<p><span style=\"font-weight: 900;\">CANCI\u00d3N<\/span><\/p>\n<p><span style=\"font-weight: 400;\">$30,000 (treinta mil pesos) y una obra gr\u00e1fica de Filogonio Nax\u00edn\u00a0<\/span><\/p>\n<p><span style=\"font-weight: 900;\">LITERATURA PARA NI\u00d1OS<\/span><\/p>\n<p><span style=\"font-weight: 400;\">$30,000 (treinta mil pesos)<\/span><\/p>\n<p><span style=\"font-weight: 900;\">TEXTOS BASADOS EN LA TRADICI\u00d3N ORAL<\/span><\/p>\n<p><span style=\"font-weight: 400;\">$30,000 (treinta mil pesos)<\/span><\/p>\n<h3><span style=\"color: #ffffff;\">&#8211;<\/span><\/h3>\n<p><span style=\"font-weight: 400;\">Las personas que resulten ganadoras deber\u00e1n proporcionar la siguiente documentaci\u00f3n (no mayor a 3 meses de antig\u00fcedad) para realizar los tr\u00e1mites requeridos.<\/span><\/p>\n<ul>\n<li style=\"font-weight: 400;\" aria-level=\"1\"><span style=\"font-weight: 400;\">Semblanza<\/span><\/li>\n<li style=\"font-weight: 400;\" aria-level=\"1\"><span style=\"font-weight: 400;\">Copia del INE ambos lados<\/span><\/li>\n<li style=\"font-weight: 400;\" aria-level=\"1\"><span style=\"font-weight: 400;\">RFC (c\u00e9dula de identificaci\u00f3n fiscal del postulante)<\/span><\/li>\n<li style=\"font-weight: 400;\" aria-level=\"1\"><span style=\"font-weight: 400;\">Constancia de situaci\u00f3n fiscal<\/span><\/li>\n<li style=\"font-weight: 400;\" aria-level=\"1\"><span style=\"font-weight: 400;\">CURP<\/span><\/li>\n<li style=\"font-weight: 400;\" aria-level=\"1\"><span style=\"font-weight: 400;\">Car\u00e1tula de cuenta bancaria a nombre del participante, con CLABE interbancaria. Asegurarse de que la cuenta est\u00e9 activa y pueda recibir dep\u00f3sitos mayores a $30,000.00 (treinta mil pesos)<\/span><\/li>\n<li style=\"font-weight: 400;\" aria-level=\"1\"><span style=\"font-weight: 400;\">Los ganadores deber\u00e1n contar con la capacidad de emitir facturas (CFDI) para recibir el pago.<\/span><\/li>\n<\/ul>\n<h3><span style=\"color: #ffffff;\">&#8211;<\/span><\/h3>\n<h3><b>CONVOCANTES<\/b><\/h3>\n<p><b>Secretar\u00eda de Cultura<\/b><\/p>\n<p style=\"padding-left: 40px;\"><span style=\"font-weight: 400;\">Instituto Nacional de Lenguas Ind\u00edgenas\u00a0<\/span><\/p>\n<p style=\"padding-left: 40px;\">Instituto Nacional de Bellas Artes y Literatura<\/p>\n<p style=\"padding-left: 40px;\">Coordinaci\u00f3n Nacional de Literatura<\/p>\n<p style=\"padding-left: 40px;\">Direcci\u00f3n General de Culturas Populares, Ind\u00edgenas y Urbanas<\/p>\n<p><b>Gobierno del Estado de Oaxaca<\/b><\/p>\n<p style=\"padding-left: 40px;\"><span style=\"font-weight: 400;\">Secretar\u00eda de Interculturalidad, Pueblos Ind\u00edgenas y Comunidades Ind\u00edgenas y Afromexicanas<\/span><\/p>\n<p style=\"padding-left: 40px;\"><span style=\"font-weight: 400;\">Secretar\u00eda de las Culturas y Artes\u00a0<\/span><\/p>\n<p style=\"padding-left: 40px;\"><span style=\"font-weight: 400;\">Centro de las Artes de San Agust\u00edn<\/span><\/p>\n<p><span style=\"font-weight: 400;\">Asociaci\u00f3n Civil Amigos del Instituto de Artes Gr\u00e1ficas de Oaxaca y del Centro Fotogr\u00e1fico Manuel \u00c1lvarez Bravo\u00a0<\/span><\/p>\n<p><span style=\"font-weight: 400;\">Fundaci\u00f3n Alfredo Harp Hel\u00fa Oaxaca<\/span><\/p>\n<p><span style=\"font-weight: 400;\">Editorial Calamus<\/span><\/p>\n<h3><span style=\"color: #ffffff;\">&#8211;<\/span><span style=\"color: #ffffff;\">&#8211;<\/span><\/h3>\n<p><span style=\"font-weight: 400;\">***<\/span><\/p>\n<p><br style=\"font-weight: 400;\" \/><br style=\"font-weight: 400;\" \/><\/p>\n<\/div>\n<\/div><\/section><br \/>\n<div class='av-social-sharing-box '><div class='av-share-box'><h5 class='av-share-link-description'>Compartir esta actividad<\/h5><ul class='av-share-box-list noLightbox'><li class='av-share-link av-social-link-facebook' ><a target='_blank' href='http:\/\/www.facebook.com\/sharer.php?u=https:\/\/casa.oaxaca.gob.mx\/?p=16267&amp;t=Premios%20CaSa%202025%20%E2%80%93%20%C3%89NN%C3%81%20%28Mazateco%29' aria-hidden='true' data-av_icon='\ue8f3' data-av_iconfont='entypo-fontello' title='' data-avia-related-tooltip='Share on Facebook'><span class='avia_hidden_link_text'>Share on Facebook<\/span><\/a><\/li><li class='av-share-link av-social-link-twitter' ><a target='_blank' href='https:\/\/twitter.com\/share?text=Premios%20CaSa%202025%20%E2%80%93%20%C3%89NN%C3%81%20%28Mazateco%29&url=https:\/\/casa.oaxaca.gob.mx\/?p=16267' aria-hidden='true' data-av_icon='\ue8f1' data-av_iconfont='entypo-fontello' title='' data-avia-related-tooltip='Share on Twitter'><span class='avia_hidden_link_text'>Share on Twitter<\/span><\/a><\/li><li class='av-share-link av-social-link-gplus' ><a target='_blank' href='https:\/\/plus.google.com\/share?url=https:\/\/casa.oaxaca.gob.mx\/?p=16267' aria-hidden='true' data-av_icon='\ue8f6' data-av_iconfont='entypo-fontello' title='' data-avia-related-tooltip='Share on Google+'><span class='avia_hidden_link_text'>Share on Google+<\/span><\/a><\/li><li class='av-share-link av-social-link-pinterest' ><a target='_blank' href='http:\/\/pinterest.com\/pin\/create\/button\/?url=https%3A%2F%2Fcasa.oaxaca.gob.mx%2F%3Fp%3D16267&amp;description=Premios%20CaSa%202025%20%E2%80%93%20%C3%89NN%C3%81%20%28Mazateco%29&amp;media=https%3A%2F%2Fcasa.oaxaca.gob.mx%2Fwp-content%2Fuploads%2F2025%2F06%2FMazateco-c-705x484.jpg' aria-hidden='true' data-av_icon='\ue8f8' data-av_iconfont='entypo-fontello' title='' data-avia-related-tooltip='Share on Pinterest'><span class='avia_hidden_link_text'>Share on Pinterest<\/span><\/a><\/li><li class='av-share-link av-social-link-mail' ><a  href='mailto:?subject=Premios%20CaSa%202025%20%E2%80%93%20%C3%89NN%C3%81%20%28Mazateco%29&amp;body=https:\/\/casa.oaxaca.gob.mx\/?p=16267' aria-hidden='true' data-av_icon='\ue805' data-av_iconfont='entypo-fontello' title='' data-avia-related-tooltip='Share by Mail'><span class='avia_hidden_link_text'>Share by Mail<\/span><\/a><\/li><\/ul><\/div><\/div><\/p><\/div>\n<div class=\"flex_column av_two_fifth  flex_column_div av-zero-column-padding   \" style='border-radius:0px; '><p><section class=\"av_textblock_section\"  itemscope=\"itemscope\" itemtype=\"https:\/\/schema.org\/BlogPosting\" itemprop=\"blogPost\" ><div class='avia_textblock '   itemprop=\"text\" ><p><strong>Descargables<\/strong><\/p>\n<\/div><\/section><br \/>\n<div class='avia-table main_color avia-pricing-table-container  avia_pricing_default avia-table-1 '  itemscope=\"itemscope\" itemtype=\"https:\/\/schema.org\/Table\" ><div class='pricing-table-wrap'><ul class='pricing-table '><li class=''><div class='first-table-item'>PDF<\/div><span class='pricing-extra'><\/span><\/li><li class=''><a href=\"https:\/\/casa.oaxaca.gob.mx\/wp-content\/uploads\/2025\/06\/MAZATECO.pdf\"><img loading=\"lazy\" decoding=\"async\" src=\"https:\/\/casa.oaxaca.gob.mx\/wp-content\/uploads\/2018\/08\/001-pdf.jpg\" alt=\"\" width=\"40\" height=\"46\" \/><\/a><\/li><\/ul><\/div><\/div><br \/>\n<div id='av-masonry-1' class='av-masonry noHover av-flex-size av-large-gap av-hover-overlay- av-masonry-col-flexible av-caption-always av-caption-style- av-masonry-gallery  '  ><div class='av-masonry-container isotope av-js-disabled ' ><div class='av-masonry-entry isotope-item av-masonry-item-no-image '><\/div><a href=\"https:\/\/casa.oaxaca.gob.mx\/wp-content\/uploads\/2025\/06\/Premios-CaSa-ganadores-2025_GPC9-824x1030.jpg\" id='av-masonry-1-item-17871' data-av-masonry-item='17871' class='av-masonry-entry isotope-item post-17871 attachment type-attachment status-inherit hentry  av-masonry-item-with-image' title=\"\"  itemprop=\"thumbnailUrl\" ><div class='av-inner-masonry-sizer'><\/div><figure class='av-inner-masonry main_color'><div class=\"av-masonry-outerimage-container\"><div class=\"av-masonry-image-container\" style=\"background-image: url(https:\/\/casa.oaxaca.gob.mx\/wp-content\/uploads\/2025\/06\/Premios-CaSa-ganadores-2025_GPC9-564x705.jpg);\"><img decoding=\"async\" src=\"https:\/\/casa.oaxaca.gob.mx\/wp-content\/uploads\/2025\/06\/Premios-CaSa-ganadores-2025_GPC9-564x705.jpg\" title=\"Premios CaSa ganadores 2025_GPC9\" alt=\"\" \/><\/div><\/div><figcaption class='av-inner-masonry-content site-background'><div class='av-inner-masonry-content-pos'><div class='av-inner-masonry-content-pos-content'><div class='avia-arrow'><\/div><h3 class='av-masonry-entry-title entry-title'  itemprop=\"headline\" >Premios CaSa ganadores 2025_GPC9<\/h3><\/div><\/div><\/figcaption><\/figure><\/a><!--end av-masonry entry--><\/div><\/div><\/p><\/div><div class=\"flex_column av_one_third  flex_column_div av-zero-column-padding first  \" style='border-radius:0px; '><\/div><\/p>\n<div class=\"flex_column av_one_third  flex_column_div av-zero-column-padding   \" style='border-radius:0px; '><\/div>\n<div class=\"flex_column av_one_third  flex_column_div av-zero-column-padding   \" style='border-radius:0px; '><\/div>\n<div class=\"flex_column av_two_fifth  flex_column_div av-zero-column-padding first  \" style='border-radius:0px; '><\/div>\n<div class=\"flex_column av_two_fifth  flex_column_div av-zero-column-padding   \" style='border-radius:0px; '><\/div>\n","protected":false},"excerpt":{"rendered":"","protected":false},"author":1,"featured_media":16230,"comment_status":"open","ping_status":"open","sticky":false,"template":"","format":"standard","meta":{"_exactmetrics_skip_tracking":false,"_exactmetrics_sitenote_active":false,"_exactmetrics_sitenote_note":"","_exactmetrics_sitenote_category":0,"footnotes":""},"categories":[204,194,208],"tags":[],"class_list":["post-16267","post","type-post","status-publish","format-standard","has-post-thumbnail","hentry","category-204","category-convocatorias-pasadas","category-premios-casa-2025"],"_links":{"self":[{"href":"https:\/\/casa.oaxaca.gob.mx\/index.php?rest_route=\/wp\/v2\/posts\/16267","targetHints":{"allow":["GET"]}}],"collection":[{"href":"https:\/\/casa.oaxaca.gob.mx\/index.php?rest_route=\/wp\/v2\/posts"}],"about":[{"href":"https:\/\/casa.oaxaca.gob.mx\/index.php?rest_route=\/wp\/v2\/types\/post"}],"author":[{"embeddable":true,"href":"https:\/\/casa.oaxaca.gob.mx\/index.php?rest_route=\/wp\/v2\/users\/1"}],"replies":[{"embeddable":true,"href":"https:\/\/casa.oaxaca.gob.mx\/index.php?rest_route=%2Fwp%2Fv2%2Fcomments&post=16267"}],"version-history":[{"count":4,"href":"https:\/\/casa.oaxaca.gob.mx\/index.php?rest_route=\/wp\/v2\/posts\/16267\/revisions"}],"predecessor-version":[{"id":17872,"href":"https:\/\/casa.oaxaca.gob.mx\/index.php?rest_route=\/wp\/v2\/posts\/16267\/revisions\/17872"}],"wp:featuredmedia":[{"embeddable":true,"href":"https:\/\/casa.oaxaca.gob.mx\/index.php?rest_route=\/wp\/v2\/media\/16230"}],"wp:attachment":[{"href":"https:\/\/casa.oaxaca.gob.mx\/index.php?rest_route=%2Fwp%2Fv2%2Fmedia&parent=16267"}],"wp:term":[{"taxonomy":"category","embeddable":true,"href":"https:\/\/casa.oaxaca.gob.mx\/index.php?rest_route=%2Fwp%2Fv2%2Fcategories&post=16267"},{"taxonomy":"post_tag","embeddable":true,"href":"https:\/\/casa.oaxaca.gob.mx\/index.php?rest_route=%2Fwp%2Fv2%2Ftags&post=16267"}],"curies":[{"name":"wp","href":"https:\/\/api.w.org\/{rel}","templated":true}]}}