{"id":16319,"date":"2025-06-26T13:14:33","date_gmt":"2025-06-26T19:14:33","guid":{"rendered":"https:\/\/casa.oaxaca.gob.mx\/?p=16319"},"modified":"2026-01-22T13:56:20","modified_gmt":"2026-01-22T19:56:20","slug":"programa-de-residencias-para-docentes-en-artes-tercera-edicion","status":"publish","type":"post","link":"https:\/\/casa.oaxaca.gob.mx\/?p=16319","title":{"rendered":"Programa de Residencias para Docentes en Artes. Tercera edici\u00f3n."},"content":{"rendered":"<\/div><\/div><\/div><!-- close content main div --><\/div><\/div><div id='av_section_1' class='avia-section main_color avia-section-no-padding avia-no-border-styling avia-full-stretch av-parallax-section avia-bg-style-parallax  av-minimum-height av-minimum-height-75 container_wrap fullsize'  data-section-bg-repeat='stretch' ><div class='av-parallax' data-avia-parallax-ratio='0.3' ><div class='av-parallax-inner main_color  avia-full-stretch' style = 'background-repeat: no-repeat; background-image: url(https:\/\/casa.oaxaca.gob.mx\/wp-content\/uploads\/2025\/05\/WEB-Programa_Residentes_03.2--scaled.jpg); background-attachment: scroll; background-position: bottom center; ' ><\/div><\/div><div class='container' ><div class='template-page content  av-content-full alpha units'><div class='post-entry post-entry-type-page post-entry-16319'><div class='entry-content-wrapper clearfix'>\n\n\n<\/div><\/div><\/div><!-- close content main div --><\/div><\/div><div id='av-layout-grid-1' class='av-layout-grid-container entry-content-wrapper main_color av-flex-cells  container_wrap fullsize'   >\n<div class=\"flex_cell no_margin av_one_full   \" style='vertical-align:top; padding:30px; background-color:#006bb2; '><div class='flex_cell_inner' ><p><div class=\"flex_column av_one_third  flex_column_div av-zero-column-padding first  \" style='border-radius:0px; '><div style='padding-bottom:10px;color:#ffffff;' class='av-special-heading av-special-heading-h3 custom-color-heading blockquote modern-quote '><h3 class='av-special-heading-tag'  itemprop=\"headline\"  >Cierre de la convocatoria<\/h3><div class ='av-subheading av-subheading_below av_custom_color' style='font-size:20px;'><p>Jueves 31 de julio de 2025<br \/>\n22:00 h<\/p>\n<\/div><div class='special-heading-border'><div class='special-heading-inner-border' style='border-color:#ffffff'><\/div><\/div><\/div><\/div><div class=\"flex_column av_one_third  flex_column_div av-zero-column-padding   \" style='border-radius:0px; '><div style='padding-bottom:10px;color:#ffffff;' class='av-special-heading av-special-heading-h3 custom-color-heading blockquote modern-quote '><h3 class='av-special-heading-tag'  itemprop=\"headline\"  >Publicaci\u00f3n de resultados<\/h3><div class ='av-subheading av-subheading_below av_custom_color' style='font-size:20px;'><p>Lunes 25 de agosto de 2025<\/p>\n<\/div><div class='special-heading-border'><div class='special-heading-inner-border' style='border-color:#ffffff'><\/div><\/div><\/div><\/div><div class=\"flex_column av_one_third  flex_column_div av-zero-column-padding   \" style='border-radius:0px; '><\/div><\/p>\n<\/div><\/div>\n<\/div>\n<div class=\"flex_column av_three_fifth  flex_column_div av-zero-column-padding first  \" style='background-color:#ffffff; border-radius:0px; '><section class=\"av_textblock_section\"  itemscope=\"itemscope\" itemtype=\"https:\/\/schema.org\/BlogPosting\" itemprop=\"blogPost\" ><div class='avia_textblock  av_inherit_color'  style='font-size:16px; color:#0a0a0a; '  itemprop=\"text\" ><div title=\"Page 1\">\n<h1><strong>PROGRAMA DE RESIDENCIAS PARA DOCENTES EN ARTES.<br \/>\nTERCERA EDICI\u00d3N<br \/>\nCaSa 2025<\/strong><\/h1>\n<\/div>\n<div title=\"Page 1\">\n<h3><span style=\"color: #ffffff;\">&#8211;<\/span><\/h3>\n<h3>PROYECTOS SELECCIONADOS Y BENEFICIARIOS<\/h3>\n<p><b>Alessandro Bo Rohde<\/b><\/p>\n<p>Provocaciones narrativas en la fotograf\u00eda documental<\/p>\n<p>Oaxaca<\/p>\n<p><b>Mar\u00eda del Carmen Cebreros Urzaiz<\/b><\/p>\n<p>Humanidades Ambientales: C\u00edrculo de estudio<\/p>\n<p>CDMX<\/p>\n<p><b>Bernardo Jos\u00e9 P\u00e9rez de la Torre<\/b><\/p>\n<p>Reutiliza tus materiales fotogr\u00e1ficos velados, caducos o sobre expuestos.<\/p>\n<p>CDMX<\/p>\n<\/div>\n<p>****<\/p>\n<div title=\"Page 1\">\n<h3>Antecedentes<\/h3>\n<p><span style=\"font-weight: 400;\">El Centro de las Artes de San Agust\u00edn es un espacio para la formaci\u00f3n, creaci\u00f3n, experimentaci\u00f3n, gesti\u00f3n, producci\u00f3n, difusi\u00f3n e investigaci\u00f3n de diferentes disciplinas art\u00edsticas y del arte popular, es el primer Centro Ecol\u00f3gico para las Artes en el Estado de Oaxaca, creando un espacio interinstitucional destinado a fortalecer la educaci\u00f3n art\u00edstica en el estado. <\/span><\/p>\n<h3><span style=\"color: #ffffff;\">&#8211;<\/span><\/h3>\n<h3><b>Trabajo Estatal de Desarrollo<\/b><\/h3>\n<p><span style=\"font-weight: 400;\">El Centro de las Artes de San Agust\u00edn conforme al Plan Estatal de Desarrollo, tiene el inter\u00e9s en participar con el Objetivo 1.5. Fortalecer el acceso a la cultura de la Poblaci\u00f3n Oaxaque\u00f1a, con la Estrategia 1.5.2. <\/span><span style=\"font-weight: 400;\">Facilitar el acceso de las personas a los bienes y servicios culturales y fortalecer la participaci\u00f3n de la cultura en la econom\u00eda estatal y una L\u00ednea de acci\u00f3n 1.5.2.5 Desarrollar programas de formaci\u00f3n y capacitaci\u00f3n art\u00edstica y cultural con la finalidad de impulsar el desarrollo creativo y sostenible en el\u00a0 estado.<\/span><\/p>\n<h3><span style=\"color: #ffffff;\">&#8211;<\/span><\/h3>\n<h3><b>Eje en los Planes Institucionales<\/b><\/h3>\n<p><span style=\"font-weight: 400;\">El Centro de las Artes de San Agust\u00edn conforme al Plan Especial, Igualdad de G\u00e9nero y el <\/span><span style=\"font-weight: 400;\">Plan Especial, Protecci\u00f3n Integral de Ni\u00f1as, Ni\u00f1os y Adolescentes,<\/span><span style=\"font-weight: 400;\"> tiene el inter\u00e9s de participar en la Alineaci\u00f3n a los Instrumentos de Planeaci\u00f3n, <\/span><span style=\"font-weight: 400;\">E.T.IG.1.1.1 Promover en los procesos educativos la incorporaci\u00f3n transversal de la perspectiva de g\u00e9nero y los derechos de las mujeres con pertinencia cultural y E.T.NNA.1.1.5 Fortalecer el acceso de Ni\u00f1as, Ni\u00f1os y Adolescentes a la informaci\u00f3n sobre actividades art\u00edsticas, f\u00edsicas, deportivas y de esparcimiento. <\/span><\/p>\n<h3><span style=\"color: #ffffff;\">&#8211;<\/span><\/h3>\n<h3><b>Justificaci\u00f3n<\/b><\/h3>\n<p><span style=\"font-weight: 400;\">Esta convocatoria servir\u00e1 para fortalecer y difundir las expresiones culturales y art\u00edsticas de M\u00e9xico, impulsando y diversificando el desarrollo creativo y la oferta cultural para garantizar un pleno uso, goce y disfrute de los bienes en la regi\u00f3n y seguir enriqueciendo as\u00ed el patrimonio cultural del pa\u00eds y fomentando el di\u00e1logo intercultural. Adem\u00e1s, permite a los participantes explorar y aprender sobre diversas t\u00e9cnicas, lo que puede fomentar la creatividad y la innovaci\u00f3n en la creaci\u00f3n de nuevas obras y dise\u00f1os.<\/span><\/p>\n<h3><span style=\"color: #ffffff;\">&#8211;<\/span><\/h3>\n<h3><b>Impacto en la sociedad<\/b><\/h3>\n<p><span style=\"font-weight: 400;\">El impacto ser\u00e1 fortalecer y apoyar la formaci\u00f3n, investigaci\u00f3n, difusi\u00f3n, divulgaci\u00f3n y desarrollo de proyectos, con el fin de contribuir al avance del conocimiento universal, al desarrollo integral y sostenible del pa\u00eds, al bienestar de las generaciones presentes y futuras, a la preservaci\u00f3n, restauraci\u00f3n, protecci\u00f3n y mejoramiento del ambiente, y a la consecuci\u00f3n de los objetivos constitucionales del estado mexicano.<\/span><\/p>\n<p><span style=\"font-weight: 400;\">El Centro de las Artes de San Agust\u00edn (CaSa) convoca a docentes en artes con nacionalidad y residencia en M\u00e9xico a participar en su programa de residencias, con el objetivo de:<\/span><\/p>\n<p><span style=\"font-weight: 400;\">&#8211; Transmitir conocimientos sobre t\u00e9cnicas y\/o conceptos art\u00edsticos.<\/span><\/p>\n<p><span style=\"font-weight: 400;\">&#8211; Explorar propuestas pedag\u00f3gicas.<\/span><\/p>\n<p><span style=\"font-weight: 400;\">&#8211; Integrar los conocimientos adquiridos durante su residencia art\u00edstica en el CaSa a su propia pr\u00e1ctica.<\/span><\/p>\n<p><span style=\"font-weight: 400;\">Durante su residencia, los beneficiarios tendr\u00e1n la oportunidad de dise\u00f1ar y ejecutar proyectos educativos dirigidos a ni\u00f1os, ni\u00f1as, adolescentes <\/span><span style=\"font-weight: 400;\">o<\/span><span style=\"font-weight: 400;\"> adultos.<\/span><\/p>\n<h3><span style=\"color: #ffffff;\">&#8211;<\/span><\/h3>\n<h3><b>Apoyo financiero<\/b><\/h3>\n<p><span style=\"font-weight: 400;\">&#8211; Se seleccionar\u00e1n 3 beneficiarios para llevar a cabo sus proyectos educativos.<\/span><\/p>\n<p><span style=\"font-weight: 400;\">&#8211; Se otorgar\u00e1 un apoyo econ\u00f3mico de $20,000.00 (Veinte mil pesos 00\/100 M.N.) por proyecto seleccionado.<\/span><\/p>\n<p><span style=\"font-weight: 400;\">&#8211; Los beneficiarios ser\u00e1n responsables de cubrir los gastos de traslado y alimentaci\u00f3n durante el tiempo que dure la actividad.<\/span><\/p>\n<h3><span style=\"color: #ffffff;\">&#8211;<\/span><\/h3>\n<h3><b>Estructura del programa<\/b><\/h3>\n<p><span style=\"font-weight: 400;\">&#8211; Primera semana (obligatoria): El beneficiario conocer\u00e1 los espacios, programas y procesos del CaSa, con la posibilidad de integrarlos al proyecto.<\/span><\/p>\n<p><span style=\"font-weight: 400;\">&#8211; Segunda semana (obligatoria): El beneficiario implementar\u00e1 el proyecto educativo (curso, taller, laboratorio o seminario) durante cinco d\u00edas, con una duraci\u00f3n total de 20 horas.<\/span><\/p>\n<h3><\/h3>\n<h3><b>Fechas<\/b><\/h3>\n<p><b>Fecha de publicaci\u00f3n:\u00a0<\/b><span style=\"font-weight: 400;\">Lunes 23 de junio de 2025<\/span><\/p>\n<p><b>Cierre de convocatoria: \u00a0<span style=\"font-weight: 400;\">Jueves 31 de julio a las 22:00 hrs. <\/span><\/b><\/p>\n<p><b>Anuncio de los ganadores: <span style=\"font-weight: 400;\">Lunes 25 de agosto de 2025. <\/span><\/b><\/p>\n<p><b>Fecha de realizaci\u00f3n<span style=\"font-weight: 400;\">: \u00a0Del lunes 20 al viernes 31 de octubre de 2025.<\/span><\/b><\/p>\n<p><b>Ubicaci\u00f3n<span style=\"font-weight: 400;\">:\u00a0<\/span><\/b>Centro de las Artes de San Agust\u00edn\u00a0<span style=\"font-weight: 400;\">(Av. Independencia S\/N, Barrio de Vista Hermosa, San Agust\u00edn Etla, Oaxaca).<\/span><\/p>\n<h3><span style=\"color: #ffffff;\">&#8211;<\/span><\/h3>\n<h3><b>Requisitos<\/b><\/h3>\n<p><span style=\"font-weight: 400;\">&#8211; Presentar un proyecto educativo a trav\u00e9s del formulario considerando el tipo de espacio que requieren, ya sea de usos m\u00faltiples o especializados disponibles en el CaSa, los cuales podr\u00e1n ser utilizados seg\u00fan la naturaleza y los requerimientos espec\u00edficos del proyecto.\u00a0<\/span><\/p>\n<p><span style=\"font-weight: 400;\">Entre los espacios destinados para la creaci\u00f3n y experimentaci\u00f3n art\u00edstica se encuentran los siguientes: Un taller de gr\u00e1fica tradicional, un laboratorio de fotograf\u00eda an\u00e1loga, un taller de afelpado, un sal\u00f3n para te\u00f1ido con tintes naturales, salones de usos m\u00faltiples y una duela destinada a la ense\u00f1anza de danza contempor\u00e1nea.\u00a0<\/span><\/p>\n<p><span style=\"font-weight: 400;\">&#8211; El proyecto educativo deber\u00e1 tener una duraci\u00f3n de 20 horas desarroll\u00e1ndose en cinco d\u00edas como m\u00e1ximo. <\/span><\/p>\n<h3><span style=\"color: #ffffff;\">&#8211;<\/span><\/h3>\n<h3><b>Criterios de selecci\u00f3n<\/b><\/h3>\n<p><span style=\"font-weight: 400;\">Las propuestas ser\u00e1n evaluadas por el comit\u00e9 dictaminador <\/span><span style=\"font-weight: 400;\">que estar\u00e1 integrado por profesionales de diversas disciplinas art\u00edsticas con experiencia docente. El fallo del comit\u00e9 dictaminador ser\u00e1 inapelable.<\/span><span style=\"font-weight: 400;\"> Las propuestas ser\u00e1n calificadas con base en los siguientes criterios:<\/span><\/p>\n<p><span style=\"font-weight: 400;\">&#8211; Experiencia del postulante en educaci\u00f3n art\u00edstica.<\/span><\/p>\n<p><span style=\"font-weight: 400;\">&#8211; Viabilidad del proyecto.<\/span><\/p>\n<p><span style=\"font-weight: 400;\">&#8211; Originalidad en la propuesta educativa.<\/span><\/p>\n<h3><span style=\"color: #ffffff;\">&#8211;<\/span><\/h3>\n<h3><b>Proceso de postulaci\u00f3n<\/b><\/h3>\n<p><span style=\"font-weight: 400;\">Las personas interesadas deber\u00e1n enviar su propuesta a trav\u00e9s del formulario <\/span><span style=\"color: #3366ff;\"><a style=\"color: #3366ff;\" href=\"https:\/\/forms.gle\/FN9EYXxKGmLcB2Kz9\"><span style=\"font-weight: 400;\">https:\/\/forms.gle\/FN9EYXxKGmLcB2Kz9<\/span><\/a><\/span><\/p>\n<p><span style=\"font-weight: 400;\">Se deber\u00e1 enviar dos documentos en formato PDF con lo siguiente:<\/span><\/p>\n<p><span style=\"font-weight: 400;\">El primer PDF deber\u00e1 contener:<\/span><\/p>\n<p><span style=\"font-weight: 400;\">&#8211; Ficha acad\u00e9mica de la propuesta: descripci\u00f3n del proyecto educativo, objetivo, metodolog\u00eda y temario. (Deber\u00e1s descargar la ficha acad\u00e9mica en el formulario).<\/span><\/p>\n<p><span style=\"font-weight: 400;\">El segundo PDF deber\u00e1 contener:<\/span><\/p>\n<p><span style=\"font-weight: 400;\">&#8211; Acta de nacimiento<\/span><\/p>\n<p><span style=\"font-weight: 400;\">&#8211; Identificaci\u00f3n oficial (INE o pasaporte)<\/span><\/p>\n<p><span style=\"font-weight: 400;\">&#8211; Curriculum vitae y semblanza actualizada.\u00a0<\/span><\/p>\n<p><span style=\"font-weight: 400;\">&#8211; Portafolio de trabajo (opcional).<\/span><\/p>\n<h3><span style=\"color: #ffffff;\">&#8211;<\/span><\/h3>\n<h3><b>Tr\u00e1mite de pago<\/b><\/h3>\n<p><span style=\"font-weight: 400;\">Para recibir el apoyo econ\u00f3mico, las propuestas seleccionadas deber\u00e1n presentar los siguientes documentos:<\/span><\/p>\n<p><span style=\"font-weight: 400;\">&#8211; Car\u00e1tula bancaria reciente (no mayor a 3 meses) que cuente con nombre completo del beneficiario, cuenta CLABE, n\u00famero de cuenta y n\u00famero de sucursal. La cuenta de banco debe poder recibir m\u00ednimo 20,000.00 (Veinte mil pesos 00\/100 M.N.)\u00a0<\/span><\/p>\n<p><span style=\"font-weight: 400;\">&#8211; Constancia de situaci\u00f3n fiscal, no mayor a tres meses.<\/span><\/p>\n<p><span style=\"font-weight: 400;\">&#8211; Identificaci\u00f3n oficial (INE o pasaporte).<\/span><\/p>\n<p><span style=\"font-weight: 400;\">&#8211; Dos facturas; la primera ser\u00e1 emitida durante el mes de julio y la segunda ser\u00e1 emitida durante el mes de agosto.<\/span><\/p>\n<p><span style=\"font-weight: 400;\">&#8211; Comprobante de domicilio, no mayor a tres meses (de preferencia recibo de luz).<\/span><\/p>\n<p><span style=\"font-weight: 400;\">&#8211; CURP.<\/span><\/p>\n<p><span style=\"font-weight: 400;\">&#8211; Acta de nacimiento.<\/span><\/p>\n<p><span style=\"font-weight: 400;\">El apoyo econ\u00f3mico se realizar\u00e1 en dos ministraciones:<\/span><span style=\"font-weight: 400;\"><br \/>\n<\/span><span style=\"font-weight: 400;\">&#8211; Primera ministraci\u00f3n se realizar\u00e1 de $5,000.00 (Cinco mil pesos 00\/100 M.N.) y se entregar\u00e1 durante del mes de julio.<\/span><\/p>\n<p><span style=\"font-weight: 400;\">&#8211; Segunda ministraci\u00f3n se realizar\u00e1 de $15,000.00 (Quince mil pesos 00\/100 M.N.) y se entregar\u00e1 durante el mes de agosto.<\/span><\/p>\n<p><span style=\"font-weight: 400;\">El CaSa anunciar\u00e1 una fecha l\u00edmite, en caso de no enviar los documentos en las fechas establecidas se beneficiar\u00e1 la siguiente mejor propuesta que cumpla con los requisitos.<\/span><\/p>\n<h3><span style=\"color: #ffffff;\"><br style=\"font-weight: 400;\" \/>&#8211;<\/span><\/h3>\n<h3>Compromisos del beneficiario<\/h3>\n<p><span style=\"font-weight: 400;\">&#8211; Firmar una carta compromiso cuando se declare ganador de la convocatoria.\u00a0<\/span><\/p>\n<p><span style=\"font-weight: 400;\">&#8211; Desarrollar un proyecto educativo de 20 horas y llevarlo a cabo.<\/span><\/p>\n<p><span style=\"font-weight: 400;\">&#8211; Participar en las actividades que organice el CaSa durante su estancia.<\/span><\/p>\n<p><span style=\"font-weight: 400;\">&#8211; Realizar la selecci\u00f3n de alumnos para participar en la actividad.<\/span><\/p>\n<p><span style=\"font-weight: 400;\">&#8211; Entregar un reporte de actividades realizadas durante su estancia.<\/span><\/p>\n<h3><span style=\"color: #ffffff;\">&#8211;<\/span><\/h3>\n<h3>Consideraciones<\/h3>\n<p><span style=\"font-weight: 400;\">&#8211; Las actividades presentadas en el CaSa se desarrollan con procesos ecol\u00f3gicos, por lo que las propuestas deber\u00e1n adaptarse para garantizar el respeto y la preservaci\u00f3n del medio ambiente.<\/span><\/p>\n<p><b>&#8211; <\/b><span style=\"font-weight: 400;\">El CaSa \u00fanicamente apoyar\u00e1 con el hospedaje y las instalaciones los d\u00edas que dure el programa.<\/span><\/p>\n<p><b>&#8211; <\/b><span style=\"font-weight: 400;\">Los gastos de alimentaci\u00f3n, materiales y transporte, deber\u00e1n ser cubiertos por el beneficiario. En caso de necesitar m\u00e1s recursos el ganador deber\u00e1 cubrirlo.<\/span><\/p>\n<p><b>&#8211; <\/b><span style=\"font-weight: 400;\">El per\u00edodo de la actividad no es negociable, por lo que deber\u00e1n considerarlo previo a su postulaci\u00f3n.\u00a0<\/span><\/p>\n<p><b>&#8211; <\/b><span style=\"font-weight: 400;\">El CaSa no asume responsabilidad alguna por accidentes, lesiones, da\u00f1os, robos o extrav\u00edos que puedan ocurrir durante el per\u00edodo de residencia. Se recomienda a los beneficiarios contar con un seguro personal m\u00e9dico <\/span><span style=\"font-weight: 400;\">\u00a0y\/o<\/span><span style=\"font-weight: 400;\"> de accidentes.<\/span><\/p>\n<p><b>&#8211; <\/b><span style=\"font-weight: 400;\">Se conformar\u00e1 un comit\u00e9 dictaminador cuya resoluci\u00f3n ser\u00e1 inapelable.<\/span><\/p>\n<p><span style=\"font-weight: 400;\">&#8211; En caso de que el beneficiario no pueda cumplir con las condiciones de las bases se beneficiar\u00e1 a la siguiente mejor propuesta.<\/span><\/p>\n<p><b>&#8211; <\/b><span style=\"font-weight: 400;\">Los casos no previstos en la presente convocatoria ser\u00e1n resueltos por la instituci\u00f3n convocante.<\/span><\/p>\n<p><span style=\"font-weight: 400;\">&#8211; Los beneficiarios de emisiones anteriores de esta convocatoria no podr\u00e1n postularse para la presente o futuras ediciones de la convocatoria &#8220;Programa de Residencias para Docentes en Artes&#8221;.<\/span><\/p>\n<p><span style=\"font-weight: 400;\">Para m\u00e1s informaci\u00f3n, comunicarse al correo electr\u00f3nico <\/span><b>docentesenartes.casa@gmail.com<\/b><span style=\"font-weight: 400;\"> o consulta la p\u00e1gina<\/span> <span style=\"color: #3366ff;\"><a style=\"color: #3366ff;\" href=\"https:\/\/casa.oaxaca.gob.mx\/wp\/\"><span style=\"font-weight: 400;\">https:\/\/casa.oaxaca.gob.mx\/<\/span><\/a><\/span><\/p>\n<h3><span style=\"color: #ffffff;\">&#8211;<\/span><\/h3>\n<h3>Aviso de privacidad simplificado<\/h3>\n<p><span style=\"font-weight: 400;\">El Centro de las Artes de San Agust\u00edn, con domicilio en Independencia Sin n\u00famero, Soledad Vista Hermosa, San Agust\u00edn, Etla, Oaxaca, es el responsable del tratamiento de los datos personales que usted proporcione; los cuales ser\u00e1n protegidos conforme a lo dispuesto por Ley General de Protecci\u00f3n de Datos Personales en posesi\u00f3n de Sujetos Obligados y la Ley de Protecci\u00f3n de Datos Personales en Posesi\u00f3n de Sujetos Obligados del Estado de Oaxaca y dem\u00e1s normatividad aplicable.<\/span><\/p>\n<p><span style=\"font-weight: 400;\">Sus datos personales ser\u00e1n utilizados para cualquiera de las siguientes finalidades:\u00a0<\/span><\/p>\n<ul>\n<li style=\"font-weight: 400;\" aria-level=\"1\"><span style=\"font-weight: 400;\">Contrataci\u00f3n de personal.<\/span><\/li>\n<li style=\"font-weight: 400;\" aria-level=\"1\"><span style=\"font-weight: 400;\">Elaboraci\u00f3n de n\u00f3mina e incidencia de trabajadores.\u00a0<\/span><\/li>\n<li style=\"font-weight: 400;\" aria-level=\"1\"><span style=\"font-weight: 400;\">Reporte de deducciones y percepciones de asalariados.\u00a0<\/span><\/li>\n<li style=\"font-weight: 400;\" aria-level=\"1\"><span style=\"font-weight: 400;\">Registro de alumnos inscritos en cada uno de los talleres.\u00a0<\/span><\/li>\n<li style=\"font-weight: 400;\" aria-level=\"1\"><span style=\"font-weight: 400;\">Listas de Asistencias.\u00a0<\/span><\/li>\n<li style=\"font-weight: 400;\" aria-level=\"1\"><span style=\"font-weight: 400;\">Promoci\u00f3n de Actividades art\u00edsticas y culturales que organiza la Instituci\u00f3n.\u00a0<\/span><\/li>\n<li style=\"font-weight: 400;\" aria-level=\"1\"><span style=\"font-weight: 400;\">Tr\u00e1mite a solicitudes de informaci\u00f3n que recibe la Unidad de Transparencia.\u00a0<\/span><\/li>\n<li style=\"font-weight: 400;\" aria-level=\"1\"><span style=\"font-weight: 400;\">Agenda Laboral del Director.\u00a0<\/span><\/li>\n<li style=\"font-weight: 400;\" aria-level=\"1\"><span style=\"font-weight: 400;\">Directorio de maestros y artistas.\u00a0<\/span><\/li>\n<li style=\"font-weight: 400;\" aria-level=\"1\"><span style=\"font-weight: 400;\">Documentaci\u00f3n de la firma de actas, convenios y contratos.\u00a0<\/span><\/li>\n<\/ul>\n<p><span style=\"font-weight: 400;\">Sus datos personales no podr\u00e1n ser difundidos sin su consentimiento expreso, salvo las excepciones previstas por la Ley en la materia.<\/span><\/p>\n<p><span style=\"font-weight: 400;\">El fundamento para el tratamiento de los datos personales son los art\u00edculos 16,17, 18, 25 y 26 de la Ley General de Protecci\u00f3n de Datos Personales en Posesi\u00f3n de Sujetos Obligados; 09, 10, 11, 14 y 19 de la Ley de Protecci\u00f3n de Datos Personales en Posesi\u00f3n de Sujetos Obligados del Estado de Oaxaca.\u00a0<\/span><\/p>\n<p><span style=\"font-weight: 400;\">Usted, como titular de los datos personales podr\u00e1 ejercer los derechos de acceso, rectificaci\u00f3n, cancelaci\u00f3n y oposici\u00f3n de sus datos personales ante la Unidad de Transparencia ubicada en las oficinas administrativas del Centro de las Artes de San Agust\u00edn ubicadas en Independencia Sin n\u00famero, Soledad Vista Hermosa, San Agust\u00edn, Etla, Oaxaca, C.P. 68247, tel\u00e9fono (951) 52 12574, 52 13042, 52 13043 EXT. 101 por escrito libre.<\/span><\/p>\n<p><span style=\"font-weight: 400;\">La negativa del uso de sus datos personales para estas finalidades no podr\u00e1 ser un motivo para que le neguemos los servicios que solicita con nosotros. Se podr\u00e1 consultar nuestro aviso de privacidad integral en nuestra p\u00e1gina de Internet <\/span><a href=\"https:\/\/casa.oaxaca.gob.mx\/?page_id=8801\"><span style=\"font-weight: 400;\">https:\/\/casa.oaxaca.gob.mx\/?page_id=8801<\/span><\/a><\/p>\n<h3><span style=\"color: #ffffff;\">&#8211;<\/span><\/h3>\n<p><span style=\"font-weight: 400;\">***<\/span><\/p>\n<p><br style=\"font-weight: 400;\" \/><br style=\"font-weight: 400;\" \/><\/p>\n<\/div>\n<\/div><\/section><br \/>\n<div class='av-social-sharing-box '><div class='av-share-box'><h5 class='av-share-link-description'>Compartir esta actividad<\/h5><ul class='av-share-box-list noLightbox'><li class='av-share-link av-social-link-facebook' ><a target='_blank' href='http:\/\/www.facebook.com\/sharer.php?u=https:\/\/casa.oaxaca.gob.mx\/?p=16319&amp;t=Programa%20de%20Residencias%20para%20Docentes%20en%20Artes.%20Tercera%20edici%C3%B3n.' aria-hidden='true' data-av_icon='\ue8f3' data-av_iconfont='entypo-fontello' title='' data-avia-related-tooltip='Share on Facebook'><span class='avia_hidden_link_text'>Share on Facebook<\/span><\/a><\/li><li class='av-share-link av-social-link-twitter' ><a target='_blank' href='https:\/\/twitter.com\/share?text=Programa%20de%20Residencias%20para%20Docentes%20en%20Artes.%20Tercera%20edici%C3%B3n.&url=https:\/\/casa.oaxaca.gob.mx\/?p=16319' aria-hidden='true' data-av_icon='\ue8f1' data-av_iconfont='entypo-fontello' title='' data-avia-related-tooltip='Share on Twitter'><span class='avia_hidden_link_text'>Share on Twitter<\/span><\/a><\/li><li class='av-share-link av-social-link-gplus' ><a target='_blank' href='https:\/\/plus.google.com\/share?url=https:\/\/casa.oaxaca.gob.mx\/?p=16319' aria-hidden='true' data-av_icon='\ue8f6' data-av_iconfont='entypo-fontello' title='' data-avia-related-tooltip='Share on Google+'><span class='avia_hidden_link_text'>Share on Google+<\/span><\/a><\/li><li class='av-share-link av-social-link-pinterest' ><a target='_blank' href='http:\/\/pinterest.com\/pin\/create\/button\/?url=https%3A%2F%2Fcasa.oaxaca.gob.mx%2F%3Fp%3D16319&amp;description=Programa%20de%20Residencias%20para%20Docentes%20en%20Artes.%20Tercera%20edici%C3%B3n.&amp;media=https%3A%2F%2Fcasa.oaxaca.gob.mx%2Fwp-content%2Fuploads%2F2025%2F05%2FC-Programa_Residentes_03.2--705x484.jpg' aria-hidden='true' data-av_icon='\ue8f8' data-av_iconfont='entypo-fontello' title='' data-avia-related-tooltip='Share on Pinterest'><span class='avia_hidden_link_text'>Share on Pinterest<\/span><\/a><\/li><li class='av-share-link av-social-link-mail' ><a  href='mailto:?subject=Programa%20de%20Residencias%20para%20Docentes%20en%20Artes.%20Tercera%20edici%C3%B3n.&amp;body=https:\/\/casa.oaxaca.gob.mx\/?p=16319' aria-hidden='true' data-av_icon='\ue805' data-av_iconfont='entypo-fontello' title='' data-avia-related-tooltip='Share by Mail'><span class='avia_hidden_link_text'>Share by Mail<\/span><\/a><\/li><\/ul><\/div><\/div><\/p><\/div><div class=\"flex_column av_two_fifth  flex_column_div av-zero-column-padding   \" style='border-radius:0px; '><p><section class=\"av_textblock_section\"  itemscope=\"itemscope\" itemtype=\"https:\/\/schema.org\/BlogPosting\" itemprop=\"blogPost\" ><div class='avia_textblock '   itemprop=\"text\" ><p><strong>Descargables<\/strong><\/p>\n<\/div><\/section><br \/>\n<div class='avia-table main_color avia-pricing-table-container  avia_pricing_default avia-table-1 '  itemscope=\"itemscope\" itemtype=\"https:\/\/schema.org\/Table\" ><div class='pricing-table-wrap'><ul class='pricing-table '><li class=''><div class='first-table-item'>PDF<\/div><span class='pricing-extra'><\/span><\/li><li class=''><a href=\"https:\/\/casa.oaxaca.gob.mx\/wp-content\/uploads\/2025\/06\/Residencia_Docentes_TerceraEdicion-2.pdf\"><img loading=\"lazy\" decoding=\"async\" src=\"https:\/\/casa.oaxaca.gob.mx\/wp-content\/uploads\/2018\/08\/001-pdf.jpg\" alt=\"\" width=\"40\" height=\"46\" \/><\/a><\/li><\/ul><\/div><\/div><br \/>\n<div id='av-masonry-1' class='av-masonry noHover av-flex-size av-large-gap av-hover-overlay- av-masonry-col-flexible av-caption-always av-caption-style- av-masonry-gallery  '  ><div class='av-masonry-container isotope av-js-disabled ' ><div class='av-masonry-entry isotope-item av-masonry-item-no-image '><\/div><a href=\"https:\/\/casa.oaxaca.gob.mx\/wp-content\/uploads\/2025\/05\/Residencias_Docentes_POST-1030x824.png\" id='av-masonry-1-item-16307' data-av-masonry-item='16307' class='av-masonry-entry isotope-item post-16307 attachment type-attachment status-inherit hentry  av-masonry-item-with-image' title=\"\"  itemprop=\"thumbnailUrl\" ><div class='av-inner-masonry-sizer'><\/div><figure class='av-inner-masonry main_color'><div class=\"av-masonry-outerimage-container\"><div class=\"av-masonry-image-container\" style=\"background-image: url(https:\/\/casa.oaxaca.gob.mx\/wp-content\/uploads\/2025\/05\/Residencias_Docentes_POST-705x564.png);\"><img decoding=\"async\" src=\"https:\/\/casa.oaxaca.gob.mx\/wp-content\/uploads\/2025\/05\/Residencias_Docentes_POST-705x564.png\" title=\"Residencias_Docentes_POST\" alt=\"\" \/><\/div><\/div><figcaption class='av-inner-masonry-content site-background'><div class='av-inner-masonry-content-pos'><div class='av-inner-masonry-content-pos-content'><div class='avia-arrow'><\/div><h3 class='av-masonry-entry-title entry-title'  itemprop=\"headline\" >Residencias_Docentes_POST<\/h3><\/div><\/div><\/figcaption><\/figure><\/a><!--end av-masonry entry--><\/div><\/div><\/p><\/div><\/p>\n<div class=\"flex_column av_one_third  flex_column_div av-zero-column-padding first  \" style='border-radius:0px; '><\/div>\n<div class=\"flex_column av_one_third  flex_column_div av-zero-column-padding   \" style='border-radius:0px; '><\/div>\n<div class=\"flex_column av_one_third  flex_column_div av-zero-column-padding   \" style='border-radius:0px; '><\/div>\n<div class=\"flex_column av_two_fifth  flex_column_div av-zero-column-padding first  \" style='border-radius:0px; '><\/div>\n<div class=\"flex_column av_two_fifth  flex_column_div av-zero-column-padding   \" style='border-radius:0px; '><\/div>\n","protected":false},"excerpt":{"rendered":"","protected":false},"author":1,"featured_media":16304,"comment_status":"open","ping_status":"open","sticky":false,"template":"","format":"standard","meta":{"_exactmetrics_skip_tracking":false,"_exactmetrics_sitenote_active":false,"_exactmetrics_sitenote_note":"","_exactmetrics_sitenote_category":0,"footnotes":""},"categories":[204,194],"tags":[],"class_list":["post-16319","post","type-post","status-publish","format-standard","has-post-thumbnail","hentry","category-204","category-convocatorias-pasadas"],"_links":{"self":[{"href":"https:\/\/casa.oaxaca.gob.mx\/index.php?rest_route=\/wp\/v2\/posts\/16319","targetHints":{"allow":["GET"]}}],"collection":[{"href":"https:\/\/casa.oaxaca.gob.mx\/index.php?rest_route=\/wp\/v2\/posts"}],"about":[{"href":"https:\/\/casa.oaxaca.gob.mx\/index.php?rest_route=\/wp\/v2\/types\/post"}],"author":[{"embeddable":true,"href":"https:\/\/casa.oaxaca.gob.mx\/index.php?rest_route=\/wp\/v2\/users\/1"}],"replies":[{"embeddable":true,"href":"https:\/\/casa.oaxaca.gob.mx\/index.php?rest_route=%2Fwp%2Fv2%2Fcomments&post=16319"}],"version-history":[{"count":4,"href":"https:\/\/casa.oaxaca.gob.mx\/index.php?rest_route=\/wp\/v2\/posts\/16319\/revisions"}],"predecessor-version":[{"id":17350,"href":"https:\/\/casa.oaxaca.gob.mx\/index.php?rest_route=\/wp\/v2\/posts\/16319\/revisions\/17350"}],"wp:featuredmedia":[{"embeddable":true,"href":"https:\/\/casa.oaxaca.gob.mx\/index.php?rest_route=\/wp\/v2\/media\/16304"}],"wp:attachment":[{"href":"https:\/\/casa.oaxaca.gob.mx\/index.php?rest_route=%2Fwp%2Fv2%2Fmedia&parent=16319"}],"wp:term":[{"taxonomy":"category","embeddable":true,"href":"https:\/\/casa.oaxaca.gob.mx\/index.php?rest_route=%2Fwp%2Fv2%2Fcategories&post=16319"},{"taxonomy":"post_tag","embeddable":true,"href":"https:\/\/casa.oaxaca.gob.mx\/index.php?rest_route=%2Fwp%2Fv2%2Ftags&post=16319"}],"curies":[{"name":"wp","href":"https:\/\/api.w.org\/{rel}","templated":true}]}}