{"id":16424,"date":"2025-07-11T12:26:38","date_gmt":"2025-07-11T18:26:38","guid":{"rendered":"https:\/\/casa.oaxaca.gob.mx\/?p=16424"},"modified":"2026-01-22T13:53:09","modified_gmt":"2026-01-22T19:53:09","slug":"taller-presencial-monotipo-y-espontaneidad-imparte-manuel-bernal","status":"publish","type":"post","link":"https:\/\/casa.oaxaca.gob.mx\/?p=16424","title":{"rendered":"Taller presencial. Monotipo y espontaneidad. Imparte: Manuel Bernal."},"content":{"rendered":"<\/div><\/div><\/div><!-- close content main div --><\/div><\/div><div id='av_section_1' class='avia-section main_color avia-section-no-padding avia-no-border-styling avia-full-stretch av-parallax-section avia-bg-style-parallax  av-minimum-height av-minimum-height-75 container_wrap fullsize'  data-section-bg-repeat='stretch' ><div class='av-parallax' data-avia-parallax-ratio='0.3' ><div class='av-parallax-inner main_color  avia-full-stretch' style = 'background-repeat: no-repeat; background-image: url(https:\/\/casa.oaxaca.gob.mx\/wp-content\/uploads\/2025\/07\/Monotipo-portada-scaled.jpg); background-attachment: scroll; background-position: bottom center; ' ><\/div><\/div><div class='container' ><div class='template-page content  av-content-full alpha units'><div class='post-entry post-entry-type-page post-entry-16424'><div class='entry-content-wrapper clearfix'>\n<div style='padding-bottom:10px;color:#ffffff;font-size:50px;' class='av-special-heading av-special-heading-h3 custom-color-heading blockquote modern-quote  av-inherit-size'><h3 class='av-special-heading-tag'  itemprop=\"headline\"  >Taller presencial. Monotipo y espontaneidad<\/h3><div class ='av-subheading av-subheading_below av_custom_color' style='font-size:25px;'><p>Imparte: Manuel Bernal<\/p>\n<\/div><div class='special-heading-border'><div class='special-heading-inner-border' style='border-color:#ffffff'><\/div><\/div><\/div>\n\n<\/div><\/div><\/div><!-- close content main div --><\/div><\/div><div id='av-layout-grid-1' class='av-layout-grid-container entry-content-wrapper main_color av-flex-cells  container_wrap fullsize'   >\n<div class=\"flex_cell no_margin av_one_full   \" style='vertical-align:top; padding:30px; background-color:#ED9600; '><div class='flex_cell_inner' ><p><div class=\"flex_column av_one_fourth  flex_column_div av-zero-column-padding first  \" style='border-radius:0px; '><div style='padding-bottom:10px;color:#ffffff;' class='av-special-heading av-special-heading-h3 custom-color-heading blockquote modern-quote '><h3 class='av-special-heading-tag'  itemprop=\"headline\"  >Cierre de inscripciones<\/h3><div class ='av-subheading av-subheading_below av_custom_color' style='font-size:20px;'><p>Domingo 10 de agosto de 2025<\/p>\n<p>Publicaci\u00f3n de resultados<br \/>\nMi\u00e9rcoles 13 de agosto de 2025<\/p>\n<\/div><div class='special-heading-border'><div class='special-heading-inner-border' style='border-color:#ffffff'><\/div><\/div><\/div><\/div><div class=\"flex_column av_one_fourth  flex_column_div av-zero-column-padding   \" style='border-radius:0px; '><div style='padding-bottom:10px;color:#ffffff;' class='av-special-heading av-special-heading-h3 custom-color-heading blockquote modern-quote '><h3 class='av-special-heading-tag'  itemprop=\"headline\"  >Fechas<\/h3><div class ='av-subheading av-subheading_below av_custom_color' style='font-size:20px;'><p>Lunes a viernes<br \/>\nDel 18 al 22 de agosto de 2025<\/p>\n<\/div><div class='special-heading-border'><div class='special-heading-inner-border' style='border-color:#ffffff'><\/div><\/div><\/div><\/div><div class=\"flex_column av_one_fourth  flex_column_div av-zero-column-padding   \" style='border-radius:0px; '><div style='padding-bottom:10px;color:#ffffff;' class='av-special-heading av-special-heading-h3 custom-color-heading blockquote modern-quote  '><h3 class='av-special-heading-tag'  itemprop=\"headline\"  >Horario<\/h3><div class ='av-subheading av-subheading_below av_custom_color' style='font-size:20px;'><p>De 10 a 14 horas<\/p>\n<\/div><div class='special-heading-border'><div class='special-heading-inner-border' style='border-color:#ffffff'><\/div><\/div><\/div><\/div><div class=\"flex_column av_one_fourth  flex_column_div av-zero-column-padding   \" style='border-radius:0px; '><section class=\"avia_codeblock_section avia_code_block_0\"  itemscope=\"itemscope\" itemtype=\"https:\/\/schema.org\/BlogPosting\" itemprop=\"blogPost\" ><div class='avia_codeblock '  itemprop=\"text\" > [avia_codeblock_placeholder uid=\"0\"] <\/div><\/section><\/div><\/p>\n<\/div><\/div>\n<\/div>\n<div class=\"flex_column av_two_fifth  flex_column_div av-zero-column-padding first  \" style='border-radius:0px; '><p><div class='av-social-sharing-box '><div class='av-share-box'><h5 class='av-share-link-description'>Compartir esta actividad<\/h5><ul class='av-share-box-list noLightbox'><li class='av-share-link av-social-link-facebook' ><a target='_blank' href='http:\/\/www.facebook.com\/sharer.php?u=https:\/\/casa.oaxaca.gob.mx\/?p=16424&amp;t=Taller%20presencial.%20Monotipo%20y%20espontaneidad.%20Imparte%3A%20Manuel%20Bernal.' aria-hidden='true' data-av_icon='\ue8f3' data-av_iconfont='entypo-fontello' title='' data-avia-related-tooltip='Share on Facebook'><span class='avia_hidden_link_text'>Share on Facebook<\/span><\/a><\/li><li class='av-share-link av-social-link-twitter' ><a target='_blank' href='https:\/\/twitter.com\/share?text=Taller%20presencial.%20Monotipo%20y%20espontaneidad.%20Imparte%3A%20Manuel%20Bernal.&url=https:\/\/casa.oaxaca.gob.mx\/?p=16424' aria-hidden='true' data-av_icon='\ue8f1' data-av_iconfont='entypo-fontello' title='' data-avia-related-tooltip='Share on Twitter'><span class='avia_hidden_link_text'>Share on Twitter<\/span><\/a><\/li><li class='av-share-link av-social-link-gplus' ><a target='_blank' href='https:\/\/plus.google.com\/share?url=https:\/\/casa.oaxaca.gob.mx\/?p=16424' aria-hidden='true' data-av_icon='\ue8f6' data-av_iconfont='entypo-fontello' title='' data-avia-related-tooltip='Share on Google+'><span class='avia_hidden_link_text'>Share on Google+<\/span><\/a><\/li><li class='av-share-link av-social-link-pinterest' ><a target='_blank' href='http:\/\/pinterest.com\/pin\/create\/button\/?url=https%3A%2F%2Fcasa.oaxaca.gob.mx%2F%3Fp%3D16424&amp;description=Taller%20presencial.%20Monotipo%20y%20espontaneidad.%20Imparte%3A%20Manuel%20Bernal.&amp;media=https%3A%2F%2Fcasa.oaxaca.gob.mx%2Fwp-content%2Fuploads%2F2025%2F07%2FMonotipo-cerrada-705x484.jpg' aria-hidden='true' data-av_icon='\ue8f8' data-av_iconfont='entypo-fontello' title='' data-avia-related-tooltip='Share on Pinterest'><span class='avia_hidden_link_text'>Share on Pinterest<\/span><\/a><\/li><li class='av-share-link av-social-link-mail' ><a  href='mailto:?subject=Taller%20presencial.%20Monotipo%20y%20espontaneidad.%20Imparte%3A%20Manuel%20Bernal.&amp;body=https:\/\/casa.oaxaca.gob.mx\/?p=16424' aria-hidden='true' data-av_icon='\ue805' data-av_iconfont='entypo-fontello' title='' data-avia-related-tooltip='Share by Mail'><span class='avia_hidden_link_text'>Share by Mail<\/span><\/a><\/li><\/ul><\/div><\/div><br \/>\n<div  class='hr hr-default '><span class='hr-inner ' ><span class='hr-inner-style'><\/span><\/span><\/div><br \/>\n<div style='padding-bottom:10px;font-size:30px;' class='av-special-heading av-special-heading-h3  blockquote modern-quote   av-inherit-size'><h3 class='av-special-heading-tag'  itemprop=\"headline\"  >Sobre el tallerista<\/h3><div class='special-heading-border'><div class='special-heading-inner-border' ><\/div><\/div><\/div><br \/>\n<div class='avia-data-table-wrap avia_responsive_table'><table class='avia-table avia-data-table avia-table-1  avia_pricing_default'  itemscope=\"itemscope\" itemtype=\"https:\/\/schema.org\/Table\" ><tbody><tr class='avia-heading-row'><th class=''>Manuel Bernal<\/th><\/tr><tr class=''><td class=''>Nace en 1989 en Huitzo, Oaxaca; a los 17 a\u00f1os inicia sus primeros trabajos en las T\u00e9cnicas Gr\u00e1ficas. En el 2015 concluye la Licenciatura de Artes Pl\u00e1sticas y Visuales de la Universidad Aut\u00f3noma Benito Ju\u00e1rez de Oaxaca.<br \/>\nEn 2017 funda con su hermano el Taller-Galer\u00eda T\u00ebmenk, espacio dedicado a la producci\u00f3n, difusi\u00f3n y ense\u00f1anza de las artes gr\u00e1ficas. Cuenta con 4 exposiciones individuales y m\u00e1s de 50 exposiciones colectivas en M\u00e9xico, Estados Unidos y Am\u00e9rica Latina. Su obra forma parte de colecciones y acervos en M\u00e9xico, EU, Francia, y Australia.<br \/>\nEl paisaje natural es sin duda el principal motivo de su trabajo, es el lenguaje de la naturaleza donde el encuentra un sin fin de elementos que lo encaminan a la contemplaci\u00f3n de un determinado momento en un determinado lugar. Diferentes especies como el Casahuate, Enebros, Espinos, Huajales, Huizaches o incluso el Maguey parecen ser el tipo de flora que abunda en la regi\u00f3n y que al autor le interesa en su composici\u00f3n, adem\u00e1s de la caracter\u00edstica geograf\u00eda del lugar perteneciente al estado de Oaxaca.<br \/>\n<\/td><\/tr><\/tbody><\/table><\/div><style type='text\/css'>.avia-table-1 td:nth-of-type(1):before { content: 'Manuel Bernal'; } <\/style><\/p><\/div>\n<div class=\"flex_column av_three_fifth  flex_column_div av-zero-column-padding   \" style='border-radius:0px; '><p><div style='padding-bottom:10px;font-size:30px;' class='av-special-heading av-special-heading-h3  blockquote modern-quote   av-inherit-size'><h3 class='av-special-heading-tag'  itemprop=\"headline\"  >Acerca del taller<\/h3><div class='special-heading-border'><div class='special-heading-inner-border' ><\/div><\/div><\/div><br \/>\n<div class='avia-data-table-wrap avia_responsive_table'><table class='avia-table avia-data-table avia-table-2  avia_pricing_default'  itemscope=\"itemscope\" itemtype=\"https:\/\/schema.org\/Table\" ><tbody><tr class='avia-heading-row'><th class=''>LISTA DE SELECCIONADOS<\/th><\/tr><tr class=''><td class=''>Juan Arturo Morales Santiago<br \/>\nAmaya Fuentes P\u00e9rez<br \/>\nAng\u00e9lica Contreras Mart\u00ednez<br \/>\nMerary Jove Mendoza<br \/>\nManuel Alejandro L\u00f3pez Matus<br \/>\n\u00c1ngela Reyes Mata<br \/>\nGabriel Z\u00fa\u00f1iga Mart\u00ednez<br \/>\nRenata Cruz Olivares<br \/>\nFlor Adriana V\u00e1squez Valencia <\/td><\/tr><\/tbody><\/table><\/div><style type='text\/css'>.avia-table-2 td:nth-of-type(1):before { content: 'LISTA DE SELECCIONADOS'; } <\/style><br \/>\n<div class='avia-data-table-wrap avia_responsive_table'><table class='avia-table avia-data-table avia-table-3  avia_pricing_default'  itemscope=\"itemscope\" itemtype=\"https:\/\/schema.org\/Table\" ><tbody><tr class='avia-heading-row'><th class=''>Descripci\u00f3n general<\/th><\/tr><tr class=''><td class=''>Durante el curso, se explorar\u00e1 diferentes maneras de resolver una estampa de monotipo a trav\u00e9s de materiales org\u00e1nicos como hojas, ramas de poco grosor y materiales reciclados como pedazos de tela o pl\u00e1sticos, investigar qu\u00e9 tanto este oficio nos permite experimentar y que cuidados tener en cuenta a la hora de generar una estampa.<br \/>\n<\/td><\/tr><tr class='avia-heading-row'><th class=''>Objetivo general<\/th><\/tr><tr class=''><td class=''>Explorar las posibilidades expresivas del monotipo a trav\u00e9s del uso de materiales org\u00e1nicos y reciclados, fomentando la experimentaci\u00f3n gr\u00e1fica y la conciencia ecol\u00f3gica en el proceso de creaci\u00f3n de estampas.<br \/>\n<\/td><\/tr><tr class='avia-heading-row'><th class=''>Objetivos espec\u00edficos<\/th><\/tr><tr class=''><td class=''>&#8211; Conocer los fundamentos del monotipo como t\u00e9cnica gr\u00e1fica y su potencial creativo en el arte contempor\u00e1neo.<br \/>\n&#8211; Experimentar con materiales naturales y reciclados para generar texturas, formas y composiciones originales sobre la matriz.<br \/>\n&#8211; Desarrollar habilidades t\u00e9cnicas en la aplicaci\u00f3n de tintas, uso de herramientas y control de presi\u00f3n para imprimir.<br \/>\n&#8211; Fomentar la reflexi\u00f3n sobre el proceso art\u00edstico, el valor del error, la reutilizaci\u00f3n de materiales y el respeto al entorno.<br \/>\n&#8211; Crear una serie de estampas que integren lo aprendido y permitan al participante expresarse visualmente desde una mirada personal y sustentable.<br \/>\n<\/td><\/tr><tr class='avia-heading-row'><th class=''>Temas<\/th><\/tr><tr class=''><td class=''>Sesi\u00f3n 1 \u2013 Introducci\u00f3n y recolecci\u00f3n de materiales<br \/>\n\u00bfQu\u00e9 es el monotipo? Principios y referentes clave<br \/>\nPresentaci\u00f3n del enfoque experimental y ecol\u00f3gico<br \/>\nRevisi\u00f3n de materiales: org\u00e1nicos (hojas, ramas, semillas) y reciclados (telas, pl\u00e1sticos, papeles)<br \/>\nCaminata breve o ejercicio de recolecci\u00f3n local (si es posible)<\/p>\n<p>Sesi\u00f3n 2 \u2013 Preparaci\u00f3n de materiales y primera estampa<br \/>\nPreparaci\u00f3n de materiales y soportes<br \/>\nTintas, herramientas y t\u00e9cnicas b\u00e1sicas de aplicaci\u00f3n<br \/>\nComposici\u00f3n sencilla sobre la matriz<br \/>\nImpresi\u00f3n de las primeras pruebas<br \/>\nRevisi\u00f3n y observaci\u00f3n colectiva de resultados<\/p>\n<p>Sesi\u00f3n 3 \u2013 Exploraci\u00f3n t\u00e9cnica y creativa<br \/>\nPruebas con capas, transparencias y texturas<br \/>\nUso combinado de materiales naturales y sint\u00e9ticos<br \/>\nTrabajo libre con gu\u00eda t\u00e9cnica<br \/>\nDocumentaci\u00f3n del proceso (foto o registro de reflexi\u00f3n)<\/p>\n<p>Sesi\u00f3n 4 \u2013 Desarrollo de obra final<br \/>\nPlaneaci\u00f3n de una estampa m\u00e1s elaborada<br \/>\nTrabajo individual con acompa\u00f1amiento t\u00e9cnico<br \/>\nAjustes y cuidado en la impresi\u00f3n<br \/>\nLimpieza ecol\u00f3gica del espacio y herramientas<\/p>\n<p>Sesi\u00f3n 5 \u2013 Cierre, montaje y reflexi\u00f3n<br \/>\nMontaje colectivo tipo exposici\u00f3n (mesa o muro)<br \/>\nCompartir procesos y resultados<br \/>\nReflexi\u00f3n grupal: \u00bfqu\u00e9 aprend\u00ed?, \u00bfqu\u00e9 descubr\u00ed en los materiales?<br \/>\nEntrega de retroalimentaci\u00f3n y constancias<br \/>\n<\/td><\/tr><\/tbody><\/table><\/div><style type='text\/css'>.avia-table-3 td:nth-of-type(1):before { content: 'Descripci\u00f3n general'; } <\/style><br \/>\n<div style='padding-bottom:10px;font-size:30px;' class='av-special-heading av-special-heading-h3  blockquote modern-quote   av-inherit-size'><h3 class='av-special-heading-tag'  itemprop=\"headline\"  >Requisitos de inscripci\u00f3n<\/h3><div class='special-heading-border'><div class='special-heading-inner-border' ><\/div><\/div><\/div><br \/>\n<div class='avia-data-table-wrap avia_responsive_table'><table class='avia-table avia-data-table avia-table-4  avia_pricing_default'  itemscope=\"itemscope\" itemtype=\"https:\/\/schema.org\/Table\" ><tbody><tr class=''><td class=''>&#8211; Primeros 15 en inscribirse<br \/>\n&#8211; Conocimientos muy b\u00e1sicos de grabado<br \/>\n<\/td><\/tr><tr class=''><td class=''>&#8211; Si tienes inter\u00e9s deber\u00e1s llenar el formulario con los datos completos que se encuentra en esta p\u00e1gina.<br \/>\n&#8211; La lista de seleccionados se publicar\u00e1 en esta p\u00e1gina, tambi\u00e9n se les notificar\u00e1 v\u00eda correo electr\u00f3nico con los detalles de la actividad.<br \/>\n&#8211; Actividad gratuita.<br \/>\n&#8211; Los talleristas ser\u00e1n los responsables de realizar la selecci\u00f3n de alumnos bajo sus criterios.<br \/>\n<\/td><\/tr><\/tbody><\/table><\/div><style type='text\/css'><\/style><br \/>\n<div class='avia-data-table-wrap avia_responsive_table'><table class='avia-table avia-data-table avia-table-5  avia_pricing_default'  itemscope=\"itemscope\" itemtype=\"https:\/\/schema.org\/Table\" ><tbody><tr class='avia-heading-row'><th class=''>Material que se le solicitar\u00e1 al alumno(a)<\/th><\/tr><tr class=''><td class=''>&#8211; Pedazos de tela con texturas interesantes<br \/>\n&#8211; Hojas<br \/>\n&#8211; Ramas peque\u00f1as<br \/>\n&#8211; Elementos se su preferencia<br \/>\n<\/td><\/tr><\/tbody><\/table><\/div><style type='text\/css'>.avia-table-5 td:nth-of-type(1):before { content: 'Material que se le solicitar\u00e1 al alumno(a)'; } <\/style><br \/>\n<div class='avia-data-table-wrap avia_responsive_table'><table class='avia-table avia-data-table avia-table-6  avia_pricing_default'  itemscope=\"itemscope\" itemtype=\"https:\/\/schema.org\/Table\" ><tbody><tr class='avia-heading-row'><th class=''>Criterios de selecci\u00f3n de alumnos<\/th><\/tr><tr class=''><td class=''>&#8211; Primeros 15 en inscribirse<br \/>\n&#8211; Conocimientos muy b\u00e1sicos de grabado<br \/>\n<\/td><\/tr><\/tbody><\/table><\/div><style type='text\/css'>.avia-table-6 td:nth-of-type(1):before { content: 'Criterios de selecci\u00f3n de alumnos'; } <\/style><br \/>\n<div class='avia-data-table-wrap avia_responsive_table'><table class='avia-table avia-data-table avia-table-7  avia_pricing_default'  itemscope=\"itemscope\" itemtype=\"https:\/\/schema.org\/Table\" ><tbody><tr class='avia-heading-row'><th class=''>Nota para los seleccionados<\/th><\/tr><tr class=''><td class=''>&#8211; Clases presenciales en (Gr\u00e1fica tradicional) del CaSa<br \/>\n&#8211; Se dejar\u00e1n ejercicios espec\u00edficos a cada estudiante, es fundamental realizarlos para continuar con la siguiente clase.<br \/>\n&#8211; Tener el compromiso y el tiempo para llevar a cabo el taller, ya que las inasistencias injustificadas ser\u00e1n motivo de suspensi\u00f3n y no podr\u00e1 ingresar a talleres futuros.<br \/>\n&#8211; Durante el taller nos estaremos comunicando por medio de mensajes en un grupo de WhatsApp, por ser una herramienta m\u00e1s r\u00e1pida para poder tener una mejor comunicaci\u00f3n con lo que respecta al taller.<br \/>\n<\/td><\/tr><\/tbody><\/table><\/div><style type='text\/css'>.avia-table-7 td:nth-of-type(1):before { content: 'Nota para los seleccionados'; } <\/style><br \/>\n<div id='av-masonry-1' class='av-masonry noHover av-fixed-size av-large-gap av-hover-overlay-active av-masonry-col-flexible av-caption-always av-caption-style- av-masonry-gallery  '  ><div class='av-masonry-container isotope av-js-disabled ' ><div class='av-masonry-entry isotope-item av-masonry-item-no-image '><\/div><a href=\"https:\/\/casa.oaxaca.gob.mx\/wp-content\/uploads\/2025\/07\/Monotipo-portada-1030x437.jpg\" id='av-masonry-1-item-16422' data-av-masonry-item='16422' class='av-masonry-entry isotope-item post-16422 attachment type-attachment status-inherit hentry  av-masonry-item-with-image' title=\"\"  itemprop=\"thumbnailUrl\" ><div class='av-inner-masonry-sizer'><\/div><figure class='av-inner-masonry main_color'><div class=\"av-masonry-outerimage-container\"><div class=\"av-masonry-image-container\" style=\"background-image: url(https:\/\/casa.oaxaca.gob.mx\/wp-content\/uploads\/2025\/07\/Monotipo-portada-705x299.jpg);\"><img decoding=\"async\" src=\"https:\/\/casa.oaxaca.gob.mx\/wp-content\/uploads\/2025\/07\/Monotipo-portada-705x299.jpg\" title=\"Monotipo-portada\" alt=\"\" \/><\/div><\/div><\/figure><\/a><!--end av-masonry entry--><\/div><\/div><\/p><\/div>\n","protected":false},"excerpt":{"rendered":"","protected":false},"author":1,"featured_media":16421,"comment_status":"open","ping_status":"open","sticky":false,"template":"","format":"standard","meta":{"_exactmetrics_skip_tracking":false,"_exactmetrics_sitenote_active":false,"_exactmetrics_sitenote_note":"","_exactmetrics_sitenote_category":0,"footnotes":""},"categories":[204],"tags":[],"class_list":["post-16424","post","type-post","status-publish","format-standard","has-post-thumbnail","hentry","category-204"],"_links":{"self":[{"href":"https:\/\/casa.oaxaca.gob.mx\/index.php?rest_route=\/wp\/v2\/posts\/16424","targetHints":{"allow":["GET"]}}],"collection":[{"href":"https:\/\/casa.oaxaca.gob.mx\/index.php?rest_route=\/wp\/v2\/posts"}],"about":[{"href":"https:\/\/casa.oaxaca.gob.mx\/index.php?rest_route=\/wp\/v2\/types\/post"}],"author":[{"embeddable":true,"href":"https:\/\/casa.oaxaca.gob.mx\/index.php?rest_route=\/wp\/v2\/users\/1"}],"replies":[{"embeddable":true,"href":"https:\/\/casa.oaxaca.gob.mx\/index.php?rest_route=%2Fwp%2Fv2%2Fcomments&post=16424"}],"version-history":[{"count":4,"href":"https:\/\/casa.oaxaca.gob.mx\/index.php?rest_route=\/wp\/v2\/posts\/16424\/revisions"}],"predecessor-version":[{"id":17172,"href":"https:\/\/casa.oaxaca.gob.mx\/index.php?rest_route=\/wp\/v2\/posts\/16424\/revisions\/17172"}],"wp:featuredmedia":[{"embeddable":true,"href":"https:\/\/casa.oaxaca.gob.mx\/index.php?rest_route=\/wp\/v2\/media\/16421"}],"wp:attachment":[{"href":"https:\/\/casa.oaxaca.gob.mx\/index.php?rest_route=%2Fwp%2Fv2%2Fmedia&parent=16424"}],"wp:term":[{"taxonomy":"category","embeddable":true,"href":"https:\/\/casa.oaxaca.gob.mx\/index.php?rest_route=%2Fwp%2Fv2%2Fcategories&post=16424"},{"taxonomy":"post_tag","embeddable":true,"href":"https:\/\/casa.oaxaca.gob.mx\/index.php?rest_route=%2Fwp%2Fv2%2Ftags&post=16424"}],"curies":[{"name":"wp","href":"https:\/\/api.w.org\/{rel}","templated":true}]}}