{"id":16427,"date":"2025-07-11T12:41:34","date_gmt":"2025-07-11T18:41:34","guid":{"rendered":"https:\/\/casa.oaxaca.gob.mx\/?p=16427"},"modified":"2026-01-22T13:53:09","modified_gmt":"2026-01-22T19:53:09","slug":"taller-presencial-demostracion-de-un-telar-tradicional-de-40-lizos-imparten-dawn-hettrich-e-iris-calderon","status":"publish","type":"post","link":"https:\/\/casa.oaxaca.gob.mx\/?p=16427","title":{"rendered":"Taller presencial.Demostraci\u00f3n de un Telar Tradicional de 40 Lizos. Imparten: Dawn Hettrich e Iris Calder\u00f3n."},"content":{"rendered":"<\/div><\/div><\/div><!-- close content main div --><\/div><\/div><div id='av_section_1' class='avia-section main_color avia-section-no-padding avia-no-border-styling avia-full-stretch av-parallax-section avia-bg-style-parallax  av-minimum-height av-minimum-height-75 container_wrap fullsize'  data-section-bg-repeat='stretch' ><div class='av-parallax' data-avia-parallax-ratio='0.3' ><div class='av-parallax-inner main_color  avia-full-stretch' style = 'background-repeat: no-repeat; background-image: url(https:\/\/casa.oaxaca.gob.mx\/wp-content\/uploads\/2025\/07\/DemostraciondeunTelarTradicional_portada-scaled.jpg); background-attachment: scroll; background-position: bottom center; ' ><\/div><\/div><div class='container' ><div class='template-page content  av-content-full alpha units'><div class='post-entry post-entry-type-page post-entry-16427'><div class='entry-content-wrapper clearfix'>\n<div style='padding-bottom:10px;color:#ffffff;font-size:50px;' class='av-special-heading av-special-heading-h3 custom-color-heading blockquote modern-quote  av-inherit-size'><h3 class='av-special-heading-tag'  itemprop=\"headline\"  >Taller presencial. Demostraci\u00f3n de un Telar Tradicional de 40 Lizos.<\/h3><div class ='av-subheading av-subheading_below av_custom_color' style='font-size:25px;'><p>Imparten: Dawn Hettrich e Iris Calder\u00f3n<\/p>\n<\/div><div class='special-heading-border'><div class='special-heading-inner-border' style='border-color:#ffffff'><\/div><\/div><\/div>\n\n<\/div><\/div><\/div><!-- close content main div --><\/div><\/div><div id='av-layout-grid-1' class='av-layout-grid-container entry-content-wrapper main_color av-flex-cells  container_wrap fullsize'   >\n<div class=\"flex_cell no_margin av_one_full   \" style='vertical-align:top; padding:30px; background-color:#ED9600; '><div class='flex_cell_inner' ><p><div class=\"flex_column av_one_fourth  flex_column_div av-zero-column-padding first  \" style='border-radius:0px; '><div style='padding-bottom:10px;color:#ffffff;' class='av-special-heading av-special-heading-h3 custom-color-heading blockquote modern-quote  '><h3 class='av-special-heading-tag'  itemprop=\"headline\"  >Cierre de inscripciones<\/h3><div class ='av-subheading av-subheading_below av_custom_color' style='font-size:20px;'><p>Domingo 10 de agosto de 2025<\/p>\n<p>Publicaci\u00f3n de resultados<br \/>\nMi\u00e9rcoles 13 de agosto de 2025<\/p>\n<\/div><div class='special-heading-border'><div class='special-heading-inner-border' style='border-color:#ffffff'><\/div><\/div><\/div><\/div><div class=\"flex_column av_one_fourth  flex_column_div av-zero-column-padding   \" style='border-radius:0px; '><div style='padding-bottom:10px;color:#ffffff;' class='av-special-heading av-special-heading-h3 custom-color-heading blockquote modern-quote  '><h3 class='av-special-heading-tag'  itemprop=\"headline\"  >Fechas<\/h3><div class ='av-subheading av-subheading_below av_custom_color' style='font-size:20px;'><p>Lunes a viernes<br \/>\nDel 18 al 22 de agosto de 2025<\/p>\n<\/div><div class='special-heading-border'><div class='special-heading-inner-border' style='border-color:#ffffff'><\/div><\/div><\/div><\/div><div class=\"flex_column av_one_fourth  flex_column_div av-zero-column-padding   \" style='border-radius:0px; '><div style='padding-bottom:10px;color:#ffffff;' class='av-special-heading av-special-heading-h3 custom-color-heading blockquote modern-quote '><h3 class='av-special-heading-tag'  itemprop=\"headline\"  >Horario<\/h3><div class ='av-subheading av-subheading_below av_custom_color' style='font-size:20px;'><p>De 10 a 14 y 15 a 17 horas<\/p>\n<\/div><div class='special-heading-border'><div class='special-heading-inner-border' style='border-color:#ffffff'><\/div><\/div><\/div><\/div><div class=\"flex_column av_one_fourth  flex_column_div av-zero-column-padding   \" style='border-radius:0px; '><section class=\"avia_codeblock_section avia_code_block_0\"  itemscope=\"itemscope\" itemtype=\"https:\/\/schema.org\/BlogPosting\" itemprop=\"blogPost\" ><div class='avia_codeblock '  itemprop=\"text\" > [avia_codeblock_placeholder uid=\"0\"] <\/div><\/section><\/div><\/p>\n<\/div><\/div>\n<\/div>\n<div class=\"flex_column av_two_fifth  flex_column_div av-zero-column-padding first  \" style='border-radius:0px; '><p><div class='av-social-sharing-box '><div class='av-share-box'><h5 class='av-share-link-description'>Compartir esta actividad<\/h5><ul class='av-share-box-list noLightbox'><li class='av-share-link av-social-link-facebook' ><a target='_blank' href='http:\/\/www.facebook.com\/sharer.php?u=https:\/\/casa.oaxaca.gob.mx\/?p=16427&amp;t=Taller%20presencial.Demostraci%C3%B3n%20de%20un%20Telar%20Tradicional%20de%2040%20Lizos.%20Imparten%3A%20Dawn%20Hettrich%20e%20Iris%20Calder%C3%B3n.' aria-hidden='true' data-av_icon='\ue8f3' data-av_iconfont='entypo-fontello' title='' data-avia-related-tooltip='Share on Facebook'><span class='avia_hidden_link_text'>Share on Facebook<\/span><\/a><\/li><li class='av-share-link av-social-link-twitter' ><a target='_blank' href='https:\/\/twitter.com\/share?text=Taller%20presencial.Demostraci%C3%B3n%20de%20un%20Telar%20Tradicional%20de%2040%20Lizos.%20Imparten%3A%20Dawn%20Hettrich%20e%20Iris%20Calder%C3%B3n.&url=https:\/\/casa.oaxaca.gob.mx\/?p=16427' aria-hidden='true' data-av_icon='\ue8f1' data-av_iconfont='entypo-fontello' title='' data-avia-related-tooltip='Share on Twitter'><span class='avia_hidden_link_text'>Share on Twitter<\/span><\/a><\/li><li class='av-share-link av-social-link-gplus' ><a target='_blank' href='https:\/\/plus.google.com\/share?url=https:\/\/casa.oaxaca.gob.mx\/?p=16427' aria-hidden='true' data-av_icon='\ue8f6' data-av_iconfont='entypo-fontello' title='' data-avia-related-tooltip='Share on Google+'><span class='avia_hidden_link_text'>Share on Google+<\/span><\/a><\/li><li class='av-share-link av-social-link-pinterest' ><a target='_blank' href='http:\/\/pinterest.com\/pin\/create\/button\/?url=https%3A%2F%2Fcasa.oaxaca.gob.mx%2F%3Fp%3D16427&amp;description=Taller%20presencial.Demostraci%C3%B3n%20de%20un%20Telar%20Tradicional%20de%2040%20Lizos.%20Imparten%3A%20Dawn%20Hettrich%20e%20Iris%20Calder%C3%B3n.&amp;media=https%3A%2F%2Fcasa.oaxaca.gob.mx%2Fwp-content%2Fuploads%2F2025%2F07%2FDemostraciondeunTelarTradicional_cerrada-705x484.jpg' aria-hidden='true' data-av_icon='\ue8f8' data-av_iconfont='entypo-fontello' title='' data-avia-related-tooltip='Share on Pinterest'><span class='avia_hidden_link_text'>Share on Pinterest<\/span><\/a><\/li><li class='av-share-link av-social-link-mail' ><a  href='mailto:?subject=Taller%20presencial.Demostraci%C3%B3n%20de%20un%20Telar%20Tradicional%20de%2040%20Lizos.%20Imparten%3A%20Dawn%20Hettrich%20e%20Iris%20Calder%C3%B3n.&amp;body=https:\/\/casa.oaxaca.gob.mx\/?p=16427' aria-hidden='true' data-av_icon='\ue805' data-av_iconfont='entypo-fontello' title='' data-avia-related-tooltip='Share by Mail'><span class='avia_hidden_link_text'>Share by Mail<\/span><\/a><\/li><\/ul><\/div><\/div><br \/>\n<div  class='hr hr-default '><span class='hr-inner ' ><span class='hr-inner-style'><\/span><\/span><\/div><br \/>\n<div style='padding-bottom:10px;font-size:30px;' class='av-special-heading av-special-heading-h3  blockquote modern-quote  av-inherit-size'><h3 class='av-special-heading-tag'  itemprop=\"headline\"  >Sobre la tallerista<\/h3><div class='special-heading-border'><div class='special-heading-inner-border' ><\/div><\/div><\/div><br \/>\n<div class='avia-data-table-wrap avia_responsive_table'><table class='avia-table avia-data-table avia-table-1  avia_pricing_default'  itemscope=\"itemscope\" itemtype=\"https:\/\/schema.org\/Table\" ><tbody><tr class='avia-heading-row'><th class=''>Iris Calder\u00f3n Guti\u00e9rrez<\/th><\/tr><tr class=''><td class=''>Dise\u00f1adora integral egresada del ITESO. Como tejedora, se form\u00f3 con grandes maestros en Estados Unidos, donde aprendi\u00f3 a tejer en una amplia gama de telares de pedal desde modelos tradicionales hasta computarizados y domina t\u00e9cnicas como doble tela, dise\u00f1o de bloques, urdimbre suplementaria y overshot entre otras. Su conocimiento de tintes naturales viene de la participaci\u00f3n con Fibershed California donde se form\u00f3 con Sasha Duerr y Porfirio Guti\u00e9rrez. Radicada en Oaxaca, colabora estrechamente con tejedores de telar de lanzadera y ofrece consultor\u00eda para entrelazar dise\u00f1o social y saberes artesanales.<br \/>\nDurante m\u00e1s de una d\u00e9cada ha liderado proyectos de visual merchandising y desarrollo de producto; destaca su gesti\u00f3n creativa en Flora Grubb Gardens (San Francisco y Los \u00c1ngeles), donde refin\u00f3 la integraci\u00f3n entre est\u00e9tica, narrativa comercial y cuidado ambiental. Su afinidad con las plantas la llev\u00f3 a certificarse en Dise\u00f1o de Jardines Sustentables por The Ruth Bancroft Garden, incorporando bot\u00e1nica y sostenibilidad a su pr\u00e1ctica textil.<br \/>\n<\/td><\/tr><\/tbody><\/table><\/div><style type='text\/css'>.avia-table-1 td:nth-of-type(1):before { content: 'Iris Calder\u00f3n Guti\u00e9rrez'; } <\/style><\/p><\/div>\n<div class=\"flex_column av_three_fifth  flex_column_div av-zero-column-padding   \" style='border-radius:0px; '><p><div style='padding-bottom:10px;font-size:30px;' class='av-special-heading av-special-heading-h3  blockquote modern-quote   av-inherit-size'><h3 class='av-special-heading-tag'  itemprop=\"headline\"  >Acerca del taller<\/h3><div class='special-heading-border'><div class='special-heading-inner-border' ><\/div><\/div><\/div><br \/>\n<div class='avia-data-table-wrap avia_responsive_table'><table class='avia-table avia-data-table avia-table-2  avia_pricing_default'  itemscope=\"itemscope\" itemtype=\"https:\/\/schema.org\/Table\" ><tbody><tr class='avia-heading-row'><th class=''>LISTA DE SELECCIONADOS<\/th><\/tr><tr class=''><td class=''>Lunes<\/p>\n<p>Mariana Gonz\u00e1lez Saravia Pe\u00f1a<\/p>\n<p>Jos\u00e9 L\u00f3pez Jim\u00e9nez<\/p>\n<p>Abner Yair Mendoza Sosa<\/p>\n<p>Pedro Mendoza Guti\u00e9rrez<\/p>\n<p>Diana Melisa Mendoza Sosa<\/p>\n<p>Carmela Sosa Bautista<\/p>\n<p>Agustin Elizalde Urz\u00faa<\/p>\n<p>Martes<\/p>\n<p>Luis Lazo Mendoza<\/p>\n<p>Mart\u00edn Hern\u00e1ndez Luis<\/p>\n<p>Beatriz Russek Mart\u00ednez<\/p>\n<p>Luis Emilio Cervantes Galarde<\/p>\n<p>Alfredo Hern\u00e1ndez Orozco<\/p>\n<p>Gisela Vianney Morales Ruiz<\/p>\n<p>Eric Pe\u00f1a Reyes<\/p>\n<p>Mi\u00e9rcoles<\/p>\n<p>H\u00e9ctor Manuel Meneses Lozano<\/p>\n<p>Ricardo Cuevas V\u00e1squez<\/p>\n<p>Gustavo Even Morales Morales<\/p>\n<p>Lourdes Mart\u00ednez Cayetano<\/p>\n<p>Ana Cris Medina Palmeros<\/p>\n<p>Renato Holgu\u00edn Ortiz<\/p>\n<p>Jueves<\/p>\n<p>Felipe Santiago L\u00f3pez Jim\u00e9nez<\/p>\n<p>Alejandro M\u00e9ndez Garc\u00eda<\/p>\n<p>Adriana Quiroz Franco<\/p>\n<p>F\u00e1tima Sierra<\/p>\n<p>Susanne Vogel<\/p>\n<p>Paula Guadalupe Hern\u00e1ndez Rojas<\/p>\n<p>Ixhel Itamar Hern\u00e1ndez Salones<\/p>\n<p>Wendhy Abigail Salones Calvo<\/p>\n<p>Vienes<\/p>\n<p>Matilde Urioste Urioste<\/p>\n<p>Malintzin Bautista P\u00e9rez<\/p>\n<p>\u00c1lvaro L\u00f3pez Jim\u00e9nez<\/p>\n<p>Fernando Guti\u00e9rrez V\u00e1squez<br \/>\n<\/td><\/tr><\/tbody><\/table><\/div><style type='text\/css'>.avia-table-2 td:nth-of-type(1):before { content: 'LISTA DE SELECCIONADOS'; } <\/style><br \/>\n<div class='avia-data-table-wrap avia_responsive_table'><table class='avia-table avia-data-table avia-table-3  avia_pricing_default'  itemscope=\"itemscope\" itemtype=\"https:\/\/schema.org\/Table\" ><tbody><tr class='avia-heading-row'><th class=''>Descripci\u00f3n general<\/th><\/tr><tr class=''><td class=''>Durante un solo d\u00eda, se har\u00e1 una demostraci\u00f3n inmersiva de un Telar AVL de 40 Lizos. Esta presentaci\u00f3n es una invitaci\u00f3n a tejedores con experiencia que est\u00e9n interesados en observar una entrada a la tecnolog\u00eda de un telar tradicional combinado con la precisi\u00f3n milim\u00e9trica de un sistema compu-dobby que traduce un archivo digital en levantamientos exactos de hasta 40 lizos independientes mediante solenoides de alta velocidad. El tejedor pisa un solo pedal; el sistema, dirigido por el software de dise\u00f1o textil, WeavePoint, se encarga del resto mientras el tejedor lo opera manualmente.<br \/>\n<\/td><\/tr><tr class='avia-heading-row'><th class=''>Objetivo general<\/th><\/tr><tr class=''><td class=''>Brindar una experiencia inmersiva e introductoria al funcionamiento y posibilidades creativas del telar AVL computarizado de 40 lizos, dirigida a tejedores con experiencia, para que conozcan su operaci\u00f3n y potencial como herramienta de dise\u00f1o textil avanzado.<br \/>\n<\/td><\/tr><tr class='avia-heading-row'><th class=''>Objetivos espec\u00edficos<\/th><\/tr><tr class=''><td class=''>&#8211; Explicar el funcionamiento t\u00e9cnico del sistema compu-dobby del telar AVL, incluyendo su integraci\u00f3n con el software WeavePoint y la l\u00f3gica de levantamiento de lizos mediante solenoides de alta velocidad.<br \/>\n&#8211; Demostrar en la pr\u00e1ctica el proceso de tejido asistido por el sistema computarizado, permitiendo que los participantes observen y comprendan el flujo entre archivo digital, levantamiento autom\u00e1tico y ejecuci\u00f3n manual.<br \/>\n&#8211; Estimular la imaginaci\u00f3n creativa de los participantes sobre las aplicaciones del telar, incluyendo la adaptaci\u00f3n de motivos tradicionales, el desarrollo de nuevas estructuras y la exploraci\u00f3n de dise\u00f1os tridimensionales, como preparaci\u00f3n para futuras capacitaciones intensivas.<br \/>\n<\/td><\/tr><tr class='avia-heading-row'><th class=''>Temas<\/th><\/tr><tr class=''><td class=''>Breve introducci\u00f3n de talleristas e invitados.<br \/>\nIntroducci\u00f3n al funcionamiento del telar AVL- Series A de 40 lizos.<br \/>\nComparativa de un telar tradicional con la de un computarizado (compu-dobby) AVL.<br \/>\nExplicaci\u00f3n detallada del proyecto listo en las mallas: el repaso, las combinaciones de colores, el proceso de urdido en julio seccionado.<br \/>\nIntroducci\u00f3n general del software Weave Point.<br \/>\nTejido en el telar, cambios de ligamentos y exploraci\u00f3n de nuevos dise\u00f1os.<br \/>\nSecci\u00f3n de Preguntas y respuestas.<br \/>\nPresentaci\u00f3n de muestras f\u00edsicas de las posibilidades de tejido.<br \/>\nExplicaci\u00f3n de T\u00e9cnicas, fibras, ligamentos.<br \/>\nCada asistente tocar\u00e1 y podr\u00e1 analizar todas las muestras.<br \/>\nSecci\u00f3n de preguntas y respuestas.<br \/>\nCada invitado, tendr\u00e1 la oportunidad de tejer y manipular el dise\u00f1o en el software por al menos 15 min.<br \/>\nBreve presentaci\u00f3n de la carrera profesional de la maestra Dawn Hettrich &#8211; Sal\u00f3n de Proyecciones.<br \/>\n<\/td><\/tr><\/tbody><\/table><\/div><style type='text\/css'>.avia-table-3 td:nth-of-type(1):before { content: 'Descripci\u00f3n general'; } <\/style><br \/>\n<div style='padding-bottom:10px;font-size:30px;' class='av-special-heading av-special-heading-h3  blockquote modern-quote   av-inherit-size'><h3 class='av-special-heading-tag'  itemprop=\"headline\"  >Requisitos de inscripci\u00f3n<\/h3><div class='special-heading-border'><div class='special-heading-inner-border' ><\/div><\/div><\/div><br \/>\n<div class='avia-data-table-wrap avia_responsive_table'><table class='avia-table avia-data-table avia-table-4  avia_pricing_default'  itemscope=\"itemscope\" itemtype=\"https:\/\/schema.org\/Table\" ><tbody><tr class=''><td class=''>&#8211; Adjuntar alguna imagen de su trabajo y\/\u00f3 una breve descripci\u00f3n de su experiencia textil.<br \/>\n&#8211; La demostraci\u00f3n se impartir\u00e1 en sesiones independientes de un solo d\u00eda, repetidas del lunes 18 al viernes 22 de agosto. Al inscribirte, se\u00f1ala tu fecha de preferencia y una segunda opci\u00f3n; te asignaremos lugar seg\u00fan la disponibilidad.<br \/>\n<\/td><\/tr><tr class=''><td class=''>&#8211; Si tienes inter\u00e9s deber\u00e1s llenar el formulario con los datos completos que se encuentra en esta p\u00e1gina.<br \/>\n&#8211; La lista de seleccionados se publicar\u00e1 en esta p\u00e1gina, tambi\u00e9n se les notificar\u00e1 v\u00eda correo electr\u00f3nico con los detalles de la actividad.<br \/>\n&#8211; Actividad gratuita.<br \/>\n&#8211; Los talleristas ser\u00e1n los responsables de realizar la selecci\u00f3n de alumnos bajo sus criterios.<br \/>\n<\/td><\/tr><\/tbody><\/table><\/div><style type='text\/css'><\/style><br \/>\n<div class='avia-data-table-wrap avia_responsive_table'><table class='avia-table avia-data-table avia-table-5  avia_pricing_default'  itemscope=\"itemscope\" itemtype=\"https:\/\/schema.org\/Table\" ><tbody><tr class='avia-heading-row'><th class=''>Material que se le solicitar\u00e1 al alumno(a)<\/th><\/tr><tr class=''><td class=''>Traer una sola muestra (pieza peque\u00f1a o fragmento que refleje la t\u00e9cnica que domina) Servir\u00e1 para que compartas tu experiencia con el grupo y enriquezcamos la conversaci\u00f3n a partir de ejemplos reales.<br \/>\n<\/td><\/tr><\/tbody><\/table><\/div><style type='text\/css'>.avia-table-5 td:nth-of-type(1):before { content: 'Material que se le solicitar\u00e1 al alumno(a)'; } <\/style><br \/>\n<div class='avia-data-table-wrap avia_responsive_table'><table class='avia-table avia-data-table avia-table-6  avia_pricing_default'  itemscope=\"itemscope\" itemtype=\"https:\/\/schema.org\/Table\" ><tbody><tr class='avia-heading-row'><th class=''>Criterios de selecci\u00f3n de alumnos<\/th><\/tr><tr class=''><td class=''>&#8211; La demostraci\u00f3n se impartir\u00e1 en sesiones independientes de un solo d\u00eda, repetidas del lunes 18 al viernes 22 de agosto. Al inscribirte, se\u00f1ala tu fecha de preferencia y una segunda opci\u00f3n; te asignaremos lugar seg\u00fan la disponibilidad.<br \/>\n&#8211; Se seleccionar\u00e1n personas con experiencia avanzada en el \u00e1mbito textil, artistas, dise\u00f1adores o tejedores consolidados que ya dominen alguna t\u00e9cnica de tejido (telar de cintura, pedal, lanzadera o mesa) y quieran descubrir c\u00f3mo un telar computarizado de 40 lizos puede ampliar y transformar su pr\u00e1ctica.<br \/>\n<\/td><\/tr><\/tbody><\/table><\/div><style type='text\/css'>.avia-table-6 td:nth-of-type(1):before { content: 'Criterios de selecci\u00f3n de alumnos'; } <\/style><br \/>\n<div class='avia-data-table-wrap avia_responsive_table'><table class='avia-table avia-data-table avia-table-7  avia_pricing_default'  itemscope=\"itemscope\" itemtype=\"https:\/\/schema.org\/Table\" ><tbody><tr class='avia-heading-row'><th class=''>Nota para los seleccionados<\/th><\/tr><tr class=''><td class=''>&#8211; Clases presenciales en (Producci\u00f3n art\u00edstica) del CaSa<br \/>\n&#8211; Se dejar\u00e1n ejercicios espec\u00edficos a cada estudiante, es fundamental realizarlos para continuar con la siguiente clase.<br \/>\n&#8211; Tener el compromiso y el tiempo para llevar a cabo el taller, ya que las inasistencias injustificadas ser\u00e1n motivo de suspensi\u00f3n y no podr\u00e1 ingresar a talleres futuros.<br \/>\n&#8211; Durante el taller nos estaremos comunicando por medio de mensajes en un grupo de WhatsApp, por ser una herramienta m\u00e1s r\u00e1pida para poder tener una mejor comunicaci\u00f3n con lo que respecta al taller.<br \/>\n<\/td><\/tr><\/tbody><\/table><\/div><style type='text\/css'>.avia-table-7 td:nth-of-type(1):before { content: 'Nota para los seleccionados'; } <\/style><br \/>\n<div id='av-masonry-1' class='av-masonry noHover av-fixed-size av-large-gap av-hover-overlay-active av-masonry-col-flexible av-caption-always av-caption-style- av-masonry-gallery  '  ><div class='av-masonry-container isotope av-js-disabled ' ><div class='av-masonry-entry isotope-item av-masonry-item-no-image '><\/div><a href=\"https:\/\/casa.oaxaca.gob.mx\/wp-content\/uploads\/2025\/07\/Cartel.jpeg\" id='av-masonry-1-item-16428' data-av-masonry-item='16428' class='av-masonry-entry isotope-item post-16428 attachment type-attachment status-inherit hentry  av-masonry-item-with-image' title=\"\"  itemprop=\"thumbnailUrl\" ><div class='av-inner-masonry-sizer'><\/div><figure class='av-inner-masonry main_color'><div class=\"av-masonry-outerimage-container\"><div class=\"av-masonry-image-container\" style=\"background-image: url(https:\/\/casa.oaxaca.gob.mx\/wp-content\/uploads\/2025\/07\/Cartel.jpeg);\"><img decoding=\"async\" src=\"https:\/\/casa.oaxaca.gob.mx\/wp-content\/uploads\/2025\/07\/Cartel.jpeg\" title=\"Cartel\" alt=\"\" \/><\/div><\/div><\/figure><\/a><!--end av-masonry entry--><a href=\"https:\/\/casa.oaxaca.gob.mx\/wp-content\/uploads\/2025\/07\/Cartel1.jpeg\" id='av-masonry-1-item-16429' data-av-masonry-item='16429' class='av-masonry-entry isotope-item post-16429 attachment type-attachment status-inherit hentry  av-masonry-item-with-image' title=\"\"  itemprop=\"thumbnailUrl\" ><div class='av-inner-masonry-sizer'><\/div><figure class='av-inner-masonry main_color'><div class=\"av-masonry-outerimage-container\"><div class=\"av-masonry-image-container\" style=\"background-image: url(https:\/\/casa.oaxaca.gob.mx\/wp-content\/uploads\/2025\/07\/Cartel1.jpeg);\"><img decoding=\"async\" src=\"https:\/\/casa.oaxaca.gob.mx\/wp-content\/uploads\/2025\/07\/Cartel1.jpeg\" title=\"Cartel1\" alt=\"\" \/><\/div><\/div><\/figure><\/a><!--end av-masonry entry--><a href=\"https:\/\/casa.oaxaca.gob.mx\/wp-content\/uploads\/2025\/07\/Foto-del-trabajo-Dawn-Hettrich-1.jpeg\" id='av-masonry-1-item-16430' data-av-masonry-item='16430' class='av-masonry-entry isotope-item post-16430 attachment type-attachment status-inherit hentry  av-masonry-item-with-image' title=\"\"  itemprop=\"thumbnailUrl\" ><div class='av-inner-masonry-sizer'><\/div><figure class='av-inner-masonry main_color'><div class=\"av-masonry-outerimage-container\"><div class=\"av-masonry-image-container\" style=\"background-image: url(https:\/\/casa.oaxaca.gob.mx\/wp-content\/uploads\/2025\/07\/Foto-del-trabajo-Dawn-Hettrich-1.jpeg);\"><img decoding=\"async\" src=\"https:\/\/casa.oaxaca.gob.mx\/wp-content\/uploads\/2025\/07\/Foto-del-trabajo-Dawn-Hettrich-1.jpeg\" title=\"Foto del trabajo Dawn Hettrich 1\" alt=\"\" \/><\/div><\/div><\/figure><\/a><!--end av-masonry entry--><a href=\"https:\/\/casa.oaxaca.gob.mx\/wp-content\/uploads\/2025\/07\/Foto-del-trabajo-Dawn-Hettrich-rotated.jpeg\" id='av-masonry-1-item-16431' data-av-masonry-item='16431' class='av-masonry-entry isotope-item post-16431 attachment type-attachment status-inherit hentry  av-masonry-item-with-image' title=\"\"  itemprop=\"thumbnailUrl\" ><div class='av-inner-masonry-sizer'><\/div><figure class='av-inner-masonry main_color'><div class=\"av-masonry-outerimage-container\"><div class=\"av-masonry-image-container\" style=\"background-image: url(https:\/\/casa.oaxaca.gob.mx\/wp-content\/uploads\/2025\/07\/Foto-del-trabajo-Dawn-Hettrich-rotated.jpeg);\"><img decoding=\"async\" src=\"https:\/\/casa.oaxaca.gob.mx\/wp-content\/uploads\/2025\/07\/Foto-del-trabajo-Dawn-Hettrich-rotated.jpeg\" title=\"Foto del trabajo Dawn Hettrich\" alt=\"\" \/><\/div><\/div><\/figure><\/a><!--end av-masonry entry--><a href=\"https:\/\/casa.oaxaca.gob.mx\/wp-content\/uploads\/2025\/07\/Foto-del-trabajo-Iris-Calderon.jpeg\" id='av-masonry-1-item-16432' data-av-masonry-item='16432' class='av-masonry-entry isotope-item post-16432 attachment type-attachment status-inherit hentry  av-masonry-item-with-image' title=\"\"  itemprop=\"thumbnailUrl\" ><div class='av-inner-masonry-sizer'><\/div><figure class='av-inner-masonry main_color'><div class=\"av-masonry-outerimage-container\"><div class=\"av-masonry-image-container\" style=\"background-image: url(https:\/\/casa.oaxaca.gob.mx\/wp-content\/uploads\/2025\/07\/Foto-del-trabajo-Iris-Calderon.jpeg);\"><img decoding=\"async\" src=\"https:\/\/casa.oaxaca.gob.mx\/wp-content\/uploads\/2025\/07\/Foto-del-trabajo-Iris-Calderon.jpeg\" title=\"Foto del trabajo Iris Calder\u00f3n\" alt=\"\" \/><\/div><\/div><\/figure><\/a><!--end av-masonry entry--><\/div><div class='av-masonry-pagination av-masonry-pagination-pagination'><nav class='pagination'><span class='pagination-meta'>Page 1 of 2<\/span><span class='current'>1<\/span><a href='https:\/\/casa.oaxaca.gob.mx\/index.php?rest_route=%2Fwp%2Fv2%2Fposts%2F16427&#038;paged=2' class='inactive' >2<\/a><\/nav>\n<\/div><\/div><\/p><\/div>\n","protected":false},"excerpt":{"rendered":"","protected":false},"author":1,"featured_media":16510,"comment_status":"open","ping_status":"open","sticky":false,"template":"","format":"standard","meta":{"_exactmetrics_skip_tracking":false,"_exactmetrics_sitenote_active":false,"_exactmetrics_sitenote_note":"","_exactmetrics_sitenote_category":0,"footnotes":""},"categories":[204],"tags":[],"class_list":["post-16427","post","type-post","status-publish","format-standard","has-post-thumbnail","hentry","category-204"],"_links":{"self":[{"href":"https:\/\/casa.oaxaca.gob.mx\/index.php?rest_route=\/wp\/v2\/posts\/16427","targetHints":{"allow":["GET"]}}],"collection":[{"href":"https:\/\/casa.oaxaca.gob.mx\/index.php?rest_route=\/wp\/v2\/posts"}],"about":[{"href":"https:\/\/casa.oaxaca.gob.mx\/index.php?rest_route=\/wp\/v2\/types\/post"}],"author":[{"embeddable":true,"href":"https:\/\/casa.oaxaca.gob.mx\/index.php?rest_route=\/wp\/v2\/users\/1"}],"replies":[{"embeddable":true,"href":"https:\/\/casa.oaxaca.gob.mx\/index.php?rest_route=%2Fwp%2Fv2%2Fcomments&post=16427"}],"version-history":[{"count":10,"href":"https:\/\/casa.oaxaca.gob.mx\/index.php?rest_route=\/wp\/v2\/posts\/16427\/revisions"}],"predecessor-version":[{"id":17150,"href":"https:\/\/casa.oaxaca.gob.mx\/index.php?rest_route=\/wp\/v2\/posts\/16427\/revisions\/17150"}],"wp:featuredmedia":[{"embeddable":true,"href":"https:\/\/casa.oaxaca.gob.mx\/index.php?rest_route=\/wp\/v2\/media\/16510"}],"wp:attachment":[{"href":"https:\/\/casa.oaxaca.gob.mx\/index.php?rest_route=%2Fwp%2Fv2%2Fmedia&parent=16427"}],"wp:term":[{"taxonomy":"category","embeddable":true,"href":"https:\/\/casa.oaxaca.gob.mx\/index.php?rest_route=%2Fwp%2Fv2%2Fcategories&post=16427"},{"taxonomy":"post_tag","embeddable":true,"href":"https:\/\/casa.oaxaca.gob.mx\/index.php?rest_route=%2Fwp%2Fv2%2Ftags&post=16427"}],"curies":[{"name":"wp","href":"https:\/\/api.w.org\/{rel}","templated":true}]}}