{"id":16452,"date":"2025-07-16T12:52:07","date_gmt":"2025-07-16T18:52:07","guid":{"rendered":"https:\/\/casa.oaxaca.gob.mx\/?p=16452"},"modified":"2026-01-22T13:53:08","modified_gmt":"2026-01-22T19:53:08","slug":"taller-presencial-cesteria-nudo-mixteco-imparte-abel-lopez-diego-2","status":"publish","type":"post","link":"https:\/\/casa.oaxaca.gob.mx\/?p=16452","title":{"rendered":"Taller presencial. Cester\u00eda Nudo mixteco. Imparte: Abel L\u00f3pez Diego."},"content":{"rendered":"<\/div><\/div><\/div><!-- close content main div --><\/div><\/div><div id='av_section_1' class='avia-section main_color avia-section-no-padding avia-no-border-styling avia-full-stretch av-parallax-section avia-bg-style-parallax  av-minimum-height av-minimum-height-75 container_wrap fullsize'  data-section-bg-repeat='stretch' ><div class='av-parallax' data-avia-parallax-ratio='0.3' ><div class='av-parallax-inner main_color  avia-full-stretch' style = 'background-repeat: no-repeat; background-image: url(https:\/\/casa.oaxaca.gob.mx\/wp-content\/uploads\/2025\/07\/CesteriaNudoMixteco_portada-scaled.jpg); background-attachment: scroll; background-position: bottom center; ' ><\/div><\/div><div class='container' ><div class='template-page content  av-content-full alpha units'><div class='post-entry post-entry-type-page post-entry-16452'><div class='entry-content-wrapper clearfix'>\n<div style='padding-bottom:10px;color:#ffffff;font-size:50px;' class='av-special-heading av-special-heading-h3 custom-color-heading blockquote modern-quote  av-inherit-size'><h3 class='av-special-heading-tag'  itemprop=\"headline\"  >Taller presencial. Cester\u00eda Nudo mixteco.<\/h3><div class ='av-subheading av-subheading_below av_custom_color' style='font-size:25px;'><p>Imparte: Abel L\u00f3pez Diego.<\/p>\n<\/div><div class='special-heading-border'><div class='special-heading-inner-border' style='border-color:#ffffff'><\/div><\/div><\/div>\n\n<\/div><\/div><\/div><!-- close content main div --><\/div><\/div><div id='av-layout-grid-1' class='av-layout-grid-container entry-content-wrapper main_color av-flex-cells  container_wrap fullsize'   >\n<div class=\"flex_cell no_margin av_one_full   \" style='vertical-align:top; padding:30px; background-color:#ED9600; '><div class='flex_cell_inner' ><p><div class=\"flex_column av_one_fourth  flex_column_div av-zero-column-padding first  \" style='border-radius:0px; '><div style='padding-bottom:10px;color:#ffffff;' class='av-special-heading av-special-heading-h3 custom-color-heading blockquote modern-quote '><h3 class='av-special-heading-tag'  itemprop=\"headline\"  >Cierre de inscripciones<\/h3><div class ='av-subheading av-subheading_below av_custom_color' style='font-size:20px;'><p>Domingo 3 de agosto de 2025<\/p>\n<p>Publicaci\u00f3n de resultados<br \/>\nMi\u00e9rcoles 6 de agosto de 2025<\/p>\n<\/div><div class='special-heading-border'><div class='special-heading-inner-border' style='border-color:#ffffff'><\/div><\/div><\/div><\/div><div class=\"flex_column av_one_fourth  flex_column_div av-zero-column-padding   \" style='border-radius:0px; '><div style='padding-bottom:10px;color:#ffffff;' class='av-special-heading av-special-heading-h3 custom-color-heading blockquote modern-quote '><h3 class='av-special-heading-tag'  itemprop=\"headline\"  >Fechas<\/h3><div class ='av-subheading av-subheading_below av_custom_color' style='font-size:20px;'><p>Lunes a viernes<br \/>\nDel 11 al 15 de agosto de 2025<\/p>\n<\/div><div class='special-heading-border'><div class='special-heading-inner-border' style='border-color:#ffffff'><\/div><\/div><\/div><\/div><div class=\"flex_column av_one_fourth  flex_column_div av-zero-column-padding   \" style='border-radius:0px; '><div style='padding-bottom:10px;color:#ffffff;' class='av-special-heading av-special-heading-h3 custom-color-heading blockquote modern-quote  '><h3 class='av-special-heading-tag'  itemprop=\"headline\"  >Horario<\/h3><div class ='av-subheading av-subheading_below av_custom_color' style='font-size:20px;'><p>De 10 a 14 horas<\/p>\n<\/div><div class='special-heading-border'><div class='special-heading-inner-border' style='border-color:#ffffff'><\/div><\/div><\/div><\/div><div class=\"flex_column av_one_fourth  flex_column_div av-zero-column-padding   \" style='border-radius:0px; '><section class=\"avia_codeblock_section avia_code_block_0\"  itemscope=\"itemscope\" itemtype=\"https:\/\/schema.org\/BlogPosting\" itemprop=\"blogPost\" ><div class='avia_codeblock '  itemprop=\"text\" > [avia_codeblock_placeholder uid=\"0\"] <\/div><\/section><\/div><\/p>\n<\/div><\/div>\n<\/div>\n<div class=\"flex_column av_two_fifth  flex_column_div av-zero-column-padding first  \" style='border-radius:0px; '><p><div class='av-social-sharing-box '><div class='av-share-box'><h5 class='av-share-link-description'>Compartir esta actividad<\/h5><ul class='av-share-box-list noLightbox'><li class='av-share-link av-social-link-facebook' ><a target='_blank' href='http:\/\/www.facebook.com\/sharer.php?u=https:\/\/casa.oaxaca.gob.mx\/?p=16452&amp;t=Taller%20presencial.%20Cester%C3%ADa%20Nudo%20mixteco.%20Imparte%3A%20Abel%20L%C3%B3pez%20Diego.' aria-hidden='true' data-av_icon='\ue8f3' data-av_iconfont='entypo-fontello' title='' data-avia-related-tooltip='Share on Facebook'><span class='avia_hidden_link_text'>Share on Facebook<\/span><\/a><\/li><li class='av-share-link av-social-link-twitter' ><a target='_blank' href='https:\/\/twitter.com\/share?text=Taller%20presencial.%20Cester%C3%ADa%20Nudo%20mixteco.%20Imparte%3A%20Abel%20L%C3%B3pez%20Diego.&url=https:\/\/casa.oaxaca.gob.mx\/?p=16452' aria-hidden='true' data-av_icon='\ue8f1' data-av_iconfont='entypo-fontello' title='' data-avia-related-tooltip='Share on Twitter'><span class='avia_hidden_link_text'>Share on Twitter<\/span><\/a><\/li><li class='av-share-link av-social-link-gplus' ><a target='_blank' href='https:\/\/plus.google.com\/share?url=https:\/\/casa.oaxaca.gob.mx\/?p=16452' aria-hidden='true' data-av_icon='\ue8f6' data-av_iconfont='entypo-fontello' title='' data-avia-related-tooltip='Share on Google+'><span class='avia_hidden_link_text'>Share on Google+<\/span><\/a><\/li><li class='av-share-link av-social-link-pinterest' ><a target='_blank' href='http:\/\/pinterest.com\/pin\/create\/button\/?url=https%3A%2F%2Fcasa.oaxaca.gob.mx%2F%3Fp%3D16452&amp;description=Taller%20presencial.%20Cester%C3%ADa%20Nudo%20mixteco.%20Imparte%3A%20Abel%20L%C3%B3pez%20Diego.&amp;media=https%3A%2F%2Fcasa.oaxaca.gob.mx%2Fwp-content%2Fuploads%2F2025%2F07%2FCesteriaNudoMixteco_cerrada-705x484.jpg' aria-hidden='true' data-av_icon='\ue8f8' data-av_iconfont='entypo-fontello' title='' data-avia-related-tooltip='Share on Pinterest'><span class='avia_hidden_link_text'>Share on Pinterest<\/span><\/a><\/li><li class='av-share-link av-social-link-mail' ><a  href='mailto:?subject=Taller%20presencial.%20Cester%C3%ADa%20Nudo%20mixteco.%20Imparte%3A%20Abel%20L%C3%B3pez%20Diego.&amp;body=https:\/\/casa.oaxaca.gob.mx\/?p=16452' aria-hidden='true' data-av_icon='\ue805' data-av_iconfont='entypo-fontello' title='' data-avia-related-tooltip='Share by Mail'><span class='avia_hidden_link_text'>Share by Mail<\/span><\/a><\/li><\/ul><\/div><\/div><br \/>\n<div  class='hr hr-default '><span class='hr-inner ' ><span class='hr-inner-style'><\/span><\/span><\/div><br \/>\n<div style='padding-bottom:10px;font-size:30px;' class='av-special-heading av-special-heading-h3  blockquote modern-quote  av-inherit-size'><h3 class='av-special-heading-tag'  itemprop=\"headline\"  >Sobre el tallerista<\/h3><div class='special-heading-border'><div class='special-heading-inner-border' ><\/div><\/div><\/div><br \/>\n<div class='avia-data-table-wrap avia_responsive_table'><table class='avia-table avia-data-table avia-table-1  avia_pricing_default'  itemscope=\"itemscope\" itemtype=\"https:\/\/schema.org\/Table\" ><tbody><tr class='avia-heading-row'><th class=''>Abel L\u00f3pez Diego<\/th><\/tr><tr class=''><td class=''>Abel L\u00f3pez, es un artesano comprometido con su oficio y experto en el manejo de fibras naturales. Sus conocimientos han sido transmitidos de generaci\u00f3n en generaci\u00f3n, y su constante b\u00fasqueda de perfeccionamiento le permite adaptarse a las demandas del mercado. Siempre dispuesto a innovar, recibe con apertura las cr\u00edticas y sugerencias, utiliz\u00e1ndose como una oportunidad para seguir refinando sus t\u00e9cnicas y mejorar su trabajo.<\/td><\/tr><\/tbody><\/table><\/div><style type='text\/css'>.avia-table-1 td:nth-of-type(1):before { content: 'Abel L\u00f3pez Diego'; } <\/style><\/p><\/div>\n<div class=\"flex_column av_three_fifth  flex_column_div av-zero-column-padding   \" style='border-radius:0px; '><p><div style='padding-bottom:10px;font-size:30px;' class='av-special-heading av-special-heading-h3  blockquote modern-quote   av-inherit-size'><h3 class='av-special-heading-tag'  itemprop=\"headline\"  >Acerca del taller<\/h3><div class='special-heading-border'><div class='special-heading-inner-border' ><\/div><\/div><\/div><br \/>\n<div class='avia-data-table-wrap avia_responsive_table'><table class='avia-table avia-data-table avia-table-2  avia_pricing_default'  itemscope=\"itemscope\" itemtype=\"https:\/\/schema.org\/Table\" ><tbody><tr class=''><td class=''>LISTA DE SELECCIONADOS<\/td><\/tr><tr class=''><td class=''>Sergio Ch\u00e1vez Ahuate<\/p>\n<p>Lupe Ch\u00e1vez Gonz\u00e1lez<\/p>\n<p>Karen Alitzel Cruz Cruz<\/p>\n<p>X\u00f3chitl Espinosa Padilla<\/p>\n<p>Mariana Gonz\u00e1lez Saravia Pe\u00f1a<\/p>\n<p>Viridiana Guevara Guzm\u00e1n<\/p>\n<p>Kevin Daniel Guti\u00e9rrez Ruiz<\/p>\n<p>Coral De Rosario Hern\u00e1ndez Mat\u00edas<\/p>\n<p>Jessica Mabel Hern\u00e1ndez Salinas<\/p>\n<p>Margarita Lescas G\u00f3mez<\/p>\n<p>Hania L\u00f3pez Hern\u00e1ndez<\/p>\n<p>Carlo L\u00f3pez Jim\u00e9nez<\/p>\n<p>Diego Maldonado Garc\u00eda<\/p>\n<p>Sara Mar\u00eda Mendoza M\u00e9ndez<\/p>\n<p>Milka Naomy Ni\u00f1o Ni\u00f1o<\/p>\n<p>Maryan Pacheco Ram\u00edrez<\/p>\n<p>Aude Palmer<\/p>\n<p>Karen Alessandra Ram\u00edrez Bautista<\/p>\n<p>Jorge Pablo Ruiz Ruiz<\/p>\n<p>Mar\u00eda Ruiz M\u00e9ndez<\/p>\n<p>Liliana Michelle V\u00e1squez V\u00e1squez<\/p>\n<p>Ariatna Guadalupe Vel\u00e1zquez Ruiz<\/td><\/tr><\/tbody><\/table><\/div><style type='text\/css'><\/style><br \/>\n<div class='avia-data-table-wrap avia_responsive_table'><table class='avia-table avia-data-table avia-table-3  avia_pricing_default'  itemscope=\"itemscope\" itemtype=\"https:\/\/schema.org\/Table\" ><tbody><tr class='avia-heading-row'><th class=''>Descripci\u00f3n general<\/th><\/tr><tr class=''><td class=''>El Nudo Mixteco es una t\u00e9cnica tradicional de la cultura Mixteca, que se utiliza para elaborar diversos tipos de productos artesanales, como collares, pulseras y otras piezas decorativas. En este taller, los alumnos aprender\u00e1n las bases del Nudo Mixteco, profundizando en su origen cultural, la simbolog\u00eda detr\u00e1s de sus formas y c\u00f3mo reproducir los nudos para crear obras que mantengan viva esta tradici\u00f3n ancestral. Durante el curso, los estudiantes aprender\u00e1n a utilizar los materiales adecuados, la precisi\u00f3n en la ejecuci\u00f3n y la importancia del arte en la preservaci\u00f3n cultural.<\/p>\n<p>Se proporcionar\u00e1n las bases te\u00f3ricas y pr\u00e1cticas para que los alumnos puedan replicar y, con el tiempo, innovar sobre las formas tradicionales del Nudo Mixteco. Adem\u00e1s, se fomentar\u00e1 el respeto y la valoraci\u00f3n de las tradiciones de las culturas ind\u00edgenas de M\u00e9xico, promoviendo la integraci\u00f3n de sus expresiones art\u00edsticas en la vida cotidiana.<br \/>\n<\/td><\/tr><tr class='avia-heading-row'><th class=''>Objetivo general<\/th><\/tr><tr class=''><td class=''>El objetivo general del taller es ense\u00f1ar a los estudiantes la t\u00e9cnica del Nudo Mixteco para que puedan producir sus propias piezas artesanales, apreciando la tradici\u00f3n cultural de la regi\u00f3n Mixteca y aprendiendo a aplicar sus conocimientos en la creaci\u00f3n de productos decorativos y funcionales.<br \/>\n<\/td><\/tr><tr class='avia-heading-row'><th class=''>Objetivos espec\u00edficos<\/th><\/tr><tr class=''><td class=''>&#8211; Introducir la historia y el contexto cultural del Nudo Mixteco, para que los estudiantes comprendan su relevancia y significado.<br \/>\n&#8211; Ense\u00f1ar las t\u00e9cnicas b\u00e1sicas del Nudo Mixteco, abarcando diferentes tipos de nudos y su correcta ejecuci\u00f3n.<br \/>\n&#8211; Proveer conocimientos sobre los materiales y herramientas que se utilizan en el proceso de elaboraci\u00f3n de nudos, como hilos, cuerdas y otros materiales tradicionales.<br \/>\n&#8211; Fomentar la creatividad de los estudiantes, permitiendo la personalizaci\u00f3n de los dise\u00f1os a partir de las bases del Nudo Mixteco.<br \/>\n&#8211; Brindar capacitaci\u00f3n pr\u00e1ctica a los estudiantes para que, al finalizar el taller, puedan reproducir y aplicar la t\u00e9cnica de forma aut\u00f3noma.<br \/>\n&#8211; Desarrollar habilidades manuales y de concentraci\u00f3n, a trav\u00e9s de la pr\u00e1ctica constante de la t\u00e9cnica.<br \/>\n&#8211; Promover la preservaci\u00f3n cultural a trav\u00e9s del aprendizaje y la difusi\u00f3n de las tradiciones Mixtecas.<br \/>\n<\/td><\/tr><tr class='avia-heading-row'><th class=''>Temas<\/th><\/tr><tr class=''><td class=''>\u2013 Dise\u00f1o de la pieza<br \/>\n\u2013 Manipulaci\u00f3n de la palma<br \/>\n\u2013 Medidas de la palma<br \/>\n\u2013 Amarre b\u00e1sico<br \/>\n\u2013 Dobleces y curvas<br \/>\n\u2013 Nudo mixteco<br \/>\n\u2013 Realizaci\u00f3n de un objeto<br \/>\n<\/td><\/tr><\/tbody><\/table><\/div><style type='text\/css'>.avia-table-3 td:nth-of-type(1):before { content: 'Descripci\u00f3n general'; } <\/style><br \/>\n<div style='padding-bottom:10px;font-size:30px;' class='av-special-heading av-special-heading-h3  blockquote modern-quote   av-inherit-size'><h3 class='av-special-heading-tag'  itemprop=\"headline\"  >Requisitos de inscripci\u00f3n<\/h3><div class='special-heading-border'><div class='special-heading-inner-border' ><\/div><\/div><\/div><br \/>\n<div class='avia-data-table-wrap avia_responsive_table'><table class='avia-table avia-data-table avia-table-4  avia_pricing_default'  itemscope=\"itemscope\" itemtype=\"https:\/\/schema.org\/Table\" ><tbody><tr class=''><td class=''>&#8211; Dirigido al p\u00fablico que tenga inter\u00e9s en el tema, no es necesario tener conocimientos previos.<br \/>\n<\/td><\/tr><tr class=''><td class=''>&#8211; Si tienes inter\u00e9s deber\u00e1s llenar el formulario con los datos completos que se encuentra en esta p\u00e1gina.<br \/>\n&#8211; La lista de seleccionados se publicar\u00e1 en esta p\u00e1gina, tambi\u00e9n se les notificar\u00e1 v\u00eda correo electr\u00f3nico con los detalles de la actividad.<br \/>\n&#8211; Actividad gratuita.<br \/>\n&#8211; Los talleristas ser\u00e1n los responsables de realizar la selecci\u00f3n de alumnos bajo sus criterios.<br \/>\n<\/td><\/tr><\/tbody><\/table><\/div><style type='text\/css'><\/style><br \/>\n<div class='avia-data-table-wrap avia_responsive_table'><table class='avia-table avia-data-table avia-table-5  avia_pricing_default'  itemscope=\"itemscope\" itemtype=\"https:\/\/schema.org\/Table\" ><tbody><tr class='avia-heading-row'><th class=''>Material que se le solicitar\u00e1 al alumno(a)<\/th><\/tr><tr class=''><td class=''>&#8211; Tijeras<br \/>\n&#8211; Cutter<br \/>\n&#8211; Pinzas o herramientas peque\u00f1as para ajustes finos en los nudos.<br \/>\n&#8211; Cinta adhesiva para sostener los hilos mientras se realiza el trabajo.<br \/>\n&#8211; Una libreta y l\u00e1piz para realizar bocetos y tomar notas sobre los dise\u00f1os.<br \/>\n&#8211; Palma<br \/>\n<\/td><\/tr><\/tbody><\/table><\/div><style type='text\/css'>.avia-table-5 td:nth-of-type(1):before { content: 'Material que se le solicitar\u00e1 al alumno(a)'; } <\/style><br \/>\n<div class='avia-data-table-wrap avia_responsive_table'><table class='avia-table avia-data-table avia-table-6  avia_pricing_default'  itemscope=\"itemscope\" itemtype=\"https:\/\/schema.org\/Table\" ><tbody><tr class='avia-heading-row'><th class=''>Criterios de selecci\u00f3n de alumnos<\/th><\/tr><tr class=''><td class=''>&#8211; Primeras 17 personas en inscribirse<br \/>\n&#8211; Mayores de 18 a\u00f1os<br \/>\n<\/td><\/tr><\/tbody><\/table><\/div><style type='text\/css'>.avia-table-6 td:nth-of-type(1):before { content: 'Criterios de selecci\u00f3n de alumnos'; } <\/style><br \/>\n<div class='avia-data-table-wrap avia_responsive_table'><table class='avia-table avia-data-table avia-table-7  avia_pricing_default'  itemscope=\"itemscope\" itemtype=\"https:\/\/schema.org\/Table\" ><tbody><tr class='avia-heading-row'><th class=''>Nota para los seleccionados<\/th><\/tr><tr class=''><td class=''>&#8211; Clases presenciales en (S\u00f3tano) CaSa<br \/>\n&#8211; Se dejar\u00e1n ejercicios espec\u00edficos a cada estudiante, es fundamental realizarlos para continuar con la siguiente clase.<br \/>\n&#8211; Tener el compromiso y el tiempo para llevar a cabo el taller, ya que las inasistencias injustificadas ser\u00e1n motivo de suspensi\u00f3n y no podr\u00e1 ingresar a talleres futuros.<br \/>\n&#8211; Durante el taller nos estaremos comunicando por medio de mensajes en un grupo de WhatsApp, por ser una herramienta m\u00e1s r\u00e1pida para poder tener una mejor comunicaci\u00f3n con lo que respecta al taller.<br \/>\n<\/td><\/tr><\/tbody><\/table><\/div><style type='text\/css'>.avia-table-7 td:nth-of-type(1):before { content: 'Nota para los seleccionados'; } <\/style><br \/>\n<div id='av-masonry-1' class='av-masonry noHover av-fixed-size av-large-gap av-hover-overlay-active av-masonry-col-flexible av-caption-always av-caption-style- av-masonry-gallery  '  ><div class='av-masonry-container isotope av-js-disabled ' ><div class='av-masonry-entry isotope-item av-masonry-item-no-image '><\/div><a href=\"https:\/\/casa.oaxaca.gob.mx\/wp-content\/uploads\/2025\/07\/CesteriaNudoMixteco_portada-1030x437.jpg\" id='av-masonry-1-item-16455' data-av-masonry-item='16455' class='av-masonry-entry isotope-item post-16455 attachment type-attachment status-inherit hentry  av-masonry-item-with-image' title=\"\"  itemprop=\"thumbnailUrl\" ><div class='av-inner-masonry-sizer'><\/div><figure class='av-inner-masonry main_color'><div class=\"av-masonry-outerimage-container\"><div class=\"av-masonry-image-container\" style=\"background-image: url(https:\/\/casa.oaxaca.gob.mx\/wp-content\/uploads\/2025\/07\/CesteriaNudoMixteco_portada-705x299.jpg);\"><img decoding=\"async\" src=\"https:\/\/casa.oaxaca.gob.mx\/wp-content\/uploads\/2025\/07\/CesteriaNudoMixteco_portada-705x299.jpg\" title=\"CesteriaNudoMixteco_portada\" alt=\"\" \/><\/div><\/div><\/figure><\/a><!--end av-masonry entry--><\/div><\/div><\/p><\/div>\n","protected":false},"excerpt":{"rendered":"","protected":false},"author":1,"featured_media":16454,"comment_status":"open","ping_status":"open","sticky":false,"template":"","format":"standard","meta":{"_exactmetrics_skip_tracking":false,"_exactmetrics_sitenote_active":false,"_exactmetrics_sitenote_note":"","_exactmetrics_sitenote_category":0,"footnotes":""},"categories":[204],"tags":[],"class_list":["post-16452","post","type-post","status-publish","format-standard","has-post-thumbnail","hentry","category-204"],"_links":{"self":[{"href":"https:\/\/casa.oaxaca.gob.mx\/index.php?rest_route=\/wp\/v2\/posts\/16452","targetHints":{"allow":["GET"]}}],"collection":[{"href":"https:\/\/casa.oaxaca.gob.mx\/index.php?rest_route=\/wp\/v2\/posts"}],"about":[{"href":"https:\/\/casa.oaxaca.gob.mx\/index.php?rest_route=\/wp\/v2\/types\/post"}],"author":[{"embeddable":true,"href":"https:\/\/casa.oaxaca.gob.mx\/index.php?rest_route=\/wp\/v2\/users\/1"}],"replies":[{"embeddable":true,"href":"https:\/\/casa.oaxaca.gob.mx\/index.php?rest_route=%2Fwp%2Fv2%2Fcomments&post=16452"}],"version-history":[{"count":4,"href":"https:\/\/casa.oaxaca.gob.mx\/index.php?rest_route=\/wp\/v2\/posts\/16452\/revisions"}],"predecessor-version":[{"id":16995,"href":"https:\/\/casa.oaxaca.gob.mx\/index.php?rest_route=\/wp\/v2\/posts\/16452\/revisions\/16995"}],"wp:featuredmedia":[{"embeddable":true,"href":"https:\/\/casa.oaxaca.gob.mx\/index.php?rest_route=\/wp\/v2\/media\/16454"}],"wp:attachment":[{"href":"https:\/\/casa.oaxaca.gob.mx\/index.php?rest_route=%2Fwp%2Fv2%2Fmedia&parent=16452"}],"wp:term":[{"taxonomy":"category","embeddable":true,"href":"https:\/\/casa.oaxaca.gob.mx\/index.php?rest_route=%2Fwp%2Fv2%2Fcategories&post=16452"},{"taxonomy":"post_tag","embeddable":true,"href":"https:\/\/casa.oaxaca.gob.mx\/index.php?rest_route=%2Fwp%2Fv2%2Ftags&post=16452"}],"curies":[{"name":"wp","href":"https:\/\/api.w.org\/{rel}","templated":true}]}}