{"id":16481,"date":"2025-07-16T15:06:59","date_gmt":"2025-07-16T21:06:59","guid":{"rendered":"https:\/\/casa.oaxaca.gob.mx\/?p=16481"},"modified":"2026-01-22T13:53:08","modified_gmt":"2026-01-22T19:53:08","slug":"taller-presencial-grabado-en-mdf-gubia-y-corte-laser-imparte-soledad-vazquez-balderas","status":"publish","type":"post","link":"https:\/\/casa.oaxaca.gob.mx\/?p=16481","title":{"rendered":"Taller presencial. Grabado en MDF, gubia y corte l\u00e1ser. Imparte: Soledad V\u00e1zquez Balderas."},"content":{"rendered":"<\/div><\/div><\/div><!-- close content main div --><\/div><\/div><div id='av_section_1' class='avia-section main_color avia-section-no-padding avia-no-border-styling avia-full-stretch av-parallax-section avia-bg-style-parallax  av-minimum-height av-minimum-height-75 container_wrap fullsize'  data-section-bg-repeat='stretch' ><div class='av-parallax' data-avia-parallax-ratio='0.3' ><div class='av-parallax-inner main_color  avia-full-stretch' style = 'background-repeat: no-repeat; background-image: url(https:\/\/casa.oaxaca.gob.mx\/wp-content\/uploads\/2025\/07\/GrabadoenMDF.Gubia_.CorteLaser_portada-scaled.jpg); background-attachment: scroll; background-position: bottom center; ' ><\/div><\/div><div class='container' ><div class='template-page content  av-content-full alpha units'><div class='post-entry post-entry-type-page post-entry-16481'><div class='entry-content-wrapper clearfix'>\n<div style='padding-bottom:10px;color:#ffffff;font-size:50px;' class='av-special-heading av-special-heading-h3 custom-color-heading blockquote modern-quote  av-inherit-size'><h3 class='av-special-heading-tag'  itemprop=\"headline\"  >Taller presencial. Grabado en MDF, gubia y corte l\u00e1ser .<\/h3><div class ='av-subheading av-subheading_below av_custom_color' style='font-size:25px;'><p>Imparte: Soledad V\u00e1zquez Balderas.<\/p>\n<\/div><div class='special-heading-border'><div class='special-heading-inner-border' style='border-color:#ffffff'><\/div><\/div><\/div>\n\n<\/div><\/div><\/div><!-- close content main div --><\/div><\/div><div id='av-layout-grid-1' class='av-layout-grid-container entry-content-wrapper main_color av-flex-cells  container_wrap fullsize'   >\n<div class=\"flex_cell no_margin av_one_full   \" style='vertical-align:top; padding:30px; background-color:#ED9600; '><div class='flex_cell_inner' ><p><div class=\"flex_column av_one_fourth  flex_column_div av-zero-column-padding first  \" style='border-radius:0px; '><div style='padding-bottom:10px;color:#ffffff;' class='av-special-heading av-special-heading-h3 custom-color-heading blockquote modern-quote '><h3 class='av-special-heading-tag'  itemprop=\"headline\"  >Cierre de inscripciones<\/h3><div class ='av-subheading av-subheading_below av_custom_color' style='font-size:20px;'><p>Lunes 28 de julio de 2025<\/p>\n<p>Publicaci\u00f3n de resultados<br \/>\nJueves 31 de julio de 2025<\/p>\n<\/div><div class='special-heading-border'><div class='special-heading-inner-border' style='border-color:#ffffff'><\/div><\/div><\/div><\/div><div class=\"flex_column av_one_fourth  flex_column_div av-zero-column-padding   \" style='border-radius:0px; '><div style='padding-bottom:10px;color:#ffffff;' class='av-special-heading av-special-heading-h3 custom-color-heading blockquote modern-quote '><h3 class='av-special-heading-tag'  itemprop=\"headline\"  >Fechas<\/h3><div class ='av-subheading av-subheading_below av_custom_color' style='font-size:20px;'><p>Lunes, mi\u00e9rcoles y viernes<br \/>\nDel 4 al 29 de agosto de 2025<\/p>\n<\/div><div class='special-heading-border'><div class='special-heading-inner-border' style='border-color:#ffffff'><\/div><\/div><\/div><\/div><div class=\"flex_column av_one_fourth  flex_column_div av-zero-column-padding   \" style='border-radius:0px; '><div style='padding-bottom:10px;color:#ffffff;' class='av-special-heading av-special-heading-h3 custom-color-heading blockquote modern-quote '><h3 class='av-special-heading-tag'  itemprop=\"headline\"  >Horario<\/h3><div class ='av-subheading av-subheading_below av_custom_color' style='font-size:20px;'><p>De 14 a 18 horas<\/p>\n<\/div><div class='special-heading-border'><div class='special-heading-inner-border' style='border-color:#ffffff'><\/div><\/div><\/div><\/div><div class=\"flex_column av_one_fourth  flex_column_div av-zero-column-padding   \" style='border-radius:0px; '><section class=\"avia_codeblock_section avia_code_block_0\"  itemscope=\"itemscope\" itemtype=\"https:\/\/schema.org\/BlogPosting\" itemprop=\"blogPost\" ><div class='avia_codeblock '  itemprop=\"text\" > [avia_codeblock_placeholder uid=\"0\"] <\/div><\/section><\/div><\/p>\n<\/div><\/div>\n<\/div>\n<div class=\"flex_column av_two_fifth  flex_column_div av-zero-column-padding first  \" style='border-radius:0px; '><p><div class='av-social-sharing-box '><div class='av-share-box'><h5 class='av-share-link-description'>Compartir esta actividad<\/h5><ul class='av-share-box-list noLightbox'><li class='av-share-link av-social-link-facebook' ><a target='_blank' href='http:\/\/www.facebook.com\/sharer.php?u=https:\/\/casa.oaxaca.gob.mx\/?p=16481&amp;t=Taller%20presencial.%20Grabado%20en%20MDF%2C%20gubia%20y%20corte%20l%C3%A1ser.%20Imparte%3A%20Soledad%20V%C3%A1zquez%20Balderas.' aria-hidden='true' data-av_icon='\ue8f3' data-av_iconfont='entypo-fontello' title='' data-avia-related-tooltip='Share on Facebook'><span class='avia_hidden_link_text'>Share on Facebook<\/span><\/a><\/li><li class='av-share-link av-social-link-twitter' ><a target='_blank' href='https:\/\/twitter.com\/share?text=Taller%20presencial.%20Grabado%20en%20MDF%2C%20gubia%20y%20corte%20l%C3%A1ser.%20Imparte%3A%20Soledad%20V%C3%A1zquez%20Balderas.&url=https:\/\/casa.oaxaca.gob.mx\/?p=16481' aria-hidden='true' data-av_icon='\ue8f1' data-av_iconfont='entypo-fontello' title='' data-avia-related-tooltip='Share on Twitter'><span class='avia_hidden_link_text'>Share on Twitter<\/span><\/a><\/li><li class='av-share-link av-social-link-gplus' ><a target='_blank' href='https:\/\/plus.google.com\/share?url=https:\/\/casa.oaxaca.gob.mx\/?p=16481' aria-hidden='true' data-av_icon='\ue8f6' data-av_iconfont='entypo-fontello' title='' data-avia-related-tooltip='Share on Google+'><span class='avia_hidden_link_text'>Share on Google+<\/span><\/a><\/li><li class='av-share-link av-social-link-pinterest' ><a target='_blank' href='http:\/\/pinterest.com\/pin\/create\/button\/?url=https%3A%2F%2Fcasa.oaxaca.gob.mx%2F%3Fp%3D16481&amp;description=Taller%20presencial.%20Grabado%20en%20MDF%2C%20gubia%20y%20corte%20l%C3%A1ser.%20Imparte%3A%20Soledad%20V%C3%A1zquez%20Balderas.&amp;media=https%3A%2F%2Fcasa.oaxaca.gob.mx%2Fwp-content%2Fuploads%2F2025%2F07%2FGrabadoenMDF.Gubia_.CorteLaser_cerrada-705x484.jpg' aria-hidden='true' data-av_icon='\ue8f8' data-av_iconfont='entypo-fontello' title='' data-avia-related-tooltip='Share on Pinterest'><span class='avia_hidden_link_text'>Share on Pinterest<\/span><\/a><\/li><li class='av-share-link av-social-link-mail' ><a  href='mailto:?subject=Taller%20presencial.%20Grabado%20en%20MDF%2C%20gubia%20y%20corte%20l%C3%A1ser.%20Imparte%3A%20Soledad%20V%C3%A1zquez%20Balderas.&amp;body=https:\/\/casa.oaxaca.gob.mx\/?p=16481' aria-hidden='true' data-av_icon='\ue805' data-av_iconfont='entypo-fontello' title='' data-avia-related-tooltip='Share by Mail'><span class='avia_hidden_link_text'>Share by Mail<\/span><\/a><\/li><\/ul><\/div><\/div><br \/>\n<div  class='hr hr-default '><span class='hr-inner ' ><span class='hr-inner-style'><\/span><\/span><\/div><br \/>\n<div style='padding-bottom:10px;font-size:30px;' class='av-special-heading av-special-heading-h3  blockquote modern-quote   av-inherit-size'><h3 class='av-special-heading-tag'  itemprop=\"headline\"  >Sobre la tallerista<\/h3><div class='special-heading-border'><div class='special-heading-inner-border' ><\/div><\/div><\/div><br \/>\n<div class='avia-data-table-wrap avia_responsive_table'><table class='avia-table avia-data-table avia-table-1  avia_pricing_default'  itemscope=\"itemscope\" itemtype=\"https:\/\/schema.org\/Table\" ><tbody><tr class='avia-heading-row'><th class=''>Soledad V\u00e1zquez Balderas<\/th><\/tr><tr class=''><td class=''>Licenciada en Artes Pl\u00e1sticas y Visuales, con especialidad en Gr\u00e1fica en la Escuela de Artes Pl\u00e1sticas y Visuales de la Universidad Aut\u00f3noma Benito Ju\u00e1rez de Oaxaca (U. A. B. J. O.). En su formaci\u00f3n acad\u00e9mica tambi\u00e9n ha tomado diversos talleres y diplomados de Est\u00e9tica e Historia del Arte, Ense\u00f1anza de las artes en educaci\u00f3n B\u00e1sica, Fotograf\u00eda, Pigmentos Naturales, Collage, Electr\u00f3lisis, Colograf\u00eda, Takuhon, Cianotipia, Encuadernaci\u00f3n, entre otros, en El Centro de las Artes de San Agust\u00edn (El CASA), la Curtidur\u00eda Centro de Artes Visuales, Centro Nacional de las Artes (CENART) y el Centro de las Artes de Guanajuato (CEARG).<br \/>\nSu obra se desenvuelve en medios c\u00f3mo la gr\u00e1fica, gr\u00e1fica expandida, arte objeto, cer\u00e1mica y escultura. Retoma im\u00e1genes de elementos microsc\u00f3picos y macrosc\u00f3picos para realizar una exploraci\u00f3n est\u00e9tica de los mismos en relaci\u00f3n al contexto humano para retomarlos en su producci\u00f3n art\u00edstica, tambi\u00e9n maneja un cambio de escala como herramienta para connotar las jerarqu\u00edas y cuestionar la visi\u00f3n antropoc\u00e9ntrica para hacer una visualizaci\u00f3n del ser humano como un ser multidisciplinario, influido por lo que lo rodea y dependiente de su entorno, le interesa visibilizar la peque\u00f1ez de \u00e9ste ante el universo y la inmensidad del mismo. Ha participado en diferentes exposiciones colectivas en M\u00e9xico, Estados Unidos, Colombia, Jap\u00f3n, Alemania y Estados Unidos.<br \/>\n<\/td><\/tr><\/tbody><\/table><\/div><style type='text\/css'>.avia-table-1 td:nth-of-type(1):before { content: 'Soledad V\u00e1zquez Balderas'; } <\/style><\/p><\/div>\n<div class=\"flex_column av_three_fifth  flex_column_div av-zero-column-padding   \" style='border-radius:0px; '><p><div style='padding-bottom:10px;font-size:30px;' class='av-special-heading av-special-heading-h3  blockquote modern-quote   av-inherit-size'><h3 class='av-special-heading-tag'  itemprop=\"headline\"  >Acerca del taller<\/h3><div class='special-heading-border'><div class='special-heading-inner-border' ><\/div><\/div><\/div><br \/>\n<div class='avia-data-table-wrap avia_responsive_table'><table class='avia-table avia-data-table avia-table-2  avia_pricing_default'  itemscope=\"itemscope\" itemtype=\"https:\/\/schema.org\/Table\" ><tbody><tr class=''><td class=''>Lista de seleccionados<\/td><\/tr><tr class=''><td class=''>Eric Pozos V\u00e1squez<\/p>\n<p>Alberto Revilla Pacheco<\/p>\n<p>Rene Oswaldo Gonz\u00e1lez Pizarro<\/p>\n<p>Axl Geovanni Ayuso S\u00e1nchez<\/p>\n<p>Ana Karen L\u00f3pez Morales<\/p>\n<p>Libertad Garc\u00eda Sanabria<\/p>\n<p>Olga Rosario Hern\u00e1ndez S\u00e1nchez <\/td><\/tr><\/tbody><\/table><\/div><style type='text\/css'><\/style><br \/>\n<div class='avia-data-table-wrap avia_responsive_table'><table class='avia-table avia-data-table avia-table-3  avia_pricing_default'  itemscope=\"itemscope\" itemtype=\"https:\/\/schema.org\/Table\" ><tbody><tr class='avia-heading-row'><th class=''>Descripci\u00f3n general<\/th><\/tr><tr class=''><td class=''>El taller se desarrollar\u00e1 con una etapa te\u00f3rica y otra pr\u00e1ctica en donde el participante conocer\u00e1 los conceptos, t\u00e9cnicas y materiales del grabado tradicional, aprender\u00e1 a generar una matriz a partir de las gubias y el corte l\u00e1ser y las caracter\u00edsticas de una edici\u00f3n de grabado.<br \/>\n<\/td><\/tr><tr class='avia-heading-row'><th class=''>Objetivo general<\/th><\/tr><tr class=''><td class=''>Brindar a las y los participantes los conocimientos te\u00f3ricos y habilidades pr\u00e1cticas necesarias para comprender y aplicar las t\u00e9cnicas del grabado tradicional, explorando el uso combinado de herramientas manuales y tecnolog\u00eda (como el corte l\u00e1ser) para la creaci\u00f3n de matrices, fomentando una apreciaci\u00f3n cr\u00edtica del proceso gr\u00e1fico y su potencial expresivo.<br \/>\n<\/td><\/tr><tr class='avia-heading-row'><th class=''>Objetivos espec\u00edficos<\/th><\/tr><tr class=''><td class=''>&#8211; El alumno realizar\u00e1 una matriz en MDF a partir del corte l\u00e1ser y las gubias, de la cual sacar\u00e1 una edici\u00f3n.<br \/>\n&#8211; Obtener los conocimientos b\u00e1sicos del grabado<br \/>\n&#8211; Elaborar bocetos<br \/>\n&#8211; Digitalizar un boceto<br \/>\n&#8211; Visualizar las puebas de color<br \/>\n&#8211; Investigar proveedores de corte l\u00e1ser<br \/>\n&#8211; Obtener la matriz<br \/>\n&#8211; Realizar pruebas de color<br \/>\n&#8211; Realizar edici\u00f3n<br \/>\n<\/td><\/tr><tr class='avia-heading-row'><th class=''>Temas<\/th><\/tr><tr class=''><td class=''>1. Conceptos b\u00e1sicos del grabado<br \/>\n2. T\u00e9cnicas y materiales<br \/>\n3. La imagen en el grabado<br \/>\n4. Un ensayo sobre grabado de Juan Martinez Moro<br \/>\n5. Matriz mat\u00e9rica y digital<br \/>\n6. Caracter\u00edstica de la edici\u00f3n en grabado<\/td><\/tr><\/tbody><\/table><\/div><style type='text\/css'>.avia-table-3 td:nth-of-type(1):before { content: 'Descripci\u00f3n general'; } <\/style><br \/>\n<div style='padding-bottom:10px;font-size:30px;' class='av-special-heading av-special-heading-h3  blockquote modern-quote   av-inherit-size'><h3 class='av-special-heading-tag'  itemprop=\"headline\"  >Requisitos de inscripci\u00f3n<\/h3><div class='special-heading-border'><div class='special-heading-inner-border' ><\/div><\/div><\/div><br \/>\n<div class='avia-data-table-wrap avia_responsive_table'><table class='avia-table avia-data-table avia-table-4  avia_pricing_default'  itemscope=\"itemscope\" itemtype=\"https:\/\/schema.org\/Table\" ><tbody><tr class=''><td class=''>&#8212;<\/td><\/tr><tr class=''><td class=''>&#8211; Si tienes inter\u00e9s deber\u00e1s llenar el formulario con los datos completos que se encuentra en esta p\u00e1gina.<br \/>\n&#8211; La lista de seleccionados se publicar\u00e1 en esta p\u00e1gina, tambi\u00e9n se les notificar\u00e1 v\u00eda correo electr\u00f3nico con los detalles de la actividad.<br \/>\n&#8211; Actividad gratuita.<br \/>\n&#8211; Los talleristas ser\u00e1n los responsables de realizar la selecci\u00f3n de alumnos bajo sus criterios.<br \/>\n<\/td><\/tr><\/tbody><\/table><\/div><style type='text\/css'><\/style><br \/>\n<div class='avia-data-table-wrap avia_responsive_table'><table class='avia-table avia-data-table avia-table-5  avia_pricing_default'  itemscope=\"itemscope\" itemtype=\"https:\/\/schema.org\/Table\" ><tbody><tr class='avia-heading-row'><th class=''>Material que se le solicitar\u00e1 al alumno(a)<\/th><\/tr><tr class=''><td class=''>&#8211; El alumno deber\u00e1 contar con una laptop con el programa illustrator o corel.<br \/>\n&#8211; MDF de 23 x 31 cm de 6mm de espesor<br \/>\n&#8211; Asumir\u00e1 el pago del corte laser<br \/>\n&#8211; L\u00e1piz de cera o color blanco<br \/>\n&#8211; L\u00e1piz de dibujo, pluma<br \/>\n&#8211; 4 cartulinas bristol<br \/>\n&#8211; Gubias para madera<br \/>\n<\/td><\/tr><\/tbody><\/table><\/div><style type='text\/css'>.avia-table-5 td:nth-of-type(1):before { content: 'Material que se le solicitar\u00e1 al alumno(a)'; } <\/style><br \/>\n<div class='avia-data-table-wrap avia_responsive_table'><table class='avia-table avia-data-table avia-table-6  avia_pricing_default'  itemscope=\"itemscope\" itemtype=\"https:\/\/schema.org\/Table\" ><tbody><tr class='avia-heading-row'><th class=''>Criterios de selecci\u00f3n de alumnos<\/th><\/tr><tr class=''><td class=''>El alumno deber\u00e1 tener conocimiento del manejo de computadora y disposici\u00f3n al aprendizaje de Illustrator y\/o Corel, tener inter\u00e9s por el grabado, j\u00f3venes y adultos.<\/td><\/tr><\/tbody><\/table><\/div><style type='text\/css'>.avia-table-6 td:nth-of-type(1):before { content: 'Criterios de selecci\u00f3n de alumnos'; } <\/style><br \/>\n<div class='avia-data-table-wrap avia_responsive_table'><table class='avia-table avia-data-table avia-table-7  avia_pricing_default'  itemscope=\"itemscope\" itemtype=\"https:\/\/schema.org\/Table\" ><tbody><tr class='avia-heading-row'><th class=''>Nota para los seleccionados<\/th><\/tr><tr class=''><td class=''>&#8211; Clases presenciales en (Gr\u00e1fica tradicional) del CaSa<br \/>\n&#8211; Se dejar\u00e1n ejercicios espec\u00edficos a cada estudiante, es fundamental realizarlos para continuar con la siguiente clase.<br \/>\n&#8211; Tener el compromiso y el tiempo para llevar a cabo el taller, ya que las inasistencias injustificadas ser\u00e1n motivo de suspensi\u00f3n y no podr\u00e1 ingresar a talleres futuros.<br \/>\n&#8211; Durante el taller nos estaremos comunicando por medio de mensajes en un grupo de WhatsApp, por ser una herramienta m\u00e1s r\u00e1pida para poder tener una mejor comunicaci\u00f3n con lo que respecta al taller.<br \/>\n<\/td><\/tr><\/tbody><\/table><\/div><style type='text\/css'>.avia-table-7 td:nth-of-type(1):before { content: 'Nota para los seleccionados'; } <\/style><br \/>\n<div id='av-masonry-1' class='av-masonry noHover av-fixed-size av-large-gap av-hover-overlay-active av-masonry-col-flexible av-caption-always av-caption-style- av-masonry-gallery  '  ><div class='av-masonry-container isotope av-js-disabled ' ><div class='av-masonry-entry isotope-item av-masonry-item-no-image '><\/div><a href=\"https:\/\/casa.oaxaca.gob.mx\/wp-content\/uploads\/2025\/07\/1000003196-773x1030.jpg\" id='av-masonry-1-item-16482' data-av-masonry-item='16482' class='av-masonry-entry isotope-item post-16482 attachment type-attachment status-inherit hentry  av-masonry-item-with-image' title=\"\"  itemprop=\"thumbnailUrl\" ><div class='av-inner-masonry-sizer'><\/div><figure class='av-inner-masonry main_color'><div class=\"av-masonry-outerimage-container\"><div class=\"av-masonry-image-container\" style=\"background-image: url(https:\/\/casa.oaxaca.gob.mx\/wp-content\/uploads\/2025\/07\/1000003196-529x705.jpg);\"><img decoding=\"async\" src=\"https:\/\/casa.oaxaca.gob.mx\/wp-content\/uploads\/2025\/07\/1000003196-529x705.jpg\" title=\"1000003196\" alt=\"\" \/><\/div><\/div><\/figure><\/a><!--end av-masonry entry--><a href=\"https:\/\/casa.oaxaca.gob.mx\/wp-content\/uploads\/2025\/07\/1000003199-711x1030.jpg\" id='av-masonry-1-item-16483' data-av-masonry-item='16483' class='av-masonry-entry isotope-item post-16483 attachment type-attachment status-inherit hentry  av-masonry-item-with-image' title=\"\"  itemprop=\"thumbnailUrl\" ><div class='av-inner-masonry-sizer'><\/div><figure class='av-inner-masonry main_color'><div class=\"av-masonry-outerimage-container\"><div class=\"av-masonry-image-container\" style=\"background-image: url(https:\/\/casa.oaxaca.gob.mx\/wp-content\/uploads\/2025\/07\/1000003199-487x705.jpg);\"><img decoding=\"async\" src=\"https:\/\/casa.oaxaca.gob.mx\/wp-content\/uploads\/2025\/07\/1000003199-487x705.jpg\" title=\"1000003199\" alt=\"\" \/><\/div><\/div><\/figure><\/a><!--end av-masonry entry--><a href=\"https:\/\/casa.oaxaca.gob.mx\/wp-content\/uploads\/2025\/07\/1000003202-656x1030.jpg\" id='av-masonry-1-item-16484' data-av-masonry-item='16484' class='av-masonry-entry isotope-item post-16484 attachment type-attachment status-inherit hentry  av-masonry-item-with-image' title=\"\"  itemprop=\"thumbnailUrl\" ><div class='av-inner-masonry-sizer'><\/div><figure class='av-inner-masonry main_color'><div class=\"av-masonry-outerimage-container\"><div class=\"av-masonry-image-container\" style=\"background-image: url(https:\/\/casa.oaxaca.gob.mx\/wp-content\/uploads\/2025\/07\/1000003202-449x705.jpg);\"><img decoding=\"async\" src=\"https:\/\/casa.oaxaca.gob.mx\/wp-content\/uploads\/2025\/07\/1000003202-449x705.jpg\" title=\"1000003202\" alt=\"\" \/><\/div><\/div><\/figure><\/a><!--end av-masonry entry--><a href=\"https:\/\/casa.oaxaca.gob.mx\/wp-content\/uploads\/2025\/07\/1000003207-706x1030.jpg\" id='av-masonry-1-item-16485' data-av-masonry-item='16485' class='av-masonry-entry isotope-item post-16485 attachment type-attachment status-inherit hentry  av-masonry-item-with-image' title=\"\"  itemprop=\"thumbnailUrl\" ><div class='av-inner-masonry-sizer'><\/div><figure class='av-inner-masonry main_color'><div class=\"av-masonry-outerimage-container\"><div class=\"av-masonry-image-container\" style=\"background-image: url(https:\/\/casa.oaxaca.gob.mx\/wp-content\/uploads\/2025\/07\/1000003207-483x705.jpg);\"><img decoding=\"async\" src=\"https:\/\/casa.oaxaca.gob.mx\/wp-content\/uploads\/2025\/07\/1000003207-483x705.jpg\" title=\"1000003207\" alt=\"\" \/><\/div><\/div><\/figure><\/a><!--end av-masonry entry--><\/div><\/div><\/p><\/div>\n","protected":false},"excerpt":{"rendered":"","protected":false},"author":1,"featured_media":16463,"comment_status":"open","ping_status":"open","sticky":false,"template":"","format":"standard","meta":{"_exactmetrics_skip_tracking":false,"_exactmetrics_sitenote_active":false,"_exactmetrics_sitenote_note":"","_exactmetrics_sitenote_category":0,"footnotes":""},"categories":[204],"tags":[],"class_list":["post-16481","post","type-post","status-publish","format-standard","has-post-thumbnail","hentry","category-204"],"_links":{"self":[{"href":"https:\/\/casa.oaxaca.gob.mx\/index.php?rest_route=\/wp\/v2\/posts\/16481","targetHints":{"allow":["GET"]}}],"collection":[{"href":"https:\/\/casa.oaxaca.gob.mx\/index.php?rest_route=\/wp\/v2\/posts"}],"about":[{"href":"https:\/\/casa.oaxaca.gob.mx\/index.php?rest_route=\/wp\/v2\/types\/post"}],"author":[{"embeddable":true,"href":"https:\/\/casa.oaxaca.gob.mx\/index.php?rest_route=\/wp\/v2\/users\/1"}],"replies":[{"embeddable":true,"href":"https:\/\/casa.oaxaca.gob.mx\/index.php?rest_route=%2Fwp%2Fv2%2Fcomments&post=16481"}],"version-history":[{"count":3,"href":"https:\/\/casa.oaxaca.gob.mx\/index.php?rest_route=\/wp\/v2\/posts\/16481\/revisions"}],"predecessor-version":[{"id":16670,"href":"https:\/\/casa.oaxaca.gob.mx\/index.php?rest_route=\/wp\/v2\/posts\/16481\/revisions\/16670"}],"wp:featuredmedia":[{"embeddable":true,"href":"https:\/\/casa.oaxaca.gob.mx\/index.php?rest_route=\/wp\/v2\/media\/16463"}],"wp:attachment":[{"href":"https:\/\/casa.oaxaca.gob.mx\/index.php?rest_route=%2Fwp%2Fv2%2Fmedia&parent=16481"}],"wp:term":[{"taxonomy":"category","embeddable":true,"href":"https:\/\/casa.oaxaca.gob.mx\/index.php?rest_route=%2Fwp%2Fv2%2Fcategories&post=16481"},{"taxonomy":"post_tag","embeddable":true,"href":"https:\/\/casa.oaxaca.gob.mx\/index.php?rest_route=%2Fwp%2Fv2%2Ftags&post=16481"}],"curies":[{"name":"wp","href":"https:\/\/api.w.org\/{rel}","templated":true}]}}