{"id":16495,"date":"2025-07-16T16:40:26","date_gmt":"2025-07-16T22:40:26","guid":{"rendered":"https:\/\/casa.oaxaca.gob.mx\/?p=16495"},"modified":"2026-01-22T13:50:03","modified_gmt":"2026-01-22T19:50:03","slug":"taller-presencial-nace-una-imagen-revela-tu-interior-imparte-alejandra-hugues-irazabal","status":"publish","type":"post","link":"https:\/\/casa.oaxaca.gob.mx\/?p=16495","title":{"rendered":"Taller presencial. Nace una Imagen: Revela tu Interior. Imparte: Alejandra Hugues Iraz\u00e1bal."},"content":{"rendered":"<\/div><\/div><\/div><!-- close content main div --><\/div><\/div><div id='av_section_1' class='avia-section main_color avia-section-no-padding avia-no-border-styling avia-full-stretch av-parallax-section avia-bg-style-parallax  av-minimum-height av-minimum-height-75 container_wrap fullsize'  data-section-bg-repeat='stretch' ><div class='av-parallax' data-avia-parallax-ratio='0.3' ><div class='av-parallax-inner main_color  avia-full-stretch' style = 'background-repeat: no-repeat; background-image: url(https:\/\/casa.oaxaca.gob.mx\/wp-content\/uploads\/2025\/07\/NaceunaImagen_portada-scaled.jpg); background-attachment: scroll; background-position: bottom center; ' ><\/div><\/div><div class='container' ><div class='template-page content  av-content-full alpha units'><div class='post-entry post-entry-type-page post-entry-16495'><div class='entry-content-wrapper clearfix'>\n<div style='padding-bottom:10px;color:#ffffff;font-size:50px;' class='av-special-heading av-special-heading-h3 custom-color-heading blockquote modern-quote  av-inherit-size'><h3 class='av-special-heading-tag'  itemprop=\"headline\"  >Taller presencial. Nace una Imagen: Revela tu Interior.<\/h3><div class ='av-subheading av-subheading_below av_custom_color' style='font-size:25px;'><p>Imparte: Alejandra Hugues Iraz\u00e1bal.<\/p>\n<\/div><div class='special-heading-border'><div class='special-heading-inner-border' style='border-color:#ffffff'><\/div><\/div><\/div>\n\n<\/div><\/div><\/div><!-- close content main div --><\/div><\/div><div id='av-layout-grid-1' class='av-layout-grid-container entry-content-wrapper main_color av-flex-cells  container_wrap fullsize'   >\n<div class=\"flex_cell no_margin av_one_full   \" style='vertical-align:top; padding:30px; background-color:#ED9600; '><div class='flex_cell_inner' ><p><div class=\"flex_column av_one_fourth  flex_column_div av-zero-column-padding first  \" style='border-radius:0px; '><div style='padding-bottom:10px;color:#ffffff;' class='av-special-heading av-special-heading-h3 custom-color-heading blockquote modern-quote '><h3 class='av-special-heading-tag'  itemprop=\"headline\"  >Cierre de inscripciones<\/h3><div class ='av-subheading av-subheading_below av_custom_color' style='font-size:20px;'><p>Martes 29 de julio de 2025<\/p>\n<p>Publicaci\u00f3n de resultados<br \/>\nViernes 1 de agosto de 2025<\/p>\n<\/div><div class='special-heading-border'><div class='special-heading-inner-border' style='border-color:#ffffff'><\/div><\/div><\/div><\/div><div class=\"flex_column av_one_fourth  flex_column_div av-zero-column-padding   \" style='border-radius:0px; '><div style='padding-bottom:10px;color:#ffffff;' class='av-special-heading av-special-heading-h3 custom-color-heading blockquote modern-quote  '><h3 class='av-special-heading-tag'  itemprop=\"headline\"  >Fechas<\/h3><div class ='av-subheading av-subheading_below av_custom_color' style='font-size:20px;'><p>Martes, jueves y s\u00e1bados<br \/>\nDel 5 al 30 de agosto<\/p>\n<\/div><div class='special-heading-border'><div class='special-heading-inner-border' style='border-color:#ffffff'><\/div><\/div><\/div><\/div><div class=\"flex_column av_one_fourth  flex_column_div av-zero-column-padding   \" style='border-radius:0px; '><div style='padding-bottom:10px;color:#ffffff;' class='av-special-heading av-special-heading-h3 custom-color-heading blockquote modern-quote  '><h3 class='av-special-heading-tag'  itemprop=\"headline\"  >Horario<\/h3><div class ='av-subheading av-subheading_below av_custom_color' style='font-size:20px;'><p>Martes y jueves<br \/>\nDe 14 a 18 h<\/p>\n<p>S\u00e1bados<br \/>\nDe 10 a 14 h<\/p>\n<\/div><div class='special-heading-border'><div class='special-heading-inner-border' style='border-color:#ffffff'><\/div><\/div><\/div><\/div><div class=\"flex_column av_one_fourth  flex_column_div av-zero-column-padding   \" style='border-radius:0px; '><section class=\"avia_codeblock_section avia_code_block_0\"  itemscope=\"itemscope\" itemtype=\"https:\/\/schema.org\/BlogPosting\" itemprop=\"blogPost\" ><div class='avia_codeblock '  itemprop=\"text\" > [avia_codeblock_placeholder uid=\"0\"] <\/div><\/section><\/div><\/p>\n<\/div><\/div>\n<\/div>\n<div class=\"flex_column av_two_fifth  flex_column_div av-zero-column-padding first  \" style='border-radius:0px; '><p><div class='av-social-sharing-box '><div class='av-share-box'><h5 class='av-share-link-description'>Compartir esta actividad<\/h5><ul class='av-share-box-list noLightbox'><li class='av-share-link av-social-link-facebook' ><a target='_blank' href='http:\/\/www.facebook.com\/sharer.php?u=https:\/\/casa.oaxaca.gob.mx\/?p=16495&amp;t=Taller%20presencial.%20Nace%20una%20Imagen%3A%20Revela%20tu%20Interior.%20Imparte%3A%20Alejandra%20Hugues%20Iraz%C3%A1bal.' aria-hidden='true' data-av_icon='\ue8f3' data-av_iconfont='entypo-fontello' title='' data-avia-related-tooltip='Share on Facebook'><span class='avia_hidden_link_text'>Share on Facebook<\/span><\/a><\/li><li class='av-share-link av-social-link-twitter' ><a target='_blank' href='https:\/\/twitter.com\/share?text=Taller%20presencial.%20Nace%20una%20Imagen%3A%20Revela%20tu%20Interior.%20Imparte%3A%20Alejandra%20Hugues%20Iraz%C3%A1bal.&url=https:\/\/casa.oaxaca.gob.mx\/?p=16495' aria-hidden='true' data-av_icon='\ue8f1' data-av_iconfont='entypo-fontello' title='' data-avia-related-tooltip='Share on Twitter'><span class='avia_hidden_link_text'>Share on Twitter<\/span><\/a><\/li><li class='av-share-link av-social-link-gplus' ><a target='_blank' href='https:\/\/plus.google.com\/share?url=https:\/\/casa.oaxaca.gob.mx\/?p=16495' aria-hidden='true' data-av_icon='\ue8f6' data-av_iconfont='entypo-fontello' title='' data-avia-related-tooltip='Share on Google+'><span class='avia_hidden_link_text'>Share on Google+<\/span><\/a><\/li><li class='av-share-link av-social-link-pinterest' ><a target='_blank' href='http:\/\/pinterest.com\/pin\/create\/button\/?url=https%3A%2F%2Fcasa.oaxaca.gob.mx%2F%3Fp%3D16495&amp;description=Taller%20presencial.%20Nace%20una%20Imagen%3A%20Revela%20tu%20Interior.%20Imparte%3A%20Alejandra%20Hugues%20Iraz%C3%A1bal.&amp;media=https%3A%2F%2Fcasa.oaxaca.gob.mx%2Fwp-content%2Fuploads%2F2025%2F07%2FNaceunaImagen_cerrada-705x484.jpg' aria-hidden='true' data-av_icon='\ue8f8' data-av_iconfont='entypo-fontello' title='' data-avia-related-tooltip='Share on Pinterest'><span class='avia_hidden_link_text'>Share on Pinterest<\/span><\/a><\/li><li class='av-share-link av-social-link-mail' ><a  href='mailto:?subject=Taller%20presencial.%20Nace%20una%20Imagen%3A%20Revela%20tu%20Interior.%20Imparte%3A%20Alejandra%20Hugues%20Iraz%C3%A1bal.&amp;body=https:\/\/casa.oaxaca.gob.mx\/?p=16495' aria-hidden='true' data-av_icon='\ue805' data-av_iconfont='entypo-fontello' title='' data-avia-related-tooltip='Share by Mail'><span class='avia_hidden_link_text'>Share by Mail<\/span><\/a><\/li><\/ul><\/div><\/div><br \/>\n<div  class='hr hr-default '><span class='hr-inner ' ><span class='hr-inner-style'><\/span><\/span><\/div><br \/>\n<div style='padding-bottom:10px;font-size:30px;' class='av-special-heading av-special-heading-h3  blockquote modern-quote  av-inherit-size'><h3 class='av-special-heading-tag'  itemprop=\"headline\"  >Sobre la tallerista<\/h3><div class='special-heading-border'><div class='special-heading-inner-border' ><\/div><\/div><\/div><br \/>\n<div class='avia-data-table-wrap avia_responsive_table'><table class='avia-table avia-data-table avia-table-1  avia_pricing_default'  itemscope=\"itemscope\" itemtype=\"https:\/\/schema.org\/Table\" ><tbody><tr class='avia-heading-row'><th class=''>Alejandra Hugues Iraz\u00e1bal<\/th><\/tr><tr class=''><td class=''>Ciudad de M\u00e9xico 1989. Fot\u00f3grafa, Artista Visual y Artesana. Estudi\u00f3 dise\u00f1o gr\u00e1fico en la Universidad Iberoamericana. Fusiona una constante inquietud espiritual y filos\u00f3fica con un profundo inter\u00e9s por desarrollar t\u00e9cnicas manuales y an\u00e1logas, entrelazando lo f\u00edsico y lo espiritual.<\/p>\n<p>Tiene inter\u00e9s primordial en la participaci\u00f3n de seminarios, cl\u00ednicas y laboratorios para la creaci\u00f3n en comunidad, acompa\u00f1ada de reflexiones pertinentes del presente en torno al arte y su funci\u00f3n social y pol\u00edtica. Le interesa la ense\u00f1anza y el tejer en comunidad.<\/p>\n<p>Ganadora de la Beca J\u00f3venes Creadores 2024-2025 con el proyecto Si un d\u00eda te encuentro.<\/p>\n<p>Ha participado en diversas exposiciones colectivas en la CDMX y recientemente en la exposici\u00f3n individual de guerrilla fotogr\u00e1fica como parte del Seminario Zona de Riesgo 2024 en el Sal\u00f3n de la Pl\u00e1stica Mexicana.<br \/>\n<\/td><\/tr><\/tbody><\/table><\/div><style type='text\/css'>.avia-table-1 td:nth-of-type(1):before { content: 'Alejandra Hugues Iraz\u00e1bal'; } <\/style><\/p><\/div>\n<div class=\"flex_column av_three_fifth  flex_column_div av-zero-column-padding   \" style='border-radius:0px; '><p><div style='padding-bottom:10px;font-size:30px;' class='av-special-heading av-special-heading-h3  blockquote modern-quote   av-inherit-size'><h3 class='av-special-heading-tag'  itemprop=\"headline\"  >Acerca del taller<\/h3><div class='special-heading-border'><div class='special-heading-inner-border' ><\/div><\/div><\/div><br \/>\n<div class='avia-data-table-wrap avia_responsive_table'><table class='avia-table avia-data-table avia-table-2  avia_pricing_default'  itemscope=\"itemscope\" itemtype=\"https:\/\/schema.org\/Table\" ><tbody><tr class=''><td class=''>LISTA DE SELECCIONADOS<\/td><\/tr><tr class=''><td class=''>Jesica Jocellyn C\u00f3rdova Garc\u00eda<\/p>\n<p>Ang\u00e9lica Contreras Mart\u00ednez<\/p>\n<p>Ana Jaqueline Ch\u00e1vez Loredo<\/p>\n<p>Mariana Andr\u00e9s Garc\u00eda<\/p>\n<p>Myriam Nayelly Cort\u00ednez Hern\u00e1ndez<\/p>\n<p>Paula \u00c1lvarez Casta\u00f1\u00f3n<\/p>\n<p>Diana Gabriela Mart\u00ednez Ortega<\/p>\n<p>Alonso S\u00e1nchez Ruiz<\/p>\n<p>Adony Odette Iriarte Alarc\u00f3n<\/td><\/tr><\/tbody><\/table><\/div><style type='text\/css'><\/style><br \/>\n<div class='avia-data-table-wrap avia_responsive_table'><table class='avia-table avia-data-table avia-table-3  avia_pricing_default'  itemscope=\"itemscope\" itemtype=\"https:\/\/schema.org\/Table\" ><tbody><tr class='avia-heading-row'><th class=''>Descripci\u00f3n general<\/th><\/tr><tr class=''><td class=''>El taller \u201cNace una imagen: revela tu interior\u201d est\u00e1 dise\u00f1ado para explorar la profunda conexi\u00f3n entre la fotograf\u00eda y el mundo interior de cada individuo. En un entorno donde la t\u00e9cnica fotogr\u00e1fica se convierte en un veh\u00edculo para la autoexploraci\u00f3n, los participantes aprender\u00e1n a reconocer y plasmar sus im\u00e1genes internas. Este taller se centra en el proceso previo a la construcci\u00f3n de una imagen, fomentando la introspecci\u00f3n a trav\u00e9s de ejercicios de escritura, visualizaci\u00f3n y an\u00e1lisis de fotograf\u00edas personales. A lo largo de 12 sesiones, los participantes desarrollar\u00e1n un lenguaje visual \u00fanico que refleje su historia personal, sue\u00f1os y simbolismos internos, permitiendo que su fotograf\u00eda se convierta en una forma de autoconocimiento y expresi\u00f3n personal.<br \/>\n<\/td><\/tr><tr class='avia-heading-row'><th class=''>Objetivo general<\/th><\/tr><tr class=''><td class=''>Explorar la conexi\u00f3n entre la fotograf\u00eda y el inconsciente, permitiendo a los participantes comprender c\u00f3mo sus experiencias, sue\u00f1os y simbolismos influyen en la creaci\u00f3n de im\u00e1genes.<br \/>\n<\/td><\/tr><tr class='avia-heading-row'><th class=''>Objetivos espec\u00edficos<\/th><\/tr><tr class=''><td class=''>1. Desarrollar habilidades de introspecci\u00f3n: Facilitar ejercicios que fomenten la conexi\u00f3n con el mundo interior a trav\u00e9s de la escritura, visualizaci\u00f3n y an\u00e1lisis fotogr\u00e1fico.<br \/>\n2. Fomentar la expresi\u00f3n personal a trav\u00e9s de la fotograf\u00eda: Aprender a traducir las im\u00e1genes internas en fotograf\u00edas que cuenten una historia \u00fanica.<br \/>\n3. Crear un espacio de reflexi\u00f3n y di\u00e1logo: Establecer un ambiente seguro para compartir y discutir el proceso creativo y las experiencias de cada participante.<br \/>\n4. Reconocer patrones en el registro fotogr\u00e1fico personal: Ayudar a los participantes a identificar temas y s\u00edmbolos recurrentes en su obra, promoviendo una mayor comprensi\u00f3n de su propia narrativa visual.<br \/>\n<\/td><\/tr><tr class='avia-heading-row'><th class=''>Temas<\/th><\/tr><tr class=''><td class=''>1. Fotograf\u00eda Introspectiva, an\u00e1lisis y referencias<br \/>\n2. Conexi\u00f3n con el Inconsciente<br \/>\n3. El Lenguaje de los Sue\u00f1os<br \/>\n5. Visualizaci\u00f3n Interior<br \/>\n6. Reconocimiento del Espacio Personal y objetos simb\u00f3licos<br \/>\n7. Construir una Imagen<br \/>\n8. Creando un Imaginario Propio<br \/>\n9. Narrativas Visuales<br \/>\n10. S\u00edmbolos y Met\u00e1foras en la Fotograf\u00eda<br \/>\n<\/td><\/tr><\/tbody><\/table><\/div><style type='text\/css'>.avia-table-3 td:nth-of-type(1):before { content: 'Descripci\u00f3n general'; } <\/style><br \/>\n<div style='padding-bottom:10px;font-size:30px;' class='av-special-heading av-special-heading-h3  blockquote modern-quote   av-inherit-size'><h3 class='av-special-heading-tag'  itemprop=\"headline\"  >Requisitos de inscripci\u00f3n<\/h3><div class='special-heading-border'><div class='special-heading-inner-border' ><\/div><\/div><\/div><br \/>\n<div class='avia-data-table-wrap avia_responsive_table'><table class='avia-table avia-data-table avia-table-4  avia_pricing_default'  itemscope=\"itemscope\" itemtype=\"https:\/\/schema.org\/Table\" ><tbody><tr class=''><td class=''>&#8211; Estar abiertos y dispuestos a compartir<br \/>\n&#8211; Compromiso de asistencia<br \/>\n&#8211; Compromiso en realizar las tareas y actividades<br \/>\n&#8211; Confianza en ellos mismos y el proceso<br \/>\n<\/td><\/tr><tr class=''><td class=''>&#8211; Si tienes inter\u00e9s deber\u00e1s llenar el formulario con los datos completos que se encuentra en esta p\u00e1gina.<br \/>\n&#8211; La lista de seleccionados se publicar\u00e1 en esta p\u00e1gina, tambi\u00e9n se les notificar\u00e1 v\u00eda correo electr\u00f3nico con los detalles de la actividad.<br \/>\n&#8211; Actividad gratuita.<br \/>\n&#8211; Los talleristas ser\u00e1n los responsables de realizar la selecci\u00f3n de alumnos bajo sus criterios.<br \/>\n<\/td><\/tr><\/tbody><\/table><\/div><style type='text\/css'><\/style><br \/>\n<div class='avia-data-table-wrap avia_responsive_table'><table class='avia-table avia-data-table avia-table-5  avia_pricing_default'  itemscope=\"itemscope\" itemtype=\"https:\/\/schema.org\/Table\" ><tbody><tr class='avia-heading-row'><th class=''>Material que se le solicitar\u00e1 al alumno(a)<\/th><\/tr><tr class=''><td class=''>&#8211; Una libreta que convertiremos en bit\u00e1cora de procesos<br \/>\n&#8211; C\u00e1mara de cualquier tipo, inclusive el celular<br \/>\n&#8211; Tijeras, pegamento<br \/>\n&#8211; Se les ir\u00e1 pidiendo que lleven fotograf\u00edas impresas tanto propias como ajenas para trabajar con ellas en las sesiones.<br \/>\n<\/td><\/tr><\/tbody><\/table><\/div><style type='text\/css'>.avia-table-5 td:nth-of-type(1):before { content: 'Material que se le solicitar\u00e1 al alumno(a)'; } <\/style><br \/>\n<div class='avia-data-table-wrap avia_responsive_table'><table class='avia-table avia-data-table avia-table-6  avia_pricing_default'  itemscope=\"itemscope\" itemtype=\"https:\/\/schema.org\/Table\" ><tbody><tr class='avia-heading-row'><th class=''>Criterios de selecci\u00f3n de alumnos<\/th><\/tr><tr class=''><td class=''>15 seleccionados<br \/>\nEn caso de que la cantidad de personas inscritas supere el cupo disponible, se dar\u00e1 prioridad a quienes expresen con mayor profundidad y claridad los motivos por los cuales desean participar en el taller.<br \/>\n<\/td><\/tr><\/tbody><\/table><\/div><style type='text\/css'>.avia-table-6 td:nth-of-type(1):before { content: 'Criterios de selecci\u00f3n de alumnos'; } <\/style><br \/>\n<div class='avia-data-table-wrap avia_responsive_table'><table class='avia-table avia-data-table avia-table-7  avia_pricing_default'  itemscope=\"itemscope\" itemtype=\"https:\/\/schema.org\/Table\" ><tbody><tr class='avia-heading-row'><th class=''>Nota para los seleccionados<\/th><\/tr><tr class=''><td class=''>&#8211; Clases presenciales en (Laboratorio de fotograf\u00eda) del CaSa<br \/>\n&#8211; Se dejar\u00e1n ejercicios espec\u00edficos a cada estudiante, es fundamental realizarlos para continuar con la siguiente clase.<br \/>\n&#8211; Tener el compromiso y el tiempo para llevar a cabo el taller, ya que las inasistencias injustificadas ser\u00e1n motivo de suspensi\u00f3n y no podr\u00e1 ingresar a talleres futuros.<br \/>\n&#8211; Durante el taller nos estaremos comunicando por medio de mensajes en un grupo de WhatsApp, por ser una herramienta m\u00e1s r\u00e1pida para poder tener una mejor comunicaci\u00f3n con lo que respecta al taller.<br \/>\n<\/td><\/tr><\/tbody><\/table><\/div><style type='text\/css'>.avia-table-7 td:nth-of-type(1):before { content: 'Nota para los seleccionados'; } <\/style><br \/>\n<div id='av-masonry-1' class='av-masonry noHover av-fixed-size av-large-gap av-hover-overlay-active av-masonry-col-flexible av-caption-always av-caption-style- av-masonry-gallery  '  ><div class='av-masonry-container isotope av-js-disabled ' ><div class='av-masonry-entry isotope-item av-masonry-item-no-image '><\/div><a href=\"https:\/\/casa.oaxaca.gob.mx\/wp-content\/uploads\/2025\/07\/AH6-naceunaimagen-1030x687.jpg\" id='av-masonry-1-item-16501' data-av-masonry-item='16501' class='av-masonry-entry isotope-item post-16501 attachment type-attachment status-inherit hentry  av-masonry-item-with-image' title=\"\"  itemprop=\"thumbnailUrl\" ><div class='av-inner-masonry-sizer'><\/div><figure class='av-inner-masonry main_color'><div class=\"av-masonry-outerimage-container\"><div class=\"av-masonry-image-container\" style=\"background-image: url(https:\/\/casa.oaxaca.gob.mx\/wp-content\/uploads\/2025\/07\/AH6-naceunaimagen-705x470.jpg);\"><img decoding=\"async\" src=\"https:\/\/casa.oaxaca.gob.mx\/wp-content\/uploads\/2025\/07\/AH6-naceunaimagen-705x470.jpg\" title=\"AH6-naceunaimagen\" alt=\"\" \/><\/div><\/div><\/figure><\/a><!--end av-masonry entry--><a href=\"https:\/\/casa.oaxaca.gob.mx\/wp-content\/uploads\/2025\/07\/AH5-naceunaimagen-687x1030.jpg\" id='av-masonry-1-item-16500' data-av-masonry-item='16500' class='av-masonry-entry isotope-item post-16500 attachment type-attachment status-inherit hentry  av-masonry-item-with-image' title=\"\"  itemprop=\"thumbnailUrl\" ><div class='av-inner-masonry-sizer'><\/div><figure class='av-inner-masonry main_color'><div class=\"av-masonry-outerimage-container\"><div class=\"av-masonry-image-container\" style=\"background-image: url(https:\/\/casa.oaxaca.gob.mx\/wp-content\/uploads\/2025\/07\/AH5-naceunaimagen-470x705.jpg);\"><img decoding=\"async\" src=\"https:\/\/casa.oaxaca.gob.mx\/wp-content\/uploads\/2025\/07\/AH5-naceunaimagen-470x705.jpg\" title=\"AH5-naceunaimagen\" alt=\"\" \/><\/div><\/div><\/figure><\/a><!--end av-masonry entry--><a href=\"https:\/\/casa.oaxaca.gob.mx\/wp-content\/uploads\/2025\/07\/AH4-naceunaimagen-687x1030.jpg\" id='av-masonry-1-item-16499' data-av-masonry-item='16499' class='av-masonry-entry isotope-item post-16499 attachment type-attachment status-inherit hentry  av-masonry-item-with-image' title=\"\"  itemprop=\"thumbnailUrl\" ><div class='av-inner-masonry-sizer'><\/div><figure class='av-inner-masonry main_color'><div class=\"av-masonry-outerimage-container\"><div class=\"av-masonry-image-container\" style=\"background-image: url(https:\/\/casa.oaxaca.gob.mx\/wp-content\/uploads\/2025\/07\/AH4-naceunaimagen-470x705.jpg);\"><img decoding=\"async\" src=\"https:\/\/casa.oaxaca.gob.mx\/wp-content\/uploads\/2025\/07\/AH4-naceunaimagen-470x705.jpg\" title=\"AH4-naceunaimagen\" alt=\"\" \/><\/div><\/div><\/figure><\/a><!--end av-masonry entry--><a href=\"https:\/\/casa.oaxaca.gob.mx\/wp-content\/uploads\/2025\/07\/AH2-naceunaimagen-687x1030.jpg\" id='av-masonry-1-item-16497' data-av-masonry-item='16497' class='av-masonry-entry isotope-item post-16497 attachment type-attachment status-inherit hentry  av-masonry-item-with-image' title=\"\"  itemprop=\"thumbnailUrl\" ><div class='av-inner-masonry-sizer'><\/div><figure class='av-inner-masonry main_color'><div class=\"av-masonry-outerimage-container\"><div class=\"av-masonry-image-container\" style=\"background-image: url(https:\/\/casa.oaxaca.gob.mx\/wp-content\/uploads\/2025\/07\/AH2-naceunaimagen-470x705.jpg);\"><img decoding=\"async\" src=\"https:\/\/casa.oaxaca.gob.mx\/wp-content\/uploads\/2025\/07\/AH2-naceunaimagen-470x705.jpg\" title=\"AH2-naceunaimagen\" alt=\"\" \/><\/div><\/div><\/figure><\/a><!--end av-masonry entry--><a href=\"https:\/\/casa.oaxaca.gob.mx\/wp-content\/uploads\/2025\/07\/AH3-naceunaimagen-687x1030.jpg\" id='av-masonry-1-item-16498' data-av-masonry-item='16498' class='av-masonry-entry isotope-item post-16498 attachment type-attachment status-inherit hentry  av-masonry-item-with-image' title=\"\"  itemprop=\"thumbnailUrl\" ><div class='av-inner-masonry-sizer'><\/div><figure class='av-inner-masonry main_color'><div class=\"av-masonry-outerimage-container\"><div class=\"av-masonry-image-container\" style=\"background-image: url(https:\/\/casa.oaxaca.gob.mx\/wp-content\/uploads\/2025\/07\/AH3-naceunaimagen-470x705.jpg);\"><img decoding=\"async\" src=\"https:\/\/casa.oaxaca.gob.mx\/wp-content\/uploads\/2025\/07\/AH3-naceunaimagen-470x705.jpg\" title=\"AH3-naceunaimagen\" alt=\"\" \/><\/div><\/div><\/figure><\/a><!--end av-masonry entry--><\/div><div class='av-masonry-pagination av-masonry-pagination-pagination'><nav class='pagination'><span class='pagination-meta'>Page 1 of 2<\/span><span class='current'>1<\/span><a href='https:\/\/casa.oaxaca.gob.mx\/index.php?rest_route=%2Fwp%2Fv2%2Fposts%2F16495&#038;paged=2' class='inactive' >2<\/a><\/nav>\n<\/div><\/div><\/p><\/div>\n","protected":false},"excerpt":{"rendered":"","protected":false},"author":1,"featured_media":16466,"comment_status":"open","ping_status":"open","sticky":false,"template":"","format":"standard","meta":{"_exactmetrics_skip_tracking":false,"_exactmetrics_sitenote_active":false,"_exactmetrics_sitenote_note":"","_exactmetrics_sitenote_category":0,"footnotes":""},"categories":[204],"tags":[],"class_list":["post-16495","post","type-post","status-publish","format-standard","has-post-thumbnail","hentry","category-204"],"_links":{"self":[{"href":"https:\/\/casa.oaxaca.gob.mx\/index.php?rest_route=\/wp\/v2\/posts\/16495","targetHints":{"allow":["GET"]}}],"collection":[{"href":"https:\/\/casa.oaxaca.gob.mx\/index.php?rest_route=\/wp\/v2\/posts"}],"about":[{"href":"https:\/\/casa.oaxaca.gob.mx\/index.php?rest_route=\/wp\/v2\/types\/post"}],"author":[{"embeddable":true,"href":"https:\/\/casa.oaxaca.gob.mx\/index.php?rest_route=\/wp\/v2\/users\/1"}],"replies":[{"embeddable":true,"href":"https:\/\/casa.oaxaca.gob.mx\/index.php?rest_route=%2Fwp%2Fv2%2Fcomments&post=16495"}],"version-history":[{"count":4,"href":"https:\/\/casa.oaxaca.gob.mx\/index.php?rest_route=\/wp\/v2\/posts\/16495\/revisions"}],"predecessor-version":[{"id":16711,"href":"https:\/\/casa.oaxaca.gob.mx\/index.php?rest_route=\/wp\/v2\/posts\/16495\/revisions\/16711"}],"wp:featuredmedia":[{"embeddable":true,"href":"https:\/\/casa.oaxaca.gob.mx\/index.php?rest_route=\/wp\/v2\/media\/16466"}],"wp:attachment":[{"href":"https:\/\/casa.oaxaca.gob.mx\/index.php?rest_route=%2Fwp%2Fv2%2Fmedia&parent=16495"}],"wp:term":[{"taxonomy":"category","embeddable":true,"href":"https:\/\/casa.oaxaca.gob.mx\/index.php?rest_route=%2Fwp%2Fv2%2Fcategories&post=16495"},{"taxonomy":"post_tag","embeddable":true,"href":"https:\/\/casa.oaxaca.gob.mx\/index.php?rest_route=%2Fwp%2Fv2%2Ftags&post=16495"}],"curies":[{"name":"wp","href":"https:\/\/api.w.org\/{rel}","templated":true}]}}