{"id":16520,"date":"2025-07-18T15:12:05","date_gmt":"2025-07-18T21:12:05","guid":{"rendered":"https:\/\/casa.oaxaca.gob.mx\/?p=16520"},"modified":"2026-01-22T13:50:02","modified_gmt":"2026-01-22T19:50:02","slug":"taller-presencial-experimentacion-en-plata-gelatina-imparte-conrado-lopez-ruiz-dito-traspie","status":"publish","type":"post","link":"https:\/\/casa.oaxaca.gob.mx\/?p=16520","title":{"rendered":"Taller presencial. Experimentaci\u00f3n en plata gelatina. Imparte: Conrado L\u00f3pez Ruiz (Dito Traspi\u00e9)."},"content":{"rendered":"<\/div><\/div><\/div><!-- close content main div --><\/div><\/div><div id='av_section_1' class='avia-section main_color avia-section-no-padding avia-no-border-styling avia-full-stretch av-parallax-section avia-bg-style-parallax  av-minimum-height av-minimum-height-75 container_wrap fullsize'  data-section-bg-repeat='stretch' ><div class='av-parallax' data-avia-parallax-ratio='0.3' ><div class='av-parallax-inner main_color  avia-full-stretch' style = 'background-repeat: no-repeat; background-image: url(https:\/\/casa.oaxaca.gob.mx\/wp-content\/uploads\/2025\/07\/ExperimentacionenPlataGelatina_portada-scaled.jpg); background-attachment: scroll; background-position: bottom center; ' ><\/div><\/div><div class='container' ><div class='template-page content  av-content-full alpha units'><div class='post-entry post-entry-type-page post-entry-16520'><div class='entry-content-wrapper clearfix'>\n<div style='padding-bottom:10px;color:#ffffff;font-size:50px;' class='av-special-heading av-special-heading-h3 custom-color-heading blockquote modern-quote  av-inherit-size'><h3 class='av-special-heading-tag'  itemprop=\"headline\"  >Taller presencial. Experimentaci\u00f3n en plata gelatina.<\/h3><div class ='av-subheading av-subheading_below av_custom_color' style='font-size:25px;'><p>Imparte: Conrado L\u00f3pez Ruiz (Dito Traspi\u00e9).<\/p>\n<\/div><div class='special-heading-border'><div class='special-heading-inner-border' style='border-color:#ffffff'><\/div><\/div><\/div>\n\n<\/div><\/div><\/div><!-- close content main div --><\/div><\/div><div id='av-layout-grid-1' class='av-layout-grid-container entry-content-wrapper main_color av-flex-cells  container_wrap fullsize'   >\n<div class=\"flex_cell no_margin av_one_full   \" style='vertical-align:top; padding:30px; background-color:#ED9600; '><div class='flex_cell_inner' ><p><div class=\"flex_column av_one_fourth  flex_column_div av-zero-column-padding first  \" style='border-radius:0px; '><div style='padding-bottom:10px;color:#ffffff;' class='av-special-heading av-special-heading-h3 custom-color-heading blockquote modern-quote '><h3 class='av-special-heading-tag'  itemprop=\"headline\"  >Cierre de inscripciones<\/h3><div class ='av-subheading av-subheading_below av_custom_color' style='font-size:20px;'><p>Domingo 17 de agosto de 2025<\/p>\n<p>Publicaci\u00f3n de resultados<br \/>\nMi\u00e9rcoles 20 de agosto de 2025<\/p>\n<\/div><div class='special-heading-border'><div class='special-heading-inner-border' style='border-color:#ffffff'><\/div><\/div><\/div><\/div><div class=\"flex_column av_one_fourth  flex_column_div av-zero-column-padding   \" style='border-radius:0px; '><div style='padding-bottom:10px;color:#ffffff;' class='av-special-heading av-special-heading-h3 custom-color-heading blockquote modern-quote '><h3 class='av-special-heading-tag'  itemprop=\"headline\"  >Fechas<\/h3><div class ='av-subheading av-subheading_below av_custom_color' style='font-size:20px;'><p>De lunes a viernes<br \/>\nDel 25 al 29 de agosto de 2025<\/p>\n<\/div><div class='special-heading-border'><div class='special-heading-inner-border' style='border-color:#ffffff'><\/div><\/div><\/div><\/div><div class=\"flex_column av_one_fourth  flex_column_div av-zero-column-padding   \" style='border-radius:0px; '><div style='padding-bottom:10px;color:#ffffff;' class='av-special-heading av-special-heading-h3 custom-color-heading blockquote modern-quote '><h3 class='av-special-heading-tag'  itemprop=\"headline\"  >Horario<\/h3><div class ='av-subheading av-subheading_below av_custom_color' style='font-size:20px;'><p>De 10 a 14 h<\/p>\n<\/div><div class='special-heading-border'><div class='special-heading-inner-border' style='border-color:#ffffff'><\/div><\/div><\/div><\/div><div class=\"flex_column av_one_fourth  flex_column_div av-zero-column-padding   \" style='border-radius:0px; '><section class=\"avia_codeblock_section avia_code_block_0\"  itemscope=\"itemscope\" itemtype=\"https:\/\/schema.org\/BlogPosting\" itemprop=\"blogPost\" ><div class='avia_codeblock '  itemprop=\"text\" > [avia_codeblock_placeholder uid=\"0\"] <\/div><\/section><\/div><\/p>\n<\/div><\/div>\n<\/div>\n<div class=\"flex_column av_two_fifth  flex_column_div av-zero-column-padding first  \" style='border-radius:0px; '><p><div class='av-social-sharing-box '><div class='av-share-box'><h5 class='av-share-link-description'>Compartir esta actividad<\/h5><ul class='av-share-box-list noLightbox'><li class='av-share-link av-social-link-facebook' ><a target='_blank' href='http:\/\/www.facebook.com\/sharer.php?u=https:\/\/casa.oaxaca.gob.mx\/?p=16520&amp;t=Taller%20presencial.%20Experimentaci%C3%B3n%20en%20plata%20gelatina.%20Imparte%3A%20Conrado%20L%C3%B3pez%20Ruiz%20%28Dito%20Traspi%C3%A9%29.' aria-hidden='true' data-av_icon='\ue8f3' data-av_iconfont='entypo-fontello' title='' data-avia-related-tooltip='Share on Facebook'><span class='avia_hidden_link_text'>Share on Facebook<\/span><\/a><\/li><li class='av-share-link av-social-link-twitter' ><a target='_blank' href='https:\/\/twitter.com\/share?text=Taller%20presencial.%20Experimentaci%C3%B3n%20en%20plata%20gelatina.%20Imparte%3A%20Conrado%20L%C3%B3pez%20Ruiz%20%28Dito%20Traspi%C3%A9%29.&url=https:\/\/casa.oaxaca.gob.mx\/?p=16520' aria-hidden='true' data-av_icon='\ue8f1' data-av_iconfont='entypo-fontello' title='' data-avia-related-tooltip='Share on Twitter'><span class='avia_hidden_link_text'>Share on Twitter<\/span><\/a><\/li><li class='av-share-link av-social-link-gplus' ><a target='_blank' href='https:\/\/plus.google.com\/share?url=https:\/\/casa.oaxaca.gob.mx\/?p=16520' aria-hidden='true' data-av_icon='\ue8f6' data-av_iconfont='entypo-fontello' title='' data-avia-related-tooltip='Share on Google+'><span class='avia_hidden_link_text'>Share on Google+<\/span><\/a><\/li><li class='av-share-link av-social-link-pinterest' ><a target='_blank' href='http:\/\/pinterest.com\/pin\/create\/button\/?url=https%3A%2F%2Fcasa.oaxaca.gob.mx%2F%3Fp%3D16520&amp;description=Taller%20presencial.%20Experimentaci%C3%B3n%20en%20plata%20gelatina.%20Imparte%3A%20Conrado%20L%C3%B3pez%20Ruiz%20%28Dito%20Traspi%C3%A9%29.&amp;media=https%3A%2F%2Fcasa.oaxaca.gob.mx%2Fwp-content%2Fuploads%2F2025%2F07%2FExperimentacionenPlataGelatina_cerrada-705x484.jpg' aria-hidden='true' data-av_icon='\ue8f8' data-av_iconfont='entypo-fontello' title='' data-avia-related-tooltip='Share on Pinterest'><span class='avia_hidden_link_text'>Share on Pinterest<\/span><\/a><\/li><li class='av-share-link av-social-link-mail' ><a  href='mailto:?subject=Taller%20presencial.%20Experimentaci%C3%B3n%20en%20plata%20gelatina.%20Imparte%3A%20Conrado%20L%C3%B3pez%20Ruiz%20%28Dito%20Traspi%C3%A9%29.&amp;body=https:\/\/casa.oaxaca.gob.mx\/?p=16520' aria-hidden='true' data-av_icon='\ue805' data-av_iconfont='entypo-fontello' title='' data-avia-related-tooltip='Share by Mail'><span class='avia_hidden_link_text'>Share by Mail<\/span><\/a><\/li><\/ul><\/div><\/div><br \/>\n<div  class='hr hr-default '><span class='hr-inner ' ><span class='hr-inner-style'><\/span><\/span><\/div><br \/>\n<div style='padding-bottom:10px;font-size:30px;' class='av-special-heading av-special-heading-h3  blockquote modern-quote  av-inherit-size'><h3 class='av-special-heading-tag'  itemprop=\"headline\"  >Sobre el tallerista<\/h3><div class='special-heading-border'><div class='special-heading-inner-border' ><\/div><\/div><\/div><br \/>\n<div class='avia-data-table-wrap avia_responsive_table'><table class='avia-table avia-data-table avia-table-1  avia_pricing_default'  itemscope=\"itemscope\" itemtype=\"https:\/\/schema.org\/Table\" ><tbody><tr class='avia-heading-row'><th class=''>Conrado L\u00f3pez Ruiz (Dito Traspi\u00e9)<\/th><\/tr><tr class=''><td class=''>Dito Traspi\u00e9 es un fot\u00f3grafo oaxaque\u00f1o apasionado por la fotograf\u00eda tradicional en blanco y negro. Con una formaci\u00f3n autodidacta inicial, afianz\u00e1ndose posteriormente en talleres del Centro Fotogr\u00e1fico Manuel \u00c1lvarez Bravo (CFMAB), as\u00ed como en el Diplomado de Formaci\u00f3n de Impresores con el fot\u00f3grafo Fausto Nahum en el Centro de las Artes San Agust\u00edn (CaSa), y perfeccionando su t\u00e9cnica de revelado con la fot\u00f3grafa Lorena Alcaraz.<\/p>\n<p>Trabaj\u00f3 como asistente de cuarto oscuro con la fot\u00f3grafa Cecilia Salcedo en el a\u00f1o 2017, ha sido responsable del Club An\u00e1logo del CFMAB desde el 2021 impartiendo el taller de fotograf\u00eda an\u00e1loga y actualmente se desempe\u00f1a como fot\u00f3grafo de colecciones y exposiciones en el Museo Textil de Oaxaca.<\/p>\n<p>Fue ganador del 1er. Lugar en el Concurso de Fotograf\u00eda de la Reserva de la Bi\u00f3sfera en el a\u00f1o 2018.<br \/>\n<\/td><\/tr><\/tbody><\/table><\/div><style type='text\/css'>.avia-table-1 td:nth-of-type(1):before { content: 'Conrado L\u00f3pez Ruiz (Dito Traspi\u00e9)'; } <\/style><\/p><\/div>\n<div class=\"flex_column av_three_fifth  flex_column_div av-zero-column-padding   \" style='border-radius:0px; '><p><div style='padding-bottom:10px;font-size:30px;' class='av-special-heading av-special-heading-h3  blockquote modern-quote   av-inherit-size'><h3 class='av-special-heading-tag'  itemprop=\"headline\"  >Acerca del taller<\/h3><div class='special-heading-border'><div class='special-heading-inner-border' ><\/div><\/div><\/div><br \/>\n<div class='avia-data-table-wrap avia_responsive_table'><table class='avia-table avia-data-table avia-table-2  avia_pricing_default'  itemscope=\"itemscope\" itemtype=\"https:\/\/schema.org\/Table\" ><tbody><tr class=''><td class=''>LISTA DE SELECCIONADOS<\/td><\/tr><tr class=''><td class=''>Daniel Balandrano Gea<\/p>\n<p>Jos\u00e9 Leonel Cruz R\u00edos<\/p>\n<p>Margarita Manuel Ponce<\/p>\n<p>Erika Lizeth Bustamante Reyez<\/p>\n<p>Emilio Alberto Garc\u00eda Calvo<\/p>\n<p>Rodolfo pi\u00f1a L\u00f3pez<\/p>\n<p>Carlos Alberto Cruz Contreras<\/p>\n<p>Mariana Andr\u00e9s Garc\u00eda <\/td><\/tr><\/tbody><\/table><\/div><style type='text\/css'><\/style><br \/>\n<div class='avia-data-table-wrap avia_responsive_table'><table class='avia-table avia-data-table avia-table-3  avia_pricing_default'  itemscope=\"itemscope\" itemtype=\"https:\/\/schema.org\/Table\" ><tbody><tr class='avia-heading-row'><th class=''>Descripci\u00f3n general<\/th><\/tr><tr class=''><td class=''>Redescubre el arte de la fotograf\u00eda anal\u00f3gica, adquiere habilidades pr\u00e1cticas y especializadas, aprendiendo procesos clave de revelado e impresi\u00f3n. Este taller combina lo mejor de las t\u00e9cnicas cl\u00e1sicas con un enfoque fresco e innovador. Aprende a experimentar e imprimir en un espacio dedicado a preservar la magia del cuarto oscuro.<br \/>\n<\/td><\/tr><tr class='avia-heading-row'><th class=''>Objetivo general<\/th><\/tr><tr class=''><td class=''>Objetivo general: Aprender a analizar, dominar y aplicar principios, t\u00e9cnicas y procesos de impresi\u00f3n, utilizando los procesos tradicionales en cuarto oscuro con reveladores ecol\u00f3gicos.<\/td><\/tr><tr class='avia-heading-row'><th class=''>Objetivos espec\u00edficos<\/th><\/tr><tr class=''><td class=''>&#8211; Comprender qu\u00e9 son los reveladores ecol\u00f3gicos, sus beneficios y aplicaciones en la fotograf\u00eda.<br \/>\n&#8211; Aprender a operar la ampliadora de manera correcta y segura, comprendiendo sus ajustes y configuraciones<br \/>\n&#8211; Aprender y practicar diversas t\u00e9cnicas de impresi\u00f3n fotogr\u00e1fica, incluyendo la selecci\u00f3n de papeles, la exposici\u00f3n y el desarrollo.<br \/>\n<\/td><\/tr><tr class='avia-heading-row'><th class=''>Temas<\/th><\/tr><tr class=''><td class=''>1. Recorrido por el laboratorio fotogr\u00e1fico<br \/>\n1.1 Revisi\u00f3n de los espacios de trabajo<br \/>\n1.2 Uso correcto de los materiales para tener un orden y respeto en el laboratorio<br \/>\n1.3 Introducci\u00f3n y principios b\u00e1sicos del revelado<br \/>\n1.4 Revisi\u00f3n de materiales a utilizar (rollos, c\u00e1mara, papel fotosensible)<\/p>\n<p>2. Impresi\u00f3n<br \/>\n2.1 \u00bfQu\u00e9 son los reveladores ecol\u00f3gicos?<br \/>\n2.2 Impresi\u00f3n<br \/>\n2.3 Preparaci\u00f3n del revelador ecol\u00f3gico del CaSa<br \/>\n2.4 Introducci\u00f3n al proceso de impresi\u00f3n<br \/>\n2.5 Impresi\u00f3n de contactos y t\u00e9cnicas de impresi\u00f3n<br \/>\n2.6 Tiras de prueba y utilizaci\u00f3n de contraste<br \/>\n2.7 Distorsiones<br \/>\n2.8 Mejoramiento en la edici\u00f3n fotogr\u00e1fica<\/p>\n<p>3. Revisi\u00f3n<br \/>\n3.1 Revisi\u00f3n de fotograf\u00edas impresas<br \/>\n3.2 Planeaci\u00f3n para mejorar los negativos a imprimir<br \/>\n3.3 Impresi\u00f3n del segundo negativo<br \/>\n3.4 T\u00e9cnica fotogr\u00e1fica (reserva y bloqueo)<\/p>\n<p>4. Conclusi\u00f3n del taller<br \/>\n<\/td><\/tr><\/tbody><\/table><\/div><style type='text\/css'>.avia-table-3 td:nth-of-type(1):before { content: 'Descripci\u00f3n general'; } <\/style><br \/>\n<div style='padding-bottom:10px;font-size:30px;' class='av-special-heading av-special-heading-h3  blockquote modern-quote   av-inherit-size'><h3 class='av-special-heading-tag'  itemprop=\"headline\"  >Requisitos de inscripci\u00f3n<\/h3><div class='special-heading-border'><div class='special-heading-inner-border' ><\/div><\/div><\/div><br \/>\n<div class='avia-data-table-wrap avia_responsive_table'><table class='avia-table avia-data-table avia-table-4  avia_pricing_default'  itemscope=\"itemscope\" itemtype=\"https:\/\/schema.org\/Table\" ><tbody><tr class=''><td class=''>&#8211; Dirigido a personas entusiastas de la fotograf\u00eda que buscan descubrir el arte de la impresi\u00f3n en blanco y negro de manera sostenible, utilizando reveladores ecol\u00f3gicos y t\u00e9cnicas tradicionales.<\/td><\/tr><tr class=''><td class=''>&#8211; Si tienes inter\u00e9s deber\u00e1s llenar el formulario con los datos completos que se encuentra en esta p\u00e1gina.<br \/>\n&#8211; La lista de seleccionados se publicar\u00e1 en esta p\u00e1gina, tambi\u00e9n se les notificar\u00e1 v\u00eda correo electr\u00f3nico con los detalles de la actividad.<br \/>\n&#8211; Actividad gratuita.<br \/>\n&#8211; Los talleristas ser\u00e1n los responsables de realizar la selecci\u00f3n de alumnos bajo sus criterios.<br \/>\n<\/td><\/tr><\/tbody><\/table><\/div><style type='text\/css'><\/style><br \/>\n<div class='avia-data-table-wrap avia_responsive_table'><table class='avia-table avia-data-table avia-table-5  avia_pricing_default'  itemscope=\"itemscope\" itemtype=\"https:\/\/schema.org\/Table\" ><tbody><tr class='avia-heading-row'><th class=''>Material que se le solicitar\u00e1 al alumno(a)<\/th><\/tr><tr class=''><td class=''>&#8211; C\u00e1mara fotogr\u00e1fica de 35mm y\/o c\u00e1mara de formato medio<br \/>\n&#8211; Pel\u00edcula 35mm blanco y negro y\/o pel\u00edcula 120.<br \/>\n&#8211; Papel fotogr\u00e1fico Ilford RC 8&#215;10 pulgadas<br \/>\n&#8211; Negativos blanco y negro<br \/>\n<\/td><\/tr><\/tbody><\/table><\/div><style type='text\/css'>.avia-table-5 td:nth-of-type(1):before { content: 'Material que se le solicitar\u00e1 al alumno(a)'; } <\/style><br \/>\n<div class='avia-data-table-wrap avia_responsive_table'><table class='avia-table avia-data-table avia-table-6  avia_pricing_default'  itemscope=\"itemscope\" itemtype=\"https:\/\/schema.org\/Table\" ><tbody><tr class='avia-heading-row'><th class=''>Criterios de selecci\u00f3n de alumnos<\/th><\/tr><tr class=''><td class=''>&#8211; Contar con c\u00e1mara fotogr\u00e1fica de pel\u00edcula.<br \/>\n&#8211; Saber usar una c\u00e1mara de pel\u00edcula.<br \/>\n&#8211; Preferentemente contar con un portafolio de fotograf\u00eda an\u00e1loga<br \/>\n&#8211; Contar con negativos blanco y negro para impresi\u00f3n<br \/>\n&#8211; El m\u00e1ximo de alumnos para este taller deber\u00e1 ser de 8 personas.<br \/>\n<\/td><\/tr><\/tbody><\/table><\/div><style type='text\/css'>.avia-table-6 td:nth-of-type(1):before { content: 'Criterios de selecci\u00f3n de alumnos'; } <\/style><br \/>\n<div class='avia-data-table-wrap avia_responsive_table'><table class='avia-table avia-data-table avia-table-7  avia_pricing_default'  itemscope=\"itemscope\" itemtype=\"https:\/\/schema.org\/Table\" ><tbody><tr class='avia-heading-row'><th class=''>Nota para los seleccionados<\/th><\/tr><tr class=''><td class=''>&#8211; Clases presenciales en (Laboratorio de fotograf\u00eda) del CaSa<br \/>\n&#8211; Se dejar\u00e1n ejercicios espec\u00edficos a cada estudiante, es fundamental realizarlos para continuar con la siguiente clase.<br \/>\n&#8211; Tener el compromiso y el tiempo para llevar a cabo el taller, ya que las inasistencias injustificadas ser\u00e1n motivo de suspensi\u00f3n y no podr\u00e1 ingresar a talleres futuros.<br \/>\n&#8211; Durante el taller nos estaremos comunicando por medio de mensajes en un grupo de WhatsApp, por ser una herramienta m\u00e1s r\u00e1pida para poder tener una mejor comunicaci\u00f3n con lo que respecta al taller.<br \/>\n<\/td><\/tr><\/tbody><\/table><\/div><style type='text\/css'>.avia-table-7 td:nth-of-type(1):before { content: 'Nota para los seleccionados'; } <\/style><br \/>\n<div id='av-masonry-1' class='av-masonry noHover av-fixed-size av-large-gap av-hover-overlay-active av-masonry-col-flexible av-caption-always av-caption-style- av-masonry-gallery  '  ><div class='av-masonry-container isotope av-js-disabled ' ><div class='av-masonry-entry isotope-item av-masonry-item-no-image '><\/div><a href=\"https:\/\/casa.oaxaca.gob.mx\/wp-content\/uploads\/2025\/07\/001-2-1008x1030.jpg\" id='av-masonry-1-item-16531' data-av-masonry-item='16531' class='av-masonry-entry isotope-item post-16531 attachment type-attachment status-inherit hentry  av-masonry-item-with-image' title=\"\"  itemprop=\"thumbnailUrl\" ><div class='av-inner-masonry-sizer'><\/div><figure class='av-inner-masonry main_color'><div class=\"av-masonry-outerimage-container\"><div class=\"av-masonry-image-container\" style=\"background-image: url(https:\/\/casa.oaxaca.gob.mx\/wp-content\/uploads\/2025\/07\/001-2-690x705.jpg);\"><img decoding=\"async\" src=\"https:\/\/casa.oaxaca.gob.mx\/wp-content\/uploads\/2025\/07\/001-2-690x705.jpg\" title=\"001\" alt=\"\" \/><\/div><\/div><\/figure><\/a><!--end av-masonry entry--><a href=\"https:\/\/casa.oaxaca.gob.mx\/wp-content\/uploads\/2025\/07\/002-2-1016x1030.jpg\" id='av-masonry-1-item-16532' data-av-masonry-item='16532' class='av-masonry-entry isotope-item post-16532 attachment type-attachment status-inherit hentry  av-masonry-item-with-image' title=\"\"  itemprop=\"thumbnailUrl\" ><div class='av-inner-masonry-sizer'><\/div><figure class='av-inner-masonry main_color'><div class=\"av-masonry-outerimage-container\"><div class=\"av-masonry-image-container\" style=\"background-image: url(https:\/\/casa.oaxaca.gob.mx\/wp-content\/uploads\/2025\/07\/002-2-695x705.jpg);\"><img decoding=\"async\" src=\"https:\/\/casa.oaxaca.gob.mx\/wp-content\/uploads\/2025\/07\/002-2-695x705.jpg\" title=\"002\" alt=\"\" \/><\/div><\/div><\/figure><\/a><!--end av-masonry entry--><a href=\"https:\/\/casa.oaxaca.gob.mx\/wp-content\/uploads\/2025\/07\/003-2-1020x1030.jpg\" id='av-masonry-1-item-16533' data-av-masonry-item='16533' class='av-masonry-entry isotope-item post-16533 attachment type-attachment status-inherit hentry  av-masonry-item-with-image' title=\"\"  itemprop=\"thumbnailUrl\" ><div class='av-inner-masonry-sizer'><\/div><figure class='av-inner-masonry main_color'><div class=\"av-masonry-outerimage-container\"><div class=\"av-masonry-image-container\" style=\"background-image: url(https:\/\/casa.oaxaca.gob.mx\/wp-content\/uploads\/2025\/07\/003-2-698x705.jpg);\"><img decoding=\"async\" src=\"https:\/\/casa.oaxaca.gob.mx\/wp-content\/uploads\/2025\/07\/003-2-698x705.jpg\" title=\"003\" alt=\"\" \/><\/div><\/div><\/figure><\/a><!--end av-masonry entry--><a href=\"https:\/\/casa.oaxaca.gob.mx\/wp-content\/uploads\/2025\/07\/004-2-1011x1030.jpg\" id='av-masonry-1-item-16534' data-av-masonry-item='16534' class='av-masonry-entry isotope-item post-16534 attachment type-attachment status-inherit hentry  av-masonry-item-with-image' title=\"\"  itemprop=\"thumbnailUrl\" ><div class='av-inner-masonry-sizer'><\/div><figure class='av-inner-masonry main_color'><div class=\"av-masonry-outerimage-container\"><div class=\"av-masonry-image-container\" style=\"background-image: url(https:\/\/casa.oaxaca.gob.mx\/wp-content\/uploads\/2025\/07\/004-2-692x705.jpg);\"><img decoding=\"async\" src=\"https:\/\/casa.oaxaca.gob.mx\/wp-content\/uploads\/2025\/07\/004-2-692x705.jpg\" title=\"004\" alt=\"\" \/><\/div><\/div><\/figure><\/a><!--end av-masonry entry--><a href=\"https:\/\/casa.oaxaca.gob.mx\/wp-content\/uploads\/2025\/07\/005-2-1030x1030.jpg\" id='av-masonry-1-item-16535' data-av-masonry-item='16535' class='av-masonry-entry isotope-item post-16535 attachment type-attachment status-inherit hentry  av-masonry-item-with-image' title=\"\"  itemprop=\"thumbnailUrl\" ><div class='av-inner-masonry-sizer'><\/div><figure class='av-inner-masonry main_color'><div class=\"av-masonry-outerimage-container\"><div class=\"av-masonry-image-container\" style=\"background-image: url(https:\/\/casa.oaxaca.gob.mx\/wp-content\/uploads\/2025\/07\/005-2-705x705.jpg);\"><img decoding=\"async\" src=\"https:\/\/casa.oaxaca.gob.mx\/wp-content\/uploads\/2025\/07\/005-2-705x705.jpg\" title=\"005\" alt=\"\" \/><\/div><\/div><\/figure><\/a><!--end av-masonry entry--><\/div><\/div><\/p><\/div>\n","protected":false},"excerpt":{"rendered":"","protected":false},"author":1,"featured_media":16513,"comment_status":"open","ping_status":"open","sticky":false,"template":"","format":"standard","meta":{"_exactmetrics_skip_tracking":false,"_exactmetrics_sitenote_active":false,"_exactmetrics_sitenote_note":"","_exactmetrics_sitenote_category":0,"footnotes":""},"categories":[204],"tags":[],"class_list":["post-16520","post","type-post","status-publish","format-standard","has-post-thumbnail","hentry","category-204"],"_links":{"self":[{"href":"https:\/\/casa.oaxaca.gob.mx\/index.php?rest_route=\/wp\/v2\/posts\/16520","targetHints":{"allow":["GET"]}}],"collection":[{"href":"https:\/\/casa.oaxaca.gob.mx\/index.php?rest_route=\/wp\/v2\/posts"}],"about":[{"href":"https:\/\/casa.oaxaca.gob.mx\/index.php?rest_route=\/wp\/v2\/types\/post"}],"author":[{"embeddable":true,"href":"https:\/\/casa.oaxaca.gob.mx\/index.php?rest_route=\/wp\/v2\/users\/1"}],"replies":[{"embeddable":true,"href":"https:\/\/casa.oaxaca.gob.mx\/index.php?rest_route=%2Fwp%2Fv2%2Fcomments&post=16520"}],"version-history":[{"count":3,"href":"https:\/\/casa.oaxaca.gob.mx\/index.php?rest_route=\/wp\/v2\/posts\/16520\/revisions"}],"predecessor-version":[{"id":17308,"href":"https:\/\/casa.oaxaca.gob.mx\/index.php?rest_route=\/wp\/v2\/posts\/16520\/revisions\/17308"}],"wp:featuredmedia":[{"embeddable":true,"href":"https:\/\/casa.oaxaca.gob.mx\/index.php?rest_route=\/wp\/v2\/media\/16513"}],"wp:attachment":[{"href":"https:\/\/casa.oaxaca.gob.mx\/index.php?rest_route=%2Fwp%2Fv2%2Fmedia&parent=16520"}],"wp:term":[{"taxonomy":"category","embeddable":true,"href":"https:\/\/casa.oaxaca.gob.mx\/index.php?rest_route=%2Fwp%2Fv2%2Fcategories&post=16520"},{"taxonomy":"post_tag","embeddable":true,"href":"https:\/\/casa.oaxaca.gob.mx\/index.php?rest_route=%2Fwp%2Fv2%2Ftags&post=16520"}],"curies":[{"name":"wp","href":"https:\/\/api.w.org\/{rel}","templated":true}]}}