{"id":16628,"date":"2025-07-24T16:00:54","date_gmt":"2025-07-24T22:00:54","guid":{"rendered":"https:\/\/casa.oaxaca.gob.mx\/?p=16628"},"modified":"2026-01-22T13:50:02","modified_gmt":"2026-01-22T19:50:02","slug":"taller-presencial-de-la-palabra-a-la-imagen-imparte-david-daniel-alvarez-hernandez","status":"publish","type":"post","link":"https:\/\/casa.oaxaca.gob.mx\/?p=16628","title":{"rendered":"Taller presencial. De la palabra a la imagen. Imparte: David Daniel \u00c1lvarez Hern\u00e1ndez."},"content":{"rendered":"<\/div><\/div><\/div><!-- close content main div --><\/div><\/div><div id='av_section_1' class='avia-section main_color avia-section-no-padding avia-no-border-styling avia-full-stretch av-parallax-section avia-bg-style-parallax  av-minimum-height av-minimum-height-75 container_wrap fullsize' style = 'background-color: #0a0a0a; ' data-section-bg-repeat='stretch' ><div class='av-parallax' data-avia-parallax-ratio='0.3' ><div class='av-parallax-inner main_color  avia-full-stretch' style = 'background-color: #0a0a0a; background-repeat: no-repeat; background-image: url(https:\/\/casa.oaxaca.gob.mx\/wp-content\/uploads\/2025\/08\/Taller-de-ilustracion_portada-scaled.jpg); background-attachment: scroll; background-position: bottom center; ' ><\/div><\/div><div class='container' ><div class='template-page content  av-content-full alpha units'><div class='post-entry post-entry-type-page post-entry-16628'><div class='entry-content-wrapper clearfix'>\n<div style='padding-bottom:10px;color:#ffffff;font-size:50px;' class='av-special-heading av-special-heading-h3 custom-color-heading blockquote modern-quote  av-inherit-size'><h3 class='av-special-heading-tag'  itemprop=\"headline\"  >Taller presencial. De la palabra a la imagen.<\/h3><div class ='av-subheading av-subheading_below av_custom_color' style='font-size:25px;'><p>Imparte: David Daniel \u00c1lvarez Hern\u00e1ndez.<\/p>\n<\/div><div class='special-heading-border'><div class='special-heading-inner-border' style='border-color:#ffffff'><\/div><\/div><\/div>\n\n<\/div><\/div><\/div><!-- close content main div --><\/div><\/div><div id='av-layout-grid-1' class='av-layout-grid-container entry-content-wrapper main_color av-flex-cells  container_wrap fullsize'   >\n<div class=\"flex_cell no_margin av_one_full   \" style='vertical-align:top; padding:30px; background-color:#ED9600; '><div class='flex_cell_inner' ><p><div class=\"flex_column av_one_fourth  flex_column_div av-zero-column-padding first  \" style='border-radius:0px; '><div style='padding-bottom:10px;color:#ffffff;' class='av-special-heading av-special-heading-h3 custom-color-heading blockquote modern-quote '><h3 class='av-special-heading-tag'  itemprop=\"headline\"  >Cierre de inscripciones<\/h3><div class ='av-subheading av-subheading_below av_custom_color' style='font-size:20px;'><p>Domingo 3 de agosto de 2025<\/p>\n<p>Publicaci\u00f3n de resultados<br \/>\nMi\u00e9rcoles 6 de agosto de 2025<\/p>\n<\/div><div class='special-heading-border'><div class='special-heading-inner-border' style='border-color:#ffffff'><\/div><\/div><\/div><\/div><div class=\"flex_column av_one_fourth  flex_column_div av-zero-column-padding   \" style='border-radius:0px; '><div style='padding-bottom:10px;color:#ffffff;' class='av-special-heading av-special-heading-h3 custom-color-heading blockquote modern-quote '><h3 class='av-special-heading-tag'  itemprop=\"headline\"  >Fechas<\/h3><div class ='av-subheading av-subheading_below av_custom_color' style='font-size:20px;'><p>De lunes a viernes<br \/>\nDel 11 al 15 de agosto de 2025<\/p>\n<\/div><div class='special-heading-border'><div class='special-heading-inner-border' style='border-color:#ffffff'><\/div><\/div><\/div><\/div><div class=\"flex_column av_one_fourth  flex_column_div av-zero-column-padding   \" style='border-radius:0px; '><div style='padding-bottom:10px;color:#ffffff;' class='av-special-heading av-special-heading-h3 custom-color-heading blockquote modern-quote '><h3 class='av-special-heading-tag'  itemprop=\"headline\"  >Horario<\/h3><div class ='av-subheading av-subheading_below av_custom_color' style='font-size:20px;'><p>De 10 a 14 h<\/p>\n<\/div><div class='special-heading-border'><div class='special-heading-inner-border' style='border-color:#ffffff'><\/div><\/div><\/div><\/div><div class=\"flex_column av_one_fourth  flex_column_div av-zero-column-padding   \" style='border-radius:0px; '><section class=\"avia_codeblock_section avia_code_block_0\"  itemscope=\"itemscope\" itemtype=\"https:\/\/schema.org\/BlogPosting\" itemprop=\"blogPost\" ><div class='avia_codeblock '  itemprop=\"text\" > [avia_codeblock_placeholder uid=\"0\"] <\/div><\/section><\/div><\/p>\n<\/div><\/div>\n<\/div>\n<div class=\"flex_column av_two_fifth  flex_column_div av-zero-column-padding first  \" style='border-radius:0px; '><p><div class='av-social-sharing-box '><div class='av-share-box'><h5 class='av-share-link-description'>Compartir esta actividad<\/h5><ul class='av-share-box-list noLightbox'><li class='av-share-link av-social-link-facebook' ><a target='_blank' href='http:\/\/www.facebook.com\/sharer.php?u=https:\/\/casa.oaxaca.gob.mx\/?p=16628&amp;t=Taller%20presencial.%20De%20la%20palabra%20a%20la%20imagen.%20Imparte%3A%20David%20Daniel%20%C3%81lvarez%20Hern%C3%A1ndez.' aria-hidden='true' data-av_icon='\ue8f3' data-av_iconfont='entypo-fontello' title='' data-avia-related-tooltip='Share on Facebook'><span class='avia_hidden_link_text'>Share on Facebook<\/span><\/a><\/li><li class='av-share-link av-social-link-twitter' ><a target='_blank' href='https:\/\/twitter.com\/share?text=Taller%20presencial.%20De%20la%20palabra%20a%20la%20imagen.%20Imparte%3A%20David%20Daniel%20%C3%81lvarez%20Hern%C3%A1ndez.&url=https:\/\/casa.oaxaca.gob.mx\/?p=16628' aria-hidden='true' data-av_icon='\ue8f1' data-av_iconfont='entypo-fontello' title='' data-avia-related-tooltip='Share on Twitter'><span class='avia_hidden_link_text'>Share on Twitter<\/span><\/a><\/li><li class='av-share-link av-social-link-gplus' ><a target='_blank' href='https:\/\/plus.google.com\/share?url=https:\/\/casa.oaxaca.gob.mx\/?p=16628' aria-hidden='true' data-av_icon='\ue8f6' data-av_iconfont='entypo-fontello' title='' data-avia-related-tooltip='Share on Google+'><span class='avia_hidden_link_text'>Share on Google+<\/span><\/a><\/li><li class='av-share-link av-social-link-pinterest' ><a target='_blank' href='http:\/\/pinterest.com\/pin\/create\/button\/?url=https%3A%2F%2Fcasa.oaxaca.gob.mx%2F%3Fp%3D16628&amp;description=Taller%20presencial.%20De%20la%20palabra%20a%20la%20imagen.%20Imparte%3A%20David%20Daniel%20%C3%81lvarez%20Hern%C3%A1ndez.&amp;media=https%3A%2F%2Fcasa.oaxaca.gob.mx%2Fwp-content%2Fuploads%2F2025%2F08%2FTaller-de-ilustracion_cerrada-705x484.jpg' aria-hidden='true' data-av_icon='\ue8f8' data-av_iconfont='entypo-fontello' title='' data-avia-related-tooltip='Share on Pinterest'><span class='avia_hidden_link_text'>Share on Pinterest<\/span><\/a><\/li><li class='av-share-link av-social-link-mail' ><a  href='mailto:?subject=Taller%20presencial.%20De%20la%20palabra%20a%20la%20imagen.%20Imparte%3A%20David%20Daniel%20%C3%81lvarez%20Hern%C3%A1ndez.&amp;body=https:\/\/casa.oaxaca.gob.mx\/?p=16628' aria-hidden='true' data-av_icon='\ue805' data-av_iconfont='entypo-fontello' title='' data-avia-related-tooltip='Share by Mail'><span class='avia_hidden_link_text'>Share by Mail<\/span><\/a><\/li><\/ul><\/div><\/div><br \/>\n<div  class='hr hr-default '><span class='hr-inner ' ><span class='hr-inner-style'><\/span><\/span><\/div><br \/>\n<div style='padding-bottom:10px;font-size:30px;' class='av-special-heading av-special-heading-h3  blockquote modern-quote   av-inherit-size'><h3 class='av-special-heading-tag'  itemprop=\"headline\"  >Sobre el tallerista<\/h3><div class='special-heading-border'><div class='special-heading-inner-border' ><\/div><\/div><\/div><br \/>\n<div class='avia-data-table-wrap avia_responsive_table'><table class='avia-table avia-data-table avia-table-1  avia_pricing_default'  itemscope=\"itemscope\" itemtype=\"https:\/\/schema.org\/Table\" ><tbody><tr class='avia-heading-row'><th class=''>David Daniel \u00c1lvarez Hern\u00e1ndez<\/th><\/tr><tr class=''><td class=''>Ilustrador mexicano, egresado de la Escuela de Dise\u00f1o del INBA con 13 a\u00f1os de experiencia profesional. Ha recibido algunos premios internacionales como el V Premio Internacional Compostela para \u00c1lbumes Ilustrados (2012), el Premio Internacional de Ilustraci\u00f3n (2019) y su trabajo ha sido seleccionado en distintas muestras de ilustraci\u00f3n en Italia, Portugal y Bratislava.<br \/>\nHa colaborado con medios internacionales como The New York Times for Kids, The Washingtong Post y El Pa\u00eds, as\u00ed como editoriales nacionales e internacionales como Edelvives, Kalandraka, OQO, Suntup Press, Undertow Publications, Editorial Castillo y Norma Ediciones.<br \/>\n<\/td><\/tr><\/tbody><\/table><\/div><style type='text\/css'>.avia-table-1 td:nth-of-type(1):before { content: 'David Daniel \u00c1lvarez Hern\u00e1ndez'; } <\/style><\/p><\/div>\n<div class=\"flex_column av_three_fifth  flex_column_div av-zero-column-padding   \" style='border-radius:0px; '><p><div style='padding-bottom:10px;font-size:30px;' class='av-special-heading av-special-heading-h3  blockquote modern-quote   av-inherit-size'><h3 class='av-special-heading-tag'  itemprop=\"headline\"  >Acerca del taller<\/h3><div class='special-heading-border'><div class='special-heading-inner-border' ><\/div><\/div><\/div><br \/>\n<div class='avia-data-table-wrap avia_responsive_table'><table class='avia-table avia-data-table avia-table-2  avia_pricing_default'  itemscope=\"itemscope\" itemtype=\"https:\/\/schema.org\/Table\" ><tbody><tr class=''><td class=''>LISTA DE SELECCIONADOS<\/td><\/tr><tr class=''><td class=''>Pamela De La Asunci\u00f3n Gonz\u00e1lez Gonz\u00e1lez<\/p>\n<p>Gabriel Von Knoop Kahle<\/p>\n<p>Itzel Mart\u00ednez Buend\u00eda<\/p>\n<p>Ana Karen L\u00f3pez Morales<\/p>\n<p>Raquel S\u00e1nchez Jim\u00e9nez<\/p>\n<p>Italibi Jim\u00e9nez Cruz<\/p>\n<p>Pamela Itzel Mart\u00ednez Meza<\/p>\n<p>Luz Adriana Palacios Luna<\/p>\n<p>Zaira Donaj\u00ed Ram\u00edrez Celis<\/p>\n<p>Juan Ignacio Contreras Orsi<\/p>\n<p>Ashin Garc\u00eda Ram\u00edrez<\/p>\n<p>Flor Adriana V\u00e1squez Valencia<\/p>\n<p>Abd\u00edas Neftal\u00ed Garc\u00eda Gonz\u00e1lez<\/p>\n<p>Vicente Jim\u00e9nez Desales<\/p>\n<p>Camila Miranda M\u00e9ndez Ram\u00edrez<\/p>\n<p>Ren\u00e9 Oswaldo Gonz\u00e1lez Pizarro<\/p>\n<p>Dante Emmanuel Vale Espinosa<\/p>\n<p>Alejandra Pamela Fuentes Monjaraz<\/p>\n<p>Sergio Cosme V\u00e1zquez<\/p>\n<p>Brian De Jes\u00fas Ter\u00e1n Mart\u00ednez<\/p>\n<p>Myriam Nayelly Cortinez Hern\u00e1ndez<\/p>\n<p>Ana Eugenia Hern\u00e1ndez Herrera<\/p>\n<p>Regina Garc\u00eda S\u00e1nchez<\/p>\n<p>Cinthia Alejandra L\u00f3pez Renovato<\/p>\n<p>Ang\u00e9lica Monserrat Ram\u00edrez Ju\u00e1rez<br \/>\n<\/td><\/tr><\/tbody><\/table><\/div><style type='text\/css'><\/style><br \/>\n<div class='avia-data-table-wrap avia_responsive_table'><table class='avia-table avia-data-table avia-table-3  avia_pricing_default'  itemscope=\"itemscope\" itemtype=\"https:\/\/schema.org\/Table\" ><tbody><tr class='avia-heading-row'><th class=''>Descripci\u00f3n general<\/th><\/tr><tr class=''><td class=''>En un mundo predominantemente visual es importante conocer algunas nociones b\u00e1sicas que nos permitan expresar nuestras ideas y pensamientos a trav\u00e9s de im\u00e1genes de forma clara y precisa.<br \/>\nPero esto no basta, adem\u00e1s de la conciencia de estas pautas son necesarios muchos otros elementos para afinar nuestro discurso de manera que este sea una expresi\u00f3n fiel de nuestra personalidad, y esto es lo que dar\u00e1 a nuestro trabajo un car\u00e1cter singular.<br \/>\n<\/td><\/tr><tr class='avia-heading-row'><th class=''>Objetivo general<\/th><\/tr><tr class=''><td class=''>Proporcionar las herramientas b\u00e1sicas para transformar ideas, pensamientos y textos en im\u00e1genes.<\/td><\/tr><tr class='avia-heading-row'><th class=''>Objetivos espec\u00edficos<\/th><\/tr><tr class=''><td class=''>&#8211; A trav\u00e9s de distintos ejercicios explorar el proceso de creaci\u00f3n de im\u00e1genes<br \/>\n&#8211; Ejercitar la narraci\u00f3n secuencial a trav\u00e9s de im\u00e1genes<br \/>\n&#8211; Ejercitar la lectura de im\u00e1genes.<br \/>\n&#8211; Mostrar el proceso de creaci\u00f3n de proyectos desde el inicio hasta la publicaci\u00f3n.<br \/>\n&#8211; Compartir la experiencia en el \u00e1mbito profesional como ilustrador freelance.<br \/>\n&#8211; Revisi\u00f3n general del contexto actual de la ilustraci\u00f3n en M\u00e9xico y en el mundo.<br \/>\n<\/td><\/tr><tr class='avia-heading-row'><th class=''>Temas<\/th><\/tr><tr class=''><td class=''>1. Leer y el h\u00e1bito de la lectura.<br \/>\n2. Ilustraci\u00f3n: palabra-imagen<br \/>\n3. Las im\u00e1genes hablan: narraci\u00f3n secuencial<br \/>\n4. Storyboard<br \/>\n5. Creaci\u00f3n de personaje<br \/>\n6. Composici\u00f3n<br \/>\n7. Detr\u00e1s de los proyectos publicados.<br \/>\n8. El desarrollo profesional del ilustrador<br \/>\n9. Panorama general de la ilustraci\u00f3n<br \/>\n<\/td><\/tr><\/tbody><\/table><\/div><style type='text\/css'>.avia-table-3 td:nth-of-type(1):before { content: 'Descripci\u00f3n general'; } <\/style><br \/>\n<div style='padding-bottom:10px;font-size:30px;' class='av-special-heading av-special-heading-h3  blockquote modern-quote   av-inherit-size'><h3 class='av-special-heading-tag'  itemprop=\"headline\"  >Requisitos de inscripci\u00f3n<\/h3><div class='special-heading-border'><div class='special-heading-inner-border' ><\/div><\/div><\/div><br \/>\n<div class='avia-data-table-wrap avia_responsive_table'><table class='avia-table avia-data-table avia-table-4  avia_pricing_default'  itemscope=\"itemscope\" itemtype=\"https:\/\/schema.org\/Table\" ><tbody><tr class=''><td class=''>&#8211; Primeras personas en registrarse con curiosidad en la ilustraci\u00f3n, inter\u00e9s en la creaci\u00f3n de im\u00e1genes, los libros ilustrados y la narraci\u00f3n gr\u00e1fica. Interesados en la pr\u00e1ctica de dibujo.<\/td><\/tr><tr class=''><td class=''>&#8211; Si tienes inter\u00e9s deber\u00e1s llenar el formulario con los datos completos que se encuentra en esta p\u00e1gina.<br \/>\n&#8211; La lista de seleccionados se publicar\u00e1 en esta p\u00e1gina, tambi\u00e9n se les notificar\u00e1 v\u00eda correo electr\u00f3nico con los detalles de la actividad.<br \/>\n&#8211; Actividad gratuita.<br \/>\n&#8211; Los talleristas ser\u00e1n los responsables de realizar la selecci\u00f3n de alumnos bajo sus criterios.<br \/>\n<\/td><\/tr><\/tbody><\/table><\/div><style type='text\/css'><\/style><br \/>\n<div class='avia-data-table-wrap avia_responsive_table'><table class='avia-table avia-data-table avia-table-5  avia_pricing_default'  itemscope=\"itemscope\" itemtype=\"https:\/\/schema.org\/Table\" ><tbody><tr class='avia-heading-row'><th class=''>Material que se le solicitar\u00e1 al alumno(a)<\/th><\/tr><tr class=''><td class=''>&#8211; Hojas de papel o sketchbook<br \/>\n&#8211; Material de dibujo con el que el alumno est\u00e1 familiarizado (grafito, plumones, pluma, colores, acr\u00edlico, pastel etc)<br \/>\n<\/td><\/tr><\/tbody><\/table><\/div><style type='text\/css'>.avia-table-5 td:nth-of-type(1):before { content: 'Material que se le solicitar\u00e1 al alumno(a)'; } <\/style><br \/>\n<div class='avia-data-table-wrap avia_responsive_table'><table class='avia-table avia-data-table avia-table-6  avia_pricing_default'  itemscope=\"itemscope\" itemtype=\"https:\/\/schema.org\/Table\" ><tbody><tr class='avia-heading-row'><th class=''>Criterios de selecci\u00f3n de alumnos<\/th><\/tr><tr class=''><td class=''>&#8211; 16 a 25 alumnos<br \/>\n&#8211; Mayores de 15 a\u00f1os, amateurs o profesionales de las artes pl\u00e1sticas con curiosidad en la ilustraci\u00f3n, inter\u00e9s en la creaci\u00f3n de im\u00e1genes, los libros ilustrados y la narraci\u00f3n gr\u00e1fica. Interesados en la pr\u00e1ctica de dibujo, se requiere experiencia m\u00ednima para realizar dibujar en las sesiones.<br \/>\n<\/td><\/tr><\/tbody><\/table><\/div><style type='text\/css'>.avia-table-6 td:nth-of-type(1):before { content: 'Criterios de selecci\u00f3n de alumnos'; } <\/style><br \/>\n<div class='avia-data-table-wrap avia_responsive_table'><table class='avia-table avia-data-table avia-table-7  avia_pricing_default'  itemscope=\"itemscope\" itemtype=\"https:\/\/schema.org\/Table\" ><tbody><tr class='avia-heading-row'><th class=''>Nota para los seleccionados<\/th><\/tr><tr class=''><td class=''>&#8211; Clases presenciales en (Usos m\u00faltiples) del CaSa<br \/>\n&#8211; Se dejar\u00e1n ejercicios espec\u00edficos a cada estudiante, es fundamental realizarlos para continuar con la siguiente clase.<br \/>\n&#8211; Tener el compromiso y el tiempo para llevar a cabo el taller, ya que las inasistencias injustificadas ser\u00e1n motivo de suspensi\u00f3n y no podr\u00e1 ingresar a talleres futuros.<br \/>\n&#8211; Durante el taller nos estaremos comunicando por medio de mensajes en un grupo de WhatsApp, por ser una herramienta m\u00e1s r\u00e1pida para poder tener una mejor comunicaci\u00f3n con lo que respecta al taller.<br \/>\n<\/td><\/tr><\/tbody><\/table><\/div><style type='text\/css'>.avia-table-7 td:nth-of-type(1):before { content: 'Nota para los seleccionados'; } <\/style><br \/>\n<div id='av-masonry-1' class='av-masonry noHover av-fixed-size av-large-gap av-hover-overlay-active av-masonry-col-flexible av-caption-always av-caption-style- av-masonry-gallery  '  ><div class='av-masonry-container isotope av-js-disabled ' ><div class='av-masonry-entry isotope-item av-masonry-item-no-image '><\/div><a href=\"https:\/\/casa.oaxaca.gob.mx\/wp-content\/uploads\/2025\/07\/Taller-de-ilustracion-824x1030.jpg\" id='av-masonry-1-item-16629' data-av-masonry-item='16629' class='av-masonry-entry isotope-item post-16629 attachment type-attachment status-inherit hentry  av-masonry-item-with-image' title=\"\"  itemprop=\"thumbnailUrl\" ><div class='av-inner-masonry-sizer'><\/div><figure class='av-inner-masonry main_color'><div class=\"av-masonry-outerimage-container\"><div class=\"av-masonry-image-container\" style=\"background-image: url(https:\/\/casa.oaxaca.gob.mx\/wp-content\/uploads\/2025\/07\/Taller-de-ilustracion-564x705.jpg);\"><img decoding=\"async\" src=\"https:\/\/casa.oaxaca.gob.mx\/wp-content\/uploads\/2025\/07\/Taller-de-ilustracion-564x705.jpg\" title=\"Taller de ilustraci\u00f3n\" alt=\"\" \/><\/div><\/div><\/figure><\/a><!--end av-masonry entry--><\/div><\/div><\/p><\/div>\n","protected":false},"excerpt":{"rendered":"","protected":false},"author":1,"featured_media":16701,"comment_status":"open","ping_status":"open","sticky":false,"template":"","format":"standard","meta":{"_exactmetrics_skip_tracking":false,"_exactmetrics_sitenote_active":false,"_exactmetrics_sitenote_note":"","_exactmetrics_sitenote_category":0,"footnotes":""},"categories":[204],"tags":[],"class_list":["post-16628","post","type-post","status-publish","format-standard","has-post-thumbnail","hentry","category-204"],"_links":{"self":[{"href":"https:\/\/casa.oaxaca.gob.mx\/index.php?rest_route=\/wp\/v2\/posts\/16628","targetHints":{"allow":["GET"]}}],"collection":[{"href":"https:\/\/casa.oaxaca.gob.mx\/index.php?rest_route=\/wp\/v2\/posts"}],"about":[{"href":"https:\/\/casa.oaxaca.gob.mx\/index.php?rest_route=\/wp\/v2\/types\/post"}],"author":[{"embeddable":true,"href":"https:\/\/casa.oaxaca.gob.mx\/index.php?rest_route=\/wp\/v2\/users\/1"}],"replies":[{"embeddable":true,"href":"https:\/\/casa.oaxaca.gob.mx\/index.php?rest_route=%2Fwp%2Fv2%2Fcomments&post=16628"}],"version-history":[{"count":5,"href":"https:\/\/casa.oaxaca.gob.mx\/index.php?rest_route=\/wp\/v2\/posts\/16628\/revisions"}],"predecessor-version":[{"id":16996,"href":"https:\/\/casa.oaxaca.gob.mx\/index.php?rest_route=\/wp\/v2\/posts\/16628\/revisions\/16996"}],"wp:featuredmedia":[{"embeddable":true,"href":"https:\/\/casa.oaxaca.gob.mx\/index.php?rest_route=\/wp\/v2\/media\/16701"}],"wp:attachment":[{"href":"https:\/\/casa.oaxaca.gob.mx\/index.php?rest_route=%2Fwp%2Fv2%2Fmedia&parent=16628"}],"wp:term":[{"taxonomy":"category","embeddable":true,"href":"https:\/\/casa.oaxaca.gob.mx\/index.php?rest_route=%2Fwp%2Fv2%2Fcategories&post=16628"},{"taxonomy":"post_tag","embeddable":true,"href":"https:\/\/casa.oaxaca.gob.mx\/index.php?rest_route=%2Fwp%2Fv2%2Ftags&post=16628"}],"curies":[{"name":"wp","href":"https:\/\/api.w.org\/{rel}","templated":true}]}}