{"id":16633,"date":"2025-07-24T16:11:18","date_gmt":"2025-07-24T22:11:18","guid":{"rendered":"https:\/\/casa.oaxaca.gob.mx\/?p=16633"},"modified":"2026-01-22T13:50:02","modified_gmt":"2026-01-22T19:50:02","slug":"taller-presencial-taller-de-narrativa-grafica-y-autopublicacion-imparte-ulises-mora-carrillo-de-albornoz","status":"publish","type":"post","link":"https:\/\/casa.oaxaca.gob.mx\/?p=16633","title":{"rendered":"Taller presencial. Taller de narrativa gr\u00e1fica y autopublicaci\u00f3n. Imparte: Ulises Mora Carrillo de Alborn\u00f3z."},"content":{"rendered":"<\/div><\/div><\/div><!-- close content main div --><\/div><\/div><div id='av_section_1' class='avia-section main_color avia-section-no-padding avia-no-border-styling avia-full-stretch av-parallax-section avia-bg-style-parallax  av-minimum-height av-minimum-height-75 container_wrap fullsize' style = 'background-color: #0a0a0a; ' data-section-bg-repeat='stretch' ><div class='av-parallax' data-avia-parallax-ratio='0.3' ><div class='av-parallax-inner main_color  avia-full-stretch' style = 'background-color: #0a0a0a; background-repeat: no-repeat; background-image: url(https:\/\/casa.oaxaca.gob.mx\/wp-content\/uploads\/2025\/08\/Taller-de-Narrativa-Grafica-y-Autopublicacion_portada-scaled.jpg); background-attachment: scroll; background-position: bottom center; ' ><\/div><\/div><div class='container' ><div class='template-page content  av-content-full alpha units'><div class='post-entry post-entry-type-page post-entry-16633'><div class='entry-content-wrapper clearfix'>\n<div style='padding-bottom:10px;color:#ffffff;font-size:50px;' class='av-special-heading av-special-heading-h3 custom-color-heading blockquote modern-quote  av-inherit-size'><h3 class='av-special-heading-tag'  itemprop=\"headline\"  >Taller presencial. Taller de narrativa gr\u00e1fica y autopublicaci\u00f3n.<\/h3><div class ='av-subheading av-subheading_below av_custom_color' style='font-size:25px;'><p>Imparte: Ulises Mora Carrillo de Alborn\u00f3z.<\/p>\n<\/div><div class='special-heading-border'><div class='special-heading-inner-border' style='border-color:#ffffff'><\/div><\/div><\/div>\n\n<\/div><\/div><\/div><!-- close content main div --><\/div><\/div><div id='av-layout-grid-1' class='av-layout-grid-container entry-content-wrapper main_color av-flex-cells  container_wrap fullsize'   >\n<div class=\"flex_cell no_margin av_one_full   \" style='vertical-align:top; padding:30px; background-color:#ED9600; '><div class='flex_cell_inner' ><p><div class=\"flex_column av_one_fourth  flex_column_div av-zero-column-padding first  \" style='border-radius:0px; '><div style='padding-bottom:10px;color:#ffffff;' class='av-special-heading av-special-heading-h3 custom-color-heading blockquote modern-quote '><h3 class='av-special-heading-tag'  itemprop=\"headline\"  >Cierre de inscripciones<\/h3><div class ='av-subheading av-subheading_below av_custom_color' style='font-size:20px;'><p>Domingo 10 de agosto de 2025<\/p>\n<p>Publicaci\u00f3n de resultados<br \/>\nMi\u00e9rcoles 13 de agosto de 2025<\/p>\n<\/div><div class='special-heading-border'><div class='special-heading-inner-border' style='border-color:#ffffff'><\/div><\/div><\/div><\/div><div class=\"flex_column av_one_fourth  flex_column_div av-zero-column-padding   \" style='border-radius:0px; '><div style='padding-bottom:10px;color:#ffffff;' class='av-special-heading av-special-heading-h3 custom-color-heading blockquote modern-quote '><h3 class='av-special-heading-tag'  itemprop=\"headline\"  >Fechas<\/h3><div class ='av-subheading av-subheading_below av_custom_color' style='font-size:20px;'><p>De lunes a viernes<br \/>\nDel 19 al 29 de agosto<\/p>\n<\/div><div class='special-heading-border'><div class='special-heading-inner-border' style='border-color:#ffffff'><\/div><\/div><\/div><\/div><div class=\"flex_column av_one_fourth  flex_column_div av-zero-column-padding   \" style='border-radius:0px; '><div style='padding-bottom:10px;color:#ffffff;' class='av-special-heading av-special-heading-h3 custom-color-heading blockquote modern-quote '><h3 class='av-special-heading-tag'  itemprop=\"headline\"  >Horario<\/h3><div class ='av-subheading av-subheading_below av_custom_color' style='font-size:20px;'><p>Lunes a jueves<br \/>\n10 a 12 h<br \/>\nCaSa<\/p>\n<p>Viernes 29 de agosto<br \/>\nDe 10 a 14 h en IAGO, Alcal\u00e1<\/p>\n<\/div><div class='special-heading-border'><div class='special-heading-inner-border' style='border-color:#ffffff'><\/div><\/div><\/div><\/div><div class=\"flex_column av_one_fourth  flex_column_div av-zero-column-padding   \" style='border-radius:0px; '><section class=\"avia_codeblock_section avia_code_block_0\"  itemscope=\"itemscope\" itemtype=\"https:\/\/schema.org\/BlogPosting\" itemprop=\"blogPost\" ><div class='avia_codeblock '  itemprop=\"text\" > [avia_codeblock_placeholder uid=\"0\"] <\/div><\/section><\/div><\/p>\n<\/div><\/div>\n<\/div>\n<div class=\"flex_column av_two_fifth  flex_column_div av-zero-column-padding first  \" style='border-radius:0px; '><p><div class='av-social-sharing-box '><div class='av-share-box'><h5 class='av-share-link-description'>Compartir esta actividad<\/h5><ul class='av-share-box-list noLightbox'><li class='av-share-link av-social-link-facebook' ><a target='_blank' href='http:\/\/www.facebook.com\/sharer.php?u=https:\/\/casa.oaxaca.gob.mx\/?p=16633&amp;t=Taller%20presencial.%20Taller%20de%20narrativa%20gr%C3%A1fica%20y%20autopublicaci%C3%B3n.%20Imparte%3A%20Ulises%20Mora%20Carrillo%20de%20Alborn%C3%B3z.' aria-hidden='true' data-av_icon='\ue8f3' data-av_iconfont='entypo-fontello' title='' data-avia-related-tooltip='Share on Facebook'><span class='avia_hidden_link_text'>Share on Facebook<\/span><\/a><\/li><li class='av-share-link av-social-link-twitter' ><a target='_blank' href='https:\/\/twitter.com\/share?text=Taller%20presencial.%20Taller%20de%20narrativa%20gr%C3%A1fica%20y%20autopublicaci%C3%B3n.%20Imparte%3A%20Ulises%20Mora%20Carrillo%20de%20Alborn%C3%B3z.&url=https:\/\/casa.oaxaca.gob.mx\/?p=16633' aria-hidden='true' data-av_icon='\ue8f1' data-av_iconfont='entypo-fontello' title='' data-avia-related-tooltip='Share on Twitter'><span class='avia_hidden_link_text'>Share on Twitter<\/span><\/a><\/li><li class='av-share-link av-social-link-gplus' ><a target='_blank' href='https:\/\/plus.google.com\/share?url=https:\/\/casa.oaxaca.gob.mx\/?p=16633' aria-hidden='true' data-av_icon='\ue8f6' data-av_iconfont='entypo-fontello' title='' data-avia-related-tooltip='Share on Google+'><span class='avia_hidden_link_text'>Share on Google+<\/span><\/a><\/li><li class='av-share-link av-social-link-pinterest' ><a target='_blank' href='http:\/\/pinterest.com\/pin\/create\/button\/?url=https%3A%2F%2Fcasa.oaxaca.gob.mx%2F%3Fp%3D16633&amp;description=Taller%20presencial.%20Taller%20de%20narrativa%20gr%C3%A1fica%20y%20autopublicaci%C3%B3n.%20Imparte%3A%20Ulises%20Mora%20Carrillo%20de%20Alborn%C3%B3z.&amp;media=https%3A%2F%2Fcasa.oaxaca.gob.mx%2Fwp-content%2Fuploads%2F2025%2F08%2FTaller-de-Narrativa-Grafica-y-Autopublicacion_cerrada-705x484.jpg' aria-hidden='true' data-av_icon='\ue8f8' data-av_iconfont='entypo-fontello' title='' data-avia-related-tooltip='Share on Pinterest'><span class='avia_hidden_link_text'>Share on Pinterest<\/span><\/a><\/li><li class='av-share-link av-social-link-mail' ><a  href='mailto:?subject=Taller%20presencial.%20Taller%20de%20narrativa%20gr%C3%A1fica%20y%20autopublicaci%C3%B3n.%20Imparte%3A%20Ulises%20Mora%20Carrillo%20de%20Alborn%C3%B3z.&amp;body=https:\/\/casa.oaxaca.gob.mx\/?p=16633' aria-hidden='true' data-av_icon='\ue805' data-av_iconfont='entypo-fontello' title='' data-avia-related-tooltip='Share by Mail'><span class='avia_hidden_link_text'>Share by Mail<\/span><\/a><\/li><\/ul><\/div><\/div><br \/>\n<div  class='hr hr-default '><span class='hr-inner ' ><span class='hr-inner-style'><\/span><\/span><\/div><br \/>\n<div style='padding-bottom:10px;font-size:30px;' class='av-special-heading av-special-heading-h3  blockquote modern-quote   av-inherit-size'><h3 class='av-special-heading-tag'  itemprop=\"headline\"  >Sobre el tallerista<\/h3><div class='special-heading-border'><div class='special-heading-inner-border' ><\/div><\/div><\/div><br \/>\n<div class='avia-data-table-wrap avia_responsive_table'><table class='avia-table avia-data-table avia-table-1  avia_pricing_default'  itemscope=\"itemscope\" itemtype=\"https:\/\/schema.org\/Table\" ><tbody><tr class='avia-heading-row'><th class=''>Ulises Mora Carrillo de Alborn\u00f3z<\/th><\/tr><tr class=''><td class=''>Artista pl\u00e1stico interdisciplinario, nacido en la Ciudad de M\u00e9xico en 1967, actualmente radicado en Coatepec, Veracruz. Adem\u00e1s de su pr\u00e1ctica art\u00edstica, se desempe\u00f1a como ilustrador, docente e investigador transdisciplinario enfocado en la relaci\u00f3n entre la arqueolog\u00eda y las artes.<\/p>\n<p>Su obra forma parte de importantes colecciones como la del MUAC y ha sido exhibida en espacios como el Museo Carrillo Gil, el Museo Universitario del Chopo, la Galer\u00eda de Arte Mexicano, la Galer\u00eda Hilario Galguera, el Museo de Monterrey, Ex Teresa Arte Actual, y el MUCA Roma, entre otros. Internacionalmente, ha expuesto en ciudades como Quebec, La Habana, Par\u00eds, Nueva Jersey, Pasadena y Nueva York.<\/p>\n<p>Es cofundador del grupo de arte contempor\u00e1neo 19 Concreto y del espacio independiente Art Deposit. Ha sido beneficiario de la beca J\u00f3venes Creadores del FONCA (1998), as\u00ed como de apoyos como Coinversiones y el programa de exposiciones en el extranjero de CONACULTA. En 2019 recibi\u00f3 el Premio PADID del CENART.<br \/>\nDesde hace m\u00e1s de dos d\u00e9cadas es profesor en la Escuela Nacional de Pintura, Escultura y Grabado &#8220;La Esmeralda&#8221; (INBAL), donde coordina la edici\u00f3n de fanzines con enfoque pedag\u00f3gico a trav\u00e9s de la \u201cEditorial Parvada\u201d. Ha ilustrado para instituciones como el INAH, el Fondo de Cultura Econ\u00f3mica y diversas casas productoras de cine.<br \/>\n<\/td><\/tr><\/tbody><\/table><\/div><style type='text\/css'>.avia-table-1 td:nth-of-type(1):before { content: 'Ulises Mora Carrillo de Alborn\u00f3z'; } <\/style><\/p><\/div>\n<div class=\"flex_column av_three_fifth  flex_column_div av-zero-column-padding   \" style='border-radius:0px; '><p><div style='padding-bottom:10px;font-size:30px;' class='av-special-heading av-special-heading-h3  blockquote modern-quote   av-inherit-size'><h3 class='av-special-heading-tag'  itemprop=\"headline\"  >Acerca del taller<\/h3><div class='special-heading-border'><div class='special-heading-inner-border' ><\/div><\/div><\/div><br \/>\n<div class='avia-data-table-wrap avia_responsive_table'><table class='avia-table avia-data-table avia-table-2  avia_pricing_default'  itemscope=\"itemscope\" itemtype=\"https:\/\/schema.org\/Table\" ><tbody><tr class=''><td class=''>LISTA DE SELECCIONADOS<\/td><\/tr><tr class=''><td class=''><br \/>\nPamela De La Asunci\u00f3n Gonz\u00e1lez Gonz\u00e1lez<\/p>\n<p>Mateo Maldonado Gonz\u00e1lez<\/p>\n<p>\u00c1ngel Flores M\u00e9ndez<\/p>\n<p>F\u00e9lix Ra\u00fal Serrano Villalobos<\/p>\n<p>Alexia Tresallet<\/p>\n<p>Juan Arturo Morales Santiago<\/p>\n<p>Metzi Rodr\u00edguez Gonz\u00e1lez<\/p>\n<p>Elisa G\u00e1mez V\u00e1zquez<\/p>\n<p>Nelson Ni\u00f1o Hern\u00e1ndez<\/p>\n<p>Graciela Zamora Lim\u00f3n<\/p>\n<p>Coral del Rosario Hern\u00e1ndez Mat\u00edas<\/p>\n<p>X\u00f3chitl Rivera Garfias<\/td><\/tr><\/tbody><\/table><\/div><style type='text\/css'><\/style><br \/>\n<div class='avia-data-table-wrap avia_responsive_table'><table class='avia-table avia-data-table avia-table-3  avia_pricing_default'  itemscope=\"itemscope\" itemtype=\"https:\/\/schema.org\/Table\" ><tbody><tr class='avia-heading-row'><th class=''>Descripci\u00f3n general<\/th><\/tr><tr class=''><td class=''>El consumo de libros nos es inducido en todas las etapas formativas, pero no se concibe al estudiante capaz de publicar los propios, es decir escribir y dibujar con la intenci\u00f3n de compartir imaginaci\u00f3n y saberes a trav\u00e9s de un tiraje editorial. La tecnolog\u00eda permite hoy publicar \u201cfanzines\u201d (ediciones artesanales) mediante la duplicaci\u00f3n Riso, de manera accesible. Sin embargo, adem\u00e1s del acceso tecnol\u00f3gico es importante tambi\u00e9n conocer los elementos comunicativos b\u00e1sicos de la imagen secuencial y su construcci\u00f3n, desde la redacci\u00f3n de un gui\u00f3n y el dise\u00f1o de personajes, hasta la elecci\u00f3n de encuadres tipo \u201cstoryboards\u201d.<\/td><\/tr><tr class='avia-heading-row'><th class=''>Objetivo general<\/th><\/tr><tr class=''><td class=''>El alumno conocer\u00e1 de manera pr\u00e1ctica, los elementos de la narrativa gr\u00e1fica tipo historieta, para poder publicar sus propios contenidos<br \/>\n<\/td><\/tr><tr class='avia-heading-row'><th class=''>Objetivos espec\u00edficos<\/th><\/tr><tr class=''><td class=''>&#8211; Cobrar\u00e1 la confianza suficiente para escribir y dibujar una historia propia.<br \/>\n&#8211; Aprender\u00e1 nociones sobre lenguaje cinematogr\u00e1fico adaptado a imagen fija.<br \/>\n&#8211; Descubrir\u00e1 su \u201cestilo\u201d de entintado aplicado al c\u00f3mic.<br \/>\n&#8211; Conocer\u00e1 formas de edici\u00f3n incluyendo impresi\u00f3n Riso y encuadernaci\u00f3n.<br \/>\n<\/td><\/tr><tr class='avia-heading-row'><th class=''>Temas<\/th><\/tr><tr class=''><td class=''>Tema I. El gui\u00f3n<br \/>\n1.1 Introducci\u00f3n a la escritura creativa para narrativa gr\u00e1fica<br \/>\n1.2 Desarrollo de sinopsis y adaptaci\u00f3n de texto a formato de c\u00f3mic<\/p>\n<p>Tema II. La maqueta<br \/>\n2.1 Planificaci\u00f3n visual: estructura de p\u00e1ginas y distribuci\u00f3n de cuadros<br \/>\n2.2 Principios del trazo y sintaxis narrativa del c\u00f3mic<br \/>\n2.3 T\u00e9cnicas de entintado: m\u00e9todos anal\u00f3gicos y digitales<\/p>\n<p>Tema III. La edici\u00f3n<br \/>\n3.1 Proceso editorial: compaginaci\u00f3n y preparaci\u00f3n para impresi\u00f3n<br \/>\n3.2 Introducci\u00f3n a la impresi\u00f3n Risograph (Riso): posibilidades est\u00e9ticas y t\u00e9cnicas<br \/>\n<\/td><\/tr><\/tbody><\/table><\/div><style type='text\/css'>.avia-table-3 td:nth-of-type(1):before { content: 'Descripci\u00f3n general'; } <\/style><br \/>\n<div style='padding-bottom:10px;font-size:30px;' class='av-special-heading av-special-heading-h3  blockquote modern-quote   av-inherit-size'><h3 class='av-special-heading-tag'  itemprop=\"headline\"  >Requisitos de inscripci\u00f3n<\/h3><div class='special-heading-border'><div class='special-heading-inner-border' ><\/div><\/div><\/div><br \/>\n<div class='avia-data-table-wrap avia_responsive_table'><table class='avia-table avia-data-table avia-table-4  avia_pricing_default'  itemscope=\"itemscope\" itemtype=\"https:\/\/schema.org\/Table\" ><tbody><tr class=''><td class=''>&#8211; Dirigido a j\u00f3venes y adultos en general con inter\u00e9s en c\u00f3mics.<\/td><\/tr><tr class=''><td class=''>&#8211; Si tienes inter\u00e9s deber\u00e1s llenar el formulario con los datos completos que se encuentra en esta p\u00e1gina.<br \/>\n&#8211; La lista de seleccionados se publicar\u00e1 en esta p\u00e1gina, tambi\u00e9n se les notificar\u00e1 v\u00eda correo electr\u00f3nico con los detalles de la actividad.<br \/>\n&#8211; Actividad gratuita.<br \/>\n&#8211; Los talleristas ser\u00e1n los responsables de realizar la selecci\u00f3n de alumnos bajo sus criterios.<br \/>\n<\/td><\/tr><\/tbody><\/table><\/div><style type='text\/css'><\/style><br \/>\n<div class='avia-data-table-wrap avia_responsive_table'><table class='avia-table avia-data-table avia-table-5  avia_pricing_default'  itemscope=\"itemscope\" itemtype=\"https:\/\/schema.org\/Table\" ><tbody><tr class='avia-heading-row'><th class=''>Material que se le solicitar\u00e1 al alumno(a)<\/th><\/tr><tr class=''><td class=''>&#8211; Cuaderno y l\u00e1piz para notas y bocetos (puede ser Tablet)<br \/>\n&#8211; Tinta china negra, plumillas y pincel (puede ser Tablet con stylus)<br \/>\n&#8211; Acceso a escaneo de im\u00e1genes fuera del taller<br \/>\n<\/td><\/tr><\/tbody><\/table><\/div><style type='text\/css'>.avia-table-5 td:nth-of-type(1):before { content: 'Material que se le solicitar\u00e1 al alumno(a)'; } <\/style><br \/>\n<div class='avia-data-table-wrap avia_responsive_table'><table class='avia-table avia-data-table avia-table-6  avia_pricing_default'  itemscope=\"itemscope\" itemtype=\"https:\/\/schema.org\/Table\" ><tbody><tr class='avia-heading-row'><th class=''>Criterios de selecci\u00f3n de alumnos<\/th><\/tr><tr class=''><td class=''>18 alumnos m\u00e1ximo, se seleccionar\u00e1n mediante carpeta de dibujos adaptables a una narrativa gr\u00e1fica.<\/td><\/tr><\/tbody><\/table><\/div><style type='text\/css'>.avia-table-6 td:nth-of-type(1):before { content: 'Criterios de selecci\u00f3n de alumnos'; } <\/style><br \/>\n<div class='avia-data-table-wrap avia_responsive_table'><table class='avia-table avia-data-table avia-table-7  avia_pricing_default'  itemscope=\"itemscope\" itemtype=\"https:\/\/schema.org\/Table\" ><tbody><tr class='avia-heading-row'><th class=''>Nota para los seleccionados<\/th><\/tr><tr class=''><td class=''>&#8211; Clases presenciales en (Usos m\u00faltiples) del CaSa<br \/>\n&#8211; Se dejar\u00e1n ejercicios espec\u00edficos a cada estudiante, es fundamental realizarlos para continuar con la siguiente clase.<br \/>\n&#8211; Tener el compromiso y el tiempo para llevar a cabo el taller, ya que las inasistencias injustificadas ser\u00e1n motivo de suspensi\u00f3n y no podr\u00e1 ingresar a talleres futuros.<br \/>\n&#8211; Durante el taller nos estaremos comunicando por medio de mensajes en un grupo de WhatsApp, por ser una herramienta m\u00e1s r\u00e1pida para poder tener una mejor comunicaci\u00f3n con lo que respecta al taller.<br \/>\n<\/td><\/tr><\/tbody><\/table><\/div><style type='text\/css'>.avia-table-7 td:nth-of-type(1):before { content: 'Nota para los seleccionados'; } <\/style><br \/>\n<div id='av-masonry-1' class='av-masonry noHover av-fixed-size av-large-gap av-hover-overlay-active av-masonry-col-flexible av-caption-always av-caption-style- av-masonry-gallery  '  ><div class='av-masonry-container isotope av-js-disabled ' ><div class='av-masonry-entry isotope-item av-masonry-item-no-image '><\/div><a href=\"https:\/\/casa.oaxaca.gob.mx\/wp-content\/uploads\/2025\/07\/Clase-TEE-1030x579.jpg\" id='av-masonry-1-item-16634' data-av-masonry-item='16634' class='av-masonry-entry isotope-item post-16634 attachment type-attachment status-inherit hentry  av-masonry-item-with-image' title=\"\"  itemprop=\"thumbnailUrl\" ><div class='av-inner-masonry-sizer'><\/div><figure class='av-inner-masonry main_color'><div class=\"av-masonry-outerimage-container\"><div class=\"av-masonry-image-container\" style=\"background-image: url(https:\/\/casa.oaxaca.gob.mx\/wp-content\/uploads\/2025\/07\/Clase-TEE-705x397.jpg);\"><img decoding=\"async\" src=\"https:\/\/casa.oaxaca.gob.mx\/wp-content\/uploads\/2025\/07\/Clase-TEE-705x397.jpg\" title=\"Clase TEE\" alt=\"\" \/><\/div><\/div><\/figure><\/a><!--end av-masonry entry--><a href=\"https:\/\/casa.oaxaca.gob.mx\/wp-content\/uploads\/2025\/07\/Libro-Edgard2.jpg\" id='av-masonry-1-item-16635' data-av-masonry-item='16635' class='av-masonry-entry isotope-item post-16635 attachment type-attachment status-inherit hentry  av-masonry-item-with-image' title=\"\"  itemprop=\"thumbnailUrl\" ><div class='av-inner-masonry-sizer'><\/div><figure class='av-inner-masonry main_color'><div class=\"av-masonry-outerimage-container\"><div class=\"av-masonry-image-container\" style=\"background-image: url(https:\/\/casa.oaxaca.gob.mx\/wp-content\/uploads\/2025\/07\/Libro-Edgard2-705x520.jpg);\"><img decoding=\"async\" src=\"https:\/\/casa.oaxaca.gob.mx\/wp-content\/uploads\/2025\/07\/Libro-Edgard2-705x520.jpg\" title=\"Libro Edgard2\" alt=\"\" \/><\/div><\/div><\/figure><\/a><!--end av-masonry entry--><a href=\"https:\/\/casa.oaxaca.gob.mx\/wp-content\/uploads\/2025\/07\/Libro-Edgard3.jpg\" id='av-masonry-1-item-16636' data-av-masonry-item='16636' class='av-masonry-entry isotope-item post-16636 attachment type-attachment status-inherit hentry  av-masonry-item-with-image' title=\"\"  itemprop=\"thumbnailUrl\" ><div class='av-inner-masonry-sizer'><\/div><figure class='av-inner-masonry main_color'><div class=\"av-masonry-outerimage-container\"><div class=\"av-masonry-image-container\" style=\"background-image: url(https:\/\/casa.oaxaca.gob.mx\/wp-content\/uploads\/2025\/07\/Libro-Edgard3-705x511.jpg);\"><img decoding=\"async\" src=\"https:\/\/casa.oaxaca.gob.mx\/wp-content\/uploads\/2025\/07\/Libro-Edgard3-705x511.jpg\" title=\"Libro Edgard3\" alt=\"\" \/><\/div><\/div><\/figure><\/a><!--end av-masonry entry--><a href=\"https:\/\/casa.oaxaca.gob.mx\/wp-content\/uploads\/2025\/07\/PrintsParvada-773x1030.jpg\" id='av-masonry-1-item-16637' data-av-masonry-item='16637' class='av-masonry-entry isotope-item post-16637 attachment type-attachment status-inherit hentry  av-masonry-item-with-image' title=\"\"  itemprop=\"thumbnailUrl\" ><div class='av-inner-masonry-sizer'><\/div><figure class='av-inner-masonry main_color'><div class=\"av-masonry-outerimage-container\"><div class=\"av-masonry-image-container\" style=\"background-image: url(https:\/\/casa.oaxaca.gob.mx\/wp-content\/uploads\/2025\/07\/PrintsParvada-529x705.jpg);\"><img decoding=\"async\" src=\"https:\/\/casa.oaxaca.gob.mx\/wp-content\/uploads\/2025\/07\/PrintsParvada-529x705.jpg\" title=\"PrintsParvada\" alt=\"\" \/><\/div><\/div><\/figure><\/a><!--end av-masonry entry--><\/div><\/div><\/p><\/div>\n","protected":false},"excerpt":{"rendered":"","protected":false},"author":1,"featured_media":16704,"comment_status":"open","ping_status":"open","sticky":false,"template":"","format":"standard","meta":{"_exactmetrics_skip_tracking":false,"_exactmetrics_sitenote_active":false,"_exactmetrics_sitenote_note":"","_exactmetrics_sitenote_category":0,"footnotes":""},"categories":[204],"tags":[],"class_list":["post-16633","post","type-post","status-publish","format-standard","has-post-thumbnail","hentry","category-204"],"_links":{"self":[{"href":"https:\/\/casa.oaxaca.gob.mx\/index.php?rest_route=\/wp\/v2\/posts\/16633","targetHints":{"allow":["GET"]}}],"collection":[{"href":"https:\/\/casa.oaxaca.gob.mx\/index.php?rest_route=\/wp\/v2\/posts"}],"about":[{"href":"https:\/\/casa.oaxaca.gob.mx\/index.php?rest_route=\/wp\/v2\/types\/post"}],"author":[{"embeddable":true,"href":"https:\/\/casa.oaxaca.gob.mx\/index.php?rest_route=\/wp\/v2\/users\/1"}],"replies":[{"embeddable":true,"href":"https:\/\/casa.oaxaca.gob.mx\/index.php?rest_route=%2Fwp%2Fv2%2Fcomments&post=16633"}],"version-history":[{"count":4,"href":"https:\/\/casa.oaxaca.gob.mx\/index.php?rest_route=\/wp\/v2\/posts\/16633\/revisions"}],"predecessor-version":[{"id":17170,"href":"https:\/\/casa.oaxaca.gob.mx\/index.php?rest_route=\/wp\/v2\/posts\/16633\/revisions\/17170"}],"wp:featuredmedia":[{"embeddable":true,"href":"https:\/\/casa.oaxaca.gob.mx\/index.php?rest_route=\/wp\/v2\/media\/16704"}],"wp:attachment":[{"href":"https:\/\/casa.oaxaca.gob.mx\/index.php?rest_route=%2Fwp%2Fv2%2Fmedia&parent=16633"}],"wp:term":[{"taxonomy":"category","embeddable":true,"href":"https:\/\/casa.oaxaca.gob.mx\/index.php?rest_route=%2Fwp%2Fv2%2Fcategories&post=16633"},{"taxonomy":"post_tag","embeddable":true,"href":"https:\/\/casa.oaxaca.gob.mx\/index.php?rest_route=%2Fwp%2Fv2%2Ftags&post=16633"}],"curies":[{"name":"wp","href":"https:\/\/api.w.org\/{rel}","templated":true}]}}