{"id":16640,"date":"2025-07-24T16:17:14","date_gmt":"2025-07-24T22:17:14","guid":{"rendered":"https:\/\/casa.oaxaca.gob.mx\/?p=16640"},"modified":"2026-01-22T13:50:02","modified_gmt":"2026-01-22T19:50:02","slug":"taller-presencial-iniciacion-a-los-estudios-del-comic-imparte-juan-pedro-delgado-perez","status":"publish","type":"post","link":"https:\/\/casa.oaxaca.gob.mx\/?p=16640","title":{"rendered":"Taller presencial. Iniciaci\u00f3n a los estudios del c\u00f3mic. Imparte: Juan Pedro Delgado P\u00e9rez."},"content":{"rendered":"<\/div><\/div><\/div><!-- close content main div --><\/div><\/div><div id='av_section_1' class='avia-section main_color avia-section-no-padding avia-no-border-styling avia-full-stretch av-parallax-section avia-bg-style-parallax  av-minimum-height av-minimum-height-75 container_wrap fullsize' style = 'background-color: #0a0a0a; ' data-section-bg-repeat='stretch' ><div class='av-parallax' data-avia-parallax-ratio='0.3' ><div class='av-parallax-inner main_color  avia-full-stretch' style = 'background-color: #0a0a0a; background-repeat: no-repeat; background-image: url(https:\/\/casa.oaxaca.gob.mx\/wp-content\/uploads\/2025\/08\/Iniciacion-a-los-estudios-del-comic_portada-scaled.jpg); background-attachment: scroll; background-position: bottom center; ' ><\/div><\/div><div class='container' ><div class='template-page content  av-content-full alpha units'><div class='post-entry post-entry-type-page post-entry-16640'><div class='entry-content-wrapper clearfix'>\n<div style='padding-bottom:10px;color:#ffffff;font-size:50px;' class='av-special-heading av-special-heading-h3 custom-color-heading blockquote modern-quote  av-inherit-size'><h3 class='av-special-heading-tag'  itemprop=\"headline\"  >Taller presencial. Iniciaci\u00f3n a los estudios del c\u00f3mic.<\/h3><div class ='av-subheading av-subheading_below av_custom_color' style='font-size:25px;'><p>Imparte: Juan Pedro Delgado P\u00e9rez<\/p>\n<\/div><div class='special-heading-border'><div class='special-heading-inner-border' style='border-color:#ffffff'><\/div><\/div><\/div>\n\n<\/div><\/div><\/div><!-- close content main div --><\/div><\/div><div id='av-layout-grid-1' class='av-layout-grid-container entry-content-wrapper main_color av-flex-cells  container_wrap fullsize'   >\n<div class=\"flex_cell no_margin av_one_full   \" style='vertical-align:top; padding:30px; background-color:#ED9600; '><div class='flex_cell_inner' ><p><div class=\"flex_column av_one_fourth  flex_column_div av-zero-column-padding first  \" style='border-radius:0px; '><div style='padding-bottom:10px;color:#ffffff;' class='av-special-heading av-special-heading-h3 custom-color-heading blockquote modern-quote '><h3 class='av-special-heading-tag'  itemprop=\"headline\"  >Cierre de inscripciones<\/h3><div class ='av-subheading av-subheading_below av_custom_color' style='font-size:20px;'><p>Domingo 17 de agosto de 2025<\/p>\n<p>Publicaci\u00f3n de resultados<br \/>\nMi\u00e9rcoles 20 de agosto de 2025<\/p>\n<\/div><div class='special-heading-border'><div class='special-heading-inner-border' style='border-color:#ffffff'><\/div><\/div><\/div><\/div><div class=\"flex_column av_one_fourth  flex_column_div av-zero-column-padding   \" style='border-radius:0px; '><div style='padding-bottom:10px;color:#ffffff;' class='av-special-heading av-special-heading-h3 custom-color-heading blockquote modern-quote '><h3 class='av-special-heading-tag'  itemprop=\"headline\"  >Fechas<\/h3><div class ='av-subheading av-subheading_below av_custom_color' style='font-size:20px;'><p>De lunes a viernes<br \/>\nDel 25 al 29 de agosto de 2025<\/p>\n<\/div><div class='special-heading-border'><div class='special-heading-inner-border' style='border-color:#ffffff'><\/div><\/div><\/div><\/div><div class=\"flex_column av_one_fourth  flex_column_div av-zero-column-padding   \" style='border-radius:0px; '><div style='padding-bottom:10px;color:#ffffff;' class='av-special-heading av-special-heading-h3 custom-color-heading blockquote modern-quote '><h3 class='av-special-heading-tag'  itemprop=\"headline\"  >Horario<\/h3><div class ='av-subheading av-subheading_below av_custom_color' style='font-size:20px;'><p>15 a 19 h<\/p>\n<\/div><div class='special-heading-border'><div class='special-heading-inner-border' style='border-color:#ffffff'><\/div><\/div><\/div><\/div><div class=\"flex_column av_one_fourth  flex_column_div av-zero-column-padding   \" style='border-radius:0px; '><section class=\"avia_codeblock_section avia_code_block_0\"  itemscope=\"itemscope\" itemtype=\"https:\/\/schema.org\/BlogPosting\" itemprop=\"blogPost\" ><div class='avia_codeblock '  itemprop=\"text\" > [avia_codeblock_placeholder uid=\"0\"] <\/div><\/section><\/div><\/p>\n<\/div><\/div>\n<\/div>\n<div class=\"flex_column av_two_fifth  flex_column_div av-zero-column-padding first  \" style='border-radius:0px; '><p><div class='av-social-sharing-box '><div class='av-share-box'><h5 class='av-share-link-description'>Compartir esta actividad<\/h5><ul class='av-share-box-list noLightbox'><li class='av-share-link av-social-link-facebook' ><a target='_blank' href='http:\/\/www.facebook.com\/sharer.php?u=https:\/\/casa.oaxaca.gob.mx\/?p=16640&amp;t=Taller%20presencial.%20Iniciaci%C3%B3n%20a%20los%20estudios%20del%20c%C3%B3mic.%20Imparte%3A%20Juan%20Pedro%20Delgado%20P%C3%A9rez.' aria-hidden='true' data-av_icon='\ue8f3' data-av_iconfont='entypo-fontello' title='' data-avia-related-tooltip='Share on Facebook'><span class='avia_hidden_link_text'>Share on Facebook<\/span><\/a><\/li><li class='av-share-link av-social-link-twitter' ><a target='_blank' href='https:\/\/twitter.com\/share?text=Taller%20presencial.%20Iniciaci%C3%B3n%20a%20los%20estudios%20del%20c%C3%B3mic.%20Imparte%3A%20Juan%20Pedro%20Delgado%20P%C3%A9rez.&url=https:\/\/casa.oaxaca.gob.mx\/?p=16640' aria-hidden='true' data-av_icon='\ue8f1' data-av_iconfont='entypo-fontello' title='' data-avia-related-tooltip='Share on Twitter'><span class='avia_hidden_link_text'>Share on Twitter<\/span><\/a><\/li><li class='av-share-link av-social-link-gplus' ><a target='_blank' href='https:\/\/plus.google.com\/share?url=https:\/\/casa.oaxaca.gob.mx\/?p=16640' aria-hidden='true' data-av_icon='\ue8f6' data-av_iconfont='entypo-fontello' title='' data-avia-related-tooltip='Share on Google+'><span class='avia_hidden_link_text'>Share on Google+<\/span><\/a><\/li><li class='av-share-link av-social-link-pinterest' ><a target='_blank' href='http:\/\/pinterest.com\/pin\/create\/button\/?url=https%3A%2F%2Fcasa.oaxaca.gob.mx%2F%3Fp%3D16640&amp;description=Taller%20presencial.%20Iniciaci%C3%B3n%20a%20los%20estudios%20del%20c%C3%B3mic.%20Imparte%3A%20Juan%20Pedro%20Delgado%20P%C3%A9rez.&amp;media=https%3A%2F%2Fcasa.oaxaca.gob.mx%2Fwp-content%2Fuploads%2F2025%2F08%2FIniciacion-a-los-estudios-del-comic_cerrada-705x484.jpg' aria-hidden='true' data-av_icon='\ue8f8' data-av_iconfont='entypo-fontello' title='' data-avia-related-tooltip='Share on Pinterest'><span class='avia_hidden_link_text'>Share on Pinterest<\/span><\/a><\/li><li class='av-share-link av-social-link-mail' ><a  href='mailto:?subject=Taller%20presencial.%20Iniciaci%C3%B3n%20a%20los%20estudios%20del%20c%C3%B3mic.%20Imparte%3A%20Juan%20Pedro%20Delgado%20P%C3%A9rez.&amp;body=https:\/\/casa.oaxaca.gob.mx\/?p=16640' aria-hidden='true' data-av_icon='\ue805' data-av_iconfont='entypo-fontello' title='' data-avia-related-tooltip='Share by Mail'><span class='avia_hidden_link_text'>Share by Mail<\/span><\/a><\/li><\/ul><\/div><\/div><br \/>\n<div  class='hr hr-default '><span class='hr-inner ' ><span class='hr-inner-style'><\/span><\/span><\/div><br \/>\n<div style='padding-bottom:10px;font-size:30px;' class='av-special-heading av-special-heading-h3  blockquote modern-quote   av-inherit-size'><h3 class='av-special-heading-tag'  itemprop=\"headline\"  >Sobre el tallerista<\/h3><div class='special-heading-border'><div class='special-heading-inner-border' ><\/div><\/div><\/div><br \/>\n<div class='avia-data-table-wrap avia_responsive_table'><table class='avia-table avia-data-table avia-table-1  avia_pricing_default'  itemscope=\"itemscope\" itemtype=\"https:\/\/schema.org\/Table\" ><tbody><tr class='avia-heading-row'><th class=''>Juan Pedro Delgado P\u00e9rez<\/th><\/tr><tr class=''><td class=''>Juan Pedro Delgado (M\u00e9xico, 1972) es licenciado en Letras y maestro en Comunicaci\u00f3n, con entrenamiento en pedagog\u00eda de la narrativa gr\u00e1fica, por la Ecole europ\u00e9enne sup\u00e9rieure de l&#8217;image, y experiencia en la implementaci\u00f3n de pr\u00e1cticas narrativas y semi\u00f3tica visual en programas de formaci\u00f3n para econom\u00edas creativas. Experto en gesti\u00f3n cr\u00edtica de la cultura y productor cultural. Ha coordinado proyectos para Guadalajara Ciudad Creativa Digital A.C., el Centro Internacional de Animaci\u00f3n Taller del Chucho y Tecnol\u00f3gico de Monterrey, entre otros. Catedr\u00e1tico en ITESO Universidad Jesuita de Guadalajara. Fundador y director de la Maestr\u00eda en Narrativa Gr\u00e1fica, la primera en Latinoam\u00e9rica.<br \/>\n<\/td><\/tr><\/tbody><\/table><\/div><style type='text\/css'>.avia-table-1 td:nth-of-type(1):before { content: 'Juan Pedro Delgado P\u00e9rez'; } <\/style><\/p><\/div>\n<div class=\"flex_column av_three_fifth  flex_column_div av-zero-column-padding   \" style='border-radius:0px; '><p><div style='padding-bottom:10px;font-size:30px;' class='av-special-heading av-special-heading-h3  blockquote modern-quote   av-inherit-size'><h3 class='av-special-heading-tag'  itemprop=\"headline\"  >Acerca del taller<\/h3><div class='special-heading-border'><div class='special-heading-inner-border' ><\/div><\/div><\/div><br \/>\n<div class='avia-data-table-wrap avia_responsive_table'><table class='avia-table avia-data-table avia-table-2  avia_pricing_default'  itemscope=\"itemscope\" itemtype=\"https:\/\/schema.org\/Table\" ><tbody><tr class=''><td class=''> Dirigido a personas con inter\u00e9s en profundizar su conocimiento sobre narrativa gr\u00e1fica, su valor en la cultura contempor\u00e1nea y su relaci\u00f3n con las artes visuales y audiovisuales. <\/td><\/tr><tr class=''><td class=''>Conoce la dimensionalidad est\u00e9tico-social del c\u00f3mic en la cultura contempor\u00e1nea.<br \/>\n<\/td><\/tr><\/tbody><\/table><\/div><style type='text\/css'><\/style><br \/>\n<div class='avia-data-table-wrap avia_responsive_table'><table class='avia-table avia-data-table avia-table-3  avia_pricing_default'  itemscope=\"itemscope\" itemtype=\"https:\/\/schema.org\/Table\" ><tbody><tr class='avia-heading-row'><th class=''>Descripci\u00f3n general<\/th><\/tr><tr class=''><td class=''>Desde los estudios visuales y la comunicaci\u00f3n, este curso intensivo interdisciplinar busca construir una base de di\u00e1logo para reflexionar sobre uno de los dispositivos culturales m\u00e1s extendidos en el mundo contempor\u00e1neo: la narrativa gr\u00e1fica en sus diferentes formas y soportes. Este acercamiento introductorio a los estudios del c\u00f3mic establece un recorrido revisionista desde cuatro aristas vitales: el repertorio expandido ic\u00f3nico-secuencial del medio, su capacidad para construir experiencias cinem\u00e1ticas y auditivas, su papel como recurso cultural para la memoria y la denuncia y su presencia emergente en la producci\u00f3n art\u00edstica y las pr\u00e1cticas museales. <\/td><\/tr><tr class='avia-heading-row'><th class=''>Objetivo general<\/th><\/tr><tr class=''><td class=''>Ponderar la relevancia de la narrativa gr\u00e1fica en las culturas contempor\u00e1neas, a trav\u00e9s de una revisi\u00f3n cr\u00edtica de sus materialidades t\u00e9cnico-expresivas y su valor como recurso ficcional para la imaginaci\u00f3n y el devenir social.<\/td><\/tr><tr class='avia-heading-row'><th class=''>Objetivos espec\u00edficos<\/th><\/tr><tr class=''><td class=''>&#8211; Reconocer el repertorio de recursos t\u00e9cnico-expresivos de la narrativa gr\u00e1fica, a partir de su conceptualizaci\u00f3n como puesta en superficie de un ensamble ic\u00f3nico-secuencial.<br \/>\n&#8211; Comprender los distintos procesos cinem\u00e1ticos de la narrativa gr\u00e1fica y su relaci\u00f3n con las artes visuales y audiovisuales.<br \/>\n&#8211; Explicar el proceso de valoraci\u00f3n de la narrativa gr\u00e1fica como noveno arte, estableciendo las bases de su apreciaci\u00f3n est\u00e9tica, susceptible de su incorporaci\u00f3n a los espacios museales y literarios.<br \/>\n&#8211; Establecer la valoraci\u00f3n contempor\u00e1nea de la narrativa gr\u00e1fica como un dispositivo socio hist\u00f3rico, mediante la exploraci\u00f3n de sus usos diversos, tanto en escenarios educativos y comunitarios, como en contextos de justicia, denuncia, reivindicaci\u00f3n y reconocimiento de las diferencias.<br \/>\n&#8211; Diferenciar los elementos posmodernos de la narrativa gr\u00e1fica contempor\u00e1nea, exponiendo un paralelismo con el desarrollo de la literatura, las artes visuales y la cinematograf\u00eda.<br \/>\n<\/td><\/tr><tr class='avia-heading-row'><th class=''>Temas<\/th><\/tr><tr class=''><td class=''>1. El c\u00f3mic como ensamble ic\u00f3nico secuencial.<br \/>\nLa g\u00e9nesis de un c\u00f3digo. Una historiograf\u00eda breve de la narrativa gr\u00e1fica en el siglo XIX.<br \/>\nLa narrativa gr\u00e1fica como un medio interdisciplinar y como campo de estudio.<br \/>\nHacia una definici\u00f3n de c\u00f3mic.<br \/>\nEntre dibujos, intersitios y comicemas.<br \/>\nEl c\u00f3mic como puesta en superficie, en ensamble y en sistema.<br \/>\nLa recursividad ic\u00f3nica secuencial y la representaci\u00f3n del tiempo espacio.<br \/>\nFiguraci\u00f3n y estilo gr\u00e1fico.<br \/>\nLa arquitectura gr\u00e1fica: p\u00e1gina, ret\u00edcula y vi\u00f1eta.<br \/>\nDise\u00f1o de ret\u00edculas: cualidades del ensamble de vi\u00f1etas en la composici\u00f3n de la p\u00e1gina.<br \/>\nInteracci\u00f3n p\u00e1gina-vi\u00f1eta.<br \/>\nSuperando el gutter: el desborde y la iconicidad solidaria.<br \/>\nVi\u00f1etas reactivas.<br \/>\nEnsamble indexal de vi\u00f1etas.<br \/>\nGlobos de di\u00e1logo y cuadros narrativos.<br \/>\nEnunciaci\u00f3n cin\u00e9sica.<br \/>\nSonido gr\u00e1fico.<br \/>\nEl grid habitacional.<br \/>\nComprensi\u00f3n y descompresi\u00f3n narrativa.<br \/>\nInteracci\u00f3n p\u00e1gina-vi\u00f1eta.<\/p>\n<p>2. El c\u00f3mic como fen\u00f3meno cinem\u00e1tico.<br \/>\nLa emulaci\u00f3n del movimiento en la pintura moderna.<br \/>\nEadweard Muybridge y la cronofotograf\u00eda.<br \/>\nLa cinem\u00e1tica entre la compresi\u00f3n y la descompresi\u00f3n narrativa.<br \/>\nEl movimiento gr\u00e1fico puesto en cuadro.<br \/>\nLas leyes de la f\u00edsica como spoiler.<br \/>\nL\u00edneas cin\u00e9ticas y efectos gr\u00e1ficos<br \/>\nCambios de escenarios y enlaces pl\u00e1sticos.<br \/>\nLas vi\u00f1etas solidarias en la emulaci\u00f3n de traslaciones.<br \/>\nEl lenguaje cinematogr\u00e1fico en el c\u00f3mic.<br \/>\nPlanos y \u00e1ngulos de c\u00e1mara.<br \/>\nLa emulaci\u00f3n del travelling \u00f3ptico y el travelling t\u00e9cnico.<br \/>\nLas vi\u00f1etas solidarias en la emulaci\u00f3n de traslaciones.<br \/>\n\u00bfEs posible un Dolly en el c\u00f3mic?<br \/>\nLa seudoaliteraci\u00f3n como recurso cinem\u00e1tico.<br \/>\nEl desplazamiento intermitente.<\/p>\n<p>3. El c\u00f3mic como materialidad est\u00e9tica.<br \/>\nEl c\u00f3mic como noveno arte. \u00bfQu\u00e9 tipo de materialidad art\u00edstica es?<br \/>\nEl desarrollo de la ilustraci\u00f3n editorial en el movimiento Arts and Crafts y el Art Nouveau.<br \/>\nEl humor editorial y la expansi\u00f3n de la caricatura europea del siglo XIX.<br \/>\nEl c\u00f3mic comercial y la exploraci\u00f3n gr\u00e1fica en Estados Unidos.<br \/>\n\u00bfLos creadores de c\u00f3mics son artistas?<br \/>\n\u00bfHay un dem\u00e9rito en ser un artista gr\u00e1fico de editoriales maistream?<br \/>\n\u00bfQui\u00e9n merece el nombre de \u201cartista secuencial\u201d?<br \/>\n\u00bfSon los libros de artista narrativa gr\u00e1fica?<br \/>\nFormas de valoraci\u00f3n contempor\u00e1nea de la narrativa gr\u00e1fica<br \/>\nEl c\u00f3mic como objeto hist\u00f3rico.<br \/>\nEl c\u00f3mic como objeto socioest\u00e9tico.<br \/>\nEl c\u00f3mic como objeto est\u00e9tico-perform\u00e1tico.<br \/>\nEl c\u00f3mic como objeto preliminar de la industria.<br \/>\nEl c\u00f3mic como objeto transmedial<br \/>\nQuiet Comics &amp; Graphic Poetry<\/p>\n<p>4. El c\u00f3mic como dispositivo social.<br \/>\nLa rentabilidad pol\u00edtica de los c\u00f3mics.<br \/>\nLas narrativas heroicas en la construcci\u00f3n de la identidad nacionalista.<br \/>\nLa intertextualidad en los c\u00f3mics como reforzamiento del imaginario.<br \/>\nEl c\u00f3mic mainstream es woke.<br \/>\nLas met\u00e1foras sociales en el c\u00f3mic.<br \/>\nFicci\u00f3n dominante, visibilidad y exclusi\u00f3n.<br \/>\nLa visualidad en los c\u00f3mics siempre importa.<br \/>\nSexualizaci\u00f3n, la pose imposible y el traje funcional: acoplamientos y presiones.<br \/>\nBury yours Gays (BYG), Dead Lesbian Syndrom (DLS) y Women in Refrigerators.<br \/>\nRepresentaciones de diversidad e inclusi\u00f3n.<br \/>\nRepresentaci\u00f3n LGBTIQ y personajes racializados.<br \/>\nRepresentaci\u00f3n del cuerpo diferente y la discapacidad.<br \/>\n\u00bfImporta qui\u00e9n cuenta la historia?<br \/>\nExplorar lo social desde la ficci\u00f3n.<br \/>\n\u00bfPuede explorarse el trauma como una alegor\u00eda gr\u00e1fica extendida?<br \/>\nExplorar lo social como una posibilidad de lo real.<br \/>\nEl c\u00f3mic periodismo y el c\u00f3mic ensayo.<br \/>\nEl c\u00f3mic como divulgador de la ciencia. Serious Comics &amp; Medical Comics.<br \/>\nEl c\u00f3mic hist\u00f3rico y biogr\u00e1fico.<br \/>\nEl c\u00f3mic de la memoria, la autoficci\u00f3n y la autobiograf\u00eda.<\/p>\n<p>5. El c\u00f3mic como expresividad posmoderna.<br \/>\nLo posmoderno frente a lo cl\u00e1sico y la modernidad.<br \/>\nCaracter\u00edsticas de la narraci\u00f3n posmoderna: simultaneidad, itinerancia, incertidumbre e indeterminaci\u00f3n.<br \/>\nHibridaciones gen\u00e9ricas y estil\u00edsticas.<br \/>\nAlteraciones del tiempo narrativo<br \/>\nAlteraciones en las estructuras dram\u00e1ticas.<br \/>\nRecursos metanarrativos y pantallas dentro de vi\u00f1etas.<br \/>\nMetalepsis gr\u00e1ficas: la reconstrucci\u00f3n de la memoria.<br \/>\nCruce de mundos ontol\u00f3gicos.<br \/>\nAutoconciencia del proceso de producci\u00f3n.<br \/>\nTranstextualidades.<br \/>\nTeleartolog\u00eda y serialidad.<br \/>\n<\/td><\/tr><\/tbody><\/table><\/div><style type='text\/css'>.avia-table-3 td:nth-of-type(1):before { content: 'Descripci\u00f3n general'; } <\/style><br \/>\n<div style='padding-bottom:10px;font-size:30px;' class='av-special-heading av-special-heading-h3  blockquote modern-quote   av-inherit-size'><h3 class='av-special-heading-tag'  itemprop=\"headline\"  >Requisitos de inscripci\u00f3n<\/h3><div class='special-heading-border'><div class='special-heading-inner-border' ><\/div><\/div><\/div><br \/>\n<div class='avia-data-table-wrap avia_responsive_table'><table class='avia-table avia-data-table avia-table-4  avia_pricing_default'  itemscope=\"itemscope\" itemtype=\"https:\/\/schema.org\/Table\" ><tbody><tr class=''><td class=''>&#8211; Dirigido a personas con inter\u00e9s en profundizar su conocimiento sobre narrativa gr\u00e1fica, su valor en la cultura contempor\u00e1nea y su relaci\u00f3n con las artes visuales y audiovisuales. <\/td><\/tr><tr class=''><td class=''>&#8211; Si tienes inter\u00e9s deber\u00e1s llenar el formulario con los datos completos que se encuentra en esta p\u00e1gina.<br \/>\n&#8211; La lista de seleccionados se publicar\u00e1 en esta p\u00e1gina, tambi\u00e9n se les notificar\u00e1 v\u00eda correo electr\u00f3nico con los detalles de la actividad.<br \/>\n&#8211; Actividad gratuita.<br \/>\n&#8211; Los talleristas ser\u00e1n los responsables de realizar la selecci\u00f3n de alumnos bajo sus criterios.<br \/>\n<\/td><\/tr><\/tbody><\/table><\/div><style type='text\/css'><\/style><br \/>\n<div class='avia-data-table-wrap avia_responsive_table'><table class='avia-table avia-data-table avia-table-5  avia_pricing_default'  itemscope=\"itemscope\" itemtype=\"https:\/\/schema.org\/Table\" ><tbody><tr class='avia-heading-row'><th class=''>Material que se le solicitar\u00e1 al alumno(a)<\/th><\/tr><tr class=''><td class=''>&#8211; Libreta de notas, pluma o l\u00e1piz<\/td><\/tr><\/tbody><\/table><\/div><style type='text\/css'>.avia-table-5 td:nth-of-type(1):before { content: 'Material que se le solicitar\u00e1 al alumno(a)'; } <\/style><br \/>\n<div class='avia-data-table-wrap avia_responsive_table'><table class='avia-table avia-data-table avia-table-6  avia_pricing_default'  itemscope=\"itemscope\" itemtype=\"https:\/\/schema.org\/Table\" ><tbody><tr class='avia-heading-row'><th class=''>Criterios de selecci\u00f3n de alumnos<\/th><\/tr><tr class=''><td class=''>Aunque el curso est\u00e1 abierto a toda aquella persona mayor de edad con gusto por la lectura de c\u00f3mics, en cualquier formato y g\u00e9nero, se le dar\u00e1 prioridad a profesorado o alumnado en el campo de las artes visuales y cinematogr\u00e1ficas, con inter\u00e9s en ampliar su conocimiento en semi\u00f3tica de la imagen y cultura visual. <\/td><\/tr><\/tbody><\/table><\/div><style type='text\/css'>.avia-table-6 td:nth-of-type(1):before { content: 'Criterios de selecci\u00f3n de alumnos'; } <\/style><br \/>\n<div class='avia-data-table-wrap avia_responsive_table'><table class='avia-table avia-data-table avia-table-7  avia_pricing_default'  itemscope=\"itemscope\" itemtype=\"https:\/\/schema.org\/Table\" ><tbody><tr class='avia-heading-row'><th class=''>Nota para los seleccionados<\/th><\/tr><tr class=''><td class=''>&#8211; Clases presenciales en (Usos m\u00faltiples) del CaSa<br \/>\n&#8211; Se dejar\u00e1n ejercicios espec\u00edficos a cada estudiante, es fundamental realizarlos para continuar con la siguiente clase.<br \/>\n&#8211; Tener el compromiso y el tiempo para llevar a cabo el taller, ya que las inasistencias injustificadas ser\u00e1n motivo de suspensi\u00f3n y no podr\u00e1 ingresar a talleres futuros.<br \/>\n&#8211; Durante el taller nos estaremos comunicando por medio de mensajes en un grupo de WhatsApp, por ser una herramienta m\u00e1s r\u00e1pida para poder tener una mejor comunicaci\u00f3n con lo que respecta al taller.<br \/>\n<\/td><\/tr><\/tbody><\/table><\/div><style type='text\/css'>.avia-table-7 td:nth-of-type(1):before { content: 'Nota para los seleccionados'; } <\/style><br \/>\n<div id='av-masonry-1' class='av-masonry noHover av-fixed-size av-large-gap av-hover-overlay-active av-masonry-col-flexible av-caption-always av-caption-style- av-masonry-gallery  '  ><div class='av-masonry-container isotope av-js-disabled ' ><div class='av-masonry-entry isotope-item av-masonry-item-no-image '><\/div><a href=\"https:\/\/casa.oaxaca.gob.mx\/wp-content\/uploads\/2025\/07\/Imagen1-1030x1030.jpg\" id='av-masonry-1-item-16641' data-av-masonry-item='16641' class='av-masonry-entry isotope-item post-16641 attachment type-attachment status-inherit hentry  av-masonry-item-with-image' title=\"\"  itemprop=\"thumbnailUrl\" ><div class='av-inner-masonry-sizer'><\/div><figure class='av-inner-masonry main_color'><div class=\"av-masonry-outerimage-container\"><div class=\"av-masonry-image-container\" style=\"background-image: url(https:\/\/casa.oaxaca.gob.mx\/wp-content\/uploads\/2025\/07\/Imagen1-705x705.jpg);\"><img decoding=\"async\" src=\"https:\/\/casa.oaxaca.gob.mx\/wp-content\/uploads\/2025\/07\/Imagen1-705x705.jpg\" title=\"Imagen1\" alt=\"\" \/><\/div><\/div><\/figure><\/a><!--end av-masonry entry--><a href=\"https:\/\/casa.oaxaca.gob.mx\/wp-content\/uploads\/2025\/07\/Imagen2-1030x1030.jpg\" id='av-masonry-1-item-16642' data-av-masonry-item='16642' class='av-masonry-entry isotope-item post-16642 attachment type-attachment status-inherit hentry  av-masonry-item-with-image' title=\"\"  itemprop=\"thumbnailUrl\" ><div class='av-inner-masonry-sizer'><\/div><figure class='av-inner-masonry main_color'><div class=\"av-masonry-outerimage-container\"><div class=\"av-masonry-image-container\" style=\"background-image: url(https:\/\/casa.oaxaca.gob.mx\/wp-content\/uploads\/2025\/07\/Imagen2-705x705.jpg);\"><img decoding=\"async\" src=\"https:\/\/casa.oaxaca.gob.mx\/wp-content\/uploads\/2025\/07\/Imagen2-705x705.jpg\" title=\"Imagen2\" alt=\"\" \/><\/div><\/div><\/figure><\/a><!--end av-masonry entry--><a href=\"https:\/\/casa.oaxaca.gob.mx\/wp-content\/uploads\/2025\/07\/Imagen3.png\" id='av-masonry-1-item-16643' data-av-masonry-item='16643' class='av-masonry-entry isotope-item post-16643 attachment type-attachment status-inherit hentry  av-masonry-item-with-image' title=\"\"  itemprop=\"thumbnailUrl\" ><div class='av-inner-masonry-sizer'><\/div><figure class='av-inner-masonry main_color'><div class=\"av-masonry-outerimage-container\"><div class=\"av-masonry-image-container\" style=\"background-image: url(https:\/\/casa.oaxaca.gob.mx\/wp-content\/uploads\/2025\/07\/Imagen3-705x410.png);\"><img decoding=\"async\" src=\"https:\/\/casa.oaxaca.gob.mx\/wp-content\/uploads\/2025\/07\/Imagen3-705x410.png\" title=\"Imagen3\" alt=\"\" \/><\/div><\/div><\/figure><\/a><!--end av-masonry entry--><a href=\"https:\/\/casa.oaxaca.gob.mx\/wp-content\/uploads\/2025\/07\/Imagen4.png\" id='av-masonry-1-item-16644' data-av-masonry-item='16644' class='av-masonry-entry isotope-item post-16644 attachment type-attachment status-inherit hentry  av-masonry-item-with-image' title=\"\"  itemprop=\"thumbnailUrl\" ><div class='av-inner-masonry-sizer'><\/div><figure class='av-inner-masonry main_color'><div class=\"av-masonry-outerimage-container\"><div class=\"av-masonry-image-container\" style=\"background-image: url(https:\/\/casa.oaxaca.gob.mx\/wp-content\/uploads\/2025\/07\/Imagen4-705x379.png);\"><img decoding=\"async\" src=\"https:\/\/casa.oaxaca.gob.mx\/wp-content\/uploads\/2025\/07\/Imagen4-705x379.png\" title=\"Imagen4\" alt=\"\" \/><\/div><\/div><\/figure><\/a><!--end av-masonry entry--><a href=\"https:\/\/casa.oaxaca.gob.mx\/wp-content\/uploads\/2025\/07\/Imagen5.png\" id='av-masonry-1-item-16645' data-av-masonry-item='16645' class='av-masonry-entry isotope-item post-16645 attachment type-attachment status-inherit hentry  av-masonry-item-with-image' title=\"\"  itemprop=\"thumbnailUrl\" ><div class='av-inner-masonry-sizer'><\/div><figure class='av-inner-masonry main_color'><div class=\"av-masonry-outerimage-container\"><div class=\"av-masonry-image-container\" style=\"background-image: url(https:\/\/casa.oaxaca.gob.mx\/wp-content\/uploads\/2025\/07\/Imagen5-705x404.png);\"><img decoding=\"async\" src=\"https:\/\/casa.oaxaca.gob.mx\/wp-content\/uploads\/2025\/07\/Imagen5-705x404.png\" title=\"Imagen5\" alt=\"\" \/><\/div><\/div><\/figure><\/a><!--end av-masonry entry--><\/div><\/div><\/p><\/div>\n","protected":false},"excerpt":{"rendered":"","protected":false},"author":1,"featured_media":16692,"comment_status":"open","ping_status":"open","sticky":false,"template":"","format":"standard","meta":{"_exactmetrics_skip_tracking":false,"_exactmetrics_sitenote_active":false,"_exactmetrics_sitenote_note":"","_exactmetrics_sitenote_category":0,"footnotes":""},"categories":[204],"tags":[],"class_list":["post-16640","post","type-post","status-publish","format-standard","has-post-thumbnail","hentry","category-204"],"_links":{"self":[{"href":"https:\/\/casa.oaxaca.gob.mx\/index.php?rest_route=\/wp\/v2\/posts\/16640","targetHints":{"allow":["GET"]}}],"collection":[{"href":"https:\/\/casa.oaxaca.gob.mx\/index.php?rest_route=\/wp\/v2\/posts"}],"about":[{"href":"https:\/\/casa.oaxaca.gob.mx\/index.php?rest_route=\/wp\/v2\/types\/post"}],"author":[{"embeddable":true,"href":"https:\/\/casa.oaxaca.gob.mx\/index.php?rest_route=\/wp\/v2\/users\/1"}],"replies":[{"embeddable":true,"href":"https:\/\/casa.oaxaca.gob.mx\/index.php?rest_route=%2Fwp%2Fv2%2Fcomments&post=16640"}],"version-history":[{"count":3,"href":"https:\/\/casa.oaxaca.gob.mx\/index.php?rest_route=\/wp\/v2\/posts\/16640\/revisions"}],"predecessor-version":[{"id":17447,"href":"https:\/\/casa.oaxaca.gob.mx\/index.php?rest_route=\/wp\/v2\/posts\/16640\/revisions\/17447"}],"wp:featuredmedia":[{"embeddable":true,"href":"https:\/\/casa.oaxaca.gob.mx\/index.php?rest_route=\/wp\/v2\/media\/16692"}],"wp:attachment":[{"href":"https:\/\/casa.oaxaca.gob.mx\/index.php?rest_route=%2Fwp%2Fv2%2Fmedia&parent=16640"}],"wp:term":[{"taxonomy":"category","embeddable":true,"href":"https:\/\/casa.oaxaca.gob.mx\/index.php?rest_route=%2Fwp%2Fv2%2Fcategories&post=16640"},{"taxonomy":"post_tag","embeddable":true,"href":"https:\/\/casa.oaxaca.gob.mx\/index.php?rest_route=%2Fwp%2Fv2%2Ftags&post=16640"}],"curies":[{"name":"wp","href":"https:\/\/api.w.org\/{rel}","templated":true}]}}