{"id":16649,"date":"2025-07-24T16:23:50","date_gmt":"2025-07-24T22:23:50","guid":{"rendered":"https:\/\/casa.oaxaca.gob.mx\/?p=16649"},"modified":"2026-01-22T13:50:02","modified_gmt":"2026-01-22T19:50:02","slug":"taller-presencial-pedagogias-dancisticas-libres-de-violencia-imparte-claudia-casillas-alcantara","status":"publish","type":"post","link":"https:\/\/casa.oaxaca.gob.mx\/?p=16649","title":{"rendered":"Taller presencial. Pedagog\u00edas danc\u00edsticas libres de violencia. Imparte: Claudia Casillas Alc\u00e1ntara."},"content":{"rendered":"<\/div><\/div><\/div><!-- close content main div --><\/div><\/div><div id='av_section_1' class='avia-section main_color avia-section-no-padding avia-no-border-styling avia-full-stretch av-parallax-section avia-bg-style-parallax  av-minimum-height av-minimum-height-75 container_wrap fullsize' style = 'background-color: #0a0a0a; ' data-section-bg-repeat='stretch' ><div class='av-parallax' data-avia-parallax-ratio='0.3' ><div class='av-parallax-inner main_color  avia-full-stretch' style = 'background-color: #0a0a0a; background-repeat: no-repeat; background-image: url(https:\/\/casa.oaxaca.gob.mx\/wp-content\/uploads\/2025\/08\/Pedagogias-dancisticas-libres-de-violencia_portada-scaled.jpg); background-attachment: scroll; background-position: bottom center; ' ><\/div><\/div><div class='container' ><div class='template-page content  av-content-full alpha units'><div class='post-entry post-entry-type-page post-entry-16649'><div class='entry-content-wrapper clearfix'>\n<div style='padding-bottom:10px;color:#ffffff;font-size:50px;' class='av-special-heading av-special-heading-h3 custom-color-heading blockquote modern-quote  av-inherit-size'><h3 class='av-special-heading-tag'  itemprop=\"headline\"  >Taller presencial. Pedagog\u00edas danc\u00edsticas libres de violencia.<\/h3><div class ='av-subheading av-subheading_below av_custom_color' style='font-size:25px;'><p>Imparte: Claudia Casillas Alc\u00e1ntara.<\/p>\n<\/div><div class='special-heading-border'><div class='special-heading-inner-border' style='border-color:#ffffff'><\/div><\/div><\/div>\n\n<\/div><\/div><\/div><!-- close content main div --><\/div><\/div><div id='av-layout-grid-1' class='av-layout-grid-container entry-content-wrapper main_color av-flex-cells  container_wrap fullsize'   >\n<div class=\"flex_cell no_margin av_one_full   \" style='vertical-align:top; padding:30px; background-color:#ED9600; '><div class='flex_cell_inner' ><p><div class=\"flex_column av_one_fourth  flex_column_div av-zero-column-padding first  \" style='border-radius:0px; '><div style='padding-bottom:10px;color:#ffffff;' class='av-special-heading av-special-heading-h3 custom-color-heading blockquote modern-quote '><h3 class='av-special-heading-tag'  itemprop=\"headline\"  >Cierre de inscripciones<\/h3><div class ='av-subheading av-subheading_below av_custom_color' style='font-size:20px;'><p>Domingo 17 de agosto de 2025<\/p>\n<p>Publicaci\u00f3n de resultados<br \/>\nMi\u00e9rcoles 20 de agosto de 2025<\/p>\n<\/div><div class='special-heading-border'><div class='special-heading-inner-border' style='border-color:#ffffff'><\/div><\/div><\/div><\/div><div class=\"flex_column av_one_fourth  flex_column_div av-zero-column-padding   \" style='border-radius:0px; '><div style='padding-bottom:10px;color:#ffffff;' class='av-special-heading av-special-heading-h3 custom-color-heading blockquote modern-quote  '><h3 class='av-special-heading-tag'  itemprop=\"headline\"  >Fechas<\/h3><div class ='av-subheading av-subheading_below av_custom_color' style='font-size:20px;'><p>De lunes a viernes<br \/>\nDel 25 al 29 de agosto de 2025<\/p>\n<\/div><div class='special-heading-border'><div class='special-heading-inner-border' style='border-color:#ffffff'><\/div><\/div><\/div><\/div><div class=\"flex_column av_one_fourth  flex_column_div av-zero-column-padding   \" style='border-radius:0px; '><div style='padding-bottom:10px;color:#ffffff;' class='av-special-heading av-special-heading-h3 custom-color-heading blockquote modern-quote '><h3 class='av-special-heading-tag'  itemprop=\"headline\"  >Horario<\/h3><div class ='av-subheading av-subheading_below av_custom_color' style='font-size:20px;'><p>10 a 14 h<\/p>\n<\/div><div class='special-heading-border'><div class='special-heading-inner-border' style='border-color:#ffffff'><\/div><\/div><\/div><\/div><div class=\"flex_column av_one_fourth  flex_column_div av-zero-column-padding   \" style='border-radius:0px; '><section class=\"avia_codeblock_section avia_code_block_0\"  itemscope=\"itemscope\" itemtype=\"https:\/\/schema.org\/BlogPosting\" itemprop=\"blogPost\" ><div class='avia_codeblock '  itemprop=\"text\" > [avia_codeblock_placeholder uid=\"0\"] <\/div><\/section><\/div><\/p>\n<\/div><\/div>\n<\/div>\n<div class=\"flex_column av_two_fifth  flex_column_div av-zero-column-padding first  \" style='border-radius:0px; '><p><div class='av-social-sharing-box '><div class='av-share-box'><h5 class='av-share-link-description'>Compartir esta actividad<\/h5><ul class='av-share-box-list noLightbox'><li class='av-share-link av-social-link-facebook' ><a target='_blank' href='http:\/\/www.facebook.com\/sharer.php?u=https:\/\/casa.oaxaca.gob.mx\/?p=16649&amp;t=Taller%20presencial.%20Pedagog%C3%ADas%20danc%C3%ADsticas%20libres%20de%20violencia.%20Imparte%3A%20Claudia%20Casillas%20Alc%C3%A1ntara.' aria-hidden='true' data-av_icon='\ue8f3' data-av_iconfont='entypo-fontello' title='' data-avia-related-tooltip='Share on Facebook'><span class='avia_hidden_link_text'>Share on Facebook<\/span><\/a><\/li><li class='av-share-link av-social-link-twitter' ><a target='_blank' href='https:\/\/twitter.com\/share?text=Taller%20presencial.%20Pedagog%C3%ADas%20danc%C3%ADsticas%20libres%20de%20violencia.%20Imparte%3A%20Claudia%20Casillas%20Alc%C3%A1ntara.&url=https:\/\/casa.oaxaca.gob.mx\/?p=16649' aria-hidden='true' data-av_icon='\ue8f1' data-av_iconfont='entypo-fontello' title='' data-avia-related-tooltip='Share on Twitter'><span class='avia_hidden_link_text'>Share on Twitter<\/span><\/a><\/li><li class='av-share-link av-social-link-gplus' ><a target='_blank' href='https:\/\/plus.google.com\/share?url=https:\/\/casa.oaxaca.gob.mx\/?p=16649' aria-hidden='true' data-av_icon='\ue8f6' data-av_iconfont='entypo-fontello' title='' data-avia-related-tooltip='Share on Google+'><span class='avia_hidden_link_text'>Share on Google+<\/span><\/a><\/li><li class='av-share-link av-social-link-pinterest' ><a target='_blank' href='http:\/\/pinterest.com\/pin\/create\/button\/?url=https%3A%2F%2Fcasa.oaxaca.gob.mx%2F%3Fp%3D16649&amp;description=Taller%20presencial.%20Pedagog%C3%ADas%20danc%C3%ADsticas%20libres%20de%20violencia.%20Imparte%3A%20Claudia%20Casillas%20Alc%C3%A1ntara.&amp;media=https%3A%2F%2Fcasa.oaxaca.gob.mx%2Fwp-content%2Fuploads%2F2025%2F08%2FPedagogias-dancisticas-libres-de-violencia_cerrada-705x484.jpg' aria-hidden='true' data-av_icon='\ue8f8' data-av_iconfont='entypo-fontello' title='' data-avia-related-tooltip='Share on Pinterest'><span class='avia_hidden_link_text'>Share on Pinterest<\/span><\/a><\/li><li class='av-share-link av-social-link-mail' ><a  href='mailto:?subject=Taller%20presencial.%20Pedagog%C3%ADas%20danc%C3%ADsticas%20libres%20de%20violencia.%20Imparte%3A%20Claudia%20Casillas%20Alc%C3%A1ntara.&amp;body=https:\/\/casa.oaxaca.gob.mx\/?p=16649' aria-hidden='true' data-av_icon='\ue805' data-av_iconfont='entypo-fontello' title='' data-avia-related-tooltip='Share by Mail'><span class='avia_hidden_link_text'>Share by Mail<\/span><\/a><\/li><\/ul><\/div><\/div><br \/>\n<div  class='hr hr-default '><span class='hr-inner ' ><span class='hr-inner-style'><\/span><\/span><\/div><br \/>\n<div style='padding-bottom:10px;font-size:30px;' class='av-special-heading av-special-heading-h3  blockquote modern-quote  av-inherit-size'><h3 class='av-special-heading-tag'  itemprop=\"headline\"  >Sobre la tallerista<\/h3><div class='special-heading-border'><div class='special-heading-inner-border' ><\/div><\/div><\/div><br \/>\n<div class='avia-data-table-wrap avia_responsive_table'><table class='avia-table avia-data-table avia-table-1  avia_pricing_default'  itemscope=\"itemscope\" itemtype=\"https:\/\/schema.org\/Table\" ><tbody><tr class='avia-heading-row'><th class=''>Claudia Casillas Alc\u00e1ntara<\/th><\/tr><tr class=''><td class=''>Neuroeducadora danc\u00edstica socioemocional. Mexicana.<br \/>\nLicenciada en \u201cDocencia de las artes\u201d por el INBAL, graduada con Menci\u00f3n honor\u00edfica; \u201cMaster en Educaci\u00f3n emocional y Neurociencias aplicadas\u201d por la Fundaci\u00f3n Liderazgo Chile. Egresada del Centro de Investigaci\u00f3n Coreogr\u00e1fica INBAL. Desde hace m\u00e1s de 30 a\u00f1os docente danc\u00edstica, coordinadora acad\u00e9mica, bailarina, core\u00f3grafa, productora y coordinadora de eventos danc\u00edsticos. Ha participado en el dise\u00f1o, implementaci\u00f3n y asesoramiento de diversos planes y programas de estudio a cargo de la SEP y el INBAL. Actualmente docente del CEDART Frida Kahlo. Ganadora del segundo lugar del \u201cPremio al desempe\u00f1o acad\u00e9mico en docencia\u201d Centros de Educaci\u00f3n Art\u00edstica 2024. INBAL.<br \/>\n<\/td><\/tr><\/tbody><\/table><\/div><style type='text\/css'>.avia-table-1 td:nth-of-type(1):before { content: 'Claudia Casillas Alc\u00e1ntara'; } <\/style><\/p><\/div>\n<div class=\"flex_column av_three_fifth  flex_column_div av-zero-column-padding   \" style='border-radius:0px; '><p><div style='padding-bottom:10px;font-size:30px;' class='av-special-heading av-special-heading-h3  blockquote modern-quote   av-inherit-size'><h3 class='av-special-heading-tag'  itemprop=\"headline\"  >Acerca del taller<\/h3><div class='special-heading-border'><div class='special-heading-inner-border' ><\/div><\/div><\/div><br \/>\n<div class='avia-data-table-wrap avia_responsive_table'><table class='avia-table avia-data-table avia-table-2  avia_pricing_default'  itemscope=\"itemscope\" itemtype=\"https:\/\/schema.org\/Table\" ><tbody><tr class=''><td class=''>&#8211; Dirigido a personas Docentes de danza de cualquier g\u00e9nero o estilo danc\u00edstico<\/td><\/tr><tr class=''><td class=''>Conoce herramientas metodol\u00f3gicas para una formaci\u00f3n danc\u00edstica respetuosa e incluyente.<\/td><\/tr><\/tbody><\/table><\/div><style type='text\/css'><\/style><br \/>\n<div class='avia-data-table-wrap avia_responsive_table'><table class='avia-table avia-data-table avia-table-3  avia_pricing_default'  itemscope=\"itemscope\" itemtype=\"https:\/\/schema.org\/Table\" ><tbody><tr class='avia-heading-row'><th class=''>Descripci\u00f3n general<\/th><\/tr><tr class=''><td class=''>Taller te\u00f3rico-pr\u00e1ctico que promueve que el profesorado de danza de cualquier g\u00e9nero o estilo danc\u00edstico, conozca y proponga, a partir de la vivencia, exploraci\u00f3n y reflexi\u00f3n; metodolog\u00edas de formaci\u00f3n danc\u00edstica que desarrollan conjuntamente habilidades danc\u00edsticas y socioemocionales. Propiciando la creaci\u00f3n consciente y colectiva de espacios \u00e1ulicos respetuosos, seguros e incluyentes; tomando como punto de partida la gesti\u00f3n de los propios estados afectivos, fomentando la motivaci\u00f3n y empat\u00eda, as\u00ed como el trabajo colaborativo. Espacios de formaci\u00f3n danc\u00edstica donde la diversidad de expresiones y de cuerpos enriquezcan la experiencia \u00e1ulica en lugar de segregar las diferencias.<\/td><\/tr><tr class='avia-heading-row'><th class=''>Objetivo general<\/th><\/tr><tr class=''><td class=''>Abordar pedagog\u00edas danc\u00edsticas que permitan una formaci\u00f3n respetuosa, segura e incluyente, propiciando espacios de aprendizaje libres de violencia.<br \/>\n<\/td><\/tr><tr class='avia-heading-row'><th class=''>Objetivos espec\u00edficos<\/th><\/tr><tr class=''><td class=''>&#8211; Reflexionar sobre la importancia de la creaci\u00f3n de espacios de formaci\u00f3n danc\u00edstica libres de violencia<br \/>\n&#8211; Analizar y valorar el rol del docente en el ejercicio de pedagog\u00edas respetuosas, seguras e incluyentes.<br \/>\n&#8211; Vivenciar y reflexionar sobre la importancia de la consciencia, validaci\u00f3n, regulaci\u00f3n y expresi\u00f3n de los propios estados afectivos para la creaci\u00f3n colectiva de espacios de formaci\u00f3n danc\u00edstica seguros f\u00edsica y emocionalmente.<br \/>\n&#8211; Explorar herramientas metodol\u00f3gicas que permitan el desarrollo conjunto de habilidades danc\u00edsticas y socioemocionales.<br \/>\n<\/td><\/tr><tr class='avia-heading-row'><th class=''>Temas<\/th><\/tr><tr class=''><td class=''>La pertinencia de pedagog\u00edas danc\u00edsticas libres de violencia<br \/>\nLa pr\u00e1ctica danc\u00edstica y los beneficios neurol\u00f3gicos, emocionales y f\u00edsicos en la formaci\u00f3n integral de la persona<br \/>\nTipos de formaci\u00f3n danc\u00edstica: formal, no formal e informal<br \/>\nLa violencia psicol\u00f3gica y f\u00edsica en la formaci\u00f3n danc\u00edstica<br \/>\nLa importancia de tejer v\u00ednculos respetuosos e incluyentes en la formaci\u00f3n danc\u00edstica<br \/>\nEl papel del docente en la construcci\u00f3n de pedagog\u00edas libres de violencia<\/p>\n<p>Herramientas para el desarrollo de la consciencia, validaci\u00f3n y regulaci\u00f3n de los propios estados afectivos<br \/>\nInterocepci\u00f3n y su relaci\u00f3n con las emociones, sentimientos y estados afectivos<br \/>\nPropiocepci\u00f3n y su relaci\u00f3n con estados afectivos<br \/>\nExterocepci\u00f3n<br \/>\nDisponiendo el cuerpo, mente y emociones en modo aprendizaje.<\/p>\n<p>Desarrollo conjunto y transversal de habilidades danc\u00edsticas y socioemocionales<br \/>\nAutocuidado corporal y emocional<br \/>\nMec\u00e1nica del movimiento corporal con \u00e9nfasis en la experiencia m\u00e1s all\u00e1 del logro f\u00edsico<br \/>\nLa modelaci\u00f3n y explicaci\u00f3n del movimiento<br \/>\nUso de las correcciones f\u00edsicas y expresivas<br \/>\nLa pertinencia del contacto f\u00edsico como veh\u00edculo de informaci\u00f3n<\/p>\n<p>Herramientas para la expresi\u00f3n y gesti\u00f3n de los propios estados afectivos durante el desarrollo de habilidades danc\u00edsticas<br \/>\nEl espacio esc\u00e9nico<br \/>\nLa musicalidad<br \/>\nLa consciencia emocional y el movimiento corporal desde lo intrapersonal<br \/>\nSensaci\u00f3n, emoci\u00f3n, movimiento corporal y espacialidad desde las relaciones interpersonales<\/p>\n<p>Formando espacios \u00e1ulicos emp\u00e1ticos, respetuosos e incluyentes<br \/>\nExploraci\u00f3n personal para la construcci\u00f3n de propuestas metodol\u00f3gicas en la formaci\u00f3n danc\u00edstica<br \/>\nIntercambio grupal de hallazgos y apuntes metodol\u00f3gicos<br \/>\nLa importancia de fomentar la reflexi\u00f3n y expresi\u00f3n de la experiencia en el espacio \u00e1ulico.<br \/>\nLa evaluaci\u00f3n en nuevas propuestas de formaci\u00f3n danc\u00edstica libres de violencia.<br \/>\n<\/td><\/tr><\/tbody><\/table><\/div><style type='text\/css'>.avia-table-3 td:nth-of-type(1):before { content: 'Descripci\u00f3n general'; } <\/style><br \/>\n<div style='padding-bottom:10px;font-size:30px;' class='av-special-heading av-special-heading-h3  blockquote modern-quote   av-inherit-size'><h3 class='av-special-heading-tag'  itemprop=\"headline\"  >Requisitos de inscripci\u00f3n<\/h3><div class='special-heading-border'><div class='special-heading-inner-border' ><\/div><\/div><\/div><br \/>\n<div class='avia-data-table-wrap avia_responsive_table'><table class='avia-table avia-data-table avia-table-4  avia_pricing_default'  itemscope=\"itemscope\" itemtype=\"https:\/\/schema.org\/Table\" ><tbody><tr class=''><td class=''>&#8211; Dirigido a personas Docentes de danza de cualquier g\u00e9nero o estilo danc\u00edstico<\/td><\/tr><tr class=''><td class=''>&#8211; Si tienes inter\u00e9s deber\u00e1s llenar el formulario con los datos completos que se encuentra en esta p\u00e1gina.<br \/>\n&#8211; La lista de seleccionados se publicar\u00e1 en esta p\u00e1gina, tambi\u00e9n se les notificar\u00e1 v\u00eda correo electr\u00f3nico con los detalles de la actividad.<br \/>\n&#8211; Actividad gratuita.<br \/>\n&#8211; Los talleristas ser\u00e1n los responsables de realizar la selecci\u00f3n de alumnos bajo sus criterios.<br \/>\n<\/td><\/tr><\/tbody><\/table><\/div><style type='text\/css'><\/style><br \/>\n<div class='avia-data-table-wrap avia_responsive_table'><table class='avia-table avia-data-table avia-table-5  avia_pricing_default'  itemscope=\"itemscope\" itemtype=\"https:\/\/schema.org\/Table\" ><tbody><tr class='avia-heading-row'><th class=''>Material que se le solicitar\u00e1 al alumno(a)<\/th><\/tr><tr class=''><td class=''>&#8211; Ropa de trabajo c\u00f3moda que permita el libre movimiento corporal,<br \/>\n&#8211; Pies descalzos,<br \/>\n&#8211; Cuaderno, libreta u hojas de papel de su preferencia, para realizar sus propias anotaciones. Se sugiere no realizarlas en dispositivos electr\u00f3nicos,<br \/>\n&#8211; Plumas, l\u00e1pices, colores que le permitan expresar ideas y propuestas metodol\u00f3gicas danc\u00edsticas.<br \/>\n<\/td><\/tr><\/tbody><\/table><\/div><style type='text\/css'>.avia-table-5 td:nth-of-type(1):before { content: 'Material que se le solicitar\u00e1 al alumno(a)'; } <\/style><br \/>\n<div class='avia-data-table-wrap avia_responsive_table'><table class='avia-table avia-data-table avia-table-6  avia_pricing_default'  itemscope=\"itemscope\" itemtype=\"https:\/\/schema.org\/Table\" ><tbody><tr class='avia-heading-row'><th class=''>Criterios de selecci\u00f3n de alumnos<\/th><\/tr><tr class=''><td class=''>&#8211; Docentes de danza, cualquier g\u00e9nero o estilo,<br \/>\n&#8211; M\u00ednimo 1 a\u00f1o de experiencia docente en espacios formales o informales,<br \/>\n&#8211; Con inter\u00e9s en crear espacios de formaci\u00f3n danc\u00edstica incluyentes y seguros f\u00edsica y emocionalmente,<br \/>\n&#8211; Deber\u00e1n entregar carta de motivos, m\u00e1ximo una cuartilla de extensi\u00f3n,<br \/>\n&#8211; Cupo m\u00e1ximo de 20 personas,<br \/>\n&#8211; Se solicita carta de motivos de m\u00e1ximo una cuartilla<\/td><\/tr><\/tbody><\/table><\/div><style type='text\/css'>.avia-table-6 td:nth-of-type(1):before { content: 'Criterios de selecci\u00f3n de alumnos'; } <\/style><br \/>\n<div class='avia-data-table-wrap avia_responsive_table'><table class='avia-table avia-data-table avia-table-7  avia_pricing_default'  itemscope=\"itemscope\" itemtype=\"https:\/\/schema.org\/Table\" ><tbody><tr class='avia-heading-row'><th class=''>Nota para los seleccionados<\/th><\/tr><tr class=''><td class=''>&#8211; Clases presenciales en la duela destinada a la ense\u00f1anza de danza contempor\u00e1nea del CaSa<br \/>\n&#8211; Se dejar\u00e1n ejercicios espec\u00edficos a cada estudiante, es fundamental realizarlos para continuar con la siguiente clase.<br \/>\n&#8211; Tener el compromiso y el tiempo para llevar a cabo el taller, ya que las inasistencias injustificadas ser\u00e1n motivo de suspensi\u00f3n y no podr\u00e1 ingresar a talleres futuros.<br \/>\n&#8211; Durante el taller nos estaremos comunicando por medio de mensajes en un grupo de WhatsApp, por ser una herramienta m\u00e1s r\u00e1pida para poder tener una mejor comunicaci\u00f3n con lo que respecta al taller.<br \/>\n<\/td><\/tr><\/tbody><\/table><\/div><style type='text\/css'>.avia-table-7 td:nth-of-type(1):before { content: 'Nota para los seleccionados'; } <\/style><br \/>\n<div id='av-masonry-1' class='av-masonry noHover av-fixed-size av-large-gap av-hover-overlay-active av-masonry-col-flexible av-caption-always av-caption-style- av-masonry-gallery  '  ><div class='av-masonry-container isotope av-js-disabled ' ><div class='av-masonry-entry isotope-item av-masonry-item-no-image '><\/div><a href=\"https:\/\/casa.oaxaca.gob.mx\/wp-content\/uploads\/2025\/07\/Imagen-1-1030x773.jpeg\" id='av-masonry-1-item-16650' data-av-masonry-item='16650' class='av-masonry-entry isotope-item post-16650 attachment type-attachment status-inherit hentry  av-masonry-item-with-image' title=\"\"  itemprop=\"thumbnailUrl\" ><div class='av-inner-masonry-sizer'><\/div><figure class='av-inner-masonry main_color'><div class=\"av-masonry-outerimage-container\"><div class=\"av-masonry-image-container\" style=\"background-image: url(https:\/\/casa.oaxaca.gob.mx\/wp-content\/uploads\/2025\/07\/Imagen-1-705x529.jpeg);\"><img decoding=\"async\" src=\"https:\/\/casa.oaxaca.gob.mx\/wp-content\/uploads\/2025\/07\/Imagen-1-705x529.jpeg\" title=\"Imagen 1\" alt=\"\" \/><\/div><\/div><\/figure><\/a><!--end av-masonry entry--><a href=\"https:\/\/casa.oaxaca.gob.mx\/wp-content\/uploads\/2025\/07\/imagen-2-773x1030.jpeg\" id='av-masonry-1-item-16651' data-av-masonry-item='16651' class='av-masonry-entry isotope-item post-16651 attachment type-attachment status-inherit hentry  av-masonry-item-with-image' title=\"\"  itemprop=\"thumbnailUrl\" ><div class='av-inner-masonry-sizer'><\/div><figure class='av-inner-masonry main_color'><div class=\"av-masonry-outerimage-container\"><div class=\"av-masonry-image-container\" style=\"background-image: url(https:\/\/casa.oaxaca.gob.mx\/wp-content\/uploads\/2025\/07\/imagen-2-529x705.jpeg);\"><img decoding=\"async\" src=\"https:\/\/casa.oaxaca.gob.mx\/wp-content\/uploads\/2025\/07\/imagen-2-529x705.jpeg\" title=\"imagen 2\" alt=\"\" \/><\/div><\/div><\/figure><\/a><!--end av-masonry entry--><a href=\"https:\/\/casa.oaxaca.gob.mx\/wp-content\/uploads\/2025\/07\/Imagen-3-1030x773.jpeg\" id='av-masonry-1-item-16652' data-av-masonry-item='16652' class='av-masonry-entry isotope-item post-16652 attachment type-attachment status-inherit hentry  av-masonry-item-with-image' title=\"\"  itemprop=\"thumbnailUrl\" ><div class='av-inner-masonry-sizer'><\/div><figure class='av-inner-masonry main_color'><div class=\"av-masonry-outerimage-container\"><div class=\"av-masonry-image-container\" style=\"background-image: url(https:\/\/casa.oaxaca.gob.mx\/wp-content\/uploads\/2025\/07\/Imagen-3-705x529.jpeg);\"><img decoding=\"async\" src=\"https:\/\/casa.oaxaca.gob.mx\/wp-content\/uploads\/2025\/07\/Imagen-3-705x529.jpeg\" title=\"Imagen 3\" alt=\"\" \/><\/div><\/div><\/figure><\/a><!--end av-masonry entry--><a href=\"https:\/\/casa.oaxaca.gob.mx\/wp-content\/uploads\/2025\/07\/imagen-4-1030x773.jpeg\" id='av-masonry-1-item-16653' data-av-masonry-item='16653' class='av-masonry-entry isotope-item post-16653 attachment type-attachment status-inherit hentry  av-masonry-item-with-image' title=\"\"  itemprop=\"thumbnailUrl\" ><div class='av-inner-masonry-sizer'><\/div><figure class='av-inner-masonry main_color'><div class=\"av-masonry-outerimage-container\"><div class=\"av-masonry-image-container\" style=\"background-image: url(https:\/\/casa.oaxaca.gob.mx\/wp-content\/uploads\/2025\/07\/imagen-4-705x529.jpeg);\"><img decoding=\"async\" src=\"https:\/\/casa.oaxaca.gob.mx\/wp-content\/uploads\/2025\/07\/imagen-4-705x529.jpeg\" title=\"imagen 4\" alt=\"\" \/><\/div><\/div><\/figure><\/a><!--end av-masonry entry--><a href=\"https:\/\/casa.oaxaca.gob.mx\/wp-content\/uploads\/2025\/07\/imagen-5-1030x773.jpeg\" id='av-masonry-1-item-16654' data-av-masonry-item='16654' class='av-masonry-entry isotope-item post-16654 attachment type-attachment status-inherit hentry  av-masonry-item-with-image' title=\"\"  itemprop=\"thumbnailUrl\" ><div class='av-inner-masonry-sizer'><\/div><figure class='av-inner-masonry main_color'><div class=\"av-masonry-outerimage-container\"><div class=\"av-masonry-image-container\" style=\"background-image: url(https:\/\/casa.oaxaca.gob.mx\/wp-content\/uploads\/2025\/07\/imagen-5-705x529.jpeg);\"><img decoding=\"async\" src=\"https:\/\/casa.oaxaca.gob.mx\/wp-content\/uploads\/2025\/07\/imagen-5-705x529.jpeg\" title=\"imagen 5\" alt=\"\" \/><\/div><\/div><\/figure><\/a><!--end av-masonry entry--><\/div><\/div><\/p><\/div>\n","protected":false},"excerpt":{"rendered":"","protected":false},"author":1,"featured_media":16695,"comment_status":"open","ping_status":"open","sticky":false,"template":"","format":"standard","meta":{"_exactmetrics_skip_tracking":false,"_exactmetrics_sitenote_active":false,"_exactmetrics_sitenote_note":"","_exactmetrics_sitenote_category":0,"footnotes":""},"categories":[204],"tags":[],"class_list":["post-16649","post","type-post","status-publish","format-standard","has-post-thumbnail","hentry","category-204"],"_links":{"self":[{"href":"https:\/\/casa.oaxaca.gob.mx\/index.php?rest_route=\/wp\/v2\/posts\/16649","targetHints":{"allow":["GET"]}}],"collection":[{"href":"https:\/\/casa.oaxaca.gob.mx\/index.php?rest_route=\/wp\/v2\/posts"}],"about":[{"href":"https:\/\/casa.oaxaca.gob.mx\/index.php?rest_route=\/wp\/v2\/types\/post"}],"author":[{"embeddable":true,"href":"https:\/\/casa.oaxaca.gob.mx\/index.php?rest_route=\/wp\/v2\/users\/1"}],"replies":[{"embeddable":true,"href":"https:\/\/casa.oaxaca.gob.mx\/index.php?rest_route=%2Fwp%2Fv2%2Fcomments&post=16649"}],"version-history":[{"count":3,"href":"https:\/\/casa.oaxaca.gob.mx\/index.php?rest_route=\/wp\/v2\/posts\/16649\/revisions"}],"predecessor-version":[{"id":17448,"href":"https:\/\/casa.oaxaca.gob.mx\/index.php?rest_route=\/wp\/v2\/posts\/16649\/revisions\/17448"}],"wp:featuredmedia":[{"embeddable":true,"href":"https:\/\/casa.oaxaca.gob.mx\/index.php?rest_route=\/wp\/v2\/media\/16695"}],"wp:attachment":[{"href":"https:\/\/casa.oaxaca.gob.mx\/index.php?rest_route=%2Fwp%2Fv2%2Fmedia&parent=16649"}],"wp:term":[{"taxonomy":"category","embeddable":true,"href":"https:\/\/casa.oaxaca.gob.mx\/index.php?rest_route=%2Fwp%2Fv2%2Fcategories&post=16649"},{"taxonomy":"post_tag","embeddable":true,"href":"https:\/\/casa.oaxaca.gob.mx\/index.php?rest_route=%2Fwp%2Fv2%2Ftags&post=16649"}],"curies":[{"name":"wp","href":"https:\/\/api.w.org\/{rel}","templated":true}]}}