{"id":16657,"date":"2025-07-24T16:29:50","date_gmt":"2025-07-24T22:29:50","guid":{"rendered":"https:\/\/casa.oaxaca.gob.mx\/?p=16657"},"modified":"2026-01-22T13:50:02","modified_gmt":"2026-01-22T19:50:02","slug":"taller-presencial-revitalizacion-de-la-lengua-mazateca-imparte-eugenio-juan-ramirez","status":"publish","type":"post","link":"https:\/\/casa.oaxaca.gob.mx\/?p=16657","title":{"rendered":"Taller presencial. Revitalizaci\u00f3n de la lengua mazateca. Imparte: Eugenio Juan Ram\u00edrez."},"content":{"rendered":"<\/div><\/div><\/div><!-- close content main div --><\/div><\/div><div id='av_section_1' class='avia-section main_color avia-section-no-padding avia-no-border-styling avia-full-stretch av-parallax-section avia-bg-style-parallax  av-minimum-height av-minimum-height-75 container_wrap fullsize'  data-section-bg-repeat='stretch' ><div class='av-parallax' data-avia-parallax-ratio='0.3' ><div class='av-parallax-inner main_color  avia-full-stretch' style = 'background-repeat: no-repeat; background-image: url(https:\/\/casa.oaxaca.gob.mx\/wp-content\/uploads\/2025\/07\/RevitalizaciondelaLenguaMazateca_portada-scaled.jpg); background-attachment: scroll; background-position: bottom center; ' ><\/div><\/div><div class='container' ><div class='template-page content  av-content-full alpha units'><div class='post-entry post-entry-type-page post-entry-16657'><div class='entry-content-wrapper clearfix'>\n<div style='padding-bottom:10px;color:#ffffff;font-size:50px;' class='av-special-heading av-special-heading-h3 custom-color-heading blockquote modern-quote  av-inherit-size'><h3 class='av-special-heading-tag'  itemprop=\"headline\"  >Taller presencial. Revitalizaci\u00f3n de la lengua mazateca<\/h3><div class ='av-subheading av-subheading_below av_custom_color' style='font-size:25px;'><p>Imparte: Eugenio Juan Ram\u00edrez.<\/p>\n<p>Sede: Palacio municipal de Jalapa de D\u00edaz, Oaxaca.<\/p>\n<\/div><div class='special-heading-border'><div class='special-heading-inner-border' style='border-color:#ffffff'><\/div><\/div><\/div>\n\n<\/div><\/div><\/div><!-- close content main div --><\/div><\/div><div id='av-layout-grid-1' class='av-layout-grid-container entry-content-wrapper main_color av-flex-cells  container_wrap fullsize'   >\n<div class=\"flex_cell no_margin av_one_full   \" style='vertical-align:top; padding:30px; background-color:#ED9600; '><div class='flex_cell_inner' ><p><div class=\"flex_column av_one_fourth  flex_column_div av-zero-column-padding first  \" style='border-radius:0px; '><div style='padding-bottom:10px;color:#ffffff;' class='av-special-heading av-special-heading-h3 custom-color-heading blockquote modern-quote  '><h3 class='av-special-heading-tag'  itemprop=\"headline\"  >Cierre de inscripciones<\/h3><div class ='av-subheading av-subheading_below av_custom_color' style='font-size:20px;'><p>Domingo 17 de agosto de 2025<\/p>\n<p>Publicaci\u00f3n de resultados<br \/>\nMi\u00e9rcoles 20 de agosto de 2025<\/p>\n<\/div><div class='special-heading-border'><div class='special-heading-inner-border' style='border-color:#ffffff'><\/div><\/div><\/div><\/div><div class=\"flex_column av_one_fourth  flex_column_div av-zero-column-padding   \" style='border-radius:0px; '><div style='padding-bottom:10px;color:#ffffff;' class='av-special-heading av-special-heading-h3 custom-color-heading blockquote modern-quote  '><h3 class='av-special-heading-tag'  itemprop=\"headline\"  >Fechas<\/h3><div class ='av-subheading av-subheading_below av_custom_color' style='font-size:20px;'><p>De lunes a viernes<br \/>\nDel 25 al 29 de agosto de 2025<\/p>\n<\/div><div class='special-heading-border'><div class='special-heading-inner-border' style='border-color:#ffffff'><\/div><\/div><\/div><\/div><div class=\"flex_column av_one_fourth  flex_column_div av-zero-column-padding   \" style='border-radius:0px; '><div style='padding-bottom:10px;color:#ffffff;' class='av-special-heading av-special-heading-h3 custom-color-heading blockquote modern-quote '><h3 class='av-special-heading-tag'  itemprop=\"headline\"  >Horario<\/h3><div class ='av-subheading av-subheading_below av_custom_color' style='font-size:20px;'><p>15 a 19 h<\/p>\n<\/div><div class='special-heading-border'><div class='special-heading-inner-border' style='border-color:#ffffff'><\/div><\/div><\/div><\/div><div class=\"flex_column av_one_fourth  flex_column_div av-zero-column-padding   \" style='border-radius:0px; '><section class=\"avia_codeblock_section avia_code_block_0\"  itemscope=\"itemscope\" itemtype=\"https:\/\/schema.org\/BlogPosting\" itemprop=\"blogPost\" ><div class='avia_codeblock '  itemprop=\"text\" > [avia_codeblock_placeholder uid=\"0\"] <\/div><\/section><\/div><\/p>\n<\/div><\/div>\n<\/div>\n<div class=\"flex_column av_two_fifth  flex_column_div av-zero-column-padding first  \" style='border-radius:0px; '><p><div class='av-social-sharing-box '><div class='av-share-box'><h5 class='av-share-link-description'>Compartir esta actividad<\/h5><ul class='av-share-box-list noLightbox'><li class='av-share-link av-social-link-facebook' ><a target='_blank' href='http:\/\/www.facebook.com\/sharer.php?u=https:\/\/casa.oaxaca.gob.mx\/?p=16657&amp;t=Taller%20presencial.%20Revitalizaci%C3%B3n%20de%20la%20lengua%20mazateca.%20Imparte%3A%20Eugenio%20Juan%20Ram%C3%ADrez.' aria-hidden='true' data-av_icon='\ue8f3' data-av_iconfont='entypo-fontello' title='' data-avia-related-tooltip='Share on Facebook'><span class='avia_hidden_link_text'>Share on Facebook<\/span><\/a><\/li><li class='av-share-link av-social-link-twitter' ><a target='_blank' href='https:\/\/twitter.com\/share?text=Taller%20presencial.%20Revitalizaci%C3%B3n%20de%20la%20lengua%20mazateca.%20Imparte%3A%20Eugenio%20Juan%20Ram%C3%ADrez.&url=https:\/\/casa.oaxaca.gob.mx\/?p=16657' aria-hidden='true' data-av_icon='\ue8f1' data-av_iconfont='entypo-fontello' title='' data-avia-related-tooltip='Share on Twitter'><span class='avia_hidden_link_text'>Share on Twitter<\/span><\/a><\/li><li class='av-share-link av-social-link-gplus' ><a target='_blank' href='https:\/\/plus.google.com\/share?url=https:\/\/casa.oaxaca.gob.mx\/?p=16657' aria-hidden='true' data-av_icon='\ue8f6' data-av_iconfont='entypo-fontello' title='' data-avia-related-tooltip='Share on Google+'><span class='avia_hidden_link_text'>Share on Google+<\/span><\/a><\/li><li class='av-share-link av-social-link-pinterest' ><a target='_blank' href='http:\/\/pinterest.com\/pin\/create\/button\/?url=https%3A%2F%2Fcasa.oaxaca.gob.mx%2F%3Fp%3D16657&amp;description=Taller%20presencial.%20Revitalizaci%C3%B3n%20de%20la%20lengua%20mazateca.%20Imparte%3A%20Eugenio%20Juan%20Ram%C3%ADrez.&amp;media=https%3A%2F%2Fcasa.oaxaca.gob.mx%2Fwp-content%2Fuploads%2F2025%2F07%2FRevitalizaciondelaLenguaMazateca_cerrada-705x484.jpg' aria-hidden='true' data-av_icon='\ue8f8' data-av_iconfont='entypo-fontello' title='' data-avia-related-tooltip='Share on Pinterest'><span class='avia_hidden_link_text'>Share on Pinterest<\/span><\/a><\/li><li class='av-share-link av-social-link-mail' ><a  href='mailto:?subject=Taller%20presencial.%20Revitalizaci%C3%B3n%20de%20la%20lengua%20mazateca.%20Imparte%3A%20Eugenio%20Juan%20Ram%C3%ADrez.&amp;body=https:\/\/casa.oaxaca.gob.mx\/?p=16657' aria-hidden='true' data-av_icon='\ue805' data-av_iconfont='entypo-fontello' title='' data-avia-related-tooltip='Share by Mail'><span class='avia_hidden_link_text'>Share by Mail<\/span><\/a><\/li><\/ul><\/div><\/div><br \/>\n<div  class='hr hr-default '><span class='hr-inner ' ><span class='hr-inner-style'><\/span><\/span><\/div><br \/>\n<div style='padding-bottom:10px;font-size:30px;' class='av-special-heading av-special-heading-h3  blockquote modern-quote  av-inherit-size'><h3 class='av-special-heading-tag'  itemprop=\"headline\"  >Sobre el tallerista<\/h3><div class='special-heading-border'><div class='special-heading-inner-border' ><\/div><\/div><\/div><br \/>\n<div class='avia-data-table-wrap avia_responsive_table'><table class='avia-table avia-data-table avia-table-1  avia_pricing_default'  itemscope=\"itemscope\" itemtype=\"https:\/\/schema.org\/Table\" ><tbody><tr class='avia-heading-row'><th class=''>Eugenio Juan Ram\u00edrez<\/th><\/tr><tr class=''><td class=''>Licenciado en Educaci\u00f3n con especializaci\u00f3n en el medio ind\u00edgena, Eugenio ha dedicado su carrera a la promoci\u00f3n y preservaci\u00f3n de la lengua y cultura mazateca. Fue asesor del Curso de Inducci\u00f3n a la Docencia TID en 2008 y coautor de la norma de escritura del mazateco, adem\u00e1s de miembro fundador del Consejo de Planificaci\u00f3n Ling\u00fc\u00edstica del Mazateco.<\/p>\n<p>Su labor incluye la asesor\u00eda en talleres de lengua ind\u00edgena dirigidos a j\u00f3venes del CONAFE, y ha sido un impulsor destacado de la traducci\u00f3n del Himno Nacional al mazateco de Jalapa de D\u00edaz. Reconocido tambi\u00e9n como poeta, fue galardonado con el Premio CASA 2024 en poes\u00eda, reflejando su compromiso con la expresi\u00f3n cultural y literaria de su comunidad.<br \/>\n<\/td><\/tr><\/tbody><\/table><\/div><style type='text\/css'>.avia-table-1 td:nth-of-type(1):before { content: 'Eugenio Juan Ram\u00edrez'; } <\/style><\/p><\/div>\n<div class=\"flex_column av_three_fifth  flex_column_div av-zero-column-padding   \" style='border-radius:0px; '><p><div style='padding-bottom:10px;font-size:30px;' class='av-special-heading av-special-heading-h3  blockquote modern-quote   av-inherit-size'><h3 class='av-special-heading-tag'  itemprop=\"headline\"  >Acerca del taller<\/h3><div class='special-heading-border'><div class='special-heading-inner-border' ><\/div><\/div><\/div><br \/>\n<div class='avia-data-table-wrap avia_responsive_table'><table class='avia-table avia-data-table avia-table-2  avia_pricing_default'  itemscope=\"itemscope\" itemtype=\"https:\/\/schema.org\/Table\" ><tbody><tr class=''><td class=''>LISTA DE SELECCIONADOS<\/td><\/tr><tr class=''><td class=''>Cristian Samuel Rivera Figueroa<br \/>\nBlanca Roci\u00f3 Mendoza Pereda<br \/>\nHortencia Cuevas Aniceto<br \/>\nSabino Hilario Joaqu\u00edn<br \/>\nDanilo Hip\u00f3lito Casimiro<br \/>\nBraulio Severiano Velasco<br \/>\nOscar Jossimar Pereda J\u00e1come<br \/>\nAlberto Francisco Cortez<br \/>\nLilia Guti\u00e9rrez S\u00e1nchez<br \/>\nLeonardo de Jes\u00fas Calixto Feliciano<br \/>\nMar\u00eda Elena Uriarte Melchor<br \/>\nIram Cueto Mart\u00ednez<br \/>\nSergio Canela Morelos<\/td><\/tr><\/tbody><\/table><\/div><style type='text\/css'><\/style><br \/>\n<div class='avia-data-table-wrap avia_responsive_table'><table class='avia-table avia-data-table avia-table-3  avia_pricing_default'  itemscope=\"itemscope\" itemtype=\"https:\/\/schema.org\/Table\" ><tbody><tr class='avia-heading-row'><th class=''>Descripci\u00f3n general<\/th><\/tr><tr class=''><td class=''>Este taller est\u00e1 dise\u00f1ado para conocer y familiarizarse con la norma de escritura del mazateco de Jalapa de D\u00edaz, a partir de la interacci\u00f3n directa con la lengua originaria en sus formas oral y escrita. A lo largo de diferentes sesiones, se explorar\u00e1n los antecedentes hist\u00f3ricos y el sustento jur\u00eddico que legitiman la escritura del mazateco, as\u00ed como el alfabeto y las graf\u00edas espec\u00edficas que lo conforman.<\/p>\n<p>Se trabajar\u00e1 en el an\u00e1lisis de los tonos caracter\u00edsticos del mazateco alto, medio y bajo, practicando con vocales y palabras completas para respetar su correcta pronunciaci\u00f3n y escritura tonal. Adem\u00e1s, se abordar\u00e1n campos sem\u00e1nticos cercanos a la vida cotidiana, como la familia y las expresiones de cortes\u00eda, incluyendo cantos cortos, fomentando una aproximaci\u00f3n vivencial y cultural.<\/p>\n<p>El taller busca revitalizar la lengua mazateca us\u00e1ndola en contextos cotidianos, reafirmando que nuestra lengua tiene el mismo valor que el espa\u00f1ol y cuenta con un s\u00f3lido sustento jur\u00eddico. Finalmente, se enfatiza la transmisi\u00f3n de nuestra lengua y, con ella, toda la cosmovisi\u00f3n que sustenta nuestra identidad cultural.<br \/>\n<\/td><\/tr><tr class='avia-heading-row'><th class=''>Objetivo general<\/th><\/tr><tr class=''><td class=''>Conocer y familiarizarse con la norma de escritura del mazateco de Jalapa de D\u00edaz, a partir de la interacci\u00f3n directa con la lengua originaria en sus formas oral y escrita.<br \/>\n<\/td><\/tr><tr class='avia-heading-row'><th class=''>Objetivos espec\u00edficos<\/th><\/tr><tr class=''><td class=''>&#8211; Conocer la norma de escritura del mazateco de Jalapa de D\u00edaz a partir de interactuar con la lengua originaria en forma oral y escrita.<br \/>\n&#8211; Revitalizar la lengua mazateca us\u00e1ndola en contextos cercanos.<br \/>\n&#8211; Conocer que nuestra lengua tiene el mismo valor que el espa\u00f1ol y que tiene sustento jur\u00eddico.<br \/>\n&#8211; Transmitir nuestra lengua y con ello toda la cosmovisi\u00f3n que tenemos.<br \/>\n<\/td><\/tr><tr class='avia-heading-row'><th class=''>Temas<\/th><\/tr><tr class=''><td class=''>I.- Norma de escritura del mazateco<br \/>\n1.1.- Antecedente de la escritura del mazateco<br \/>\n1.2.- Sustento jur\u00eddico<br \/>\n1.3.- Graf\u00edas<br \/>\nII.- Alfabeto del mazateco de Jalapa de D\u00edaz<br \/>\n2.1.- An\u00e1lisis de las graf\u00edas del alfabeto<br \/>\n2.2.- Observaci\u00f3n de las graf\u00edas en palabras mazatecas<br \/>\nIII.- Tonos del mazateco<br \/>\n3.1.- Ejemplos de los tonos del mazateco con vocales (tono alto, medio y bajo)<br \/>\n3.2.- Ejemplos de tonos con palabras<br \/>\n3.3.- Escritura libre de palabras respetando los tonos<br \/>\nIV.- Campos sem\u00e1nticos<br \/>\n4.1.- Elaboraci\u00f3n de campos sem\u00e1nticos partiendo de la familia<br \/>\n4.2.- Palabras de cortes\u00eda<br \/>\n4.3.- Cantos cortos<\/td><\/tr><\/tbody><\/table><\/div><style type='text\/css'>.avia-table-3 td:nth-of-type(1):before { content: 'Descripci\u00f3n general'; } <\/style><br \/>\n<div style='padding-bottom:10px;font-size:30px;' class='av-special-heading av-special-heading-h3  blockquote modern-quote   av-inherit-size'><h3 class='av-special-heading-tag'  itemprop=\"headline\"  >Requisitos de inscripci\u00f3n<\/h3><div class='special-heading-border'><div class='special-heading-inner-border' ><\/div><\/div><\/div><br \/>\n<div class='avia-data-table-wrap avia_responsive_table'><table class='avia-table avia-data-table avia-table-4  avia_pricing_default'  itemscope=\"itemscope\" itemtype=\"https:\/\/schema.org\/Table\" ><tbody><tr class=''><td class=''>&#8212;<\/td><\/tr><tr class=''><td class=''>&#8211; Si tienes inter\u00e9s deber\u00e1s llenar el formulario con los datos completos que se encuentra en esta p\u00e1gina.<br \/>\n&#8211; La lista de seleccionados se publicar\u00e1 en esta p\u00e1gina, tambi\u00e9n se les notificar\u00e1 v\u00eda correo electr\u00f3nico con los detalles de la actividad.<br \/>\n&#8211; Actividad gratuita.<br \/>\n&#8211; Los talleristas ser\u00e1n los responsables de realizar la selecci\u00f3n de alumnos bajo sus criterios.<br \/>\n<\/td><\/tr><\/tbody><\/table><\/div><style type='text\/css'><\/style><br \/>\n<div class='avia-data-table-wrap avia_responsive_table'><table class='avia-table avia-data-table avia-table-5  avia_pricing_default'  itemscope=\"itemscope\" itemtype=\"https:\/\/schema.org\/Table\" ><tbody><tr class='avia-heading-row'><th class=''>Material que se le solicitar\u00e1 al alumno(a)<\/th><\/tr><tr class=''><td class=''>&#8211; Cuaderno profesional de rayas<br \/>\n&#8211; L\u00e1piz<br \/>\n&#8211; Bol\u00edgrafo azul<br \/>\n&#8211; Colores<br \/>\n&#8211; Resistol<br \/>\n&#8211; Tijera<br \/>\n&#8211; Hojas blancas<br \/>\n&#8211; Impresiones<br \/>\n&#8211; Cartulinas<br \/>\n&#8211; Laptop<br \/>\n<\/td><\/tr><\/tbody><\/table><\/div><style type='text\/css'>.avia-table-5 td:nth-of-type(1):before { content: 'Material que se le solicitar\u00e1 al alumno(a)'; } <\/style><br \/>\n<div class='avia-data-table-wrap avia_responsive_table'><table class='avia-table avia-data-table avia-table-6  avia_pricing_default'  itemscope=\"itemscope\" itemtype=\"https:\/\/schema.org\/Table\" ><tbody><tr class='avia-heading-row'><th class=''>Criterios de selecci\u00f3n de alumnos<\/th><\/tr><tr class=''><td class=''>Que tengan inter\u00e9s de aprender y terminen el taller.<br \/>\ncupo m\u00e1ximo de 15 a 30 alumnos.<br \/>\n<\/td><\/tr><\/tbody><\/table><\/div><style type='text\/css'>.avia-table-6 td:nth-of-type(1):before { content: 'Criterios de selecci\u00f3n de alumnos'; } <\/style><br \/>\n<div class='avia-data-table-wrap avia_responsive_table'><table class='avia-table avia-data-table avia-table-7  avia_pricing_default'  itemscope=\"itemscope\" itemtype=\"https:\/\/schema.org\/Table\" ><tbody><tr class='avia-heading-row'><th class=''>Nota para los seleccionados<\/th><\/tr><tr class=''><td class=''>&#8211; Clases presenciales en Palacio municipal de Jalapa de D\u00edaz, Oaxaca.<br \/>\n&#8211; Se dejar\u00e1n ejercicios espec\u00edficos a cada estudiante, es fundamental realizarlos para continuar con la siguiente clase.<br \/>\n&#8211; Tener el compromiso y el tiempo para llevar a cabo el taller, ya que las inasistencias injustificadas ser\u00e1n motivo de suspensi\u00f3n y no podr\u00e1 ingresar a talleres futuros.<br \/>\n&#8211; Durante el taller nos estaremos comunicando por medio de mensajes en un grupo de WhatsApp, por ser una herramienta m\u00e1s r\u00e1pida para poder tener una mejor comunicaci\u00f3n con lo que respecta al taller.<br \/>\n<\/td><\/tr><\/tbody><\/table><\/div><style type='text\/css'>.avia-table-7 td:nth-of-type(1):before { content: 'Nota para los seleccionados'; } <\/style><br \/>\n<div id='av-masonry-1' class='av-masonry noHover av-fixed-size av-large-gap av-hover-overlay-active av-masonry-col-flexible av-caption-always av-caption-style- av-masonry-gallery  '  ><div class='av-masonry-container isotope av-js-disabled ' ><div class='av-masonry-entry isotope-item av-masonry-item-no-image '><\/div><a href=\"https:\/\/casa.oaxaca.gob.mx\/wp-content\/uploads\/2025\/07\/RevitalizaciondelaLenguaMazateca_portada-1-1030x437.jpg\" id='av-masonry-1-item-16658' data-av-masonry-item='16658' class='av-masonry-entry isotope-item post-16658 attachment type-attachment status-inherit hentry  av-masonry-item-with-image' title=\"\"  itemprop=\"thumbnailUrl\" ><div class='av-inner-masonry-sizer'><\/div><figure class='av-inner-masonry main_color'><div class=\"av-masonry-outerimage-container\"><div class=\"av-masonry-image-container\" style=\"background-image: url(https:\/\/casa.oaxaca.gob.mx\/wp-content\/uploads\/2025\/07\/RevitalizaciondelaLenguaMazateca_portada-1-705x299.jpg);\"><img decoding=\"async\" src=\"https:\/\/casa.oaxaca.gob.mx\/wp-content\/uploads\/2025\/07\/RevitalizaciondelaLenguaMazateca_portada-1-705x299.jpg\" title=\"RevitalizaciondelaLenguaMazateca_portada\" alt=\"\" \/><\/div><\/div><\/figure><\/a><!--end av-masonry entry--><\/div><\/div><\/p><\/div>\n","protected":false},"excerpt":{"rendered":"","protected":false},"author":1,"featured_media":16516,"comment_status":"open","ping_status":"open","sticky":false,"template":"","format":"standard","meta":{"_exactmetrics_skip_tracking":false,"_exactmetrics_sitenote_active":false,"_exactmetrics_sitenote_note":"","_exactmetrics_sitenote_category":0,"footnotes":""},"categories":[204],"tags":[],"class_list":["post-16657","post","type-post","status-publish","format-standard","has-post-thumbnail","hentry","category-204"],"_links":{"self":[{"href":"https:\/\/casa.oaxaca.gob.mx\/index.php?rest_route=\/wp\/v2\/posts\/16657","targetHints":{"allow":["GET"]}}],"collection":[{"href":"https:\/\/casa.oaxaca.gob.mx\/index.php?rest_route=\/wp\/v2\/posts"}],"about":[{"href":"https:\/\/casa.oaxaca.gob.mx\/index.php?rest_route=\/wp\/v2\/types\/post"}],"author":[{"embeddable":true,"href":"https:\/\/casa.oaxaca.gob.mx\/index.php?rest_route=\/wp\/v2\/users\/1"}],"replies":[{"embeddable":true,"href":"https:\/\/casa.oaxaca.gob.mx\/index.php?rest_route=%2Fwp%2Fv2%2Fcomments&post=16657"}],"version-history":[{"count":3,"href":"https:\/\/casa.oaxaca.gob.mx\/index.php?rest_route=\/wp\/v2\/posts\/16657\/revisions"}],"predecessor-version":[{"id":17332,"href":"https:\/\/casa.oaxaca.gob.mx\/index.php?rest_route=\/wp\/v2\/posts\/16657\/revisions\/17332"}],"wp:featuredmedia":[{"embeddable":true,"href":"https:\/\/casa.oaxaca.gob.mx\/index.php?rest_route=\/wp\/v2\/media\/16516"}],"wp:attachment":[{"href":"https:\/\/casa.oaxaca.gob.mx\/index.php?rest_route=%2Fwp%2Fv2%2Fmedia&parent=16657"}],"wp:term":[{"taxonomy":"category","embeddable":true,"href":"https:\/\/casa.oaxaca.gob.mx\/index.php?rest_route=%2Fwp%2Fv2%2Fcategories&post=16657"},{"taxonomy":"post_tag","embeddable":true,"href":"https:\/\/casa.oaxaca.gob.mx\/index.php?rest_route=%2Fwp%2Fv2%2Ftags&post=16657"}],"curies":[{"name":"wp","href":"https:\/\/api.w.org\/{rel}","templated":true}]}}