{"id":16662,"date":"2025-07-27T11:11:58","date_gmt":"2025-07-27T17:11:58","guid":{"rendered":"https:\/\/casa.oaxaca.gob.mx\/?p=16662"},"modified":"2026-01-22T13:50:02","modified_gmt":"2026-01-22T19:50:02","slug":"taller-presencial-revelado-digital-con-lightroom-classic-revelado-digital-con-lightroom-classic-imparte-jesus-r-ortiz","status":"publish","type":"post","link":"https:\/\/casa.oaxaca.gob.mx\/?p=16662","title":{"rendered":"Taller presencial. Revelado Digital con Lightroom Classic. Imparte: Jes\u00fas R. Ortiz."},"content":{"rendered":"<\/div><\/div><\/div><!-- close content main div --><\/div><\/div><div id='av_section_1' class='avia-section main_color avia-section-no-padding avia-no-border-styling avia-full-stretch av-parallax-section avia-bg-style-parallax  av-minimum-height av-minimum-height-75 container_wrap fullsize' style = 'background-color: #000000; ' data-section-bg-repeat='stretch' ><div class='av-parallax' data-avia-parallax-ratio='0.3' ><div class='av-parallax-inner main_color  avia-full-stretch' style = 'background-color: #000000; background-repeat: no-repeat; background-image: url(https:\/\/casa.oaxaca.gob.mx\/wp-content\/uploads\/2025\/08\/Revelado-digital-con-Lightroom-Classic_portada-scaled.jpg); background-attachment: scroll; background-position: bottom center; ' ><\/div><\/div><div class='container' ><div class='template-page content  av-content-full alpha units'><div class='post-entry post-entry-type-page post-entry-16662'><div class='entry-content-wrapper clearfix'>\n<div style='padding-bottom:10px;color:#ffffff;font-size:50px;' class='av-special-heading av-special-heading-h3 custom-color-heading blockquote modern-quote  av-inherit-size'><h3 class='av-special-heading-tag'  itemprop=\"headline\"  >Taller presencial. Revelado Digital con Lightroom Classic.<\/h3><div class ='av-subheading av-subheading_below av_custom_color' style='font-size:25px;'><p>Imparte: Jes\u00fas R. Ortiz.<\/p>\n<\/div><div class='special-heading-border'><div class='special-heading-inner-border' style='border-color:#ffffff'><\/div><\/div><\/div>\n\n<\/div><\/div><\/div><!-- close content main div --><\/div><\/div><div id='av-layout-grid-1' class='av-layout-grid-container entry-content-wrapper main_color av-flex-cells  container_wrap fullsize'   >\n<div class=\"flex_cell no_margin av_one_full   \" style='vertical-align:top; padding:30px; background-color:#ED9600; '><div class='flex_cell_inner' ><p><div class=\"flex_column av_one_fourth  flex_column_div av-zero-column-padding first  \" style='border-radius:0px; '><div style='padding-bottom:10px;color:#ffffff;' class='av-special-heading av-special-heading-h3 custom-color-heading blockquote modern-quote  '><h3 class='av-special-heading-tag'  itemprop=\"headline\"  >Cierre de inscripciones<\/h3><div class ='av-subheading av-subheading_below av_custom_color' style='font-size:20px;'><p>Lunes 28 de julio de 2025<\/p>\n<p>Publicaci\u00f3n de resultados<br \/>\nJueves 31 de julio de 2025<\/p>\n<\/div><div class='special-heading-border'><div class='special-heading-inner-border' style='border-color:#ffffff'><\/div><\/div><\/div><\/div><div class=\"flex_column av_one_fourth  flex_column_div av-zero-column-padding   \" style='border-radius:0px; '><div style='padding-bottom:10px;color:#ffffff;' class='av-special-heading av-special-heading-h3 custom-color-heading blockquote modern-quote  '><h3 class='av-special-heading-tag'  itemprop=\"headline\"  >Fechas<\/h3><div class ='av-subheading av-subheading_below av_custom_color' style='font-size:20px;'><p>Lunes, mi\u00e9rcoles y viernes<br \/>\nDel 4 al 29 de agosto de 2025<\/p>\n<\/div><div class='special-heading-border'><div class='special-heading-inner-border' style='border-color:#ffffff'><\/div><\/div><\/div><\/div><div class=\"flex_column av_one_fourth  flex_column_div av-zero-column-padding   \" style='border-radius:0px; '><div style='padding-bottom:10px;color:#ffffff;' class='av-special-heading av-special-heading-h3 custom-color-heading blockquote modern-quote  '><h3 class='av-special-heading-tag'  itemprop=\"headline\"  >Horario<\/h3><div class ='av-subheading av-subheading_below av_custom_color' style='font-size:20px;'><p>De 14 a 18 horas<\/p>\n<\/div><div class='special-heading-border'><div class='special-heading-inner-border' style='border-color:#ffffff'><\/div><\/div><\/div><\/div><div class=\"flex_column av_one_fourth  flex_column_div av-zero-column-padding   \" style='border-radius:0px; '><section class=\"avia_codeblock_section avia_code_block_0\"  itemscope=\"itemscope\" itemtype=\"https:\/\/schema.org\/BlogPosting\" itemprop=\"blogPost\" ><div class='avia_codeblock '  itemprop=\"text\" > [avia_codeblock_placeholder uid=\"0\"] <\/div><\/section><\/div><\/p>\n<\/div><\/div>\n<\/div>\n<div class=\"flex_column av_two_fifth  flex_column_div av-zero-column-padding first  \" style='border-radius:0px; '><p><div class='av-social-sharing-box '><div class='av-share-box'><h5 class='av-share-link-description'>Compartir esta actividad<\/h5><ul class='av-share-box-list noLightbox'><li class='av-share-link av-social-link-facebook' ><a target='_blank' href='http:\/\/www.facebook.com\/sharer.php?u=https:\/\/casa.oaxaca.gob.mx\/?p=16662&amp;t=Taller%20presencial.%20Revelado%20Digital%20con%20Lightroom%20Classic.%20Imparte%3A%20Jes%C3%BAs%20R.%20Ortiz.' aria-hidden='true' data-av_icon='\ue8f3' data-av_iconfont='entypo-fontello' title='' data-avia-related-tooltip='Share on Facebook'><span class='avia_hidden_link_text'>Share on Facebook<\/span><\/a><\/li><li class='av-share-link av-social-link-twitter' ><a target='_blank' href='https:\/\/twitter.com\/share?text=Taller%20presencial.%20Revelado%20Digital%20con%20Lightroom%20Classic.%20Imparte%3A%20Jes%C3%BAs%20R.%20Ortiz.&url=https:\/\/casa.oaxaca.gob.mx\/?p=16662' aria-hidden='true' data-av_icon='\ue8f1' data-av_iconfont='entypo-fontello' title='' data-avia-related-tooltip='Share on Twitter'><span class='avia_hidden_link_text'>Share on Twitter<\/span><\/a><\/li><li class='av-share-link av-social-link-gplus' ><a target='_blank' href='https:\/\/plus.google.com\/share?url=https:\/\/casa.oaxaca.gob.mx\/?p=16662' aria-hidden='true' data-av_icon='\ue8f6' data-av_iconfont='entypo-fontello' title='' data-avia-related-tooltip='Share on Google+'><span class='avia_hidden_link_text'>Share on Google+<\/span><\/a><\/li><li class='av-share-link av-social-link-pinterest' ><a target='_blank' href='http:\/\/pinterest.com\/pin\/create\/button\/?url=https%3A%2F%2Fcasa.oaxaca.gob.mx%2F%3Fp%3D16662&amp;description=Taller%20presencial.%20Revelado%20Digital%20con%20Lightroom%20Classic.%20Imparte%3A%20Jes%C3%BAs%20R.%20Ortiz.&amp;media=https%3A%2F%2Fcasa.oaxaca.gob.mx%2Fwp-content%2Fuploads%2F2025%2F08%2FRevelado-digital-con-Lightroom-Classic_cerrada-705x484.jpg' aria-hidden='true' data-av_icon='\ue8f8' data-av_iconfont='entypo-fontello' title='' data-avia-related-tooltip='Share on Pinterest'><span class='avia_hidden_link_text'>Share on Pinterest<\/span><\/a><\/li><li class='av-share-link av-social-link-mail' ><a  href='mailto:?subject=Taller%20presencial.%20Revelado%20Digital%20con%20Lightroom%20Classic.%20Imparte%3A%20Jes%C3%BAs%20R.%20Ortiz.&amp;body=https:\/\/casa.oaxaca.gob.mx\/?p=16662' aria-hidden='true' data-av_icon='\ue805' data-av_iconfont='entypo-fontello' title='' data-avia-related-tooltip='Share by Mail'><span class='avia_hidden_link_text'>Share by Mail<\/span><\/a><\/li><\/ul><\/div><\/div><br \/>\n<div  class='hr hr-default '><span class='hr-inner ' ><span class='hr-inner-style'><\/span><\/span><\/div><br \/>\n<div style='padding-bottom:10px;font-size:30px;' class='av-special-heading av-special-heading-h3  blockquote modern-quote  av-inherit-size'><h3 class='av-special-heading-tag'  itemprop=\"headline\"  >Sobre el tallerista<\/h3><div class='special-heading-border'><div class='special-heading-inner-border' ><\/div><\/div><\/div><br \/>\n<div class='avia-data-table-wrap avia_responsive_table'><table class='avia-table avia-data-table avia-table-1  avia_pricing_default'  itemscope=\"itemscope\" itemtype=\"https:\/\/schema.org\/Table\" ><tbody><tr class='avia-heading-row'><th class=''>Jes\u00fas R. Ortiz<\/th><\/tr><tr class=''><td class=''>Originario de Oaxaca, egresado de la licenciatura en Ciencias y T\u00e9cnicas de la Comunicaci\u00f3n. Con una trayectoria de 13 a\u00f1os en fotograf\u00eda y video, ha combinado su labor art\u00edstica con experiencias institucionales relevantes, destacando su trabajo como vide\u00f3grafo del Gobernador del Estado de Oaxaca durante el sexenio 2016\u20132022.<br \/>\nHa fortalecido su formaci\u00f3n con talleres impartidos por reconocidos profesionales como Juan Carlos Reyes y Dmitry Rogodskin. Su vocaci\u00f3n por la ense\u00f1anza lo ha llevado a compartir sus conocimientos a trav\u00e9s de Webinars y a impartir un taller de fotograf\u00eda en la Casona de Jamiltepec.<br \/>\nSu obra ha sido reconocida con una Menci\u00f3n Honor\u00edfica en el 3er Concurso de la Reserva de la Bi\u00f3sfera Tehuac\u00e1n \u2013 Cuicatl\u00e1n. Ha participado en exposiciones colectivas como \u201cLa Belleza de la Muerte\u201d, en el Municipio de Oaxaca de Ju\u00e1rez, y \u201cLa Guelaguetza&#8221;. Fiesta, Diversidad y Armon\u00eda\u201d, exhibida en el Paseo de la Reforma en la Ciudad de M\u00e9xico.<br \/>\nSu trabajo visual se distingue por una profunda conexi\u00f3n con la identidad, la cultura y los paisajes de Oaxaca, consolid\u00e1ndose como un referente comprometido con la representaci\u00f3n visual de su territorio.<br \/>\nOriginario de Oaxaca, egresado de la licenciatura en Ciencias y T\u00e9cnicas de la Comunicaci\u00f3n. Con una trayectoria de 13 a\u00f1os en fotograf\u00eda y video, ha combinado su labor art\u00edstica con experiencias institucionales relevantes, destacando su trabajo como vide\u00f3grafo del Gobernador del Estado de Oaxaca durante el sexenio 2016\u20132022.<br \/>\nHa fortalecido su formaci\u00f3n con talleres impartidos por reconocidos profesionales como Juan Carlos Reyes y Dmitry Rogodskin. Su vocaci\u00f3n por la ense\u00f1anza lo ha llevado a compartir sus conocimientos a trav\u00e9s de Webinars y a impartir un taller de fotograf\u00eda en la Casona de Jamiltepec.<br \/>\nSu obra ha sido reconocida con una Menci\u00f3n Honor\u00edfica en el 3er Concurso de la Reserva de la Bi\u00f3sfera Tehuac\u00e1n \u2013 Cuicatl\u00e1n. Ha participado en exposiciones colectivas como \u201cLa Belleza de la Muerte\u201d, en el Municipio de Oaxaca de Ju\u00e1rez, y \u201cLa Guelaguetza&#8221;. Fiesta, Diversidad y Armon\u00eda\u201d, exhibida en el Paseo de la Reforma en la Ciudad de M\u00e9xico.<br \/>\nSu trabajo visual se distingue por una profunda conexi\u00f3n con la identidad, la cultura y los paisajes de Oaxaca, consolid\u00e1ndose como un referente comprometido con la representaci\u00f3n visual de su territorio.<br \/>\n<\/td><\/tr><\/tbody><\/table><\/div><style type='text\/css'>.avia-table-1 td:nth-of-type(1):before { content: 'Jes\u00fas R. Ortiz'; } <\/style><\/p><\/div>\n<div class=\"flex_column av_three_fifth  flex_column_div av-zero-column-padding   \" style='border-radius:0px; '><p><div style='padding-bottom:10px;font-size:30px;' class='av-special-heading av-special-heading-h3  blockquote modern-quote   av-inherit-size'><h3 class='av-special-heading-tag'  itemprop=\"headline\"  >Acerca del taller<\/h3><div class='special-heading-border'><div class='special-heading-inner-border' ><\/div><\/div><\/div><br \/>\n<div class='avia-data-table-wrap avia_responsive_table'><table class='avia-table avia-data-table avia-table-2  avia_pricing_default'  itemscope=\"itemscope\" itemtype=\"https:\/\/schema.org\/Table\" ><tbody><tr class=''><td class=''>LISTA DE SELECCIONADOS<\/td><\/tr><tr class=''><td class=''>Alicia Espinoza Valencia<\/p>\n<p>Andy Jos\u00e9 Garc\u00eda Mart\u00ednez<\/p>\n<p>Mariana Andr\u00e9s Garc\u00eda<\/p>\n<p>Tsoakjiele Sof\u00eda Moreno Cerqueda<\/p>\n<p>Jesica Jocellyn C\u00f3rdova Garc\u00eda<\/p>\n<p>Josu\u00e9 Alejandro Estrada Medina<\/p>\n<p>Edith Mendoza Rodr\u00edguez<\/p>\n<p>Eric Pozos V\u00e1squez<\/p>\n<p>Adony Odette Iriarte Alarc\u00f3n<\/td><\/tr><\/tbody><\/table><\/div><style type='text\/css'><\/style><br \/>\n<div class='avia-data-table-wrap avia_responsive_table'><table class='avia-table avia-data-table avia-table-3  avia_pricing_default'  itemscope=\"itemscope\" itemtype=\"https:\/\/schema.org\/Table\" ><tbody><tr class='avia-heading-row'><th class=''>Descripci\u00f3n general<\/th><\/tr><tr class=''><td class=''>En este taller de revelado digital, utilizaremos Adobe Lightroom Classic como herramienta principal para dominar el flujo de trabajo de post producci\u00f3n fotogr\u00e1fica, desde la elecci\u00f3n del formato, la organizaci\u00f3n de archivos hasta el revelado avanzado y creativo. La fotograf\u00eda es un lenguaje y el revelado digital es un complemento para transmitir mensajes visuales contundentes.<br \/>\nEn este taller de revelado digital, utilizaremos Adobe Lightroom Classic como herramienta principal para dominar el flujo de trabajo de post producci\u00f3n fotogr\u00e1fica, desde la elecci\u00f3n del formato, la organizaci\u00f3n de archivos hasta el revelado avanzado y creativo. La fotograf\u00eda es un lenguaje y el revelado digital es un complemento para transmitir mensajes visuales contundentes.<br \/>\n<\/td><\/tr><tr class='avia-heading-row'><th class=''>Objetivo general<\/th><\/tr><tr class=''><td class=''>Desarrollar habilidades t\u00e9cnicas y creativas para realizar un revelado fotogr\u00e1fico digital profesional, aplicando un flujo de trabajo eficiente.<br \/>\n<\/td><\/tr><tr class='avia-heading-row'><th class=''>Objetivos espec\u00edficos<\/th><\/tr><tr class=''><td class=''>&#8211; Comprender el Revelado Digital y la responsabilidad que conlleva.<br \/>\n&#8211; Dominar la interfaz de Adobe Lightroom Classic<br \/>\n&#8211; Implementar un flujo de trabajo estructurado y ordenado<br \/>\n&#8211; Aplicar t\u00e9cnicas de revelado creativo en las fotograf\u00edas<br \/>\n<\/td><\/tr><tr class='avia-heading-row'><th class=''>Temas<\/th><\/tr><tr class=''><td class=''>Tema I \u00c9tica y Revelado Digital<br \/>\nLa Correcci\u00f3n vs Manipulaci\u00f3n, la Veracidad en G\u00e9neros fotogr\u00e1ficos. Formatos RAW y JPG, y sus posibilidades.<br \/>\nTema II Interfaz de Adobe Lightroom CC<br \/>\nConocimiento de la herramienta de revelado a profundidad.<br \/>\nTema III Flujo de trabajo: Edici\u00f3n y Revelado<br \/>\nRespaldo de archivo fotogr\u00e1fico, creaci\u00f3n de un Cat\u00e1logo, Clasificaci\u00f3n y filtrado, y el uso de Metadatos.<br \/>\nTema IV Luz y Color<br \/>\nControl de la luminancia y calibraci\u00f3n del color de la fotograf\u00eda.<br \/>\nTema V Revelado avanzado y Revelado creativo<br \/>\nNitidez, textura, control de ruido, m\u00e1scaras, correcciones, perfiles de color y creaci\u00f3n de presets.<br \/>\n<\/td><\/tr><\/tbody><\/table><\/div><style type='text\/css'>.avia-table-3 td:nth-of-type(1):before { content: 'Descripci\u00f3n general'; } <\/style><br \/>\n<div style='padding-bottom:10px;font-size:30px;' class='av-special-heading av-special-heading-h3  blockquote modern-quote   av-inherit-size'><h3 class='av-special-heading-tag'  itemprop=\"headline\"  >Requisitos de inscripci\u00f3n<\/h3><div class='special-heading-border'><div class='special-heading-inner-border' ><\/div><\/div><\/div><br \/>\n<div class='avia-data-table-wrap avia_responsive_table'><table class='avia-table avia-data-table avia-table-4  avia_pricing_default'  itemscope=\"itemscope\" itemtype=\"https:\/\/schema.org\/Table\" ><tbody><tr class=''><td class=''>&#8211; Personas con laptop con lightroom instalado<br \/>\n&#8211; Personas con conocimientos previos de fotograf\u00eda<br \/>\n<\/td><\/tr><tr class=''><td class=''>&#8211; Si tienes inter\u00e9s deber\u00e1s llenar el formulario con los datos completos que se encuentra en esta p\u00e1gina.<br \/>\n&#8211; La lista de seleccionados se publicar\u00e1 en esta p\u00e1gina, tambi\u00e9n se les notificar\u00e1 v\u00eda correo electr\u00f3nico con los detalles de la actividad.<br \/>\n&#8211; Actividad gratuita.<br \/>\n&#8211; Los talleristas ser\u00e1n los responsables de realizar la selecci\u00f3n de alumnos bajo sus criterios.<br \/>\n<\/td><\/tr><\/tbody><\/table><\/div><style type='text\/css'><\/style><br \/>\n<div class='avia-data-table-wrap avia_responsive_table'><table class='avia-table avia-data-table avia-table-5  avia_pricing_default'  itemscope=\"itemscope\" itemtype=\"https:\/\/schema.org\/Table\" ><tbody><tr class='avia-heading-row'><th class=''>Material que se le solicitar\u00e1 al alumno(a)<\/th><\/tr><tr class=''><td class=''>&#8211; Laptop con Adobe Lightroom Classic instalado<br \/>\n&#8211; Fotograf\u00edas en formato RAW para editar<br \/>\n<\/td><\/tr><\/tbody><\/table><\/div><style type='text\/css'>.avia-table-5 td:nth-of-type(1):before { content: 'Material que se le solicitar\u00e1 al alumno(a)'; } <\/style><br \/>\n<div class='avia-data-table-wrap avia_responsive_table'><table class='avia-table avia-data-table avia-table-6  avia_pricing_default'  itemscope=\"itemscope\" itemtype=\"https:\/\/schema.org\/Table\" ><tbody><tr class='avia-heading-row'><th class=''>Criterios de selecci\u00f3n de alumnos<\/th><\/tr><tr class=''><td class=''>&#8211; Personas con laptop con lightroom instalado<br \/>\n&#8211; Personas con conocimientos previos de fotograf\u00eda<br \/>\n<\/td><\/tr><\/tbody><\/table><\/div><style type='text\/css'>.avia-table-6 td:nth-of-type(1):before { content: 'Criterios de selecci\u00f3n de alumnos'; } <\/style><br \/>\n<div class='avia-data-table-wrap avia_responsive_table'><table class='avia-table avia-data-table avia-table-7  avia_pricing_default'  itemscope=\"itemscope\" itemtype=\"https:\/\/schema.org\/Table\" ><tbody><tr class='avia-heading-row'><th class=''>Nota para los seleccionados<\/th><\/tr><tr class=''><td class=''>&#8211; Clases presenciales en Laboratorio de fotograf\u00eda) del CaSa<br \/>\n&#8211; Se dejar\u00e1n ejercicios espec\u00edficos a cada estudiante, es fundamental realizarlos para continuar con la siguiente clase.<br \/>\n&#8211; Tener el compromiso y el tiempo para llevar a cabo el taller, ya que las inasistencias injustificadas ser\u00e1n motivo de suspensi\u00f3n y no podr\u00e1 ingresar a talleres futuros.<br \/>\n&#8211; Durante el taller nos estaremos comunicando por medio de mensajes en un grupo de WhatsApp, por ser una herramienta m\u00e1s r\u00e1pida para poder tener una mejor comunicaci\u00f3n con lo que respecta al taller.<br \/>\n<\/td><\/tr><\/tbody><\/table><\/div><style type='text\/css'>.avia-table-7 td:nth-of-type(1):before { content: 'Nota para los seleccionados'; } <\/style><br \/>\n<div id='av-masonry-1' class='av-masonry noHover av-fixed-size av-large-gap av-hover-overlay-active av-masonry-col-flexible av-caption-always av-caption-style- av-masonry-gallery  '  ><div class='av-masonry-container isotope av-js-disabled ' ><div class='av-masonry-entry isotope-item av-masonry-item-no-image '><\/div><a href=\"https:\/\/casa.oaxaca.gob.mx\/wp-content\/uploads\/2025\/07\/IMG_5201-824x1030.jpeg\" id='av-masonry-1-item-16663' data-av-masonry-item='16663' class='av-masonry-entry isotope-item post-16663 attachment type-attachment status-inherit hentry  av-masonry-item-with-image' title=\"\"  itemprop=\"thumbnailUrl\" ><div class='av-inner-masonry-sizer'><\/div><figure class='av-inner-masonry main_color'><div class=\"av-masonry-outerimage-container\"><div class=\"av-masonry-image-container\" style=\"background-image: url(https:\/\/casa.oaxaca.gob.mx\/wp-content\/uploads\/2025\/07\/IMG_5201-564x705.jpeg);\"><img decoding=\"async\" src=\"https:\/\/casa.oaxaca.gob.mx\/wp-content\/uploads\/2025\/07\/IMG_5201-564x705.jpeg\" title=\"IMG_5201\" alt=\"\" \/><\/div><\/div><\/figure><\/a><!--end av-masonry entry--><\/div><\/div><\/p><\/div>\n","protected":false},"excerpt":{"rendered":"","protected":false},"author":1,"featured_media":16698,"comment_status":"open","ping_status":"open","sticky":false,"template":"","format":"standard","meta":{"_exactmetrics_skip_tracking":false,"_exactmetrics_sitenote_active":false,"_exactmetrics_sitenote_note":"","_exactmetrics_sitenote_category":0,"footnotes":""},"categories":[204],"tags":[],"class_list":["post-16662","post","type-post","status-publish","format-standard","has-post-thumbnail","hentry","category-204"],"_links":{"self":[{"href":"https:\/\/casa.oaxaca.gob.mx\/index.php?rest_route=\/wp\/v2\/posts\/16662","targetHints":{"allow":["GET"]}}],"collection":[{"href":"https:\/\/casa.oaxaca.gob.mx\/index.php?rest_route=\/wp\/v2\/posts"}],"about":[{"href":"https:\/\/casa.oaxaca.gob.mx\/index.php?rest_route=\/wp\/v2\/types\/post"}],"author":[{"embeddable":true,"href":"https:\/\/casa.oaxaca.gob.mx\/index.php?rest_route=\/wp\/v2\/users\/1"}],"replies":[{"embeddable":true,"href":"https:\/\/casa.oaxaca.gob.mx\/index.php?rest_route=%2Fwp%2Fv2%2Fcomments&post=16662"}],"version-history":[{"count":5,"href":"https:\/\/casa.oaxaca.gob.mx\/index.php?rest_route=\/wp\/v2\/posts\/16662\/revisions"}],"predecessor-version":[{"id":17005,"href":"https:\/\/casa.oaxaca.gob.mx\/index.php?rest_route=\/wp\/v2\/posts\/16662\/revisions\/17005"}],"wp:featuredmedia":[{"embeddable":true,"href":"https:\/\/casa.oaxaca.gob.mx\/index.php?rest_route=\/wp\/v2\/media\/16698"}],"wp:attachment":[{"href":"https:\/\/casa.oaxaca.gob.mx\/index.php?rest_route=%2Fwp%2Fv2%2Fmedia&parent=16662"}],"wp:term":[{"taxonomy":"category","embeddable":true,"href":"https:\/\/casa.oaxaca.gob.mx\/index.php?rest_route=%2Fwp%2Fv2%2Fcategories&post=16662"},{"taxonomy":"post_tag","embeddable":true,"href":"https:\/\/casa.oaxaca.gob.mx\/index.php?rest_route=%2Fwp%2Fv2%2Ftags&post=16662"}],"curies":[{"name":"wp","href":"https:\/\/api.w.org\/{rel}","templated":true}]}}