{"id":17123,"date":"2025-08-14T12:21:50","date_gmt":"2025-08-14T18:21:50","guid":{"rendered":"https:\/\/casa.oaxaca.gob.mx\/?p=17123"},"modified":"2026-01-22T13:50:02","modified_gmt":"2026-01-22T19:50:02","slug":"taller-presencial-experimentacion-grafica-en-papel-artesanal-imparte-estefania-gonzalez-espinoza","status":"publish","type":"post","link":"https:\/\/casa.oaxaca.gob.mx\/?p=17123","title":{"rendered":"Taller presencial. Experimentaci\u00f3n gr\u00e1fica en papel artesanal. Imparte: Estefan\u00eda Gonz\u00e1lez Espinoza."},"content":{"rendered":"<\/div><\/div><\/div><!-- close content main div --><\/div><\/div><div id='av_section_1' class='avia-section main_color avia-section-no-padding avia-no-border-styling avia-full-stretch av-parallax-section avia-bg-style-parallax  av-minimum-height av-minimum-height-75 container_wrap fullsize' style = 'background-color: #0a0a0a; ' data-section-bg-repeat='stretch' ><div class='av-parallax' data-avia-parallax-ratio='0.3' ><div class='av-parallax-inner main_color  avia-full-stretch' style = 'background-color: #0a0a0a; background-repeat: no-repeat; background-image: url(https:\/\/casa.oaxaca.gob.mx\/wp-content\/uploads\/2025\/08\/Experimentacion-grafica-en-papel-artesanal_portada-scaled.jpg); background-attachment: scroll; background-position: bottom center; ' ><\/div><\/div><div class='container' ><div class='template-page content  av-content-full alpha units'><div class='post-entry post-entry-type-page post-entry-17123'><div class='entry-content-wrapper clearfix'>\n<div style='padding-bottom:10px;color:#ffffff;font-size:50px;' class='av-special-heading av-special-heading-h3 custom-color-heading blockquote modern-quote  av-inherit-size'><h3 class='av-special-heading-tag'  itemprop=\"headline\"  >Taller presencial. Experimentaci\u00f3n gr\u00e1fica en papel artesanal.<\/h3><div class ='av-subheading av-subheading_below av_custom_color' style='font-size:25px;'><p>Imparte: Estefan\u00eda Gonz\u00e1lez Espinoza.<\/p>\n<\/div><div class='special-heading-border'><div class='special-heading-inner-border' style='border-color:#ffffff'><\/div><\/div><\/div>\n\n<\/div><\/div><\/div><!-- close content main div --><\/div><\/div><div id='av-layout-grid-1' class='av-layout-grid-container entry-content-wrapper main_color av-flex-cells  container_wrap fullsize'   >\n<div class=\"flex_cell no_margin av_one_full   \" style='vertical-align:top; padding:30px; background-color:#ED9600; '><div class='flex_cell_inner' ><p><div class=\"flex_column av_one_fourth  flex_column_div av-zero-column-padding first  \" style='border-radius:0px; '><div style='padding-bottom:10px;color:#ffffff;' class='av-special-heading av-special-heading-h3 custom-color-heading blockquote modern-quote '><h3 class='av-special-heading-tag'  itemprop=\"headline\"  >Cierre de inscripciones<\/h3><div class ='av-subheading av-subheading_below av_custom_color' style='font-size:20px;'><p>Domingo 14 de septiembre de 2025<\/p>\n<p>Publicaci\u00f3n de resultados<br \/>\nMi\u00e9rcoles 17 de septiembre de 2025<\/p>\n<\/div><div class='special-heading-border'><div class='special-heading-inner-border' style='border-color:#ffffff'><\/div><\/div><\/div><\/div><div class=\"flex_column av_one_fourth  flex_column_div av-zero-column-padding   \" style='border-radius:0px; '><div style='padding-bottom:10px;color:#ffffff;' class='av-special-heading av-special-heading-h3 custom-color-heading blockquote modern-quote '><h3 class='av-special-heading-tag'  itemprop=\"headline\"  >Fechas<\/h3><div class ='av-subheading av-subheading_below av_custom_color' style='font-size:20px;'><p>De lunes a viernes<br \/>\nDel 22 al 26 de septiembre de 2025<\/p>\n<\/div><div class='special-heading-border'><div class='special-heading-inner-border' style='border-color:#ffffff'><\/div><\/div><\/div><\/div><div class=\"flex_column av_one_fourth  flex_column_div av-zero-column-padding   \" style='border-radius:0px; '><div style='padding-bottom:10px;color:#ffffff;' class='av-special-heading av-special-heading-h3 custom-color-heading blockquote modern-quote  '><h3 class='av-special-heading-tag'  itemprop=\"headline\"  >Horario<\/h3><div class ='av-subheading av-subheading_below av_custom_color' style='font-size:20px;'><p>10 a 14 h<\/p>\n<\/div><div class='special-heading-border'><div class='special-heading-inner-border' style='border-color:#ffffff'><\/div><\/div><\/div><\/div><div class=\"flex_column av_one_fourth  flex_column_div av-zero-column-padding   \" style='border-radius:0px; '><section class=\"avia_codeblock_section avia_code_block_0\"  itemscope=\"itemscope\" itemtype=\"https:\/\/schema.org\/BlogPosting\" itemprop=\"blogPost\" ><div class='avia_codeblock '  itemprop=\"text\" > [avia_codeblock_placeholder uid=\"0\"] <\/div><\/section><\/div><\/p>\n<\/div><\/div>\n<\/div>\n<div class=\"flex_column av_two_fifth  flex_column_div av-zero-column-padding first  \" style='border-radius:0px; '><p><div class='av-social-sharing-box '><div class='av-share-box'><h5 class='av-share-link-description'>Compartir esta actividad<\/h5><ul class='av-share-box-list noLightbox'><li class='av-share-link av-social-link-facebook' ><a target='_blank' href='http:\/\/www.facebook.com\/sharer.php?u=https:\/\/casa.oaxaca.gob.mx\/?p=17123&amp;t=Taller%20presencial.%20Experimentaci%C3%B3n%20gr%C3%A1fica%20en%20papel%20artesanal.%20Imparte%3A%20Estefan%C3%ADa%20Gonz%C3%A1lez%20Espinoza.' aria-hidden='true' data-av_icon='\ue8f3' data-av_iconfont='entypo-fontello' title='' data-avia-related-tooltip='Share on Facebook'><span class='avia_hidden_link_text'>Share on Facebook<\/span><\/a><\/li><li class='av-share-link av-social-link-twitter' ><a target='_blank' href='https:\/\/twitter.com\/share?text=Taller%20presencial.%20Experimentaci%C3%B3n%20gr%C3%A1fica%20en%20papel%20artesanal.%20Imparte%3A%20Estefan%C3%ADa%20Gonz%C3%A1lez%20Espinoza.&url=https:\/\/casa.oaxaca.gob.mx\/?p=17123' aria-hidden='true' data-av_icon='\ue8f1' data-av_iconfont='entypo-fontello' title='' data-avia-related-tooltip='Share on Twitter'><span class='avia_hidden_link_text'>Share on Twitter<\/span><\/a><\/li><li class='av-share-link av-social-link-gplus' ><a target='_blank' href='https:\/\/plus.google.com\/share?url=https:\/\/casa.oaxaca.gob.mx\/?p=17123' aria-hidden='true' data-av_icon='\ue8f6' data-av_iconfont='entypo-fontello' title='' data-avia-related-tooltip='Share on Google+'><span class='avia_hidden_link_text'>Share on Google+<\/span><\/a><\/li><li class='av-share-link av-social-link-pinterest' ><a target='_blank' href='http:\/\/pinterest.com\/pin\/create\/button\/?url=https%3A%2F%2Fcasa.oaxaca.gob.mx%2F%3Fp%3D17123&amp;description=Taller%20presencial.%20Experimentaci%C3%B3n%20gr%C3%A1fica%20en%20papel%20artesanal.%20Imparte%3A%20Estefan%C3%ADa%20Gonz%C3%A1lez%20Espinoza.&amp;media=https%3A%2F%2Fcasa.oaxaca.gob.mx%2Fwp-content%2Fuploads%2F2025%2F08%2FExperimentacion-grafica-en-papel-artesanal_cerrada-705x484.jpg' aria-hidden='true' data-av_icon='\ue8f8' data-av_iconfont='entypo-fontello' title='' data-avia-related-tooltip='Share on Pinterest'><span class='avia_hidden_link_text'>Share on Pinterest<\/span><\/a><\/li><li class='av-share-link av-social-link-mail' ><a  href='mailto:?subject=Taller%20presencial.%20Experimentaci%C3%B3n%20gr%C3%A1fica%20en%20papel%20artesanal.%20Imparte%3A%20Estefan%C3%ADa%20Gonz%C3%A1lez%20Espinoza.&amp;body=https:\/\/casa.oaxaca.gob.mx\/?p=17123' aria-hidden='true' data-av_icon='\ue805' data-av_iconfont='entypo-fontello' title='' data-avia-related-tooltip='Share by Mail'><span class='avia_hidden_link_text'>Share by Mail<\/span><\/a><\/li><\/ul><\/div><\/div><br \/>\n<div  class='hr hr-default '><span class='hr-inner ' ><span class='hr-inner-style'><\/span><\/span><\/div><br \/>\n<div style='padding-bottom:10px;font-size:30px;' class='av-special-heading av-special-heading-h3  blockquote modern-quote   av-inherit-size'><h3 class='av-special-heading-tag'  itemprop=\"headline\"  >Sobre la tallerista<\/h3><div class='special-heading-border'><div class='special-heading-inner-border' ><\/div><\/div><\/div><br \/>\n<div class='avia-data-table-wrap avia_responsive_table'><table class='avia-table avia-data-table avia-table-1  avia_pricing_default'  itemscope=\"itemscope\" itemtype=\"https:\/\/schema.org\/Table\" ><tbody><tr class='avia-heading-row'><th class=''>Estefan\u00eda Gonz\u00e1lez Espinoza<\/th><\/tr><tr class=''><td class=''>Artista y artesana mexicana con una s\u00f3lida trayectoria que abarca m\u00e1s de dos d\u00e9cadas de producci\u00f3n y participaci\u00f3n en el \u00e1mbito art\u00edstico. Desde 2003 ha presentado un centenar de exposiciones individuales y colectivas tanto en M\u00e9xico como en el extranjero, consolidando una voz propia en disciplinas como la pintura, el grabado y las artes aplicadas.<\/p>\n<p>Se ha desempe\u00f1ado como tallerista en centros regionales de cultura y festivales locales, as\u00ed como docente a nivel superior, compartiendo sus conocimientos con nuevas generaciones de creadores. Su trabajo ha sido reconocido en diversas ocasiones, entre ellas con una Menci\u00f3n Honor\u00edfica en la V Bienal del Pac\u00edfico de Pintura y Grabado Paul Gauguin (2007) y un Premio de Adquisici\u00f3n en el 7\u00ba Sal\u00f3n Anual de la entonces Escuela de Artes de la UAEM\u00e9x.<\/p>\n<p>En 2010 recibi\u00f3 la Beca de Movilidad Internacional para una estancia de investigaci\u00f3n entre la UNAM y la Universidad Complutense de Madrid. Ha sido beneficiaria de la Beca Nacional del FONCA en dos emisiones (2011 y 2015), as\u00ed como del Est\u00edmulo Estatal FOCAEM (2012) y del Programa de Educaci\u00f3n Art\u00edstica del INBA (2013).<\/p>\n<p>En 2024 particip\u00f3 como jurado y tutora del Programa de Est\u00edmulo a la Creaci\u00f3n y Desarrollo Art\u00edstico (PECDA) en Zacatecas, reafirmando su compromiso con la formaci\u00f3n, evaluaci\u00f3n y acompa\u00f1amiento de procesos art\u00edsticos emergentes.<br \/>\n<\/td><\/tr><\/tbody><\/table><\/div><style type='text\/css'>.avia-table-1 td:nth-of-type(1):before { content: 'Estefan\u00eda Gonz\u00e1lez Espinoza'; } <\/style><\/p><\/div>\n<div class=\"flex_column av_three_fifth  flex_column_div av-zero-column-padding   \" style='border-radius:0px; '><p><div style='padding-bottom:10px;font-size:30px;' class='av-special-heading av-special-heading-h3  blockquote modern-quote   av-inherit-size'><h3 class='av-special-heading-tag'  itemprop=\"headline\"  >Acerca del taller<\/h3><div class='special-heading-border'><div class='special-heading-inner-border' ><\/div><\/div><\/div><br \/>\n<div class='avia-data-table-wrap avia_responsive_table'><table class='avia-table avia-data-table avia-table-2  avia_pricing_default'  itemscope=\"itemscope\" itemtype=\"https:\/\/schema.org\/Table\" ><tbody><tr class=''><td class=''>LISTA DE SELECCIONADOS<\/td><\/tr><tr class=''><td class=''>Leslie Odalys Garc\u00eda Dionisio<br \/>\nLitzy Michelle Ram\u00edrez C\u00e1rdenas<br \/>\nSonia Pezzano Rickert<br \/>\nDiego Maldonado Garc\u00eda<br \/>\nMar\u00eda Fernanda Arnaut Estrada<br \/>\nLibertad Garc\u00eda Sanabria<br \/>\nAngela Reyes Mata<br \/>\n<\/td><\/tr><\/tbody><\/table><\/div><style type='text\/css'><\/style><br \/>\n<div class='avia-data-table-wrap avia_responsive_table'><table class='avia-table avia-data-table avia-table-3  avia_pricing_default'  itemscope=\"itemscope\" itemtype=\"https:\/\/schema.org\/Table\" ><tbody><tr class='avia-heading-row'><th class=''>Descripci\u00f3n general<\/th><\/tr><tr class=''><td class=''>Este proyecto est\u00e1 dirigido a j\u00f3venes y adultos interesados en iniciarse en el mundo de la ilustraci\u00f3n y la imagen narrativa desde un enfoque creativo y de desarrollo humano. No se requieren conocimientos previos.<\/p>\n<p>A trav\u00e9s del aprendizaje de principios b\u00e1sicos del dise\u00f1o, los participantes crear\u00e1n sus propias ilustraciones sobre papel artesanal, elaborado a partir del reciclaje de materiales como papel de oficina, cart\u00f3n, papel de algod\u00f3n y revistas. El proceso se enriquecer\u00e1 con la intervenci\u00f3n de hilos de colores, im\u00e1genes impresas, pigmentos naturales, carboximetilcelulosa, piedra de alumbre, pulpa de t\u00e9 y elementos vegetales como hojas, flores y cortezas, con el fin de generar texturas visuales y t\u00e1ctiles.<\/p>\n<p>Adem\u00e1s de fomentar la conciencia ecol\u00f3gica, el taller propicia la exploraci\u00f3n simb\u00f3lica y expresiva a trav\u00e9s de t\u00e9cnicas manuales que dan forma a narrativas visuales personales, todo en un ambiente de experimentaci\u00f3n, reflexi\u00f3n y cuidado por los procesos.<br \/>\n<\/td><\/tr><tr class='avia-heading-row'><th class=''>Objetivo general<\/th><\/tr><tr class=''><td class=''>Introducir a la imagen ilustrativa desde la observaci\u00f3n formal de las<br \/>\nimprontas que surgen por la experimentaci\u00f3n gr\u00e1fica durante la fabricaci\u00f3n de<br \/>\npapel, entre color y textura; as\u00ed como los niveles de iconicidad de la visualidad:<br \/>\nabstracci\u00f3n, simbolismo y realismo, adem\u00e1s de los principios de la teor\u00eda \u2018Gestalt\u2019<br \/>\ndel dise\u00f1o gr\u00e1fico y las figuras ret\u00f3ricas b\u00e1sicas.<br \/>\n<\/td><\/tr><tr class='avia-heading-row'><th class=''>Objetivos espec\u00edficos<\/th><\/tr><tr class=''><td class=''>1. Leyes y principios de la teor\u00eda \u2018Gestalt\u2019 y su funci\u00f3n en la imagen gr\u00e1fica<br \/>\n1.1. Fondo y figura<br \/>\n1.2. Simetr\u00eda<br \/>\n1.3. Continuidad<br \/>\n1.4. Semejanza<br \/>\n1.5. Cierre<br \/>\n2. Niveles o grados de iconicidad de la imagen<br \/>\n2.1. Abstracci\u00f3n<br \/>\n2.2. Simbolismo<br \/>\n2.3. Realismo<br \/>\n3. Figuras ret\u00f3ricas y su funci\u00f3n en la ilustraci\u00f3n narrativa a partir de las operaciones<br \/>\nb\u00e1sicas<br \/>\n3.1. Met\u00e1fora y Pr\u00e9stamo<br \/>\n3.2. Hip\u00e9rbole y Repetici\u00f3n<br \/>\n3.2. Elipsis y Reducci\u00f3n<br \/>\n4. Funci\u00f3n de la narrativa visual<br \/>\n4.1. El desarrollo humano para la formaci\u00f3n y fomento de valores<br \/>\n4.2. Artistas que incursionan en la ilustraci\u00f3n narrativa<br \/>\n5. El boceto previo a la elaboraci\u00f3n de papel<br \/>\n5.1. Idea<br \/>\n5.2. Recursos formales<br \/>\n6. Las posibilidades t\u00e9cnicas y visuales del papel artesanal<br \/>\n6.1. Color<br \/>\n6.2. Textura<br \/>\n<\/td><\/tr><tr class='avia-heading-row'><th class=''>Temas<\/th><\/tr><tr class=''><td class=''>1. Leyes y principios de la teor\u00eda \u2018Gestalt\u2019 y su funci\u00f3n en la imagen gr\u00e1fica<br \/>\n1.1. Fondo y figura<br \/>\n1.2. Simetr\u00eda<br \/>\n1.3. Continuidad<br \/>\n1.4. Semejanza<br \/>\n1.5. Cierre<br \/>\n2. Niveles o grados de iconicidad de la imagen<br \/>\n2.1. Abstracci\u00f3n<br \/>\n2.2. Simbolismo<br \/>\n2.3. Realismo<br \/>\n3. Figuras ret\u00f3ricas y su funci\u00f3n en la ilustraci\u00f3n narrativa a partir de las operaciones<br \/>\nb\u00e1sicas<br \/>\n3.1. Met\u00e1fora y Pr\u00e9stamo<br \/>\n3.2. Hip\u00e9rbole y Repetici\u00f3n<br \/>\n3.2. Elipsis y Reducci\u00f3n<br \/>\n4. Funci\u00f3n de la narrativa visual<br \/>\n4.1. El desarrollo humano para la formaci\u00f3n y fomento de valores<br \/>\n4.2. Artistas que incursionan en la ilustraci\u00f3n narrativa<br \/>\n5. El boceto previo a la elaboraci\u00f3n de papel<br \/>\n5.1. Idea<br \/>\n5.2. Recursos formales<br \/>\n6. Las posibilidades t\u00e9cnicas y visuales del papel artesanal<br \/>\n6.1. Color<br \/>\n6.2. Textura<br \/>\n<\/td><\/tr><\/tbody><\/table><\/div><style type='text\/css'>.avia-table-3 td:nth-of-type(1):before { content: 'Descripci\u00f3n general'; } <\/style><br \/>\n<div style='padding-bottom:10px;font-size:30px;' class='av-special-heading av-special-heading-h3  blockquote modern-quote   av-inherit-size'><h3 class='av-special-heading-tag'  itemprop=\"headline\"  >Requisitos de inscripci\u00f3n<\/h3><div class='special-heading-border'><div class='special-heading-inner-border' ><\/div><\/div><\/div><br \/>\n<div class='avia-data-table-wrap avia_responsive_table'><table class='avia-table avia-data-table avia-table-4  avia_pricing_default'  itemscope=\"itemscope\" itemtype=\"https:\/\/schema.org\/Table\" ><tbody><tr class=''><td class=''>&#8211; Llevar materiales solicitados.<br \/>\n&#8211; Ser joven o adulto con inter\u00e9s por la ilustraci\u00f3n narrativa, la teor\u00eda de la imagen y el desarrollo humano.<br \/>\n-Mostrar respeto durante el aprendizaje con los dem\u00e1s integrantes del grupo y la tallerista.<br \/>\n<\/td><\/tr><tr class=''><td class=''>&#8211; Si tienes inter\u00e9s deber\u00e1s llenar el formulario con los datos completos que se encuentra en esta p\u00e1gina.<br \/>\n&#8211; La lista de seleccionados se publicar\u00e1 en esta p\u00e1gina, tambi\u00e9n se les notificar\u00e1 v\u00eda correo electr\u00f3nico con los detalles de la actividad.<br \/>\n&#8211; Actividad gratuita.<br \/>\n&#8211; Los talleristas ser\u00e1n los responsables de realizar la selecci\u00f3n de alumnos bajo sus criterios.<br \/>\n<\/td><\/tr><\/tbody><\/table><\/div><style type='text\/css'><\/style><br \/>\n<div class='avia-data-table-wrap avia_responsive_table'><table class='avia-table avia-data-table avia-table-5  avia_pricing_default'  itemscope=\"itemscope\" itemtype=\"https:\/\/schema.org\/Table\" ><tbody><tr class='avia-heading-row'><th class=''>Material que se le solicitar\u00e1 al alumno(a)<\/th><\/tr><tr class=''><td class=''>&#8211; Papel para reciclar: de oficina, de revista, peri\u00f3dico y cart\u00f3n (cualquiera)<br \/>\n&#8211; Tijeras<br \/>\n&#8211; Recortes de revista, dibujos o grabados<br \/>\n&#8211; Flores o p\u00e9talos y pulpa de t\u00e9 (de preferencia secos)<br \/>\n&#8211; Hilos de colores<br \/>\n&#8211; 1 bastidor de madera para bordar del n\u00famero 14.<br \/>\n&#8211; 1 pedazo de tela nylon color blanco, (un poco m\u00e1s grande que el bastidor de<br \/>\nmadera para poder prensarlo)<br \/>\n&#8211; 1 esponja grande para lavado de autos (opcional)<br \/>\n<\/td><\/tr><\/tbody><\/table><\/div><style type='text\/css'>.avia-table-5 td:nth-of-type(1):before { content: 'Material que se le solicitar\u00e1 al alumno(a)'; } <\/style><br \/>\n<div class='avia-data-table-wrap avia_responsive_table'><table class='avia-table avia-data-table avia-table-6  avia_pricing_default'  itemscope=\"itemscope\" itemtype=\"https:\/\/schema.org\/Table\" ><tbody><tr class='avia-heading-row'><th class=''>Criterios de selecci\u00f3n de alumnos<\/th><\/tr><tr class=''><td class=''>&#8211; J\u00f3venes y adultos con inter\u00e9s por la ilustraci\u00f3n narrativa, la teor\u00eda de la imagen y el desarrollo humano.<br \/>\n&#8211; Cupo limitado de 16 a 20 personas.<br \/>\n<\/td><\/tr><\/tbody><\/table><\/div><style type='text\/css'>.avia-table-6 td:nth-of-type(1):before { content: 'Criterios de selecci\u00f3n de alumnos'; } <\/style><br \/>\n<div class='avia-data-table-wrap avia_responsive_table'><table class='avia-table avia-data-table avia-table-7  avia_pricing_default'  itemscope=\"itemscope\" itemtype=\"https:\/\/schema.org\/Table\" ><tbody><tr class='avia-heading-row'><th class=''>Nota para los seleccionados<\/th><\/tr><tr class=''><td class=''>&#8211; Clases presenciales en sal\u00f3n de usos m\u00faltiples y sal\u00f3n de te\u00f1ido de tintes naturales del CaSa.<br \/>\n&#8211; Se dejar\u00e1n ejercicios espec\u00edficos a cada estudiante, es fundamental realizarlos para continuar con la siguiente clase.<br \/>\n&#8211; Tener el compromiso y el tiempo para llevar a cabo el taller, ya que las inasistencias injustificadas ser\u00e1n motivo de suspensi\u00f3n y no podr\u00e1 ingresar a talleres futuros.<br \/>\n&#8211; Durante el taller nos estaremos comunicando por medio de mensajes en un grupo de WhatsApp, por ser una herramienta m\u00e1s r\u00e1pida para poder tener una mejor comunicaci\u00f3n con lo que respecta al taller.<br \/>\n<\/td><\/tr><\/tbody><\/table><\/div><style type='text\/css'>.avia-table-7 td:nth-of-type(1):before { content: 'Nota para los seleccionados'; } <\/style><br \/>\n<div id='av-masonry-1' class='av-masonry noHover av-fixed-size av-large-gap av-hover-overlay-active av-masonry-col-flexible av-caption-always av-caption-style- av-masonry-gallery  '  ><div class='av-masonry-container isotope av-js-disabled ' ><div class='av-masonry-entry isotope-item av-masonry-item-no-image '><\/div><a href=\"https:\/\/casa.oaxaca.gob.mx\/wp-content\/uploads\/2025\/08\/Estefania-Gonzalez-Espinoza-01-1030x697.jpg\" id='av-masonry-1-item-17124' data-av-masonry-item='17124' class='av-masonry-entry isotope-item post-17124 attachment type-attachment status-inherit hentry  av-masonry-item-with-image' title=\"\"  itemprop=\"thumbnailUrl\" ><div class='av-inner-masonry-sizer'><\/div><figure class='av-inner-masonry main_color'><div class=\"av-masonry-outerimage-container\"><div class=\"av-masonry-image-container\" style=\"background-image: url(https:\/\/casa.oaxaca.gob.mx\/wp-content\/uploads\/2025\/08\/Estefania-Gonzalez-Espinoza-01-705x477.jpg);\"><img decoding=\"async\" src=\"https:\/\/casa.oaxaca.gob.mx\/wp-content\/uploads\/2025\/08\/Estefania-Gonzalez-Espinoza-01-705x477.jpg\" title=\"Estefan\u00eda Gonz\u00e1lez Espinoza 01\" alt=\"\" \/><\/div><\/div><\/figure><\/a><!--end av-masonry entry--><a href=\"https:\/\/casa.oaxaca.gob.mx\/wp-content\/uploads\/2025\/08\/Estefania-Gonzalez-Espinoza-02-1030x740.jpg\" id='av-masonry-1-item-17125' data-av-masonry-item='17125' class='av-masonry-entry isotope-item post-17125 attachment type-attachment status-inherit hentry  av-masonry-item-with-image' title=\"\"  itemprop=\"thumbnailUrl\" ><div class='av-inner-masonry-sizer'><\/div><figure class='av-inner-masonry main_color'><div class=\"av-masonry-outerimage-container\"><div class=\"av-masonry-image-container\" style=\"background-image: url(https:\/\/casa.oaxaca.gob.mx\/wp-content\/uploads\/2025\/08\/Estefania-Gonzalez-Espinoza-02-705x506.jpg);\"><img decoding=\"async\" src=\"https:\/\/casa.oaxaca.gob.mx\/wp-content\/uploads\/2025\/08\/Estefania-Gonzalez-Espinoza-02-705x506.jpg\" title=\"Estefan\u00eda Gonz\u00e1lez Espinoza 02\" alt=\"\" \/><\/div><\/div><\/figure><\/a><!--end av-masonry entry--><a href=\"https:\/\/casa.oaxaca.gob.mx\/wp-content\/uploads\/2025\/08\/Estefania-Gonzalez-Espinoza-03-1030x644.jpg\" id='av-masonry-1-item-17126' data-av-masonry-item='17126' class='av-masonry-entry isotope-item post-17126 attachment type-attachment status-inherit hentry  av-masonry-item-with-image' title=\"\"  itemprop=\"thumbnailUrl\" ><div class='av-inner-masonry-sizer'><\/div><figure class='av-inner-masonry main_color'><div class=\"av-masonry-outerimage-container\"><div class=\"av-masonry-image-container\" style=\"background-image: url(https:\/\/casa.oaxaca.gob.mx\/wp-content\/uploads\/2025\/08\/Estefania-Gonzalez-Espinoza-03-705x441.jpg);\"><img decoding=\"async\" src=\"https:\/\/casa.oaxaca.gob.mx\/wp-content\/uploads\/2025\/08\/Estefania-Gonzalez-Espinoza-03-705x441.jpg\" title=\"Estefan\u00eda Gonz\u00e1lez Espinoza 03\" alt=\"\" \/><\/div><\/div><\/figure><\/a><!--end av-masonry entry--><a href=\"https:\/\/casa.oaxaca.gob.mx\/wp-content\/uploads\/2025\/08\/Estefania-Gonzalez-Espinoza-04-1030x1013.jpg\" id='av-masonry-1-item-17127' data-av-masonry-item='17127' class='av-masonry-entry isotope-item post-17127 attachment type-attachment status-inherit hentry  av-masonry-item-with-image' title=\"\"  itemprop=\"thumbnailUrl\" ><div class='av-inner-masonry-sizer'><\/div><figure class='av-inner-masonry main_color'><div class=\"av-masonry-outerimage-container\"><div class=\"av-masonry-image-container\" style=\"background-image: url(https:\/\/casa.oaxaca.gob.mx\/wp-content\/uploads\/2025\/08\/Estefania-Gonzalez-Espinoza-04-705x693.jpg);\"><img decoding=\"async\" src=\"https:\/\/casa.oaxaca.gob.mx\/wp-content\/uploads\/2025\/08\/Estefania-Gonzalez-Espinoza-04-705x693.jpg\" title=\"Estefan\u00eda Gonz\u00e1lez Espinoza 04\" alt=\"\" \/><\/div><\/div><\/figure><\/a><!--end av-masonry entry--><a href=\"https:\/\/casa.oaxaca.gob.mx\/wp-content\/uploads\/2025\/08\/Estefania-Gonzalez-Espinoza-05-1030x604.jpg\" id='av-masonry-1-item-17128' data-av-masonry-item='17128' class='av-masonry-entry isotope-item post-17128 attachment type-attachment status-inherit hentry  av-masonry-item-with-image' title=\"\"  itemprop=\"thumbnailUrl\" ><div class='av-inner-masonry-sizer'><\/div><figure class='av-inner-masonry main_color'><div class=\"av-masonry-outerimage-container\"><div class=\"av-masonry-image-container\" style=\"background-image: url(https:\/\/casa.oaxaca.gob.mx\/wp-content\/uploads\/2025\/08\/Estefania-Gonzalez-Espinoza-05-705x414.jpg);\"><img decoding=\"async\" src=\"https:\/\/casa.oaxaca.gob.mx\/wp-content\/uploads\/2025\/08\/Estefania-Gonzalez-Espinoza-05-705x414.jpg\" title=\"Estefan\u00eda Gonz\u00e1lez Espinoza 05\" alt=\"\" \/><\/div><\/div><\/figure><\/a><!--end av-masonry entry--><\/div><\/div><\/p><\/div>\n","protected":false},"excerpt":{"rendered":"","protected":false},"author":1,"featured_media":17121,"comment_status":"open","ping_status":"open","sticky":false,"template":"","format":"standard","meta":{"_exactmetrics_skip_tracking":false,"_exactmetrics_sitenote_active":false,"_exactmetrics_sitenote_note":"","_exactmetrics_sitenote_category":0,"footnotes":""},"categories":[204],"tags":[],"class_list":["post-17123","post","type-post","status-publish","format-standard","has-post-thumbnail","hentry","category-204"],"_links":{"self":[{"href":"https:\/\/casa.oaxaca.gob.mx\/index.php?rest_route=\/wp\/v2\/posts\/17123","targetHints":{"allow":["GET"]}}],"collection":[{"href":"https:\/\/casa.oaxaca.gob.mx\/index.php?rest_route=\/wp\/v2\/posts"}],"about":[{"href":"https:\/\/casa.oaxaca.gob.mx\/index.php?rest_route=\/wp\/v2\/types\/post"}],"author":[{"embeddable":true,"href":"https:\/\/casa.oaxaca.gob.mx\/index.php?rest_route=\/wp\/v2\/users\/1"}],"replies":[{"embeddable":true,"href":"https:\/\/casa.oaxaca.gob.mx\/index.php?rest_route=%2Fwp%2Fv2%2Fcomments&post=17123"}],"version-history":[{"count":3,"href":"https:\/\/casa.oaxaca.gob.mx\/index.php?rest_route=\/wp\/v2\/posts\/17123\/revisions"}],"predecessor-version":[{"id":17613,"href":"https:\/\/casa.oaxaca.gob.mx\/index.php?rest_route=\/wp\/v2\/posts\/17123\/revisions\/17613"}],"wp:featuredmedia":[{"embeddable":true,"href":"https:\/\/casa.oaxaca.gob.mx\/index.php?rest_route=\/wp\/v2\/media\/17121"}],"wp:attachment":[{"href":"https:\/\/casa.oaxaca.gob.mx\/index.php?rest_route=%2Fwp%2Fv2%2Fmedia&parent=17123"}],"wp:term":[{"taxonomy":"category","embeddable":true,"href":"https:\/\/casa.oaxaca.gob.mx\/index.php?rest_route=%2Fwp%2Fv2%2Fcategories&post=17123"},{"taxonomy":"post_tag","embeddable":true,"href":"https:\/\/casa.oaxaca.gob.mx\/index.php?rest_route=%2Fwp%2Fv2%2Ftags&post=17123"}],"curies":[{"name":"wp","href":"https:\/\/api.w.org\/{rel}","templated":true}]}}