{"id":17151,"date":"2025-08-14T13:11:07","date_gmt":"2025-08-14T19:11:07","guid":{"rendered":"https:\/\/casa.oaxaca.gob.mx\/?p=17151"},"modified":"2026-01-22T13:50:02","modified_gmt":"2026-01-22T19:50:02","slug":"taller-presencial-introduccion-a-un-telar-computarizado-avl-imparte-iris-calderon","status":"publish","type":"post","link":"https:\/\/casa.oaxaca.gob.mx\/?p=17151","title":{"rendered":"Taller presencial. Introducci\u00f3n a un Telar Computarizado AVL. Imparte: Iris Calder\u00f3n."},"content":{"rendered":"<\/div><\/div><\/div><!-- close content main div --><\/div><\/div><div id='av_section_1' class='avia-section main_color avia-section-no-padding avia-no-border-styling avia-full-stretch av-parallax-section avia-bg-style-parallax  av-minimum-height av-minimum-height-75 container_wrap fullsize'  data-section-bg-repeat='stretch' ><div class='av-parallax' data-avia-parallax-ratio='0.3' ><div class='av-parallax-inner main_color  avia-full-stretch' style = 'background-repeat: no-repeat; background-image: url(https:\/\/casa.oaxaca.gob.mx\/wp-content\/uploads\/2025\/08\/Introduccion-a-un-telar-computarizado_portada-scaled.jpg); background-attachment: scroll; background-position: bottom center; ' ><\/div><\/div><div class='container' ><div class='template-page content  av-content-full alpha units'><div class='post-entry post-entry-type-page post-entry-17151'><div class='entry-content-wrapper clearfix'>\n<div style='padding-bottom:10px;color:#ffffff;font-size:50px;' class='av-special-heading av-special-heading-h3 custom-color-heading blockquote modern-quote  av-inherit-size'><h3 class='av-special-heading-tag'  itemprop=\"headline\"  >Taller presencial. Introducci\u00f3n a un Telar Computarizado AVL.<\/h3><div class ='av-subheading av-subheading_below av_custom_color' style='font-size:25px;'><p>Imparten: Iris Calder\u00f3n<\/p>\n<\/div><div class='special-heading-border'><div class='special-heading-inner-border' style='border-color:#ffffff'><\/div><\/div><\/div>\n\n<\/div><\/div><\/div><!-- close content main div --><\/div><\/div><div id='av-layout-grid-1' class='av-layout-grid-container entry-content-wrapper main_color av-flex-cells  container_wrap fullsize'   >\n<div class=\"flex_cell no_margin av_one_full   \" style='vertical-align:top; padding:30px; background-color:#ED9600; '><div class='flex_cell_inner' ><p><div class=\"flex_column av_one_fourth  flex_column_div av-zero-column-padding first  \" style='border-radius:0px; '><div style='padding-bottom:10px;color:#ffffff;' class='av-special-heading av-special-heading-h3 custom-color-heading blockquote modern-quote '><h3 class='av-special-heading-tag'  itemprop=\"headline\"  >Cierre de inscripciones<\/h3><div class ='av-subheading av-subheading_below av_custom_color' style='font-size:20px;'><p>Viernes 12 de septiembre del 2025<\/p>\n<p>Publicaci\u00f3n de resultados<br \/>\nMartes 16 de septiembre del 2025<\/p>\n<\/div><div class='special-heading-border'><div class='special-heading-inner-border' style='border-color:#ffffff'><\/div><\/div><\/div><\/div><div class=\"flex_column av_one_fourth  flex_column_div av-zero-column-padding   \" style='border-radius:0px; '><div style='padding-bottom:10px;color:#ffffff;' class='av-special-heading av-special-heading-h3 custom-color-heading blockquote modern-quote '><h3 class='av-special-heading-tag'  itemprop=\"headline\"  >Fechas<\/h3><div class ='av-subheading av-subheading_below av_custom_color' style='font-size:20px;'><p>Lunes a viernes<br \/>\nDel 22 al 26 de septiembre de 2025<\/p>\n<\/div><div class='special-heading-border'><div class='special-heading-inner-border' style='border-color:#ffffff'><\/div><\/div><\/div><\/div><div class=\"flex_column av_one_fourth  flex_column_div av-zero-column-padding   \" style='border-radius:0px; '><div style='padding-bottom:10px;color:#ffffff;' class='av-special-heading av-special-heading-h3 custom-color-heading blockquote modern-quote '><h3 class='av-special-heading-tag'  itemprop=\"headline\"  >Horario<\/h3><div class ='av-subheading av-subheading_below av_custom_color' style='font-size:20px;'><p>De 10 a 14 horas<br \/>\nDe 15 a 17 horas (tiempo opcional para dise\u00f1o\/tejido)<\/p>\n<\/div><div class='special-heading-border'><div class='special-heading-inner-border' style='border-color:#ffffff'><\/div><\/div><\/div><\/div><div class=\"flex_column av_one_fourth  flex_column_div av-zero-column-padding   \" style='border-radius:0px; '><section class=\"avia_codeblock_section avia_code_block_0\"  itemscope=\"itemscope\" itemtype=\"https:\/\/schema.org\/BlogPosting\" itemprop=\"blogPost\" ><div class='avia_codeblock '  itemprop=\"text\" > [avia_codeblock_placeholder uid=\"0\"] <\/div><\/section><\/div><\/p>\n<\/div><\/div>\n<\/div>\n<div class=\"flex_column av_two_fifth  flex_column_div av-zero-column-padding first  \" style='border-radius:0px; '><p><div class='av-social-sharing-box '><div class='av-share-box'><h5 class='av-share-link-description'>Compartir esta actividad<\/h5><ul class='av-share-box-list noLightbox'><li class='av-share-link av-social-link-facebook' ><a target='_blank' href='http:\/\/www.facebook.com\/sharer.php?u=https:\/\/casa.oaxaca.gob.mx\/?p=17151&amp;t=Taller%20presencial.%20Introducci%C3%B3n%20a%20un%20Telar%20Computarizado%20AVL.%20Imparte%3A%20Iris%20Calder%C3%B3n.' aria-hidden='true' data-av_icon='\ue8f3' data-av_iconfont='entypo-fontello' title='' data-avia-related-tooltip='Share on Facebook'><span class='avia_hidden_link_text'>Share on Facebook<\/span><\/a><\/li><li class='av-share-link av-social-link-twitter' ><a target='_blank' href='https:\/\/twitter.com\/share?text=Taller%20presencial.%20Introducci%C3%B3n%20a%20un%20Telar%20Computarizado%20AVL.%20Imparte%3A%20Iris%20Calder%C3%B3n.&url=https:\/\/casa.oaxaca.gob.mx\/?p=17151' aria-hidden='true' data-av_icon='\ue8f1' data-av_iconfont='entypo-fontello' title='' data-avia-related-tooltip='Share on Twitter'><span class='avia_hidden_link_text'>Share on Twitter<\/span><\/a><\/li><li class='av-share-link av-social-link-gplus' ><a target='_blank' href='https:\/\/plus.google.com\/share?url=https:\/\/casa.oaxaca.gob.mx\/?p=17151' aria-hidden='true' data-av_icon='\ue8f6' data-av_iconfont='entypo-fontello' title='' data-avia-related-tooltip='Share on Google+'><span class='avia_hidden_link_text'>Share on Google+<\/span><\/a><\/li><li class='av-share-link av-social-link-pinterest' ><a target='_blank' href='http:\/\/pinterest.com\/pin\/create\/button\/?url=https%3A%2F%2Fcasa.oaxaca.gob.mx%2F%3Fp%3D17151&amp;description=Taller%20presencial.%20Introducci%C3%B3n%20a%20un%20Telar%20Computarizado%20AVL.%20Imparte%3A%20Iris%20Calder%C3%B3n.&amp;media=https%3A%2F%2Fcasa.oaxaca.gob.mx%2Fwp-content%2Fuploads%2F2025%2F08%2FIntroduccion-a-un-telar-computarizado_cerrada-705x484.jpg' aria-hidden='true' data-av_icon='\ue8f8' data-av_iconfont='entypo-fontello' title='' data-avia-related-tooltip='Share on Pinterest'><span class='avia_hidden_link_text'>Share on Pinterest<\/span><\/a><\/li><li class='av-share-link av-social-link-mail' ><a  href='mailto:?subject=Taller%20presencial.%20Introducci%C3%B3n%20a%20un%20Telar%20Computarizado%20AVL.%20Imparte%3A%20Iris%20Calder%C3%B3n.&amp;body=https:\/\/casa.oaxaca.gob.mx\/?p=17151' aria-hidden='true' data-av_icon='\ue805' data-av_iconfont='entypo-fontello' title='' data-avia-related-tooltip='Share by Mail'><span class='avia_hidden_link_text'>Share by Mail<\/span><\/a><\/li><\/ul><\/div><\/div><br \/>\n<div  class='hr hr-default '><span class='hr-inner ' ><span class='hr-inner-style'><\/span><\/span><\/div><br \/>\n<div style='padding-bottom:10px;font-size:30px;' class='av-special-heading av-special-heading-h3  blockquote modern-quote  av-inherit-size'><h3 class='av-special-heading-tag'  itemprop=\"headline\"  >Sobre la tallerista<\/h3><div class='special-heading-border'><div class='special-heading-inner-border' ><\/div><\/div><\/div><br \/>\n<div class='avia-data-table-wrap avia_responsive_table'><table class='avia-table avia-data-table avia-table-1  avia_pricing_default'  itemscope=\"itemscope\" itemtype=\"https:\/\/schema.org\/Table\" ><tbody><tr class='avia-heading-row'><th class=''>Iris Calder\u00f3n Guti\u00e9rrez<\/th><\/tr><tr class=''><td class=''>Dise\u00f1adora integral egresada del ITESO. Como tejedora, se form\u00f3 con grandes maestros en Estados Unidos, donde aprendi\u00f3 a tejer en una amplia gama de telares de pedal desde modelos tradicionales hasta computarizados y domina t\u00e9cnicas como doble tela, dise\u00f1o de bloques, urdimbre suplementaria y overshot entre otras. Su conocimiento de tintes naturales viene de la participaci\u00f3n con Fibershed California donde se form\u00f3 con Sasha Duerr y Porfirio Guti\u00e9rrez. Radicada en Oaxaca, colabora estrechamente con tejedores de telar de lanzadera y ofrece consultor\u00eda para entrelazar dise\u00f1o social y saberes artesanales.<br \/>\nDurante m\u00e1s de una d\u00e9cada ha liderado proyectos de visual merchandising y desarrollo de producto; destaca su gesti\u00f3n creativa en Flora Grubb Gardens (San Francisco y Los \u00c1ngeles), donde refin\u00f3 la integraci\u00f3n entre est\u00e9tica, narrativa comercial y cuidado ambiental. Su afinidad con las plantas la llev\u00f3 a certificarse en Dise\u00f1o de Jardines Sustentables por The Ruth Bancroft Garden, incorporando bot\u00e1nica y sostenibilidad a su pr\u00e1ctica textil.<br \/>\n<\/td><\/tr><\/tbody><\/table><\/div><style type='text\/css'>.avia-table-1 td:nth-of-type(1):before { content: 'Iris Calder\u00f3n Guti\u00e9rrez'; } <\/style><\/p><\/div>\n<div class=\"flex_column av_three_fifth  flex_column_div av-zero-column-padding   \" style='border-radius:0px; '><p><div style='padding-bottom:10px;font-size:30px;' class='av-special-heading av-special-heading-h3  blockquote modern-quote   av-inherit-size'><h3 class='av-special-heading-tag'  itemprop=\"headline\"  >Acerca del taller<\/h3><div class='special-heading-border'><div class='special-heading-inner-border' ><\/div><\/div><\/div><br \/>\n<div class='avia-data-table-wrap avia_responsive_table'><table class='avia-table avia-data-table avia-table-2  avia_pricing_default'  itemscope=\"itemscope\" itemtype=\"https:\/\/schema.org\/Table\" ><tbody><tr class='avia-heading-row'><th class=''>LISTA DE SELECCIONADOS<\/th><\/tr><tr class=''><td class=''>Fernando Daniel Hern\u00e1ndez Salones<br \/>\nLaya Fern\u00e1ndez Antonio<br \/>\nJorge Alberto Romero Canseco<br \/>\nXochitl Alondra Velasco Esparza<br \/>\nGuadalupe Romo Aguilar<\/td><\/tr><\/tbody><\/table><\/div><style type='text\/css'>.avia-table-2 td:nth-of-type(1):before { content: 'LISTA DE SELECCIONADOS'; } <\/style><br \/>\n<div class='avia-data-table-wrap avia_responsive_table'><table class='avia-table avia-data-table avia-table-3  avia_pricing_default'  itemscope=\"itemscope\" itemtype=\"https:\/\/schema.org\/Table\" ><tbody><tr class='avia-heading-row'><th class=''>Descripci\u00f3n general<\/th><\/tr><tr class=''><td class=''>Taller intensivo de cinco d\u00edas dirigido a tejedoras y tejedores de nivel intermedio a avanzado. Aprender\u00e1s a trasladar tus saberes del telar manual al Telar Computarizado AVL, trabajando con 16 lizos. Reforzaremos y ampliaremos el vocabulario textil que usamos en el taller; aprender\u00e1s a leer y crear esquemas de tejido. Conocer\u00e1s c\u00f3mo es el montaje de la urdimbre directo a un julio seccionado y el flujo b\u00e1sico del software de dise\u00f1o textil WeavePoint. Cada participante elaborar\u00e1 una o m\u00e1s muestras que sentar\u00e1n bases s\u00f3lidas para proyectos de mayor complejidad. El cupo est\u00e1 limitado a cuatro personas, lo que garantiza acompa\u00f1amiento cercano y un ambiente de intercambio enriquecedor.<\/p>\n<p>\u00bfQu\u00e9 es un telar AVL Computarizado?<br \/>\nEl AVL Series A es un telar de piso computarizado que combina procesos tradicionales de tejido con tecnolog\u00eda avanzada. Incorpora un sistema compu-dobby, un mecanismo electr\u00f3nico que reemplaza los pedales y el amarre tradicional. El telar recibe el archivo de dise\u00f1o desde el software WeavePoint y, en cada pasada, el compu-dobby levanta autom\u00e1ticamente los lizos correspondientes, permitiendo cambiar de ligamento en segundos. Seg\u00fan su configuraci\u00f3n, puede trabajar con m\u00faltiples lizos (desde 2 hasta 40) e incluye dos julios para la urdimbre: uno seccionado y uno tradicional.<br \/>\n<\/td><\/tr><tr class='avia-heading-row'><th class=''>Objetivo general<\/th><\/tr><tr class=''><td class=''>El telar AVL abre un mundo nuevo para quienes ya dominan alguna t\u00e9cnica de tejido en telar y desean ir m\u00e1s all\u00e1. Este taller brinda una primera inmersi\u00f3n donde la tradici\u00f3n del tejido se fusiona con la tecnolog\u00eda, invitando a explorar t\u00e9cnicas, recursos y procesos que potenciar\u00e1n tu creatividad. Al finalizar, te llevar\u00e1s habilidades frescas y la confianza para incorporarlas a tu pr\u00e1ctica diaria, ampliando las posibilidades de dise\u00f1o y producci\u00f3n en cualquier proyecto textil.<br \/>\n<\/td><\/tr><tr class='avia-heading-row'><th class=''>Objetivos espec\u00edficos<\/th><\/tr><tr class=''><td class=''>Al finalizar de este taller, cada participante:<br \/>\n&#8211; Comprender\u00e1 la conexi\u00f3n entre un telar manual y uno computarizado.<br \/>\n&#8211; Conocer\u00e1 nuevas herramientas para preparar una urdimbre.<br \/>\n&#8211; Lograr\u00e1 leer y crear esquemas de tejido.<br \/>\n&#8211; Explorar\u00e1 los ligamentos para tejer con 16 lizos.<br \/>\n&#8211; Aprender\u00e1 las bases de un software de dise\u00f1o textil.<br \/>\n&#8211; Tejer\u00e1 de una a dos muestras.<br \/>\n<\/td><\/tr><tr class='avia-heading-row'><th class=''>Temas<\/th><\/tr><tr class=''><td class=''>1. Diferencias y semejanzas entre un telar tradicional y uno computarizado<br \/>\n2. Proceso de urdir con un julio seccionado<br \/>\n3. Lectura y creaci\u00f3n de esquemas de tejido<br \/>\n4. Creaci\u00f3n de ligamentos en estructura de sarga para generar nuevos dise\u00f1os<br \/>\n5. Planeaci\u00f3n de un proyecto textil<br \/>\n6. Introducci\u00f3n al software de dise\u00f1o textil WeavePoint<br \/>\n7. Proceso de tejido y operaci\u00f3n de un telar AVL computarizado<br \/>\n8. Tejido de una o m\u00e1s muestras por alumno (cada alumno tendr\u00e1 su horario independiente para tejer)<br \/>\n<\/td><\/tr><\/tbody><\/table><\/div><style type='text\/css'>.avia-table-3 td:nth-of-type(1):before { content: 'Descripci\u00f3n general'; } <\/style><br \/>\n<div style='padding-bottom:10px;font-size:30px;' class='av-special-heading av-special-heading-h3  blockquote modern-quote   av-inherit-size'><h3 class='av-special-heading-tag'  itemprop=\"headline\"  >Requisitos de inscripci\u00f3n<\/h3><div class='special-heading-border'><div class='special-heading-inner-border' ><\/div><\/div><\/div><br \/>\n<div class='avia-data-table-wrap avia_responsive_table'><table class='avia-table avia-data-table avia-table-4  avia_pricing_default'  itemscope=\"itemscope\" itemtype=\"https:\/\/schema.org\/Table\" ><tbody><tr class=''><td class=''>&#8211; Adjuntar 5 im\u00e1genes de tejido que representen la t\u00e9cnica que domines<br \/>\n&#8211; Escribir un p\u00e1rrafo de m\u00e1ximo 100 palabras explicando por qu\u00e9 te gustar\u00eda participar en este taller<br \/>\n&#8211; Estar abierto al uso de una computadora<br \/>\n&#8211; Compromiso de asistencia durante los 5 d\u00edas del taller<br \/>\n&#8211; Disposici\u00f3n para compartir conocimientos<br \/>\n<\/td><\/tr><tr class=''><td class=''>&#8211; Si tienes inter\u00e9s deber\u00e1s llenar el formulario con los datos completos que se encuentra en esta p\u00e1gina.<br \/>\n&#8211; La lista de seleccionados se publicar\u00e1 en esta p\u00e1gina, tambi\u00e9n se les notificar\u00e1 v\u00eda correo electr\u00f3nico con los detalles de la actividad.<br \/>\n&#8211; Actividad gratuita.<br \/>\n&#8211; Los talleristas ser\u00e1n los responsables de realizar la selecci\u00f3n de alumnos bajo sus criterios.<br \/>\n<\/td><\/tr><\/tbody><\/table><\/div><style type='text\/css'><\/style><br \/>\n<div class='avia-data-table-wrap avia_responsive_table'><table class='avia-table avia-data-table avia-table-5  avia_pricing_default'  itemscope=\"itemscope\" itemtype=\"https:\/\/schema.org\/Table\" ><tbody><tr class='avia-heading-row'><th class=''>Material que se le solicitar\u00e1 al alumno(a)<\/th><\/tr><tr class=''><td class=''>&#8212;<\/td><\/tr><\/tbody><\/table><\/div><style type='text\/css'>.avia-table-5 td:nth-of-type(1):before { content: 'Material que se le solicitar\u00e1 al alumno(a)'; } <\/style><br \/>\n<div class='avia-data-table-wrap avia_responsive_table'><table class='avia-table avia-data-table avia-table-6  avia_pricing_default'  itemscope=\"itemscope\" itemtype=\"https:\/\/schema.org\/Table\" ><tbody><tr class='avia-heading-row'><th class=''>Criterios de selecci\u00f3n de alumnos<\/th><\/tr><tr class=''><td class=''>&#8211; Este taller est\u00e1 dirigido a tejedoras y tejedores con experiencia intermedia a avanzada que ya dominen alguna t\u00e9cnica de tejido (telar de cintura, pedal o lanzadera)<br \/>\n&#8211; S\u00f3lo se seleccionar\u00e1n 4 participantes<br \/>\n<\/td><\/tr><\/tbody><\/table><\/div><style type='text\/css'>.avia-table-6 td:nth-of-type(1):before { content: 'Criterios de selecci\u00f3n de alumnos'; } <\/style><br \/>\n<div class='avia-data-table-wrap avia_responsive_table'><table class='avia-table avia-data-table avia-table-7  avia_pricing_default'  itemscope=\"itemscope\" itemtype=\"https:\/\/schema.org\/Table\" ><tbody><tr class='avia-heading-row'><th class=''>Nota para los seleccionados<\/th><\/tr><tr class=''><td class=''>&#8211; Clases presenciales en (Producci\u00f3n art\u00edstica) del CaSa<br \/>\n&#8211; Se dejar\u00e1n ejercicios espec\u00edficos a cada estudiante, es fundamental realizarlos para continuar con la siguiente clase.<br \/>\n&#8211; Tener el compromiso y el tiempo para llevar a cabo el taller, ya que las inasistencias injustificadas ser\u00e1n motivo de suspensi\u00f3n y no podr\u00e1 ingresar a talleres futuros.<br \/>\n&#8211; Durante el taller nos estaremos comunicando por medio de mensajes en un grupo de WhatsApp, por ser una herramienta m\u00e1s r\u00e1pida para poder tener una mejor comunicaci\u00f3n con lo que respecta al taller.<br \/>\n<\/td><\/tr><\/tbody><\/table><\/div><style type='text\/css'>.avia-table-7 td:nth-of-type(1):before { content: 'Nota para los seleccionados'; } <\/style><br \/>\n<div id='av-masonry-1' class='av-masonry noHover av-fixed-size av-large-gap av-hover-overlay-active av-masonry-col-flexible av-caption-always av-caption-style- av-masonry-gallery  '  ><div class='av-masonry-container isotope av-js-disabled ' ><div class='av-masonry-entry isotope-item av-masonry-item-no-image '><\/div><a href=\"https:\/\/casa.oaxaca.gob.mx\/wp-content\/uploads\/2025\/08\/IMG_2028-841x1030.jpg\" id='av-masonry-1-item-17152' data-av-masonry-item='17152' class='av-masonry-entry isotope-item post-17152 attachment type-attachment status-inherit hentry  av-masonry-item-with-image' title=\"\"  itemprop=\"thumbnailUrl\" ><div class='av-inner-masonry-sizer'><\/div><figure class='av-inner-masonry main_color'><div class=\"av-masonry-outerimage-container\"><div class=\"av-masonry-image-container\" style=\"background-image: url(https:\/\/casa.oaxaca.gob.mx\/wp-content\/uploads\/2025\/08\/IMG_2028-576x705.jpg);\"><img decoding=\"async\" src=\"https:\/\/casa.oaxaca.gob.mx\/wp-content\/uploads\/2025\/08\/IMG_2028-576x705.jpg\" title=\"IMG_2028\" alt=\"\" \/><\/div><\/div><\/figure><\/a><!--end av-masonry entry--><a href=\"https:\/\/casa.oaxaca.gob.mx\/wp-content\/uploads\/2025\/08\/IMG_2984-773x1030.jpg\" id='av-masonry-1-item-17153' data-av-masonry-item='17153' class='av-masonry-entry isotope-item post-17153 attachment type-attachment status-inherit hentry  av-masonry-item-with-image' title=\"\"  itemprop=\"thumbnailUrl\" ><div class='av-inner-masonry-sizer'><\/div><figure class='av-inner-masonry main_color'><div class=\"av-masonry-outerimage-container\"><div class=\"av-masonry-image-container\" style=\"background-image: url(https:\/\/casa.oaxaca.gob.mx\/wp-content\/uploads\/2025\/08\/IMG_2984-529x705.jpg);\"><img decoding=\"async\" src=\"https:\/\/casa.oaxaca.gob.mx\/wp-content\/uploads\/2025\/08\/IMG_2984-529x705.jpg\" title=\"IMG_2984\" alt=\"\" \/><\/div><\/div><\/figure><\/a><!--end av-masonry entry--><a href=\"https:\/\/casa.oaxaca.gob.mx\/wp-content\/uploads\/2025\/08\/IMG_3226-773x1030.jpg\" id='av-masonry-1-item-17154' data-av-masonry-item='17154' class='av-masonry-entry isotope-item post-17154 attachment type-attachment status-inherit hentry  av-masonry-item-with-image' title=\"\"  itemprop=\"thumbnailUrl\" ><div class='av-inner-masonry-sizer'><\/div><figure class='av-inner-masonry main_color'><div class=\"av-masonry-outerimage-container\"><div class=\"av-masonry-image-container\" style=\"background-image: url(https:\/\/casa.oaxaca.gob.mx\/wp-content\/uploads\/2025\/08\/IMG_3226-529x705.jpg);\"><img decoding=\"async\" src=\"https:\/\/casa.oaxaca.gob.mx\/wp-content\/uploads\/2025\/08\/IMG_3226-529x705.jpg\" title=\"IMG_3226\" alt=\"\" \/><\/div><\/div><\/figure><\/a><!--end av-masonry entry--><\/div><\/div><\/p><\/div>\n","protected":false},"excerpt":{"rendered":"","protected":false},"author":1,"featured_media":17148,"comment_status":"open","ping_status":"open","sticky":false,"template":"","format":"standard","meta":{"_exactmetrics_skip_tracking":false,"_exactmetrics_sitenote_active":false,"_exactmetrics_sitenote_note":"","_exactmetrics_sitenote_category":0,"footnotes":""},"categories":[204],"tags":[],"class_list":["post-17151","post","type-post","status-publish","format-standard","has-post-thumbnail","hentry","category-204"],"_links":{"self":[{"href":"https:\/\/casa.oaxaca.gob.mx\/index.php?rest_route=\/wp\/v2\/posts\/17151","targetHints":{"allow":["GET"]}}],"collection":[{"href":"https:\/\/casa.oaxaca.gob.mx\/index.php?rest_route=\/wp\/v2\/posts"}],"about":[{"href":"https:\/\/casa.oaxaca.gob.mx\/index.php?rest_route=\/wp\/v2\/types\/post"}],"author":[{"embeddable":true,"href":"https:\/\/casa.oaxaca.gob.mx\/index.php?rest_route=\/wp\/v2\/users\/1"}],"replies":[{"embeddable":true,"href":"https:\/\/casa.oaxaca.gob.mx\/index.php?rest_route=%2Fwp%2Fv2%2Fcomments&post=17151"}],"version-history":[{"count":3,"href":"https:\/\/casa.oaxaca.gob.mx\/index.php?rest_route=\/wp\/v2\/posts\/17151\/revisions"}],"predecessor-version":[{"id":17597,"href":"https:\/\/casa.oaxaca.gob.mx\/index.php?rest_route=\/wp\/v2\/posts\/17151\/revisions\/17597"}],"wp:featuredmedia":[{"embeddable":true,"href":"https:\/\/casa.oaxaca.gob.mx\/index.php?rest_route=\/wp\/v2\/media\/17148"}],"wp:attachment":[{"href":"https:\/\/casa.oaxaca.gob.mx\/index.php?rest_route=%2Fwp%2Fv2%2Fmedia&parent=17151"}],"wp:term":[{"taxonomy":"category","embeddable":true,"href":"https:\/\/casa.oaxaca.gob.mx\/index.php?rest_route=%2Fwp%2Fv2%2Fcategories&post=17151"},{"taxonomy":"post_tag","embeddable":true,"href":"https:\/\/casa.oaxaca.gob.mx\/index.php?rest_route=%2Fwp%2Fv2%2Ftags&post=17151"}],"curies":[{"name":"wp","href":"https:\/\/api.w.org\/{rel}","templated":true}]}}