{"id":17175,"date":"2025-08-14T13:48:53","date_gmt":"2025-08-14T19:48:53","guid":{"rendered":"https:\/\/casa.oaxaca.gob.mx\/?p=17175"},"modified":"2026-01-22T13:50:02","modified_gmt":"2026-01-22T19:50:02","slug":"taller-presencial-hilos-de-plata-iniciacion-a-la-filigrana-tradicional-de-juchitan-oaxaca-imparte-candido-santiago","status":"publish","type":"post","link":"https:\/\/casa.oaxaca.gob.mx\/?p=17175","title":{"rendered":"Taller presencial. Hilos de Plata: Iniciaci\u00f3n a la Filigrana Tradicional de Juchit\u00e1n, Oaxaca. Imparte: C\u00e1ndido Santiago."},"content":{"rendered":"<\/div><\/div><\/div><!-- close content main div --><\/div><\/div><div id='av_section_1' class='avia-section main_color avia-section-no-padding avia-no-border-styling avia-full-stretch av-parallax-section avia-bg-style-parallax  av-minimum-height av-minimum-height-75 container_wrap fullsize' style = 'background-color: #0a0a0a; ' data-section-bg-repeat='stretch' ><div class='av-parallax' data-avia-parallax-ratio='0.3' ><div class='av-parallax-inner main_color  avia-full-stretch' style = 'background-color: #0a0a0a; background-repeat: no-repeat; background-image: url(https:\/\/casa.oaxaca.gob.mx\/wp-content\/uploads\/2025\/08\/Hilos_de_plata_Iniciacion_Filigrana_tradicional_de_Juchitan_portada-scaled.jpg); background-attachment: scroll; background-position: bottom center; ' ><\/div><\/div><div class='container' ><div class='template-page content  av-content-full alpha units'><div class='post-entry post-entry-type-page post-entry-17175'><div class='entry-content-wrapper clearfix'>\n<div style='padding-bottom:10px;color:#ffffff;font-size:50px;' class='av-special-heading av-special-heading-h3 custom-color-heading blockquote modern-quote  av-inherit-size'><h3 class='av-special-heading-tag'  itemprop=\"headline\"  >Taller presencial. Hilos de Plata: Iniciaci\u00f3n a la Filigrana Tradicional de Juchit\u00e1n, Oaxaca.<\/h3><div class ='av-subheading av-subheading_below av_custom_color' style='font-size:25px;'><p>Imparte: C\u00e1ndido Santiago.<\/p>\n<\/div><div class='special-heading-border'><div class='special-heading-inner-border' style='border-color:#ffffff'><\/div><\/div><\/div>\n\n<\/div><\/div><\/div><!-- close content main div --><\/div><\/div><div id='av-layout-grid-1' class='av-layout-grid-container entry-content-wrapper main_color av-flex-cells  container_wrap fullsize'   >\n<div class=\"flex_cell no_margin av_one_full   \" style='vertical-align:top; padding:30px; background-color:#ED9600; '><div class='flex_cell_inner' ><p><div class=\"flex_column av_one_fourth  flex_column_div av-zero-column-padding first  \" style='border-radius:0px; '><div style='padding-bottom:10px;color:#ffffff;' class='av-special-heading av-special-heading-h3 custom-color-heading blockquote modern-quote '><h3 class='av-special-heading-tag'  itemprop=\"headline\"  >Cierre de inscripciones<\/h3><div class ='av-subheading av-subheading_below av_custom_color' style='font-size:20px;'><p>Domingo 7 de septiembre de 2025<\/p>\n<p>Publicaci\u00f3n de resultados<br \/>\nMi\u00e9rcoles 10 de septiembre de 2025<\/p>\n<\/div><div class='special-heading-border'><div class='special-heading-inner-border' style='border-color:#ffffff'><\/div><\/div><\/div><\/div><div class=\"flex_column av_one_fourth  flex_column_div av-zero-column-padding   \" style='border-radius:0px; '><div style='padding-bottom:10px;color:#ffffff;' class='av-special-heading av-special-heading-h3 custom-color-heading blockquote modern-quote  '><h3 class='av-special-heading-tag'  itemprop=\"headline\"  >Fechas<\/h3><div class ='av-subheading av-subheading_below av_custom_color' style='font-size:20px;'><p>De lunes a viernes<br \/>\nDel 15 al 19 de septiembre de 2025<\/p>\n<\/div><div class='special-heading-border'><div class='special-heading-inner-border' style='border-color:#ffffff'><\/div><\/div><\/div><\/div><div class=\"flex_column av_one_fourth  flex_column_div av-zero-column-padding   \" style='border-radius:0px; '><div style='padding-bottom:10px;color:#ffffff;' class='av-special-heading av-special-heading-h3 custom-color-heading blockquote modern-quote '><h3 class='av-special-heading-tag'  itemprop=\"headline\"  >Horario<\/h3><div class ='av-subheading av-subheading_below av_custom_color' style='font-size:20px;'><p>De 10 a 14 horas<\/p>\n<\/div><div class='special-heading-border'><div class='special-heading-inner-border' style='border-color:#ffffff'><\/div><\/div><\/div><\/div><div class=\"flex_column av_one_fourth  flex_column_div av-zero-column-padding   \" style='border-radius:0px; '><section class=\"avia_codeblock_section avia_code_block_0\"  itemscope=\"itemscope\" itemtype=\"https:\/\/schema.org\/BlogPosting\" itemprop=\"blogPost\" ><div class='avia_codeblock '  itemprop=\"text\" > [avia_codeblock_placeholder uid=\"0\"] <\/div><\/section><\/div><\/p>\n<\/div><\/div>\n<\/div>\n<div class=\"flex_column av_two_fifth  flex_column_div av-zero-column-padding first  \" style='border-radius:0px; '><p><div class='av-social-sharing-box '><div class='av-share-box'><h5 class='av-share-link-description'>Compartir esta actividad<\/h5><ul class='av-share-box-list noLightbox'><li class='av-share-link av-social-link-facebook' ><a target='_blank' href='http:\/\/www.facebook.com\/sharer.php?u=https:\/\/casa.oaxaca.gob.mx\/?p=17175&amp;t=Taller%20presencial.%20Hilos%20de%20Plata%3A%20Iniciaci%C3%B3n%20a%20la%20Filigrana%20Tradicional%20de%20Juchit%C3%A1n%2C%20Oaxaca.%20Imparte%3A%20C%C3%A1ndido%20Santiago.' aria-hidden='true' data-av_icon='\ue8f3' data-av_iconfont='entypo-fontello' title='' data-avia-related-tooltip='Share on Facebook'><span class='avia_hidden_link_text'>Share on Facebook<\/span><\/a><\/li><li class='av-share-link av-social-link-twitter' ><a target='_blank' href='https:\/\/twitter.com\/share?text=Taller%20presencial.%20Hilos%20de%20Plata%3A%20Iniciaci%C3%B3n%20a%20la%20Filigrana%20Tradicional%20de%20Juchit%C3%A1n%2C%20Oaxaca.%20Imparte%3A%20C%C3%A1ndido%20Santiago.&url=https:\/\/casa.oaxaca.gob.mx\/?p=17175' aria-hidden='true' data-av_icon='\ue8f1' data-av_iconfont='entypo-fontello' title='' data-avia-related-tooltip='Share on Twitter'><span class='avia_hidden_link_text'>Share on Twitter<\/span><\/a><\/li><li class='av-share-link av-social-link-gplus' ><a target='_blank' href='https:\/\/plus.google.com\/share?url=https:\/\/casa.oaxaca.gob.mx\/?p=17175' aria-hidden='true' data-av_icon='\ue8f6' data-av_iconfont='entypo-fontello' title='' data-avia-related-tooltip='Share on Google+'><span class='avia_hidden_link_text'>Share on Google+<\/span><\/a><\/li><li class='av-share-link av-social-link-pinterest' ><a target='_blank' href='http:\/\/pinterest.com\/pin\/create\/button\/?url=https%3A%2F%2Fcasa.oaxaca.gob.mx%2F%3Fp%3D17175&amp;description=Taller%20presencial.%20Hilos%20de%20Plata%3A%20Iniciaci%C3%B3n%20a%20la%20Filigrana%20Tradicional%20de%20Juchit%C3%A1n%2C%20Oaxaca.%20Imparte%3A%20C%C3%A1ndido%20Santiago.&amp;media=https%3A%2F%2Fcasa.oaxaca.gob.mx%2Fwp-content%2Fuploads%2F2025%2F08%2FHilos_de_plata_Iniciacion_Filigrana_tradicional_de_Juchitan_cerrada-705x484.jpg' aria-hidden='true' data-av_icon='\ue8f8' data-av_iconfont='entypo-fontello' title='' data-avia-related-tooltip='Share on Pinterest'><span class='avia_hidden_link_text'>Share on Pinterest<\/span><\/a><\/li><li class='av-share-link av-social-link-mail' ><a  href='mailto:?subject=Taller%20presencial.%20Hilos%20de%20Plata%3A%20Iniciaci%C3%B3n%20a%20la%20Filigrana%20Tradicional%20de%20Juchit%C3%A1n%2C%20Oaxaca.%20Imparte%3A%20C%C3%A1ndido%20Santiago.&amp;body=https:\/\/casa.oaxaca.gob.mx\/?p=17175' aria-hidden='true' data-av_icon='\ue805' data-av_iconfont='entypo-fontello' title='' data-avia-related-tooltip='Share by Mail'><span class='avia_hidden_link_text'>Share by Mail<\/span><\/a><\/li><\/ul><\/div><\/div><br \/>\n<div  class='hr hr-default '><span class='hr-inner ' ><span class='hr-inner-style'><\/span><\/span><\/div><br \/>\n<div style='padding-bottom:10px;font-size:30px;' class='av-special-heading av-special-heading-h3  blockquote modern-quote  av-inherit-size'><h3 class='av-special-heading-tag'  itemprop=\"headline\"  >Sobre el tallerista<\/h3><div class='special-heading-border'><div class='special-heading-inner-border' ><\/div><\/div><\/div><br \/>\n<div class='avia-data-table-wrap avia_responsive_table'><table class='avia-table avia-data-table avia-table-1  avia_pricing_default'  itemscope=\"itemscope\" itemtype=\"https:\/\/schema.org\/Table\" ><tbody><tr class='avia-heading-row'><th class=''>C\u00e1ndido Santiago<\/th><\/tr><tr class=''><td class=''>Originario de Juchit\u00e1n de Zaragoza, Oaxaca, C\u00e1ndido Santiago aprendi\u00f3 el arte de la filigrana desde los nueve a\u00f1os bajo la gu\u00eda de su padre y su t\u00edo Miguel Santiago S\u00e1nchez, uno de los joyeros tradicionales m\u00e1s conocidos. De origen zapoteca, C\u00e1ndido mont\u00f3 un peque\u00f1o taller en su propio hogar, donde cada d\u00eda da forma a sus joyas utilizando herramientas diminutas y un soplete. Desde entonces, han pasado 28 a\u00f1os de aprendizaje constante y dedicaci\u00f3n ininterrumpida a este oficio.<\/p>\n<p>Elabora desde aretes hasta modelos altamente sofisticados, en oro, plata y cobre, tanto piezas \u00fanicas como producciones en serie. Su mayor virtud es su capacidad para desarrollar dise\u00f1os complejos y detallados que suponen un verdadero reto t\u00e9cnico y creativo. Entre sus clientes se encuentran personas de todo M\u00e9xico, incluyendo al artista Francisco Toledo, su hija Natalia Toledo Paz y la familia Harp Hel\u00fa.<\/p>\n<p>Ha impartido talleres en el Centro de las Artes de San Agust\u00edn (CaSa). Adem\u00e1s, form\u00f3 parte de la primera edici\u00f3n del Programa de Filigrana Mexicana en Plata, y ha sido invitado a compartir sus conocimientos en distintos espacios, experiencia que disfruta profundamente porque anhela que la filigrana y la joyer\u00eda tradicional se conserven y se valoren.<\/p>\n<p>Entre sus sue\u00f1os est\u00e1 realizar una exposici\u00f3n individual donde sus dise\u00f1os puedan ser apreciados como lo que son: obras de arte que dan testimonio del talento, la historia y la resistencia cultural de un pueblo.<br \/>\n<\/td><\/tr><\/tbody><\/table><\/div><style type='text\/css'>.avia-table-1 td:nth-of-type(1):before { content: 'C\u00e1ndido Santiago'; } <\/style><\/p><\/div>\n<div class=\"flex_column av_three_fifth  flex_column_div av-zero-column-padding   \" style='border-radius:0px; '><p><div style='padding-bottom:10px;font-size:30px;' class='av-special-heading av-special-heading-h3  blockquote modern-quote   av-inherit-size'><h3 class='av-special-heading-tag'  itemprop=\"headline\"  >Acerca del taller<\/h3><div class='special-heading-border'><div class='special-heading-inner-border' ><\/div><\/div><\/div><br \/>\n<div class='avia-data-table-wrap avia_responsive_table'><table class='avia-table avia-data-table avia-table-2  avia_pricing_default'  itemscope=\"itemscope\" itemtype=\"https:\/\/schema.org\/Table\" ><tbody><tr class=''><td class=''>LISTA DE SELECCIONADOS<\/td><\/tr><tr class=''><td class=''>Soledad V\u00e1zquez Balderas<br \/>\nD\u00e9bora Enr\u00edquez S\u00e1nchez<br \/>\nFernando Neftal\u00ed Reyes L\u00f3pez<br \/>\nErick Jim\u00e9nez M\u00e9ndez<br \/>\nMar\u00eda Gabriela Delgado Issouribehere<br \/>\nLuis Noel Montes Corro Osorio<br \/>\nYesenia Yadira Salgado T\u00e9llez<br \/>\nKeren Daniela Garc\u00eda Castillo<br \/>\nAna Elizabeth Ram\u00edrez L\u00f3pez<br \/>\nAbel Augusto Arellano Mayoral<br \/>\nJoyce Aline Ju\u00e1rez Cruz<br \/>\nCoral Del Rosario Ju\u00e1rez Garnica<br \/>\nBettina Keil<br \/>\nV\u00edctor No\u00e9 L\u00f3pez Ramos<br \/>\nLola Holivier X<br \/>\nNallely S\u00e1nchez Rivas<br \/>\nXochitl Rivera Garfias<br \/>\nTomas Espinosa Blass <\/td><\/tr><\/tbody><\/table><\/div><style type='text\/css'><\/style><br \/>\n<div class='avia-data-table-wrap avia_responsive_table'><table class='avia-table avia-data-table avia-table-3  avia_pricing_default'  itemscope=\"itemscope\" itemtype=\"https:\/\/schema.org\/Table\" ><tbody><tr class='avia-heading-row'><th class=''>Descripci\u00f3n general<\/th><\/tr><tr class=''><td class=''>Taller de iniciaci\u00f3n: t\u00e9cnica tradicional en filigrana de Juchit\u00e1n, Oaxaca, una de las expresiones m\u00e1s delicadas y representativas de la orfebrer\u00eda mexicana. El taller ser\u00e1 guiado por el maestro C\u00e1ndido Santiago Esteva, portador de un legado artesanal transmitido de generaci\u00f3n en generaci\u00f3n.<\/p>\n<p>A trav\u00e9s de sesiones te\u00f3rico-pr\u00e1cticas, los participantes aprender\u00e1n desde el manejo b\u00e1sico de la plata hasta la elaboraci\u00f3n de piezas con t\u00e9cnicas fundamentales de la filigrana juchiteca. Este taller tiene como prop\u00f3sito la transmisi\u00f3n de conocimientos tradicionales, as\u00ed como el fortalecimiento de nuevas generaciones de creadores y creadoras interesados en la joyer\u00eda artesanal con identidad cultural.<br \/>\n<\/td><\/tr><tr class='avia-heading-row'><th class=''>Objetivo general<\/th><\/tr><tr class=''><td class=''>Capacitar al p\u00fablico interesado en la orfebrer\u00eda, enfoc\u00e1ndose en la filigrana mexicana mediante la ense\u00f1anza directa especializada en la t\u00e9cnica caracter\u00edstica de la tradici\u00f3n de Juchit\u00e1n, Oaxaca.<br \/>\n<\/td><\/tr><tr class='avia-heading-row'><th class=''>Objetivos espec\u00edficos<\/th><\/tr><tr class=''><td class=''>&#8211; Conocer los principios b\u00e1sicos de la elaboraci\u00f3n de joyer\u00eda mexicana.<br \/>\n&#8211; Elaborar joyer\u00eda de plata mediante la transformaci\u00f3n del metal en hilos.<br \/>\n&#8211; Conocer el proceso de la elaboraci\u00f3n de joyer\u00eda de filigrana con cinco t\u00e9cnicas tradicionales (ajardinado, engarzado, tejido, enrollado y repujado).<br \/>\n&#8211; Capacitar a personas sin conocimientos previos en la elaboraci\u00f3n de piezas de filigrana.<br \/>\n&#8211; Aprender la correcta utilizaci\u00f3n de materiales y herramientas en la elaboraci\u00f3n de filigrana juchiteca.<br \/>\n&#8211; Promover la continuidad y valoraci\u00f3n del patrimonio artesanal de Oaxaca.<br \/>\n<\/td><\/tr><tr class='avia-heading-row'><th class=''>Temas<\/th><\/tr><tr class=''><td class=''>D\u00eda 1: Introducci\u00f3n a la filigrana mexicana<br \/>\n&#8211; La filigrana de Juchit\u00e1n: contexto cultural y simbolog\u00eda<br \/>\n&#8211; Conociendo al maestro artesano: trayectoria de C\u00e1ndido Santiago Esteva<br \/>\n&#8211; Presentaci\u00f3n de herramientas b\u00e1sicas y materiales<br \/>\n&#8211; Normas de seguridad en el taller<\/p>\n<p>D\u00eda 2: T\u00e9cnicas fundamentales de la filigrana juchiteca (I)<br \/>\n&#8211; T\u00e9cnica del ajardinado: dise\u00f1o org\u00e1nico y floral<br \/>\n&#8211; T\u00e9cnica del engarzado: montaje de piedras, azabache y monedas<br \/>\n&#8211; Pr\u00e1ctica: elaboraci\u00f3n de piezas peque\u00f1as con ambas t\u00e9cnicas<\/p>\n<p>D\u00eda 3: T\u00e9cnicas fundamentales de la filigrana juchiteca (II)<br \/>\n&#8211; T\u00e9cnica del enrollado: espirales, rizos y curvas decorativas<br \/>\n&#8211; T\u00e9cnica del repujado y calado: efectos de relieve y perforaci\u00f3n<br \/>\n&#8211; T\u00e9cnica del tejido: entrelazado de hilos en malla<br \/>\n&#8211; Pr\u00e1ctica: elaboraci\u00f3n de pieza aplicando combinaciones<\/p>\n<p>D\u00eda 4: Dise\u00f1o, armado y acabados<br \/>\n&#8211; C\u00f3mo dise\u00f1ar una pieza de filigrana desde el boceto<br \/>\n&#8211; Ensamble de piezas y soldadura b\u00e1sica<br \/>\n&#8211; Limpieza, pulido y acabado profesional<br \/>\n&#8211; Pr\u00e1ctica: armado de una pieza personal (colgante, aretes o broche)<\/p>\n<p>D\u00eda 5: Cierre y muestra<br \/>\n&#8211; Revisi\u00f3n final de piezas elaboradas<br \/>\n&#8211; Montaje de una peque\u00f1a exposici\u00f3n de los trabajos del grupo<br \/>\n&#8211; Conversatorio de cierre con el maestro<br \/>\n&#8211; Entrega de constancias<\/td><\/tr><\/tbody><\/table><\/div><style type='text\/css'>.avia-table-3 td:nth-of-type(1):before { content: 'Descripci\u00f3n general'; } <\/style><br \/>\n<div style='padding-bottom:10px;font-size:30px;' class='av-special-heading av-special-heading-h3  blockquote modern-quote   av-inherit-size'><h3 class='av-special-heading-tag'  itemprop=\"headline\"  >Requisitos de inscripci\u00f3n<\/h3><div class='special-heading-border'><div class='special-heading-inner-border' ><\/div><\/div><\/div><br \/>\n<div class='avia-data-table-wrap avia_responsive_table'><table class='avia-table avia-data-table avia-table-4  avia_pricing_default'  itemscope=\"itemscope\" itemtype=\"https:\/\/schema.org\/Table\" ><tbody><tr class=''><td class=''>&#8211; Tener 18 a\u00f1os o m\u00e1s al momento de iniciar el taller.<br \/>\n&#8211; Inter\u00e9s genuino en aprender t\u00e9cnicas tradicionales de joyer\u00eda, especialmente la filigrana de Juchit\u00e1n, Oaxaca.<br \/>\n&#8211; Se requiere experiencia previa en orfebrer\u00eda y joyer\u00eda.<br \/>\n&#8211; Se valorar\u00e1 el compromiso con la preservaci\u00f3n de los oficios tradicionales y el respeto por los saberes artesanales.<br \/>\n&#8211; Disponibilidad completa para asistir a todas las sesiones del taller, de forma puntual y continua.<br \/>\n&#8211; Disposici\u00f3n para trabajar manualmente, con cuidado, paciencia y precisi\u00f3n.<br \/>\n&#8211; El taller est\u00e1 dirigido a j\u00f3venes y adultos, estudiantes de arte, dise\u00f1o, moda o personas dedicadas a la joyer\u00eda que deseen ampliar sus conocimientos t\u00e9cnicos y culturales.<br \/>\n<\/td><\/tr><tr class=''><td class=''>&#8211; Llenar el formulario de inscripci\u00f3n con todos los datos requeridos (disponible en esta misma p\u00e1gina).<br \/>\n&#8211; La lista de personas seleccionadas ser\u00e1 publicada en esta p\u00e1gina y tambi\u00e9n se notificar\u00e1 por correo electr\u00f3nico (\u00fanicamente a los seleccionados) con todos los detalles de la actividad.<br \/>\n&#8211; Actividad gratuita. La selecci\u00f3n de participantes ser\u00e1 realizada por los talleristas con base en los criterios antes mencionados.<br \/>\n<\/td><\/tr><\/tbody><\/table><\/div><style type='text\/css'><\/style><br \/>\n<div class='avia-data-table-wrap avia_responsive_table'><table class='avia-table avia-data-table avia-table-5  avia_pricing_default'  itemscope=\"itemscope\" itemtype=\"https:\/\/schema.org\/Table\" ><tbody><tr class='avia-heading-row'><th class=''>Material que se le solicitar\u00e1 al alumno(a)<\/th><\/tr><tr class=''><td class=''>&#8211; 1 Onza de plata<br \/>\n&#8211; Herramienta de filigrana<br \/>\n<\/td><\/tr><\/tbody><\/table><\/div><style type='text\/css'>.avia-table-5 td:nth-of-type(1):before { content: 'Material que se le solicitar\u00e1 al alumno(a)'; } <\/style><br \/>\n<div class='avia-data-table-wrap avia_responsive_table'><table class='avia-table avia-data-table avia-table-6  avia_pricing_default'  itemscope=\"itemscope\" itemtype=\"https:\/\/schema.org\/Table\" ><tbody><tr class='avia-heading-row'><th class=''>Criterios de selecci\u00f3n de alumnos<\/th><\/tr><tr class=''><td class=''>&#8211; Personas mayores de 18 a\u00f1os interesadas en aprender t\u00e9cnicas tradicionales de joyer\u00eda.<br \/>\n&#8211; Se requiere experiencia previa en orfebrer\u00eda.<br \/>\n&#8211; Se valorar\u00e1 el inter\u00e9s en la preservaci\u00f3n de oficios tradicionales.<br \/>\n&#8211; Disponibilidad para asistir a todas las sesiones del taller.<br \/>\n&#8211; Compromiso para trabajar de forma manual, con precisi\u00f3n y cuidado.<br \/>\n<\/td><\/tr><\/tbody><\/table><\/div><style type='text\/css'>.avia-table-6 td:nth-of-type(1):before { content: 'Criterios de selecci\u00f3n de alumnos'; } <\/style><br \/>\n<div class='avia-data-table-wrap avia_responsive_table'><table class='avia-table avia-data-table avia-table-7  avia_pricing_default'  itemscope=\"itemscope\" itemtype=\"https:\/\/schema.org\/Table\" ><tbody><tr class='avia-heading-row'><th class=''>Nota para los seleccionados<\/th><\/tr><tr class=''><td class=''>&#8211; Clases presenciales en S\u00f3tano del CaSa<br \/>\n&#8211; Se dejar\u00e1n ejercicios espec\u00edficos a cada estudiante, es fundamental realizarlos para continuar con la siguiente clase.<br \/>\n&#8211; Tener el compromiso y el tiempo para llevar a cabo el taller, ya que las inasistencias injustificadas ser\u00e1n motivo de suspensi\u00f3n y no podr\u00e1 ingresar a talleres futuros.<br \/>\n&#8211; Durante el taller nos estaremos comunicando por medio de mensajes en un grupo de WhatsApp, por ser una herramienta m\u00e1s r\u00e1pida para poder tener una mejor comunicaci\u00f3n con lo que respecta al taller.<br \/>\n<\/td><\/tr><\/tbody><\/table><\/div><style type='text\/css'>.avia-table-7 td:nth-of-type(1):before { content: 'Nota para los seleccionados'; } <\/style><br \/>\n<div id='av-masonry-1' class='av-masonry noHover av-fixed-size av-large-gap av-hover-overlay-active av-masonry-col-flexible av-caption-always av-caption-style- av-masonry-gallery  '  ><div class='av-masonry-container isotope av-js-disabled ' ><div class='av-masonry-entry isotope-item av-masonry-item-no-image '><\/div><a href=\"https:\/\/casa.oaxaca.gob.mx\/wp-content\/uploads\/2025\/08\/Hilos_de_plata_Iniciacion_Filigrana_tradicional_de_Juchitan_portada-1030x437.jpg\" id='av-masonry-1-item-17178' data-av-masonry-item='17178' class='av-masonry-entry isotope-item post-17178 attachment type-attachment status-inherit hentry  av-masonry-item-with-image' title=\"\"  itemprop=\"thumbnailUrl\" ><div class='av-inner-masonry-sizer'><\/div><figure class='av-inner-masonry main_color'><div class=\"av-masonry-outerimage-container\"><div class=\"av-masonry-image-container\" style=\"background-image: url(https:\/\/casa.oaxaca.gob.mx\/wp-content\/uploads\/2025\/08\/Hilos_de_plata_Iniciacion_Filigrana_tradicional_de_Juchitan_portada-705x299.jpg);\"><img decoding=\"async\" src=\"https:\/\/casa.oaxaca.gob.mx\/wp-content\/uploads\/2025\/08\/Hilos_de_plata_Iniciacion_Filigrana_tradicional_de_Juchitan_portada-705x299.jpg\" title=\"Hilos_de_plata_Iniciacion_Filigrana_tradicional_de_Juchitan_portada\" alt=\"\" \/><\/div><\/div><\/figure><\/a><!--end av-masonry entry--><a href=\"https:\/\/casa.oaxaca.gob.mx\/wp-content\/uploads\/2025\/08\/PiezaCandido_1-1030x687.png\" id='av-masonry-1-item-17179' data-av-masonry-item='17179' class='av-masonry-entry isotope-item post-17179 attachment type-attachment status-inherit hentry  av-masonry-item-with-image' title=\"\"  itemprop=\"thumbnailUrl\" ><div class='av-inner-masonry-sizer'><\/div><figure class='av-inner-masonry main_color'><div class=\"av-masonry-outerimage-container\"><div class=\"av-masonry-image-container\" style=\"background-image: url(https:\/\/casa.oaxaca.gob.mx\/wp-content\/uploads\/2025\/08\/PiezaCandido_1-705x470.png);\"><img decoding=\"async\" src=\"https:\/\/casa.oaxaca.gob.mx\/wp-content\/uploads\/2025\/08\/PiezaCandido_1-705x470.png\" title=\"PiezaC\u00e1ndido_1\" alt=\"\" \/><\/div><\/div><\/figure><\/a><!--end av-masonry entry--><\/div><\/div><\/p><\/div>\n","protected":false},"excerpt":{"rendered":"","protected":false},"author":1,"featured_media":17177,"comment_status":"open","ping_status":"open","sticky":false,"template":"","format":"standard","meta":{"_exactmetrics_skip_tracking":false,"_exactmetrics_sitenote_active":false,"_exactmetrics_sitenote_note":"","_exactmetrics_sitenote_category":0,"footnotes":""},"categories":[204],"tags":[],"class_list":["post-17175","post","type-post","status-publish","format-standard","has-post-thumbnail","hentry","category-204"],"_links":{"self":[{"href":"https:\/\/casa.oaxaca.gob.mx\/index.php?rest_route=\/wp\/v2\/posts\/17175","targetHints":{"allow":["GET"]}}],"collection":[{"href":"https:\/\/casa.oaxaca.gob.mx\/index.php?rest_route=\/wp\/v2\/posts"}],"about":[{"href":"https:\/\/casa.oaxaca.gob.mx\/index.php?rest_route=\/wp\/v2\/types\/post"}],"author":[{"embeddable":true,"href":"https:\/\/casa.oaxaca.gob.mx\/index.php?rest_route=\/wp\/v2\/users\/1"}],"replies":[{"embeddable":true,"href":"https:\/\/casa.oaxaca.gob.mx\/index.php?rest_route=%2Fwp%2Fv2%2Fcomments&post=17175"}],"version-history":[{"count":3,"href":"https:\/\/casa.oaxaca.gob.mx\/index.php?rest_route=\/wp\/v2\/posts\/17175\/revisions"}],"predecessor-version":[{"id":17463,"href":"https:\/\/casa.oaxaca.gob.mx\/index.php?rest_route=\/wp\/v2\/posts\/17175\/revisions\/17463"}],"wp:featuredmedia":[{"embeddable":true,"href":"https:\/\/casa.oaxaca.gob.mx\/index.php?rest_route=\/wp\/v2\/media\/17177"}],"wp:attachment":[{"href":"https:\/\/casa.oaxaca.gob.mx\/index.php?rest_route=%2Fwp%2Fv2%2Fmedia&parent=17175"}],"wp:term":[{"taxonomy":"category","embeddable":true,"href":"https:\/\/casa.oaxaca.gob.mx\/index.php?rest_route=%2Fwp%2Fv2%2Fcategories&post=17175"},{"taxonomy":"post_tag","embeddable":true,"href":"https:\/\/casa.oaxaca.gob.mx\/index.php?rest_route=%2Fwp%2Fv2%2Ftags&post=17175"}],"curies":[{"name":"wp","href":"https:\/\/api.w.org\/{rel}","templated":true}]}}