{"id":17194,"date":"2025-08-14T15:31:04","date_gmt":"2025-08-14T21:31:04","guid":{"rendered":"https:\/\/casa.oaxaca.gob.mx\/?p=17194"},"modified":"2026-01-22T13:50:02","modified_gmt":"2026-01-22T19:50:02","slug":"taller-presencial-imagenes-imaginadas-imparte-ariadna-rojas","status":"publish","type":"post","link":"https:\/\/casa.oaxaca.gob.mx\/?p=17194","title":{"rendered":"Taller presencial. Im\u00e1genes imaginadas. Imparte: Ariadna Rojas."},"content":{"rendered":"<\/div><\/div><\/div><!-- close content main div --><\/div><\/div><div id='av_section_1' class='avia-section main_color avia-section-no-padding avia-no-border-styling avia-full-stretch av-parallax-section avia-bg-style-parallax  av-minimum-height av-minimum-height-75 container_wrap fullsize' style = 'background-color: #0a0a0a; ' data-section-bg-repeat='stretch' ><div class='av-parallax' data-avia-parallax-ratio='0.3' ><div class='av-parallax-inner main_color  avia-full-stretch' style = 'background-color: #0a0a0a; background-repeat: no-repeat; background-image: url(https:\/\/casa.oaxaca.gob.mx\/wp-content\/uploads\/2025\/08\/Imagenes-imaginadas_portada-scaled.jpg); background-attachment: scroll; background-position: bottom center; ' ><\/div><\/div><div class='container' ><div class='template-page content  av-content-full alpha units'><div class='post-entry post-entry-type-page post-entry-17194'><div class='entry-content-wrapper clearfix'>\n<div style='padding-bottom:10px;color:#ffffff;font-size:50px;' class='av-special-heading av-special-heading-h3 custom-color-heading blockquote modern-quote  av-inherit-size'><h3 class='av-special-heading-tag'  itemprop=\"headline\"  >Taller presencial. Im\u00e1genes imaginadas.<\/h3><div class ='av-subheading av-subheading_below av_custom_color' style='font-size:25px;'><p>Imparte: Ariadna Rojas.<\/p>\n<\/div><div class='special-heading-border'><div class='special-heading-inner-border' style='border-color:#ffffff'><\/div><\/div><\/div>\n<\/div><\/div><\/div><!-- close content main div --><\/div><\/div><div id='av-layout-grid-1' class='av-layout-grid-container entry-content-wrapper main_color av-flex-cells  container_wrap fullsize'   >\n<div class=\"flex_cell no_margin av_one_full   \" style='vertical-align:top; padding:30px; background-color:#ED9600; '><div class='flex_cell_inner' ><p><div class=\"flex_column av_one_fourth  flex_column_div av-zero-column-padding first  \" style='border-radius:0px; '><div style='padding-bottom:10px;color:#ffffff;' class='av-special-heading av-special-heading-h3 custom-color-heading blockquote modern-quote '><h3 class='av-special-heading-tag'  itemprop=\"headline\"  >Cierre de inscripciones<\/h3><div class ='av-subheading av-subheading_below av_custom_color' style='font-size:20px;'><p>Domingo 7 de septiembre de 2025<\/p>\n<p>Publicaci\u00f3n de resultados<br \/>\nMi\u00e9rcoles 10 de septiembre de 2025<\/p>\n<\/div><div class='special-heading-border'><div class='special-heading-inner-border' style='border-color:#ffffff'><\/div><\/div><\/div><\/div><div class=\"flex_column av_one_fourth  flex_column_div av-zero-column-padding   \" style='border-radius:0px; '><div style='padding-bottom:10px;color:#ffffff;' class='av-special-heading av-special-heading-h3 custom-color-heading blockquote modern-quote '><h3 class='av-special-heading-tag'  itemprop=\"headline\"  >Fechas<\/h3><div class ='av-subheading av-subheading_below av_custom_color' style='font-size:20px;'><p>S\u00e1bado y domingo<br \/>\nDel 14 al 28 de septiembre de 2025<\/p>\n<\/div><div class='special-heading-border'><div class='special-heading-inner-border' style='border-color:#ffffff'><\/div><\/div><\/div><\/div><div class=\"flex_column av_one_fourth  flex_column_div av-zero-column-padding   \" style='border-radius:0px; '><div style='padding-bottom:10px;color:#ffffff;' class='av-special-heading av-special-heading-h3 custom-color-heading blockquote modern-quote '><h3 class='av-special-heading-tag'  itemprop=\"headline\"  >Horario<\/h3><div class ='av-subheading av-subheading_below av_custom_color' style='font-size:20px;'><p>De 10 a 14 horas<\/p>\n<\/div><div class='special-heading-border'><div class='special-heading-inner-border' style='border-color:#ffffff'><\/div><\/div><\/div><\/div><div class=\"flex_column av_one_fourth  flex_column_div av-zero-column-padding   \" style='border-radius:0px; '><section class=\"avia_codeblock_section avia_code_block_0\"  itemscope=\"itemscope\" itemtype=\"https:\/\/schema.org\/BlogPosting\" itemprop=\"blogPost\" ><div class='avia_codeblock '  itemprop=\"text\" > [avia_codeblock_placeholder uid=\"0\"] <\/div><\/section><\/div><\/p>\n<\/div><\/div><\/div><div class=\"flex_column av_two_fifth  flex_column_div av-zero-column-padding first  \" style='border-radius:0px; '><p><div class='av-social-sharing-box '><div class='av-share-box'><h5 class='av-share-link-description'>Compartir esta actividad<\/h5><ul class='av-share-box-list noLightbox'><li class='av-share-link av-social-link-facebook' ><a target='_blank' href='http:\/\/www.facebook.com\/sharer.php?u=https:\/\/casa.oaxaca.gob.mx\/?p=17194&amp;t=Taller%20presencial.%20Im%C3%A1genes%20imaginadas.%20Imparte%3A%20Ariadna%20Rojas.' aria-hidden='true' data-av_icon='\ue8f3' data-av_iconfont='entypo-fontello' title='' data-avia-related-tooltip='Share on Facebook'><span class='avia_hidden_link_text'>Share on Facebook<\/span><\/a><\/li><li class='av-share-link av-social-link-twitter' ><a target='_blank' href='https:\/\/twitter.com\/share?text=Taller%20presencial.%20Im%C3%A1genes%20imaginadas.%20Imparte%3A%20Ariadna%20Rojas.&url=https:\/\/casa.oaxaca.gob.mx\/?p=17194' aria-hidden='true' data-av_icon='\ue8f1' data-av_iconfont='entypo-fontello' title='' data-avia-related-tooltip='Share on Twitter'><span class='avia_hidden_link_text'>Share on Twitter<\/span><\/a><\/li><li class='av-share-link av-social-link-gplus' ><a target='_blank' href='https:\/\/plus.google.com\/share?url=https:\/\/casa.oaxaca.gob.mx\/?p=17194' aria-hidden='true' data-av_icon='\ue8f6' data-av_iconfont='entypo-fontello' title='' data-avia-related-tooltip='Share on Google+'><span class='avia_hidden_link_text'>Share on Google+<\/span><\/a><\/li><li class='av-share-link av-social-link-pinterest' ><a target='_blank' href='http:\/\/pinterest.com\/pin\/create\/button\/?url=https%3A%2F%2Fcasa.oaxaca.gob.mx%2F%3Fp%3D17194&amp;description=Taller%20presencial.%20Im%C3%A1genes%20imaginadas.%20Imparte%3A%20Ariadna%20Rojas.&amp;media=https%3A%2F%2Fcasa.oaxaca.gob.mx%2Fwp-content%2Fuploads%2F2025%2F08%2FImagenes-imaginadas_cerrada-705x484.jpg' aria-hidden='true' data-av_icon='\ue8f8' data-av_iconfont='entypo-fontello' title='' data-avia-related-tooltip='Share on Pinterest'><span class='avia_hidden_link_text'>Share on Pinterest<\/span><\/a><\/li><li class='av-share-link av-social-link-mail' ><a  href='mailto:?subject=Taller%20presencial.%20Im%C3%A1genes%20imaginadas.%20Imparte%3A%20Ariadna%20Rojas.&amp;body=https:\/\/casa.oaxaca.gob.mx\/?p=17194' aria-hidden='true' data-av_icon='\ue805' data-av_iconfont='entypo-fontello' title='' data-avia-related-tooltip='Share by Mail'><span class='avia_hidden_link_text'>Share by Mail<\/span><\/a><\/li><\/ul><\/div><\/div><br \/>\n<div  class='hr hr-default '><span class='hr-inner ' ><span class='hr-inner-style'><\/span><\/span><\/div><br \/>\n<div style='padding-bottom:10px;font-size:30px;' class='av-special-heading av-special-heading-h3  blockquote modern-quote   av-inherit-size'><h3 class='av-special-heading-tag'  itemprop=\"headline\"  >Sobre la tallerista<\/h3><div class='special-heading-border'><div class='special-heading-inner-border' ><\/div><\/div><\/div><br \/>\n<div class='avia-data-table-wrap avia_responsive_table'><table class='avia-table avia-data-table avia-table-1  avia_pricing_default'  itemscope=\"itemscope\" itemtype=\"https:\/\/schema.org\/Table\" ><tbody><tr class='avia-heading-row'><th class=''>Ariadna Rojas Alc\u00e1ntara<\/th><\/tr><tr class=''><td class=''>Fot\u00f3grafa independiente. Estudio en la Escuela Activa de Fotograf\u00eda. Curso el seminario de fotograf\u00eda contempor\u00e1nea impartido en el Centro de las Arte de San Agust\u00edn Etla, (CaSa), bajo la coordinaci\u00f3n del Centro de la Imagen, el \u201cDiplomado en artes visuales\u201d igualmente impartido en el Casa, ha sido beneficiaria de las becas otorgadas por la SECULTA. Fue parte del Programa de Fotograf\u00eda Contempor\u00e1nea impartido en el Centro de las Artes de Pachuca. Form\u00f3 parte de la selecci\u00f3n de la primera bienal de fotograf\u00eda en Oaxaca \u201cFOTOAX\u201d, seleccionada en el Festival internacional \u201cParaty em Foco\u201d as\u00ed como en la publicaci\u00f3n LAT photo magazine en su n\u00famero dedicado a la familia. Ha formado parte de exposiciones y publicaciones colectivas en la CDMX, Oaxaca, Pachuca, Guanajuato.<\/p>\n<p>En 2022 tuvo su primera exposici\u00f3n individual \u201cTerraria, paisajes de lo \u00edntimo\u201d en la Casa de la Cultura Oaxaque\u00f1a y en 2025 su segunda exposici\u00f3n individual \u201cEres bueno, invocaciones visuales\u201d en el Centro Fotogr\u00e1fico Manuel \u00c1lvarez Bravo\u201d.<\/p>\n<p>Desde 2013 se ha desempe\u00f1ado laboralmente impartiendo clases en la materia de fotograf\u00eda en universidades, as\u00ed como en el Centro Fotogr\u00e1fico Manuel \u00c1lvarez Bravo, ha sido tallerista en preparatorias dentro de la ciudad, as\u00ed como en colonias de la periferia y en comunidades rurales.<br \/>\n<\/td><\/tr><\/tbody><\/table><\/div><style type='text\/css'>.avia-table-1 td:nth-of-type(1):before { content: 'Ariadna Rojas Alc\u00e1ntara'; } <\/style><\/p><\/div><div class=\"flex_column av_three_fifth  flex_column_div av-zero-column-padding   \" style='border-radius:0px; '><p><div style='padding-bottom:10px;font-size:30px;' class='av-special-heading av-special-heading-h3  blockquote modern-quote   av-inherit-size'><h3 class='av-special-heading-tag'  itemprop=\"headline\"  >Acerca del taller<\/h3><div class='special-heading-border'><div class='special-heading-inner-border' ><\/div><\/div><\/div><br \/>\n<div class='avia-data-table-wrap avia_responsive_table'><table class='avia-table avia-data-table avia-table-2  avia_pricing_default'  itemscope=\"itemscope\" itemtype=\"https:\/\/schema.org\/Table\" ><tbody><tr class=''><td class=''>Taller dirigido a ni\u00f1as, ni\u00f1os y adolescentes de 6 a 13 a\u00f1os<\/td><\/tr><tr class=''><td class=''>Taller para infancias, explora la fotograf\u00eda con diversi\u00f3n y creatividad.<br \/>\n<\/td><\/tr><\/tbody><\/table><\/div><style type='text\/css'><\/style><br \/>\n<div class='avia-data-table-wrap avia_responsive_table'><table class='avia-table avia-data-table avia-table-3  avia_pricing_default'  itemscope=\"itemscope\" itemtype=\"https:\/\/schema.org\/Table\" ><tbody><tr class='avia-heading-row'><th class=''>Descripci\u00f3n general<\/th><\/tr><tr class=''><td class=''>Este taller invita a ni\u00f1as y ni\u00f1os a explorar la fotograf\u00eda como una forma de juego, creaci\u00f3n y descubrimiento. A trav\u00e9s de actividades pr\u00e1cticas, l\u00fadicas y ejercicios sensoriales, los participantes aprender\u00e1n a observar el entorno con una mirada curiosa y a capturar im\u00e1genes desde su propia perspectiva.<\/p>\n<p>Usaremos la fotograf\u00eda digital, aplicaremos t\u00e9cnicas fotogr\u00e1ficas experimentales como intervenci\u00f3n de fotograf\u00edas con bordado, collage, estampado de fotograf\u00edas con t\u00e9cnicas alternativas. Usaremos la luz, las sombras, el color y la composici\u00f3n para crear nuevas narrativas visuales.<\/p>\n<p>El taller fomenta la expresi\u00f3n personal, la observaci\u00f3n activa y el trabajo colectivo. Al finalizar, se realizar\u00e1 una peque\u00f1a muestra abierta al p\u00fablico con las im\u00e1genes producidas durante el taller.<br \/>\n<\/td><\/tr><tr class='avia-heading-row'><th class=''>Objetivo general<\/th><\/tr><tr class=''><td class=''>Fomentar en ni\u00f1as y ni\u00f1os la exploraci\u00f3n de la fotograf\u00eda como una herramienta l\u00fadica y expresiva mediante actividades creativas y experimentales que estimulen su imaginaci\u00f3n, observaci\u00f3n del entorno y capacidad para construir narrativas visuales propias.<\/td><\/tr><tr class='avia-heading-row'><th class=''>Objetivos espec\u00edficos<\/th><\/tr><tr class=''><td class=''>&#8211; Desarrollar habilidades b\u00e1sicas en fotograf\u00eda digital a trav\u00e9s de ejercicios pr\u00e1cticos que promuevan la observaci\u00f3n activa y la composici\u00f3n visual.<br \/>\n&#8211; Explorar t\u00e9cnicas experimentales como el bordado, collage y estampado para intervenir im\u00e1genes y expandir su potencial creativo.<br \/>\n&#8211; Incentivar la participaci\u00f3n colectiva y la expresi\u00f3n personal mediante din\u00e1micas grupales y la presentaci\u00f3n p\u00fablica del trabajo realizado.<br \/>\n<\/td><\/tr><tr class='avia-heading-row'><th class=''>Temas<\/th><\/tr><tr class=''><td class=''>1. \u00bfHay c\u00e1maras de cart\u00f3n?: explicaci\u00f3n y realizaci\u00f3n de una c\u00e1mara oscura<br \/>\n2. \u00bfQu\u00e9 es una c\u00e1mara? \u00bfpara qu\u00e9 sirve una fotograf\u00eda?<br \/>\n3. Fotos feas: composici\u00f3n fotogr\u00e1fica, tipos de encuadres, \u00e1ngulos y regla de tercios.<br \/>\n4. T\u00fa tomas una foto, yo tomo una foto: ejercicios de retrato y autorretrato.<br \/>\n5. Experimentos con luz y naturaleza: Juegos de impresi\u00f3n de fotograf\u00edas con ingredientes naturales como c\u00farcuma.<br \/>\n6. Collage fotogr\u00e1fico: con distintas t\u00e9cnicas como el bordado, cortando y pegando vamos a intervenir nuestras fotograf\u00edas para narrar nuevas historias.<br \/>\n7. Fotorelatos: contar una historia con las fotograf\u00edas que las infancias tomen.<br \/>\n8. Pintado con luz: ejercicio para aprender el uso del diafragma y la velocidad en la c\u00e1mara.<br \/>\n<\/td><\/tr><\/tbody><\/table><\/div><style type='text\/css'>.avia-table-3 td:nth-of-type(1):before { content: 'Descripci\u00f3n general'; } <\/style><br \/>\n<div style='padding-bottom:10px;font-size:30px;' class='av-special-heading av-special-heading-h3  blockquote modern-quote   av-inherit-size'><h3 class='av-special-heading-tag'  itemprop=\"headline\"  >Requisitos de inscripci\u00f3n<\/h3><div class='special-heading-border'><div class='special-heading-inner-border' ><\/div><\/div><\/div><br \/>\n<div class='avia-data-table-wrap avia_responsive_table'><table class='avia-table avia-data-table avia-table-4  avia_pricing_default'  itemscope=\"itemscope\" itemtype=\"https:\/\/schema.org\/Table\" ><tbody><tr class=''><td class=''>PARA NI\u00d1OS, NI\u00d1AS Y ADOLESCENTES DE 6 A 13 A\u00d1OS<br \/>\n&#8211; Llevar el material para cada una de las clases.<\/td><\/tr><tr class=''><td class=''>&#8211; Llenar el formulario de inscripci\u00f3n con todos los datos requeridos (disponible en esta misma p\u00e1gina).<br \/>\n&#8211; La lista de personas seleccionadas ser\u00e1 publicada en esta p\u00e1gina y tambi\u00e9n se notificar\u00e1 por correo electr\u00f3nico (\u00fanicamente a los seleccionados) con todos los detalles de la actividad.<br \/>\n&#8211; Actividad gratuita. La selecci\u00f3n de participantes ser\u00e1 realizada por los talleristas con base en los criterios antes mencionados.<br \/>\n<\/td><\/tr><\/tbody><\/table><\/div><style type='text\/css'><\/style><br \/>\n<div class='avia-data-table-wrap avia_responsive_table'><table class='avia-table avia-data-table avia-table-5  avia_pricing_default'  itemscope=\"itemscope\" itemtype=\"https:\/\/schema.org\/Table\" ><tbody><tr class='avia-heading-row'><th class=''>Material que se le solicitar\u00e1 al alumno(a)<\/th><\/tr><tr class=''><td class=''>&#8211; Bote de avena o de papas pringles<br \/>\n&#8211; Recortes del gusto del ni\u00f1o o ni\u00f1a<br \/>\n&#8211; Tela negra<br \/>\n&#8211; L\u00e1mparas de mano u objetos que iluminen<br \/>\n&#8211; Manta<br \/>\n&#8211; Espejo peque\u00f1o<br \/>\n&#8211; Celulares de preferencia sin datos<br \/>\n&#8211; Albanene (4 hojas)<br \/>\n<\/td><\/tr><\/tbody><\/table><\/div><style type='text\/css'>.avia-table-5 td:nth-of-type(1):before { content: 'Material que se le solicitar\u00e1 al alumno(a)'; } <\/style><br \/>\n<div class='avia-data-table-wrap avia_responsive_table'><table class='avia-table avia-data-table avia-table-6  avia_pricing_default'  itemscope=\"itemscope\" itemtype=\"https:\/\/schema.org\/Table\" ><tbody><tr class='avia-heading-row'><th class=''>Criterios de selecci\u00f3n de alumnos<\/th><\/tr><tr class=''><td class=''>&#8211; Cumplir con la edad de 6 a 13 a\u00f1os<br \/>\n&#8211; Se le dar\u00e1 prioridad a quienes vivan en San Agust\u00edn o alrededores de Etla.<br \/>\n<\/td><\/tr><\/tbody><\/table><\/div><style type='text\/css'>.avia-table-6 td:nth-of-type(1):before { content: 'Criterios de selecci\u00f3n de alumnos'; } <\/style><br \/>\n<div class='avia-data-table-wrap avia_responsive_table'><table class='avia-table avia-data-table avia-table-7  avia_pricing_default'  itemscope=\"itemscope\" itemtype=\"https:\/\/schema.org\/Table\" ><tbody><tr class='avia-heading-row'><th class=''>Nota para los seleccionados<\/th><\/tr><tr class=''><td class=''>&#8211; Clases presenciales en el CaSa<br \/>\n&#8211; Se dejar\u00e1n ejercicios espec\u00edficos a cada estudiante, es fundamental realizarlos para continuar con la siguiente clase.<br \/>\n&#8211; Tener el compromiso y el tiempo para llevar a cabo el taller, ya que las inasistencias injustificadas ser\u00e1n motivo de suspensi\u00f3n y no podr\u00e1 ingresar a talleres futuros.<br \/>\n&#8211; Durante el taller nos estaremos comunicando por medio de mensajes en un grupo de WhatsApp, por ser una herramienta m\u00e1s r\u00e1pida para poder tener una mejor comunicaci\u00f3n con lo que respecta al taller.<\/p>\n<p><\/td><\/tr><\/tbody><\/table><\/div><style type='text\/css'>.avia-table-7 td:nth-of-type(1):before { content: 'Nota para los seleccionados'; } <\/style><br \/>\n<div id='av-masonry-1' class='av-masonry noHover av-fixed-size av-large-gap av-hover-overlay-active av-masonry-col-flexible av-caption-always av-caption-style- av-masonry-gallery  '  ><div class='av-masonry-container isotope av-js-disabled ' ><div class='av-masonry-entry isotope-item av-masonry-item-no-image '><\/div><a href=\"https:\/\/casa.oaxaca.gob.mx\/wp-content\/uploads\/2025\/08\/Imagenes-imaginadas_portada-1030x437.jpg\" id='av-masonry-1-item-17197' data-av-masonry-item='17197' class='av-masonry-entry isotope-item post-17197 attachment type-attachment status-inherit hentry  av-masonry-item-with-image' title=\"\"  itemprop=\"thumbnailUrl\" ><div class='av-inner-masonry-sizer'><\/div><figure class='av-inner-masonry main_color'><div class=\"av-masonry-outerimage-container\"><div class=\"av-masonry-image-container\" style=\"background-image: url(https:\/\/casa.oaxaca.gob.mx\/wp-content\/uploads\/2025\/08\/Imagenes-imaginadas_portada-705x299.jpg);\"><img decoding=\"async\" src=\"https:\/\/casa.oaxaca.gob.mx\/wp-content\/uploads\/2025\/08\/Imagenes-imaginadas_portada-705x299.jpg\" title=\"Imagenes-imaginadas_portada\" alt=\"\" \/><\/div><\/div><\/figure><\/a><!--end av-masonry entry--><\/div><\/div><\/p><\/div><\/p>\n","protected":false},"excerpt":{"rendered":"","protected":false},"author":1,"featured_media":17196,"comment_status":"open","ping_status":"open","sticky":false,"template":"","format":"standard","meta":{"_exactmetrics_skip_tracking":false,"_exactmetrics_sitenote_active":false,"_exactmetrics_sitenote_note":"","_exactmetrics_sitenote_category":0,"footnotes":""},"categories":[204],"tags":[],"class_list":["post-17194","post","type-post","status-publish","format-standard","has-post-thumbnail","hentry","category-204"],"_links":{"self":[{"href":"https:\/\/casa.oaxaca.gob.mx\/index.php?rest_route=\/wp\/v2\/posts\/17194","targetHints":{"allow":["GET"]}}],"collection":[{"href":"https:\/\/casa.oaxaca.gob.mx\/index.php?rest_route=\/wp\/v2\/posts"}],"about":[{"href":"https:\/\/casa.oaxaca.gob.mx\/index.php?rest_route=\/wp\/v2\/types\/post"}],"author":[{"embeddable":true,"href":"https:\/\/casa.oaxaca.gob.mx\/index.php?rest_route=\/wp\/v2\/users\/1"}],"replies":[{"embeddable":true,"href":"https:\/\/casa.oaxaca.gob.mx\/index.php?rest_route=%2Fwp%2Fv2%2Fcomments&post=17194"}],"version-history":[{"count":2,"href":"https:\/\/casa.oaxaca.gob.mx\/index.php?rest_route=\/wp\/v2\/posts\/17194\/revisions"}],"predecessor-version":[{"id":18066,"href":"https:\/\/casa.oaxaca.gob.mx\/index.php?rest_route=\/wp\/v2\/posts\/17194\/revisions\/18066"}],"wp:featuredmedia":[{"embeddable":true,"href":"https:\/\/casa.oaxaca.gob.mx\/index.php?rest_route=\/wp\/v2\/media\/17196"}],"wp:attachment":[{"href":"https:\/\/casa.oaxaca.gob.mx\/index.php?rest_route=%2Fwp%2Fv2%2Fmedia&parent=17194"}],"wp:term":[{"taxonomy":"category","embeddable":true,"href":"https:\/\/casa.oaxaca.gob.mx\/index.php?rest_route=%2Fwp%2Fv2%2Fcategories&post=17194"},{"taxonomy":"post_tag","embeddable":true,"href":"https:\/\/casa.oaxaca.gob.mx\/index.php?rest_route=%2Fwp%2Fv2%2Ftags&post=17194"}],"curies":[{"name":"wp","href":"https:\/\/api.w.org\/{rel}","templated":true}]}}